{"id":10442,"date":"2022-01-10T10:56:22","date_gmt":"2022-01-10T09:56:22","guid":{"rendered":"https:\/\/www.diocesitn.it\/area-testimonianza\/?p=10442"},"modified":"2022-01-26T15:33:10","modified_gmt":"2022-01-26T14:33:10","slug":"settimana-di-preghiera-per-lunita-dei-cristiani-2","status":"publish","type":"post","link":"https:\/\/www.diocesitn.it\/area-testimonianza\/2022\/01\/10\/settimana-di-preghiera-per-lunita-dei-cristiani-2\/","title":{"rendered":"Settimana di preghiera per l&#8217;unit\u00e0 dei Cristiani"},"content":{"rendered":"<p><em>&#8220;In oriente abbiamo visto apparire la sua stella e siamo venuti qui per adorarlo&#8221;<\/em> (Mt 2,2)<\/p>\n<p>Ritorna la<strong>\u00a0Settimana di preghiera per l\u2019unit\u00e0 dei cristiani 2022<\/strong>, dal 18 al 25 gennaio, ad un anno dall&#8217;apertura del canale ecumenico YouTube delle Chiese Cristiane in Trentino.<\/p>\n<p>Queste le proposte e gli strumenti offerti dalla diocesi di Trento, attraverso l\u2019Area Testimonianza e Impegno sociale e l\u2019Area Annuncio e Sacramenti:<\/p>\n<ul>\n<li><strong> Celebrazione ecumenica della Parola di Dio<\/strong>, nella Basilica dei Martiri a Sanzeno, domenica 23 gennaio alle 17.30. La <strong>celebrazione sar\u00e0 trasmessa in diretta streaming sul sito diocesano e su Telepace Trento canale 601<\/strong>.<\/li>\n<\/ul>\n<p>Il nostro di \u201cun video al giorno\u201d per la Settimana di preghiera per l\u2019unit\u00e0 dei cristiani si trova costretto a rivedere la sua scaletta, a causa della pandemia: i video verranno pubblicati sul <strong><a href=\"https:\/\/www.youtube.com\/channel\/UCveugGW-CuEDcOlBNyV_Gzw\">canale YouTube <em>Chiese Cristiane Trento<\/em><\/a><\/strong> <strong>a partire da venerd\u00ec 21 gennaio<\/strong> (e non da marted\u00ec 18, come inizialmente previsto).<br \/>\nA tal proposito, si condivide la seguente preghiera, che si rif\u00e0 al tema scelto per l\u2019edizione 2022 della Settimana.<\/p>\n<h5><strong>Preghiera per la Settimana dell\u2019unit\u00e0 2022<\/strong><\/h5>\n<p style=\"text-align: right\"><em>\u00abIn Oriente abbiamo visto apparire la sua stella <\/em><em>e siamo venuti qui per onorarlo\u00bb (Mt 2,2) <\/em><\/p>\n<p>&nbsp;<\/p>\n<p>Signore, noi non sappiamo se i Magi alla partenza dall\u2019Oriente fossero tre,<br \/>\nn\u00e9 se altri si siano aggiunti in cammino.<br \/>\nSappiamo per\u00f2 che da subito si sono mossi come un cuore e un\u2019anima sola.<br \/>\nPossano le nostre chiese e le nostre comunit\u00e0 convergere unanimi<br \/>\nverso l\u2019unico Signore delle nostre vite.<\/p>\n<p>Signore, noi non sappiamo chi dei Magi ha visto per primo la stella,<br \/>\nsappiamo che insieme l\u2019hanno seguita, insieme sono giunti a Gerusalemme<br \/>\ne insieme hanno adorato il Dio fattosi uomo.<br \/>\nPossano le nostre chiese dimenticare chi \u00e8 primo tra i discepoli del Signore<br \/>\ne insieme giungere alla pace e all\u2019adorazione del mistero dell\u2019incarnazione.<\/p>\n<p>Signore, noi non sappiamo chi fosse la guida di quella carovana,<br \/>\nn\u00e9 se ci sia stata un\u2019alternanza di capi-carovana.<br \/>\nSappiamo per\u00f2 che la carovana \u00e8 giunta insieme a Gerusalemme<br \/>\ne insieme si \u00e8 diretta fino a Betlemme.<br \/>\nPossano le nostre chiese essere docili ai loro pastori<br \/>\ne, assieme a loro, essere ancor pi\u00f9 docili al Pastore dei pastori.<\/p>\n<p>Signore, il vangelo ci parla anche di un Divisore,<br \/>\nche cerca di insinuare la divisione e il sospetto nel gruppo in cammino.<br \/>\nPossano le nostre chiese testimoniare che Colui che ci unisce, il Cristo,<br \/>\n\u00e8 pi\u00f9 grande e pi\u00f9 forte di colui che ci divide.<\/p>\n<p>Signore non sappiamo di quale dei Magi fossero i doni.<br \/>\nSappiamo che insieme aprirono gli scrigni del loro cuore<br \/>\ne con il cuore offrirono l\u2019oro, l\u2019incenso e la mirra.<br \/>\nPossano le nostre chiese offrirti il dono dell\u2019unit\u00e0 che discende da te,<br \/>\ndono reso prezioso come l\u2019oro, profumato come l\u2019incenso, glorioso come la mirra.<\/p>\n<p>Signore, noi non sappiamo chi dei Magi ebbe il sogno di non ritornare dal Divisore.<br \/>\nSappiamo per\u00f2 che insieme tornarono al loro paese per un\u2019altra via,<br \/>\n<span style=\"font-size: inherit\">quella che non passa pi\u00f9 dal Divisore.<br \/>\n<\/span>Possano le nostre chiese intraprendere quella via,<br \/>\n<span style=\"font-size: inherit\">la sola che pu\u00f2 farci ritrovare il \u201cnostro paese\u201d,<br \/>\n<\/span>il paese della comunione che il Signore ci ha chiamato a vivere<br \/>\ne attraverso la quale ci condurr\u00e0 alla vita piena.<\/p>\n<p>Amen.<\/p>\n","protected":false},"excerpt":{"rendered":"<p>&#8220;In oriente abbiamo visto apparire la sua stella e siamo venuti qui per adorarlo&#8221; (Mt 2,2) Ritorna la\u00a0Settimana di preghiera per l\u2019unit\u00e0 dei cristiani 2022, dal 18 al 25 gennaio, ad un anno dall&#8217;apertura del<\/p>\n","protected":false},"author":4,"featured_media":10561,"comment_status":"closed","ping_status":"closed","sticky":false,"template":"","format":"standard","meta":{"footnotes":""},"categories":[1130,1074],"tags":[1776],"class_list":["post-10442","post","type-post","status-publish","format-standard","has-post-thumbnail","hentry","category-servizio-ecumenismo-e-dialogo","category-notizie","tag-settimana-di-preghiera-per-lunita-dei-cristiani"],"acf":{"seed-localization-paese-cod":"IT","seed-localization-address":"","seed-localization-citta":"Trento","seed-localization-regione-cod-istat":"04","seed-localization-citta-cod-istat":"022205","seed-localization-localita":"","seed-localization-cap":"","seed-localization-marker-visibility":false,"seed-localization-children-visibility":false,"seed-localization-kml":"","seed-localization-custom-marker":""},"yoast_head":"<!-- This site is optimized with the Yoast SEO Premium plugin v20.2.1 (Yoast SEO v22.2) - https:\/\/yoast.com\/wordpress\/plugins\/seo\/ -->\n<title>Settimana di preghiera per l&#039;unit\u00e0 dei Cristiani - Testimonianza e Impegno sociale<\/title>\n<meta name=\"robots\" content=\"index, follow, max-snippet:-1, max-image-preview:large, max-video-preview:-1\" \/>\n<link rel=\"canonical\" href=\"https:\/\/www.diocesitn.it\/area-testimonianza\/2022\/01\/10\/settimana-di-preghiera-per-lunita-dei-cristiani-2\/\" \/>\n<meta property=\"og:locale\" content=\"it_IT\" \/>\n<meta property=\"og:type\" content=\"article\" \/>\n<meta property=\"og:title\" content=\"Settimana di preghiera per l&#039;unit\u00e0 dei Cristiani\" \/>\n<meta property=\"og:description\" content=\"&#8220;In oriente abbiamo visto apparire la sua stella e siamo venuti qui per adorarlo&#8221; (Mt 2,2) Ritorna la\u00a0Settimana di preghiera per l\u2019unit\u00e0 dei cristiani 2022, dal 18 al 25 gennaio, ad un anno dall&#8217;apertura del\" \/>\n<meta property=\"og:url\" content=\"https:\/\/www.diocesitn.it\/area-testimonianza\/2022\/01\/10\/settimana-di-preghiera-per-lunita-dei-cristiani-2\/\" \/>\n<meta property=\"og:site_name\" content=\"Testimonianza e Impegno sociale\" \/>\n<meta property=\"article:published_time\" content=\"2022-01-10T09:56:22+00:00\" \/>\n<meta property=\"article:modified_time\" content=\"2022-01-26T14:33:10+00:00\" \/>\n<meta property=\"og:image\" content=\"https:\/\/www.diocesitn.it\/area-testimonianza\/wp-content\/uploads\/sites\/37\/2022\/01\/Incontro-ecumenico.jpg\" \/>\n\t<meta property=\"og:image:width\" content=\"1021\" \/>\n\t<meta property=\"og:image:height\" content=\"575\" \/>\n\t<meta property=\"og:image:type\" content=\"image\/jpeg\" \/>\n<meta name=\"author\" content=\"Claudia Dorigoni\" \/>\n<meta name=\"twitter:card\" content=\"summary_large_image\" \/>\n<meta name=\"twitter:label1\" content=\"Scritto da\" \/>\n\t<meta name=\"twitter:data1\" content=\"Claudia Dorigoni\" \/>\n\t<meta name=\"twitter:label2\" content=\"Tempo di lettura stimato\" \/>\n\t<meta name=\"twitter:data2\" content=\"3 minuti\" \/>\n<script type=\"application\/ld+json\" class=\"yoast-schema-graph\">{\"@context\":\"https:\/\/schema.org\",\"@graph\":[{\"@type\":\"Article\",\"@id\":\"https:\/\/www.diocesitn.it\/area-testimonianza\/2022\/01\/10\/settimana-di-preghiera-per-lunita-dei-cristiani-2\/#article\",\"isPartOf\":{\"@id\":\"https:\/\/www.diocesitn.it\/area-testimonianza\/2022\/01\/10\/settimana-di-preghiera-per-lunita-dei-cristiani-2\/\"},\"author\":{\"name\":\"Claudia Dorigoni\",\"@id\":\"https:\/\/www.diocesitn.it\/area-testimonianza\/#\/schema\/person\/5467191b81c25706baf09a59aab380a5\"},\"headline\":\"Settimana di preghiera per l&#8217;unit\u00e0 dei Cristiani\",\"datePublished\":\"2022-01-10T09:56:22+00:00\",\"dateModified\":\"2022-01-26T14:33:10+00:00\",\"mainEntityOfPage\":{\"@id\":\"https:\/\/www.diocesitn.it\/area-testimonianza\/2022\/01\/10\/settimana-di-preghiera-per-lunita-dei-cristiani-2\/\"},\"wordCount\":534,\"publisher\":{\"@id\":\"https:\/\/www.diocesitn.it\/area-testimonianza\/#organization\"},\"image\":{\"@id\":\"https:\/\/www.diocesitn.it\/area-testimonianza\/2022\/01\/10\/settimana-di-preghiera-per-lunita-dei-cristiani-2\/#primaryimage\"},\"thumbnailUrl\":\"https:\/\/www.diocesitn.it\/area-testimonianza\/wp-content\/uploads\/sites\/37\/2022\/01\/Incontro-ecumenico.jpg\",\"keywords\":[\"settimana di preghiera per l'unit\u00e0 dei cristiani\"],\"articleSection\":[\"Ecumenismo e Dialogo interreligioso\",\"Notizie\"],\"inLanguage\":\"it-IT\",\"copyrightYear\":\"2022\",\"copyrightHolder\":{\"@id\":\"https:\/\/www.diocesitn.it\/#organization\"}},{\"@type\":\"WebPage\",\"@id\":\"https:\/\/www.diocesitn.it\/area-testimonianza\/2022\/01\/10\/settimana-di-preghiera-per-lunita-dei-cristiani-2\/\",\"url\":\"https:\/\/www.diocesitn.it\/area-testimonianza\/2022\/01\/10\/settimana-di-preghiera-per-lunita-dei-cristiani-2\/\",\"name\":\"Settimana di preghiera per l'unit\u00e0 dei Cristiani - Testimonianza e Impegno sociale\",\"isPartOf\":{\"@id\":\"https:\/\/www.diocesitn.it\/area-testimonianza\/#website\"},\"primaryImageOfPage\":{\"@id\":\"https:\/\/www.diocesitn.it\/area-testimonianza\/2022\/01\/10\/settimana-di-preghiera-per-lunita-dei-cristiani-2\/#primaryimage\"},\"image\":{\"@id\":\"https:\/\/www.diocesitn.it\/area-testimonianza\/2022\/01\/10\/settimana-di-preghiera-per-lunita-dei-cristiani-2\/#primaryimage\"},\"thumbnailUrl\":\"https:\/\/www.diocesitn.it\/area-testimonianza\/wp-content\/uploads\/sites\/37\/2022\/01\/Incontro-ecumenico.jpg\",\"datePublished\":\"2022-01-10T09:56:22+00:00\",\"dateModified\":\"2022-01-26T14:33:10+00:00\",\"breadcrumb\":{\"@id\":\"https:\/\/www.diocesitn.it\/area-testimonianza\/2022\/01\/10\/settimana-di-preghiera-per-lunita-dei-cristiani-2\/#breadcrumb\"},\"inLanguage\":\"it-IT\",\"potentialAction\":[{\"@type\":\"ReadAction\",\"target\":[\"https:\/\/www.diocesitn.it\/area-testimonianza\/2022\/01\/10\/settimana-di-preghiera-per-lunita-dei-cristiani-2\/\"]}]},{\"@type\":\"ImageObject\",\"inLanguage\":\"it-IT\",\"@id\":\"https:\/\/www.diocesitn.it\/area-testimonianza\/2022\/01\/10\/settimana-di-preghiera-per-lunita-dei-cristiani-2\/#primaryimage\",\"url\":\"https:\/\/www.diocesitn.it\/area-testimonianza\/wp-content\/uploads\/sites\/37\/2022\/01\/Incontro-ecumenico.jpg\",\"contentUrl\":\"https:\/\/www.diocesitn.it\/area-testimonianza\/wp-content\/uploads\/sites\/37\/2022\/01\/Incontro-ecumenico.jpg\",\"width\":1021,\"height\":575},{\"@type\":\"BreadcrumbList\",\"@id\":\"https:\/\/www.diocesitn.it\/area-testimonianza\/2022\/01\/10\/settimana-di-preghiera-per-lunita-dei-cristiani-2\/#breadcrumb\",\"itemListElement\":[{\"@type\":\"ListItem\",\"position\":1,\"name\":\"Home\",\"item\":\"https:\/\/www.diocesitn.it\/area-testimonianza\/\"},{\"@type\":\"ListItem\",\"position\":2,\"name\":\"Settimana di preghiera per l&#8217;unit\u00e0 dei Cristiani\"}]},{\"@type\":\"WebSite\",\"@id\":\"https:\/\/www.diocesitn.it\/area-testimonianza\/#website\",\"url\":\"https:\/\/www.diocesitn.it\/area-testimonianza\/\",\"name\":\"Testimonianza e Impegno sociale\",\"description\":\"Chiesa di Trento\",\"publisher\":{\"@id\":\"https:\/\/www.diocesitn.it\/area-testimonianza\/#organization\"},\"potentialAction\":[{\"@type\":\"SearchAction\",\"target\":{\"@type\":\"EntryPoint\",\"urlTemplate\":\"https:\/\/www.diocesitn.it\/area-testimonianza\/?s={search_term_string}\"},\"query-input\":\"required name=search_term_string\"}],\"inLanguage\":\"it-IT\"},{\"@type\":[\"Organization\",\"Place\"],\"@id\":\"https:\/\/www.diocesitn.it\/area-testimonianza\/#organization\",\"name\":\"Area Testimonianza e Impegno Sociale - Chiesa di Trento\",\"url\":\"https:\/\/www.diocesitn.it\/area-testimonianza\/\",\"logo\":{\"@id\":\"https:\/\/www.diocesitn.it\/area-testimonianza\/2022\/01\/10\/settimana-di-preghiera-per-lunita-dei-cristiani-2\/#local-main-organization-logo\"},\"image\":{\"@id\":\"https:\/\/www.diocesitn.it\/area-testimonianza\/2022\/01\/10\/settimana-di-preghiera-per-lunita-dei-cristiani-2\/#local-main-organization-logo\"},\"openingHoursSpecification\":[{\"@type\":\"OpeningHoursSpecification\",\"dayOfWeek\":[\"Monday\",\"Tuesday\",\"Wednesday\",\"Thursday\",\"Friday\",\"Saturday\",\"Sunday\"],\"opens\":\"09:00\",\"closes\":\"17:00\"}]},{\"@type\":\"ImageObject\",\"inLanguage\":\"it-IT\",\"@id\":\"https:\/\/www.diocesitn.it\/area-testimonianza\/2022\/01\/10\/settimana-di-preghiera-per-lunita-dei-cristiani-2\/#local-main-organization-logo\",\"url\":\"https:\/\/www.diocesitn.it\/area-testimonianza\/wp-content\/uploads\/sites\/37\/2021\/09\/og-logo-testimonianza-e-impegno-sociale.jpg\",\"contentUrl\":\"https:\/\/www.diocesitn.it\/area-testimonianza\/wp-content\/uploads\/sites\/37\/2021\/09\/og-logo-testimonianza-e-impegno-sociale.jpg\",\"width\":1200,\"height\":630,\"caption\":\"Area Testimonianza e Impegno Sociale - Chiesa di Trento\"}]}<\/script>\n<!-- \/ Yoast SEO Premium plugin. -->","yoast_head_json":{"title":"Settimana di preghiera per l'unit\u00e0 dei Cristiani - Testimonianza e Impegno sociale","robots":{"index":"index","follow":"follow","max-snippet":"max-snippet:-1","max-image-preview":"max-image-preview:large","max-video-preview":"max-video-preview:-1"},"canonical":"https:\/\/www.diocesitn.it\/area-testimonianza\/2022\/01\/10\/settimana-di-preghiera-per-lunita-dei-cristiani-2\/","og_locale":"it_IT","og_type":"article","og_title":"Settimana di preghiera per l'unit\u00e0 dei Cristiani","og_description":"&#8220;In oriente abbiamo visto apparire la sua stella e siamo venuti qui per adorarlo&#8221; (Mt 2,2) Ritorna la\u00a0Settimana di preghiera per l\u2019unit\u00e0 dei cristiani 2022, dal 18 al 25 gennaio, ad un anno dall&#8217;apertura del","og_url":"https:\/\/www.diocesitn.it\/area-testimonianza\/2022\/01\/10\/settimana-di-preghiera-per-lunita-dei-cristiani-2\/","og_site_name":"Testimonianza e Impegno sociale","article_published_time":"2022-01-10T09:56:22+00:00","article_modified_time":"2022-01-26T14:33:10+00:00","og_image":[{"width":1021,"height":575,"url":"https:\/\/www.diocesitn.it\/area-testimonianza\/wp-content\/uploads\/sites\/37\/2022\/01\/Incontro-ecumenico.jpg","type":"image\/jpeg"}],"author":"Claudia Dorigoni","twitter_card":"summary_large_image","twitter_misc":{"Scritto da":"Claudia Dorigoni","Tempo di lettura stimato":"3 minuti"},"schema":{"@context":"https:\/\/schema.org","@graph":[{"@type":"Article","@id":"https:\/\/www.diocesitn.it\/area-testimonianza\/2022\/01\/10\/settimana-di-preghiera-per-lunita-dei-cristiani-2\/#article","isPartOf":{"@id":"https:\/\/www.diocesitn.it\/area-testimonianza\/2022\/01\/10\/settimana-di-preghiera-per-lunita-dei-cristiani-2\/"},"author":{"name":"Claudia Dorigoni","@id":"https:\/\/www.diocesitn.it\/area-testimonianza\/#\/schema\/person\/5467191b81c25706baf09a59aab380a5"},"headline":"Settimana di preghiera per l&#8217;unit\u00e0 dei Cristiani","datePublished":"2022-01-10T09:56:22+00:00","dateModified":"2022-01-26T14:33:10+00:00","mainEntityOfPage":{"@id":"https:\/\/www.diocesitn.it\/area-testimonianza\/2022\/01\/10\/settimana-di-preghiera-per-lunita-dei-cristiani-2\/"},"wordCount":534,"publisher":{"@id":"https:\/\/www.diocesitn.it\/area-testimonianza\/#organization"},"image":{"@id":"https:\/\/www.diocesitn.it\/area-testimonianza\/2022\/01\/10\/settimana-di-preghiera-per-lunita-dei-cristiani-2\/#primaryimage"},"thumbnailUrl":"https:\/\/www.diocesitn.it\/area-testimonianza\/wp-content\/uploads\/sites\/37\/2022\/01\/Incontro-ecumenico.jpg","keywords":["settimana di preghiera per l'unit\u00e0 dei cristiani"],"articleSection":["Ecumenismo e Dialogo interreligioso","Notizie"],"inLanguage":"it-IT","copyrightYear":"2022","copyrightHolder":{"@id":"https:\/\/www.diocesitn.it\/#organization"}},{"@type":"WebPage","@id":"https:\/\/www.diocesitn.it\/area-testimonianza\/2022\/01\/10\/settimana-di-preghiera-per-lunita-dei-cristiani-2\/","url":"https:\/\/www.diocesitn.it\/area-testimonianza\/2022\/01\/10\/settimana-di-preghiera-per-lunita-dei-cristiani-2\/","name":"Settimana di preghiera per l'unit\u00e0 dei Cristiani - Testimonianza e Impegno sociale","isPartOf":{"@id":"https:\/\/www.diocesitn.it\/area-testimonianza\/#website"},"primaryImageOfPage":{"@id":"https:\/\/www.diocesitn.it\/area-testimonianza\/2022\/01\/10\/settimana-di-preghiera-per-lunita-dei-cristiani-2\/#primaryimage"},"image":{"@id":"https:\/\/www.diocesitn.it\/area-testimonianza\/2022\/01\/10\/settimana-di-preghiera-per-lunita-dei-cristiani-2\/#primaryimage"},"thumbnailUrl":"https:\/\/www.diocesitn.it\/area-testimonianza\/wp-content\/uploads\/sites\/37\/2022\/01\/Incontro-ecumenico.jpg","datePublished":"2022-01-10T09:56:22+00:00","dateModified":"2022-01-26T14:33:10+00:00","breadcrumb":{"@id":"https:\/\/www.diocesitn.it\/area-testimonianza\/2022\/01\/10\/settimana-di-preghiera-per-lunita-dei-cristiani-2\/#breadcrumb"},"inLanguage":"it-IT","potentialAction":[{"@type":"ReadAction","target":["https:\/\/www.diocesitn.it\/area-testimonianza\/2022\/01\/10\/settimana-di-preghiera-per-lunita-dei-cristiani-2\/"]}]},{"@type":"ImageObject","inLanguage":"it-IT","@id":"https:\/\/www.diocesitn.it\/area-testimonianza\/2022\/01\/10\/settimana-di-preghiera-per-lunita-dei-cristiani-2\/#primaryimage","url":"https:\/\/www.diocesitn.it\/area-testimonianza\/wp-content\/uploads\/sites\/37\/2022\/01\/Incontro-ecumenico.jpg","contentUrl":"https:\/\/www.diocesitn.it\/area-testimonianza\/wp-content\/uploads\/sites\/37\/2022\/01\/Incontro-ecumenico.jpg","width":1021,"height":575},{"@type":"BreadcrumbList","@id":"https:\/\/www.diocesitn.it\/area-testimonianza\/2022\/01\/10\/settimana-di-preghiera-per-lunita-dei-cristiani-2\/#breadcrumb","itemListElement":[{"@type":"ListItem","position":1,"name":"Home","item":"https:\/\/www.diocesitn.it\/area-testimonianza\/"},{"@type":"ListItem","position":2,"name":"Settimana di preghiera per l&#8217;unit\u00e0 dei Cristiani"}]},{"@type":"WebSite","@id":"https:\/\/www.diocesitn.it\/area-testimonianza\/#website","url":"https:\/\/www.diocesitn.it\/area-testimonianza\/","name":"Testimonianza e Impegno sociale","description":"Chiesa di Trento","publisher":{"@id":"https:\/\/www.diocesitn.it\/area-testimonianza\/#organization"},"potentialAction":[{"@type":"SearchAction","target":{"@type":"EntryPoint","urlTemplate":"https:\/\/www.diocesitn.it\/area-testimonianza\/?s={search_term_string}"},"query-input":"required name=search_term_string"}],"inLanguage":"it-IT"},{"@type":["Organization","Place"],"@id":"https:\/\/www.diocesitn.it\/area-testimonianza\/#organization","name":"Area Testimonianza e Impegno Sociale - Chiesa di Trento","url":"https:\/\/www.diocesitn.it\/area-testimonianza\/","logo":{"@id":"https:\/\/www.diocesitn.it\/area-testimonianza\/2022\/01\/10\/settimana-di-preghiera-per-lunita-dei-cristiani-2\/#local-main-organization-logo"},"image":{"@id":"https:\/\/www.diocesitn.it\/area-testimonianza\/2022\/01\/10\/settimana-di-preghiera-per-lunita-dei-cristiani-2\/#local-main-organization-logo"},"openingHoursSpecification":[{"@type":"OpeningHoursSpecification","dayOfWeek":["Monday","Tuesday","Wednesday","Thursday","Friday","Saturday","Sunday"],"opens":"09:00","closes":"17:00"}]},{"@type":"ImageObject","inLanguage":"it-IT","@id":"https:\/\/www.diocesitn.it\/area-testimonianza\/2022\/01\/10\/settimana-di-preghiera-per-lunita-dei-cristiani-2\/#local-main-organization-logo","url":"https:\/\/www.diocesitn.it\/area-testimonianza\/wp-content\/uploads\/sites\/37\/2021\/09\/og-logo-testimonianza-e-impegno-sociale.jpg","contentUrl":"https:\/\/www.diocesitn.it\/area-testimonianza\/wp-content\/uploads\/sites\/37\/2021\/09\/og-logo-testimonianza-e-impegno-sociale.jpg","width":1200,"height":630,"caption":"Area Testimonianza e Impegno Sociale - Chiesa di Trento"}]}},"_links":{"self":[{"href":"https:\/\/www.diocesitn.it\/area-testimonianza\/wp-json\/wp\/v2\/posts\/10442","targetHints":{"allow":["GET"]}}],"collection":[{"href":"https:\/\/www.diocesitn.it\/area-testimonianza\/wp-json\/wp\/v2\/posts"}],"about":[{"href":"https:\/\/www.diocesitn.it\/area-testimonianza\/wp-json\/wp\/v2\/types\/post"}],"author":[{"embeddable":true,"href":"https:\/\/www.diocesitn.it\/area-testimonianza\/wp-json\/wp\/v2\/users\/4"}],"replies":[{"embeddable":true,"href":"https:\/\/www.diocesitn.it\/area-testimonianza\/wp-json\/wp\/v2\/comments?post=10442"}],"version-history":[{"count":3,"href":"https:\/\/www.diocesitn.it\/area-testimonianza\/wp-json\/wp\/v2\/posts\/10442\/revisions"}],"predecessor-version":[{"id":10571,"href":"https:\/\/www.diocesitn.it\/area-testimonianza\/wp-json\/wp\/v2\/posts\/10442\/revisions\/10571"}],"wp:featuredmedia":[{"embeddable":true,"href":"https:\/\/www.diocesitn.it\/area-testimonianza\/wp-json\/wp\/v2\/media\/10561"}],"wp:attachment":[{"href":"https:\/\/www.diocesitn.it\/area-testimonianza\/wp-json\/wp\/v2\/media?parent=10442"}],"wp:term":[{"taxonomy":"category","embeddable":true,"href":"https:\/\/www.diocesitn.it\/area-testimonianza\/wp-json\/wp\/v2\/categories?post=10442"},{"taxonomy":"post_tag","embeddable":true,"href":"https:\/\/www.diocesitn.it\/area-testimonianza\/wp-json\/wp\/v2\/tags?post=10442"}],"curies":[{"name":"wp","href":"https:\/\/api.w.org\/{rel}","templated":true}]}}