{"id":10382,"date":"2021-12-24T10:00:16","date_gmt":"2021-12-24T09:00:16","guid":{"rendered":"https:\/\/www.diocesitn.it\/area-testimonianza\/2021\/12\/24\/ansia-di-pace-gli-eventi-per-la-55ma-giornata-della-pace-l1-gennaio-2022-diretta-tv-e-streaming\/"},"modified":"2022-01-10T10:26:13","modified_gmt":"2022-01-10T09:26:13","slug":"ansia-di-pace-per-la-55a-giornata-mondiale-della-pace-1-gennaio-2022-arriva-a-trento-padre-carlassare-eletto-vescovo-in-sud-sudan-ferito-in-un-attentato-incontro-in-diretta-tv-e-streaming","status":"publish","type":"post","link":"https:\/\/www.diocesitn.it\/area-testimonianza\/2021\/12\/24\/ansia-di-pace-per-la-55a-giornata-mondiale-della-pace-1-gennaio-2022-arriva-a-trento-padre-carlassare-eletto-vescovo-in-sud-sudan-ferito-in-un-attentato-incontro-in-diretta-tv-e-streaming\/","title":{"rendered":"&#8220;Ansia di pace&#8221;. Per la 55\u00aa Giornata Mondiale della Pace, 1 gennaio 2022, arriva a Trento padre Carlassare, eletto vescovo in Sud Sudan, ferito in un attentato (incontro in diretta tv e streaming)"},"content":{"rendered":"<p><strong>1\u00b0 gennaio 2022<\/strong>: si celebra la <strong>55\u00aa Giornata della Pace<\/strong> dal tema, come recita il messaggio di <strong>papa Francesco<\/strong>, \u201cDialogo fra generazioni, educazione e lavoro: strumenti per edificare una pace duratura&#8221; (<a href=\"https:\/\/www.vatican.va\/content\/francesco\/it\/messages\/peace\/documents\/20211208-messaggio-55giornatamondiale-pace2022.html\">leggi qui il messaggio del Papa<\/a>). La Diocesi di Trento organizza per il Capodanno di pace un intenso pomeriggio sotto il titolo &#8220;<strong>Ansia di pace<\/strong>&#8220;.<\/p>\n<p>Alle <strong>16.30<\/strong> presso l\u2019aula magna del <strong>Collegio Arcivescovile<\/strong> si terr\u00e0 un incontro che vedr\u00e0 dialogare insieme <strong>padre Christian Carlassare, <\/strong>vescovo eletto in Sud Sudan, <strong>ferito in un attentato nell&#8217;aprile scorso <\/strong>e il sindaco di Trento, <strong>Franco Ianeselli<\/strong>. Modera Diego Andreatta, direttore di Vita Trentina.<\/p>\n<p>A seguire, alle 18, si snoder\u00e0 la\u00a0<strong>Marcia della pace<\/strong>, che si concluder\u00e0 in <strong>cattedrale dove alle 19 il vescovo Lauro<\/strong> presieder\u00e0 la Messa assieme a padre Christian.<\/p>\n<p>L&#8217;incontro delle 16.30 e la messa delle 19 saranno trasmesse in diretta tv (Telepace Trento) ed in streaming, sul portale diocesano (LINK A FONDO ARTICOLO).<\/p>\n<p><strong>Padre Christian Carlassare<\/strong>, comboniano di origine vicentina (Schio), classe 1977, da diversi anni \u00e8 missionario in Sud Sudan. A marzo 2021 \u00e8 stato <strong>nominato vescovo<\/strong> (il pi\u00f9 giovane della Chiesa cattolica) della diocesi di Rumbek, sempre in Sud Sudan, diocesi che attende un vescovo dal 2011. Nella notte del 25 aprile, un mese prima dell\u2019ordinazione episcopale, padre Christian \u00e8 rimasto vittima di un agguato nel quale \u00e8 stato gambizzato. \u00c8 in attesa di ripartire per Rumbek, dove verr\u00e0 ordinato vescovo e inizier\u00e0 il suo ministero. Tante le incognite, sicuramente non facile il ministero che lo attende.<\/p>\n<p>FOTO: AGENSIR<\/p>\n<div id=\"attachment_24959\" style=\"width: 235px\" class=\"wp-caption alignnone\"><img loading=\"lazy\" decoding=\"async\" aria-describedby=\"caption-attachment-24959\" class=\"wp-image-10383 size-medium\" src=\"https:\/\/www.diocesitn.it\/wp-content\/uploads\/sites\/37\/2021\/12\/carlassare_nigrizia-225x300.jpg\" alt=\"Carlassare in ospedale dopo il ferimento - foto Nigrizia \" width=\"225\" height=\"300\" srcset=\"https:\/\/www.diocesitn.it\/area-testimonianza\/wp-content\/uploads\/sites\/37\/2021\/12\/carlassare_nigrizia-225x300.jpg 225w, https:\/\/www.diocesitn.it\/area-testimonianza\/wp-content\/uploads\/sites\/37\/2021\/12\/carlassare_nigrizia-210x280.jpg 210w, https:\/\/www.diocesitn.it\/area-testimonianza\/wp-content\/uploads\/sites\/37\/2021\/12\/carlassare_nigrizia-576x768.jpg 576w, https:\/\/www.diocesitn.it\/area-testimonianza\/wp-content\/uploads\/sites\/37\/2021\/12\/carlassare_nigrizia.jpg 720w\" sizes=\"auto, (max-width: 225px) 100vw, 225px\" \/><p id=\"caption-attachment-24959\" class=\"wp-caption-text\">Padre Carlassare in ospedale dopo il ferimento &#8211; foto Nigrizia<\/p><\/div>\n<p>SCARICA LOCANDINA:<\/p>\n<p><a href=\"https:\/\/www.diocesitn.it\/wp-content\/uploads\/2021\/12\/Giornata-Mondiale-PACE-2022-5.pdf\"><img loading=\"lazy\" decoding=\"async\" class=\"alignnone wp-image-10385 size-medium\" src=\"https:\/\/www.diocesitn.it\/wp-content\/uploads\/sites\/37\/2021\/12\/Giornata-Mondiale-PACE-2022-212x300.jpg\" alt=\"\" width=\"212\" height=\"300\" srcset=\"https:\/\/www.diocesitn.it\/area-testimonianza\/wp-content\/uploads\/sites\/37\/2021\/12\/Giornata-Mondiale-PACE-2022-212x300.jpg 212w, https:\/\/www.diocesitn.it\/area-testimonianza\/wp-content\/uploads\/sites\/37\/2021\/12\/Giornata-Mondiale-PACE-2022-724x1024.jpg 724w, https:\/\/www.diocesitn.it\/area-testimonianza\/wp-content\/uploads\/sites\/37\/2021\/12\/Giornata-Mondiale-PACE-2022-768x1086.jpg 768w, https:\/\/www.diocesitn.it\/area-testimonianza\/wp-content\/uploads\/sites\/37\/2021\/12\/Giornata-Mondiale-PACE-2022-198x280.jpg 198w, https:\/\/www.diocesitn.it\/area-testimonianza\/wp-content\/uploads\/sites\/37\/2021\/12\/Giornata-Mondiale-PACE-2022-543x768.jpg 543w, https:\/\/www.diocesitn.it\/area-testimonianza\/wp-content\/uploads\/sites\/37\/2021\/12\/Giornata-Mondiale-PACE-2022-1086x1536.jpg 1086w, https:\/\/www.diocesitn.it\/area-testimonianza\/wp-content\/uploads\/sites\/37\/2021\/12\/Giornata-Mondiale-PACE-2022-1448x2048.jpg 1448w, https:\/\/www.diocesitn.it\/area-testimonianza\/wp-content\/uploads\/sites\/37\/2021\/12\/Giornata-Mondiale-PACE-2022-800x1132.jpg 800w, https:\/\/www.diocesitn.it\/area-testimonianza\/wp-content\/uploads\/sites\/37\/2021\/12\/Giornata-Mondiale-PACE-2022-1200x1698.jpg 1200w, https:\/\/www.diocesitn.it\/area-testimonianza\/wp-content\/uploads\/sites\/37\/2021\/12\/Giornata-Mondiale-PACE-2022.jpg 1587w\" sizes=\"auto, (max-width: 212px) 100vw, 212px\" \/><\/a><\/p>\n<p><iframe loading=\"lazy\" title=\"Sabato 1 gennaio, ore 16.30 - &quot;Ansia di pace&quot;, incontro in occasione della 55\u00b0 Giornata della Pace\" width=\"800\" height=\"600\" src=\"https:\/\/www.youtube.com\/embed\/Kfe7xHQI5KE?feature=oembed\" frameborder=\"0\" allow=\"accelerometer; autoplay; clipboard-write; encrypted-media; gyroscope; picture-in-picture\" allowfullscreen><\/iframe><\/p>\n<p><iframe loading=\"lazy\" title=\"Cattedrale di Trento, Messa per la Giornata della Pace - 1 gennaio, ore 19\" width=\"800\" height=\"600\" src=\"https:\/\/www.youtube.com\/embed\/1OyFDgX7h3A?feature=oembed\" frameborder=\"0\" allow=\"accelerometer; autoplay; clipboard-write; encrypted-media; gyroscope; picture-in-picture\" allowfullscreen><\/iframe><\/p>\n","protected":false},"excerpt":{"rendered":"<p>1\u00b0 gennaio 2022: si celebra la 55\u00aa Giornata della Pace dal tema, come recita il messaggio di papa Francesco, \u201cDialogo fra generazioni, educazione e lavoro: strumenti per edificare una pace duratura&#8221; (leggi qui il messaggio<\/p>\n","protected":false},"author":4,"featured_media":10384,"comment_status":"closed","ping_status":"closed","sticky":false,"template":"","format":"standard","meta":{"footnotes":""},"categories":[1695,1074],"tags":[],"class_list":["post-10382","post","type-post","status-publish","format-standard","has-post-thumbnail","hentry","category-area-testimonianza-e-impegno-sociale","category-notizie"],"acf":{"seed-localization-paese-cod":"IT","seed-localization-address":"","seed-localization-citta":"Trento","seed-localization-regione-cod-istat":"04","seed-localization-citta-cod-istat":"022205","seed-localization-localita":"","seed-localization-cap":"","seed-localization-marker-visibility":false,"seed-localization-children-visibility":false,"seed-localization-kml":"","seed-localization-custom-marker":""},"yoast_head":"<!-- This site is optimized with the Yoast SEO Premium plugin v20.2.1 (Yoast SEO v22.2) - https:\/\/yoast.com\/wordpress\/plugins\/seo\/ -->\n<title>&quot;Ansia di pace&quot;. Per la 55\u00aa Giornata Mondiale della Pace, 1 gennaio 2022, arriva a Trento padre Carlassare, eletto vescovo in Sud Sudan, ferito in un attentato (incontro in diretta tv e streaming) - Testimonianza e Impegno sociale<\/title>\n<meta name=\"robots\" content=\"index, follow, max-snippet:-1, max-image-preview:large, max-video-preview:-1\" \/>\n<link rel=\"canonical\" href=\"https:\/\/www.diocesitn.it\/area-testimonianza\/2021\/12\/24\/ansia-di-pace-per-la-55a-giornata-mondiale-della-pace-1-gennaio-2022-arriva-a-trento-padre-carlassare-eletto-vescovo-in-sud-sudan-ferito-in-un-attentato-incontro-in-diretta-tv-e-streaming\/\" \/>\n<meta property=\"og:locale\" content=\"it_IT\" \/>\n<meta property=\"og:type\" content=\"article\" \/>\n<meta property=\"og:title\" content=\"&quot;Ansia di pace&quot;. Per la 55\u00aa Giornata Mondiale della Pace, 1 gennaio 2022, arriva a Trento padre Carlassare, eletto vescovo in Sud Sudan, ferito in un attentato (incontro in diretta tv e streaming)\" \/>\n<meta property=\"og:description\" content=\"1\u00b0 gennaio 2022: si celebra la 55\u00aa Giornata della Pace dal tema, come recita il messaggio di papa Francesco, \u201cDialogo fra generazioni, educazione e lavoro: strumenti per edificare una pace duratura&#8221; (leggi qui il messaggio\" \/>\n<meta property=\"og:url\" content=\"https:\/\/www.diocesitn.it\/area-testimonianza\/2021\/12\/24\/ansia-di-pace-per-la-55a-giornata-mondiale-della-pace-1-gennaio-2022-arriva-a-trento-padre-carlassare-eletto-vescovo-in-sud-sudan-ferito-in-un-attentato-incontro-in-diretta-tv-e-streaming\/\" \/>\n<meta property=\"og:site_name\" content=\"Testimonianza e Impegno sociale\" \/>\n<meta property=\"article:published_time\" content=\"2021-12-24T09:00:16+00:00\" \/>\n<meta property=\"article:modified_time\" content=\"2022-01-10T09:26:13+00:00\" \/>\n<meta property=\"og:image\" content=\"https:\/\/www.diocesitn.it\/area-testimonianza\/wp-content\/uploads\/sites\/37\/2021\/12\/Carlassare_agensir.jpeg\" \/>\n\t<meta property=\"og:image:width\" content=\"755\" \/>\n\t<meta property=\"og:image:height\" content=\"475\" \/>\n\t<meta property=\"og:image:type\" content=\"image\/jpeg\" \/>\n<meta name=\"author\" content=\"Claudia Dorigoni\" \/>\n<meta name=\"twitter:card\" content=\"summary_large_image\" \/>\n<meta name=\"twitter:label1\" content=\"Scritto da\" \/>\n\t<meta name=\"twitter:data1\" content=\"Claudia Dorigoni\" \/>\n\t<meta name=\"twitter:label2\" content=\"Tempo di lettura stimato\" \/>\n\t<meta name=\"twitter:data2\" content=\"1 minuto\" \/>\n<script type=\"application\/ld+json\" class=\"yoast-schema-graph\">{\"@context\":\"https:\/\/schema.org\",\"@graph\":[{\"@type\":\"Article\",\"@id\":\"https:\/\/www.diocesitn.it\/area-testimonianza\/2021\/12\/24\/ansia-di-pace-per-la-55a-giornata-mondiale-della-pace-1-gennaio-2022-arriva-a-trento-padre-carlassare-eletto-vescovo-in-sud-sudan-ferito-in-un-attentato-incontro-in-diretta-tv-e-streaming\/#article\",\"isPartOf\":{\"@id\":\"https:\/\/www.diocesitn.it\/area-testimonianza\/2021\/12\/24\/ansia-di-pace-per-la-55a-giornata-mondiale-della-pace-1-gennaio-2022-arriva-a-trento-padre-carlassare-eletto-vescovo-in-sud-sudan-ferito-in-un-attentato-incontro-in-diretta-tv-e-streaming\/\"},\"author\":{\"name\":\"Claudia Dorigoni\",\"@id\":\"https:\/\/www.diocesitn.it\/area-testimonianza\/#\/schema\/person\/5467191b81c25706baf09a59aab380a5\"},\"headline\":\"&#8220;Ansia di pace&#8221;. Per la 55\u00aa Giornata Mondiale della Pace, 1 gennaio 2022, arriva a Trento padre Carlassare, eletto vescovo in Sud Sudan, ferito in un attentato (incontro in diretta tv e streaming)\",\"datePublished\":\"2021-12-24T09:00:16+00:00\",\"dateModified\":\"2022-01-10T09:26:13+00:00\",\"mainEntityOfPage\":{\"@id\":\"https:\/\/www.diocesitn.it\/area-testimonianza\/2021\/12\/24\/ansia-di-pace-per-la-55a-giornata-mondiale-della-pace-1-gennaio-2022-arriva-a-trento-padre-carlassare-eletto-vescovo-in-sud-sudan-ferito-in-un-attentato-incontro-in-diretta-tv-e-streaming\/\"},\"wordCount\":303,\"publisher\":{\"@id\":\"https:\/\/www.diocesitn.it\/area-testimonianza\/#organization\"},\"image\":{\"@id\":\"https:\/\/www.diocesitn.it\/area-testimonianza\/2021\/12\/24\/ansia-di-pace-per-la-55a-giornata-mondiale-della-pace-1-gennaio-2022-arriva-a-trento-padre-carlassare-eletto-vescovo-in-sud-sudan-ferito-in-un-attentato-incontro-in-diretta-tv-e-streaming\/#primaryimage\"},\"thumbnailUrl\":\"https:\/\/www.diocesitn.it\/area-testimonianza\/wp-content\/uploads\/sites\/37\/2021\/12\/Carlassare_agensir.jpeg\",\"articleSection\":[\"Area Testimonianza e Impegno sociale\",\"Notizie\"],\"inLanguage\":\"it-IT\",\"copyrightYear\":\"2021\",\"copyrightHolder\":{\"@id\":\"https:\/\/www.diocesitn.it\/#organization\"}},{\"@type\":\"WebPage\",\"@id\":\"https:\/\/www.diocesitn.it\/area-testimonianza\/2021\/12\/24\/ansia-di-pace-per-la-55a-giornata-mondiale-della-pace-1-gennaio-2022-arriva-a-trento-padre-carlassare-eletto-vescovo-in-sud-sudan-ferito-in-un-attentato-incontro-in-diretta-tv-e-streaming\/\",\"url\":\"https:\/\/www.diocesitn.it\/area-testimonianza\/2021\/12\/24\/ansia-di-pace-per-la-55a-giornata-mondiale-della-pace-1-gennaio-2022-arriva-a-trento-padre-carlassare-eletto-vescovo-in-sud-sudan-ferito-in-un-attentato-incontro-in-diretta-tv-e-streaming\/\",\"name\":\"\\\"Ansia di pace\\\". Per la 55\u00aa Giornata Mondiale della Pace, 1 gennaio 2022, arriva a Trento padre Carlassare, eletto vescovo in Sud Sudan, ferito in un attentato (incontro in diretta tv e streaming) - Testimonianza e Impegno sociale\",\"isPartOf\":{\"@id\":\"https:\/\/www.diocesitn.it\/area-testimonianza\/#website\"},\"primaryImageOfPage\":{\"@id\":\"https:\/\/www.diocesitn.it\/area-testimonianza\/2021\/12\/24\/ansia-di-pace-per-la-55a-giornata-mondiale-della-pace-1-gennaio-2022-arriva-a-trento-padre-carlassare-eletto-vescovo-in-sud-sudan-ferito-in-un-attentato-incontro-in-diretta-tv-e-streaming\/#primaryimage\"},\"image\":{\"@id\":\"https:\/\/www.diocesitn.it\/area-testimonianza\/2021\/12\/24\/ansia-di-pace-per-la-55a-giornata-mondiale-della-pace-1-gennaio-2022-arriva-a-trento-padre-carlassare-eletto-vescovo-in-sud-sudan-ferito-in-un-attentato-incontro-in-diretta-tv-e-streaming\/#primaryimage\"},\"thumbnailUrl\":\"https:\/\/www.diocesitn.it\/area-testimonianza\/wp-content\/uploads\/sites\/37\/2021\/12\/Carlassare_agensir.jpeg\",\"datePublished\":\"2021-12-24T09:00:16+00:00\",\"dateModified\":\"2022-01-10T09:26:13+00:00\",\"breadcrumb\":{\"@id\":\"https:\/\/www.diocesitn.it\/area-testimonianza\/2021\/12\/24\/ansia-di-pace-per-la-55a-giornata-mondiale-della-pace-1-gennaio-2022-arriva-a-trento-padre-carlassare-eletto-vescovo-in-sud-sudan-ferito-in-un-attentato-incontro-in-diretta-tv-e-streaming\/#breadcrumb\"},\"inLanguage\":\"it-IT\",\"potentialAction\":[{\"@type\":\"ReadAction\",\"target\":[\"https:\/\/www.diocesitn.it\/area-testimonianza\/2021\/12\/24\/ansia-di-pace-per-la-55a-giornata-mondiale-della-pace-1-gennaio-2022-arriva-a-trento-padre-carlassare-eletto-vescovo-in-sud-sudan-ferito-in-un-attentato-incontro-in-diretta-tv-e-streaming\/\"]}]},{\"@type\":\"ImageObject\",\"inLanguage\":\"it-IT\",\"@id\":\"https:\/\/www.diocesitn.it\/area-testimonianza\/2021\/12\/24\/ansia-di-pace-per-la-55a-giornata-mondiale-della-pace-1-gennaio-2022-arriva-a-trento-padre-carlassare-eletto-vescovo-in-sud-sudan-ferito-in-un-attentato-incontro-in-diretta-tv-e-streaming\/#primaryimage\",\"url\":\"https:\/\/www.diocesitn.it\/area-testimonianza\/wp-content\/uploads\/sites\/37\/2021\/12\/Carlassare_agensir.jpeg\",\"contentUrl\":\"https:\/\/www.diocesitn.it\/area-testimonianza\/wp-content\/uploads\/sites\/37\/2021\/12\/Carlassare_agensir.jpeg\",\"width\":755,\"height\":475},{\"@type\":\"BreadcrumbList\",\"@id\":\"https:\/\/www.diocesitn.it\/area-testimonianza\/2021\/12\/24\/ansia-di-pace-per-la-55a-giornata-mondiale-della-pace-1-gennaio-2022-arriva-a-trento-padre-carlassare-eletto-vescovo-in-sud-sudan-ferito-in-un-attentato-incontro-in-diretta-tv-e-streaming\/#breadcrumb\",\"itemListElement\":[{\"@type\":\"ListItem\",\"position\":1,\"name\":\"Home\",\"item\":\"https:\/\/www.diocesitn.it\/area-testimonianza\/\"},{\"@type\":\"ListItem\",\"position\":2,\"name\":\"&#8220;Ansia di pace&#8221;. Per la 55\u00aa Giornata Mondiale della Pace, 1 gennaio 2022, arriva a Trento padre Carlassare, eletto vescovo in Sud Sudan, ferito in un attentato (incontro in diretta tv e streaming)\"}]},{\"@type\":\"WebSite\",\"@id\":\"https:\/\/www.diocesitn.it\/area-testimonianza\/#website\",\"url\":\"https:\/\/www.diocesitn.it\/area-testimonianza\/\",\"name\":\"Testimonianza e Impegno sociale\",\"description\":\"Chiesa di Trento\",\"publisher\":{\"@id\":\"https:\/\/www.diocesitn.it\/area-testimonianza\/#organization\"},\"potentialAction\":[{\"@type\":\"SearchAction\",\"target\":{\"@type\":\"EntryPoint\",\"urlTemplate\":\"https:\/\/www.diocesitn.it\/area-testimonianza\/?s={search_term_string}\"},\"query-input\":\"required name=search_term_string\"}],\"inLanguage\":\"it-IT\"},{\"@type\":[\"Organization\",\"Place\"],\"@id\":\"https:\/\/www.diocesitn.it\/area-testimonianza\/#organization\",\"name\":\"Area Testimonianza e Impegno Sociale - Chiesa di Trento\",\"url\":\"https:\/\/www.diocesitn.it\/area-testimonianza\/\",\"logo\":{\"@id\":\"https:\/\/www.diocesitn.it\/area-testimonianza\/2021\/12\/24\/ansia-di-pace-per-la-55a-giornata-mondiale-della-pace-1-gennaio-2022-arriva-a-trento-padre-carlassare-eletto-vescovo-in-sud-sudan-ferito-in-un-attentato-incontro-in-diretta-tv-e-streaming\/#local-main-organization-logo\"},\"image\":{\"@id\":\"https:\/\/www.diocesitn.it\/area-testimonianza\/2021\/12\/24\/ansia-di-pace-per-la-55a-giornata-mondiale-della-pace-1-gennaio-2022-arriva-a-trento-padre-carlassare-eletto-vescovo-in-sud-sudan-ferito-in-un-attentato-incontro-in-diretta-tv-e-streaming\/#local-main-organization-logo\"},\"openingHoursSpecification\":[{\"@type\":\"OpeningHoursSpecification\",\"dayOfWeek\":[\"Monday\",\"Tuesday\",\"Wednesday\",\"Thursday\",\"Friday\",\"Saturday\",\"Sunday\"],\"opens\":\"09:00\",\"closes\":\"17:00\"}]},{\"@type\":\"ImageObject\",\"inLanguage\":\"it-IT\",\"@id\":\"https:\/\/www.diocesitn.it\/area-testimonianza\/2021\/12\/24\/ansia-di-pace-per-la-55a-giornata-mondiale-della-pace-1-gennaio-2022-arriva-a-trento-padre-carlassare-eletto-vescovo-in-sud-sudan-ferito-in-un-attentato-incontro-in-diretta-tv-e-streaming\/#local-main-organization-logo\",\"url\":\"https:\/\/www.diocesitn.it\/area-testimonianza\/wp-content\/uploads\/sites\/37\/2021\/09\/og-logo-testimonianza-e-impegno-sociale.jpg\",\"contentUrl\":\"https:\/\/www.diocesitn.it\/area-testimonianza\/wp-content\/uploads\/sites\/37\/2021\/09\/og-logo-testimonianza-e-impegno-sociale.jpg\",\"width\":1200,\"height\":630,\"caption\":\"Area Testimonianza e Impegno Sociale - Chiesa di Trento\"}]}<\/script>\n<!-- \/ Yoast SEO Premium plugin. -->","yoast_head_json":{"title":"\"Ansia di pace\". Per la 55\u00aa Giornata Mondiale della Pace, 1 gennaio 2022, arriva a Trento padre Carlassare, eletto vescovo in Sud Sudan, ferito in un attentato (incontro in diretta tv e streaming) - Testimonianza e Impegno sociale","robots":{"index":"index","follow":"follow","max-snippet":"max-snippet:-1","max-image-preview":"max-image-preview:large","max-video-preview":"max-video-preview:-1"},"canonical":"https:\/\/www.diocesitn.it\/area-testimonianza\/2021\/12\/24\/ansia-di-pace-per-la-55a-giornata-mondiale-della-pace-1-gennaio-2022-arriva-a-trento-padre-carlassare-eletto-vescovo-in-sud-sudan-ferito-in-un-attentato-incontro-in-diretta-tv-e-streaming\/","og_locale":"it_IT","og_type":"article","og_title":"\"Ansia di pace\". Per la 55\u00aa Giornata Mondiale della Pace, 1 gennaio 2022, arriva a Trento padre Carlassare, eletto vescovo in Sud Sudan, ferito in un attentato (incontro in diretta tv e streaming)","og_description":"1\u00b0 gennaio 2022: si celebra la 55\u00aa Giornata della Pace dal tema, come recita il messaggio di papa Francesco, \u201cDialogo fra generazioni, educazione e lavoro: strumenti per edificare una pace duratura&#8221; (leggi qui il messaggio","og_url":"https:\/\/www.diocesitn.it\/area-testimonianza\/2021\/12\/24\/ansia-di-pace-per-la-55a-giornata-mondiale-della-pace-1-gennaio-2022-arriva-a-trento-padre-carlassare-eletto-vescovo-in-sud-sudan-ferito-in-un-attentato-incontro-in-diretta-tv-e-streaming\/","og_site_name":"Testimonianza e Impegno sociale","article_published_time":"2021-12-24T09:00:16+00:00","article_modified_time":"2022-01-10T09:26:13+00:00","og_image":[{"width":755,"height":475,"url":"https:\/\/www.diocesitn.it\/area-testimonianza\/wp-content\/uploads\/sites\/37\/2021\/12\/Carlassare_agensir.jpeg","type":"image\/jpeg"}],"author":"Claudia Dorigoni","twitter_card":"summary_large_image","twitter_misc":{"Scritto da":"Claudia Dorigoni","Tempo di lettura stimato":"1 minuto"},"schema":{"@context":"https:\/\/schema.org","@graph":[{"@type":"Article","@id":"https:\/\/www.diocesitn.it\/area-testimonianza\/2021\/12\/24\/ansia-di-pace-per-la-55a-giornata-mondiale-della-pace-1-gennaio-2022-arriva-a-trento-padre-carlassare-eletto-vescovo-in-sud-sudan-ferito-in-un-attentato-incontro-in-diretta-tv-e-streaming\/#article","isPartOf":{"@id":"https:\/\/www.diocesitn.it\/area-testimonianza\/2021\/12\/24\/ansia-di-pace-per-la-55a-giornata-mondiale-della-pace-1-gennaio-2022-arriva-a-trento-padre-carlassare-eletto-vescovo-in-sud-sudan-ferito-in-un-attentato-incontro-in-diretta-tv-e-streaming\/"},"author":{"name":"Claudia Dorigoni","@id":"https:\/\/www.diocesitn.it\/area-testimonianza\/#\/schema\/person\/5467191b81c25706baf09a59aab380a5"},"headline":"&#8220;Ansia di pace&#8221;. Per la 55\u00aa Giornata Mondiale della Pace, 1 gennaio 2022, arriva a Trento padre Carlassare, eletto vescovo in Sud Sudan, ferito in un attentato (incontro in diretta tv e streaming)","datePublished":"2021-12-24T09:00:16+00:00","dateModified":"2022-01-10T09:26:13+00:00","mainEntityOfPage":{"@id":"https:\/\/www.diocesitn.it\/area-testimonianza\/2021\/12\/24\/ansia-di-pace-per-la-55a-giornata-mondiale-della-pace-1-gennaio-2022-arriva-a-trento-padre-carlassare-eletto-vescovo-in-sud-sudan-ferito-in-un-attentato-incontro-in-diretta-tv-e-streaming\/"},"wordCount":303,"publisher":{"@id":"https:\/\/www.diocesitn.it\/area-testimonianza\/#organization"},"image":{"@id":"https:\/\/www.diocesitn.it\/area-testimonianza\/2021\/12\/24\/ansia-di-pace-per-la-55a-giornata-mondiale-della-pace-1-gennaio-2022-arriva-a-trento-padre-carlassare-eletto-vescovo-in-sud-sudan-ferito-in-un-attentato-incontro-in-diretta-tv-e-streaming\/#primaryimage"},"thumbnailUrl":"https:\/\/www.diocesitn.it\/area-testimonianza\/wp-content\/uploads\/sites\/37\/2021\/12\/Carlassare_agensir.jpeg","articleSection":["Area Testimonianza e Impegno sociale","Notizie"],"inLanguage":"it-IT","copyrightYear":"2021","copyrightHolder":{"@id":"https:\/\/www.diocesitn.it\/#organization"}},{"@type":"WebPage","@id":"https:\/\/www.diocesitn.it\/area-testimonianza\/2021\/12\/24\/ansia-di-pace-per-la-55a-giornata-mondiale-della-pace-1-gennaio-2022-arriva-a-trento-padre-carlassare-eletto-vescovo-in-sud-sudan-ferito-in-un-attentato-incontro-in-diretta-tv-e-streaming\/","url":"https:\/\/www.diocesitn.it\/area-testimonianza\/2021\/12\/24\/ansia-di-pace-per-la-55a-giornata-mondiale-della-pace-1-gennaio-2022-arriva-a-trento-padre-carlassare-eletto-vescovo-in-sud-sudan-ferito-in-un-attentato-incontro-in-diretta-tv-e-streaming\/","name":"\"Ansia di pace\". Per la 55\u00aa Giornata Mondiale della Pace, 1 gennaio 2022, arriva a Trento padre Carlassare, eletto vescovo in Sud Sudan, ferito in un attentato (incontro in diretta tv e streaming) - Testimonianza e Impegno sociale","isPartOf":{"@id":"https:\/\/www.diocesitn.it\/area-testimonianza\/#website"},"primaryImageOfPage":{"@id":"https:\/\/www.diocesitn.it\/area-testimonianza\/2021\/12\/24\/ansia-di-pace-per-la-55a-giornata-mondiale-della-pace-1-gennaio-2022-arriva-a-trento-padre-carlassare-eletto-vescovo-in-sud-sudan-ferito-in-un-attentato-incontro-in-diretta-tv-e-streaming\/#primaryimage"},"image":{"@id":"https:\/\/www.diocesitn.it\/area-testimonianza\/2021\/12\/24\/ansia-di-pace-per-la-55a-giornata-mondiale-della-pace-1-gennaio-2022-arriva-a-trento-padre-carlassare-eletto-vescovo-in-sud-sudan-ferito-in-un-attentato-incontro-in-diretta-tv-e-streaming\/#primaryimage"},"thumbnailUrl":"https:\/\/www.diocesitn.it\/area-testimonianza\/wp-content\/uploads\/sites\/37\/2021\/12\/Carlassare_agensir.jpeg","datePublished":"2021-12-24T09:00:16+00:00","dateModified":"2022-01-10T09:26:13+00:00","breadcrumb":{"@id":"https:\/\/www.diocesitn.it\/area-testimonianza\/2021\/12\/24\/ansia-di-pace-per-la-55a-giornata-mondiale-della-pace-1-gennaio-2022-arriva-a-trento-padre-carlassare-eletto-vescovo-in-sud-sudan-ferito-in-un-attentato-incontro-in-diretta-tv-e-streaming\/#breadcrumb"},"inLanguage":"it-IT","potentialAction":[{"@type":"ReadAction","target":["https:\/\/www.diocesitn.it\/area-testimonianza\/2021\/12\/24\/ansia-di-pace-per-la-55a-giornata-mondiale-della-pace-1-gennaio-2022-arriva-a-trento-padre-carlassare-eletto-vescovo-in-sud-sudan-ferito-in-un-attentato-incontro-in-diretta-tv-e-streaming\/"]}]},{"@type":"ImageObject","inLanguage":"it-IT","@id":"https:\/\/www.diocesitn.it\/area-testimonianza\/2021\/12\/24\/ansia-di-pace-per-la-55a-giornata-mondiale-della-pace-1-gennaio-2022-arriva-a-trento-padre-carlassare-eletto-vescovo-in-sud-sudan-ferito-in-un-attentato-incontro-in-diretta-tv-e-streaming\/#primaryimage","url":"https:\/\/www.diocesitn.it\/area-testimonianza\/wp-content\/uploads\/sites\/37\/2021\/12\/Carlassare_agensir.jpeg","contentUrl":"https:\/\/www.diocesitn.it\/area-testimonianza\/wp-content\/uploads\/sites\/37\/2021\/12\/Carlassare_agensir.jpeg","width":755,"height":475},{"@type":"BreadcrumbList","@id":"https:\/\/www.diocesitn.it\/area-testimonianza\/2021\/12\/24\/ansia-di-pace-per-la-55a-giornata-mondiale-della-pace-1-gennaio-2022-arriva-a-trento-padre-carlassare-eletto-vescovo-in-sud-sudan-ferito-in-un-attentato-incontro-in-diretta-tv-e-streaming\/#breadcrumb","itemListElement":[{"@type":"ListItem","position":1,"name":"Home","item":"https:\/\/www.diocesitn.it\/area-testimonianza\/"},{"@type":"ListItem","position":2,"name":"&#8220;Ansia di pace&#8221;. Per la 55\u00aa Giornata Mondiale della Pace, 1 gennaio 2022, arriva a Trento padre Carlassare, eletto vescovo in Sud Sudan, ferito in un attentato (incontro in diretta tv e streaming)"}]},{"@type":"WebSite","@id":"https:\/\/www.diocesitn.it\/area-testimonianza\/#website","url":"https:\/\/www.diocesitn.it\/area-testimonianza\/","name":"Testimonianza e Impegno sociale","description":"Chiesa di Trento","publisher":{"@id":"https:\/\/www.diocesitn.it\/area-testimonianza\/#organization"},"potentialAction":[{"@type":"SearchAction","target":{"@type":"EntryPoint","urlTemplate":"https:\/\/www.diocesitn.it\/area-testimonianza\/?s={search_term_string}"},"query-input":"required name=search_term_string"}],"inLanguage":"it-IT"},{"@type":["Organization","Place"],"@id":"https:\/\/www.diocesitn.it\/area-testimonianza\/#organization","name":"Area Testimonianza e Impegno Sociale - Chiesa di Trento","url":"https:\/\/www.diocesitn.it\/area-testimonianza\/","logo":{"@id":"https:\/\/www.diocesitn.it\/area-testimonianza\/2021\/12\/24\/ansia-di-pace-per-la-55a-giornata-mondiale-della-pace-1-gennaio-2022-arriva-a-trento-padre-carlassare-eletto-vescovo-in-sud-sudan-ferito-in-un-attentato-incontro-in-diretta-tv-e-streaming\/#local-main-organization-logo"},"image":{"@id":"https:\/\/www.diocesitn.it\/area-testimonianza\/2021\/12\/24\/ansia-di-pace-per-la-55a-giornata-mondiale-della-pace-1-gennaio-2022-arriva-a-trento-padre-carlassare-eletto-vescovo-in-sud-sudan-ferito-in-un-attentato-incontro-in-diretta-tv-e-streaming\/#local-main-organization-logo"},"openingHoursSpecification":[{"@type":"OpeningHoursSpecification","dayOfWeek":["Monday","Tuesday","Wednesday","Thursday","Friday","Saturday","Sunday"],"opens":"09:00","closes":"17:00"}]},{"@type":"ImageObject","inLanguage":"it-IT","@id":"https:\/\/www.diocesitn.it\/area-testimonianza\/2021\/12\/24\/ansia-di-pace-per-la-55a-giornata-mondiale-della-pace-1-gennaio-2022-arriva-a-trento-padre-carlassare-eletto-vescovo-in-sud-sudan-ferito-in-un-attentato-incontro-in-diretta-tv-e-streaming\/#local-main-organization-logo","url":"https:\/\/www.diocesitn.it\/area-testimonianza\/wp-content\/uploads\/sites\/37\/2021\/09\/og-logo-testimonianza-e-impegno-sociale.jpg","contentUrl":"https:\/\/www.diocesitn.it\/area-testimonianza\/wp-content\/uploads\/sites\/37\/2021\/09\/og-logo-testimonianza-e-impegno-sociale.jpg","width":1200,"height":630,"caption":"Area Testimonianza e Impegno Sociale - Chiesa di Trento"}]}},"_links":{"self":[{"href":"https:\/\/www.diocesitn.it\/area-testimonianza\/wp-json\/wp\/v2\/posts\/10382","targetHints":{"allow":["GET"]}}],"collection":[{"href":"https:\/\/www.diocesitn.it\/area-testimonianza\/wp-json\/wp\/v2\/posts"}],"about":[{"href":"https:\/\/www.diocesitn.it\/area-testimonianza\/wp-json\/wp\/v2\/types\/post"}],"author":[{"embeddable":true,"href":"https:\/\/www.diocesitn.it\/area-testimonianza\/wp-json\/wp\/v2\/users\/4"}],"replies":[{"embeddable":true,"href":"https:\/\/www.diocesitn.it\/area-testimonianza\/wp-json\/wp\/v2\/comments?post=10382"}],"version-history":[{"count":4,"href":"https:\/\/www.diocesitn.it\/area-testimonianza\/wp-json\/wp\/v2\/posts\/10382\/revisions"}],"predecessor-version":[{"id":10425,"href":"https:\/\/www.diocesitn.it\/area-testimonianza\/wp-json\/wp\/v2\/posts\/10382\/revisions\/10425"}],"wp:featuredmedia":[{"embeddable":true,"href":"https:\/\/www.diocesitn.it\/area-testimonianza\/wp-json\/wp\/v2\/media\/10384"}],"wp:attachment":[{"href":"https:\/\/www.diocesitn.it\/area-testimonianza\/wp-json\/wp\/v2\/media?parent=10382"}],"wp:term":[{"taxonomy":"category","embeddable":true,"href":"https:\/\/www.diocesitn.it\/area-testimonianza\/wp-json\/wp\/v2\/categories?post=10382"},{"taxonomy":"post_tag","embeddable":true,"href":"https:\/\/www.diocesitn.it\/area-testimonianza\/wp-json\/wp\/v2\/tags?post=10382"}],"curies":[{"name":"wp","href":"https:\/\/api.w.org\/{rel}","templated":true}]}}