{"id":10350,"date":"2021-12-20T16:22:53","date_gmt":"2021-12-20T15:22:53","guid":{"rendered":"https:\/\/www.diocesitn.it\/area-testimonianza\/2021\/12\/20\/martedi-21-dicembre-una-serata-online-con-le-caritas-del-nord-est-rotta-balcanica-e-europa-dove-finisce-lumanita\/"},"modified":"2024-11-14T11:25:20","modified_gmt":"2024-11-14T10:25:20","slug":"martedi-21-dicembre-una-serata-online-con-le-caritas-del-nord-est-rotta-balcanica-e-europa-dove-finisce-lumanita","status":"publish","type":"post","link":"https:\/\/www.diocesitn.it\/area-testimonianza\/2021\/12\/20\/martedi-21-dicembre-una-serata-online-con-le-caritas-del-nord-est-rotta-balcanica-e-europa-dove-finisce-lumanita\/","title":{"rendered":"Marted\u00ec 21 dicembre una serata online con le Caritas del Nord-est: &#8220;Rotta balcanica e Europa, dove finisce l\u2019umanit\u00e0?\u201d"},"content":{"rendered":"<p>\u201cL\u2019inverno dell\u2019umanit\u00e0\u201d. Questo il tema della serata che le Caritas della delegazione Nord-Est, ovvero del Friuli Venezia Giulia, del Trentino Alto Adige e del Veneto, promuovono per marted\u00ec 21 dicembre. Dalle 20.30 \u00e8 in programma un incontro online sulla drammatica situazione dei migranti lungo la Rotta balcanica. Interverranno Daniele Bombardi, coordinatore di Caritas Italiana per l\u2019area balcanica, e Laura Stopponi, responsabile dell\u2019Ufficio Europa di Caritas Italiana. \u201cDalla Bosnia, alla Serbia, alla Polonia, alla Bielorussia, passando per la Grecia, tutti siamo testimoni di una disumanit\u00e0 che stride con i valori su cui \u00e8 fondata l\u2019Unione europea\u201d, si legge in una nota, nella quale si sottolinea che \u201cil dialogo fra Stati membri \u00e8 necessario, ma \u00e8 altrettanto necessario ribadire che alcuni valori non sono negoziabili, a partire dall\u2019accoglienza e dalla protezione di chi, per una ragione od un\u2019altra, \u00e8 costretto a lasciare la propria casa\u201d.<br \/>\nPer questo \u201cLa Rotta balcanica e l\u2019Europa, dove finisce l\u2019umanit\u00e0\u201d \u00e8 il sottotitolo scelto per l\u2019incontro nel corso del quale verr\u00e0 presentata la situazione in atto e le iniziative programmate per affrontare l\u2019emergenza, attraverso la testimonianza di Daniele Bombardi, operatore in loco, che \u2013 spiega una nota \u2013 illustrer\u00e0 le azioni messe in atto e soprattutto aiuter\u00e0 i partecipanti a comprendere quali sono le reali necessit\u00e0 e come sostenere le attivit\u00e0 in corso.<br \/>\nSar\u00e0 possibile seguire l\u2019incontro in diretta streaming sul canale\u00a0<a href=\"https:\/\/youtu.be\/bXHy99yNUEY\" target=\"_blank\" rel=\"noopener\">YouTube della Caritas Tarvisina<\/a>.<\/p>\n<p><em>Fonte: SIR<\/em><\/p>\n","protected":false},"excerpt":{"rendered":"<p>\u201cL\u2019inverno dell\u2019umanit\u00e0\u201d. Questo il tema della serata che le Caritas della delegazione Nord-Est, ovvero del Friuli Venezia Giulia, del Trentino Alto Adige e del Veneto, promuovono per marted\u00ec 21 dicembre. Dalle 20.30 \u00e8 in programma<\/p>\n","protected":false},"author":168,"featured_media":9524,"comment_status":"closed","ping_status":"closed","sticky":false,"template":"","format":"standard","meta":{"footnotes":""},"categories":[1059,1074],"tags":[],"class_list":["post-10350","post","type-post","status-publish","format-standard","has-post-thumbnail","hentry","category-servizio-caritas","category-notizie"],"acf":{"seed-localization-paese-cod":"IT","seed-localization-address":"","seed-localization-citta":"Trento","seed-localization-regione-cod-istat":"04","seed-localization-citta-cod-istat":"022205","seed-localization-localita":"","seed-localization-cap":"","seed-localization-marker-visibility":false,"seed-localization-children-visibility":false,"seed-localization-kml":"","seed-localization-custom-marker":""},"yoast_head":"<!-- This site is optimized with the Yoast SEO Premium plugin v20.2.1 (Yoast SEO v22.2) - https:\/\/yoast.com\/wordpress\/plugins\/seo\/ -->\n<title>Marted\u00ec 21 dicembre una serata online con le Caritas del Nord-est: &quot;Rotta balcanica e Europa, dove finisce l\u2019umanit\u00e0?\u201d - Testimonianza e Impegno sociale<\/title>\n<meta name=\"robots\" content=\"index, follow, max-snippet:-1, max-image-preview:large, max-video-preview:-1\" \/>\n<link rel=\"canonical\" href=\"https:\/\/www.diocesitn.it\/area-testimonianza\/2021\/12\/20\/martedi-21-dicembre-una-serata-online-con-le-caritas-del-nord-est-rotta-balcanica-e-europa-dove-finisce-lumanita\/\" \/>\n<meta property=\"og:locale\" content=\"it_IT\" \/>\n<meta property=\"og:type\" content=\"article\" \/>\n<meta property=\"og:title\" content=\"Marted\u00ec 21 dicembre una serata online con le Caritas del Nord-est: &quot;Rotta balcanica e Europa, dove finisce l\u2019umanit\u00e0?\u201d\" \/>\n<meta property=\"og:description\" content=\"\u201cL\u2019inverno dell\u2019umanit\u00e0\u201d. Questo il tema della serata che le Caritas della delegazione Nord-Est, ovvero del Friuli Venezia Giulia, del Trentino Alto Adige e del Veneto, promuovono per marted\u00ec 21 dicembre. Dalle 20.30 \u00e8 in programma\" \/>\n<meta property=\"og:url\" content=\"https:\/\/www.diocesitn.it\/area-testimonianza\/2021\/12\/20\/martedi-21-dicembre-una-serata-online-con-le-caritas-del-nord-est-rotta-balcanica-e-europa-dove-finisce-lumanita\/\" \/>\n<meta property=\"og:site_name\" content=\"Testimonianza e Impegno sociale\" \/>\n<meta property=\"article:published_time\" content=\"2021-12-20T15:22:53+00:00\" \/>\n<meta property=\"article:modified_time\" content=\"2024-11-14T10:25:20+00:00\" \/>\n<meta property=\"og:image\" content=\"https:\/\/www.diocesitn.it\/area-testimonianza\/wp-content\/uploads\/sites\/37\/2021\/06\/Rotta-balcanica.jpg\" \/>\n\t<meta property=\"og:image:width\" content=\"955\" \/>\n\t<meta property=\"og:image:height\" content=\"428\" \/>\n\t<meta property=\"og:image:type\" content=\"image\/jpeg\" \/>\n<meta name=\"author\" content=\"losspapot\" \/>\n<meta name=\"twitter:card\" content=\"summary_large_image\" \/>\n<meta name=\"twitter:label1\" content=\"Scritto da\" \/>\n\t<meta name=\"twitter:data1\" content=\"losspapot\" \/>\n\t<meta name=\"twitter:label2\" content=\"Tempo di lettura stimato\" \/>\n\t<meta name=\"twitter:data2\" content=\"1 minuto\" \/>\n<script type=\"application\/ld+json\" class=\"yoast-schema-graph\">{\"@context\":\"https:\/\/schema.org\",\"@graph\":[{\"@type\":\"Article\",\"@id\":\"https:\/\/www.diocesitn.it\/area-testimonianza\/2021\/12\/20\/martedi-21-dicembre-una-serata-online-con-le-caritas-del-nord-est-rotta-balcanica-e-europa-dove-finisce-lumanita\/#article\",\"isPartOf\":{\"@id\":\"https:\/\/www.diocesitn.it\/area-testimonianza\/2021\/12\/20\/martedi-21-dicembre-una-serata-online-con-le-caritas-del-nord-est-rotta-balcanica-e-europa-dove-finisce-lumanita\/\"},\"author\":{\"name\":\"losspapot\",\"@id\":\"https:\/\/www.diocesitn.it\/area-testimonianza\/#\/schema\/person\/3526ceacb35e1aa4c86252e45adfad22\"},\"headline\":\"Marted\u00ec 21 dicembre una serata online con le Caritas del Nord-est: &#8220;Rotta balcanica e Europa, dove finisce l\u2019umanit\u00e0?\u201d\",\"datePublished\":\"2021-12-20T15:22:53+00:00\",\"dateModified\":\"2024-11-14T10:25:20+00:00\",\"mainEntityOfPage\":{\"@id\":\"https:\/\/www.diocesitn.it\/area-testimonianza\/2021\/12\/20\/martedi-21-dicembre-una-serata-online-con-le-caritas-del-nord-est-rotta-balcanica-e-europa-dove-finisce-lumanita\/\"},\"wordCount\":251,\"publisher\":{\"@id\":\"https:\/\/www.diocesitn.it\/area-testimonianza\/#organization\"},\"image\":{\"@id\":\"https:\/\/www.diocesitn.it\/area-testimonianza\/2021\/12\/20\/martedi-21-dicembre-una-serata-online-con-le-caritas-del-nord-est-rotta-balcanica-e-europa-dove-finisce-lumanita\/#primaryimage\"},\"thumbnailUrl\":\"https:\/\/www.diocesitn.it\/area-testimonianza\/wp-content\/uploads\/sites\/37\/2021\/06\/Rotta-balcanica.jpg\",\"articleSection\":[\"Caritas diocesana\",\"Notizie\"],\"inLanguage\":\"it-IT\",\"copyrightYear\":\"2021\",\"copyrightHolder\":{\"@id\":\"https:\/\/www.diocesitn.it\/#organization\"}},{\"@type\":\"WebPage\",\"@id\":\"https:\/\/www.diocesitn.it\/area-testimonianza\/2021\/12\/20\/martedi-21-dicembre-una-serata-online-con-le-caritas-del-nord-est-rotta-balcanica-e-europa-dove-finisce-lumanita\/\",\"url\":\"https:\/\/www.diocesitn.it\/area-testimonianza\/2021\/12\/20\/martedi-21-dicembre-una-serata-online-con-le-caritas-del-nord-est-rotta-balcanica-e-europa-dove-finisce-lumanita\/\",\"name\":\"Marted\u00ec 21 dicembre una serata online con le Caritas del Nord-est: \\\"Rotta balcanica e Europa, dove finisce l\u2019umanit\u00e0?\u201d - Testimonianza e Impegno sociale\",\"isPartOf\":{\"@id\":\"https:\/\/www.diocesitn.it\/area-testimonianza\/#website\"},\"primaryImageOfPage\":{\"@id\":\"https:\/\/www.diocesitn.it\/area-testimonianza\/2021\/12\/20\/martedi-21-dicembre-una-serata-online-con-le-caritas-del-nord-est-rotta-balcanica-e-europa-dove-finisce-lumanita\/#primaryimage\"},\"image\":{\"@id\":\"https:\/\/www.diocesitn.it\/area-testimonianza\/2021\/12\/20\/martedi-21-dicembre-una-serata-online-con-le-caritas-del-nord-est-rotta-balcanica-e-europa-dove-finisce-lumanita\/#primaryimage\"},\"thumbnailUrl\":\"https:\/\/www.diocesitn.it\/area-testimonianza\/wp-content\/uploads\/sites\/37\/2021\/06\/Rotta-balcanica.jpg\",\"datePublished\":\"2021-12-20T15:22:53+00:00\",\"dateModified\":\"2024-11-14T10:25:20+00:00\",\"breadcrumb\":{\"@id\":\"https:\/\/www.diocesitn.it\/area-testimonianza\/2021\/12\/20\/martedi-21-dicembre-una-serata-online-con-le-caritas-del-nord-est-rotta-balcanica-e-europa-dove-finisce-lumanita\/#breadcrumb\"},\"inLanguage\":\"it-IT\",\"potentialAction\":[{\"@type\":\"ReadAction\",\"target\":[\"https:\/\/www.diocesitn.it\/area-testimonianza\/2021\/12\/20\/martedi-21-dicembre-una-serata-online-con-le-caritas-del-nord-est-rotta-balcanica-e-europa-dove-finisce-lumanita\/\"]}]},{\"@type\":\"ImageObject\",\"inLanguage\":\"it-IT\",\"@id\":\"https:\/\/www.diocesitn.it\/area-testimonianza\/2021\/12\/20\/martedi-21-dicembre-una-serata-online-con-le-caritas-del-nord-est-rotta-balcanica-e-europa-dove-finisce-lumanita\/#primaryimage\",\"url\":\"https:\/\/www.diocesitn.it\/area-testimonianza\/wp-content\/uploads\/sites\/37\/2021\/06\/Rotta-balcanica.jpg\",\"contentUrl\":\"https:\/\/www.diocesitn.it\/area-testimonianza\/wp-content\/uploads\/sites\/37\/2021\/06\/Rotta-balcanica.jpg\",\"width\":955,\"height\":428},{\"@type\":\"BreadcrumbList\",\"@id\":\"https:\/\/www.diocesitn.it\/area-testimonianza\/2021\/12\/20\/martedi-21-dicembre-una-serata-online-con-le-caritas-del-nord-est-rotta-balcanica-e-europa-dove-finisce-lumanita\/#breadcrumb\",\"itemListElement\":[{\"@type\":\"ListItem\",\"position\":1,\"name\":\"Home\",\"item\":\"https:\/\/www.diocesitn.it\/area-testimonianza\/\"},{\"@type\":\"ListItem\",\"position\":2,\"name\":\"Marted\u00ec 21 dicembre una serata online con le Caritas del Nord-est: &#8220;Rotta balcanica e Europa, dove finisce l\u2019umanit\u00e0?\u201d\"}]},{\"@type\":\"WebSite\",\"@id\":\"https:\/\/www.diocesitn.it\/area-testimonianza\/#website\",\"url\":\"https:\/\/www.diocesitn.it\/area-testimonianza\/\",\"name\":\"Testimonianza e Impegno sociale\",\"description\":\"Chiesa di Trento\",\"publisher\":{\"@id\":\"https:\/\/www.diocesitn.it\/area-testimonianza\/#organization\"},\"potentialAction\":[{\"@type\":\"SearchAction\",\"target\":{\"@type\":\"EntryPoint\",\"urlTemplate\":\"https:\/\/www.diocesitn.it\/area-testimonianza\/?s={search_term_string}\"},\"query-input\":\"required name=search_term_string\"}],\"inLanguage\":\"it-IT\"},{\"@type\":[\"Organization\",\"Place\"],\"@id\":\"https:\/\/www.diocesitn.it\/area-testimonianza\/#organization\",\"name\":\"Area Testimonianza e Impegno Sociale - Chiesa di Trento\",\"url\":\"https:\/\/www.diocesitn.it\/area-testimonianza\/\",\"logo\":{\"@id\":\"https:\/\/www.diocesitn.it\/area-testimonianza\/2021\/12\/20\/martedi-21-dicembre-una-serata-online-con-le-caritas-del-nord-est-rotta-balcanica-e-europa-dove-finisce-lumanita\/#local-main-organization-logo\"},\"image\":{\"@id\":\"https:\/\/www.diocesitn.it\/area-testimonianza\/2021\/12\/20\/martedi-21-dicembre-una-serata-online-con-le-caritas-del-nord-est-rotta-balcanica-e-europa-dove-finisce-lumanita\/#local-main-organization-logo\"},\"openingHoursSpecification\":[{\"@type\":\"OpeningHoursSpecification\",\"dayOfWeek\":[\"Monday\",\"Tuesday\",\"Wednesday\",\"Thursday\",\"Friday\",\"Saturday\",\"Sunday\"],\"opens\":\"09:00\",\"closes\":\"17:00\"}]},{\"@type\":\"ImageObject\",\"inLanguage\":\"it-IT\",\"@id\":\"https:\/\/www.diocesitn.it\/area-testimonianza\/2021\/12\/20\/martedi-21-dicembre-una-serata-online-con-le-caritas-del-nord-est-rotta-balcanica-e-europa-dove-finisce-lumanita\/#local-main-organization-logo\",\"url\":\"https:\/\/www.diocesitn.it\/area-testimonianza\/wp-content\/uploads\/sites\/37\/2021\/09\/og-logo-testimonianza-e-impegno-sociale.jpg\",\"contentUrl\":\"https:\/\/www.diocesitn.it\/area-testimonianza\/wp-content\/uploads\/sites\/37\/2021\/09\/og-logo-testimonianza-e-impegno-sociale.jpg\",\"width\":1200,\"height\":630,\"caption\":\"Area Testimonianza e Impegno Sociale - Chiesa di Trento\"}]}<\/script>\n<!-- \/ Yoast SEO Premium plugin. -->","yoast_head_json":{"title":"Marted\u00ec 21 dicembre una serata online con le Caritas del Nord-est: \"Rotta balcanica e Europa, dove finisce l\u2019umanit\u00e0?\u201d - Testimonianza e Impegno sociale","robots":{"index":"index","follow":"follow","max-snippet":"max-snippet:-1","max-image-preview":"max-image-preview:large","max-video-preview":"max-video-preview:-1"},"canonical":"https:\/\/www.diocesitn.it\/area-testimonianza\/2021\/12\/20\/martedi-21-dicembre-una-serata-online-con-le-caritas-del-nord-est-rotta-balcanica-e-europa-dove-finisce-lumanita\/","og_locale":"it_IT","og_type":"article","og_title":"Marted\u00ec 21 dicembre una serata online con le Caritas del Nord-est: \"Rotta balcanica e Europa, dove finisce l\u2019umanit\u00e0?\u201d","og_description":"\u201cL\u2019inverno dell\u2019umanit\u00e0\u201d. Questo il tema della serata che le Caritas della delegazione Nord-Est, ovvero del Friuli Venezia Giulia, del Trentino Alto Adige e del Veneto, promuovono per marted\u00ec 21 dicembre. Dalle 20.30 \u00e8 in programma","og_url":"https:\/\/www.diocesitn.it\/area-testimonianza\/2021\/12\/20\/martedi-21-dicembre-una-serata-online-con-le-caritas-del-nord-est-rotta-balcanica-e-europa-dove-finisce-lumanita\/","og_site_name":"Testimonianza e Impegno sociale","article_published_time":"2021-12-20T15:22:53+00:00","article_modified_time":"2024-11-14T10:25:20+00:00","og_image":[{"width":955,"height":428,"url":"https:\/\/www.diocesitn.it\/area-testimonianza\/wp-content\/uploads\/sites\/37\/2021\/06\/Rotta-balcanica.jpg","type":"image\/jpeg"}],"author":"losspapot","twitter_card":"summary_large_image","twitter_misc":{"Scritto da":"losspapot","Tempo di lettura stimato":"1 minuto"},"schema":{"@context":"https:\/\/schema.org","@graph":[{"@type":"Article","@id":"https:\/\/www.diocesitn.it\/area-testimonianza\/2021\/12\/20\/martedi-21-dicembre-una-serata-online-con-le-caritas-del-nord-est-rotta-balcanica-e-europa-dove-finisce-lumanita\/#article","isPartOf":{"@id":"https:\/\/www.diocesitn.it\/area-testimonianza\/2021\/12\/20\/martedi-21-dicembre-una-serata-online-con-le-caritas-del-nord-est-rotta-balcanica-e-europa-dove-finisce-lumanita\/"},"author":{"name":"losspapot","@id":"https:\/\/www.diocesitn.it\/area-testimonianza\/#\/schema\/person\/3526ceacb35e1aa4c86252e45adfad22"},"headline":"Marted\u00ec 21 dicembre una serata online con le Caritas del Nord-est: &#8220;Rotta balcanica e Europa, dove finisce l\u2019umanit\u00e0?\u201d","datePublished":"2021-12-20T15:22:53+00:00","dateModified":"2024-11-14T10:25:20+00:00","mainEntityOfPage":{"@id":"https:\/\/www.diocesitn.it\/area-testimonianza\/2021\/12\/20\/martedi-21-dicembre-una-serata-online-con-le-caritas-del-nord-est-rotta-balcanica-e-europa-dove-finisce-lumanita\/"},"wordCount":251,"publisher":{"@id":"https:\/\/www.diocesitn.it\/area-testimonianza\/#organization"},"image":{"@id":"https:\/\/www.diocesitn.it\/area-testimonianza\/2021\/12\/20\/martedi-21-dicembre-una-serata-online-con-le-caritas-del-nord-est-rotta-balcanica-e-europa-dove-finisce-lumanita\/#primaryimage"},"thumbnailUrl":"https:\/\/www.diocesitn.it\/area-testimonianza\/wp-content\/uploads\/sites\/37\/2021\/06\/Rotta-balcanica.jpg","articleSection":["Caritas diocesana","Notizie"],"inLanguage":"it-IT","copyrightYear":"2021","copyrightHolder":{"@id":"https:\/\/www.diocesitn.it\/#organization"}},{"@type":"WebPage","@id":"https:\/\/www.diocesitn.it\/area-testimonianza\/2021\/12\/20\/martedi-21-dicembre-una-serata-online-con-le-caritas-del-nord-est-rotta-balcanica-e-europa-dove-finisce-lumanita\/","url":"https:\/\/www.diocesitn.it\/area-testimonianza\/2021\/12\/20\/martedi-21-dicembre-una-serata-online-con-le-caritas-del-nord-est-rotta-balcanica-e-europa-dove-finisce-lumanita\/","name":"Marted\u00ec 21 dicembre una serata online con le Caritas del Nord-est: \"Rotta balcanica e Europa, dove finisce l\u2019umanit\u00e0?\u201d - Testimonianza e Impegno sociale","isPartOf":{"@id":"https:\/\/www.diocesitn.it\/area-testimonianza\/#website"},"primaryImageOfPage":{"@id":"https:\/\/www.diocesitn.it\/area-testimonianza\/2021\/12\/20\/martedi-21-dicembre-una-serata-online-con-le-caritas-del-nord-est-rotta-balcanica-e-europa-dove-finisce-lumanita\/#primaryimage"},"image":{"@id":"https:\/\/www.diocesitn.it\/area-testimonianza\/2021\/12\/20\/martedi-21-dicembre-una-serata-online-con-le-caritas-del-nord-est-rotta-balcanica-e-europa-dove-finisce-lumanita\/#primaryimage"},"thumbnailUrl":"https:\/\/www.diocesitn.it\/area-testimonianza\/wp-content\/uploads\/sites\/37\/2021\/06\/Rotta-balcanica.jpg","datePublished":"2021-12-20T15:22:53+00:00","dateModified":"2024-11-14T10:25:20+00:00","breadcrumb":{"@id":"https:\/\/www.diocesitn.it\/area-testimonianza\/2021\/12\/20\/martedi-21-dicembre-una-serata-online-con-le-caritas-del-nord-est-rotta-balcanica-e-europa-dove-finisce-lumanita\/#breadcrumb"},"inLanguage":"it-IT","potentialAction":[{"@type":"ReadAction","target":["https:\/\/www.diocesitn.it\/area-testimonianza\/2021\/12\/20\/martedi-21-dicembre-una-serata-online-con-le-caritas-del-nord-est-rotta-balcanica-e-europa-dove-finisce-lumanita\/"]}]},{"@type":"ImageObject","inLanguage":"it-IT","@id":"https:\/\/www.diocesitn.it\/area-testimonianza\/2021\/12\/20\/martedi-21-dicembre-una-serata-online-con-le-caritas-del-nord-est-rotta-balcanica-e-europa-dove-finisce-lumanita\/#primaryimage","url":"https:\/\/www.diocesitn.it\/area-testimonianza\/wp-content\/uploads\/sites\/37\/2021\/06\/Rotta-balcanica.jpg","contentUrl":"https:\/\/www.diocesitn.it\/area-testimonianza\/wp-content\/uploads\/sites\/37\/2021\/06\/Rotta-balcanica.jpg","width":955,"height":428},{"@type":"BreadcrumbList","@id":"https:\/\/www.diocesitn.it\/area-testimonianza\/2021\/12\/20\/martedi-21-dicembre-una-serata-online-con-le-caritas-del-nord-est-rotta-balcanica-e-europa-dove-finisce-lumanita\/#breadcrumb","itemListElement":[{"@type":"ListItem","position":1,"name":"Home","item":"https:\/\/www.diocesitn.it\/area-testimonianza\/"},{"@type":"ListItem","position":2,"name":"Marted\u00ec 21 dicembre una serata online con le Caritas del Nord-est: &#8220;Rotta balcanica e Europa, dove finisce l\u2019umanit\u00e0?\u201d"}]},{"@type":"WebSite","@id":"https:\/\/www.diocesitn.it\/area-testimonianza\/#website","url":"https:\/\/www.diocesitn.it\/area-testimonianza\/","name":"Testimonianza e Impegno sociale","description":"Chiesa di Trento","publisher":{"@id":"https:\/\/www.diocesitn.it\/area-testimonianza\/#organization"},"potentialAction":[{"@type":"SearchAction","target":{"@type":"EntryPoint","urlTemplate":"https:\/\/www.diocesitn.it\/area-testimonianza\/?s={search_term_string}"},"query-input":"required name=search_term_string"}],"inLanguage":"it-IT"},{"@type":["Organization","Place"],"@id":"https:\/\/www.diocesitn.it\/area-testimonianza\/#organization","name":"Area Testimonianza e Impegno Sociale - Chiesa di Trento","url":"https:\/\/www.diocesitn.it\/area-testimonianza\/","logo":{"@id":"https:\/\/www.diocesitn.it\/area-testimonianza\/2021\/12\/20\/martedi-21-dicembre-una-serata-online-con-le-caritas-del-nord-est-rotta-balcanica-e-europa-dove-finisce-lumanita\/#local-main-organization-logo"},"image":{"@id":"https:\/\/www.diocesitn.it\/area-testimonianza\/2021\/12\/20\/martedi-21-dicembre-una-serata-online-con-le-caritas-del-nord-est-rotta-balcanica-e-europa-dove-finisce-lumanita\/#local-main-organization-logo"},"openingHoursSpecification":[{"@type":"OpeningHoursSpecification","dayOfWeek":["Monday","Tuesday","Wednesday","Thursday","Friday","Saturday","Sunday"],"opens":"09:00","closes":"17:00"}]},{"@type":"ImageObject","inLanguage":"it-IT","@id":"https:\/\/www.diocesitn.it\/area-testimonianza\/2021\/12\/20\/martedi-21-dicembre-una-serata-online-con-le-caritas-del-nord-est-rotta-balcanica-e-europa-dove-finisce-lumanita\/#local-main-organization-logo","url":"https:\/\/www.diocesitn.it\/area-testimonianza\/wp-content\/uploads\/sites\/37\/2021\/09\/og-logo-testimonianza-e-impegno-sociale.jpg","contentUrl":"https:\/\/www.diocesitn.it\/area-testimonianza\/wp-content\/uploads\/sites\/37\/2021\/09\/og-logo-testimonianza-e-impegno-sociale.jpg","width":1200,"height":630,"caption":"Area Testimonianza e Impegno Sociale - Chiesa di Trento"}]}},"_links":{"self":[{"href":"https:\/\/www.diocesitn.it\/area-testimonianza\/wp-json\/wp\/v2\/posts\/10350","targetHints":{"allow":["GET"]}}],"collection":[{"href":"https:\/\/www.diocesitn.it\/area-testimonianza\/wp-json\/wp\/v2\/posts"}],"about":[{"href":"https:\/\/www.diocesitn.it\/area-testimonianza\/wp-json\/wp\/v2\/types\/post"}],"author":[{"embeddable":true,"href":"https:\/\/www.diocesitn.it\/area-testimonianza\/wp-json\/wp\/v2\/users\/168"}],"replies":[{"embeddable":true,"href":"https:\/\/www.diocesitn.it\/area-testimonianza\/wp-json\/wp\/v2\/comments?post=10350"}],"version-history":[{"count":1,"href":"https:\/\/www.diocesitn.it\/area-testimonianza\/wp-json\/wp\/v2\/posts\/10350\/revisions"}],"predecessor-version":[{"id":10351,"href":"https:\/\/www.diocesitn.it\/area-testimonianza\/wp-json\/wp\/v2\/posts\/10350\/revisions\/10351"}],"wp:featuredmedia":[{"embeddable":true,"href":"https:\/\/www.diocesitn.it\/area-testimonianza\/wp-json\/wp\/v2\/media\/9524"}],"wp:attachment":[{"href":"https:\/\/www.diocesitn.it\/area-testimonianza\/wp-json\/wp\/v2\/media?parent=10350"}],"wp:term":[{"taxonomy":"category","embeddable":true,"href":"https:\/\/www.diocesitn.it\/area-testimonianza\/wp-json\/wp\/v2\/categories?post=10350"},{"taxonomy":"post_tag","embeddable":true,"href":"https:\/\/www.diocesitn.it\/area-testimonianza\/wp-json\/wp\/v2\/tags?post=10350"}],"curies":[{"name":"wp","href":"https:\/\/api.w.org\/{rel}","templated":true}]}}