{"id":10313,"date":"2021-12-13T12:43:09","date_gmt":"2021-12-13T11:43:09","guid":{"rendered":"https:\/\/www.diocesitn.it\/area-testimonianza\/2021\/12\/13\/bilancio-in-diocesi-delle-iniziative-solidali-dallaccoglienza-dei-senza-dimora-allattivita-di-infondo-speranza-e-dei-cedas-di-fronte-al-diffuso-disagio-relazionale-si-rinnova-l\/"},"modified":"2024-11-14T11:25:20","modified_gmt":"2024-11-14T10:25:20","slug":"bilancio-in-diocesi-delle-iniziative-solidali-dallaccoglienza-dei-senza-dimora-allattivita-di-infondo-speranza-e-dei-cedas-di-fronte-al-diffuso-disagio-relazionale-si-rinnova-l","status":"publish","type":"post","link":"https:\/\/www.diocesitn.it\/area-testimonianza\/2021\/12\/13\/bilancio-in-diocesi-delle-iniziative-solidali-dallaccoglienza-dei-senza-dimora-allattivita-di-infondo-speranza-e-dei-cedas-di-fronte-al-diffuso-disagio-relazionale-si-rinnova-l\/","title":{"rendered":"Bilancio in Diocesi dell&#8217;attivit\u00e0 di Caritas e FCS.  Cresce il disagio relazionale. Si rinnova l\u2019appello solidale ai giovani con \u201cPassi di prossimit\u00e0\u201d, vescovo Lauro: &#8220;Conto su di voi&#8221;"},"content":{"rendered":"<p>All\u2019indomani della <strong><a href=\"https:\/\/www.diocesitn.it\/site\/domenica-12-la-giornata-diocesana-dedicata-alla-carita-alle-ore-18-una-candela-accesa-ad-ogni-finestra\/\">Giornata della Carit\u00e0<\/a>, <\/strong>l\u2019<strong>arcivescovo di Trento Lauro Tisi<\/strong>, il<strong> delegato dell\u2019Area Testimonianza don Cristiano Bettega<\/strong> e il <strong>Referente Caritas Alessandro Martinelli<\/strong> hanno incontrato nella mattinata di luned\u00ec 13 dicembre gli operatori dei media nella chiesa di San Massimiliano Kolbe a Centochiavi, trasformata dallo scorso anno in dormitorio per senza dimora.<\/p>\n<p>Obiettivo: illustrare l\u2019<strong>attivit\u00e0 della Diocesi di Trento in risposta a povert\u00e0 e fragilit\u00e0 diffuse<\/strong>, accentuate dalla pandemia, e rilanciare l\u2019<strong>appello alla solidariet\u00e0<\/strong> rivolto soprattutto ai <strong>giovani<\/strong>. Le attivit\u00e0 solidali sono condotte in particolare da <strong>Caritas<\/strong> e <strong>Fondazione Comunit\u00e0 Solidale<\/strong>. \u201cC\u2019\u00e8 un grande dolore \u2013 nota l\u2019Arcivescovo riferendosi al perdurare dello stato di emergenza \u2013 un dolore che spesso non emerge perch\u00e9 \u00e8 difficile anche solo narrarlo: mi riferisco soprattutto al <strong>diffuso disagio relazionale<\/strong>, che va oltre i problemi di natura economica\u201d. \u201cL&#8217;impegno di un servizio a tutto tondo &#8211; ha aggiunto l&#8217;Arcivescovo, anche riferendosi alla tensione sociale legata all\u2019emergenza sanitaria &#8211; \u00e8 quello di <strong>passare dal guardarsi le spalle all&#8217;andare incontro all&#8217;altro<\/strong>: \u00e8 l&#8217;ora di gente che osa l&#8217;incontro e non si spaventa per la violenza e la frustrazione\u201d.<\/p>\n<p>L\u2019incontro con i media ha offerto a <strong>don Cristiano Bettega<\/strong> l\u2019opportunit\u00e0 di ribadire che la \u201ccarit\u00e0, ovvero il sentirsi prossimi, non \u00e8 appannaggio di un gruppo, fosse pure la stessa Caritas, a cui spetta il compito di \u2018rompere le scatole\u2019, ma il modo pi\u00f9 autentico, per ogni credente, di attuare il Vangelo. L\u2019impegno, per tutti, \u00e8 quello di conoscere ed essere parte della realt\u00e0 in cui si vive\u201d.<\/p>\n<p><strong>Alessandro Martinelli<\/strong> (referente Caritas) ha fatto il punto su alcuni ambiti concreti dell\u2019impegno solidale della Diocesi trentina. Eccoli nel dettaglio:<\/p>\n<h5><em><strong>Accoglienza invernale, aperte le strutture di Casa Sant\u2019Angela e San Massimiliano \u00a0<\/strong><\/em><\/h5>\n<p>Caritas e Fondazione Comunit\u00e0 Solidale continuano il loro servizio di accoglienza anche nei confronti di chi non ha casa. Se nella realt\u00e0 quotidiana le case di accoglienza di Trento e di Rovereto, sempre in rete grazie all\u2019apporto del Tavolo inclusione provinciale, continuano la loro azione di ospitalit\u00e0, ampliando i posti nel periodo invernale, anche quest\u2019anno la Diocesi \u00e8 intervenuta con le aperture straordinarie di casa <strong>San\u2019Angela <\/strong>(Trento, via Rosmini), grazie alla disponibilit\u00e0 della Compagnia di Sant\u2019Orsola, e della Chiesa di <strong>San<\/strong> <strong>Massimiliano Kolbe <\/strong>(Trento, Centochiavi), per garantire ospitalit\u00e0 ad un totale di <strong>50<\/strong> <strong>persone senza dimora<\/strong>, che sino alla fine di marzo potranno trovare un nuovo spazio di vita. Complessivamente, tra strutture stabili e quelle temporanee nella stagione fredda, sono <strong>125 i posti letto<\/strong> messi a disposizione dalla Diocesi.<\/p>\n<h5><strong><em>Passi di prossimit\u00e0. Si rinnova l\u2019appello ai giovani\u00a0<\/em><\/strong><\/h5>\n<p>L\u2019anno scorso, nella prima domenica d\u2019Avvento, l\u2019arcivescovo Lauro lanciava un <strong>appello ai giovani<\/strong> per compiere \u201c<strong>Passi di prossimit\u00e0<\/strong>\u201d a servizio delle fasce pi\u00f9 fragili della comunit\u00e0. All\u2019appello hanno risposto oltre <strong>100 giovani <\/strong>da tutto il Trentino, offrendosi in tempi e in modi diversi per servizi di ascolto, di aiuto e di accompagnamento. Ora l\u2019appello viene rilanciato nuovamente, prevedendo per i giovani <strong>due momenti di conoscenza dei servizi<\/strong>, uno a Trento, il 26 gennaio, e uno a Rovereto, il 28 gennaio. Da parte del vescovo Lauro un grazie convinto ai giovani: \u201cSono convinto che avremo nuove sorprese e intuizioni creative. Ai giovani ribadisco: conto su di voi!\u201d.<\/p>\n<h5><em><strong>L\u2019attivit\u00e0 dei Cedas, i Centri di Ascolto e di Solidariet\u00e0 Caritas<\/strong><\/em><\/h5>\n<p>Le persone incontrate dai <strong>Cedas di Trento e Rovereto<\/strong> nel corso del 2021 (da gennaio a fine ottobre) sono state <strong>1.131<\/strong>, per un totale di <strong>4.635 interventi<\/strong>, tra accoglienza, ascolto, servizio viveri e vestiario (NB. I dati si riferiscono alle <u>sole citt\u00e0 di Trento e Rovereto<\/u>, in attesa del rapporto relativo all\u2019attivit\u00e0 sul territorio). Per il <strong>40%<\/strong> si tratta di aiuti alimentari e di buoni spesa, in gran parte donati da enti, associazioni e privati, mentre \u00e8 aumentata la richiesta di sostegno per gli affitti, le utenze domestiche, le spese vive di accompagnamento sociale. Sull\u2019intero territorio sono presenti <strong>19 Centri di Ascolto e Solidariet\u00e0 zonali<\/strong> e <strong>25 Punti di ascolto parrocchiali<\/strong>, per un totale di <strong>44 luoghi Caritas<\/strong>, che quest\u2019anno hanno sostenuto pi\u00f9 di un migliaio di persone, fornendo, soprattutto grazie ai volontari, ascolto, accompagnamento e beni di prima necessit\u00e0. La realt\u00e0 Caritas di Riva del Garda, in particolare, quest\u2019anno \u00e8 stata scelta da Caritas Italiana per stilare l\u2019annuale Rapporto nazionale come esempio di sinergie di solidariet\u00e0 e per l\u2019alto numero di persone coinvolte.<\/p>\n<h5><strong><em>InFondo Speranza, il fondo straordinario in tempo di pandemia<\/em> <\/strong><\/h5>\n<p>Sono invece complessivamente <strong>346<\/strong> le persone aiutate in questi mesi di pandemia dal fondo straordinario \u201c<strong>InFondo speranza<\/strong>\u201d, avviato nel luglio 2020 per sostenere singoli e famiglie alle prese con le conseguenze socio-economiche dell\u2019emergenza in atto, distribuendo <strong>190.289 euro<\/strong> a fondo perduto. Una solidariet\u00e0 rivolta in particolare a disoccupati, lavoratori precari e autonomi che hanno subito l\u2019interruzione delle attivit\u00e0.<\/p>\n\n\n\t\t<style type='text\/css'>\n\n\t\t\t\/* PhotoSwipe Plugin *\/\n\t\t\t.psgal {\n\t\t\t\tmargin: auto;\n\t\t\t\tpadding-bottom:40px;\n\n\t\t\t\t-webkit-transition: all 0.4s ease;\n\t\t\t\t-moz-transition: all 0.4s ease;\n\t\t\t\t-o-transition: all 0.4s ease;\n\t\t\t\ttransition: all 0.4s ease;\n\t\t\t}\n\n\t\t\t.psgal figure {\n\t\t\t\tfloat: left;\n\t\t\t\ttext-align: center;\n    \t\t\twidth: 200px;\n                max-width: 50%;\n\t\t\t\tpadding:5px;\n\t\t\t\tmargin: 0px;\n\t\t\t\tbox-sizing:border-box;\n\t\t\t}\n\t\t\t.psgal a{\n\t\t\t\tdisplay:block;\n\t\t\t}\n\t\t\t.psgal figure figcaption{\n\t\t\t\tfont-size:13px;\n\t\t\t}\n\n\t\t\t.msnry{\n\t\t\t\tmargin:auto;\n\t\t\t}\n\t\t\t.pswp__caption__center{\n\t\t\t\ttext-align: center;\n\t\t\t}\n\t\t\t\n\n\t\t\t.photoswipe-gallery-caption{\n\t\t\t\tdisplay:none;\n\t\t\t}\n\n\t\t\t\n\t\t<\/style> <div style=\"clear:both\"><\/div>\n\n\t\t<div id=\"psgal_10313_1\" class=\"ps-gallery psgal gallery-columns-3 gallery-size-thumbnail\" itemscope itemtype=\"http:\/\/schema.org\/ImageGallery\" >\n\t\t\t\t<figure class=\"msnry_item\" itemscope itemtype=\"http:\/\/schema.org\/ImageObject\">\n\t\t\t\t\t<a href=\"https:\/\/www.diocesitn.it\/area-testimonianza\/wp-content\/uploads\/sites\/37\/2021\/12\/conferenza_stampa_caritas_13dic2021_1-1024x768.jpg\"\n\t\t\t\t\titemprop=\"contentUrl\"\n\t\t\t\t\tdata-pswp-width=\"800\" \n\t\t\t\t    data-pswp-height=\"600\" \n\t\t\t\t    data-cropped=\"true\"\n\t\t\t\t\tdata-caption=\"\"\n\t\t\t\t\tclass=\"post-thumbnail-image-link container-fixed-aspect-ratio__16-9\">\n\t\t\t\t        <img src=https:\/\/www.diocesitn.it\/area-testimonianza\/wp-content\/uploads\/sites\/37\/2021\/12\/conferenza_stampa_caritas_13dic2021_1-300x225.jpg itemprop=\"thumbnail\" alt=\"\"  \/>\n\t\t\t\t    <\/a>\n\t\t\t\t    <figcaption class=\"photoswipe-gallery-caption\" ><\/figcaption>\n\t\t\t    <\/figure>\n\t\t\t\t\n\t\t\t\t<figure class=\"msnry_item\" itemscope itemtype=\"http:\/\/schema.org\/ImageObject\">\n\t\t\t\t\t<a href=\"https:\/\/www.diocesitn.it\/area-testimonianza\/wp-content\/uploads\/sites\/37\/2021\/12\/conferenza_stampa_caritas_13dic2021_4-1024x768.jpg\"\n\t\t\t\t\titemprop=\"contentUrl\"\n\t\t\t\t\tdata-pswp-width=\"800\" \n\t\t\t\t    data-pswp-height=\"600\" \n\t\t\t\t    data-cropped=\"true\"\n\t\t\t\t\tdata-caption=\"\"\n\t\t\t\t\tclass=\"post-thumbnail-image-link container-fixed-aspect-ratio__16-9\">\n\t\t\t\t        <img src=https:\/\/www.diocesitn.it\/area-testimonianza\/wp-content\/uploads\/sites\/37\/2021\/12\/conferenza_stampa_caritas_13dic2021_4-300x225.jpg itemprop=\"thumbnail\" alt=\"\"  \/>\n\t\t\t\t    <\/a>\n\t\t\t\t    <figcaption class=\"photoswipe-gallery-caption\" ><\/figcaption>\n\t\t\t    <\/figure>\n\t\t\t\t\n\t\t\t\t<figure class=\"msnry_item\" itemscope itemtype=\"http:\/\/schema.org\/ImageObject\">\n\t\t\t\t\t<a href=\"https:\/\/www.diocesitn.it\/area-testimonianza\/wp-content\/uploads\/sites\/37\/2021\/12\/conferenza_stampa_caritas_13dic2021_3-1024x768.jpg\"\n\t\t\t\t\titemprop=\"contentUrl\"\n\t\t\t\t\tdata-pswp-width=\"800\" \n\t\t\t\t    data-pswp-height=\"600\" \n\t\t\t\t    data-cropped=\"true\"\n\t\t\t\t\tdata-caption=\"\"\n\t\t\t\t\tclass=\"post-thumbnail-image-link container-fixed-aspect-ratio__16-9\">\n\t\t\t\t        <img src=https:\/\/www.diocesitn.it\/area-testimonianza\/wp-content\/uploads\/sites\/37\/2021\/12\/conferenza_stampa_caritas_13dic2021_3-300x225.jpg itemprop=\"thumbnail\" alt=\"\"  \/>\n\t\t\t\t    <\/a>\n\t\t\t\t    <figcaption class=\"photoswipe-gallery-caption\" ><\/figcaption>\n\t\t\t    <\/figure>\n\t\t\t\t\n\t\t\t\t<figure class=\"msnry_item\" itemscope itemtype=\"http:\/\/schema.org\/ImageObject\">\n\t\t\t\t\t<a href=\"https:\/\/www.diocesitn.it\/area-testimonianza\/wp-content\/uploads\/sites\/37\/2021\/12\/conferenza_stampa_caritas_13dic2021_2-1024x768.jpg\"\n\t\t\t\t\titemprop=\"contentUrl\"\n\t\t\t\t\tdata-pswp-width=\"800\" \n\t\t\t\t    data-pswp-height=\"600\" \n\t\t\t\t    data-cropped=\"true\"\n\t\t\t\t\tdata-caption=\"\"\n\t\t\t\t\tclass=\"post-thumbnail-image-link container-fixed-aspect-ratio__16-9\">\n\t\t\t\t        <img src=https:\/\/www.diocesitn.it\/area-testimonianza\/wp-content\/uploads\/sites\/37\/2021\/12\/conferenza_stampa_caritas_13dic2021_2-300x225.jpg itemprop=\"thumbnail\" alt=\"\"  \/>\n\t\t\t\t    <\/a>\n\t\t\t\t    <figcaption class=\"photoswipe-gallery-caption\" ><\/figcaption>\n\t\t\t    <\/figure>\n\t\t\t\t<\/div>\n\t\t<div style='clear:both'><\/div>\n\t\n<p>&nbsp;<\/p>\n<h5><strong>DETTAGLIO DATI ATTIVITA\u2019 CARITAS\/FCS (2020\/2021)<\/strong><\/h5>\n<p>I dati e i numeri del 2020 vanno necessariamente letti alla luce di un anno estremamente diverso dagli altri, che ha costretto a ripensare e a modificare servizi e strutture, rimodulando l\u2019offerta e la gestione. Le case di accoglienza, in particolare, sono state trasformate in strutture con apertura continua, ventiquattr\u2019ore su ventiquattro, al fine di garantire agli ospiti la possibilit\u00e0 di risiedervi stabilmente in ordine alle indicazioni dei decreti del tempo di pandemia.<\/p>\n<p>Anche nei centri di ascolto e di solidariet\u00e0 sono sempre stati garantiti i servizi di primo ascolto, risultando difficile presidiare il territorio come in passato, sia per le normative in atto, sia per la sospensione dell\u2019attivit\u00e0 dei volontari. Non si possono tuttavia non evidenziare gli sforzi compiuti nel tentativo di non lasciare nessuno senza ascolto e senza accompagnamento.<\/p>\n<p>\u00c8 peculiarit\u00e0 di Caritas e Fondazione Comunit\u00e0 Solidale essere e vivere nel territorio, rafforzando una rete in grado di sostenere un sistema sociale improntato ad una solidariet\u00e0 condivisa. Essere sul territorio significa armonizzare le fragilit\u00e0 con le risorse, scoprire le potenzialit\u00e0 anche nei momenti di grande complessit\u00e0. Il territorio, poi, in particolare, \u00e8 la fonte primaria del volontariato, garanzia che solidariet\u00e0 e compassione non hanno mai smesso di stimolare la vita delle persone.<\/p>\n<h5><strong>Anno 2020 <\/strong><\/h5>\n<p><strong><u>area accoglienza<\/u><\/strong><\/p>\n<p><strong>Strutture di accoglienza<\/strong>: 544 persone accolte<\/p>\n<p>Casa Bonomelli, Comunit\u00e0 Il Sentiero, Casa Giuseppe \/ Trento<\/p>\n<p>Casa Il Portico \/ Rovereto<\/p>\n<p><strong>Centro diurno Il Portico<\/strong> \/ <strong>Rovereto<\/strong>: 280 accolti e 3.252 pranzi distribuiti<\/p>\n<p><strong>Unit\u00e0 di strada \/ Trento<\/strong>: 305 persone accompagnate<\/p>\n<p><strong>Accoglienza invernale<\/strong>: 170 persone accolte<\/p>\n<p>Casa s. Maria, Casa s. Angela, Coena Domini, San Massimiliano \/ Trento<\/p>\n<p><strong><u>area comunit\u00e0<\/u><\/strong><\/p>\n<p><strong>44 Centri di ascolto e Solidariet\u00e0 \/ Punti di ascolto parrocchiali<\/strong><\/p>\n<p><strong>2.204 persone incontrate<\/strong>\u00a0\u00a0\u00a0\u00a0\u00a0\u00a0\u00a0\u00a0\u00a0 11.462 aiuti alimentari<\/p>\n<p>19.336 sostegni economici<\/p>\n<p><strong>InFondo Speranza <\/strong><\/p>\n<p>228 domande accolte con 422.000 euro distribuiti a fondo perduto<\/p>\n<p>in sostegno a 712 persone<\/p>\n<p><strong>Credito solidale <\/strong><\/p>\n<p>44 prestiti erogati per oltre 89.000 euro<\/p>\n<p><strong><u>area promozione<\/u><\/strong><\/p>\n<p><strong>Progetto accoglienza Richiedenti UCI \/ Una Comunit\u00e0 Intera<\/strong><\/p>\n<p>14 alloggi disponibili per 84 persone accolte<\/p>\n<p><strong>Accoglienze diverse<\/strong><\/p>\n<p>8 alloggi per 33 persone accolte<\/p>\n<p><strong>Servizio carcere<\/strong><\/p>\n<p>346 persone sostenute<\/p>\n<p><strong><u>area abitare <\/u><\/strong><\/p>\n<p><strong>47 alloggi<\/strong>: 128 persone accolte<\/p>\n<p>Casa Chilometro 354, Rovereto \/ Casa Chizzola, Mori<\/p>\n<p>Appartamenti SemiProtetti, Trento \/ Progetto A.P.P., Rovereto<\/p>\n<p>Progetto Una canonica da vivere, Val di Non<\/p>\n<p>Progetto Fareassieme<\/p>\n<p>con 8 hope<\/p>\n<p><strong><u>area progetti<\/u><\/strong><\/p>\n<p><strong>42 persone<\/strong> affiancate nell\u2019orientamento lavorativo<\/p>\n<p><strong>\u00a0<\/strong><\/p>\n<h5><strong>Anno 2021 <\/strong>(da gennaio a novembre)<\/h5>\n<p>&nbsp;<\/p>\n<p><strong><u>area accoglienza<\/u><\/strong><\/p>\n<p><strong>Casa Sant\u2019Angela \/ Trento<\/strong> (23 posti fino al 19.04.22)<\/p>\n<p><strong>Chiesa di San Massimiliano \/ Trento<\/strong> (25 posti fino al 31.3.22)<\/p>\n<p><strong>Servizio Unit\u00e0 di Strada \/ Rovereto<\/strong> (attiva dal 18 novembre 2021)<\/p>\n<p><strong><u>area comunit\u00e0<\/u><\/strong><\/p>\n<p><strong>Centri di Ascolto e di Solidariet\u00e0 Caritas <\/strong><\/p>\n<p>(Trento, Rovereto, Riva del Garda, Mori)<\/p>\n<p><strong>1.131 persone incontrate<\/strong> (solo a Trento e Rovereto \u2013 in attesa dati territorio)<\/p>\n<p>4.635 interventi di solidariet\u00e0<\/p>\n<p><strong>InFondo Speranza<\/strong><\/p>\n<p>sostegno a 346 persone per 190.289 euro a fondo perduto<\/p>\n<p><strong>Alloggi famiglie \/ Trento<\/strong><\/p>\n<p>accoglienza familiari degenti in Protonterapia<\/p>\n<p><strong>Passi di Prossimit\u00e0 \/ Diocesi<\/strong><\/p>\n<p>proseguono percorsi di volontariato per giovani<\/p>\n<p>&nbsp;<\/p>\n<p><strong><u>area abitare<\/u><\/strong><\/p>\n<p><strong>Progetto accoglienza Richiedenti UCI \/ Una Comunit\u00e0 Intera<\/strong><\/p>\n<p>15 alloggi disponibili per 73 persone accolte<\/p>\n<p><strong>Una casa per tutti \/ Rovereto<\/strong><\/p>\n<p>progetto di accompagnamento e di facilitazione al mercato privato<\/p>\n<p>per stranieri<\/p>\n<p><strong><u>area progetti<\/u><\/strong><\/p>\n<p><strong>Sportello lavorare insieme<\/strong><\/p>\n<p>36 persone ascoltate e 236 interventi di orientamento lavorativo<\/p>\n<p><strong>Negozio Altr\u2019uso \/ Trento<\/strong><\/p>\n<p>20.162 prodotti venduti e 7.285 scontrini effettuati<\/p>\n<p><strong>Magazzino raccolta e distribuzione vestiario \/ Trento<\/strong><\/p>\n<p>1.048 presenze di consegna vestiario<\/p>\n<p>destinazioni: \u00a0\u00a0\u00a0 borse indumenti a persone segnalate dai servizi<\/p>\n<p>Ospedale s. Chiara, Unit\u00e0 di Strada, Appartamenti Protetti<\/p>\n<p>Casa della Giovane, strutture di accoglienza<\/p>\n<p><strong>Servizio carcere<\/strong>: 347 persone sostenute<\/p>\n","protected":false},"excerpt":{"rendered":"<p>All\u2019indomani della Giornata della Carit\u00e0, l\u2019arcivescovo di Trento Lauro Tisi, il delegato dell\u2019Area Testimonianza don Cristiano Bettega e il Referente Caritas Alessandro Martinelli hanno incontrato nella mattinata di luned\u00ec 13 dicembre gli operatori dei media<\/p>\n","protected":false},"author":4,"featured_media":10315,"comment_status":"closed","ping_status":"closed","sticky":false,"template":"","format":"standard","meta":{"footnotes":""},"categories":[1059,1074],"tags":[1752,1931,1815],"class_list":["post-10313","post","type-post","status-publish","format-standard","has-post-thumbnail","hentry","category-servizio-caritas","category-notizie","tag-caritas-trento","tag-giornata-della-carita","tag-solidarieta"],"acf":{"seed-localization-paese-cod":"IT","seed-localization-address":"","seed-localization-citta":"Trento","seed-localization-regione-cod-istat":"04","seed-localization-citta-cod-istat":"022205","seed-localization-localita":"","seed-localization-cap":"","seed-localization-marker-visibility":false,"seed-localization-children-visibility":false,"seed-localization-kml":"","seed-localization-custom-marker":""},"yoast_head":"<!-- This site is optimized with the Yoast SEO Premium plugin v20.2.1 (Yoast SEO v22.2) - https:\/\/yoast.com\/wordpress\/plugins\/seo\/ -->\n<title>Bilancio in Diocesi dell&#039;attivit\u00e0 di Caritas e FCS. Cresce il disagio relazionale. Si rinnova l\u2019appello solidale ai giovani con \u201cPassi di prossimit\u00e0\u201d, vescovo Lauro: &quot;Conto su di voi&quot; - Testimonianza e Impegno sociale<\/title>\n<meta name=\"robots\" content=\"index, follow, max-snippet:-1, max-image-preview:large, max-video-preview:-1\" \/>\n<link rel=\"canonical\" href=\"https:\/\/www.diocesitn.it\/area-testimonianza\/2021\/12\/13\/bilancio-in-diocesi-delle-iniziative-solidali-dallaccoglienza-dei-senza-dimora-allattivita-di-infondo-speranza-e-dei-cedas-di-fronte-al-diffuso-disagio-relazionale-si-rinnova-l\/\" \/>\n<meta property=\"og:locale\" content=\"it_IT\" \/>\n<meta property=\"og:type\" content=\"article\" \/>\n<meta property=\"og:title\" content=\"Bilancio in Diocesi dell&#039;attivit\u00e0 di Caritas e FCS. Cresce il disagio relazionale. Si rinnova l\u2019appello solidale ai giovani con \u201cPassi di prossimit\u00e0\u201d, vescovo Lauro: &quot;Conto su di voi&quot;\" \/>\n<meta property=\"og:description\" content=\"All\u2019indomani della Giornata della Carit\u00e0, l\u2019arcivescovo di Trento Lauro Tisi, il delegato dell\u2019Area Testimonianza don Cristiano Bettega e il Referente Caritas Alessandro Martinelli hanno incontrato nella mattinata di luned\u00ec 13 dicembre gli operatori dei media\" \/>\n<meta property=\"og:url\" content=\"https:\/\/www.diocesitn.it\/area-testimonianza\/2021\/12\/13\/bilancio-in-diocesi-delle-iniziative-solidali-dallaccoglienza-dei-senza-dimora-allattivita-di-infondo-speranza-e-dei-cedas-di-fronte-al-diffuso-disagio-relazionale-si-rinnova-l\/\" \/>\n<meta property=\"og:site_name\" content=\"Testimonianza e Impegno sociale\" \/>\n<meta property=\"article:published_time\" content=\"2021-12-13T11:43:09+00:00\" \/>\n<meta property=\"article:modified_time\" content=\"2024-11-14T10:25:20+00:00\" \/>\n<meta property=\"og:image\" content=\"https:\/\/www.diocesitn.it\/area-testimonianza\/wp-content\/uploads\/sites\/37\/2021\/12\/conferenza_stampa_caritas_13dic2021_2.jpg\" \/>\n\t<meta property=\"og:image:width\" content=\"2016\" \/>\n\t<meta property=\"og:image:height\" content=\"1512\" \/>\n\t<meta property=\"og:image:type\" content=\"image\/jpeg\" \/>\n<meta name=\"author\" content=\"Claudia Dorigoni\" \/>\n<meta name=\"twitter:card\" content=\"summary_large_image\" \/>\n<meta name=\"twitter:label1\" content=\"Scritto da\" \/>\n\t<meta name=\"twitter:data1\" content=\"Claudia Dorigoni\" \/>\n\t<meta name=\"twitter:label2\" content=\"Tempo di lettura stimato\" \/>\n\t<meta name=\"twitter:data2\" content=\"7 minuti\" \/>\n<script type=\"application\/ld+json\" class=\"yoast-schema-graph\">{\"@context\":\"https:\/\/schema.org\",\"@graph\":[{\"@type\":\"Article\",\"@id\":\"https:\/\/www.diocesitn.it\/area-testimonianza\/2021\/12\/13\/bilancio-in-diocesi-delle-iniziative-solidali-dallaccoglienza-dei-senza-dimora-allattivita-di-infondo-speranza-e-dei-cedas-di-fronte-al-diffuso-disagio-relazionale-si-rinnova-l\/#article\",\"isPartOf\":{\"@id\":\"https:\/\/www.diocesitn.it\/area-testimonianza\/2021\/12\/13\/bilancio-in-diocesi-delle-iniziative-solidali-dallaccoglienza-dei-senza-dimora-allattivita-di-infondo-speranza-e-dei-cedas-di-fronte-al-diffuso-disagio-relazionale-si-rinnova-l\/\"},\"author\":{\"name\":\"Claudia Dorigoni\",\"@id\":\"https:\/\/www.diocesitn.it\/area-testimonianza\/#\/schema\/person\/5467191b81c25706baf09a59aab380a5\"},\"headline\":\"Bilancio in Diocesi dell&#8217;attivit\u00e0 di Caritas e FCS. Cresce il disagio relazionale. Si rinnova l\u2019appello solidale ai giovani con \u201cPassi di prossimit\u00e0\u201d, vescovo Lauro: &#8220;Conto su di voi&#8221;\",\"datePublished\":\"2021-12-13T11:43:09+00:00\",\"dateModified\":\"2024-11-14T10:25:20+00:00\",\"mainEntityOfPage\":{\"@id\":\"https:\/\/www.diocesitn.it\/area-testimonianza\/2021\/12\/13\/bilancio-in-diocesi-delle-iniziative-solidali-dallaccoglienza-dei-senza-dimora-allattivita-di-infondo-speranza-e-dei-cedas-di-fronte-al-diffuso-disagio-relazionale-si-rinnova-l\/\"},\"wordCount\":1347,\"publisher\":{\"@id\":\"https:\/\/www.diocesitn.it\/area-testimonianza\/#organization\"},\"image\":{\"@id\":\"https:\/\/www.diocesitn.it\/area-testimonianza\/2021\/12\/13\/bilancio-in-diocesi-delle-iniziative-solidali-dallaccoglienza-dei-senza-dimora-allattivita-di-infondo-speranza-e-dei-cedas-di-fronte-al-diffuso-disagio-relazionale-si-rinnova-l\/#primaryimage\"},\"thumbnailUrl\":\"https:\/\/www.diocesitn.it\/area-testimonianza\/wp-content\/uploads\/sites\/37\/2021\/12\/conferenza_stampa_caritas_13dic2021_2.jpg\",\"keywords\":[\"caritas trento\",\"Giornata della carit\u00e0\",\"solidariet\u00e0\"],\"articleSection\":[\"Caritas diocesana\",\"Notizie\"],\"inLanguage\":\"it-IT\",\"copyrightYear\":\"2021\",\"copyrightHolder\":{\"@id\":\"https:\/\/www.diocesitn.it\/#organization\"}},{\"@type\":\"WebPage\",\"@id\":\"https:\/\/www.diocesitn.it\/area-testimonianza\/2021\/12\/13\/bilancio-in-diocesi-delle-iniziative-solidali-dallaccoglienza-dei-senza-dimora-allattivita-di-infondo-speranza-e-dei-cedas-di-fronte-al-diffuso-disagio-relazionale-si-rinnova-l\/\",\"url\":\"https:\/\/www.diocesitn.it\/area-testimonianza\/2021\/12\/13\/bilancio-in-diocesi-delle-iniziative-solidali-dallaccoglienza-dei-senza-dimora-allattivita-di-infondo-speranza-e-dei-cedas-di-fronte-al-diffuso-disagio-relazionale-si-rinnova-l\/\",\"name\":\"Bilancio in Diocesi dell'attivit\u00e0 di Caritas e FCS. Cresce il disagio relazionale. Si rinnova l\u2019appello solidale ai giovani con \u201cPassi di prossimit\u00e0\u201d, vescovo Lauro: \\\"Conto su di voi\\\" - Testimonianza e Impegno sociale\",\"isPartOf\":{\"@id\":\"https:\/\/www.diocesitn.it\/area-testimonianza\/#website\"},\"primaryImageOfPage\":{\"@id\":\"https:\/\/www.diocesitn.it\/area-testimonianza\/2021\/12\/13\/bilancio-in-diocesi-delle-iniziative-solidali-dallaccoglienza-dei-senza-dimora-allattivita-di-infondo-speranza-e-dei-cedas-di-fronte-al-diffuso-disagio-relazionale-si-rinnova-l\/#primaryimage\"},\"image\":{\"@id\":\"https:\/\/www.diocesitn.it\/area-testimonianza\/2021\/12\/13\/bilancio-in-diocesi-delle-iniziative-solidali-dallaccoglienza-dei-senza-dimora-allattivita-di-infondo-speranza-e-dei-cedas-di-fronte-al-diffuso-disagio-relazionale-si-rinnova-l\/#primaryimage\"},\"thumbnailUrl\":\"https:\/\/www.diocesitn.it\/area-testimonianza\/wp-content\/uploads\/sites\/37\/2021\/12\/conferenza_stampa_caritas_13dic2021_2.jpg\",\"datePublished\":\"2021-12-13T11:43:09+00:00\",\"dateModified\":\"2024-11-14T10:25:20+00:00\",\"breadcrumb\":{\"@id\":\"https:\/\/www.diocesitn.it\/area-testimonianza\/2021\/12\/13\/bilancio-in-diocesi-delle-iniziative-solidali-dallaccoglienza-dei-senza-dimora-allattivita-di-infondo-speranza-e-dei-cedas-di-fronte-al-diffuso-disagio-relazionale-si-rinnova-l\/#breadcrumb\"},\"inLanguage\":\"it-IT\",\"potentialAction\":[{\"@type\":\"ReadAction\",\"target\":[\"https:\/\/www.diocesitn.it\/area-testimonianza\/2021\/12\/13\/bilancio-in-diocesi-delle-iniziative-solidali-dallaccoglienza-dei-senza-dimora-allattivita-di-infondo-speranza-e-dei-cedas-di-fronte-al-diffuso-disagio-relazionale-si-rinnova-l\/\"]}]},{\"@type\":\"ImageObject\",\"inLanguage\":\"it-IT\",\"@id\":\"https:\/\/www.diocesitn.it\/area-testimonianza\/2021\/12\/13\/bilancio-in-diocesi-delle-iniziative-solidali-dallaccoglienza-dei-senza-dimora-allattivita-di-infondo-speranza-e-dei-cedas-di-fronte-al-diffuso-disagio-relazionale-si-rinnova-l\/#primaryimage\",\"url\":\"https:\/\/www.diocesitn.it\/area-testimonianza\/wp-content\/uploads\/sites\/37\/2021\/12\/conferenza_stampa_caritas_13dic2021_2.jpg\",\"contentUrl\":\"https:\/\/www.diocesitn.it\/area-testimonianza\/wp-content\/uploads\/sites\/37\/2021\/12\/conferenza_stampa_caritas_13dic2021_2.jpg\",\"width\":2016,\"height\":1512},{\"@type\":\"BreadcrumbList\",\"@id\":\"https:\/\/www.diocesitn.it\/area-testimonianza\/2021\/12\/13\/bilancio-in-diocesi-delle-iniziative-solidali-dallaccoglienza-dei-senza-dimora-allattivita-di-infondo-speranza-e-dei-cedas-di-fronte-al-diffuso-disagio-relazionale-si-rinnova-l\/#breadcrumb\",\"itemListElement\":[{\"@type\":\"ListItem\",\"position\":1,\"name\":\"Home\",\"item\":\"https:\/\/www.diocesitn.it\/area-testimonianza\/\"},{\"@type\":\"ListItem\",\"position\":2,\"name\":\"Bilancio in Diocesi dell&#8217;attivit\u00e0 di Caritas e FCS. Cresce il disagio relazionale. Si rinnova l\u2019appello solidale ai giovani con \u201cPassi di prossimit\u00e0\u201d, vescovo Lauro: &#8220;Conto su di voi&#8221;\"}]},{\"@type\":\"WebSite\",\"@id\":\"https:\/\/www.diocesitn.it\/area-testimonianza\/#website\",\"url\":\"https:\/\/www.diocesitn.it\/area-testimonianza\/\",\"name\":\"Testimonianza e Impegno sociale\",\"description\":\"Chiesa di Trento\",\"publisher\":{\"@id\":\"https:\/\/www.diocesitn.it\/area-testimonianza\/#organization\"},\"potentialAction\":[{\"@type\":\"SearchAction\",\"target\":{\"@type\":\"EntryPoint\",\"urlTemplate\":\"https:\/\/www.diocesitn.it\/area-testimonianza\/?s={search_term_string}\"},\"query-input\":\"required name=search_term_string\"}],\"inLanguage\":\"it-IT\"},{\"@type\":[\"Organization\",\"Place\"],\"@id\":\"https:\/\/www.diocesitn.it\/area-testimonianza\/#organization\",\"name\":\"Area Testimonianza e Impegno Sociale - Chiesa di Trento\",\"url\":\"https:\/\/www.diocesitn.it\/area-testimonianza\/\",\"logo\":{\"@id\":\"https:\/\/www.diocesitn.it\/area-testimonianza\/2021\/12\/13\/bilancio-in-diocesi-delle-iniziative-solidali-dallaccoglienza-dei-senza-dimora-allattivita-di-infondo-speranza-e-dei-cedas-di-fronte-al-diffuso-disagio-relazionale-si-rinnova-l\/#local-main-organization-logo\"},\"image\":{\"@id\":\"https:\/\/www.diocesitn.it\/area-testimonianza\/2021\/12\/13\/bilancio-in-diocesi-delle-iniziative-solidali-dallaccoglienza-dei-senza-dimora-allattivita-di-infondo-speranza-e-dei-cedas-di-fronte-al-diffuso-disagio-relazionale-si-rinnova-l\/#local-main-organization-logo\"},\"openingHoursSpecification\":[{\"@type\":\"OpeningHoursSpecification\",\"dayOfWeek\":[\"Monday\",\"Tuesday\",\"Wednesday\",\"Thursday\",\"Friday\",\"Saturday\",\"Sunday\"],\"opens\":\"09:00\",\"closes\":\"17:00\"}]},{\"@type\":\"ImageObject\",\"inLanguage\":\"it-IT\",\"@id\":\"https:\/\/www.diocesitn.it\/area-testimonianza\/2021\/12\/13\/bilancio-in-diocesi-delle-iniziative-solidali-dallaccoglienza-dei-senza-dimora-allattivita-di-infondo-speranza-e-dei-cedas-di-fronte-al-diffuso-disagio-relazionale-si-rinnova-l\/#local-main-organization-logo\",\"url\":\"https:\/\/www.diocesitn.it\/area-testimonianza\/wp-content\/uploads\/sites\/37\/2021\/09\/og-logo-testimonianza-e-impegno-sociale.jpg\",\"contentUrl\":\"https:\/\/www.diocesitn.it\/area-testimonianza\/wp-content\/uploads\/sites\/37\/2021\/09\/og-logo-testimonianza-e-impegno-sociale.jpg\",\"width\":1200,\"height\":630,\"caption\":\"Area Testimonianza e Impegno Sociale - Chiesa di Trento\"}]}<\/script>\n<!-- \/ Yoast SEO Premium plugin. -->","yoast_head_json":{"title":"Bilancio in Diocesi dell'attivit\u00e0 di Caritas e FCS. Cresce il disagio relazionale. Si rinnova l\u2019appello solidale ai giovani con \u201cPassi di prossimit\u00e0\u201d, vescovo Lauro: \"Conto su di voi\" - Testimonianza e Impegno sociale","robots":{"index":"index","follow":"follow","max-snippet":"max-snippet:-1","max-image-preview":"max-image-preview:large","max-video-preview":"max-video-preview:-1"},"canonical":"https:\/\/www.diocesitn.it\/area-testimonianza\/2021\/12\/13\/bilancio-in-diocesi-delle-iniziative-solidali-dallaccoglienza-dei-senza-dimora-allattivita-di-infondo-speranza-e-dei-cedas-di-fronte-al-diffuso-disagio-relazionale-si-rinnova-l\/","og_locale":"it_IT","og_type":"article","og_title":"Bilancio in Diocesi dell'attivit\u00e0 di Caritas e FCS. Cresce il disagio relazionale. Si rinnova l\u2019appello solidale ai giovani con \u201cPassi di prossimit\u00e0\u201d, vescovo Lauro: \"Conto su di voi\"","og_description":"All\u2019indomani della Giornata della Carit\u00e0, l\u2019arcivescovo di Trento Lauro Tisi, il delegato dell\u2019Area Testimonianza don Cristiano Bettega e il Referente Caritas Alessandro Martinelli hanno incontrato nella mattinata di luned\u00ec 13 dicembre gli operatori dei media","og_url":"https:\/\/www.diocesitn.it\/area-testimonianza\/2021\/12\/13\/bilancio-in-diocesi-delle-iniziative-solidali-dallaccoglienza-dei-senza-dimora-allattivita-di-infondo-speranza-e-dei-cedas-di-fronte-al-diffuso-disagio-relazionale-si-rinnova-l\/","og_site_name":"Testimonianza e Impegno sociale","article_published_time":"2021-12-13T11:43:09+00:00","article_modified_time":"2024-11-14T10:25:20+00:00","og_image":[{"width":2016,"height":1512,"url":"https:\/\/www.diocesitn.it\/area-testimonianza\/wp-content\/uploads\/sites\/37\/2021\/12\/conferenza_stampa_caritas_13dic2021_2.jpg","type":"image\/jpeg"}],"author":"Claudia Dorigoni","twitter_card":"summary_large_image","twitter_misc":{"Scritto da":"Claudia Dorigoni","Tempo di lettura stimato":"7 minuti"},"schema":{"@context":"https:\/\/schema.org","@graph":[{"@type":"Article","@id":"https:\/\/www.diocesitn.it\/area-testimonianza\/2021\/12\/13\/bilancio-in-diocesi-delle-iniziative-solidali-dallaccoglienza-dei-senza-dimora-allattivita-di-infondo-speranza-e-dei-cedas-di-fronte-al-diffuso-disagio-relazionale-si-rinnova-l\/#article","isPartOf":{"@id":"https:\/\/www.diocesitn.it\/area-testimonianza\/2021\/12\/13\/bilancio-in-diocesi-delle-iniziative-solidali-dallaccoglienza-dei-senza-dimora-allattivita-di-infondo-speranza-e-dei-cedas-di-fronte-al-diffuso-disagio-relazionale-si-rinnova-l\/"},"author":{"name":"Claudia Dorigoni","@id":"https:\/\/www.diocesitn.it\/area-testimonianza\/#\/schema\/person\/5467191b81c25706baf09a59aab380a5"},"headline":"Bilancio in Diocesi dell&#8217;attivit\u00e0 di Caritas e FCS. Cresce il disagio relazionale. Si rinnova l\u2019appello solidale ai giovani con \u201cPassi di prossimit\u00e0\u201d, vescovo Lauro: &#8220;Conto su di voi&#8221;","datePublished":"2021-12-13T11:43:09+00:00","dateModified":"2024-11-14T10:25:20+00:00","mainEntityOfPage":{"@id":"https:\/\/www.diocesitn.it\/area-testimonianza\/2021\/12\/13\/bilancio-in-diocesi-delle-iniziative-solidali-dallaccoglienza-dei-senza-dimora-allattivita-di-infondo-speranza-e-dei-cedas-di-fronte-al-diffuso-disagio-relazionale-si-rinnova-l\/"},"wordCount":1347,"publisher":{"@id":"https:\/\/www.diocesitn.it\/area-testimonianza\/#organization"},"image":{"@id":"https:\/\/www.diocesitn.it\/area-testimonianza\/2021\/12\/13\/bilancio-in-diocesi-delle-iniziative-solidali-dallaccoglienza-dei-senza-dimora-allattivita-di-infondo-speranza-e-dei-cedas-di-fronte-al-diffuso-disagio-relazionale-si-rinnova-l\/#primaryimage"},"thumbnailUrl":"https:\/\/www.diocesitn.it\/area-testimonianza\/wp-content\/uploads\/sites\/37\/2021\/12\/conferenza_stampa_caritas_13dic2021_2.jpg","keywords":["caritas trento","Giornata della carit\u00e0","solidariet\u00e0"],"articleSection":["Caritas diocesana","Notizie"],"inLanguage":"it-IT","copyrightYear":"2021","copyrightHolder":{"@id":"https:\/\/www.diocesitn.it\/#organization"}},{"@type":"WebPage","@id":"https:\/\/www.diocesitn.it\/area-testimonianza\/2021\/12\/13\/bilancio-in-diocesi-delle-iniziative-solidali-dallaccoglienza-dei-senza-dimora-allattivita-di-infondo-speranza-e-dei-cedas-di-fronte-al-diffuso-disagio-relazionale-si-rinnova-l\/","url":"https:\/\/www.diocesitn.it\/area-testimonianza\/2021\/12\/13\/bilancio-in-diocesi-delle-iniziative-solidali-dallaccoglienza-dei-senza-dimora-allattivita-di-infondo-speranza-e-dei-cedas-di-fronte-al-diffuso-disagio-relazionale-si-rinnova-l\/","name":"Bilancio in Diocesi dell'attivit\u00e0 di Caritas e FCS. Cresce il disagio relazionale. Si rinnova l\u2019appello solidale ai giovani con \u201cPassi di prossimit\u00e0\u201d, vescovo Lauro: \"Conto su di voi\" - Testimonianza e Impegno sociale","isPartOf":{"@id":"https:\/\/www.diocesitn.it\/area-testimonianza\/#website"},"primaryImageOfPage":{"@id":"https:\/\/www.diocesitn.it\/area-testimonianza\/2021\/12\/13\/bilancio-in-diocesi-delle-iniziative-solidali-dallaccoglienza-dei-senza-dimora-allattivita-di-infondo-speranza-e-dei-cedas-di-fronte-al-diffuso-disagio-relazionale-si-rinnova-l\/#primaryimage"},"image":{"@id":"https:\/\/www.diocesitn.it\/area-testimonianza\/2021\/12\/13\/bilancio-in-diocesi-delle-iniziative-solidali-dallaccoglienza-dei-senza-dimora-allattivita-di-infondo-speranza-e-dei-cedas-di-fronte-al-diffuso-disagio-relazionale-si-rinnova-l\/#primaryimage"},"thumbnailUrl":"https:\/\/www.diocesitn.it\/area-testimonianza\/wp-content\/uploads\/sites\/37\/2021\/12\/conferenza_stampa_caritas_13dic2021_2.jpg","datePublished":"2021-12-13T11:43:09+00:00","dateModified":"2024-11-14T10:25:20+00:00","breadcrumb":{"@id":"https:\/\/www.diocesitn.it\/area-testimonianza\/2021\/12\/13\/bilancio-in-diocesi-delle-iniziative-solidali-dallaccoglienza-dei-senza-dimora-allattivita-di-infondo-speranza-e-dei-cedas-di-fronte-al-diffuso-disagio-relazionale-si-rinnova-l\/#breadcrumb"},"inLanguage":"it-IT","potentialAction":[{"@type":"ReadAction","target":["https:\/\/www.diocesitn.it\/area-testimonianza\/2021\/12\/13\/bilancio-in-diocesi-delle-iniziative-solidali-dallaccoglienza-dei-senza-dimora-allattivita-di-infondo-speranza-e-dei-cedas-di-fronte-al-diffuso-disagio-relazionale-si-rinnova-l\/"]}]},{"@type":"ImageObject","inLanguage":"it-IT","@id":"https:\/\/www.diocesitn.it\/area-testimonianza\/2021\/12\/13\/bilancio-in-diocesi-delle-iniziative-solidali-dallaccoglienza-dei-senza-dimora-allattivita-di-infondo-speranza-e-dei-cedas-di-fronte-al-diffuso-disagio-relazionale-si-rinnova-l\/#primaryimage","url":"https:\/\/www.diocesitn.it\/area-testimonianza\/wp-content\/uploads\/sites\/37\/2021\/12\/conferenza_stampa_caritas_13dic2021_2.jpg","contentUrl":"https:\/\/www.diocesitn.it\/area-testimonianza\/wp-content\/uploads\/sites\/37\/2021\/12\/conferenza_stampa_caritas_13dic2021_2.jpg","width":2016,"height":1512},{"@type":"BreadcrumbList","@id":"https:\/\/www.diocesitn.it\/area-testimonianza\/2021\/12\/13\/bilancio-in-diocesi-delle-iniziative-solidali-dallaccoglienza-dei-senza-dimora-allattivita-di-infondo-speranza-e-dei-cedas-di-fronte-al-diffuso-disagio-relazionale-si-rinnova-l\/#breadcrumb","itemListElement":[{"@type":"ListItem","position":1,"name":"Home","item":"https:\/\/www.diocesitn.it\/area-testimonianza\/"},{"@type":"ListItem","position":2,"name":"Bilancio in Diocesi dell&#8217;attivit\u00e0 di Caritas e FCS. Cresce il disagio relazionale. Si rinnova l\u2019appello solidale ai giovani con \u201cPassi di prossimit\u00e0\u201d, vescovo Lauro: &#8220;Conto su di voi&#8221;"}]},{"@type":"WebSite","@id":"https:\/\/www.diocesitn.it\/area-testimonianza\/#website","url":"https:\/\/www.diocesitn.it\/area-testimonianza\/","name":"Testimonianza e Impegno sociale","description":"Chiesa di Trento","publisher":{"@id":"https:\/\/www.diocesitn.it\/area-testimonianza\/#organization"},"potentialAction":[{"@type":"SearchAction","target":{"@type":"EntryPoint","urlTemplate":"https:\/\/www.diocesitn.it\/area-testimonianza\/?s={search_term_string}"},"query-input":"required name=search_term_string"}],"inLanguage":"it-IT"},{"@type":["Organization","Place"],"@id":"https:\/\/www.diocesitn.it\/area-testimonianza\/#organization","name":"Area Testimonianza e Impegno Sociale - Chiesa di Trento","url":"https:\/\/www.diocesitn.it\/area-testimonianza\/","logo":{"@id":"https:\/\/www.diocesitn.it\/area-testimonianza\/2021\/12\/13\/bilancio-in-diocesi-delle-iniziative-solidali-dallaccoglienza-dei-senza-dimora-allattivita-di-infondo-speranza-e-dei-cedas-di-fronte-al-diffuso-disagio-relazionale-si-rinnova-l\/#local-main-organization-logo"},"image":{"@id":"https:\/\/www.diocesitn.it\/area-testimonianza\/2021\/12\/13\/bilancio-in-diocesi-delle-iniziative-solidali-dallaccoglienza-dei-senza-dimora-allattivita-di-infondo-speranza-e-dei-cedas-di-fronte-al-diffuso-disagio-relazionale-si-rinnova-l\/#local-main-organization-logo"},"openingHoursSpecification":[{"@type":"OpeningHoursSpecification","dayOfWeek":["Monday","Tuesday","Wednesday","Thursday","Friday","Saturday","Sunday"],"opens":"09:00","closes":"17:00"}]},{"@type":"ImageObject","inLanguage":"it-IT","@id":"https:\/\/www.diocesitn.it\/area-testimonianza\/2021\/12\/13\/bilancio-in-diocesi-delle-iniziative-solidali-dallaccoglienza-dei-senza-dimora-allattivita-di-infondo-speranza-e-dei-cedas-di-fronte-al-diffuso-disagio-relazionale-si-rinnova-l\/#local-main-organization-logo","url":"https:\/\/www.diocesitn.it\/area-testimonianza\/wp-content\/uploads\/sites\/37\/2021\/09\/og-logo-testimonianza-e-impegno-sociale.jpg","contentUrl":"https:\/\/www.diocesitn.it\/area-testimonianza\/wp-content\/uploads\/sites\/37\/2021\/09\/og-logo-testimonianza-e-impegno-sociale.jpg","width":1200,"height":630,"caption":"Area Testimonianza e Impegno Sociale - Chiesa di Trento"}]}},"_links":{"self":[{"href":"https:\/\/www.diocesitn.it\/area-testimonianza\/wp-json\/wp\/v2\/posts\/10313","targetHints":{"allow":["GET"]}}],"collection":[{"href":"https:\/\/www.diocesitn.it\/area-testimonianza\/wp-json\/wp\/v2\/posts"}],"about":[{"href":"https:\/\/www.diocesitn.it\/area-testimonianza\/wp-json\/wp\/v2\/types\/post"}],"author":[{"embeddable":true,"href":"https:\/\/www.diocesitn.it\/area-testimonianza\/wp-json\/wp\/v2\/users\/4"}],"replies":[{"embeddable":true,"href":"https:\/\/www.diocesitn.it\/area-testimonianza\/wp-json\/wp\/v2\/comments?post=10313"}],"version-history":[{"count":2,"href":"https:\/\/www.diocesitn.it\/area-testimonianza\/wp-json\/wp\/v2\/posts\/10313\/revisions"}],"predecessor-version":[{"id":10319,"href":"https:\/\/www.diocesitn.it\/area-testimonianza\/wp-json\/wp\/v2\/posts\/10313\/revisions\/10319"}],"wp:featuredmedia":[{"embeddable":true,"href":"https:\/\/www.diocesitn.it\/area-testimonianza\/wp-json\/wp\/v2\/media\/10315"}],"wp:attachment":[{"href":"https:\/\/www.diocesitn.it\/area-testimonianza\/wp-json\/wp\/v2\/media?parent=10313"}],"wp:term":[{"taxonomy":"category","embeddable":true,"href":"https:\/\/www.diocesitn.it\/area-testimonianza\/wp-json\/wp\/v2\/categories?post=10313"},{"taxonomy":"post_tag","embeddable":true,"href":"https:\/\/www.diocesitn.it\/area-testimonianza\/wp-json\/wp\/v2\/tags?post=10313"}],"curies":[{"name":"wp","href":"https:\/\/api.w.org\/{rel}","templated":true}]}}