{"id":10278,"date":"2021-12-02T11:57:45","date_gmt":"2021-12-02T10:57:45","guid":{"rendered":"https:\/\/www.diocesitn.it\/area-testimonianza\/?p=10278"},"modified":"2024-11-14T11:25:20","modified_gmt":"2024-11-14T10:25:20","slug":"giornata-diocesana-della-carita-2021","status":"publish","type":"post","link":"https:\/\/www.diocesitn.it\/area-testimonianza\/2021\/12\/02\/giornata-diocesana-della-carita-2021\/","title":{"rendered":"Giornata diocesana della Carit\u00e0 2021"},"content":{"rendered":"<p>A met\u00e0 dell\u2019Avvento, ci ritroviamo a vivere, come da tanti anni, una <strong>Giornata destinata al tema della Carit\u00e0<\/strong>.<\/p>\n<p>\u00c8 una Giornata in cui siamo chiamati a testimoniare innanzitutto il senso della comunit\u00e0, dell\u2019appartenenza ad un contesto plurale, del farci carico delle tante fragilit\u00e0.<\/p>\n<p>Sono gli stessi motivi per cui la Caritas diocesana continua ad essere esperienza di vicinanza, di ascolto, di sostegno; e che anno dopo anno sperimenta in prima persona.<\/p>\n<p>Grazie al lavoro dei territori, delle parrocchie, dei tanti volontari. Grazie alla disponibilit\u00e0 di donne e uomini sempre attenti alla solidariet\u00e0 e alla condivisione.<\/p>\n<p>E di questo vogliamo ancora una volta ringraziare!<\/p>\n<p>Certo, il tempo che stiamo vivendo non ci aiuta, e le richieste non accennano a diminuire. Soprattutto da parte di famiglie in gravi situazioni debitorie.<\/p>\n<p>\u00c8 il motivo per cui la Giornata che celebreremo <strong><u>domenica 12 dicembre<\/u><\/strong>, \u00e8 dedicata alla raccolta di offerte da destinare a queste situazioni, frutto di una crisi che sta invadendo i cuori e i corpi di tanti nostri fratelli e sorelle.<\/p>\n<p>Come l\u2019anno scorso, si \u00e8 pensato anche ad un gesto che si invita a divulgare: <strong><u>alle 18 di domenica 12 dicembre, chiediamo a tutti di <\/u><a href=\"https:\/\/www.diocesitn.it\/area-testimonianza\/wp-content\/uploads\/sites\/37\/2021\/12\/2021-Avvento-candela.pdf\"><u>accendere una candela<\/u><\/a><\/strong> e di poggiarla accanto a un finestra come segno di speranza e di comunione.<\/p>\n<p>Sempre domenica 12 dicembre, <a href=\"https:\/\/www.diocesitn.it\/area-testimonianza\/2021\/12\/02\/giornata-diocesana-della-carita-2021\/locandina-spazi-prossimi\/\"><strong><span style=\"text-decoration: underline\">gli<\/span> <u>spazi di via Giusti 11, a Trento, rimarranno aperti tutto il giorno<\/u><\/strong><\/a>, con il negozio Altr\u2019uso, alcuni stand dedicati alla solidariet\u00e0 e con una <strong><u>raccolta di guanti, sciarpe e berretti da destinare ai pi\u00f9 poveri<\/u><\/strong>, e tra questi, chi vive la realt\u00e0 del carcere.<\/p>\n","protected":false},"excerpt":{"rendered":"<p>A met\u00e0 dell\u2019Avvento, ci ritroviamo a vivere, come da tanti anni, una Giornata destinata al tema della Carit\u00e0. \u00c8 una Giornata in cui siamo chiamati a testimoniare innanzitutto il senso della comunit\u00e0, dell\u2019appartenenza ad un<\/p>\n","protected":false},"author":4,"featured_media":10283,"comment_status":"closed","ping_status":"closed","sticky":false,"template":"","format":"standard","meta":{"footnotes":""},"categories":[1059,1074],"tags":[1931],"class_list":["post-10278","post","type-post","status-publish","format-standard","has-post-thumbnail","hentry","category-servizio-caritas","category-notizie","tag-giornata-della-carita"],"acf":{"seed-localization-paese-cod":"IT","seed-localization-address":"","seed-localization-citta":"Trento","seed-localization-regione-cod-istat":"04","seed-localization-citta-cod-istat":"022205","seed-localization-localita":"","seed-localization-cap":"","seed-localization-marker-visibility":false,"seed-localization-children-visibility":false,"seed-localization-kml":"","seed-localization-custom-marker":""},"yoast_head":"<!-- This site is optimized with the Yoast SEO Premium plugin v20.2.1 (Yoast SEO v22.2) - https:\/\/yoast.com\/wordpress\/plugins\/seo\/ -->\n<title>Giornata diocesana della Carit\u00e0 2021 - Testimonianza e Impegno sociale<\/title>\n<meta name=\"robots\" content=\"index, follow, max-snippet:-1, max-image-preview:large, max-video-preview:-1\" \/>\n<link rel=\"canonical\" href=\"https:\/\/www.diocesitn.it\/area-testimonianza\/2021\/12\/02\/giornata-diocesana-della-carita-2021\/\" \/>\n<meta property=\"og:locale\" content=\"it_IT\" \/>\n<meta property=\"og:type\" content=\"article\" \/>\n<meta property=\"og:title\" content=\"Giornata diocesana della Carit\u00e0 2021\" \/>\n<meta property=\"og:description\" content=\"A met\u00e0 dell\u2019Avvento, ci ritroviamo a vivere, come da tanti anni, una Giornata destinata al tema della Carit\u00e0. \u00c8 una Giornata in cui siamo chiamati a testimoniare innanzitutto il senso della comunit\u00e0, dell\u2019appartenenza ad un\" \/>\n<meta property=\"og:url\" content=\"https:\/\/www.diocesitn.it\/area-testimonianza\/2021\/12\/02\/giornata-diocesana-della-carita-2021\/\" \/>\n<meta property=\"og:site_name\" content=\"Testimonianza e Impegno sociale\" \/>\n<meta property=\"article:published_time\" content=\"2021-12-02T10:57:45+00:00\" \/>\n<meta property=\"article:modified_time\" content=\"2024-11-14T10:25:20+00:00\" \/>\n<meta property=\"og:image\" content=\"https:\/\/www.diocesitn.it\/area-testimonianza\/wp-content\/uploads\/sites\/37\/2021\/12\/carita-1024x768.png\" \/>\n\t<meta property=\"og:image:width\" content=\"1024\" \/>\n\t<meta property=\"og:image:height\" content=\"768\" \/>\n\t<meta property=\"og:image:type\" content=\"image\/png\" \/>\n<meta name=\"author\" content=\"Claudia Dorigoni\" \/>\n<meta name=\"twitter:card\" content=\"summary_large_image\" \/>\n<meta name=\"twitter:label1\" content=\"Scritto da\" \/>\n\t<meta name=\"twitter:data1\" content=\"Claudia Dorigoni\" \/>\n\t<meta name=\"twitter:label2\" content=\"Tempo di lettura stimato\" \/>\n\t<meta name=\"twitter:data2\" content=\"2 minuti\" \/>\n<script type=\"application\/ld+json\" class=\"yoast-schema-graph\">{\"@context\":\"https:\/\/schema.org\",\"@graph\":[{\"@type\":\"Article\",\"@id\":\"https:\/\/www.diocesitn.it\/area-testimonianza\/2021\/12\/02\/giornata-diocesana-della-carita-2021\/#article\",\"isPartOf\":{\"@id\":\"https:\/\/www.diocesitn.it\/area-testimonianza\/2021\/12\/02\/giornata-diocesana-della-carita-2021\/\"},\"author\":{\"name\":\"Claudia Dorigoni\",\"@id\":\"https:\/\/www.diocesitn.it\/area-testimonianza\/#\/schema\/person\/5467191b81c25706baf09a59aab380a5\"},\"headline\":\"Giornata diocesana della Carit\u00e0 2021\",\"datePublished\":\"2021-12-02T10:57:45+00:00\",\"dateModified\":\"2024-11-14T10:25:20+00:00\",\"mainEntityOfPage\":{\"@id\":\"https:\/\/www.diocesitn.it\/area-testimonianza\/2021\/12\/02\/giornata-diocesana-della-carita-2021\/\"},\"wordCount\":259,\"publisher\":{\"@id\":\"https:\/\/www.diocesitn.it\/area-testimonianza\/#organization\"},\"image\":{\"@id\":\"https:\/\/www.diocesitn.it\/area-testimonianza\/2021\/12\/02\/giornata-diocesana-della-carita-2021\/#primaryimage\"},\"thumbnailUrl\":\"https:\/\/www.diocesitn.it\/area-testimonianza\/wp-content\/uploads\/sites\/37\/2021\/12\/carita.png\",\"keywords\":[\"Giornata della carit\u00e0\"],\"articleSection\":[\"Caritas diocesana\",\"Notizie\"],\"inLanguage\":\"it-IT\",\"copyrightYear\":\"2021\",\"copyrightHolder\":{\"@id\":\"https:\/\/www.diocesitn.it\/#organization\"}},{\"@type\":\"WebPage\",\"@id\":\"https:\/\/www.diocesitn.it\/area-testimonianza\/2021\/12\/02\/giornata-diocesana-della-carita-2021\/\",\"url\":\"https:\/\/www.diocesitn.it\/area-testimonianza\/2021\/12\/02\/giornata-diocesana-della-carita-2021\/\",\"name\":\"Giornata diocesana della Carit\u00e0 2021 - Testimonianza e Impegno sociale\",\"isPartOf\":{\"@id\":\"https:\/\/www.diocesitn.it\/area-testimonianza\/#website\"},\"primaryImageOfPage\":{\"@id\":\"https:\/\/www.diocesitn.it\/area-testimonianza\/2021\/12\/02\/giornata-diocesana-della-carita-2021\/#primaryimage\"},\"image\":{\"@id\":\"https:\/\/www.diocesitn.it\/area-testimonianza\/2021\/12\/02\/giornata-diocesana-della-carita-2021\/#primaryimage\"},\"thumbnailUrl\":\"https:\/\/www.diocesitn.it\/area-testimonianza\/wp-content\/uploads\/sites\/37\/2021\/12\/carita.png\",\"datePublished\":\"2021-12-02T10:57:45+00:00\",\"dateModified\":\"2024-11-14T10:25:20+00:00\",\"breadcrumb\":{\"@id\":\"https:\/\/www.diocesitn.it\/area-testimonianza\/2021\/12\/02\/giornata-diocesana-della-carita-2021\/#breadcrumb\"},\"inLanguage\":\"it-IT\",\"potentialAction\":[{\"@type\":\"ReadAction\",\"target\":[\"https:\/\/www.diocesitn.it\/area-testimonianza\/2021\/12\/02\/giornata-diocesana-della-carita-2021\/\"]}]},{\"@type\":\"ImageObject\",\"inLanguage\":\"it-IT\",\"@id\":\"https:\/\/www.diocesitn.it\/area-testimonianza\/2021\/12\/02\/giornata-diocesana-della-carita-2021\/#primaryimage\",\"url\":\"https:\/\/www.diocesitn.it\/area-testimonianza\/wp-content\/uploads\/sites\/37\/2021\/12\/carita.png\",\"contentUrl\":\"https:\/\/www.diocesitn.it\/area-testimonianza\/wp-content\/uploads\/sites\/37\/2021\/12\/carita.png\",\"width\":1920,\"height\":1440},{\"@type\":\"BreadcrumbList\",\"@id\":\"https:\/\/www.diocesitn.it\/area-testimonianza\/2021\/12\/02\/giornata-diocesana-della-carita-2021\/#breadcrumb\",\"itemListElement\":[{\"@type\":\"ListItem\",\"position\":1,\"name\":\"Home\",\"item\":\"https:\/\/www.diocesitn.it\/area-testimonianza\/\"},{\"@type\":\"ListItem\",\"position\":2,\"name\":\"Giornata diocesana della Carit\u00e0 2021\"}]},{\"@type\":\"WebSite\",\"@id\":\"https:\/\/www.diocesitn.it\/area-testimonianza\/#website\",\"url\":\"https:\/\/www.diocesitn.it\/area-testimonianza\/\",\"name\":\"Testimonianza e Impegno sociale\",\"description\":\"Chiesa di Trento\",\"publisher\":{\"@id\":\"https:\/\/www.diocesitn.it\/area-testimonianza\/#organization\"},\"potentialAction\":[{\"@type\":\"SearchAction\",\"target\":{\"@type\":\"EntryPoint\",\"urlTemplate\":\"https:\/\/www.diocesitn.it\/area-testimonianza\/?s={search_term_string}\"},\"query-input\":\"required name=search_term_string\"}],\"inLanguage\":\"it-IT\"},{\"@type\":[\"Organization\",\"Place\"],\"@id\":\"https:\/\/www.diocesitn.it\/area-testimonianza\/#organization\",\"name\":\"Area Testimonianza e Impegno Sociale - Chiesa di Trento\",\"url\":\"https:\/\/www.diocesitn.it\/area-testimonianza\/\",\"logo\":{\"@id\":\"https:\/\/www.diocesitn.it\/area-testimonianza\/2021\/12\/02\/giornata-diocesana-della-carita-2021\/#local-main-organization-logo\"},\"image\":{\"@id\":\"https:\/\/www.diocesitn.it\/area-testimonianza\/2021\/12\/02\/giornata-diocesana-della-carita-2021\/#local-main-organization-logo\"},\"openingHoursSpecification\":[{\"@type\":\"OpeningHoursSpecification\",\"dayOfWeek\":[\"Monday\",\"Tuesday\",\"Wednesday\",\"Thursday\",\"Friday\",\"Saturday\",\"Sunday\"],\"opens\":\"09:00\",\"closes\":\"17:00\"}]},{\"@type\":\"ImageObject\",\"inLanguage\":\"it-IT\",\"@id\":\"https:\/\/www.diocesitn.it\/area-testimonianza\/2021\/12\/02\/giornata-diocesana-della-carita-2021\/#local-main-organization-logo\",\"url\":\"https:\/\/www.diocesitn.it\/area-testimonianza\/wp-content\/uploads\/sites\/37\/2021\/09\/og-logo-testimonianza-e-impegno-sociale.jpg\",\"contentUrl\":\"https:\/\/www.diocesitn.it\/area-testimonianza\/wp-content\/uploads\/sites\/37\/2021\/09\/og-logo-testimonianza-e-impegno-sociale.jpg\",\"width\":1200,\"height\":630,\"caption\":\"Area Testimonianza e Impegno Sociale - Chiesa di Trento\"}]}<\/script>\n<!-- \/ Yoast SEO Premium plugin. -->","yoast_head_json":{"title":"Giornata diocesana della Carit\u00e0 2021 - Testimonianza e Impegno sociale","robots":{"index":"index","follow":"follow","max-snippet":"max-snippet:-1","max-image-preview":"max-image-preview:large","max-video-preview":"max-video-preview:-1"},"canonical":"https:\/\/www.diocesitn.it\/area-testimonianza\/2021\/12\/02\/giornata-diocesana-della-carita-2021\/","og_locale":"it_IT","og_type":"article","og_title":"Giornata diocesana della Carit\u00e0 2021","og_description":"A met\u00e0 dell\u2019Avvento, ci ritroviamo a vivere, come da tanti anni, una Giornata destinata al tema della Carit\u00e0. \u00c8 una Giornata in cui siamo chiamati a testimoniare innanzitutto il senso della comunit\u00e0, dell\u2019appartenenza ad un","og_url":"https:\/\/www.diocesitn.it\/area-testimonianza\/2021\/12\/02\/giornata-diocesana-della-carita-2021\/","og_site_name":"Testimonianza e Impegno sociale","article_published_time":"2021-12-02T10:57:45+00:00","article_modified_time":"2024-11-14T10:25:20+00:00","og_image":[{"width":1024,"height":768,"url":"https:\/\/www.diocesitn.it\/area-testimonianza\/wp-content\/uploads\/sites\/37\/2021\/12\/carita-1024x768.png","type":"image\/png"}],"author":"Claudia Dorigoni","twitter_card":"summary_large_image","twitter_misc":{"Scritto da":"Claudia Dorigoni","Tempo di lettura stimato":"2 minuti"},"schema":{"@context":"https:\/\/schema.org","@graph":[{"@type":"Article","@id":"https:\/\/www.diocesitn.it\/area-testimonianza\/2021\/12\/02\/giornata-diocesana-della-carita-2021\/#article","isPartOf":{"@id":"https:\/\/www.diocesitn.it\/area-testimonianza\/2021\/12\/02\/giornata-diocesana-della-carita-2021\/"},"author":{"name":"Claudia Dorigoni","@id":"https:\/\/www.diocesitn.it\/area-testimonianza\/#\/schema\/person\/5467191b81c25706baf09a59aab380a5"},"headline":"Giornata diocesana della Carit\u00e0 2021","datePublished":"2021-12-02T10:57:45+00:00","dateModified":"2024-11-14T10:25:20+00:00","mainEntityOfPage":{"@id":"https:\/\/www.diocesitn.it\/area-testimonianza\/2021\/12\/02\/giornata-diocesana-della-carita-2021\/"},"wordCount":259,"publisher":{"@id":"https:\/\/www.diocesitn.it\/area-testimonianza\/#organization"},"image":{"@id":"https:\/\/www.diocesitn.it\/area-testimonianza\/2021\/12\/02\/giornata-diocesana-della-carita-2021\/#primaryimage"},"thumbnailUrl":"https:\/\/www.diocesitn.it\/area-testimonianza\/wp-content\/uploads\/sites\/37\/2021\/12\/carita.png","keywords":["Giornata della carit\u00e0"],"articleSection":["Caritas diocesana","Notizie"],"inLanguage":"it-IT","copyrightYear":"2021","copyrightHolder":{"@id":"https:\/\/www.diocesitn.it\/#organization"}},{"@type":"WebPage","@id":"https:\/\/www.diocesitn.it\/area-testimonianza\/2021\/12\/02\/giornata-diocesana-della-carita-2021\/","url":"https:\/\/www.diocesitn.it\/area-testimonianza\/2021\/12\/02\/giornata-diocesana-della-carita-2021\/","name":"Giornata diocesana della Carit\u00e0 2021 - Testimonianza e Impegno sociale","isPartOf":{"@id":"https:\/\/www.diocesitn.it\/area-testimonianza\/#website"},"primaryImageOfPage":{"@id":"https:\/\/www.diocesitn.it\/area-testimonianza\/2021\/12\/02\/giornata-diocesana-della-carita-2021\/#primaryimage"},"image":{"@id":"https:\/\/www.diocesitn.it\/area-testimonianza\/2021\/12\/02\/giornata-diocesana-della-carita-2021\/#primaryimage"},"thumbnailUrl":"https:\/\/www.diocesitn.it\/area-testimonianza\/wp-content\/uploads\/sites\/37\/2021\/12\/carita.png","datePublished":"2021-12-02T10:57:45+00:00","dateModified":"2024-11-14T10:25:20+00:00","breadcrumb":{"@id":"https:\/\/www.diocesitn.it\/area-testimonianza\/2021\/12\/02\/giornata-diocesana-della-carita-2021\/#breadcrumb"},"inLanguage":"it-IT","potentialAction":[{"@type":"ReadAction","target":["https:\/\/www.diocesitn.it\/area-testimonianza\/2021\/12\/02\/giornata-diocesana-della-carita-2021\/"]}]},{"@type":"ImageObject","inLanguage":"it-IT","@id":"https:\/\/www.diocesitn.it\/area-testimonianza\/2021\/12\/02\/giornata-diocesana-della-carita-2021\/#primaryimage","url":"https:\/\/www.diocesitn.it\/area-testimonianza\/wp-content\/uploads\/sites\/37\/2021\/12\/carita.png","contentUrl":"https:\/\/www.diocesitn.it\/area-testimonianza\/wp-content\/uploads\/sites\/37\/2021\/12\/carita.png","width":1920,"height":1440},{"@type":"BreadcrumbList","@id":"https:\/\/www.diocesitn.it\/area-testimonianza\/2021\/12\/02\/giornata-diocesana-della-carita-2021\/#breadcrumb","itemListElement":[{"@type":"ListItem","position":1,"name":"Home","item":"https:\/\/www.diocesitn.it\/area-testimonianza\/"},{"@type":"ListItem","position":2,"name":"Giornata diocesana della Carit\u00e0 2021"}]},{"@type":"WebSite","@id":"https:\/\/www.diocesitn.it\/area-testimonianza\/#website","url":"https:\/\/www.diocesitn.it\/area-testimonianza\/","name":"Testimonianza e Impegno sociale","description":"Chiesa di Trento","publisher":{"@id":"https:\/\/www.diocesitn.it\/area-testimonianza\/#organization"},"potentialAction":[{"@type":"SearchAction","target":{"@type":"EntryPoint","urlTemplate":"https:\/\/www.diocesitn.it\/area-testimonianza\/?s={search_term_string}"},"query-input":"required name=search_term_string"}],"inLanguage":"it-IT"},{"@type":["Organization","Place"],"@id":"https:\/\/www.diocesitn.it\/area-testimonianza\/#organization","name":"Area Testimonianza e Impegno Sociale - Chiesa di Trento","url":"https:\/\/www.diocesitn.it\/area-testimonianza\/","logo":{"@id":"https:\/\/www.diocesitn.it\/area-testimonianza\/2021\/12\/02\/giornata-diocesana-della-carita-2021\/#local-main-organization-logo"},"image":{"@id":"https:\/\/www.diocesitn.it\/area-testimonianza\/2021\/12\/02\/giornata-diocesana-della-carita-2021\/#local-main-organization-logo"},"openingHoursSpecification":[{"@type":"OpeningHoursSpecification","dayOfWeek":["Monday","Tuesday","Wednesday","Thursday","Friday","Saturday","Sunday"],"opens":"09:00","closes":"17:00"}]},{"@type":"ImageObject","inLanguage":"it-IT","@id":"https:\/\/www.diocesitn.it\/area-testimonianza\/2021\/12\/02\/giornata-diocesana-della-carita-2021\/#local-main-organization-logo","url":"https:\/\/www.diocesitn.it\/area-testimonianza\/wp-content\/uploads\/sites\/37\/2021\/09\/og-logo-testimonianza-e-impegno-sociale.jpg","contentUrl":"https:\/\/www.diocesitn.it\/area-testimonianza\/wp-content\/uploads\/sites\/37\/2021\/09\/og-logo-testimonianza-e-impegno-sociale.jpg","width":1200,"height":630,"caption":"Area Testimonianza e Impegno Sociale - Chiesa di Trento"}]}},"_links":{"self":[{"href":"https:\/\/www.diocesitn.it\/area-testimonianza\/wp-json\/wp\/v2\/posts\/10278","targetHints":{"allow":["GET"]}}],"collection":[{"href":"https:\/\/www.diocesitn.it\/area-testimonianza\/wp-json\/wp\/v2\/posts"}],"about":[{"href":"https:\/\/www.diocesitn.it\/area-testimonianza\/wp-json\/wp\/v2\/types\/post"}],"author":[{"embeddable":true,"href":"https:\/\/www.diocesitn.it\/area-testimonianza\/wp-json\/wp\/v2\/users\/4"}],"replies":[{"embeddable":true,"href":"https:\/\/www.diocesitn.it\/area-testimonianza\/wp-json\/wp\/v2\/comments?post=10278"}],"version-history":[{"count":3,"href":"https:\/\/www.diocesitn.it\/area-testimonianza\/wp-json\/wp\/v2\/posts\/10278\/revisions"}],"predecessor-version":[{"id":10292,"href":"https:\/\/www.diocesitn.it\/area-testimonianza\/wp-json\/wp\/v2\/posts\/10278\/revisions\/10292"}],"wp:featuredmedia":[{"embeddable":true,"href":"https:\/\/www.diocesitn.it\/area-testimonianza\/wp-json\/wp\/v2\/media\/10283"}],"wp:attachment":[{"href":"https:\/\/www.diocesitn.it\/area-testimonianza\/wp-json\/wp\/v2\/media?parent=10278"}],"wp:term":[{"taxonomy":"category","embeddable":true,"href":"https:\/\/www.diocesitn.it\/area-testimonianza\/wp-json\/wp\/v2\/categories?post=10278"},{"taxonomy":"post_tag","embeddable":true,"href":"https:\/\/www.diocesitn.it\/area-testimonianza\/wp-json\/wp\/v2\/tags?post=10278"}],"curies":[{"name":"wp","href":"https:\/\/api.w.org\/{rel}","templated":true}]}}