{"id":10233,"date":"2021-11-29T09:45:11","date_gmt":"2021-11-29T08:45:11","guid":{"rendered":"https:\/\/www.diocesitn.it\/area-testimonianza\/?p=10233"},"modified":"2021-12-13T16:35:07","modified_gmt":"2021-12-13T15:35:07","slug":"il-3-dicembre-in-preghiera-con-il-mondo-missionario-in-occasione-della-festa-del-patrono-san-francesco-saverio","status":"publish","type":"post","link":"https:\/\/www.diocesitn.it\/area-testimonianza\/2021\/11\/29\/il-3-dicembre-in-preghiera-con-il-mondo-missionario-in-occasione-della-festa-del-patrono-san-francesco-saverio\/","title":{"rendered":"Il 3 dicembre in preghiera con il mondo missionario, in occasione della festa del patrono San Francesco Saverio"},"content":{"rendered":"<p>In occasione della festa di San Francesco Saverio, 3 dicembre, l\u2019Area Testimonianza e Impegno sociale, attraverso il Centro Missionario diocesano, \u00a0invita la comunit\u00e0 diocesana ad un momento di preghiera in comunione con il mondo missionario e tutti missionari trentini nel ricordo del loro patrono.<\/p>\n<p>Saranno presenti alcuni missionari attualmente in Diocesi per un periodo di vacanza, che ci lasceranno una piccola testimonianza e sar\u00e0 l\u2019occasione per conoscere uno dei progetti di punta sostenuti attraverso il Centro Missionario, la scuola professionale di Rreshen in Albania, grazie alla presenza del direttore p. Michele Leovino.<\/p>\n<p>Faremo memoria dei missionari e dei benefattori che durante questo 2021 sono tornati alla casa del Padre.<\/p>\n<p>La preghiera avr\u00e0 luogo nella chiesa di San Francesco Saverio a Trento, e sar\u00e0 presieduta dal vescovo Lauro. Chi lo desidera pu\u00f2 partecipare in presenza, per tutti gli altri sar\u00e0 possibile seguire la diretta sul canale YouTube della diocesi (<a href=\"https:\/\/www.youtube.com\/c\/DiocesidiTrentoServizioComunicazione\">Diocesi di Trento &#8211; Servizio Comunicazione &#8211; YouTube<\/a>) o attraverso Telepace Trento \u2013 canale 601.<\/p>\n<p><iframe loading=\"lazy\" title=\"Venerd\u00ec 3 dicembre, ore 20 - Preghiera missionaria\" width=\"800\" height=\"600\" src=\"https:\/\/www.youtube.com\/embed\/hykHLxWuo-s?feature=oembed\" frameborder=\"0\" allow=\"accelerometer; autoplay; clipboard-write; encrypted-media; gyroscope; picture-in-picture\" allowfullscreen><\/iframe><\/p>\n","protected":false},"excerpt":{"rendered":"<p>In occasione della festa di San Francesco Saverio, 3 dicembre, l\u2019Area Testimonianza e Impegno sociale, attraverso il Centro Missionario diocesano, \u00a0invita la comunit\u00e0 diocesana ad un momento di preghiera in comunione con il mondo missionario<\/p>\n","protected":false},"author":4,"featured_media":10256,"comment_status":"closed","ping_status":"closed","sticky":false,"template":"","format":"standard","meta":{"footnotes":""},"categories":[1074,1151],"tags":[1437,1927,1180,1335],"class_list":["post-10233","post","type-post","status-publish","format-standard","has-post-thumbnail","hentry","category-notizie","category-servizio-missionario","tag-centro-missionario","tag-chiesa-s-francesco-saverio","tag-missionari","tag-preghiera"],"acf":{"seed-localization-paese-cod":"IT","seed-localization-address":"","seed-localization-citta":"Trento","seed-localization-regione-cod-istat":"04","seed-localization-citta-cod-istat":"022205","seed-localization-localita":"","seed-localization-cap":"","seed-localization-marker-visibility":false,"seed-localization-children-visibility":false,"seed-localization-kml":"","seed-localization-custom-marker":""},"yoast_head":"<!-- This site is optimized with the Yoast SEO Premium plugin v20.2.1 (Yoast SEO v22.2) - https:\/\/yoast.com\/wordpress\/plugins\/seo\/ -->\n<title>Il 3 dicembre in preghiera con il mondo missionario, in occasione della festa del patrono San Francesco Saverio - Testimonianza e Impegno sociale<\/title>\n<meta name=\"robots\" content=\"index, follow, max-snippet:-1, max-image-preview:large, max-video-preview:-1\" \/>\n<link rel=\"canonical\" href=\"https:\/\/www.diocesitn.it\/area-testimonianza\/2021\/11\/29\/il-3-dicembre-in-preghiera-con-il-mondo-missionario-in-occasione-della-festa-del-patrono-san-francesco-saverio\/\" \/>\n<meta property=\"og:locale\" content=\"it_IT\" \/>\n<meta property=\"og:type\" content=\"article\" \/>\n<meta property=\"og:title\" content=\"Il 3 dicembre in preghiera con il mondo missionario, in occasione della festa del patrono San Francesco Saverio\" \/>\n<meta property=\"og:description\" content=\"In occasione della festa di San Francesco Saverio, 3 dicembre, l\u2019Area Testimonianza e Impegno sociale, attraverso il Centro Missionario diocesano, \u00a0invita la comunit\u00e0 diocesana ad un momento di preghiera in comunione con il mondo missionario\" \/>\n<meta property=\"og:url\" content=\"https:\/\/www.diocesitn.it\/area-testimonianza\/2021\/11\/29\/il-3-dicembre-in-preghiera-con-il-mondo-missionario-in-occasione-della-festa-del-patrono-san-francesco-saverio\/\" \/>\n<meta property=\"og:site_name\" content=\"Testimonianza e Impegno sociale\" \/>\n<meta property=\"article:published_time\" content=\"2021-11-29T08:45:11+00:00\" \/>\n<meta property=\"article:modified_time\" content=\"2021-12-13T15:35:07+00:00\" \/>\n<meta property=\"og:image\" content=\"https:\/\/www.diocesitn.it\/area-testimonianza\/wp-content\/uploads\/sites\/37\/2021\/11\/Locandina-ritaglio.jpg\" \/>\n\t<meta property=\"og:image:width\" content=\"2478\" \/>\n\t<meta property=\"og:image:height\" content=\"1552\" \/>\n\t<meta property=\"og:image:type\" content=\"image\/jpeg\" \/>\n<meta name=\"author\" content=\"Claudia Dorigoni\" \/>\n<meta name=\"twitter:card\" content=\"summary_large_image\" \/>\n<meta name=\"twitter:label1\" content=\"Scritto da\" \/>\n\t<meta name=\"twitter:data1\" content=\"Claudia Dorigoni\" \/>\n\t<meta name=\"twitter:label2\" content=\"Tempo di lettura stimato\" \/>\n\t<meta name=\"twitter:data2\" content=\"1 minuto\" \/>\n<script type=\"application\/ld+json\" class=\"yoast-schema-graph\">{\"@context\":\"https:\/\/schema.org\",\"@graph\":[{\"@type\":\"Article\",\"@id\":\"https:\/\/www.diocesitn.it\/area-testimonianza\/2021\/11\/29\/il-3-dicembre-in-preghiera-con-il-mondo-missionario-in-occasione-della-festa-del-patrono-san-francesco-saverio\/#article\",\"isPartOf\":{\"@id\":\"https:\/\/www.diocesitn.it\/area-testimonianza\/2021\/11\/29\/il-3-dicembre-in-preghiera-con-il-mondo-missionario-in-occasione-della-festa-del-patrono-san-francesco-saverio\/\"},\"author\":{\"name\":\"Claudia Dorigoni\",\"@id\":\"https:\/\/www.diocesitn.it\/area-testimonianza\/#\/schema\/person\/5467191b81c25706baf09a59aab380a5\"},\"headline\":\"Il 3 dicembre in preghiera con il mondo missionario, in occasione della festa del patrono San Francesco Saverio\",\"datePublished\":\"2021-11-29T08:45:11+00:00\",\"dateModified\":\"2021-12-13T15:35:07+00:00\",\"mainEntityOfPage\":{\"@id\":\"https:\/\/www.diocesitn.it\/area-testimonianza\/2021\/11\/29\/il-3-dicembre-in-preghiera-con-il-mondo-missionario-in-occasione-della-festa-del-patrono-san-francesco-saverio\/\"},\"wordCount\":182,\"publisher\":{\"@id\":\"https:\/\/www.diocesitn.it\/area-testimonianza\/#organization\"},\"image\":{\"@id\":\"https:\/\/www.diocesitn.it\/area-testimonianza\/2021\/11\/29\/il-3-dicembre-in-preghiera-con-il-mondo-missionario-in-occasione-della-festa-del-patrono-san-francesco-saverio\/#primaryimage\"},\"thumbnailUrl\":\"https:\/\/www.diocesitn.it\/area-testimonianza\/wp-content\/uploads\/sites\/37\/2021\/11\/Locandina-ritaglio.jpg\",\"keywords\":[\"centro missionario\",\"chiesa s. Francesco Saverio\",\"missionari\",\"preghiera\"],\"articleSection\":[\"Notizie\",\"Pastorale Missionaria\"],\"inLanguage\":\"it-IT\",\"copyrightYear\":\"2021\",\"copyrightHolder\":{\"@id\":\"https:\/\/www.diocesitn.it\/#organization\"}},{\"@type\":\"WebPage\",\"@id\":\"https:\/\/www.diocesitn.it\/area-testimonianza\/2021\/11\/29\/il-3-dicembre-in-preghiera-con-il-mondo-missionario-in-occasione-della-festa-del-patrono-san-francesco-saverio\/\",\"url\":\"https:\/\/www.diocesitn.it\/area-testimonianza\/2021\/11\/29\/il-3-dicembre-in-preghiera-con-il-mondo-missionario-in-occasione-della-festa-del-patrono-san-francesco-saverio\/\",\"name\":\"Il 3 dicembre in preghiera con il mondo missionario, in occasione della festa del patrono San Francesco Saverio - Testimonianza e Impegno sociale\",\"isPartOf\":{\"@id\":\"https:\/\/www.diocesitn.it\/area-testimonianza\/#website\"},\"primaryImageOfPage\":{\"@id\":\"https:\/\/www.diocesitn.it\/area-testimonianza\/2021\/11\/29\/il-3-dicembre-in-preghiera-con-il-mondo-missionario-in-occasione-della-festa-del-patrono-san-francesco-saverio\/#primaryimage\"},\"image\":{\"@id\":\"https:\/\/www.diocesitn.it\/area-testimonianza\/2021\/11\/29\/il-3-dicembre-in-preghiera-con-il-mondo-missionario-in-occasione-della-festa-del-patrono-san-francesco-saverio\/#primaryimage\"},\"thumbnailUrl\":\"https:\/\/www.diocesitn.it\/area-testimonianza\/wp-content\/uploads\/sites\/37\/2021\/11\/Locandina-ritaglio.jpg\",\"datePublished\":\"2021-11-29T08:45:11+00:00\",\"dateModified\":\"2021-12-13T15:35:07+00:00\",\"breadcrumb\":{\"@id\":\"https:\/\/www.diocesitn.it\/area-testimonianza\/2021\/11\/29\/il-3-dicembre-in-preghiera-con-il-mondo-missionario-in-occasione-della-festa-del-patrono-san-francesco-saverio\/#breadcrumb\"},\"inLanguage\":\"it-IT\",\"potentialAction\":[{\"@type\":\"ReadAction\",\"target\":[\"https:\/\/www.diocesitn.it\/area-testimonianza\/2021\/11\/29\/il-3-dicembre-in-preghiera-con-il-mondo-missionario-in-occasione-della-festa-del-patrono-san-francesco-saverio\/\"]}]},{\"@type\":\"ImageObject\",\"inLanguage\":\"it-IT\",\"@id\":\"https:\/\/www.diocesitn.it\/area-testimonianza\/2021\/11\/29\/il-3-dicembre-in-preghiera-con-il-mondo-missionario-in-occasione-della-festa-del-patrono-san-francesco-saverio\/#primaryimage\",\"url\":\"https:\/\/www.diocesitn.it\/area-testimonianza\/wp-content\/uploads\/sites\/37\/2021\/11\/Locandina-ritaglio.jpg\",\"contentUrl\":\"https:\/\/www.diocesitn.it\/area-testimonianza\/wp-content\/uploads\/sites\/37\/2021\/11\/Locandina-ritaglio.jpg\",\"width\":2478,\"height\":1552},{\"@type\":\"BreadcrumbList\",\"@id\":\"https:\/\/www.diocesitn.it\/area-testimonianza\/2021\/11\/29\/il-3-dicembre-in-preghiera-con-il-mondo-missionario-in-occasione-della-festa-del-patrono-san-francesco-saverio\/#breadcrumb\",\"itemListElement\":[{\"@type\":\"ListItem\",\"position\":1,\"name\":\"Home\",\"item\":\"https:\/\/www.diocesitn.it\/area-testimonianza\/\"},{\"@type\":\"ListItem\",\"position\":2,\"name\":\"Il 3 dicembre in preghiera con il mondo missionario, in occasione della festa del patrono San Francesco Saverio\"}]},{\"@type\":\"WebSite\",\"@id\":\"https:\/\/www.diocesitn.it\/area-testimonianza\/#website\",\"url\":\"https:\/\/www.diocesitn.it\/area-testimonianza\/\",\"name\":\"Testimonianza e Impegno sociale\",\"description\":\"Chiesa di Trento\",\"publisher\":{\"@id\":\"https:\/\/www.diocesitn.it\/area-testimonianza\/#organization\"},\"potentialAction\":[{\"@type\":\"SearchAction\",\"target\":{\"@type\":\"EntryPoint\",\"urlTemplate\":\"https:\/\/www.diocesitn.it\/area-testimonianza\/?s={search_term_string}\"},\"query-input\":\"required name=search_term_string\"}],\"inLanguage\":\"it-IT\"},{\"@type\":[\"Organization\",\"Place\"],\"@id\":\"https:\/\/www.diocesitn.it\/area-testimonianza\/#organization\",\"name\":\"Area Testimonianza e Impegno Sociale - Chiesa di Trento\",\"url\":\"https:\/\/www.diocesitn.it\/area-testimonianza\/\",\"logo\":{\"@id\":\"https:\/\/www.diocesitn.it\/area-testimonianza\/2021\/11\/29\/il-3-dicembre-in-preghiera-con-il-mondo-missionario-in-occasione-della-festa-del-patrono-san-francesco-saverio\/#local-main-organization-logo\"},\"image\":{\"@id\":\"https:\/\/www.diocesitn.it\/area-testimonianza\/2021\/11\/29\/il-3-dicembre-in-preghiera-con-il-mondo-missionario-in-occasione-della-festa-del-patrono-san-francesco-saverio\/#local-main-organization-logo\"},\"openingHoursSpecification\":[{\"@type\":\"OpeningHoursSpecification\",\"dayOfWeek\":[\"Monday\",\"Tuesday\",\"Wednesday\",\"Thursday\",\"Friday\",\"Saturday\",\"Sunday\"],\"opens\":\"09:00\",\"closes\":\"17:00\"}]},{\"@type\":\"ImageObject\",\"inLanguage\":\"it-IT\",\"@id\":\"https:\/\/www.diocesitn.it\/area-testimonianza\/2021\/11\/29\/il-3-dicembre-in-preghiera-con-il-mondo-missionario-in-occasione-della-festa-del-patrono-san-francesco-saverio\/#local-main-organization-logo\",\"url\":\"https:\/\/www.diocesitn.it\/area-testimonianza\/wp-content\/uploads\/sites\/37\/2021\/09\/og-logo-testimonianza-e-impegno-sociale.jpg\",\"contentUrl\":\"https:\/\/www.diocesitn.it\/area-testimonianza\/wp-content\/uploads\/sites\/37\/2021\/09\/og-logo-testimonianza-e-impegno-sociale.jpg\",\"width\":1200,\"height\":630,\"caption\":\"Area Testimonianza e Impegno Sociale - Chiesa di Trento\"}]}<\/script>\n<!-- \/ Yoast SEO Premium plugin. -->","yoast_head_json":{"title":"Il 3 dicembre in preghiera con il mondo missionario, in occasione della festa del patrono San Francesco Saverio - Testimonianza e Impegno sociale","robots":{"index":"index","follow":"follow","max-snippet":"max-snippet:-1","max-image-preview":"max-image-preview:large","max-video-preview":"max-video-preview:-1"},"canonical":"https:\/\/www.diocesitn.it\/area-testimonianza\/2021\/11\/29\/il-3-dicembre-in-preghiera-con-il-mondo-missionario-in-occasione-della-festa-del-patrono-san-francesco-saverio\/","og_locale":"it_IT","og_type":"article","og_title":"Il 3 dicembre in preghiera con il mondo missionario, in occasione della festa del patrono San Francesco Saverio","og_description":"In occasione della festa di San Francesco Saverio, 3 dicembre, l\u2019Area Testimonianza e Impegno sociale, attraverso il Centro Missionario diocesano, \u00a0invita la comunit\u00e0 diocesana ad un momento di preghiera in comunione con il mondo missionario","og_url":"https:\/\/www.diocesitn.it\/area-testimonianza\/2021\/11\/29\/il-3-dicembre-in-preghiera-con-il-mondo-missionario-in-occasione-della-festa-del-patrono-san-francesco-saverio\/","og_site_name":"Testimonianza e Impegno sociale","article_published_time":"2021-11-29T08:45:11+00:00","article_modified_time":"2021-12-13T15:35:07+00:00","og_image":[{"width":2478,"height":1552,"url":"https:\/\/www.diocesitn.it\/area-testimonianza\/wp-content\/uploads\/sites\/37\/2021\/11\/Locandina-ritaglio.jpg","type":"image\/jpeg"}],"author":"Claudia Dorigoni","twitter_card":"summary_large_image","twitter_misc":{"Scritto da":"Claudia Dorigoni","Tempo di lettura stimato":"1 minuto"},"schema":{"@context":"https:\/\/schema.org","@graph":[{"@type":"Article","@id":"https:\/\/www.diocesitn.it\/area-testimonianza\/2021\/11\/29\/il-3-dicembre-in-preghiera-con-il-mondo-missionario-in-occasione-della-festa-del-patrono-san-francesco-saverio\/#article","isPartOf":{"@id":"https:\/\/www.diocesitn.it\/area-testimonianza\/2021\/11\/29\/il-3-dicembre-in-preghiera-con-il-mondo-missionario-in-occasione-della-festa-del-patrono-san-francesco-saverio\/"},"author":{"name":"Claudia Dorigoni","@id":"https:\/\/www.diocesitn.it\/area-testimonianza\/#\/schema\/person\/5467191b81c25706baf09a59aab380a5"},"headline":"Il 3 dicembre in preghiera con il mondo missionario, in occasione della festa del patrono San Francesco Saverio","datePublished":"2021-11-29T08:45:11+00:00","dateModified":"2021-12-13T15:35:07+00:00","mainEntityOfPage":{"@id":"https:\/\/www.diocesitn.it\/area-testimonianza\/2021\/11\/29\/il-3-dicembre-in-preghiera-con-il-mondo-missionario-in-occasione-della-festa-del-patrono-san-francesco-saverio\/"},"wordCount":182,"publisher":{"@id":"https:\/\/www.diocesitn.it\/area-testimonianza\/#organization"},"image":{"@id":"https:\/\/www.diocesitn.it\/area-testimonianza\/2021\/11\/29\/il-3-dicembre-in-preghiera-con-il-mondo-missionario-in-occasione-della-festa-del-patrono-san-francesco-saverio\/#primaryimage"},"thumbnailUrl":"https:\/\/www.diocesitn.it\/area-testimonianza\/wp-content\/uploads\/sites\/37\/2021\/11\/Locandina-ritaglio.jpg","keywords":["centro missionario","chiesa s. Francesco Saverio","missionari","preghiera"],"articleSection":["Notizie","Pastorale Missionaria"],"inLanguage":"it-IT","copyrightYear":"2021","copyrightHolder":{"@id":"https:\/\/www.diocesitn.it\/#organization"}},{"@type":"WebPage","@id":"https:\/\/www.diocesitn.it\/area-testimonianza\/2021\/11\/29\/il-3-dicembre-in-preghiera-con-il-mondo-missionario-in-occasione-della-festa-del-patrono-san-francesco-saverio\/","url":"https:\/\/www.diocesitn.it\/area-testimonianza\/2021\/11\/29\/il-3-dicembre-in-preghiera-con-il-mondo-missionario-in-occasione-della-festa-del-patrono-san-francesco-saverio\/","name":"Il 3 dicembre in preghiera con il mondo missionario, in occasione della festa del patrono San Francesco Saverio - Testimonianza e Impegno sociale","isPartOf":{"@id":"https:\/\/www.diocesitn.it\/area-testimonianza\/#website"},"primaryImageOfPage":{"@id":"https:\/\/www.diocesitn.it\/area-testimonianza\/2021\/11\/29\/il-3-dicembre-in-preghiera-con-il-mondo-missionario-in-occasione-della-festa-del-patrono-san-francesco-saverio\/#primaryimage"},"image":{"@id":"https:\/\/www.diocesitn.it\/area-testimonianza\/2021\/11\/29\/il-3-dicembre-in-preghiera-con-il-mondo-missionario-in-occasione-della-festa-del-patrono-san-francesco-saverio\/#primaryimage"},"thumbnailUrl":"https:\/\/www.diocesitn.it\/area-testimonianza\/wp-content\/uploads\/sites\/37\/2021\/11\/Locandina-ritaglio.jpg","datePublished":"2021-11-29T08:45:11+00:00","dateModified":"2021-12-13T15:35:07+00:00","breadcrumb":{"@id":"https:\/\/www.diocesitn.it\/area-testimonianza\/2021\/11\/29\/il-3-dicembre-in-preghiera-con-il-mondo-missionario-in-occasione-della-festa-del-patrono-san-francesco-saverio\/#breadcrumb"},"inLanguage":"it-IT","potentialAction":[{"@type":"ReadAction","target":["https:\/\/www.diocesitn.it\/area-testimonianza\/2021\/11\/29\/il-3-dicembre-in-preghiera-con-il-mondo-missionario-in-occasione-della-festa-del-patrono-san-francesco-saverio\/"]}]},{"@type":"ImageObject","inLanguage":"it-IT","@id":"https:\/\/www.diocesitn.it\/area-testimonianza\/2021\/11\/29\/il-3-dicembre-in-preghiera-con-il-mondo-missionario-in-occasione-della-festa-del-patrono-san-francesco-saverio\/#primaryimage","url":"https:\/\/www.diocesitn.it\/area-testimonianza\/wp-content\/uploads\/sites\/37\/2021\/11\/Locandina-ritaglio.jpg","contentUrl":"https:\/\/www.diocesitn.it\/area-testimonianza\/wp-content\/uploads\/sites\/37\/2021\/11\/Locandina-ritaglio.jpg","width":2478,"height":1552},{"@type":"BreadcrumbList","@id":"https:\/\/www.diocesitn.it\/area-testimonianza\/2021\/11\/29\/il-3-dicembre-in-preghiera-con-il-mondo-missionario-in-occasione-della-festa-del-patrono-san-francesco-saverio\/#breadcrumb","itemListElement":[{"@type":"ListItem","position":1,"name":"Home","item":"https:\/\/www.diocesitn.it\/area-testimonianza\/"},{"@type":"ListItem","position":2,"name":"Il 3 dicembre in preghiera con il mondo missionario, in occasione della festa del patrono San Francesco Saverio"}]},{"@type":"WebSite","@id":"https:\/\/www.diocesitn.it\/area-testimonianza\/#website","url":"https:\/\/www.diocesitn.it\/area-testimonianza\/","name":"Testimonianza e Impegno sociale","description":"Chiesa di Trento","publisher":{"@id":"https:\/\/www.diocesitn.it\/area-testimonianza\/#organization"},"potentialAction":[{"@type":"SearchAction","target":{"@type":"EntryPoint","urlTemplate":"https:\/\/www.diocesitn.it\/area-testimonianza\/?s={search_term_string}"},"query-input":"required name=search_term_string"}],"inLanguage":"it-IT"},{"@type":["Organization","Place"],"@id":"https:\/\/www.diocesitn.it\/area-testimonianza\/#organization","name":"Area Testimonianza e Impegno Sociale - Chiesa di Trento","url":"https:\/\/www.diocesitn.it\/area-testimonianza\/","logo":{"@id":"https:\/\/www.diocesitn.it\/area-testimonianza\/2021\/11\/29\/il-3-dicembre-in-preghiera-con-il-mondo-missionario-in-occasione-della-festa-del-patrono-san-francesco-saverio\/#local-main-organization-logo"},"image":{"@id":"https:\/\/www.diocesitn.it\/area-testimonianza\/2021\/11\/29\/il-3-dicembre-in-preghiera-con-il-mondo-missionario-in-occasione-della-festa-del-patrono-san-francesco-saverio\/#local-main-organization-logo"},"openingHoursSpecification":[{"@type":"OpeningHoursSpecification","dayOfWeek":["Monday","Tuesday","Wednesday","Thursday","Friday","Saturday","Sunday"],"opens":"09:00","closes":"17:00"}]},{"@type":"ImageObject","inLanguage":"it-IT","@id":"https:\/\/www.diocesitn.it\/area-testimonianza\/2021\/11\/29\/il-3-dicembre-in-preghiera-con-il-mondo-missionario-in-occasione-della-festa-del-patrono-san-francesco-saverio\/#local-main-organization-logo","url":"https:\/\/www.diocesitn.it\/area-testimonianza\/wp-content\/uploads\/sites\/37\/2021\/09\/og-logo-testimonianza-e-impegno-sociale.jpg","contentUrl":"https:\/\/www.diocesitn.it\/area-testimonianza\/wp-content\/uploads\/sites\/37\/2021\/09\/og-logo-testimonianza-e-impegno-sociale.jpg","width":1200,"height":630,"caption":"Area Testimonianza e Impegno Sociale - Chiesa di Trento"}]}},"_links":{"self":[{"href":"https:\/\/www.diocesitn.it\/area-testimonianza\/wp-json\/wp\/v2\/posts\/10233","targetHints":{"allow":["GET"]}}],"collection":[{"href":"https:\/\/www.diocesitn.it\/area-testimonianza\/wp-json\/wp\/v2\/posts"}],"about":[{"href":"https:\/\/www.diocesitn.it\/area-testimonianza\/wp-json\/wp\/v2\/types\/post"}],"author":[{"embeddable":true,"href":"https:\/\/www.diocesitn.it\/area-testimonianza\/wp-json\/wp\/v2\/users\/4"}],"replies":[{"embeddable":true,"href":"https:\/\/www.diocesitn.it\/area-testimonianza\/wp-json\/wp\/v2\/comments?post=10233"}],"version-history":[{"count":3,"href":"https:\/\/www.diocesitn.it\/area-testimonianza\/wp-json\/wp\/v2\/posts\/10233\/revisions"}],"predecessor-version":[{"id":10285,"href":"https:\/\/www.diocesitn.it\/area-testimonianza\/wp-json\/wp\/v2\/posts\/10233\/revisions\/10285"}],"wp:featuredmedia":[{"embeddable":true,"href":"https:\/\/www.diocesitn.it\/area-testimonianza\/wp-json\/wp\/v2\/media\/10256"}],"wp:attachment":[{"href":"https:\/\/www.diocesitn.it\/area-testimonianza\/wp-json\/wp\/v2\/media?parent=10233"}],"wp:term":[{"taxonomy":"category","embeddable":true,"href":"https:\/\/www.diocesitn.it\/area-testimonianza\/wp-json\/wp\/v2\/categories?post=10233"},{"taxonomy":"post_tag","embeddable":true,"href":"https:\/\/www.diocesitn.it\/area-testimonianza\/wp-json\/wp\/v2\/tags?post=10233"}],"curies":[{"name":"wp","href":"https:\/\/api.w.org\/{rel}","templated":true}]}}