{"id":10095,"date":"2021-11-08T12:25:12","date_gmt":"2021-11-08T11:25:12","guid":{"rendered":"https:\/\/www.diocesitn.it\/area-testimonianza\/?p=10095"},"modified":"2024-11-14T11:25:20","modified_gmt":"2024-11-14T10:25:20","slug":"domenica-14-novembre-ritorna-la-giornata-mondiale-dei-poveri-con-celebrazione-dedicata-i-poveri-li-avete-sempre-con-voi-mc-147","status":"publish","type":"post","link":"https:\/\/www.diocesitn.it\/area-testimonianza\/2021\/11\/08\/domenica-14-novembre-ritorna-la-giornata-mondiale-dei-poveri-con-celebrazione-dedicata-i-poveri-li-avete-sempre-con-voi-mc-147\/","title":{"rendered":"Domenica 14 novembre ritorna la Giornata mondiale dei Poveri con celebrazione dedicata, a Rovereto \u00abI poveri li avete sempre con voi\u00bb (Mc 14,7)"},"content":{"rendered":"<p>Ancora una volta, quasi al termine dell\u2019anno liturgico, siamo invitati a guardare alla fragilit\u00e0 celebrando domenica 14 novembre la quinta <strong>Giornata mondiale dei Poveri<\/strong>.<\/p>\n<p>Per un giorno, le nostre povert\u00e0 saranno raccolte in preghiera, ma per tutto l\u2019anno sar\u00e0 nostro compito saperle individuare e accompagnare. I poveri li avete sempre con voi: il versetto tratto dall\u2019evangelo di Marco diventa provocatorio per tutti noi, quasi ad indicarci, come scrive papa Francesco, che solo riconoscendoci tutti poveri e fragili, sar\u00e0 possibile vivere la profezia di Ges\u00f9.<\/p>\n<p>Quest\u2019anno vivremo insieme la Giornata a Rovereto, nella parrocchia della Sacra Famiglia, quando, in particolare durante la celebrazione dell\u2019Eucaristia delle ore 20, faremo memoria di gesti di comunione e di speranza.<\/p>\n<p><span style=\"color: black\">L\u2019ammissione di essere tutti in condizione di povert\u00e0 dovrebbe diventare lo strumento nuovo per stare in questo mondo; un\u2019ammissione di comune fragilit\u00e0, ovvero di senso del limite, di desiderio di appartenenza comunitaria, di debolezza come condizione naturale di ogni creatura. \u00abCome sarebbe evangelico se potessimo dire con tutta verit\u00e0: anche noi siamo poveri &#8211; scrive papa Francesco; perch\u00e9 solo cos\u00ec riusciremmo a riconoscerli realmente e farli diventare parte della nostra vita e strumento di salvezza\u00bb.<\/span><\/p>\n<p>Suggerimenti per la Celebrazione liturgica:<br \/>\n&#8211; <a href=\"https:\/\/www.diocesitn.it\/area-testimonianza\/wp-content\/uploads\/sites\/37\/2021\/11\/giornata-dei-poveri-2021-scheda.pdf\"><strong>scheda liturgica<\/strong><\/a><br \/>\n&#8211; <a href=\"https:\/\/www.diocesitn.it\/area-testimonianza\/wp-content\/uploads\/sites\/37\/2021\/11\/giornata-dei-poveri-2021-testo-sintesi-e-preghiera-1.pdf\"><strong>sintesi del messaggio<\/strong> <\/a>di papa Francesco<\/p>\n<p>Qui il <a href=\"https:\/\/www.vatican.va\/content\/francesco\/it\/messages\/poveri\/documents\/20210613-messaggio-v-giornatamondiale-poveri-2021.html\" target=\"_blank\" rel=\"noopener\"><strong>link al Messaggio integrale di papa Francesco<\/strong><\/a> per la quinta Giornata mondiale dei Poveri.<\/p>\n","protected":false},"excerpt":{"rendered":"<p>Ancora una volta, quasi al termine dell\u2019anno liturgico, siamo invitati a guardare alla fragilit\u00e0 celebrando domenica 14 novembre la quinta Giornata mondiale dei Poveri. Per un giorno, le nostre povert\u00e0 saranno raccolte in preghiera, ma<\/p>\n","protected":false},"author":4,"featured_media":10102,"comment_status":"closed","ping_status":"closed","sticky":false,"template":"","format":"standard","meta":{"footnotes":""},"categories":[1059,1074],"tags":[1553],"class_list":["post-10095","post","type-post","status-publish","format-standard","has-post-thumbnail","hentry","category-servizio-caritas","category-notizie","tag-giornata-mondiale-dei-poveri"],"acf":{"seed-localization-paese-cod":"IT","seed-localization-address":"","seed-localization-citta":"Trento","seed-localization-regione-cod-istat":"04","seed-localization-citta-cod-istat":"022205","seed-localization-localita":"","seed-localization-cap":"","seed-localization-marker-visibility":false,"seed-localization-children-visibility":false,"seed-localization-kml":"","seed-localization-custom-marker":""},"yoast_head":"<!-- This site is optimized with the Yoast SEO Premium plugin v20.2.1 (Yoast SEO v22.2) - https:\/\/yoast.com\/wordpress\/plugins\/seo\/ -->\n<title>Domenica 14 novembre ritorna la Giornata mondiale dei Poveri con celebrazione dedicata, a Rovereto \u00abI poveri li avete sempre con voi\u00bb (Mc 14,7) - Testimonianza e Impegno sociale<\/title>\n<meta name=\"robots\" content=\"index, follow, max-snippet:-1, max-image-preview:large, max-video-preview:-1\" \/>\n<link rel=\"canonical\" href=\"https:\/\/www.diocesitn.it\/area-testimonianza\/2021\/11\/08\/domenica-14-novembre-ritorna-la-giornata-mondiale-dei-poveri-con-celebrazione-dedicata-i-poveri-li-avete-sempre-con-voi-mc-147\/\" \/>\n<meta property=\"og:locale\" content=\"it_IT\" \/>\n<meta property=\"og:type\" content=\"article\" \/>\n<meta property=\"og:title\" content=\"Domenica 14 novembre ritorna la Giornata mondiale dei Poveri con celebrazione dedicata, a Rovereto \u00abI poveri li avete sempre con voi\u00bb (Mc 14,7)\" \/>\n<meta property=\"og:description\" content=\"Ancora una volta, quasi al termine dell\u2019anno liturgico, siamo invitati a guardare alla fragilit\u00e0 celebrando domenica 14 novembre la quinta Giornata mondiale dei Poveri. Per un giorno, le nostre povert\u00e0 saranno raccolte in preghiera, ma\" \/>\n<meta property=\"og:url\" content=\"https:\/\/www.diocesitn.it\/area-testimonianza\/2021\/11\/08\/domenica-14-novembre-ritorna-la-giornata-mondiale-dei-poveri-con-celebrazione-dedicata-i-poveri-li-avete-sempre-con-voi-mc-147\/\" \/>\n<meta property=\"og:site_name\" content=\"Testimonianza e Impegno sociale\" \/>\n<meta property=\"article:published_time\" content=\"2021-11-08T11:25:12+00:00\" \/>\n<meta property=\"article:modified_time\" content=\"2024-11-14T10:25:20+00:00\" \/>\n<meta property=\"og:image\" content=\"https:\/\/www.diocesitn.it\/area-testimonianza\/wp-content\/uploads\/sites\/37\/2021\/11\/Giornata-dei-poveri-1.jpg\" \/>\n\t<meta property=\"og:image:width\" content=\"1002\" \/>\n\t<meta property=\"og:image:height\" content=\"595\" \/>\n\t<meta property=\"og:image:type\" content=\"image\/jpeg\" \/>\n<meta name=\"author\" content=\"Claudia Dorigoni\" \/>\n<meta name=\"twitter:card\" content=\"summary_large_image\" \/>\n<meta name=\"twitter:label1\" content=\"Scritto da\" \/>\n\t<meta name=\"twitter:data1\" content=\"Claudia Dorigoni\" \/>\n\t<meta name=\"twitter:label2\" content=\"Tempo di lettura stimato\" \/>\n\t<meta name=\"twitter:data2\" content=\"1 minuto\" \/>\n<script type=\"application\/ld+json\" class=\"yoast-schema-graph\">{\"@context\":\"https:\/\/schema.org\",\"@graph\":[{\"@type\":\"Article\",\"@id\":\"https:\/\/www.diocesitn.it\/area-testimonianza\/2021\/11\/08\/domenica-14-novembre-ritorna-la-giornata-mondiale-dei-poveri-con-celebrazione-dedicata-i-poveri-li-avete-sempre-con-voi-mc-147\/#article\",\"isPartOf\":{\"@id\":\"https:\/\/www.diocesitn.it\/area-testimonianza\/2021\/11\/08\/domenica-14-novembre-ritorna-la-giornata-mondiale-dei-poveri-con-celebrazione-dedicata-i-poveri-li-avete-sempre-con-voi-mc-147\/\"},\"author\":{\"name\":\"Claudia Dorigoni\",\"@id\":\"https:\/\/www.diocesitn.it\/area-testimonianza\/#\/schema\/person\/5467191b81c25706baf09a59aab380a5\"},\"headline\":\"Domenica 14 novembre ritorna la Giornata mondiale dei Poveri con celebrazione dedicata, a Rovereto \u00abI poveri li avete sempre con voi\u00bb (Mc 14,7)\",\"datePublished\":\"2021-11-08T11:25:12+00:00\",\"dateModified\":\"2024-11-14T10:25:20+00:00\",\"mainEntityOfPage\":{\"@id\":\"https:\/\/www.diocesitn.it\/area-testimonianza\/2021\/11\/08\/domenica-14-novembre-ritorna-la-giornata-mondiale-dei-poveri-con-celebrazione-dedicata-i-poveri-li-avete-sempre-con-voi-mc-147\/\"},\"wordCount\":247,\"publisher\":{\"@id\":\"https:\/\/www.diocesitn.it\/area-testimonianza\/#organization\"},\"image\":{\"@id\":\"https:\/\/www.diocesitn.it\/area-testimonianza\/2021\/11\/08\/domenica-14-novembre-ritorna-la-giornata-mondiale-dei-poveri-con-celebrazione-dedicata-i-poveri-li-avete-sempre-con-voi-mc-147\/#primaryimage\"},\"thumbnailUrl\":\"https:\/\/www.diocesitn.it\/area-testimonianza\/wp-content\/uploads\/sites\/37\/2021\/11\/Giornata-dei-poveri-1.jpg\",\"keywords\":[\"Giornata mondiale dei poveri\"],\"articleSection\":[\"Caritas diocesana\",\"Notizie\"],\"inLanguage\":\"it-IT\",\"copyrightYear\":\"2021\",\"copyrightHolder\":{\"@id\":\"https:\/\/www.diocesitn.it\/#organization\"}},{\"@type\":\"WebPage\",\"@id\":\"https:\/\/www.diocesitn.it\/area-testimonianza\/2021\/11\/08\/domenica-14-novembre-ritorna-la-giornata-mondiale-dei-poveri-con-celebrazione-dedicata-i-poveri-li-avete-sempre-con-voi-mc-147\/\",\"url\":\"https:\/\/www.diocesitn.it\/area-testimonianza\/2021\/11\/08\/domenica-14-novembre-ritorna-la-giornata-mondiale-dei-poveri-con-celebrazione-dedicata-i-poveri-li-avete-sempre-con-voi-mc-147\/\",\"name\":\"Domenica 14 novembre ritorna la Giornata mondiale dei Poveri con celebrazione dedicata, a Rovereto \u00abI poveri li avete sempre con voi\u00bb (Mc 14,7) - Testimonianza e Impegno sociale\",\"isPartOf\":{\"@id\":\"https:\/\/www.diocesitn.it\/area-testimonianza\/#website\"},\"primaryImageOfPage\":{\"@id\":\"https:\/\/www.diocesitn.it\/area-testimonianza\/2021\/11\/08\/domenica-14-novembre-ritorna-la-giornata-mondiale-dei-poveri-con-celebrazione-dedicata-i-poveri-li-avete-sempre-con-voi-mc-147\/#primaryimage\"},\"image\":{\"@id\":\"https:\/\/www.diocesitn.it\/area-testimonianza\/2021\/11\/08\/domenica-14-novembre-ritorna-la-giornata-mondiale-dei-poveri-con-celebrazione-dedicata-i-poveri-li-avete-sempre-con-voi-mc-147\/#primaryimage\"},\"thumbnailUrl\":\"https:\/\/www.diocesitn.it\/area-testimonianza\/wp-content\/uploads\/sites\/37\/2021\/11\/Giornata-dei-poveri-1.jpg\",\"datePublished\":\"2021-11-08T11:25:12+00:00\",\"dateModified\":\"2024-11-14T10:25:20+00:00\",\"breadcrumb\":{\"@id\":\"https:\/\/www.diocesitn.it\/area-testimonianza\/2021\/11\/08\/domenica-14-novembre-ritorna-la-giornata-mondiale-dei-poveri-con-celebrazione-dedicata-i-poveri-li-avete-sempre-con-voi-mc-147\/#breadcrumb\"},\"inLanguage\":\"it-IT\",\"potentialAction\":[{\"@type\":\"ReadAction\",\"target\":[\"https:\/\/www.diocesitn.it\/area-testimonianza\/2021\/11\/08\/domenica-14-novembre-ritorna-la-giornata-mondiale-dei-poveri-con-celebrazione-dedicata-i-poveri-li-avete-sempre-con-voi-mc-147\/\"]}]},{\"@type\":\"ImageObject\",\"inLanguage\":\"it-IT\",\"@id\":\"https:\/\/www.diocesitn.it\/area-testimonianza\/2021\/11\/08\/domenica-14-novembre-ritorna-la-giornata-mondiale-dei-poveri-con-celebrazione-dedicata-i-poveri-li-avete-sempre-con-voi-mc-147\/#primaryimage\",\"url\":\"https:\/\/www.diocesitn.it\/area-testimonianza\/wp-content\/uploads\/sites\/37\/2021\/11\/Giornata-dei-poveri-1.jpg\",\"contentUrl\":\"https:\/\/www.diocesitn.it\/area-testimonianza\/wp-content\/uploads\/sites\/37\/2021\/11\/Giornata-dei-poveri-1.jpg\",\"width\":1002,\"height\":595},{\"@type\":\"BreadcrumbList\",\"@id\":\"https:\/\/www.diocesitn.it\/area-testimonianza\/2021\/11\/08\/domenica-14-novembre-ritorna-la-giornata-mondiale-dei-poveri-con-celebrazione-dedicata-i-poveri-li-avete-sempre-con-voi-mc-147\/#breadcrumb\",\"itemListElement\":[{\"@type\":\"ListItem\",\"position\":1,\"name\":\"Home\",\"item\":\"https:\/\/www.diocesitn.it\/area-testimonianza\/\"},{\"@type\":\"ListItem\",\"position\":2,\"name\":\"Domenica 14 novembre ritorna la Giornata mondiale dei Poveri con celebrazione dedicata, a Rovereto \u00abI poveri li avete sempre con voi\u00bb (Mc 14,7)\"}]},{\"@type\":\"WebSite\",\"@id\":\"https:\/\/www.diocesitn.it\/area-testimonianza\/#website\",\"url\":\"https:\/\/www.diocesitn.it\/area-testimonianza\/\",\"name\":\"Testimonianza e Impegno sociale\",\"description\":\"Chiesa di Trento\",\"publisher\":{\"@id\":\"https:\/\/www.diocesitn.it\/area-testimonianza\/#organization\"},\"potentialAction\":[{\"@type\":\"SearchAction\",\"target\":{\"@type\":\"EntryPoint\",\"urlTemplate\":\"https:\/\/www.diocesitn.it\/area-testimonianza\/?s={search_term_string}\"},\"query-input\":\"required name=search_term_string\"}],\"inLanguage\":\"it-IT\"},{\"@type\":[\"Organization\",\"Place\"],\"@id\":\"https:\/\/www.diocesitn.it\/area-testimonianza\/#organization\",\"name\":\"Area Testimonianza e Impegno Sociale - Chiesa di Trento\",\"url\":\"https:\/\/www.diocesitn.it\/area-testimonianza\/\",\"logo\":{\"@id\":\"https:\/\/www.diocesitn.it\/area-testimonianza\/2021\/11\/08\/domenica-14-novembre-ritorna-la-giornata-mondiale-dei-poveri-con-celebrazione-dedicata-i-poveri-li-avete-sempre-con-voi-mc-147\/#local-main-organization-logo\"},\"image\":{\"@id\":\"https:\/\/www.diocesitn.it\/area-testimonianza\/2021\/11\/08\/domenica-14-novembre-ritorna-la-giornata-mondiale-dei-poveri-con-celebrazione-dedicata-i-poveri-li-avete-sempre-con-voi-mc-147\/#local-main-organization-logo\"},\"openingHoursSpecification\":[{\"@type\":\"OpeningHoursSpecification\",\"dayOfWeek\":[\"Monday\",\"Tuesday\",\"Wednesday\",\"Thursday\",\"Friday\",\"Saturday\",\"Sunday\"],\"opens\":\"09:00\",\"closes\":\"17:00\"}]},{\"@type\":\"ImageObject\",\"inLanguage\":\"it-IT\",\"@id\":\"https:\/\/www.diocesitn.it\/area-testimonianza\/2021\/11\/08\/domenica-14-novembre-ritorna-la-giornata-mondiale-dei-poveri-con-celebrazione-dedicata-i-poveri-li-avete-sempre-con-voi-mc-147\/#local-main-organization-logo\",\"url\":\"https:\/\/www.diocesitn.it\/area-testimonianza\/wp-content\/uploads\/sites\/37\/2021\/09\/og-logo-testimonianza-e-impegno-sociale.jpg\",\"contentUrl\":\"https:\/\/www.diocesitn.it\/area-testimonianza\/wp-content\/uploads\/sites\/37\/2021\/09\/og-logo-testimonianza-e-impegno-sociale.jpg\",\"width\":1200,\"height\":630,\"caption\":\"Area Testimonianza e Impegno Sociale - Chiesa di Trento\"}]}<\/script>\n<!-- \/ Yoast SEO Premium plugin. -->","yoast_head_json":{"title":"Domenica 14 novembre ritorna la Giornata mondiale dei Poveri con celebrazione dedicata, a Rovereto \u00abI poveri li avete sempre con voi\u00bb (Mc 14,7) - Testimonianza e Impegno sociale","robots":{"index":"index","follow":"follow","max-snippet":"max-snippet:-1","max-image-preview":"max-image-preview:large","max-video-preview":"max-video-preview:-1"},"canonical":"https:\/\/www.diocesitn.it\/area-testimonianza\/2021\/11\/08\/domenica-14-novembre-ritorna-la-giornata-mondiale-dei-poveri-con-celebrazione-dedicata-i-poveri-li-avete-sempre-con-voi-mc-147\/","og_locale":"it_IT","og_type":"article","og_title":"Domenica 14 novembre ritorna la Giornata mondiale dei Poveri con celebrazione dedicata, a Rovereto \u00abI poveri li avete sempre con voi\u00bb (Mc 14,7)","og_description":"Ancora una volta, quasi al termine dell\u2019anno liturgico, siamo invitati a guardare alla fragilit\u00e0 celebrando domenica 14 novembre la quinta Giornata mondiale dei Poveri. Per un giorno, le nostre povert\u00e0 saranno raccolte in preghiera, ma","og_url":"https:\/\/www.diocesitn.it\/area-testimonianza\/2021\/11\/08\/domenica-14-novembre-ritorna-la-giornata-mondiale-dei-poveri-con-celebrazione-dedicata-i-poveri-li-avete-sempre-con-voi-mc-147\/","og_site_name":"Testimonianza e Impegno sociale","article_published_time":"2021-11-08T11:25:12+00:00","article_modified_time":"2024-11-14T10:25:20+00:00","og_image":[{"width":1002,"height":595,"url":"https:\/\/www.diocesitn.it\/area-testimonianza\/wp-content\/uploads\/sites\/37\/2021\/11\/Giornata-dei-poveri-1.jpg","type":"image\/jpeg"}],"author":"Claudia Dorigoni","twitter_card":"summary_large_image","twitter_misc":{"Scritto da":"Claudia Dorigoni","Tempo di lettura stimato":"1 minuto"},"schema":{"@context":"https:\/\/schema.org","@graph":[{"@type":"Article","@id":"https:\/\/www.diocesitn.it\/area-testimonianza\/2021\/11\/08\/domenica-14-novembre-ritorna-la-giornata-mondiale-dei-poveri-con-celebrazione-dedicata-i-poveri-li-avete-sempre-con-voi-mc-147\/#article","isPartOf":{"@id":"https:\/\/www.diocesitn.it\/area-testimonianza\/2021\/11\/08\/domenica-14-novembre-ritorna-la-giornata-mondiale-dei-poveri-con-celebrazione-dedicata-i-poveri-li-avete-sempre-con-voi-mc-147\/"},"author":{"name":"Claudia Dorigoni","@id":"https:\/\/www.diocesitn.it\/area-testimonianza\/#\/schema\/person\/5467191b81c25706baf09a59aab380a5"},"headline":"Domenica 14 novembre ritorna la Giornata mondiale dei Poveri con celebrazione dedicata, a Rovereto \u00abI poveri li avete sempre con voi\u00bb (Mc 14,7)","datePublished":"2021-11-08T11:25:12+00:00","dateModified":"2024-11-14T10:25:20+00:00","mainEntityOfPage":{"@id":"https:\/\/www.diocesitn.it\/area-testimonianza\/2021\/11\/08\/domenica-14-novembre-ritorna-la-giornata-mondiale-dei-poveri-con-celebrazione-dedicata-i-poveri-li-avete-sempre-con-voi-mc-147\/"},"wordCount":247,"publisher":{"@id":"https:\/\/www.diocesitn.it\/area-testimonianza\/#organization"},"image":{"@id":"https:\/\/www.diocesitn.it\/area-testimonianza\/2021\/11\/08\/domenica-14-novembre-ritorna-la-giornata-mondiale-dei-poveri-con-celebrazione-dedicata-i-poveri-li-avete-sempre-con-voi-mc-147\/#primaryimage"},"thumbnailUrl":"https:\/\/www.diocesitn.it\/area-testimonianza\/wp-content\/uploads\/sites\/37\/2021\/11\/Giornata-dei-poveri-1.jpg","keywords":["Giornata mondiale dei poveri"],"articleSection":["Caritas diocesana","Notizie"],"inLanguage":"it-IT","copyrightYear":"2021","copyrightHolder":{"@id":"https:\/\/www.diocesitn.it\/#organization"}},{"@type":"WebPage","@id":"https:\/\/www.diocesitn.it\/area-testimonianza\/2021\/11\/08\/domenica-14-novembre-ritorna-la-giornata-mondiale-dei-poveri-con-celebrazione-dedicata-i-poveri-li-avete-sempre-con-voi-mc-147\/","url":"https:\/\/www.diocesitn.it\/area-testimonianza\/2021\/11\/08\/domenica-14-novembre-ritorna-la-giornata-mondiale-dei-poveri-con-celebrazione-dedicata-i-poveri-li-avete-sempre-con-voi-mc-147\/","name":"Domenica 14 novembre ritorna la Giornata mondiale dei Poveri con celebrazione dedicata, a Rovereto \u00abI poveri li avete sempre con voi\u00bb (Mc 14,7) - Testimonianza e Impegno sociale","isPartOf":{"@id":"https:\/\/www.diocesitn.it\/area-testimonianza\/#website"},"primaryImageOfPage":{"@id":"https:\/\/www.diocesitn.it\/area-testimonianza\/2021\/11\/08\/domenica-14-novembre-ritorna-la-giornata-mondiale-dei-poveri-con-celebrazione-dedicata-i-poveri-li-avete-sempre-con-voi-mc-147\/#primaryimage"},"image":{"@id":"https:\/\/www.diocesitn.it\/area-testimonianza\/2021\/11\/08\/domenica-14-novembre-ritorna-la-giornata-mondiale-dei-poveri-con-celebrazione-dedicata-i-poveri-li-avete-sempre-con-voi-mc-147\/#primaryimage"},"thumbnailUrl":"https:\/\/www.diocesitn.it\/area-testimonianza\/wp-content\/uploads\/sites\/37\/2021\/11\/Giornata-dei-poveri-1.jpg","datePublished":"2021-11-08T11:25:12+00:00","dateModified":"2024-11-14T10:25:20+00:00","breadcrumb":{"@id":"https:\/\/www.diocesitn.it\/area-testimonianza\/2021\/11\/08\/domenica-14-novembre-ritorna-la-giornata-mondiale-dei-poveri-con-celebrazione-dedicata-i-poveri-li-avete-sempre-con-voi-mc-147\/#breadcrumb"},"inLanguage":"it-IT","potentialAction":[{"@type":"ReadAction","target":["https:\/\/www.diocesitn.it\/area-testimonianza\/2021\/11\/08\/domenica-14-novembre-ritorna-la-giornata-mondiale-dei-poveri-con-celebrazione-dedicata-i-poveri-li-avete-sempre-con-voi-mc-147\/"]}]},{"@type":"ImageObject","inLanguage":"it-IT","@id":"https:\/\/www.diocesitn.it\/area-testimonianza\/2021\/11\/08\/domenica-14-novembre-ritorna-la-giornata-mondiale-dei-poveri-con-celebrazione-dedicata-i-poveri-li-avete-sempre-con-voi-mc-147\/#primaryimage","url":"https:\/\/www.diocesitn.it\/area-testimonianza\/wp-content\/uploads\/sites\/37\/2021\/11\/Giornata-dei-poveri-1.jpg","contentUrl":"https:\/\/www.diocesitn.it\/area-testimonianza\/wp-content\/uploads\/sites\/37\/2021\/11\/Giornata-dei-poveri-1.jpg","width":1002,"height":595},{"@type":"BreadcrumbList","@id":"https:\/\/www.diocesitn.it\/area-testimonianza\/2021\/11\/08\/domenica-14-novembre-ritorna-la-giornata-mondiale-dei-poveri-con-celebrazione-dedicata-i-poveri-li-avete-sempre-con-voi-mc-147\/#breadcrumb","itemListElement":[{"@type":"ListItem","position":1,"name":"Home","item":"https:\/\/www.diocesitn.it\/area-testimonianza\/"},{"@type":"ListItem","position":2,"name":"Domenica 14 novembre ritorna la Giornata mondiale dei Poveri con celebrazione dedicata, a Rovereto \u00abI poveri li avete sempre con voi\u00bb (Mc 14,7)"}]},{"@type":"WebSite","@id":"https:\/\/www.diocesitn.it\/area-testimonianza\/#website","url":"https:\/\/www.diocesitn.it\/area-testimonianza\/","name":"Testimonianza e Impegno sociale","description":"Chiesa di Trento","publisher":{"@id":"https:\/\/www.diocesitn.it\/area-testimonianza\/#organization"},"potentialAction":[{"@type":"SearchAction","target":{"@type":"EntryPoint","urlTemplate":"https:\/\/www.diocesitn.it\/area-testimonianza\/?s={search_term_string}"},"query-input":"required name=search_term_string"}],"inLanguage":"it-IT"},{"@type":["Organization","Place"],"@id":"https:\/\/www.diocesitn.it\/area-testimonianza\/#organization","name":"Area Testimonianza e Impegno Sociale - Chiesa di Trento","url":"https:\/\/www.diocesitn.it\/area-testimonianza\/","logo":{"@id":"https:\/\/www.diocesitn.it\/area-testimonianza\/2021\/11\/08\/domenica-14-novembre-ritorna-la-giornata-mondiale-dei-poveri-con-celebrazione-dedicata-i-poveri-li-avete-sempre-con-voi-mc-147\/#local-main-organization-logo"},"image":{"@id":"https:\/\/www.diocesitn.it\/area-testimonianza\/2021\/11\/08\/domenica-14-novembre-ritorna-la-giornata-mondiale-dei-poveri-con-celebrazione-dedicata-i-poveri-li-avete-sempre-con-voi-mc-147\/#local-main-organization-logo"},"openingHoursSpecification":[{"@type":"OpeningHoursSpecification","dayOfWeek":["Monday","Tuesday","Wednesday","Thursday","Friday","Saturday","Sunday"],"opens":"09:00","closes":"17:00"}]},{"@type":"ImageObject","inLanguage":"it-IT","@id":"https:\/\/www.diocesitn.it\/area-testimonianza\/2021\/11\/08\/domenica-14-novembre-ritorna-la-giornata-mondiale-dei-poveri-con-celebrazione-dedicata-i-poveri-li-avete-sempre-con-voi-mc-147\/#local-main-organization-logo","url":"https:\/\/www.diocesitn.it\/area-testimonianza\/wp-content\/uploads\/sites\/37\/2021\/09\/og-logo-testimonianza-e-impegno-sociale.jpg","contentUrl":"https:\/\/www.diocesitn.it\/area-testimonianza\/wp-content\/uploads\/sites\/37\/2021\/09\/og-logo-testimonianza-e-impegno-sociale.jpg","width":1200,"height":630,"caption":"Area Testimonianza e Impegno Sociale - Chiesa di Trento"}]}},"_links":{"self":[{"href":"https:\/\/www.diocesitn.it\/area-testimonianza\/wp-json\/wp\/v2\/posts\/10095","targetHints":{"allow":["GET"]}}],"collection":[{"href":"https:\/\/www.diocesitn.it\/area-testimonianza\/wp-json\/wp\/v2\/posts"}],"about":[{"href":"https:\/\/www.diocesitn.it\/area-testimonianza\/wp-json\/wp\/v2\/types\/post"}],"author":[{"embeddable":true,"href":"https:\/\/www.diocesitn.it\/area-testimonianza\/wp-json\/wp\/v2\/users\/4"}],"replies":[{"embeddable":true,"href":"https:\/\/www.diocesitn.it\/area-testimonianza\/wp-json\/wp\/v2\/comments?post=10095"}],"version-history":[{"count":3,"href":"https:\/\/www.diocesitn.it\/area-testimonianza\/wp-json\/wp\/v2\/posts\/10095\/revisions"}],"predecessor-version":[{"id":10210,"href":"https:\/\/www.diocesitn.it\/area-testimonianza\/wp-json\/wp\/v2\/posts\/10095\/revisions\/10210"}],"wp:featuredmedia":[{"embeddable":true,"href":"https:\/\/www.diocesitn.it\/area-testimonianza\/wp-json\/wp\/v2\/media\/10102"}],"wp:attachment":[{"href":"https:\/\/www.diocesitn.it\/area-testimonianza\/wp-json\/wp\/v2\/media?parent=10095"}],"wp:term":[{"taxonomy":"category","embeddable":true,"href":"https:\/\/www.diocesitn.it\/area-testimonianza\/wp-json\/wp\/v2\/categories?post=10095"},{"taxonomy":"post_tag","embeddable":true,"href":"https:\/\/www.diocesitn.it\/area-testimonianza\/wp-json\/wp\/v2\/tags?post=10095"}],"curies":[{"name":"wp","href":"https:\/\/api.w.org\/{rel}","templated":true}]}}