{"id":10077,"date":"2021-11-05T12:27:12","date_gmt":"2021-11-05T11:27:12","guid":{"rendered":"https:\/\/www.diocesitn.it\/area-testimonianza\/2021\/11\/05\/musulmani-e-cristiani-uniti-per-una-cultura-della-sostenibilita-domenica-7-incontro-tra-delegazioni-della-diocesi-e-della-comunita-islamica-ore-17-30-al-centro-islamico-di-gardolo-diretta-streamin\/"},"modified":"2021-11-08T12:12:13","modified_gmt":"2021-11-08T11:12:13","slug":"musulmani-e-cristiani-uniti-per-una-cultura-della-sostenibilita-domenica-7-incontro-tra-delegazioni-della-diocesi-e-della-comunita-islamica-ore-17-30-al-centro-islamico-di-gardolo-diretta-streamin","status":"publish","type":"post","link":"https:\/\/www.diocesitn.it\/area-testimonianza\/2021\/11\/05\/musulmani-e-cristiani-uniti-per-una-cultura-della-sostenibilita-domenica-7-incontro-tra-delegazioni-della-diocesi-e-della-comunita-islamica-ore-17-30-al-centro-islamico-di-gardolo-diretta-streamin\/","title":{"rendered":"Musulmani e cristiani uniti per una cultura della sostenibilit\u00e0: domenica 7 incontro tra delegazioni della Diocesi e della Comunit\u00e0 Islamica (ore 17.30 in presenza e diretta streaming)"},"content":{"rendered":"<p>Musulmani e cristiani insieme per una cultura della sostenibilit\u00e0, verso un\u2019ecologia integrale. \u00c8 l\u2019obiettivo dell\u2019incontro promosso da <strong>Diocesi di Trento<\/strong> e <strong>Comunit\u00e0 Laudato si\u2019<\/strong>, insieme alla <strong>Comunit\u00e0 Islamica del Trentino-Alto Adige<\/strong> per <strong>domenica prossima<\/strong>,<strong> 7 novembre<\/strong> alle <strong>ore 17.30<\/strong> presso \u00a0la <strong>sede di Gardolo della stessa Comunit\u00e0 Islamica<\/strong> (via Soprasasso, 24\/3).<\/p>\n<p>Titolo dell\u2019incontro \u201c<strong>La custodia della Casa comune<\/strong>\u201d, al centro anche della <strong>XX Giornata del dialogo islamo-cristiano<\/strong>, celebrata lo scorso 27 ottobre.<\/p>\n<p>A guidare le due delegazioni saranno don<strong> Cristiano Bettega<\/strong> per la Diocesi (Area Testimonianza) e il dottor<strong> Aboulkheir Breigheche<\/strong> per la comunit\u00e0 musulmana.<\/p>\n<p>Sar\u00e0 possibile seguire l\u2019incontro in presenza (con green pass) o <strong>in diretta sul canale YouTube della Diocesi<\/strong> e in televisione su <strong>Telepace Trento<\/strong> (canale 601).<\/p>\n<h5><em>Breigheche: &#8220;Rafforzare la cultura dell&#8217;incontro&#8221;\u00a0<\/em><\/h5>\n<p>\u201cLa Comunit\u00e0 islamica trentina, come quella nazionale, \u00e8 convinta \u2013 sottolinea <strong>Breigheche<\/strong> \u2013 che il miglior modo per un\u2019ottima convivenza, basata sul rispetto reciproco, sulla condivisione dei valori comuni, della fratellanza, della giustizia e della solidariet\u00e0 sia quello di rafforzare la cultura del dialogo e dell&#8217;incontro. Per questo \u2013 aggiunge Breigheche \u2013 ospitiamo nella nostra sede di Gardolo con gioia sincera una delegazione cristiana, per un approfondimento sul tema di questa XX Giornata del dialogo cristiano-islamico\u201d.<\/p>\n<h5><em>Don Bettega:\u00a0 &#8220;Spetta tanto pi\u00f9 ai credenti fare scelte di vita sostenibile&#8221;\u00a0<\/em><\/h5>\n<p>\u201cChe i temi legati alla custodia del creato \u2013 fa eco <strong>don Bettega<\/strong> \u2013 siano attuali, urgenti e, per certi versi, addirittura drammatici, \u00e8 sotto gli occhi di tutti. Ed altrettanto chiaro \u00e8 che non \u00e8 pi\u00f9 pensabile che ad occuparsene siano soltanto gli addetti ai lavori. La cittadinanza \u2013 aggiunge il delegato vescovile \u2013 non pu\u00f2 pensare di delegare tutto a chi sta ai vertici: anche i cittadini, quasi a maggior ragione i cittadini credenti, sono chiamati a conoscere, ragionare, cambiare stile, fare scelte di vita sostenibile. E pi\u00f9 lo sapranno fare insieme, pi\u00f9 ogni gesto sar\u00e0 efficace. Va in questa direzione l\u2019incontro di domenica. Speriamo \u2013 conclude don Bettega \u2013 che questo appuntamento sia di stimolo per una reale \u2018conversione ecologica\u2019, che sappia incidere positivamente sulla nostra vita, sulla vita delle nostre comunit\u00e0 e, non da ultimo, sul pianeta\u201d.<\/p>\n<p>Nella foto:\u00a0 incontro tra le due delegazioni nel 2018.<\/p>\n<p>QUI SOTTO LINK ALLA DIRETTA<\/p>\n<p><iframe loading=\"lazy\" title=\"Domenica 7 novembre, h 17.30 - Musulmani e cristiani uniti per una cultura di sostenibilit\u00e0\" width=\"800\" height=\"450\" src=\"https:\/\/www.youtube.com\/embed\/NukE3S6a0Ao?feature=oembed\" frameborder=\"0\" allow=\"accelerometer; autoplay; clipboard-write; encrypted-media; gyroscope; picture-in-picture\" allowfullscreen><\/iframe><\/p>\n","protected":false},"excerpt":{"rendered":"<p>Musulmani e cristiani insieme per una cultura della sostenibilit\u00e0, verso un\u2019ecologia integrale. \u00c8 l\u2019obiettivo dell\u2019incontro promosso da Diocesi di Trento e Comunit\u00e0 Laudato si\u2019, insieme alla Comunit\u00e0 Islamica del Trentino-Alto Adige per domenica prossima, 7<\/p>\n","protected":false},"author":3,"featured_media":10079,"comment_status":"closed","ping_status":"closed","sticky":false,"template":"","format":"standard","meta":{"footnotes":""},"categories":[1130,1074],"tags":[1906,1534,1812],"class_list":["post-10077","post","type-post","status-publish","format-standard","has-post-thumbnail","hentry","category-servizio-ecumenismo-e-dialogo","category-notizie","tag-cristiani","tag-dialogo-interreligioso","tag-musulmani"],"acf":{"seed-localization-paese-cod":"IT","seed-localization-address":"","seed-localization-citta":"Trento","seed-localization-regione-cod-istat":"04","seed-localization-citta-cod-istat":"022205","seed-localization-localita":"","seed-localization-cap":"","seed-localization-marker-visibility":false,"seed-localization-children-visibility":false,"seed-localization-kml":"","seed-localization-custom-marker":""},"yoast_head":"<!-- This site is optimized with the Yoast SEO Premium plugin v20.2.1 (Yoast SEO v22.2) - https:\/\/yoast.com\/wordpress\/plugins\/seo\/ -->\n<title>Musulmani e cristiani uniti per una cultura della sostenibilit\u00e0: domenica 7 incontro tra delegazioni della Diocesi e della Comunit\u00e0 Islamica (ore 17.30 in presenza e diretta streaming) - Testimonianza e Impegno sociale<\/title>\n<meta name=\"robots\" content=\"index, follow, max-snippet:-1, max-image-preview:large, max-video-preview:-1\" \/>\n<link rel=\"canonical\" href=\"https:\/\/www.diocesitn.it\/area-testimonianza\/2021\/11\/05\/musulmani-e-cristiani-uniti-per-una-cultura-della-sostenibilita-domenica-7-incontro-tra-delegazioni-della-diocesi-e-della-comunita-islamica-ore-17-30-al-centro-islamico-di-gardolo-diretta-streamin\/\" \/>\n<meta property=\"og:locale\" content=\"it_IT\" \/>\n<meta property=\"og:type\" content=\"article\" \/>\n<meta property=\"og:title\" content=\"Musulmani e cristiani uniti per una cultura della sostenibilit\u00e0: domenica 7 incontro tra delegazioni della Diocesi e della Comunit\u00e0 Islamica (ore 17.30 in presenza e diretta streaming)\" \/>\n<meta property=\"og:description\" content=\"Musulmani e cristiani insieme per una cultura della sostenibilit\u00e0, verso un\u2019ecologia integrale. \u00c8 l\u2019obiettivo dell\u2019incontro promosso da Diocesi di Trento e Comunit\u00e0 Laudato si\u2019, insieme alla Comunit\u00e0 Islamica del Trentino-Alto Adige per domenica prossima, 7\" \/>\n<meta property=\"og:url\" content=\"https:\/\/www.diocesitn.it\/area-testimonianza\/2021\/11\/05\/musulmani-e-cristiani-uniti-per-una-cultura-della-sostenibilita-domenica-7-incontro-tra-delegazioni-della-diocesi-e-della-comunita-islamica-ore-17-30-al-centro-islamico-di-gardolo-diretta-streamin\/\" \/>\n<meta property=\"og:site_name\" content=\"Testimonianza e Impegno sociale\" \/>\n<meta property=\"article:published_time\" content=\"2021-11-05T11:27:12+00:00\" \/>\n<meta property=\"article:modified_time\" content=\"2021-11-08T11:12:13+00:00\" \/>\n<meta property=\"og:image\" content=\"https:\/\/www.diocesitn.it\/area-testimonianza\/wp-content\/uploads\/sites\/37\/2021\/11\/LA-CUSTODIA-DELLA-CASA-COMUNE___-1024x576-1.jpg\" \/>\n\t<meta property=\"og:image:width\" content=\"1024\" \/>\n\t<meta property=\"og:image:height\" content=\"576\" \/>\n\t<meta property=\"og:image:type\" content=\"image\/jpeg\" \/>\n<meta name=\"author\" content=\"Piergiorgio Franceschini\" \/>\n<meta name=\"twitter:card\" content=\"summary_large_image\" \/>\n<meta name=\"twitter:label1\" content=\"Scritto da\" \/>\n\t<meta name=\"twitter:data1\" content=\"Piergiorgio Franceschini\" \/>\n\t<meta name=\"twitter:label2\" content=\"Tempo di lettura stimato\" \/>\n\t<meta name=\"twitter:data2\" content=\"2 minuti\" \/>\n<script type=\"application\/ld+json\" class=\"yoast-schema-graph\">{\"@context\":\"https:\/\/schema.org\",\"@graph\":[{\"@type\":\"Article\",\"@id\":\"https:\/\/www.diocesitn.it\/area-testimonianza\/2021\/11\/05\/musulmani-e-cristiani-uniti-per-una-cultura-della-sostenibilita-domenica-7-incontro-tra-delegazioni-della-diocesi-e-della-comunita-islamica-ore-17-30-al-centro-islamico-di-gardolo-diretta-streamin\/#article\",\"isPartOf\":{\"@id\":\"https:\/\/www.diocesitn.it\/area-testimonianza\/2021\/11\/05\/musulmani-e-cristiani-uniti-per-una-cultura-della-sostenibilita-domenica-7-incontro-tra-delegazioni-della-diocesi-e-della-comunita-islamica-ore-17-30-al-centro-islamico-di-gardolo-diretta-streamin\/\"},\"author\":{\"name\":\"Piergiorgio Franceschini\",\"@id\":\"https:\/\/www.diocesitn.it\/area-testimonianza\/#\/schema\/person\/99590c84577873a025247b6aeb16ad2e\"},\"headline\":\"Musulmani e cristiani uniti per una cultura della sostenibilit\u00e0: domenica 7 incontro tra delegazioni della Diocesi e della Comunit\u00e0 Islamica (ore 17.30 in presenza e diretta streaming)\",\"datePublished\":\"2021-11-05T11:27:12+00:00\",\"dateModified\":\"2021-11-08T11:12:13+00:00\",\"mainEntityOfPage\":{\"@id\":\"https:\/\/www.diocesitn.it\/area-testimonianza\/2021\/11\/05\/musulmani-e-cristiani-uniti-per-una-cultura-della-sostenibilita-domenica-7-incontro-tra-delegazioni-della-diocesi-e-della-comunita-islamica-ore-17-30-al-centro-islamico-di-gardolo-diretta-streamin\/\"},\"wordCount\":389,\"publisher\":{\"@id\":\"https:\/\/www.diocesitn.it\/area-testimonianza\/#organization\"},\"image\":{\"@id\":\"https:\/\/www.diocesitn.it\/area-testimonianza\/2021\/11\/05\/musulmani-e-cristiani-uniti-per-una-cultura-della-sostenibilita-domenica-7-incontro-tra-delegazioni-della-diocesi-e-della-comunita-islamica-ore-17-30-al-centro-islamico-di-gardolo-diretta-streamin\/#primaryimage\"},\"thumbnailUrl\":\"https:\/\/www.diocesitn.it\/area-testimonianza\/wp-content\/uploads\/sites\/37\/2021\/11\/LA-CUSTODIA-DELLA-CASA-COMUNE___-1024x576-1.jpg\",\"keywords\":[\"cristiani\",\"dialogo interreligioso\",\"musulmani\"],\"articleSection\":[\"Ecumenismo e Dialogo interreligioso\",\"Notizie\"],\"inLanguage\":\"it-IT\",\"copyrightYear\":\"2021\",\"copyrightHolder\":{\"@id\":\"https:\/\/www.diocesitn.it\/#organization\"}},{\"@type\":\"WebPage\",\"@id\":\"https:\/\/www.diocesitn.it\/area-testimonianza\/2021\/11\/05\/musulmani-e-cristiani-uniti-per-una-cultura-della-sostenibilita-domenica-7-incontro-tra-delegazioni-della-diocesi-e-della-comunita-islamica-ore-17-30-al-centro-islamico-di-gardolo-diretta-streamin\/\",\"url\":\"https:\/\/www.diocesitn.it\/area-testimonianza\/2021\/11\/05\/musulmani-e-cristiani-uniti-per-una-cultura-della-sostenibilita-domenica-7-incontro-tra-delegazioni-della-diocesi-e-della-comunita-islamica-ore-17-30-al-centro-islamico-di-gardolo-diretta-streamin\/\",\"name\":\"Musulmani e cristiani uniti per una cultura della sostenibilit\u00e0: domenica 7 incontro tra delegazioni della Diocesi e della Comunit\u00e0 Islamica (ore 17.30 in presenza e diretta streaming) - Testimonianza e Impegno sociale\",\"isPartOf\":{\"@id\":\"https:\/\/www.diocesitn.it\/area-testimonianza\/#website\"},\"primaryImageOfPage\":{\"@id\":\"https:\/\/www.diocesitn.it\/area-testimonianza\/2021\/11\/05\/musulmani-e-cristiani-uniti-per-una-cultura-della-sostenibilita-domenica-7-incontro-tra-delegazioni-della-diocesi-e-della-comunita-islamica-ore-17-30-al-centro-islamico-di-gardolo-diretta-streamin\/#primaryimage\"},\"image\":{\"@id\":\"https:\/\/www.diocesitn.it\/area-testimonianza\/2021\/11\/05\/musulmani-e-cristiani-uniti-per-una-cultura-della-sostenibilita-domenica-7-incontro-tra-delegazioni-della-diocesi-e-della-comunita-islamica-ore-17-30-al-centro-islamico-di-gardolo-diretta-streamin\/#primaryimage\"},\"thumbnailUrl\":\"https:\/\/www.diocesitn.it\/area-testimonianza\/wp-content\/uploads\/sites\/37\/2021\/11\/LA-CUSTODIA-DELLA-CASA-COMUNE___-1024x576-1.jpg\",\"datePublished\":\"2021-11-05T11:27:12+00:00\",\"dateModified\":\"2021-11-08T11:12:13+00:00\",\"breadcrumb\":{\"@id\":\"https:\/\/www.diocesitn.it\/area-testimonianza\/2021\/11\/05\/musulmani-e-cristiani-uniti-per-una-cultura-della-sostenibilita-domenica-7-incontro-tra-delegazioni-della-diocesi-e-della-comunita-islamica-ore-17-30-al-centro-islamico-di-gardolo-diretta-streamin\/#breadcrumb\"},\"inLanguage\":\"it-IT\",\"potentialAction\":[{\"@type\":\"ReadAction\",\"target\":[\"https:\/\/www.diocesitn.it\/area-testimonianza\/2021\/11\/05\/musulmani-e-cristiani-uniti-per-una-cultura-della-sostenibilita-domenica-7-incontro-tra-delegazioni-della-diocesi-e-della-comunita-islamica-ore-17-30-al-centro-islamico-di-gardolo-diretta-streamin\/\"]}]},{\"@type\":\"ImageObject\",\"inLanguage\":\"it-IT\",\"@id\":\"https:\/\/www.diocesitn.it\/area-testimonianza\/2021\/11\/05\/musulmani-e-cristiani-uniti-per-una-cultura-della-sostenibilita-domenica-7-incontro-tra-delegazioni-della-diocesi-e-della-comunita-islamica-ore-17-30-al-centro-islamico-di-gardolo-diretta-streamin\/#primaryimage\",\"url\":\"https:\/\/www.diocesitn.it\/area-testimonianza\/wp-content\/uploads\/sites\/37\/2021\/11\/LA-CUSTODIA-DELLA-CASA-COMUNE___-1024x576-1.jpg\",\"contentUrl\":\"https:\/\/www.diocesitn.it\/area-testimonianza\/wp-content\/uploads\/sites\/37\/2021\/11\/LA-CUSTODIA-DELLA-CASA-COMUNE___-1024x576-1.jpg\",\"width\":1024,\"height\":576},{\"@type\":\"BreadcrumbList\",\"@id\":\"https:\/\/www.diocesitn.it\/area-testimonianza\/2021\/11\/05\/musulmani-e-cristiani-uniti-per-una-cultura-della-sostenibilita-domenica-7-incontro-tra-delegazioni-della-diocesi-e-della-comunita-islamica-ore-17-30-al-centro-islamico-di-gardolo-diretta-streamin\/#breadcrumb\",\"itemListElement\":[{\"@type\":\"ListItem\",\"position\":1,\"name\":\"Home\",\"item\":\"https:\/\/www.diocesitn.it\/area-testimonianza\/\"},{\"@type\":\"ListItem\",\"position\":2,\"name\":\"Musulmani e cristiani uniti per una cultura della sostenibilit\u00e0: domenica 7 incontro tra delegazioni della Diocesi e della Comunit\u00e0 Islamica (ore 17.30 in presenza e diretta streaming)\"}]},{\"@type\":\"WebSite\",\"@id\":\"https:\/\/www.diocesitn.it\/area-testimonianza\/#website\",\"url\":\"https:\/\/www.diocesitn.it\/area-testimonianza\/\",\"name\":\"Testimonianza e Impegno sociale\",\"description\":\"Chiesa di Trento\",\"publisher\":{\"@id\":\"https:\/\/www.diocesitn.it\/area-testimonianza\/#organization\"},\"potentialAction\":[{\"@type\":\"SearchAction\",\"target\":{\"@type\":\"EntryPoint\",\"urlTemplate\":\"https:\/\/www.diocesitn.it\/area-testimonianza\/?s={search_term_string}\"},\"query-input\":\"required name=search_term_string\"}],\"inLanguage\":\"it-IT\"},{\"@type\":[\"Organization\",\"Place\"],\"@id\":\"https:\/\/www.diocesitn.it\/area-testimonianza\/#organization\",\"name\":\"Area Testimonianza e Impegno Sociale - Chiesa di Trento\",\"url\":\"https:\/\/www.diocesitn.it\/area-testimonianza\/\",\"logo\":{\"@id\":\"https:\/\/www.diocesitn.it\/area-testimonianza\/2021\/11\/05\/musulmani-e-cristiani-uniti-per-una-cultura-della-sostenibilita-domenica-7-incontro-tra-delegazioni-della-diocesi-e-della-comunita-islamica-ore-17-30-al-centro-islamico-di-gardolo-diretta-streamin\/#local-main-organization-logo\"},\"image\":{\"@id\":\"https:\/\/www.diocesitn.it\/area-testimonianza\/2021\/11\/05\/musulmani-e-cristiani-uniti-per-una-cultura-della-sostenibilita-domenica-7-incontro-tra-delegazioni-della-diocesi-e-della-comunita-islamica-ore-17-30-al-centro-islamico-di-gardolo-diretta-streamin\/#local-main-organization-logo\"},\"openingHoursSpecification\":[{\"@type\":\"OpeningHoursSpecification\",\"dayOfWeek\":[\"Monday\",\"Tuesday\",\"Wednesday\",\"Thursday\",\"Friday\",\"Saturday\",\"Sunday\"],\"opens\":\"09:00\",\"closes\":\"17:00\"}]},{\"@type\":\"ImageObject\",\"inLanguage\":\"it-IT\",\"@id\":\"https:\/\/www.diocesitn.it\/area-testimonianza\/2021\/11\/05\/musulmani-e-cristiani-uniti-per-una-cultura-della-sostenibilita-domenica-7-incontro-tra-delegazioni-della-diocesi-e-della-comunita-islamica-ore-17-30-al-centro-islamico-di-gardolo-diretta-streamin\/#local-main-organization-logo\",\"url\":\"https:\/\/www.diocesitn.it\/area-testimonianza\/wp-content\/uploads\/sites\/37\/2021\/09\/og-logo-testimonianza-e-impegno-sociale.jpg\",\"contentUrl\":\"https:\/\/www.diocesitn.it\/area-testimonianza\/wp-content\/uploads\/sites\/37\/2021\/09\/og-logo-testimonianza-e-impegno-sociale.jpg\",\"width\":1200,\"height\":630,\"caption\":\"Area Testimonianza e Impegno Sociale - Chiesa di Trento\"}]}<\/script>\n<!-- \/ Yoast SEO Premium plugin. -->","yoast_head_json":{"title":"Musulmani e cristiani uniti per una cultura della sostenibilit\u00e0: domenica 7 incontro tra delegazioni della Diocesi e della Comunit\u00e0 Islamica (ore 17.30 in presenza e diretta streaming) - Testimonianza e Impegno sociale","robots":{"index":"index","follow":"follow","max-snippet":"max-snippet:-1","max-image-preview":"max-image-preview:large","max-video-preview":"max-video-preview:-1"},"canonical":"https:\/\/www.diocesitn.it\/area-testimonianza\/2021\/11\/05\/musulmani-e-cristiani-uniti-per-una-cultura-della-sostenibilita-domenica-7-incontro-tra-delegazioni-della-diocesi-e-della-comunita-islamica-ore-17-30-al-centro-islamico-di-gardolo-diretta-streamin\/","og_locale":"it_IT","og_type":"article","og_title":"Musulmani e cristiani uniti per una cultura della sostenibilit\u00e0: domenica 7 incontro tra delegazioni della Diocesi e della Comunit\u00e0 Islamica (ore 17.30 in presenza e diretta streaming)","og_description":"Musulmani e cristiani insieme per una cultura della sostenibilit\u00e0, verso un\u2019ecologia integrale. \u00c8 l\u2019obiettivo dell\u2019incontro promosso da Diocesi di Trento e Comunit\u00e0 Laudato si\u2019, insieme alla Comunit\u00e0 Islamica del Trentino-Alto Adige per domenica prossima, 7","og_url":"https:\/\/www.diocesitn.it\/area-testimonianza\/2021\/11\/05\/musulmani-e-cristiani-uniti-per-una-cultura-della-sostenibilita-domenica-7-incontro-tra-delegazioni-della-diocesi-e-della-comunita-islamica-ore-17-30-al-centro-islamico-di-gardolo-diretta-streamin\/","og_site_name":"Testimonianza e Impegno sociale","article_published_time":"2021-11-05T11:27:12+00:00","article_modified_time":"2021-11-08T11:12:13+00:00","og_image":[{"width":1024,"height":576,"url":"https:\/\/www.diocesitn.it\/area-testimonianza\/wp-content\/uploads\/sites\/37\/2021\/11\/LA-CUSTODIA-DELLA-CASA-COMUNE___-1024x576-1.jpg","type":"image\/jpeg"}],"author":"Piergiorgio Franceschini","twitter_card":"summary_large_image","twitter_misc":{"Scritto da":"Piergiorgio Franceschini","Tempo di lettura stimato":"2 minuti"},"schema":{"@context":"https:\/\/schema.org","@graph":[{"@type":"Article","@id":"https:\/\/www.diocesitn.it\/area-testimonianza\/2021\/11\/05\/musulmani-e-cristiani-uniti-per-una-cultura-della-sostenibilita-domenica-7-incontro-tra-delegazioni-della-diocesi-e-della-comunita-islamica-ore-17-30-al-centro-islamico-di-gardolo-diretta-streamin\/#article","isPartOf":{"@id":"https:\/\/www.diocesitn.it\/area-testimonianza\/2021\/11\/05\/musulmani-e-cristiani-uniti-per-una-cultura-della-sostenibilita-domenica-7-incontro-tra-delegazioni-della-diocesi-e-della-comunita-islamica-ore-17-30-al-centro-islamico-di-gardolo-diretta-streamin\/"},"author":{"name":"Piergiorgio Franceschini","@id":"https:\/\/www.diocesitn.it\/area-testimonianza\/#\/schema\/person\/99590c84577873a025247b6aeb16ad2e"},"headline":"Musulmani e cristiani uniti per una cultura della sostenibilit\u00e0: domenica 7 incontro tra delegazioni della Diocesi e della Comunit\u00e0 Islamica (ore 17.30 in presenza e diretta streaming)","datePublished":"2021-11-05T11:27:12+00:00","dateModified":"2021-11-08T11:12:13+00:00","mainEntityOfPage":{"@id":"https:\/\/www.diocesitn.it\/area-testimonianza\/2021\/11\/05\/musulmani-e-cristiani-uniti-per-una-cultura-della-sostenibilita-domenica-7-incontro-tra-delegazioni-della-diocesi-e-della-comunita-islamica-ore-17-30-al-centro-islamico-di-gardolo-diretta-streamin\/"},"wordCount":389,"publisher":{"@id":"https:\/\/www.diocesitn.it\/area-testimonianza\/#organization"},"image":{"@id":"https:\/\/www.diocesitn.it\/area-testimonianza\/2021\/11\/05\/musulmani-e-cristiani-uniti-per-una-cultura-della-sostenibilita-domenica-7-incontro-tra-delegazioni-della-diocesi-e-della-comunita-islamica-ore-17-30-al-centro-islamico-di-gardolo-diretta-streamin\/#primaryimage"},"thumbnailUrl":"https:\/\/www.diocesitn.it\/area-testimonianza\/wp-content\/uploads\/sites\/37\/2021\/11\/LA-CUSTODIA-DELLA-CASA-COMUNE___-1024x576-1.jpg","keywords":["cristiani","dialogo interreligioso","musulmani"],"articleSection":["Ecumenismo e Dialogo interreligioso","Notizie"],"inLanguage":"it-IT","copyrightYear":"2021","copyrightHolder":{"@id":"https:\/\/www.diocesitn.it\/#organization"}},{"@type":"WebPage","@id":"https:\/\/www.diocesitn.it\/area-testimonianza\/2021\/11\/05\/musulmani-e-cristiani-uniti-per-una-cultura-della-sostenibilita-domenica-7-incontro-tra-delegazioni-della-diocesi-e-della-comunita-islamica-ore-17-30-al-centro-islamico-di-gardolo-diretta-streamin\/","url":"https:\/\/www.diocesitn.it\/area-testimonianza\/2021\/11\/05\/musulmani-e-cristiani-uniti-per-una-cultura-della-sostenibilita-domenica-7-incontro-tra-delegazioni-della-diocesi-e-della-comunita-islamica-ore-17-30-al-centro-islamico-di-gardolo-diretta-streamin\/","name":"Musulmani e cristiani uniti per una cultura della sostenibilit\u00e0: domenica 7 incontro tra delegazioni della Diocesi e della Comunit\u00e0 Islamica (ore 17.30 in presenza e diretta streaming) - Testimonianza e Impegno sociale","isPartOf":{"@id":"https:\/\/www.diocesitn.it\/area-testimonianza\/#website"},"primaryImageOfPage":{"@id":"https:\/\/www.diocesitn.it\/area-testimonianza\/2021\/11\/05\/musulmani-e-cristiani-uniti-per-una-cultura-della-sostenibilita-domenica-7-incontro-tra-delegazioni-della-diocesi-e-della-comunita-islamica-ore-17-30-al-centro-islamico-di-gardolo-diretta-streamin\/#primaryimage"},"image":{"@id":"https:\/\/www.diocesitn.it\/area-testimonianza\/2021\/11\/05\/musulmani-e-cristiani-uniti-per-una-cultura-della-sostenibilita-domenica-7-incontro-tra-delegazioni-della-diocesi-e-della-comunita-islamica-ore-17-30-al-centro-islamico-di-gardolo-diretta-streamin\/#primaryimage"},"thumbnailUrl":"https:\/\/www.diocesitn.it\/area-testimonianza\/wp-content\/uploads\/sites\/37\/2021\/11\/LA-CUSTODIA-DELLA-CASA-COMUNE___-1024x576-1.jpg","datePublished":"2021-11-05T11:27:12+00:00","dateModified":"2021-11-08T11:12:13+00:00","breadcrumb":{"@id":"https:\/\/www.diocesitn.it\/area-testimonianza\/2021\/11\/05\/musulmani-e-cristiani-uniti-per-una-cultura-della-sostenibilita-domenica-7-incontro-tra-delegazioni-della-diocesi-e-della-comunita-islamica-ore-17-30-al-centro-islamico-di-gardolo-diretta-streamin\/#breadcrumb"},"inLanguage":"it-IT","potentialAction":[{"@type":"ReadAction","target":["https:\/\/www.diocesitn.it\/area-testimonianza\/2021\/11\/05\/musulmani-e-cristiani-uniti-per-una-cultura-della-sostenibilita-domenica-7-incontro-tra-delegazioni-della-diocesi-e-della-comunita-islamica-ore-17-30-al-centro-islamico-di-gardolo-diretta-streamin\/"]}]},{"@type":"ImageObject","inLanguage":"it-IT","@id":"https:\/\/www.diocesitn.it\/area-testimonianza\/2021\/11\/05\/musulmani-e-cristiani-uniti-per-una-cultura-della-sostenibilita-domenica-7-incontro-tra-delegazioni-della-diocesi-e-della-comunita-islamica-ore-17-30-al-centro-islamico-di-gardolo-diretta-streamin\/#primaryimage","url":"https:\/\/www.diocesitn.it\/area-testimonianza\/wp-content\/uploads\/sites\/37\/2021\/11\/LA-CUSTODIA-DELLA-CASA-COMUNE___-1024x576-1.jpg","contentUrl":"https:\/\/www.diocesitn.it\/area-testimonianza\/wp-content\/uploads\/sites\/37\/2021\/11\/LA-CUSTODIA-DELLA-CASA-COMUNE___-1024x576-1.jpg","width":1024,"height":576},{"@type":"BreadcrumbList","@id":"https:\/\/www.diocesitn.it\/area-testimonianza\/2021\/11\/05\/musulmani-e-cristiani-uniti-per-una-cultura-della-sostenibilita-domenica-7-incontro-tra-delegazioni-della-diocesi-e-della-comunita-islamica-ore-17-30-al-centro-islamico-di-gardolo-diretta-streamin\/#breadcrumb","itemListElement":[{"@type":"ListItem","position":1,"name":"Home","item":"https:\/\/www.diocesitn.it\/area-testimonianza\/"},{"@type":"ListItem","position":2,"name":"Musulmani e cristiani uniti per una cultura della sostenibilit\u00e0: domenica 7 incontro tra delegazioni della Diocesi e della Comunit\u00e0 Islamica (ore 17.30 in presenza e diretta streaming)"}]},{"@type":"WebSite","@id":"https:\/\/www.diocesitn.it\/area-testimonianza\/#website","url":"https:\/\/www.diocesitn.it\/area-testimonianza\/","name":"Testimonianza e Impegno sociale","description":"Chiesa di Trento","publisher":{"@id":"https:\/\/www.diocesitn.it\/area-testimonianza\/#organization"},"potentialAction":[{"@type":"SearchAction","target":{"@type":"EntryPoint","urlTemplate":"https:\/\/www.diocesitn.it\/area-testimonianza\/?s={search_term_string}"},"query-input":"required name=search_term_string"}],"inLanguage":"it-IT"},{"@type":["Organization","Place"],"@id":"https:\/\/www.diocesitn.it\/area-testimonianza\/#organization","name":"Area Testimonianza e Impegno Sociale - Chiesa di Trento","url":"https:\/\/www.diocesitn.it\/area-testimonianza\/","logo":{"@id":"https:\/\/www.diocesitn.it\/area-testimonianza\/2021\/11\/05\/musulmani-e-cristiani-uniti-per-una-cultura-della-sostenibilita-domenica-7-incontro-tra-delegazioni-della-diocesi-e-della-comunita-islamica-ore-17-30-al-centro-islamico-di-gardolo-diretta-streamin\/#local-main-organization-logo"},"image":{"@id":"https:\/\/www.diocesitn.it\/area-testimonianza\/2021\/11\/05\/musulmani-e-cristiani-uniti-per-una-cultura-della-sostenibilita-domenica-7-incontro-tra-delegazioni-della-diocesi-e-della-comunita-islamica-ore-17-30-al-centro-islamico-di-gardolo-diretta-streamin\/#local-main-organization-logo"},"openingHoursSpecification":[{"@type":"OpeningHoursSpecification","dayOfWeek":["Monday","Tuesday","Wednesday","Thursday","Friday","Saturday","Sunday"],"opens":"09:00","closes":"17:00"}]},{"@type":"ImageObject","inLanguage":"it-IT","@id":"https:\/\/www.diocesitn.it\/area-testimonianza\/2021\/11\/05\/musulmani-e-cristiani-uniti-per-una-cultura-della-sostenibilita-domenica-7-incontro-tra-delegazioni-della-diocesi-e-della-comunita-islamica-ore-17-30-al-centro-islamico-di-gardolo-diretta-streamin\/#local-main-organization-logo","url":"https:\/\/www.diocesitn.it\/area-testimonianza\/wp-content\/uploads\/sites\/37\/2021\/09\/og-logo-testimonianza-e-impegno-sociale.jpg","contentUrl":"https:\/\/www.diocesitn.it\/area-testimonianza\/wp-content\/uploads\/sites\/37\/2021\/09\/og-logo-testimonianza-e-impegno-sociale.jpg","width":1200,"height":630,"caption":"Area Testimonianza e Impegno Sociale - Chiesa di Trento"}]}},"_links":{"self":[{"href":"https:\/\/www.diocesitn.it\/area-testimonianza\/wp-json\/wp\/v2\/posts\/10077","targetHints":{"allow":["GET"]}}],"collection":[{"href":"https:\/\/www.diocesitn.it\/area-testimonianza\/wp-json\/wp\/v2\/posts"}],"about":[{"href":"https:\/\/www.diocesitn.it\/area-testimonianza\/wp-json\/wp\/v2\/types\/post"}],"author":[{"embeddable":true,"href":"https:\/\/www.diocesitn.it\/area-testimonianza\/wp-json\/wp\/v2\/users\/3"}],"replies":[{"embeddable":true,"href":"https:\/\/www.diocesitn.it\/area-testimonianza\/wp-json\/wp\/v2\/comments?post=10077"}],"version-history":[{"count":3,"href":"https:\/\/www.diocesitn.it\/area-testimonianza\/wp-json\/wp\/v2\/posts\/10077\/revisions"}],"predecessor-version":[{"id":10093,"href":"https:\/\/www.diocesitn.it\/area-testimonianza\/wp-json\/wp\/v2\/posts\/10077\/revisions\/10093"}],"wp:featuredmedia":[{"embeddable":true,"href":"https:\/\/www.diocesitn.it\/area-testimonianza\/wp-json\/wp\/v2\/media\/10079"}],"wp:attachment":[{"href":"https:\/\/www.diocesitn.it\/area-testimonianza\/wp-json\/wp\/v2\/media?parent=10077"}],"wp:term":[{"taxonomy":"category","embeddable":true,"href":"https:\/\/www.diocesitn.it\/area-testimonianza\/wp-json\/wp\/v2\/categories?post=10077"},{"taxonomy":"post_tag","embeddable":true,"href":"https:\/\/www.diocesitn.it\/area-testimonianza\/wp-json\/wp\/v2\/tags?post=10077"}],"curies":[{"name":"wp","href":"https:\/\/api.w.org\/{rel}","templated":true}]}}