{"id":10034,"date":"2021-10-22T09:04:46","date_gmt":"2021-10-22T07:04:46","guid":{"rendered":"https:\/\/www.diocesitn.it\/area-testimonianza\/?p=10034"},"modified":"2021-11-09T13:57:06","modified_gmt":"2021-11-09T12:57:06","slug":"xxx-rapporto-immigrazione-2021-verso-un-noi-sempre-piu-grande","status":"publish","type":"post","link":"https:\/\/www.diocesitn.it\/area-testimonianza\/2021\/10\/22\/xxx-rapporto-immigrazione-2021-verso-un-noi-sempre-piu-grande\/","title":{"rendered":"XXX Rapporto Immigrazione 2021. Verso un noi sempre pi\u00f9 grande"},"content":{"rendered":"<p><img loading=\"lazy\" decoding=\"async\" class=\"size-full wp-image-10035 alignleft\" src=\"https:\/\/www.diocesitn.it\/area-testimonianza\/wp-content\/uploads\/sites\/37\/2021\/10\/copertina-RICM-2021-234x300-1.png\" alt=\"\" width=\"234\" height=\"300\" srcset=\"https:\/\/www.diocesitn.it\/area-testimonianza\/wp-content\/uploads\/sites\/37\/2021\/10\/copertina-RICM-2021-234x300-1.png 234w, https:\/\/www.diocesitn.it\/area-testimonianza\/wp-content\/uploads\/sites\/37\/2021\/10\/copertina-RICM-2021-234x300-1-218x280.png 218w\" sizes=\"auto, (max-width: 234px) 100vw, 234px\" \/>\u00c8 uscito lo scorso 14 ottobre il <a href=\"https:\/\/www.migrantes.it\/xxx-rapporto-immigrazione-2021-verso-un-noi-sempre-piu-grande\/\" target=\"_blank\" rel=\"noopener\"><strong>30\u00b0 Rapporto Immigrazione Caritas-Migrantes<\/strong><\/a>, uno degli strumenti pi\u00f9 importanti e attendibili per comprendere il fenomeno migratorio nel nostro paese. Redatto non solo tramite dati statistici ma raccogliendo dal territorio nazionale (in particolare grazie ai punti di ascolto delle Caritas locali) una serie di elementi conoscitivi che offrono un quadro decisamente ampio e puntuale.<\/p>\n<p>Oltre agli abituali <strong>aspetti<\/strong> prettamente <strong>demografici<\/strong>, che segnalano un calo del 5% delle presenze (oggi gli stranieri nel nostro paese sono poco pi\u00f9 di 5 milioni) e a quelli <strong>descrittivi<\/strong> di vari ambiti di indagine, il Rapporto ha voluto quest\u2019anno soffermarsi anche sugli effetti negativi prodotti dalla <strong>pandemia<\/strong> nella vita sociale e personale della popolazione straniera.\u00a0 Tra gli elementi pi\u00f9 significativi in questo senso, le ricadute negative rispetto al mercato del lavoro, vista la precariet\u00e0 contrattuale e la vulnerabilit\u00e0 di molti lavoratori non italiani e \u2013 di conseguenza \u2013 l\u2019aumento della percentuale di famiglie straniere in povert\u00e0.<\/p>\n<p>Per approfondimenti e per richiedere il Rapporto: <a href=\"http:\/\/www.migrantes.it\">www.migrantes.it<\/a>\u00a0 &#8211; <a href=\"mailto:segreteria.direzione@migrantes.it\">segreteria.direzione@migrantes.it<\/a><\/p>\n<p>&nbsp;<\/p>\n<p><strong><img loading=\"lazy\" decoding=\"async\" class=\"size-medium wp-image-10036 alignleft\" src=\"https:\/\/www.diocesitn.it\/area-testimonianza\/wp-content\/uploads\/sites\/37\/2021\/10\/diapositiva-generale-ricm2021-300x169.jpg\" alt=\"\" width=\"300\" height=\"169\" srcset=\"https:\/\/www.diocesitn.it\/area-testimonianza\/wp-content\/uploads\/sites\/37\/2021\/10\/diapositiva-generale-ricm2021-300x169.jpg 300w, https:\/\/www.diocesitn.it\/area-testimonianza\/wp-content\/uploads\/sites\/37\/2021\/10\/diapositiva-generale-ricm2021-1024x576.jpg 1024w, https:\/\/www.diocesitn.it\/area-testimonianza\/wp-content\/uploads\/sites\/37\/2021\/10\/diapositiva-generale-ricm2021-768x432.jpg 768w, https:\/\/www.diocesitn.it\/area-testimonianza\/wp-content\/uploads\/sites\/37\/2021\/10\/diapositiva-generale-ricm2021-360x203.jpg 360w, https:\/\/www.diocesitn.it\/area-testimonianza\/wp-content\/uploads\/sites\/37\/2021\/10\/diapositiva-generale-ricm2021-800x450.jpg 800w, https:\/\/www.diocesitn.it\/area-testimonianza\/wp-content\/uploads\/sites\/37\/2021\/10\/diapositiva-generale-ricm2021-1200x675.jpg 1200w, https:\/\/www.diocesitn.it\/area-testimonianza\/wp-content\/uploads\/sites\/37\/2021\/10\/diapositiva-generale-ricm2021.jpg 1280w\" sizes=\"auto, (max-width: 300px) 100vw, 300px\" \/><\/strong><\/p>\n<p>&nbsp;<\/p>\n<p><strong>DOWNLOAD:<\/strong><br \/>\n<a href=\"https:\/\/www.migrantes.it\/wp-content\/uploads\/sites\/50\/2021\/10\/Sintesi-XXX-Rapporto-Immigrazione.pdf\" target=\"_blank\" rel=\"noopener\">Sintesi XXX Rapporto Immigrazione<\/a><\/p>\n<p><strong>VIDEO:<\/strong><br \/>\n<a href=\"https:\/\/www.youtube.com\/watch?v=jplUKXCWbOQ&amp;ab_channel=CEIChiesaCattolicaItaliana\" target=\"_blank\" rel=\"noopener\">Video integrale della presentazione 2021 a Roma (canale YouTube della Cei)<\/a><\/p>\n<p>&nbsp;<\/p>\n","protected":false},"excerpt":{"rendered":"<p>\u00c8 uscito lo scorso 14 ottobre il 30\u00b0 Rapporto Immigrazione Caritas-Migrantes, uno degli strumenti pi\u00f9 importanti e attendibili per comprendere il fenomeno migratorio nel nostro paese. Redatto non solo tramite dati statistici ma raccogliendo dal<\/p>\n","protected":false},"author":161,"featured_media":10036,"comment_status":"closed","ping_status":"closed","sticky":false,"template":"","format":"standard","meta":{"footnotes":""},"categories":[1074,1662],"tags":[1764,1904],"class_list":["post-10034","post","type-post","status-publish","format-standard","has-post-thumbnail","hentry","category-notizie","category-servizio-migrazioni","tag-1764","tag-rapporto-immigrazione"],"acf":{"seed-localization-paese-cod":"IT","seed-localization-address":"","seed-localization-citta":"Trento","seed-localization-regione-cod-istat":"04","seed-localization-citta-cod-istat":"022205","seed-localization-localita":"","seed-localization-cap":"","seed-localization-marker-visibility":false,"seed-localization-children-visibility":false,"seed-localization-kml":"","seed-localization-custom-marker":""},"yoast_head":"<!-- This site is optimized with the Yoast SEO Premium plugin v20.2.1 (Yoast SEO v22.2) - https:\/\/yoast.com\/wordpress\/plugins\/seo\/ -->\n<title>XXX Rapporto Immigrazione 2021. Verso un noi sempre pi\u00f9 grande - Testimonianza e Impegno sociale<\/title>\n<meta name=\"robots\" content=\"index, follow, max-snippet:-1, max-image-preview:large, max-video-preview:-1\" \/>\n<link rel=\"canonical\" href=\"https:\/\/www.diocesitn.it\/area-testimonianza\/2021\/10\/22\/xxx-rapporto-immigrazione-2021-verso-un-noi-sempre-piu-grande\/\" \/>\n<meta property=\"og:locale\" content=\"it_IT\" \/>\n<meta property=\"og:type\" content=\"article\" \/>\n<meta property=\"og:title\" content=\"XXX Rapporto Immigrazione 2021. Verso un noi sempre pi\u00f9 grande\" \/>\n<meta property=\"og:description\" content=\"\u00c8 uscito lo scorso 14 ottobre il 30\u00b0 Rapporto Immigrazione Caritas-Migrantes, uno degli strumenti pi\u00f9 importanti e attendibili per comprendere il fenomeno migratorio nel nostro paese. Redatto non solo tramite dati statistici ma raccogliendo dal\" \/>\n<meta property=\"og:url\" content=\"https:\/\/www.diocesitn.it\/area-testimonianza\/2021\/10\/22\/xxx-rapporto-immigrazione-2021-verso-un-noi-sempre-piu-grande\/\" \/>\n<meta property=\"og:site_name\" content=\"Testimonianza e Impegno sociale\" \/>\n<meta property=\"article:published_time\" content=\"2021-10-22T07:04:46+00:00\" \/>\n<meta property=\"article:modified_time\" content=\"2021-11-09T12:57:06+00:00\" \/>\n<meta property=\"og:image\" content=\"https:\/\/www.diocesitn.it\/area-testimonianza\/wp-content\/uploads\/sites\/37\/2021\/10\/diapositiva-generale-ricm2021.jpg\" \/>\n\t<meta property=\"og:image:width\" content=\"1280\" \/>\n\t<meta property=\"og:image:height\" content=\"720\" \/>\n\t<meta property=\"og:image:type\" content=\"image\/jpeg\" \/>\n<meta name=\"author\" content=\"smaule\" \/>\n<meta name=\"twitter:card\" content=\"summary_large_image\" \/>\n<meta name=\"twitter:label1\" content=\"Scritto da\" \/>\n\t<meta name=\"twitter:data1\" content=\"smaule\" \/>\n\t<meta name=\"twitter:label2\" content=\"Tempo di lettura stimato\" \/>\n\t<meta name=\"twitter:data2\" content=\"2 minuti\" \/>\n<script type=\"application\/ld+json\" class=\"yoast-schema-graph\">{\"@context\":\"https:\/\/schema.org\",\"@graph\":[{\"@type\":\"Article\",\"@id\":\"https:\/\/www.diocesitn.it\/area-testimonianza\/2021\/10\/22\/xxx-rapporto-immigrazione-2021-verso-un-noi-sempre-piu-grande\/#article\",\"isPartOf\":{\"@id\":\"https:\/\/www.diocesitn.it\/area-testimonianza\/2021\/10\/22\/xxx-rapporto-immigrazione-2021-verso-un-noi-sempre-piu-grande\/\"},\"author\":{\"name\":\"smaule\",\"@id\":\"https:\/\/www.diocesitn.it\/area-testimonianza\/#\/schema\/person\/bac489aafb7f98c1ca25f76c27174a95\"},\"headline\":\"XXX Rapporto Immigrazione 2021. Verso un noi sempre pi\u00f9 grande\",\"datePublished\":\"2021-10-22T07:04:46+00:00\",\"dateModified\":\"2021-11-09T12:57:06+00:00\",\"mainEntityOfPage\":{\"@id\":\"https:\/\/www.diocesitn.it\/area-testimonianza\/2021\/10\/22\/xxx-rapporto-immigrazione-2021-verso-un-noi-sempre-piu-grande\/\"},\"wordCount\":195,\"publisher\":{\"@id\":\"https:\/\/www.diocesitn.it\/area-testimonianza\/#organization\"},\"image\":{\"@id\":\"https:\/\/www.diocesitn.it\/area-testimonianza\/2021\/10\/22\/xxx-rapporto-immigrazione-2021-verso-un-noi-sempre-piu-grande\/#primaryimage\"},\"thumbnailUrl\":\"https:\/\/www.diocesitn.it\/area-testimonianza\/wp-content\/uploads\/sites\/37\/2021\/10\/diapositiva-generale-ricm2021.jpg\",\"keywords\":[\"2021\",\"rapporto immigrazione\"],\"articleSection\":[\"Notizie\",\"Pastorale delle Migrazioni\"],\"inLanguage\":\"it-IT\",\"copyrightYear\":\"2021\",\"copyrightHolder\":{\"@id\":\"https:\/\/www.diocesitn.it\/#organization\"}},{\"@type\":\"WebPage\",\"@id\":\"https:\/\/www.diocesitn.it\/area-testimonianza\/2021\/10\/22\/xxx-rapporto-immigrazione-2021-verso-un-noi-sempre-piu-grande\/\",\"url\":\"https:\/\/www.diocesitn.it\/area-testimonianza\/2021\/10\/22\/xxx-rapporto-immigrazione-2021-verso-un-noi-sempre-piu-grande\/\",\"name\":\"XXX Rapporto Immigrazione 2021. Verso un noi sempre pi\u00f9 grande - Testimonianza e Impegno sociale\",\"isPartOf\":{\"@id\":\"https:\/\/www.diocesitn.it\/area-testimonianza\/#website\"},\"primaryImageOfPage\":{\"@id\":\"https:\/\/www.diocesitn.it\/area-testimonianza\/2021\/10\/22\/xxx-rapporto-immigrazione-2021-verso-un-noi-sempre-piu-grande\/#primaryimage\"},\"image\":{\"@id\":\"https:\/\/www.diocesitn.it\/area-testimonianza\/2021\/10\/22\/xxx-rapporto-immigrazione-2021-verso-un-noi-sempre-piu-grande\/#primaryimage\"},\"thumbnailUrl\":\"https:\/\/www.diocesitn.it\/area-testimonianza\/wp-content\/uploads\/sites\/37\/2021\/10\/diapositiva-generale-ricm2021.jpg\",\"datePublished\":\"2021-10-22T07:04:46+00:00\",\"dateModified\":\"2021-11-09T12:57:06+00:00\",\"breadcrumb\":{\"@id\":\"https:\/\/www.diocesitn.it\/area-testimonianza\/2021\/10\/22\/xxx-rapporto-immigrazione-2021-verso-un-noi-sempre-piu-grande\/#breadcrumb\"},\"inLanguage\":\"it-IT\",\"potentialAction\":[{\"@type\":\"ReadAction\",\"target\":[\"https:\/\/www.diocesitn.it\/area-testimonianza\/2021\/10\/22\/xxx-rapporto-immigrazione-2021-verso-un-noi-sempre-piu-grande\/\"]}]},{\"@type\":\"ImageObject\",\"inLanguage\":\"it-IT\",\"@id\":\"https:\/\/www.diocesitn.it\/area-testimonianza\/2021\/10\/22\/xxx-rapporto-immigrazione-2021-verso-un-noi-sempre-piu-grande\/#primaryimage\",\"url\":\"https:\/\/www.diocesitn.it\/area-testimonianza\/wp-content\/uploads\/sites\/37\/2021\/10\/diapositiva-generale-ricm2021.jpg\",\"contentUrl\":\"https:\/\/www.diocesitn.it\/area-testimonianza\/wp-content\/uploads\/sites\/37\/2021\/10\/diapositiva-generale-ricm2021.jpg\",\"width\":1280,\"height\":720},{\"@type\":\"BreadcrumbList\",\"@id\":\"https:\/\/www.diocesitn.it\/area-testimonianza\/2021\/10\/22\/xxx-rapporto-immigrazione-2021-verso-un-noi-sempre-piu-grande\/#breadcrumb\",\"itemListElement\":[{\"@type\":\"ListItem\",\"position\":1,\"name\":\"Home\",\"item\":\"https:\/\/www.diocesitn.it\/area-testimonianza\/\"},{\"@type\":\"ListItem\",\"position\":2,\"name\":\"XXX Rapporto Immigrazione 2021. Verso un noi sempre pi\u00f9 grande\"}]},{\"@type\":\"WebSite\",\"@id\":\"https:\/\/www.diocesitn.it\/area-testimonianza\/#website\",\"url\":\"https:\/\/www.diocesitn.it\/area-testimonianza\/\",\"name\":\"Testimonianza e Impegno sociale\",\"description\":\"Chiesa di Trento\",\"publisher\":{\"@id\":\"https:\/\/www.diocesitn.it\/area-testimonianza\/#organization\"},\"potentialAction\":[{\"@type\":\"SearchAction\",\"target\":{\"@type\":\"EntryPoint\",\"urlTemplate\":\"https:\/\/www.diocesitn.it\/area-testimonianza\/?s={search_term_string}\"},\"query-input\":\"required name=search_term_string\"}],\"inLanguage\":\"it-IT\"},{\"@type\":[\"Organization\",\"Place\"],\"@id\":\"https:\/\/www.diocesitn.it\/area-testimonianza\/#organization\",\"name\":\"Area Testimonianza e Impegno Sociale - Chiesa di Trento\",\"url\":\"https:\/\/www.diocesitn.it\/area-testimonianza\/\",\"logo\":{\"@id\":\"https:\/\/www.diocesitn.it\/area-testimonianza\/2021\/10\/22\/xxx-rapporto-immigrazione-2021-verso-un-noi-sempre-piu-grande\/#local-main-organization-logo\"},\"image\":{\"@id\":\"https:\/\/www.diocesitn.it\/area-testimonianza\/2021\/10\/22\/xxx-rapporto-immigrazione-2021-verso-un-noi-sempre-piu-grande\/#local-main-organization-logo\"},\"openingHoursSpecification\":[{\"@type\":\"OpeningHoursSpecification\",\"dayOfWeek\":[\"Monday\",\"Tuesday\",\"Wednesday\",\"Thursday\",\"Friday\",\"Saturday\",\"Sunday\"],\"opens\":\"09:00\",\"closes\":\"17:00\"}]},{\"@type\":\"ImageObject\",\"inLanguage\":\"it-IT\",\"@id\":\"https:\/\/www.diocesitn.it\/area-testimonianza\/2021\/10\/22\/xxx-rapporto-immigrazione-2021-verso-un-noi-sempre-piu-grande\/#local-main-organization-logo\",\"url\":\"https:\/\/www.diocesitn.it\/area-testimonianza\/wp-content\/uploads\/sites\/37\/2021\/09\/og-logo-testimonianza-e-impegno-sociale.jpg\",\"contentUrl\":\"https:\/\/www.diocesitn.it\/area-testimonianza\/wp-content\/uploads\/sites\/37\/2021\/09\/og-logo-testimonianza-e-impegno-sociale.jpg\",\"width\":1200,\"height\":630,\"caption\":\"Area Testimonianza e Impegno Sociale - Chiesa di Trento\"}]}<\/script>\n<!-- \/ Yoast SEO Premium plugin. -->","yoast_head_json":{"title":"XXX Rapporto Immigrazione 2021. Verso un noi sempre pi\u00f9 grande - Testimonianza e Impegno sociale","robots":{"index":"index","follow":"follow","max-snippet":"max-snippet:-1","max-image-preview":"max-image-preview:large","max-video-preview":"max-video-preview:-1"},"canonical":"https:\/\/www.diocesitn.it\/area-testimonianza\/2021\/10\/22\/xxx-rapporto-immigrazione-2021-verso-un-noi-sempre-piu-grande\/","og_locale":"it_IT","og_type":"article","og_title":"XXX Rapporto Immigrazione 2021. Verso un noi sempre pi\u00f9 grande","og_description":"\u00c8 uscito lo scorso 14 ottobre il 30\u00b0 Rapporto Immigrazione Caritas-Migrantes, uno degli strumenti pi\u00f9 importanti e attendibili per comprendere il fenomeno migratorio nel nostro paese. Redatto non solo tramite dati statistici ma raccogliendo dal","og_url":"https:\/\/www.diocesitn.it\/area-testimonianza\/2021\/10\/22\/xxx-rapporto-immigrazione-2021-verso-un-noi-sempre-piu-grande\/","og_site_name":"Testimonianza e Impegno sociale","article_published_time":"2021-10-22T07:04:46+00:00","article_modified_time":"2021-11-09T12:57:06+00:00","og_image":[{"width":1280,"height":720,"url":"https:\/\/www.diocesitn.it\/area-testimonianza\/wp-content\/uploads\/sites\/37\/2021\/10\/diapositiva-generale-ricm2021.jpg","type":"image\/jpeg"}],"author":"smaule","twitter_card":"summary_large_image","twitter_misc":{"Scritto da":"smaule","Tempo di lettura stimato":"2 minuti"},"schema":{"@context":"https:\/\/schema.org","@graph":[{"@type":"Article","@id":"https:\/\/www.diocesitn.it\/area-testimonianza\/2021\/10\/22\/xxx-rapporto-immigrazione-2021-verso-un-noi-sempre-piu-grande\/#article","isPartOf":{"@id":"https:\/\/www.diocesitn.it\/area-testimonianza\/2021\/10\/22\/xxx-rapporto-immigrazione-2021-verso-un-noi-sempre-piu-grande\/"},"author":{"name":"smaule","@id":"https:\/\/www.diocesitn.it\/area-testimonianza\/#\/schema\/person\/bac489aafb7f98c1ca25f76c27174a95"},"headline":"XXX Rapporto Immigrazione 2021. Verso un noi sempre pi\u00f9 grande","datePublished":"2021-10-22T07:04:46+00:00","dateModified":"2021-11-09T12:57:06+00:00","mainEntityOfPage":{"@id":"https:\/\/www.diocesitn.it\/area-testimonianza\/2021\/10\/22\/xxx-rapporto-immigrazione-2021-verso-un-noi-sempre-piu-grande\/"},"wordCount":195,"publisher":{"@id":"https:\/\/www.diocesitn.it\/area-testimonianza\/#organization"},"image":{"@id":"https:\/\/www.diocesitn.it\/area-testimonianza\/2021\/10\/22\/xxx-rapporto-immigrazione-2021-verso-un-noi-sempre-piu-grande\/#primaryimage"},"thumbnailUrl":"https:\/\/www.diocesitn.it\/area-testimonianza\/wp-content\/uploads\/sites\/37\/2021\/10\/diapositiva-generale-ricm2021.jpg","keywords":["2021","rapporto immigrazione"],"articleSection":["Notizie","Pastorale delle Migrazioni"],"inLanguage":"it-IT","copyrightYear":"2021","copyrightHolder":{"@id":"https:\/\/www.diocesitn.it\/#organization"}},{"@type":"WebPage","@id":"https:\/\/www.diocesitn.it\/area-testimonianza\/2021\/10\/22\/xxx-rapporto-immigrazione-2021-verso-un-noi-sempre-piu-grande\/","url":"https:\/\/www.diocesitn.it\/area-testimonianza\/2021\/10\/22\/xxx-rapporto-immigrazione-2021-verso-un-noi-sempre-piu-grande\/","name":"XXX Rapporto Immigrazione 2021. Verso un noi sempre pi\u00f9 grande - Testimonianza e Impegno sociale","isPartOf":{"@id":"https:\/\/www.diocesitn.it\/area-testimonianza\/#website"},"primaryImageOfPage":{"@id":"https:\/\/www.diocesitn.it\/area-testimonianza\/2021\/10\/22\/xxx-rapporto-immigrazione-2021-verso-un-noi-sempre-piu-grande\/#primaryimage"},"image":{"@id":"https:\/\/www.diocesitn.it\/area-testimonianza\/2021\/10\/22\/xxx-rapporto-immigrazione-2021-verso-un-noi-sempre-piu-grande\/#primaryimage"},"thumbnailUrl":"https:\/\/www.diocesitn.it\/area-testimonianza\/wp-content\/uploads\/sites\/37\/2021\/10\/diapositiva-generale-ricm2021.jpg","datePublished":"2021-10-22T07:04:46+00:00","dateModified":"2021-11-09T12:57:06+00:00","breadcrumb":{"@id":"https:\/\/www.diocesitn.it\/area-testimonianza\/2021\/10\/22\/xxx-rapporto-immigrazione-2021-verso-un-noi-sempre-piu-grande\/#breadcrumb"},"inLanguage":"it-IT","potentialAction":[{"@type":"ReadAction","target":["https:\/\/www.diocesitn.it\/area-testimonianza\/2021\/10\/22\/xxx-rapporto-immigrazione-2021-verso-un-noi-sempre-piu-grande\/"]}]},{"@type":"ImageObject","inLanguage":"it-IT","@id":"https:\/\/www.diocesitn.it\/area-testimonianza\/2021\/10\/22\/xxx-rapporto-immigrazione-2021-verso-un-noi-sempre-piu-grande\/#primaryimage","url":"https:\/\/www.diocesitn.it\/area-testimonianza\/wp-content\/uploads\/sites\/37\/2021\/10\/diapositiva-generale-ricm2021.jpg","contentUrl":"https:\/\/www.diocesitn.it\/area-testimonianza\/wp-content\/uploads\/sites\/37\/2021\/10\/diapositiva-generale-ricm2021.jpg","width":1280,"height":720},{"@type":"BreadcrumbList","@id":"https:\/\/www.diocesitn.it\/area-testimonianza\/2021\/10\/22\/xxx-rapporto-immigrazione-2021-verso-un-noi-sempre-piu-grande\/#breadcrumb","itemListElement":[{"@type":"ListItem","position":1,"name":"Home","item":"https:\/\/www.diocesitn.it\/area-testimonianza\/"},{"@type":"ListItem","position":2,"name":"XXX Rapporto Immigrazione 2021. Verso un noi sempre pi\u00f9 grande"}]},{"@type":"WebSite","@id":"https:\/\/www.diocesitn.it\/area-testimonianza\/#website","url":"https:\/\/www.diocesitn.it\/area-testimonianza\/","name":"Testimonianza e Impegno sociale","description":"Chiesa di Trento","publisher":{"@id":"https:\/\/www.diocesitn.it\/area-testimonianza\/#organization"},"potentialAction":[{"@type":"SearchAction","target":{"@type":"EntryPoint","urlTemplate":"https:\/\/www.diocesitn.it\/area-testimonianza\/?s={search_term_string}"},"query-input":"required name=search_term_string"}],"inLanguage":"it-IT"},{"@type":["Organization","Place"],"@id":"https:\/\/www.diocesitn.it\/area-testimonianza\/#organization","name":"Area Testimonianza e Impegno Sociale - Chiesa di Trento","url":"https:\/\/www.diocesitn.it\/area-testimonianza\/","logo":{"@id":"https:\/\/www.diocesitn.it\/area-testimonianza\/2021\/10\/22\/xxx-rapporto-immigrazione-2021-verso-un-noi-sempre-piu-grande\/#local-main-organization-logo"},"image":{"@id":"https:\/\/www.diocesitn.it\/area-testimonianza\/2021\/10\/22\/xxx-rapporto-immigrazione-2021-verso-un-noi-sempre-piu-grande\/#local-main-organization-logo"},"openingHoursSpecification":[{"@type":"OpeningHoursSpecification","dayOfWeek":["Monday","Tuesday","Wednesday","Thursday","Friday","Saturday","Sunday"],"opens":"09:00","closes":"17:00"}]},{"@type":"ImageObject","inLanguage":"it-IT","@id":"https:\/\/www.diocesitn.it\/area-testimonianza\/2021\/10\/22\/xxx-rapporto-immigrazione-2021-verso-un-noi-sempre-piu-grande\/#local-main-organization-logo","url":"https:\/\/www.diocesitn.it\/area-testimonianza\/wp-content\/uploads\/sites\/37\/2021\/09\/og-logo-testimonianza-e-impegno-sociale.jpg","contentUrl":"https:\/\/www.diocesitn.it\/area-testimonianza\/wp-content\/uploads\/sites\/37\/2021\/09\/og-logo-testimonianza-e-impegno-sociale.jpg","width":1200,"height":630,"caption":"Area Testimonianza e Impegno Sociale - Chiesa di Trento"}]}},"_links":{"self":[{"href":"https:\/\/www.diocesitn.it\/area-testimonianza\/wp-json\/wp\/v2\/posts\/10034","targetHints":{"allow":["GET"]}}],"collection":[{"href":"https:\/\/www.diocesitn.it\/area-testimonianza\/wp-json\/wp\/v2\/posts"}],"about":[{"href":"https:\/\/www.diocesitn.it\/area-testimonianza\/wp-json\/wp\/v2\/types\/post"}],"author":[{"embeddable":true,"href":"https:\/\/www.diocesitn.it\/area-testimonianza\/wp-json\/wp\/v2\/users\/161"}],"replies":[{"embeddable":true,"href":"https:\/\/www.diocesitn.it\/area-testimonianza\/wp-json\/wp\/v2\/comments?post=10034"}],"version-history":[{"count":3,"href":"https:\/\/www.diocesitn.it\/area-testimonianza\/wp-json\/wp\/v2\/posts\/10034\/revisions"}],"predecessor-version":[{"id":10041,"href":"https:\/\/www.diocesitn.it\/area-testimonianza\/wp-json\/wp\/v2\/posts\/10034\/revisions\/10041"}],"wp:featuredmedia":[{"embeddable":true,"href":"https:\/\/www.diocesitn.it\/area-testimonianza\/wp-json\/wp\/v2\/media\/10036"}],"wp:attachment":[{"href":"https:\/\/www.diocesitn.it\/area-testimonianza\/wp-json\/wp\/v2\/media?parent=10034"}],"wp:term":[{"taxonomy":"category","embeddable":true,"href":"https:\/\/www.diocesitn.it\/area-testimonianza\/wp-json\/wp\/v2\/categories?post=10034"},{"taxonomy":"post_tag","embeddable":true,"href":"https:\/\/www.diocesitn.it\/area-testimonianza\/wp-json\/wp\/v2\/tags?post=10034"}],"curies":[{"name":"wp","href":"https:\/\/api.w.org\/{rel}","templated":true}]}}