{"id":9865,"date":"2022-12-21T11:53:10","date_gmt":"2022-12-21T10:53:10","guid":{"rendered":"https:\/\/www.diocesitn.it\/area-cultura\/?p=9865"},"modified":"2023-03-23T09:38:25","modified_gmt":"2023-03-23T08:38:25","slug":"celebrare-il-mistero","status":"publish","type":"post","link":"https:\/\/www.diocesitn.it\/area-cultura\/2022\/12\/21\/celebrare-il-mistero\/","title":{"rendered":"Celebrare il mistero. La liturgia del Triduo Pasquale   Nuova proposta della SDFT"},"content":{"rendered":"<p><a href=\"https:\/\/www.diocesitn.it\/area-cultura\/wp-content\/uploads\/sites\/38\/2022\/12\/Baldacci-nuovo.pdf\"><img loading=\"lazy\" decoding=\"async\" class=\"alignleft wp-image-9908 size-medium\" src=\"https:\/\/www.diocesitn.it\/area-cultura\/wp-content\/uploads\/sites\/38\/2022\/12\/Baldacci-nuovo-212x300.jpg\" alt=\"\" width=\"212\" height=\"300\" srcset=\"https:\/\/www.diocesitn.it\/area-cultura\/wp-content\/uploads\/sites\/38\/2022\/12\/Baldacci-nuovo-212x300.jpg 212w, https:\/\/www.diocesitn.it\/area-cultura\/wp-content\/uploads\/sites\/38\/2022\/12\/Baldacci-nuovo-724x1024.jpg 724w, https:\/\/www.diocesitn.it\/area-cultura\/wp-content\/uploads\/sites\/38\/2022\/12\/Baldacci-nuovo-768x1086.jpg 768w, https:\/\/www.diocesitn.it\/area-cultura\/wp-content\/uploads\/sites\/38\/2022\/12\/Baldacci-nuovo-198x280.jpg 198w, https:\/\/www.diocesitn.it\/area-cultura\/wp-content\/uploads\/sites\/38\/2022\/12\/Baldacci-nuovo-543x768.jpg 543w, https:\/\/www.diocesitn.it\/area-cultura\/wp-content\/uploads\/sites\/38\/2022\/12\/Baldacci-nuovo-1086x1536.jpg 1086w, https:\/\/www.diocesitn.it\/area-cultura\/wp-content\/uploads\/sites\/38\/2022\/12\/Baldacci-nuovo-1448x2048.jpg 1448w, https:\/\/www.diocesitn.it\/area-cultura\/wp-content\/uploads\/sites\/38\/2022\/12\/Baldacci-nuovo-800x1132.jpg 800w, https:\/\/www.diocesitn.it\/area-cultura\/wp-content\/uploads\/sites\/38\/2022\/12\/Baldacci-nuovo-1200x1698.jpg 1200w, https:\/\/www.diocesitn.it\/area-cultura\/wp-content\/uploads\/sites\/38\/2022\/12\/Baldacci-nuovo-1320x1867.jpg 1320w, https:\/\/www.diocesitn.it\/area-cultura\/wp-content\/uploads\/sites\/38\/2022\/12\/Baldacci-nuovo.jpg 1587w\" sizes=\"auto, (max-width: 212px) 100vw, 212px\" \/><\/a><\/p>\n<p>Tra i vari corsi proposti nel secondo semestre dalla Scuola Diocesana di Formazione Teologica, si segnala <em><strong>Celebrare il mistero. La liturgia del Triduo Pasquale<\/strong> <\/em>offerto dalla prof.ssa Morena Baldacci.<\/p>\n<p>Sar\u00e0 un corso suddiviso in due parti: una pi\u00f9 generale sul senso della liturgia cristiana e una pi\u00f9 specifica sul momento liturgico pi\u00f9 importante della vita cristiana cio\u00e8 il Triduo Pasquale.<\/p>\n<p><strong>Info<\/strong><br \/>\n<em>Scuola Diocesana di Formazione Teologica<\/em><br \/>\n0461 360211 &#8211; scuolateologia@diocesitn.it<br \/>\n<a href=\"https:\/\/www.diocesitn.it\/area-cultura\/scuola-diocesana-di-formazione-teologica\/\">www.diocesitn.it\/SDFT<\/a><\/p>\n<p><strong><a href=\"https:\/\/www.diocesitn.it\/area-cultura\/iscrizioni-2022-2023\/\">Iscrizioni<\/a><\/strong><\/p>\n<p>&nbsp;<\/p>\n<p>&nbsp;<\/p>\n","protected":false},"excerpt":{"rendered":"<p>Tra i vari corsi proposti nel secondo semestre dalla Scuola Diocesana di Formazione Teologica, si segnala Celebrare il mistero. La liturgia del Triduo Pasquale offerto dalla prof.ssa Morena Baldacci. Sar\u00e0 un corso suddiviso in due<\/p>\n","protected":false},"author":9,"featured_media":9886,"comment_status":"closed","ping_status":"closed","sticky":false,"template":"","format":"standard","meta":{"footnotes":""},"categories":[329,361],"tags":[],"class_list":["post-9865","post","type-post","status-publish","format-standard","has-post-thumbnail","hentry","category-notizie","category-servizio-sdft"],"acf":{"seed-localization-paese-cod":"IT","seed-localization-address":"","seed-localization-citta":"Trento","seed-localization-regione-cod-istat":"04","seed-localization-citta-cod-istat":"022205","seed-localization-localita":"","seed-localization-cap":"","seed-localization-marker-visibility":false,"seed-localization-children-visibility":false,"seed-localization-kml":"","seed-localization-custom-marker":""},"yoast_head":"<!-- This site is optimized with the Yoast SEO Premium plugin v20.2.1 (Yoast SEO v22.2) - https:\/\/yoast.com\/wordpress\/plugins\/seo\/ -->\n<title>Celebrare il mistero. La liturgia del Triduo Pasquale  Nuova proposta della SDFT - Cultura<\/title>\n<meta name=\"robots\" content=\"index, follow, max-snippet:-1, max-image-preview:large, max-video-preview:-1\" \/>\n<link rel=\"canonical\" href=\"https:\/\/www.diocesitn.it\/area-cultura\/2022\/12\/21\/celebrare-il-mistero\/\" \/>\n<meta property=\"og:locale\" content=\"it_IT\" \/>\n<meta property=\"og:type\" content=\"article\" \/>\n<meta property=\"og:title\" content=\"Celebrare il mistero. La liturgia del Triduo Pasquale  Nuova proposta della SDFT\" \/>\n<meta property=\"og:description\" content=\"Tra i vari corsi proposti nel secondo semestre dalla Scuola Diocesana di Formazione Teologica, si segnala Celebrare il mistero. La liturgia del Triduo Pasquale offerto dalla prof.ssa Morena Baldacci. Sar\u00e0 un corso suddiviso in due\" \/>\n<meta property=\"og:url\" content=\"https:\/\/www.diocesitn.it\/area-cultura\/2022\/12\/21\/celebrare-il-mistero\/\" \/>\n<meta property=\"og:site_name\" content=\"Cultura\" \/>\n<meta property=\"article:published_time\" content=\"2022-12-21T10:53:10+00:00\" \/>\n<meta property=\"article:modified_time\" content=\"2023-03-23T08:38:25+00:00\" \/>\n<meta property=\"og:image\" content=\"https:\/\/www.diocesitn.it\/area-cultura\/wp-content\/uploads\/sites\/38\/2022\/12\/church-1935793_960_720.jpg\" \/>\n\t<meta property=\"og:image:width\" content=\"960\" \/>\n\t<meta property=\"og:image:height\" content=\"640\" \/>\n\t<meta property=\"og:image:type\" content=\"image\/jpeg\" \/>\n<meta name=\"author\" content=\"msignorati\" \/>\n<meta name=\"twitter:card\" content=\"summary_large_image\" \/>\n<meta name=\"twitter:label1\" content=\"Scritto da\" \/>\n\t<meta name=\"twitter:data1\" content=\"msignorati\" \/>\n\t<meta name=\"twitter:label2\" content=\"Tempo di lettura stimato\" \/>\n\t<meta name=\"twitter:data2\" content=\"1 minuto\" \/>\n<script type=\"application\/ld+json\" class=\"yoast-schema-graph\">{\"@context\":\"https:\/\/schema.org\",\"@graph\":[{\"@type\":\"Article\",\"@id\":\"https:\/\/www.diocesitn.it\/area-cultura\/2022\/12\/21\/celebrare-il-mistero\/#article\",\"isPartOf\":{\"@id\":\"https:\/\/www.diocesitn.it\/area-cultura\/2022\/12\/21\/celebrare-il-mistero\/\"},\"author\":{\"name\":\"msignorati\",\"@id\":\"https:\/\/www.diocesitn.it\/area-cultura\/#\/schema\/person\/53a7aea655a4af1e888601137ff67146\"},\"headline\":\"Celebrare il mistero. La liturgia del Triduo Pasquale Nuova proposta della SDFT\",\"datePublished\":\"2022-12-21T10:53:10+00:00\",\"dateModified\":\"2023-03-23T08:38:25+00:00\",\"mainEntityOfPage\":{\"@id\":\"https:\/\/www.diocesitn.it\/area-cultura\/2022\/12\/21\/celebrare-il-mistero\/\"},\"wordCount\":90,\"publisher\":{\"@id\":\"https:\/\/www.diocesitn.it\/area-cultura\/#organization\"},\"image\":{\"@id\":\"https:\/\/www.diocesitn.it\/area-cultura\/2022\/12\/21\/celebrare-il-mistero\/#primaryimage\"},\"thumbnailUrl\":\"https:\/\/www.diocesitn.it\/area-cultura\/wp-content\/uploads\/sites\/38\/2022\/12\/church-1935793_960_720.jpg\",\"articleSection\":[\"Notizie\",\"Scuola diocesana di formazione teologica\"],\"inLanguage\":\"it-IT\",\"copyrightYear\":\"2022\",\"copyrightHolder\":{\"@id\":\"https:\/\/www.diocesitn.it\/#organization\"}},{\"@type\":\"WebPage\",\"@id\":\"https:\/\/www.diocesitn.it\/area-cultura\/2022\/12\/21\/celebrare-il-mistero\/\",\"url\":\"https:\/\/www.diocesitn.it\/area-cultura\/2022\/12\/21\/celebrare-il-mistero\/\",\"name\":\"Celebrare il mistero. La liturgia del Triduo Pasquale Nuova proposta della SDFT - Cultura\",\"isPartOf\":{\"@id\":\"https:\/\/www.diocesitn.it\/area-cultura\/#website\"},\"primaryImageOfPage\":{\"@id\":\"https:\/\/www.diocesitn.it\/area-cultura\/2022\/12\/21\/celebrare-il-mistero\/#primaryimage\"},\"image\":{\"@id\":\"https:\/\/www.diocesitn.it\/area-cultura\/2022\/12\/21\/celebrare-il-mistero\/#primaryimage\"},\"thumbnailUrl\":\"https:\/\/www.diocesitn.it\/area-cultura\/wp-content\/uploads\/sites\/38\/2022\/12\/church-1935793_960_720.jpg\",\"datePublished\":\"2022-12-21T10:53:10+00:00\",\"dateModified\":\"2023-03-23T08:38:25+00:00\",\"breadcrumb\":{\"@id\":\"https:\/\/www.diocesitn.it\/area-cultura\/2022\/12\/21\/celebrare-il-mistero\/#breadcrumb\"},\"inLanguage\":\"it-IT\",\"potentialAction\":[{\"@type\":\"ReadAction\",\"target\":[\"https:\/\/www.diocesitn.it\/area-cultura\/2022\/12\/21\/celebrare-il-mistero\/\"]}]},{\"@type\":\"ImageObject\",\"inLanguage\":\"it-IT\",\"@id\":\"https:\/\/www.diocesitn.it\/area-cultura\/2022\/12\/21\/celebrare-il-mistero\/#primaryimage\",\"url\":\"https:\/\/www.diocesitn.it\/area-cultura\/wp-content\/uploads\/sites\/38\/2022\/12\/church-1935793_960_720.jpg\",\"contentUrl\":\"https:\/\/www.diocesitn.it\/area-cultura\/wp-content\/uploads\/sites\/38\/2022\/12\/church-1935793_960_720.jpg\",\"width\":960,\"height\":640},{\"@type\":\"BreadcrumbList\",\"@id\":\"https:\/\/www.diocesitn.it\/area-cultura\/2022\/12\/21\/celebrare-il-mistero\/#breadcrumb\",\"itemListElement\":[{\"@type\":\"ListItem\",\"position\":1,\"name\":\"Home\",\"item\":\"https:\/\/www.diocesitn.it\/area-cultura\/\"},{\"@type\":\"ListItem\",\"position\":2,\"name\":\"Celebrare il mistero. La liturgia del Triduo Pasquale Nuova proposta della SDFT\"}]},{\"@type\":\"WebSite\",\"@id\":\"https:\/\/www.diocesitn.it\/area-cultura\/#website\",\"url\":\"https:\/\/www.diocesitn.it\/area-cultura\/\",\"name\":\"Cultura\",\"description\":\"Chiesa di Trento\",\"publisher\":{\"@id\":\"https:\/\/www.diocesitn.it\/area-cultura\/#organization\"},\"potentialAction\":[{\"@type\":\"SearchAction\",\"target\":{\"@type\":\"EntryPoint\",\"urlTemplate\":\"https:\/\/www.diocesitn.it\/area-cultura\/?s={search_term_string}\"},\"query-input\":\"required name=search_term_string\"}],\"inLanguage\":\"it-IT\"},{\"@type\":[\"Organization\",\"Place\"],\"@id\":\"https:\/\/www.diocesitn.it\/area-cultura\/#organization\",\"name\":\"Area Cultura - Chiesa di Trento\",\"url\":\"https:\/\/www.diocesitn.it\/area-cultura\/\",\"logo\":{\"@id\":\"https:\/\/www.diocesitn.it\/area-cultura\/2022\/12\/21\/celebrare-il-mistero\/#local-main-organization-logo\"},\"image\":{\"@id\":\"https:\/\/www.diocesitn.it\/area-cultura\/2022\/12\/21\/celebrare-il-mistero\/#local-main-organization-logo\"},\"sameAs\":[\"https:\/\/www.youtube.com\/channel\/UCfWD2n-N6WTCg2P_UA72H6Q\"],\"openingHoursSpecification\":[{\"@type\":\"OpeningHoursSpecification\",\"dayOfWeek\":[\"Monday\",\"Tuesday\",\"Wednesday\",\"Thursday\",\"Friday\",\"Saturday\",\"Sunday\"],\"opens\":\"09:00\",\"closes\":\"17:00\"}]},{\"@type\":\"ImageObject\",\"inLanguage\":\"it-IT\",\"@id\":\"https:\/\/www.diocesitn.it\/area-cultura\/2022\/12\/21\/celebrare-il-mistero\/#local-main-organization-logo\",\"url\":\"https:\/\/www.diocesitn.it\/area-cultura\/wp-content\/uploads\/sites\/38\/2021\/09\/og-logo-cultura.jpg\",\"contentUrl\":\"https:\/\/www.diocesitn.it\/area-cultura\/wp-content\/uploads\/sites\/38\/2021\/09\/og-logo-cultura.jpg\",\"width\":1200,\"height\":630,\"caption\":\"Area Cultura - Chiesa di Trento\"}]}<\/script>\n<!-- \/ Yoast SEO Premium plugin. -->","yoast_head_json":{"title":"Celebrare il mistero. La liturgia del Triduo Pasquale  Nuova proposta della SDFT - Cultura","robots":{"index":"index","follow":"follow","max-snippet":"max-snippet:-1","max-image-preview":"max-image-preview:large","max-video-preview":"max-video-preview:-1"},"canonical":"https:\/\/www.diocesitn.it\/area-cultura\/2022\/12\/21\/celebrare-il-mistero\/","og_locale":"it_IT","og_type":"article","og_title":"Celebrare il mistero. La liturgia del Triduo Pasquale  Nuova proposta della SDFT","og_description":"Tra i vari corsi proposti nel secondo semestre dalla Scuola Diocesana di Formazione Teologica, si segnala Celebrare il mistero. La liturgia del Triduo Pasquale offerto dalla prof.ssa Morena Baldacci. Sar\u00e0 un corso suddiviso in due","og_url":"https:\/\/www.diocesitn.it\/area-cultura\/2022\/12\/21\/celebrare-il-mistero\/","og_site_name":"Cultura","article_published_time":"2022-12-21T10:53:10+00:00","article_modified_time":"2023-03-23T08:38:25+00:00","og_image":[{"width":960,"height":640,"url":"https:\/\/www.diocesitn.it\/area-cultura\/wp-content\/uploads\/sites\/38\/2022\/12\/church-1935793_960_720.jpg","type":"image\/jpeg"}],"author":"msignorati","twitter_card":"summary_large_image","twitter_misc":{"Scritto da":"msignorati","Tempo di lettura stimato":"1 minuto"},"schema":{"@context":"https:\/\/schema.org","@graph":[{"@type":"Article","@id":"https:\/\/www.diocesitn.it\/area-cultura\/2022\/12\/21\/celebrare-il-mistero\/#article","isPartOf":{"@id":"https:\/\/www.diocesitn.it\/area-cultura\/2022\/12\/21\/celebrare-il-mistero\/"},"author":{"name":"msignorati","@id":"https:\/\/www.diocesitn.it\/area-cultura\/#\/schema\/person\/53a7aea655a4af1e888601137ff67146"},"headline":"Celebrare il mistero. La liturgia del Triduo Pasquale Nuova proposta della SDFT","datePublished":"2022-12-21T10:53:10+00:00","dateModified":"2023-03-23T08:38:25+00:00","mainEntityOfPage":{"@id":"https:\/\/www.diocesitn.it\/area-cultura\/2022\/12\/21\/celebrare-il-mistero\/"},"wordCount":90,"publisher":{"@id":"https:\/\/www.diocesitn.it\/area-cultura\/#organization"},"image":{"@id":"https:\/\/www.diocesitn.it\/area-cultura\/2022\/12\/21\/celebrare-il-mistero\/#primaryimage"},"thumbnailUrl":"https:\/\/www.diocesitn.it\/area-cultura\/wp-content\/uploads\/sites\/38\/2022\/12\/church-1935793_960_720.jpg","articleSection":["Notizie","Scuola diocesana di formazione teologica"],"inLanguage":"it-IT","copyrightYear":"2022","copyrightHolder":{"@id":"https:\/\/www.diocesitn.it\/#organization"}},{"@type":"WebPage","@id":"https:\/\/www.diocesitn.it\/area-cultura\/2022\/12\/21\/celebrare-il-mistero\/","url":"https:\/\/www.diocesitn.it\/area-cultura\/2022\/12\/21\/celebrare-il-mistero\/","name":"Celebrare il mistero. La liturgia del Triduo Pasquale Nuova proposta della SDFT - Cultura","isPartOf":{"@id":"https:\/\/www.diocesitn.it\/area-cultura\/#website"},"primaryImageOfPage":{"@id":"https:\/\/www.diocesitn.it\/area-cultura\/2022\/12\/21\/celebrare-il-mistero\/#primaryimage"},"image":{"@id":"https:\/\/www.diocesitn.it\/area-cultura\/2022\/12\/21\/celebrare-il-mistero\/#primaryimage"},"thumbnailUrl":"https:\/\/www.diocesitn.it\/area-cultura\/wp-content\/uploads\/sites\/38\/2022\/12\/church-1935793_960_720.jpg","datePublished":"2022-12-21T10:53:10+00:00","dateModified":"2023-03-23T08:38:25+00:00","breadcrumb":{"@id":"https:\/\/www.diocesitn.it\/area-cultura\/2022\/12\/21\/celebrare-il-mistero\/#breadcrumb"},"inLanguage":"it-IT","potentialAction":[{"@type":"ReadAction","target":["https:\/\/www.diocesitn.it\/area-cultura\/2022\/12\/21\/celebrare-il-mistero\/"]}]},{"@type":"ImageObject","inLanguage":"it-IT","@id":"https:\/\/www.diocesitn.it\/area-cultura\/2022\/12\/21\/celebrare-il-mistero\/#primaryimage","url":"https:\/\/www.diocesitn.it\/area-cultura\/wp-content\/uploads\/sites\/38\/2022\/12\/church-1935793_960_720.jpg","contentUrl":"https:\/\/www.diocesitn.it\/area-cultura\/wp-content\/uploads\/sites\/38\/2022\/12\/church-1935793_960_720.jpg","width":960,"height":640},{"@type":"BreadcrumbList","@id":"https:\/\/www.diocesitn.it\/area-cultura\/2022\/12\/21\/celebrare-il-mistero\/#breadcrumb","itemListElement":[{"@type":"ListItem","position":1,"name":"Home","item":"https:\/\/www.diocesitn.it\/area-cultura\/"},{"@type":"ListItem","position":2,"name":"Celebrare il mistero. La liturgia del Triduo Pasquale Nuova proposta della SDFT"}]},{"@type":"WebSite","@id":"https:\/\/www.diocesitn.it\/area-cultura\/#website","url":"https:\/\/www.diocesitn.it\/area-cultura\/","name":"Cultura","description":"Chiesa di Trento","publisher":{"@id":"https:\/\/www.diocesitn.it\/area-cultura\/#organization"},"potentialAction":[{"@type":"SearchAction","target":{"@type":"EntryPoint","urlTemplate":"https:\/\/www.diocesitn.it\/area-cultura\/?s={search_term_string}"},"query-input":"required name=search_term_string"}],"inLanguage":"it-IT"},{"@type":["Organization","Place"],"@id":"https:\/\/www.diocesitn.it\/area-cultura\/#organization","name":"Area Cultura - Chiesa di Trento","url":"https:\/\/www.diocesitn.it\/area-cultura\/","logo":{"@id":"https:\/\/www.diocesitn.it\/area-cultura\/2022\/12\/21\/celebrare-il-mistero\/#local-main-organization-logo"},"image":{"@id":"https:\/\/www.diocesitn.it\/area-cultura\/2022\/12\/21\/celebrare-il-mistero\/#local-main-organization-logo"},"sameAs":["https:\/\/www.youtube.com\/channel\/UCfWD2n-N6WTCg2P_UA72H6Q"],"openingHoursSpecification":[{"@type":"OpeningHoursSpecification","dayOfWeek":["Monday","Tuesday","Wednesday","Thursday","Friday","Saturday","Sunday"],"opens":"09:00","closes":"17:00"}]},{"@type":"ImageObject","inLanguage":"it-IT","@id":"https:\/\/www.diocesitn.it\/area-cultura\/2022\/12\/21\/celebrare-il-mistero\/#local-main-organization-logo","url":"https:\/\/www.diocesitn.it\/area-cultura\/wp-content\/uploads\/sites\/38\/2021\/09\/og-logo-cultura.jpg","contentUrl":"https:\/\/www.diocesitn.it\/area-cultura\/wp-content\/uploads\/sites\/38\/2021\/09\/og-logo-cultura.jpg","width":1200,"height":630,"caption":"Area Cultura - Chiesa di Trento"}]}},"_links":{"self":[{"href":"https:\/\/www.diocesitn.it\/area-cultura\/wp-json\/wp\/v2\/posts\/9865","targetHints":{"allow":["GET"]}}],"collection":[{"href":"https:\/\/www.diocesitn.it\/area-cultura\/wp-json\/wp\/v2\/posts"}],"about":[{"href":"https:\/\/www.diocesitn.it\/area-cultura\/wp-json\/wp\/v2\/types\/post"}],"author":[{"embeddable":true,"href":"https:\/\/www.diocesitn.it\/area-cultura\/wp-json\/wp\/v2\/users\/9"}],"replies":[{"embeddable":true,"href":"https:\/\/www.diocesitn.it\/area-cultura\/wp-json\/wp\/v2\/comments?post=9865"}],"version-history":[{"count":3,"href":"https:\/\/www.diocesitn.it\/area-cultura\/wp-json\/wp\/v2\/posts\/9865\/revisions"}],"predecessor-version":[{"id":10355,"href":"https:\/\/www.diocesitn.it\/area-cultura\/wp-json\/wp\/v2\/posts\/9865\/revisions\/10355"}],"wp:featuredmedia":[{"embeddable":true,"href":"https:\/\/www.diocesitn.it\/area-cultura\/wp-json\/wp\/v2\/media\/9886"}],"wp:attachment":[{"href":"https:\/\/www.diocesitn.it\/area-cultura\/wp-json\/wp\/v2\/media?parent=9865"}],"wp:term":[{"taxonomy":"category","embeddable":true,"href":"https:\/\/www.diocesitn.it\/area-cultura\/wp-json\/wp\/v2\/categories?post=9865"},{"taxonomy":"post_tag","embeddable":true,"href":"https:\/\/www.diocesitn.it\/area-cultura\/wp-json\/wp\/v2\/tags?post=9865"}],"curies":[{"name":"wp","href":"https:\/\/api.w.org\/{rel}","templated":true}]}}