{"id":9809,"date":"2022-12-15T14:26:08","date_gmt":"2022-12-15T13:26:08","guid":{"rendered":"https:\/\/www.diocesitn.it\/area-cultura\/?p=9809"},"modified":"2023-01-23T09:24:37","modified_gmt":"2023-01-23T08:24:37","slug":"a-tu-per-tu-con-lautore-percorsi-di-cristologia-femminista","status":"publish","type":"post","link":"https:\/\/www.diocesitn.it\/area-cultura\/2022\/12\/15\/a-tu-per-tu-con-lautore-percorsi-di-cristologia-femminista\/","title":{"rendered":"A tu per tu con l&#8217;autore il 18 gennaio: Percorsi di cristologia femminista"},"content":{"rendered":"<p>Terzo appuntamento con la rubrica online\u00a0<strong>A tu per tu con l\u2019Autore<\/strong>, in cui i docenti dell\u2019Istituto Superiore di Scienze Religiose \u201cRomano Guardini\u201d presentano le loro nuove opere, attraverso un dialogo stimolante con qualificati interlocutori.<\/p>\n<p>In questa puntata la prof.ssa<strong>\u00a0Milena Mariani,<\/strong>\u00a0docente di\u00a0<em>Antropologia teologica <\/em>presso l\u2019ISSR di Trento, presenta il suo libro <strong>Percorsi di cristologia femminista<\/strong>, scritto insieme alla prof.ssa <strong>Mercedes Navarro Puerto<\/strong> e edito da San Paolo nel 2022.<\/p>\n<p>Il volume fa il punto sulle cristologie femministe e sui loro modelli principali. Cerca di portare alla luce il contributo originale che da pi\u00f9 di quarant\u2019anni viene offerto da studiose impegnate a rinnovare l\u2019impostazione e i contenuti della cristologia. Una prospettiva generata da sguardi non maschili, che apre strade nuove e visioni plurali.<\/p>\n<p>A dialogare con Milena Mariani su queste stimolanti e attuali tematiche saranno la prof.ssa sr. <strong>Chiara Curzel<\/strong> e il prof. <strong>Leonardo Paris<\/strong>, docenti stabili presso l\u2019ISSR di Trento.<\/p>\n<p>L\u2019incontro si terr\u00e0\u00a0<strong>mercoled\u00ec 18 gennaio alle ore 18 e si svolger\u00e0 in modalit\u00e0 on-line<\/strong>\u00a0attraverso la piattaforma Zoom.<\/p>\n<p>Per partecipare cliccare sul link\u00a0<a href=\"https:\/\/us06web.zoom.us\/j\/85417321161\">https:\/\/us06web.zoom.us\/j\/85417321161<\/a><br \/>\nID riunione:\u00a0<strong>854 1732 1161<\/strong><br \/>\nPasscode:\u00a0<strong>bib2022<\/strong><\/p>\n<p>L\u2019incontro sar\u00e0 registrato e postato sul canale YouTube della Diocesi<\/p>\n<p>Il volume \u00e8 disponibile per il prestito e la consultazione presso la biblioteca.<\/p>\n<p><a href=\"https:\/\/www.diocesitn.it\/area-cultura\/wp-content\/uploads\/sites\/38\/2022\/12\/A-tu-per-tu-Mariani.pdf\">Locandina<\/a> della serata<\/p>\n","protected":false},"excerpt":{"rendered":"<p>Terzo appuntamento con la rubrica online\u00a0A tu per tu con l\u2019Autore, in cui i docenti dell\u2019Istituto Superiore di Scienze Religiose \u201cRomano Guardini\u201d presentano le loro nuove opere, attraverso un dialogo stimolante con qualificati interlocutori. In<\/p>\n","protected":false},"author":165,"featured_media":9814,"comment_status":"closed","ping_status":"closed","sticky":false,"template":"","format":"standard","meta":{"footnotes":""},"categories":[331,329],"tags":[417,451,448,574,499,493],"class_list":["post-9809","post","type-post","status-publish","format-standard","has-post-thumbnail","hentry","category-servizio-biblioteca","category-notizie","tag-biblioteca-vigilianum","tag-chiara-curzel","tag-leonardo-paris","tag-mercedes-navarro-puerto","tag-milena-mariani","tag-presentazione-libro"],"acf":{"seed-localization-paese-cod":"IT","seed-localization-address":"","seed-localization-citta":"Trento","seed-localization-regione-cod-istat":"04","seed-localization-citta-cod-istat":"022205","seed-localization-localita":"","seed-localization-cap":"","seed-localization-marker-visibility":false,"seed-localization-children-visibility":false,"seed-localization-kml":"","seed-localization-custom-marker":""},"yoast_head":"<!-- This site is optimized with the Yoast SEO Premium plugin v20.2.1 (Yoast SEO v22.2) - https:\/\/yoast.com\/wordpress\/plugins\/seo\/ -->\n<title>A tu per tu con l&#039;autore il 18 gennaio: Percorsi di cristologia femminista - Cultura<\/title>\n<meta name=\"robots\" content=\"index, follow, max-snippet:-1, max-image-preview:large, max-video-preview:-1\" \/>\n<link rel=\"canonical\" href=\"https:\/\/www.diocesitn.it\/area-cultura\/2022\/12\/15\/a-tu-per-tu-con-lautore-percorsi-di-cristologia-femminista\/\" \/>\n<meta property=\"og:locale\" content=\"it_IT\" \/>\n<meta property=\"og:type\" content=\"article\" \/>\n<meta property=\"og:title\" content=\"A tu per tu con l&#039;autore il 18 gennaio: Percorsi di cristologia femminista\" \/>\n<meta property=\"og:description\" content=\"Terzo appuntamento con la rubrica online\u00a0A tu per tu con l\u2019Autore, in cui i docenti dell\u2019Istituto Superiore di Scienze Religiose \u201cRomano Guardini\u201d presentano le loro nuove opere, attraverso un dialogo stimolante con qualificati interlocutori. In\" \/>\n<meta property=\"og:url\" content=\"https:\/\/www.diocesitn.it\/area-cultura\/2022\/12\/15\/a-tu-per-tu-con-lautore-percorsi-di-cristologia-femminista\/\" \/>\n<meta property=\"og:site_name\" content=\"Cultura\" \/>\n<meta property=\"article:published_time\" content=\"2022-12-15T13:26:08+00:00\" \/>\n<meta property=\"article:modified_time\" content=\"2023-01-23T08:24:37+00:00\" \/>\n<meta property=\"og:image\" content=\"https:\/\/www.diocesitn.it\/area-cultura\/wp-content\/uploads\/sites\/38\/2021\/09\/og-logo-cultura.jpg\" \/>\n\t<meta property=\"og:image:width\" content=\"1200\" \/>\n\t<meta property=\"og:image:height\" content=\"630\" \/>\n\t<meta property=\"og:image:type\" content=\"image\/jpeg\" \/>\n<meta name=\"author\" content=\"ledine\" \/>\n<meta name=\"twitter:card\" content=\"summary_large_image\" \/>\n<meta name=\"twitter:label1\" content=\"Scritto da\" \/>\n\t<meta name=\"twitter:data1\" content=\"ledine\" \/>\n\t<meta name=\"twitter:label2\" content=\"Tempo di lettura stimato\" \/>\n\t<meta name=\"twitter:data2\" content=\"2 minuti\" \/>\n<script type=\"application\/ld+json\" class=\"yoast-schema-graph\">{\"@context\":\"https:\/\/schema.org\",\"@graph\":[{\"@type\":\"Article\",\"@id\":\"https:\/\/www.diocesitn.it\/area-cultura\/2022\/12\/15\/a-tu-per-tu-con-lautore-percorsi-di-cristologia-femminista\/#article\",\"isPartOf\":{\"@id\":\"https:\/\/www.diocesitn.it\/area-cultura\/2022\/12\/15\/a-tu-per-tu-con-lautore-percorsi-di-cristologia-femminista\/\"},\"author\":{\"name\":\"ledine\",\"@id\":\"https:\/\/www.diocesitn.it\/area-cultura\/#\/schema\/person\/93b7401db62b6f32d20347e997095e6c\"},\"headline\":\"A tu per tu con l&#8217;autore il 18 gennaio: Percorsi di cristologia femminista\",\"datePublished\":\"2022-12-15T13:26:08+00:00\",\"dateModified\":\"2023-01-23T08:24:37+00:00\",\"mainEntityOfPage\":{\"@id\":\"https:\/\/www.diocesitn.it\/area-cultura\/2022\/12\/15\/a-tu-per-tu-con-lautore-percorsi-di-cristologia-femminista\/\"},\"wordCount\":232,\"publisher\":{\"@id\":\"https:\/\/www.diocesitn.it\/area-cultura\/#organization\"},\"image\":{\"@id\":\"https:\/\/www.diocesitn.it\/area-cultura\/2022\/12\/15\/a-tu-per-tu-con-lautore-percorsi-di-cristologia-femminista\/#primaryimage\"},\"thumbnailUrl\":\"https:\/\/www.diocesitn.it\/area-cultura\/wp-content\/uploads\/sites\/38\/2022\/12\/per-banner-def-pdf.jpg\",\"keywords\":[\"biblioteca Vigilianum\",\"Chiara Curzel\",\"leonardo paris\",\"Mercedes Navarro Puerto\",\"Milena Mariani\",\"presentazione libro\"],\"articleSection\":[\"Biblioteca diocesana Vigilianum\",\"Notizie\"],\"inLanguage\":\"it-IT\",\"copyrightYear\":\"2022\",\"copyrightHolder\":{\"@id\":\"https:\/\/www.diocesitn.it\/#organization\"}},{\"@type\":\"WebPage\",\"@id\":\"https:\/\/www.diocesitn.it\/area-cultura\/2022\/12\/15\/a-tu-per-tu-con-lautore-percorsi-di-cristologia-femminista\/\",\"url\":\"https:\/\/www.diocesitn.it\/area-cultura\/2022\/12\/15\/a-tu-per-tu-con-lautore-percorsi-di-cristologia-femminista\/\",\"name\":\"A tu per tu con l'autore il 18 gennaio: Percorsi di cristologia femminista - Cultura\",\"isPartOf\":{\"@id\":\"https:\/\/www.diocesitn.it\/area-cultura\/#website\"},\"primaryImageOfPage\":{\"@id\":\"https:\/\/www.diocesitn.it\/area-cultura\/2022\/12\/15\/a-tu-per-tu-con-lautore-percorsi-di-cristologia-femminista\/#primaryimage\"},\"image\":{\"@id\":\"https:\/\/www.diocesitn.it\/area-cultura\/2022\/12\/15\/a-tu-per-tu-con-lautore-percorsi-di-cristologia-femminista\/#primaryimage\"},\"thumbnailUrl\":\"https:\/\/www.diocesitn.it\/area-cultura\/wp-content\/uploads\/sites\/38\/2022\/12\/per-banner-def-pdf.jpg\",\"datePublished\":\"2022-12-15T13:26:08+00:00\",\"dateModified\":\"2023-01-23T08:24:37+00:00\",\"breadcrumb\":{\"@id\":\"https:\/\/www.diocesitn.it\/area-cultura\/2022\/12\/15\/a-tu-per-tu-con-lautore-percorsi-di-cristologia-femminista\/#breadcrumb\"},\"inLanguage\":\"it-IT\",\"potentialAction\":[{\"@type\":\"ReadAction\",\"target\":[\"https:\/\/www.diocesitn.it\/area-cultura\/2022\/12\/15\/a-tu-per-tu-con-lautore-percorsi-di-cristologia-femminista\/\"]}]},{\"@type\":\"ImageObject\",\"inLanguage\":\"it-IT\",\"@id\":\"https:\/\/www.diocesitn.it\/area-cultura\/2022\/12\/15\/a-tu-per-tu-con-lautore-percorsi-di-cristologia-femminista\/#primaryimage\",\"url\":\"https:\/\/www.diocesitn.it\/area-cultura\/wp-content\/uploads\/sites\/38\/2022\/12\/per-banner-def-pdf.jpg\",\"contentUrl\":\"https:\/\/www.diocesitn.it\/area-cultura\/wp-content\/uploads\/sites\/38\/2022\/12\/per-banner-def-pdf.jpg\"},{\"@type\":\"BreadcrumbList\",\"@id\":\"https:\/\/www.diocesitn.it\/area-cultura\/2022\/12\/15\/a-tu-per-tu-con-lautore-percorsi-di-cristologia-femminista\/#breadcrumb\",\"itemListElement\":[{\"@type\":\"ListItem\",\"position\":1,\"name\":\"Home\",\"item\":\"https:\/\/www.diocesitn.it\/area-cultura\/\"},{\"@type\":\"ListItem\",\"position\":2,\"name\":\"A tu per tu con l&#8217;autore il 18 gennaio: Percorsi di cristologia femminista\"}]},{\"@type\":\"WebSite\",\"@id\":\"https:\/\/www.diocesitn.it\/area-cultura\/#website\",\"url\":\"https:\/\/www.diocesitn.it\/area-cultura\/\",\"name\":\"Cultura\",\"description\":\"Chiesa di Trento\",\"publisher\":{\"@id\":\"https:\/\/www.diocesitn.it\/area-cultura\/#organization\"},\"potentialAction\":[{\"@type\":\"SearchAction\",\"target\":{\"@type\":\"EntryPoint\",\"urlTemplate\":\"https:\/\/www.diocesitn.it\/area-cultura\/?s={search_term_string}\"},\"query-input\":\"required name=search_term_string\"}],\"inLanguage\":\"it-IT\"},{\"@type\":[\"Organization\",\"Place\"],\"@id\":\"https:\/\/www.diocesitn.it\/area-cultura\/#organization\",\"name\":\"Area Cultura - Chiesa di Trento\",\"url\":\"https:\/\/www.diocesitn.it\/area-cultura\/\",\"logo\":{\"@id\":\"https:\/\/www.diocesitn.it\/area-cultura\/2022\/12\/15\/a-tu-per-tu-con-lautore-percorsi-di-cristologia-femminista\/#local-main-organization-logo\"},\"image\":{\"@id\":\"https:\/\/www.diocesitn.it\/area-cultura\/2022\/12\/15\/a-tu-per-tu-con-lautore-percorsi-di-cristologia-femminista\/#local-main-organization-logo\"},\"sameAs\":[\"https:\/\/www.youtube.com\/channel\/UCfWD2n-N6WTCg2P_UA72H6Q\"],\"openingHoursSpecification\":[{\"@type\":\"OpeningHoursSpecification\",\"dayOfWeek\":[\"Monday\",\"Tuesday\",\"Wednesday\",\"Thursday\",\"Friday\",\"Saturday\",\"Sunday\"],\"opens\":\"09:00\",\"closes\":\"17:00\"}]},{\"@type\":\"ImageObject\",\"inLanguage\":\"it-IT\",\"@id\":\"https:\/\/www.diocesitn.it\/area-cultura\/2022\/12\/15\/a-tu-per-tu-con-lautore-percorsi-di-cristologia-femminista\/#local-main-organization-logo\",\"url\":\"https:\/\/www.diocesitn.it\/area-cultura\/wp-content\/uploads\/sites\/38\/2021\/09\/og-logo-cultura.jpg\",\"contentUrl\":\"https:\/\/www.diocesitn.it\/area-cultura\/wp-content\/uploads\/sites\/38\/2021\/09\/og-logo-cultura.jpg\",\"width\":1200,\"height\":630,\"caption\":\"Area Cultura - Chiesa di Trento\"}]}<\/script>\n<!-- \/ Yoast SEO Premium plugin. -->","yoast_head_json":{"title":"A tu per tu con l'autore il 18 gennaio: Percorsi di cristologia femminista - Cultura","robots":{"index":"index","follow":"follow","max-snippet":"max-snippet:-1","max-image-preview":"max-image-preview:large","max-video-preview":"max-video-preview:-1"},"canonical":"https:\/\/www.diocesitn.it\/area-cultura\/2022\/12\/15\/a-tu-per-tu-con-lautore-percorsi-di-cristologia-femminista\/","og_locale":"it_IT","og_type":"article","og_title":"A tu per tu con l'autore il 18 gennaio: Percorsi di cristologia femminista","og_description":"Terzo appuntamento con la rubrica online\u00a0A tu per tu con l\u2019Autore, in cui i docenti dell\u2019Istituto Superiore di Scienze Religiose \u201cRomano Guardini\u201d presentano le loro nuove opere, attraverso un dialogo stimolante con qualificati interlocutori. In","og_url":"https:\/\/www.diocesitn.it\/area-cultura\/2022\/12\/15\/a-tu-per-tu-con-lautore-percorsi-di-cristologia-femminista\/","og_site_name":"Cultura","article_published_time":"2022-12-15T13:26:08+00:00","article_modified_time":"2023-01-23T08:24:37+00:00","og_image":[{"width":1200,"height":630,"url":"https:\/\/www.diocesitn.it\/area-cultura\/wp-content\/uploads\/sites\/38\/2021\/09\/og-logo-cultura.jpg","type":"image\/jpeg"}],"author":"ledine","twitter_card":"summary_large_image","twitter_misc":{"Scritto da":"ledine","Tempo di lettura stimato":"2 minuti"},"schema":{"@context":"https:\/\/schema.org","@graph":[{"@type":"Article","@id":"https:\/\/www.diocesitn.it\/area-cultura\/2022\/12\/15\/a-tu-per-tu-con-lautore-percorsi-di-cristologia-femminista\/#article","isPartOf":{"@id":"https:\/\/www.diocesitn.it\/area-cultura\/2022\/12\/15\/a-tu-per-tu-con-lautore-percorsi-di-cristologia-femminista\/"},"author":{"name":"ledine","@id":"https:\/\/www.diocesitn.it\/area-cultura\/#\/schema\/person\/93b7401db62b6f32d20347e997095e6c"},"headline":"A tu per tu con l&#8217;autore il 18 gennaio: Percorsi di cristologia femminista","datePublished":"2022-12-15T13:26:08+00:00","dateModified":"2023-01-23T08:24:37+00:00","mainEntityOfPage":{"@id":"https:\/\/www.diocesitn.it\/area-cultura\/2022\/12\/15\/a-tu-per-tu-con-lautore-percorsi-di-cristologia-femminista\/"},"wordCount":232,"publisher":{"@id":"https:\/\/www.diocesitn.it\/area-cultura\/#organization"},"image":{"@id":"https:\/\/www.diocesitn.it\/area-cultura\/2022\/12\/15\/a-tu-per-tu-con-lautore-percorsi-di-cristologia-femminista\/#primaryimage"},"thumbnailUrl":"https:\/\/www.diocesitn.it\/area-cultura\/wp-content\/uploads\/sites\/38\/2022\/12\/per-banner-def-pdf.jpg","keywords":["biblioteca Vigilianum","Chiara Curzel","leonardo paris","Mercedes Navarro Puerto","Milena Mariani","presentazione libro"],"articleSection":["Biblioteca diocesana Vigilianum","Notizie"],"inLanguage":"it-IT","copyrightYear":"2022","copyrightHolder":{"@id":"https:\/\/www.diocesitn.it\/#organization"}},{"@type":"WebPage","@id":"https:\/\/www.diocesitn.it\/area-cultura\/2022\/12\/15\/a-tu-per-tu-con-lautore-percorsi-di-cristologia-femminista\/","url":"https:\/\/www.diocesitn.it\/area-cultura\/2022\/12\/15\/a-tu-per-tu-con-lautore-percorsi-di-cristologia-femminista\/","name":"A tu per tu con l'autore il 18 gennaio: Percorsi di cristologia femminista - Cultura","isPartOf":{"@id":"https:\/\/www.diocesitn.it\/area-cultura\/#website"},"primaryImageOfPage":{"@id":"https:\/\/www.diocesitn.it\/area-cultura\/2022\/12\/15\/a-tu-per-tu-con-lautore-percorsi-di-cristologia-femminista\/#primaryimage"},"image":{"@id":"https:\/\/www.diocesitn.it\/area-cultura\/2022\/12\/15\/a-tu-per-tu-con-lautore-percorsi-di-cristologia-femminista\/#primaryimage"},"thumbnailUrl":"https:\/\/www.diocesitn.it\/area-cultura\/wp-content\/uploads\/sites\/38\/2022\/12\/per-banner-def-pdf.jpg","datePublished":"2022-12-15T13:26:08+00:00","dateModified":"2023-01-23T08:24:37+00:00","breadcrumb":{"@id":"https:\/\/www.diocesitn.it\/area-cultura\/2022\/12\/15\/a-tu-per-tu-con-lautore-percorsi-di-cristologia-femminista\/#breadcrumb"},"inLanguage":"it-IT","potentialAction":[{"@type":"ReadAction","target":["https:\/\/www.diocesitn.it\/area-cultura\/2022\/12\/15\/a-tu-per-tu-con-lautore-percorsi-di-cristologia-femminista\/"]}]},{"@type":"ImageObject","inLanguage":"it-IT","@id":"https:\/\/www.diocesitn.it\/area-cultura\/2022\/12\/15\/a-tu-per-tu-con-lautore-percorsi-di-cristologia-femminista\/#primaryimage","url":"https:\/\/www.diocesitn.it\/area-cultura\/wp-content\/uploads\/sites\/38\/2022\/12\/per-banner-def-pdf.jpg","contentUrl":"https:\/\/www.diocesitn.it\/area-cultura\/wp-content\/uploads\/sites\/38\/2022\/12\/per-banner-def-pdf.jpg"},{"@type":"BreadcrumbList","@id":"https:\/\/www.diocesitn.it\/area-cultura\/2022\/12\/15\/a-tu-per-tu-con-lautore-percorsi-di-cristologia-femminista\/#breadcrumb","itemListElement":[{"@type":"ListItem","position":1,"name":"Home","item":"https:\/\/www.diocesitn.it\/area-cultura\/"},{"@type":"ListItem","position":2,"name":"A tu per tu con l&#8217;autore il 18 gennaio: Percorsi di cristologia femminista"}]},{"@type":"WebSite","@id":"https:\/\/www.diocesitn.it\/area-cultura\/#website","url":"https:\/\/www.diocesitn.it\/area-cultura\/","name":"Cultura","description":"Chiesa di Trento","publisher":{"@id":"https:\/\/www.diocesitn.it\/area-cultura\/#organization"},"potentialAction":[{"@type":"SearchAction","target":{"@type":"EntryPoint","urlTemplate":"https:\/\/www.diocesitn.it\/area-cultura\/?s={search_term_string}"},"query-input":"required name=search_term_string"}],"inLanguage":"it-IT"},{"@type":["Organization","Place"],"@id":"https:\/\/www.diocesitn.it\/area-cultura\/#organization","name":"Area Cultura - Chiesa di Trento","url":"https:\/\/www.diocesitn.it\/area-cultura\/","logo":{"@id":"https:\/\/www.diocesitn.it\/area-cultura\/2022\/12\/15\/a-tu-per-tu-con-lautore-percorsi-di-cristologia-femminista\/#local-main-organization-logo"},"image":{"@id":"https:\/\/www.diocesitn.it\/area-cultura\/2022\/12\/15\/a-tu-per-tu-con-lautore-percorsi-di-cristologia-femminista\/#local-main-organization-logo"},"sameAs":["https:\/\/www.youtube.com\/channel\/UCfWD2n-N6WTCg2P_UA72H6Q"],"openingHoursSpecification":[{"@type":"OpeningHoursSpecification","dayOfWeek":["Monday","Tuesday","Wednesday","Thursday","Friday","Saturday","Sunday"],"opens":"09:00","closes":"17:00"}]},{"@type":"ImageObject","inLanguage":"it-IT","@id":"https:\/\/www.diocesitn.it\/area-cultura\/2022\/12\/15\/a-tu-per-tu-con-lautore-percorsi-di-cristologia-femminista\/#local-main-organization-logo","url":"https:\/\/www.diocesitn.it\/area-cultura\/wp-content\/uploads\/sites\/38\/2021\/09\/og-logo-cultura.jpg","contentUrl":"https:\/\/www.diocesitn.it\/area-cultura\/wp-content\/uploads\/sites\/38\/2021\/09\/og-logo-cultura.jpg","width":1200,"height":630,"caption":"Area Cultura - Chiesa di Trento"}]}},"_links":{"self":[{"href":"https:\/\/www.diocesitn.it\/area-cultura\/wp-json\/wp\/v2\/posts\/9809","targetHints":{"allow":["GET"]}}],"collection":[{"href":"https:\/\/www.diocesitn.it\/area-cultura\/wp-json\/wp\/v2\/posts"}],"about":[{"href":"https:\/\/www.diocesitn.it\/area-cultura\/wp-json\/wp\/v2\/types\/post"}],"author":[{"embeddable":true,"href":"https:\/\/www.diocesitn.it\/area-cultura\/wp-json\/wp\/v2\/users\/165"}],"replies":[{"embeddable":true,"href":"https:\/\/www.diocesitn.it\/area-cultura\/wp-json\/wp\/v2\/comments?post=9809"}],"version-history":[{"count":3,"href":"https:\/\/www.diocesitn.it\/area-cultura\/wp-json\/wp\/v2\/posts\/9809\/revisions"}],"predecessor-version":[{"id":10161,"href":"https:\/\/www.diocesitn.it\/area-cultura\/wp-json\/wp\/v2\/posts\/9809\/revisions\/10161"}],"wp:featuredmedia":[{"embeddable":true,"href":"https:\/\/www.diocesitn.it\/area-cultura\/wp-json\/wp\/v2\/media\/9814"}],"wp:attachment":[{"href":"https:\/\/www.diocesitn.it\/area-cultura\/wp-json\/wp\/v2\/media?parent=9809"}],"wp:term":[{"taxonomy":"category","embeddable":true,"href":"https:\/\/www.diocesitn.it\/area-cultura\/wp-json\/wp\/v2\/categories?post=9809"},{"taxonomy":"post_tag","embeddable":true,"href":"https:\/\/www.diocesitn.it\/area-cultura\/wp-json\/wp\/v2\/tags?post=9809"}],"curies":[{"name":"wp","href":"https:\/\/api.w.org\/{rel}","templated":true}]}}