{"id":9558,"date":"2022-11-21T09:49:39","date_gmt":"2022-11-21T08:49:39","guid":{"rendered":"https:\/\/www.diocesitn.it\/area-cultura\/?p=9558"},"modified":"2022-12-15T08:59:18","modified_gmt":"2022-12-15T07:59:18","slug":"gpi","status":"publish","type":"post","link":"https:\/\/www.diocesitn.it\/area-cultura\/2022\/11\/21\/gpi\/","title":{"rendered":"Giovanni Paolo I &#8211; Un pontificato tutto da scoprire"},"content":{"rendered":"<p><a href=\"https:\/\/www.diocesitn.it\/area-cultura\/wp-content\/uploads\/sites\/38\/2022\/11\/Giovanni-Paolo-I-La-pagina-nuova-di-un-pontificato-ancora-tutto-da-scoprire-1.jpg\"><img loading=\"lazy\" decoding=\"async\" class=\"alignleft wp-image-9571 size-medium\" src=\"https:\/\/www.diocesitn.it\/area-cultura\/wp-content\/uploads\/sites\/38\/2022\/11\/Giovanni-Paolo-I-La-pagina-nuova-di-un-pontificato-ancora-tutto-da-scoprire-1-212x300.jpg\" alt=\"\" width=\"212\" height=\"300\" srcset=\"https:\/\/www.diocesitn.it\/area-cultura\/wp-content\/uploads\/sites\/38\/2022\/11\/Giovanni-Paolo-I-La-pagina-nuova-di-un-pontificato-ancora-tutto-da-scoprire-1-212x300.jpg 212w, https:\/\/www.diocesitn.it\/area-cultura\/wp-content\/uploads\/sites\/38\/2022\/11\/Giovanni-Paolo-I-La-pagina-nuova-di-un-pontificato-ancora-tutto-da-scoprire-1-724x1024.jpg 724w, https:\/\/www.diocesitn.it\/area-cultura\/wp-content\/uploads\/sites\/38\/2022\/11\/Giovanni-Paolo-I-La-pagina-nuova-di-un-pontificato-ancora-tutto-da-scoprire-1-768x1086.jpg 768w, https:\/\/www.diocesitn.it\/area-cultura\/wp-content\/uploads\/sites\/38\/2022\/11\/Giovanni-Paolo-I-La-pagina-nuova-di-un-pontificato-ancora-tutto-da-scoprire-1-198x280.jpg 198w, https:\/\/www.diocesitn.it\/area-cultura\/wp-content\/uploads\/sites\/38\/2022\/11\/Giovanni-Paolo-I-La-pagina-nuova-di-un-pontificato-ancora-tutto-da-scoprire-1-543x768.jpg 543w, https:\/\/www.diocesitn.it\/area-cultura\/wp-content\/uploads\/sites\/38\/2022\/11\/Giovanni-Paolo-I-La-pagina-nuova-di-un-pontificato-ancora-tutto-da-scoprire-1-1086x1536.jpg 1086w, https:\/\/www.diocesitn.it\/area-cultura\/wp-content\/uploads\/sites\/38\/2022\/11\/Giovanni-Paolo-I-La-pagina-nuova-di-un-pontificato-ancora-tutto-da-scoprire-1-800x1132.jpg 800w, https:\/\/www.diocesitn.it\/area-cultura\/wp-content\/uploads\/sites\/38\/2022\/11\/Giovanni-Paolo-I-La-pagina-nuova-di-un-pontificato-ancora-tutto-da-scoprire-1-1200x1697.jpg 1200w, https:\/\/www.diocesitn.it\/area-cultura\/wp-content\/uploads\/sites\/38\/2022\/11\/Giovanni-Paolo-I-La-pagina-nuova-di-un-pontificato-ancora-tutto-da-scoprire-1-1320x1867.jpg 1320w, https:\/\/www.diocesitn.it\/area-cultura\/wp-content\/uploads\/sites\/38\/2022\/11\/Giovanni-Paolo-I-La-pagina-nuova-di-un-pontificato-ancora-tutto-da-scoprire-1.jpg 1414w\" sizes=\"auto, (max-width: 212px) 100vw, 212px\" \/><\/a><\/p>\n<p style=\"margin-bottom: 12.0pt\"><strong>Mercoled\u00ec 14 dicembre ore 17.30<\/strong>, l&#8217;Area Cultura della Diocesi di Trento propone un incontro per conoscere pi\u00f9 da vicino la figura di Giovanni Paolo I.<\/p>\n<p style=\"margin-bottom: 12.0pt\">La ricerca storica sulla vita di <strong>Albino Luciani\/papa Giovanni Paolo I<\/strong> (1912-1978, proclamato beato lo scorso 4 settembre) ha fatto passi avanti grazie anche all&#8217;attivit\u00e0 della Fondazione Vaticana Giovanni Paolo I, istituita da papa Francesco nel 2020. La presenza a Trento della sua vicepresidente, <strong>Stefania Falasca<\/strong>, e della sua archivista, <strong>Flavia Tudini<\/strong>, \u00e8 un&#8217;occasione per presentare l&#8217;attivit\u00e0 della Fondazione stessa e i risultati dell&#8217;impegno volto a conoscere meglio un pontificato che fu s\u00ec breve, ma non privo di interesse storico e di significato ecclesiale.<\/p>\n<p>All&#8217;interno dell&#8217;evento verr\u00e0 presentato anche il volume Giovanni Paolo I. Il Magistero, testi e documenti del pontificato (LEV &#8211; San Paolo 2022).<\/p>\n<p>Introduce la serata E<strong>manuele Curzel<\/strong>, dell&#8217;Universit\u00e0 degli Studi di Trento<\/p>\n<p><strong>Sede:<\/strong> Aula Magna Vigilianum |Trento, via Endrici 14<\/p>\n<p>L&#8217;incontro sar\u00e0 trasmesso in <strong>streaming<\/strong> sul canale YouTube della Diocesi di Trento,\u00a0 collegandosi all\u2019indirizzo <a href=\"https:\/\/www.youtube.com\/watch?v=XlmSE-wbnmY\">https:\/\/www.youtube.com\/watch?v=XlmSE-wbnmY<\/a><\/p>\n<h6><a href=\"https:\/\/www.diocesitn.it\/area-cultura\/wp-content\/uploads\/sites\/38\/2022\/11\/Giovanni-Paolo-I-La-pagina-nuova-di-un-pontificato-ancora-tutto-da-scoprire-1.pdf\">locandina<\/a><\/h6>\n","protected":false},"excerpt":{"rendered":"<p>Mercoled\u00ec 14 dicembre ore 17.30, l&#8217;Area Cultura della Diocesi di Trento propone un incontro per conoscere pi\u00f9 da vicino la figura di Giovanni Paolo I. La ricerca storica sulla vita di Albino Luciani\/papa Giovanni Paolo<\/p>\n","protected":false},"author":9,"featured_media":9564,"comment_status":"closed","ping_status":"closed","sticky":false,"template":"","format":"standard","meta":{"footnotes":""},"categories":[375,329],"tags":[435,568,567,565,431,566],"class_list":["post-9558","post","type-post","status-publish","format-standard","has-post-thumbnail","hentry","category-servizio-formazione","category-notizie","tag-arcidiocesi-di-trento","tag-emanuele-curzel","tag-flavia-tudini","tag-giovanni-paolo-i","tag-scuola-diocesana-di-formazione-teologica-di-trento","tag-stefania-falasca"],"acf":{"seed-localization-paese-cod":"IT","seed-localization-address":"","seed-localization-citta":"Trento","seed-localization-regione-cod-istat":"04","seed-localization-citta-cod-istat":"022205","seed-localization-localita":"","seed-localization-cap":"","seed-localization-marker-visibility":false,"seed-localization-children-visibility":false,"seed-localization-kml":"","seed-localization-custom-marker":""},"yoast_head":"<!-- This site is optimized with the Yoast SEO Premium plugin v20.2.1 (Yoast SEO v22.2) - https:\/\/yoast.com\/wordpress\/plugins\/seo\/ -->\n<title>Giovanni Paolo I - Un pontificato tutto da scoprire - Cultura<\/title>\n<meta name=\"robots\" content=\"index, follow, max-snippet:-1, max-image-preview:large, max-video-preview:-1\" \/>\n<link rel=\"canonical\" href=\"https:\/\/www.diocesitn.it\/area-cultura\/2022\/11\/21\/gpi\/\" \/>\n<meta property=\"og:locale\" content=\"it_IT\" \/>\n<meta property=\"og:type\" content=\"article\" \/>\n<meta property=\"og:title\" content=\"Giovanni Paolo I - Un pontificato tutto da scoprire\" \/>\n<meta property=\"og:description\" content=\"Mercoled\u00ec 14 dicembre ore 17.30, l&#8217;Area Cultura della Diocesi di Trento propone un incontro per conoscere pi\u00f9 da vicino la figura di Giovanni Paolo I. La ricerca storica sulla vita di Albino Luciani\/papa Giovanni Paolo\" \/>\n<meta property=\"og:url\" content=\"https:\/\/www.diocesitn.it\/area-cultura\/2022\/11\/21\/gpi\/\" \/>\n<meta property=\"og:site_name\" content=\"Cultura\" \/>\n<meta property=\"article:published_time\" content=\"2022-11-21T08:49:39+00:00\" \/>\n<meta property=\"article:modified_time\" content=\"2022-12-15T07:59:18+00:00\" \/>\n<meta property=\"og:image\" content=\"https:\/\/www.diocesitn.it\/area-cultura\/wp-content\/uploads\/sites\/38\/2022\/11\/ioannes-paulus-pp-i-1978-1b5f17-1024.jpg\" \/>\n\t<meta property=\"og:image:width\" content=\"642\" \/>\n\t<meta property=\"og:image:height\" content=\"635\" \/>\n\t<meta property=\"og:image:type\" content=\"image\/jpeg\" \/>\n<meta name=\"author\" content=\"msignorati\" \/>\n<meta name=\"twitter:card\" content=\"summary_large_image\" \/>\n<meta name=\"twitter:label1\" content=\"Scritto da\" \/>\n\t<meta name=\"twitter:data1\" content=\"msignorati\" \/>\n\t<meta name=\"twitter:label2\" content=\"Tempo di lettura stimato\" \/>\n\t<meta name=\"twitter:data2\" content=\"2 minuti\" \/>\n<script type=\"application\/ld+json\" class=\"yoast-schema-graph\">{\"@context\":\"https:\/\/schema.org\",\"@graph\":[{\"@type\":\"Article\",\"@id\":\"https:\/\/www.diocesitn.it\/area-cultura\/2022\/11\/21\/gpi\/#article\",\"isPartOf\":{\"@id\":\"https:\/\/www.diocesitn.it\/area-cultura\/2022\/11\/21\/gpi\/\"},\"author\":{\"name\":\"msignorati\",\"@id\":\"https:\/\/www.diocesitn.it\/area-cultura\/#\/schema\/person\/53a7aea655a4af1e888601137ff67146\"},\"headline\":\"Giovanni Paolo I &#8211; Un pontificato tutto da scoprire\",\"datePublished\":\"2022-11-21T08:49:39+00:00\",\"dateModified\":\"2022-12-15T07:59:18+00:00\",\"mainEntityOfPage\":{\"@id\":\"https:\/\/www.diocesitn.it\/area-cultura\/2022\/11\/21\/gpi\/\"},\"wordCount\":175,\"publisher\":{\"@id\":\"https:\/\/www.diocesitn.it\/area-cultura\/#organization\"},\"image\":{\"@id\":\"https:\/\/www.diocesitn.it\/area-cultura\/2022\/11\/21\/gpi\/#primaryimage\"},\"thumbnailUrl\":\"https:\/\/www.diocesitn.it\/area-cultura\/wp-content\/uploads\/sites\/38\/2022\/11\/ioannes-paulus-pp-i-1978-1b5f17-1024.jpg\",\"keywords\":[\"Arcidiocesi di Trento\",\"Emanuele Curzel\",\"Flavia Tudini\",\"Giovanni Paolo I\",\"Scuola Diocesana di Formazione Teologica di Trento\",\"Stefania Falasca\"],\"articleSection\":[\"Formazione\",\"Notizie\"],\"inLanguage\":\"it-IT\",\"copyrightYear\":\"2022\",\"copyrightHolder\":{\"@id\":\"https:\/\/www.diocesitn.it\/#organization\"}},{\"@type\":\"WebPage\",\"@id\":\"https:\/\/www.diocesitn.it\/area-cultura\/2022\/11\/21\/gpi\/\",\"url\":\"https:\/\/www.diocesitn.it\/area-cultura\/2022\/11\/21\/gpi\/\",\"name\":\"Giovanni Paolo I - Un pontificato tutto da scoprire - Cultura\",\"isPartOf\":{\"@id\":\"https:\/\/www.diocesitn.it\/area-cultura\/#website\"},\"primaryImageOfPage\":{\"@id\":\"https:\/\/www.diocesitn.it\/area-cultura\/2022\/11\/21\/gpi\/#primaryimage\"},\"image\":{\"@id\":\"https:\/\/www.diocesitn.it\/area-cultura\/2022\/11\/21\/gpi\/#primaryimage\"},\"thumbnailUrl\":\"https:\/\/www.diocesitn.it\/area-cultura\/wp-content\/uploads\/sites\/38\/2022\/11\/ioannes-paulus-pp-i-1978-1b5f17-1024.jpg\",\"datePublished\":\"2022-11-21T08:49:39+00:00\",\"dateModified\":\"2022-12-15T07:59:18+00:00\",\"breadcrumb\":{\"@id\":\"https:\/\/www.diocesitn.it\/area-cultura\/2022\/11\/21\/gpi\/#breadcrumb\"},\"inLanguage\":\"it-IT\",\"potentialAction\":[{\"@type\":\"ReadAction\",\"target\":[\"https:\/\/www.diocesitn.it\/area-cultura\/2022\/11\/21\/gpi\/\"]}]},{\"@type\":\"ImageObject\",\"inLanguage\":\"it-IT\",\"@id\":\"https:\/\/www.diocesitn.it\/area-cultura\/2022\/11\/21\/gpi\/#primaryimage\",\"url\":\"https:\/\/www.diocesitn.it\/area-cultura\/wp-content\/uploads\/sites\/38\/2022\/11\/ioannes-paulus-pp-i-1978-1b5f17-1024.jpg\",\"contentUrl\":\"https:\/\/www.diocesitn.it\/area-cultura\/wp-content\/uploads\/sites\/38\/2022\/11\/ioannes-paulus-pp-i-1978-1b5f17-1024.jpg\",\"width\":642,\"height\":635},{\"@type\":\"BreadcrumbList\",\"@id\":\"https:\/\/www.diocesitn.it\/area-cultura\/2022\/11\/21\/gpi\/#breadcrumb\",\"itemListElement\":[{\"@type\":\"ListItem\",\"position\":1,\"name\":\"Home\",\"item\":\"https:\/\/www.diocesitn.it\/area-cultura\/\"},{\"@type\":\"ListItem\",\"position\":2,\"name\":\"Giovanni Paolo I &#8211; Un pontificato tutto da scoprire\"}]},{\"@type\":\"WebSite\",\"@id\":\"https:\/\/www.diocesitn.it\/area-cultura\/#website\",\"url\":\"https:\/\/www.diocesitn.it\/area-cultura\/\",\"name\":\"Cultura\",\"description\":\"Chiesa di Trento\",\"publisher\":{\"@id\":\"https:\/\/www.diocesitn.it\/area-cultura\/#organization\"},\"potentialAction\":[{\"@type\":\"SearchAction\",\"target\":{\"@type\":\"EntryPoint\",\"urlTemplate\":\"https:\/\/www.diocesitn.it\/area-cultura\/?s={search_term_string}\"},\"query-input\":\"required name=search_term_string\"}],\"inLanguage\":\"it-IT\"},{\"@type\":[\"Organization\",\"Place\"],\"@id\":\"https:\/\/www.diocesitn.it\/area-cultura\/#organization\",\"name\":\"Area Cultura - Chiesa di Trento\",\"url\":\"https:\/\/www.diocesitn.it\/area-cultura\/\",\"logo\":{\"@id\":\"https:\/\/www.diocesitn.it\/area-cultura\/2022\/11\/21\/gpi\/#local-main-organization-logo\"},\"image\":{\"@id\":\"https:\/\/www.diocesitn.it\/area-cultura\/2022\/11\/21\/gpi\/#local-main-organization-logo\"},\"sameAs\":[\"https:\/\/www.youtube.com\/channel\/UCfWD2n-N6WTCg2P_UA72H6Q\"],\"openingHoursSpecification\":[{\"@type\":\"OpeningHoursSpecification\",\"dayOfWeek\":[\"Monday\",\"Tuesday\",\"Wednesday\",\"Thursday\",\"Friday\",\"Saturday\",\"Sunday\"],\"opens\":\"09:00\",\"closes\":\"17:00\"}]},{\"@type\":\"ImageObject\",\"inLanguage\":\"it-IT\",\"@id\":\"https:\/\/www.diocesitn.it\/area-cultura\/2022\/11\/21\/gpi\/#local-main-organization-logo\",\"url\":\"https:\/\/www.diocesitn.it\/area-cultura\/wp-content\/uploads\/sites\/38\/2021\/09\/og-logo-cultura.jpg\",\"contentUrl\":\"https:\/\/www.diocesitn.it\/area-cultura\/wp-content\/uploads\/sites\/38\/2021\/09\/og-logo-cultura.jpg\",\"width\":1200,\"height\":630,\"caption\":\"Area Cultura - Chiesa di Trento\"}]}<\/script>\n<!-- \/ Yoast SEO Premium plugin. -->","yoast_head_json":{"title":"Giovanni Paolo I - Un pontificato tutto da scoprire - Cultura","robots":{"index":"index","follow":"follow","max-snippet":"max-snippet:-1","max-image-preview":"max-image-preview:large","max-video-preview":"max-video-preview:-1"},"canonical":"https:\/\/www.diocesitn.it\/area-cultura\/2022\/11\/21\/gpi\/","og_locale":"it_IT","og_type":"article","og_title":"Giovanni Paolo I - Un pontificato tutto da scoprire","og_description":"Mercoled\u00ec 14 dicembre ore 17.30, l&#8217;Area Cultura della Diocesi di Trento propone un incontro per conoscere pi\u00f9 da vicino la figura di Giovanni Paolo I. La ricerca storica sulla vita di Albino Luciani\/papa Giovanni Paolo","og_url":"https:\/\/www.diocesitn.it\/area-cultura\/2022\/11\/21\/gpi\/","og_site_name":"Cultura","article_published_time":"2022-11-21T08:49:39+00:00","article_modified_time":"2022-12-15T07:59:18+00:00","og_image":[{"width":642,"height":635,"url":"https:\/\/www.diocesitn.it\/area-cultura\/wp-content\/uploads\/sites\/38\/2022\/11\/ioannes-paulus-pp-i-1978-1b5f17-1024.jpg","type":"image\/jpeg"}],"author":"msignorati","twitter_card":"summary_large_image","twitter_misc":{"Scritto da":"msignorati","Tempo di lettura stimato":"2 minuti"},"schema":{"@context":"https:\/\/schema.org","@graph":[{"@type":"Article","@id":"https:\/\/www.diocesitn.it\/area-cultura\/2022\/11\/21\/gpi\/#article","isPartOf":{"@id":"https:\/\/www.diocesitn.it\/area-cultura\/2022\/11\/21\/gpi\/"},"author":{"name":"msignorati","@id":"https:\/\/www.diocesitn.it\/area-cultura\/#\/schema\/person\/53a7aea655a4af1e888601137ff67146"},"headline":"Giovanni Paolo I &#8211; Un pontificato tutto da scoprire","datePublished":"2022-11-21T08:49:39+00:00","dateModified":"2022-12-15T07:59:18+00:00","mainEntityOfPage":{"@id":"https:\/\/www.diocesitn.it\/area-cultura\/2022\/11\/21\/gpi\/"},"wordCount":175,"publisher":{"@id":"https:\/\/www.diocesitn.it\/area-cultura\/#organization"},"image":{"@id":"https:\/\/www.diocesitn.it\/area-cultura\/2022\/11\/21\/gpi\/#primaryimage"},"thumbnailUrl":"https:\/\/www.diocesitn.it\/area-cultura\/wp-content\/uploads\/sites\/38\/2022\/11\/ioannes-paulus-pp-i-1978-1b5f17-1024.jpg","keywords":["Arcidiocesi di Trento","Emanuele Curzel","Flavia Tudini","Giovanni Paolo I","Scuola Diocesana di Formazione Teologica di Trento","Stefania Falasca"],"articleSection":["Formazione","Notizie"],"inLanguage":"it-IT","copyrightYear":"2022","copyrightHolder":{"@id":"https:\/\/www.diocesitn.it\/#organization"}},{"@type":"WebPage","@id":"https:\/\/www.diocesitn.it\/area-cultura\/2022\/11\/21\/gpi\/","url":"https:\/\/www.diocesitn.it\/area-cultura\/2022\/11\/21\/gpi\/","name":"Giovanni Paolo I - Un pontificato tutto da scoprire - Cultura","isPartOf":{"@id":"https:\/\/www.diocesitn.it\/area-cultura\/#website"},"primaryImageOfPage":{"@id":"https:\/\/www.diocesitn.it\/area-cultura\/2022\/11\/21\/gpi\/#primaryimage"},"image":{"@id":"https:\/\/www.diocesitn.it\/area-cultura\/2022\/11\/21\/gpi\/#primaryimage"},"thumbnailUrl":"https:\/\/www.diocesitn.it\/area-cultura\/wp-content\/uploads\/sites\/38\/2022\/11\/ioannes-paulus-pp-i-1978-1b5f17-1024.jpg","datePublished":"2022-11-21T08:49:39+00:00","dateModified":"2022-12-15T07:59:18+00:00","breadcrumb":{"@id":"https:\/\/www.diocesitn.it\/area-cultura\/2022\/11\/21\/gpi\/#breadcrumb"},"inLanguage":"it-IT","potentialAction":[{"@type":"ReadAction","target":["https:\/\/www.diocesitn.it\/area-cultura\/2022\/11\/21\/gpi\/"]}]},{"@type":"ImageObject","inLanguage":"it-IT","@id":"https:\/\/www.diocesitn.it\/area-cultura\/2022\/11\/21\/gpi\/#primaryimage","url":"https:\/\/www.diocesitn.it\/area-cultura\/wp-content\/uploads\/sites\/38\/2022\/11\/ioannes-paulus-pp-i-1978-1b5f17-1024.jpg","contentUrl":"https:\/\/www.diocesitn.it\/area-cultura\/wp-content\/uploads\/sites\/38\/2022\/11\/ioannes-paulus-pp-i-1978-1b5f17-1024.jpg","width":642,"height":635},{"@type":"BreadcrumbList","@id":"https:\/\/www.diocesitn.it\/area-cultura\/2022\/11\/21\/gpi\/#breadcrumb","itemListElement":[{"@type":"ListItem","position":1,"name":"Home","item":"https:\/\/www.diocesitn.it\/area-cultura\/"},{"@type":"ListItem","position":2,"name":"Giovanni Paolo I &#8211; Un pontificato tutto da scoprire"}]},{"@type":"WebSite","@id":"https:\/\/www.diocesitn.it\/area-cultura\/#website","url":"https:\/\/www.diocesitn.it\/area-cultura\/","name":"Cultura","description":"Chiesa di Trento","publisher":{"@id":"https:\/\/www.diocesitn.it\/area-cultura\/#organization"},"potentialAction":[{"@type":"SearchAction","target":{"@type":"EntryPoint","urlTemplate":"https:\/\/www.diocesitn.it\/area-cultura\/?s={search_term_string}"},"query-input":"required name=search_term_string"}],"inLanguage":"it-IT"},{"@type":["Organization","Place"],"@id":"https:\/\/www.diocesitn.it\/area-cultura\/#organization","name":"Area Cultura - Chiesa di Trento","url":"https:\/\/www.diocesitn.it\/area-cultura\/","logo":{"@id":"https:\/\/www.diocesitn.it\/area-cultura\/2022\/11\/21\/gpi\/#local-main-organization-logo"},"image":{"@id":"https:\/\/www.diocesitn.it\/area-cultura\/2022\/11\/21\/gpi\/#local-main-organization-logo"},"sameAs":["https:\/\/www.youtube.com\/channel\/UCfWD2n-N6WTCg2P_UA72H6Q"],"openingHoursSpecification":[{"@type":"OpeningHoursSpecification","dayOfWeek":["Monday","Tuesday","Wednesday","Thursday","Friday","Saturday","Sunday"],"opens":"09:00","closes":"17:00"}]},{"@type":"ImageObject","inLanguage":"it-IT","@id":"https:\/\/www.diocesitn.it\/area-cultura\/2022\/11\/21\/gpi\/#local-main-organization-logo","url":"https:\/\/www.diocesitn.it\/area-cultura\/wp-content\/uploads\/sites\/38\/2021\/09\/og-logo-cultura.jpg","contentUrl":"https:\/\/www.diocesitn.it\/area-cultura\/wp-content\/uploads\/sites\/38\/2021\/09\/og-logo-cultura.jpg","width":1200,"height":630,"caption":"Area Cultura - Chiesa di Trento"}]}},"_links":{"self":[{"href":"https:\/\/www.diocesitn.it\/area-cultura\/wp-json\/wp\/v2\/posts\/9558","targetHints":{"allow":["GET"]}}],"collection":[{"href":"https:\/\/www.diocesitn.it\/area-cultura\/wp-json\/wp\/v2\/posts"}],"about":[{"href":"https:\/\/www.diocesitn.it\/area-cultura\/wp-json\/wp\/v2\/types\/post"}],"author":[{"embeddable":true,"href":"https:\/\/www.diocesitn.it\/area-cultura\/wp-json\/wp\/v2\/users\/9"}],"replies":[{"embeddable":true,"href":"https:\/\/www.diocesitn.it\/area-cultura\/wp-json\/wp\/v2\/comments?post=9558"}],"version-history":[{"count":3,"href":"https:\/\/www.diocesitn.it\/area-cultura\/wp-json\/wp\/v2\/posts\/9558\/revisions"}],"predecessor-version":[{"id":9573,"href":"https:\/\/www.diocesitn.it\/area-cultura\/wp-json\/wp\/v2\/posts\/9558\/revisions\/9573"}],"wp:featuredmedia":[{"embeddable":true,"href":"https:\/\/www.diocesitn.it\/area-cultura\/wp-json\/wp\/v2\/media\/9564"}],"wp:attachment":[{"href":"https:\/\/www.diocesitn.it\/area-cultura\/wp-json\/wp\/v2\/media?parent=9558"}],"wp:term":[{"taxonomy":"category","embeddable":true,"href":"https:\/\/www.diocesitn.it\/area-cultura\/wp-json\/wp\/v2\/categories?post=9558"},{"taxonomy":"post_tag","embeddable":true,"href":"https:\/\/www.diocesitn.it\/area-cultura\/wp-json\/wp\/v2\/tags?post=9558"}],"curies":[{"name":"wp","href":"https:\/\/api.w.org\/{rel}","templated":true}]}}