{"id":9456,"date":"2022-10-27T14:01:21","date_gmt":"2022-10-27T12:01:21","guid":{"rendered":"https:\/\/www.diocesitn.it\/area-cultura\/?p=9456"},"modified":"2022-11-17T11:07:15","modified_gmt":"2022-11-17T10:07:15","slug":"cineforum-davvento","status":"publish","type":"post","link":"https:\/\/www.diocesitn.it\/area-cultura\/2022\/10\/27\/cineforum-davvento\/","title":{"rendered":"Cineforum d\u2019Avvento"},"content":{"rendered":"<p>Torna la rassegna di <strong>cineforum<\/strong> organizzata dalla Biblioteca Diocesana Vigilianum, in collaborazione con l\u2019Associazione Noi Trento.<\/p>\n<p>Siamo nel tempo d\u2019Avvento, tempo dell&#8217;attesa che invita al silenzio nel frastuono e nel disorientamento.<\/p>\n<p>Tre film all\u2019insegna di un\u2019Attesa al femminile, per la donna e per l\u2019uomo di oggi:<\/p>\n<ul>\n<li>Mercoled\u00ec 16 novembre, ore 20.30\u00a0 \u00a0<strong><em>Encanto <\/em><\/strong><em>\u00a0<\/em>(2021) di Jared Bush, Charise Castro Smith, Byron Howard (consigliato: per tutti)<\/li>\n<li>Mercoled\u00ec 23 novembre, ore 20.30\u00a0\u00a0<strong><em>\u00a0Dio \u00e8 donna e si chiama Petrunya<\/em><\/strong> \u00a0(2019) di Teona Strugar Mitevska (consigliato: da 16 anni)<\/li>\n<li>Mercoled\u00ec 30 novembre, ore 20.30\u00a0 \u00a0<strong><em>Adam<\/em>\u00a0<\/strong> (2019) di Maryam Touzani (consigliato: da 14 anni)<\/li>\n<\/ul>\n<p>&nbsp;<\/p>\n<p>Il Cineforum si svolger\u00e0 presso l&#8217;Aula magna del Vigilianum, via Endrici, 14 a Trento.<\/p>\n<p>Ingresso gratuito fino ad esaurimento posti.<\/p>\n<p>&nbsp;<\/p>\n<p>Per informazioni:<\/p>\n<ul style=\"list-style-type: disc\">\n<li>Biblioteca Diocesana Vigilianum, 0461 360224, <a href=\"mailto:biblioteca.cultura@diocesitn.it\">biblioteca.cultura@diocesitn.it<\/a><\/li>\n<li>Noi Trento, 340 1420694, <a href=\"mailto:trento@noiassociazione.it\">trento@noiassociazione.it<\/a><\/li>\n<\/ul>\n<p><em>Santa Maria, vergine dell&#8217;attesa, donaci un&#8217;anima vigiliare. Giunti alle soglie del terzo millennio, ci sentiamo purtroppo pi\u00f9 figli del crepuscolo che profeti dell&#8217;avvento. Sentinella del mattino, ridestaci nel cuore la passione di giovani annunci da portare al mondo, che si sente gi\u00e0 vecchio. Portaci, finalmente, arpa e cetra, perch\u00e9 con te mattiniera possiamo svegliare l&#8217;aurora.<\/em><\/p>\n<p><em>Di fronte ai cambi che scuotono la storia, donaci di sentire sulla pelle i brividi dei cominciamenti. Facci capire che non basta accogliere: bisogna attendere. Accogliere talvolta \u00e8 segno di rassegnazione. Attendere \u00e8 sempre segno di speranza. Rendici, perci\u00f2, ministri dell&#8217;attesa. E il Signore che viene, vergine dell&#8217;Avvento, ci sorprenda, anche per la tua materna complicit\u00e0, con la lampada in mano.<\/em><em>\u00a0<\/em><\/p>\n<p><em>(don Tonino Bello)<\/em><\/p>\n<p>&nbsp;<\/p>\n<p>&nbsp;<\/p>\n<p><a href=\"https:\/\/www.diocesitn.it\/area-cultura\/wp-content\/uploads\/sites\/38\/2022\/10\/locandina-La-casa-del-pane.pdf\">locandina\u00a0<\/a><\/p>\n","protected":false},"excerpt":{"rendered":"<p>Torna la rassegna di cineforum organizzata dalla Biblioteca Diocesana Vigilianum, in collaborazione con l\u2019Associazione Noi Trento. Siamo nel tempo d\u2019Avvento, tempo dell&#8217;attesa che invita al silenzio nel frastuono e nel disorientamento. Tre film all\u2019insegna di<\/p>\n","protected":false},"author":165,"featured_media":9465,"comment_status":"closed","ping_status":"closed","sticky":false,"template":"","format":"standard","meta":{"footnotes":""},"categories":[331,329],"tags":[563,417,422],"class_list":["post-9456","post","type-post","status-publish","format-standard","has-post-thumbnail","hentry","category-servizio-biblioteca","category-notizie","tag-avvento","tag-biblioteca-vigilianum","tag-cineforum"],"acf":{"seed-localization-paese-cod":"IT","seed-localization-address":"","seed-localization-citta":"Trento","seed-localization-regione-cod-istat":"04","seed-localization-citta-cod-istat":"022205","seed-localization-localita":"","seed-localization-cap":"","seed-localization-marker-visibility":false,"seed-localization-children-visibility":false,"seed-localization-kml":"","seed-localization-custom-marker":""},"yoast_head":"<!-- This site is optimized with the Yoast SEO Premium plugin v20.2.1 (Yoast SEO v22.2) - https:\/\/yoast.com\/wordpress\/plugins\/seo\/ -->\n<title>Cineforum d\u2019Avvento - Cultura<\/title>\n<meta name=\"robots\" content=\"index, follow, max-snippet:-1, max-image-preview:large, max-video-preview:-1\" \/>\n<link rel=\"canonical\" href=\"https:\/\/www.diocesitn.it\/area-cultura\/2022\/10\/27\/cineforum-davvento\/\" \/>\n<meta property=\"og:locale\" content=\"it_IT\" \/>\n<meta property=\"og:type\" content=\"article\" \/>\n<meta property=\"og:title\" content=\"Cineforum d\u2019Avvento\" \/>\n<meta property=\"og:description\" content=\"Torna la rassegna di cineforum organizzata dalla Biblioteca Diocesana Vigilianum, in collaborazione con l\u2019Associazione Noi Trento. Siamo nel tempo d\u2019Avvento, tempo dell&#8217;attesa che invita al silenzio nel frastuono e nel disorientamento. Tre film all\u2019insegna di\" \/>\n<meta property=\"og:url\" content=\"https:\/\/www.diocesitn.it\/area-cultura\/2022\/10\/27\/cineforum-davvento\/\" \/>\n<meta property=\"og:site_name\" content=\"Cultura\" \/>\n<meta property=\"article:published_time\" content=\"2022-10-27T12:01:21+00:00\" \/>\n<meta property=\"article:modified_time\" content=\"2022-11-17T10:07:15+00:00\" \/>\n<meta property=\"og:image\" content=\"https:\/\/www.diocesitn.it\/area-cultura\/wp-content\/uploads\/sites\/38\/2021\/09\/og-logo-cultura.jpg\" \/>\n\t<meta property=\"og:image:width\" content=\"1200\" \/>\n\t<meta property=\"og:image:height\" content=\"630\" \/>\n\t<meta property=\"og:image:type\" content=\"image\/jpeg\" \/>\n<meta name=\"author\" content=\"ledine\" \/>\n<meta name=\"twitter:card\" content=\"summary_large_image\" \/>\n<meta name=\"twitter:label1\" content=\"Scritto da\" \/>\n\t<meta name=\"twitter:data1\" content=\"ledine\" \/>\n\t<meta name=\"twitter:label2\" content=\"Tempo di lettura stimato\" \/>\n\t<meta name=\"twitter:data2\" content=\"2 minuti\" \/>\n<script type=\"application\/ld+json\" class=\"yoast-schema-graph\">{\"@context\":\"https:\/\/schema.org\",\"@graph\":[{\"@type\":\"Article\",\"@id\":\"https:\/\/www.diocesitn.it\/area-cultura\/2022\/10\/27\/cineforum-davvento\/#article\",\"isPartOf\":{\"@id\":\"https:\/\/www.diocesitn.it\/area-cultura\/2022\/10\/27\/cineforum-davvento\/\"},\"author\":{\"name\":\"ledine\",\"@id\":\"https:\/\/www.diocesitn.it\/area-cultura\/#\/schema\/person\/93b7401db62b6f32d20347e997095e6c\"},\"headline\":\"Cineforum d\u2019Avvento\",\"datePublished\":\"2022-10-27T12:01:21+00:00\",\"dateModified\":\"2022-11-17T10:07:15+00:00\",\"mainEntityOfPage\":{\"@id\":\"https:\/\/www.diocesitn.it\/area-cultura\/2022\/10\/27\/cineforum-davvento\/\"},\"wordCount\":250,\"publisher\":{\"@id\":\"https:\/\/www.diocesitn.it\/area-cultura\/#organization\"},\"image\":{\"@id\":\"https:\/\/www.diocesitn.it\/area-cultura\/2022\/10\/27\/cineforum-davvento\/#primaryimage\"},\"thumbnailUrl\":\"https:\/\/www.diocesitn.it\/area-cultura\/wp-content\/uploads\/sites\/38\/2022\/10\/prova-copertina-2-pdf.jpg\",\"keywords\":[\"Avvento\",\"biblioteca Vigilianum\",\"cineforum\"],\"articleSection\":[\"Biblioteca diocesana Vigilianum\",\"Notizie\"],\"inLanguage\":\"it-IT\",\"copyrightYear\":\"2022\",\"copyrightHolder\":{\"@id\":\"https:\/\/www.diocesitn.it\/#organization\"}},{\"@type\":\"WebPage\",\"@id\":\"https:\/\/www.diocesitn.it\/area-cultura\/2022\/10\/27\/cineforum-davvento\/\",\"url\":\"https:\/\/www.diocesitn.it\/area-cultura\/2022\/10\/27\/cineforum-davvento\/\",\"name\":\"Cineforum d\u2019Avvento - Cultura\",\"isPartOf\":{\"@id\":\"https:\/\/www.diocesitn.it\/area-cultura\/#website\"},\"primaryImageOfPage\":{\"@id\":\"https:\/\/www.diocesitn.it\/area-cultura\/2022\/10\/27\/cineforum-davvento\/#primaryimage\"},\"image\":{\"@id\":\"https:\/\/www.diocesitn.it\/area-cultura\/2022\/10\/27\/cineforum-davvento\/#primaryimage\"},\"thumbnailUrl\":\"https:\/\/www.diocesitn.it\/area-cultura\/wp-content\/uploads\/sites\/38\/2022\/10\/prova-copertina-2-pdf.jpg\",\"datePublished\":\"2022-10-27T12:01:21+00:00\",\"dateModified\":\"2022-11-17T10:07:15+00:00\",\"breadcrumb\":{\"@id\":\"https:\/\/www.diocesitn.it\/area-cultura\/2022\/10\/27\/cineforum-davvento\/#breadcrumb\"},\"inLanguage\":\"it-IT\",\"potentialAction\":[{\"@type\":\"ReadAction\",\"target\":[\"https:\/\/www.diocesitn.it\/area-cultura\/2022\/10\/27\/cineforum-davvento\/\"]}]},{\"@type\":\"ImageObject\",\"inLanguage\":\"it-IT\",\"@id\":\"https:\/\/www.diocesitn.it\/area-cultura\/2022\/10\/27\/cineforum-davvento\/#primaryimage\",\"url\":\"https:\/\/www.diocesitn.it\/area-cultura\/wp-content\/uploads\/sites\/38\/2022\/10\/prova-copertina-2-pdf.jpg\",\"contentUrl\":\"https:\/\/www.diocesitn.it\/area-cultura\/wp-content\/uploads\/sites\/38\/2022\/10\/prova-copertina-2-pdf.jpg\"},{\"@type\":\"BreadcrumbList\",\"@id\":\"https:\/\/www.diocesitn.it\/area-cultura\/2022\/10\/27\/cineforum-davvento\/#breadcrumb\",\"itemListElement\":[{\"@type\":\"ListItem\",\"position\":1,\"name\":\"Home\",\"item\":\"https:\/\/www.diocesitn.it\/area-cultura\/\"},{\"@type\":\"ListItem\",\"position\":2,\"name\":\"Cineforum d\u2019Avvento\"}]},{\"@type\":\"WebSite\",\"@id\":\"https:\/\/www.diocesitn.it\/area-cultura\/#website\",\"url\":\"https:\/\/www.diocesitn.it\/area-cultura\/\",\"name\":\"Cultura\",\"description\":\"Chiesa di Trento\",\"publisher\":{\"@id\":\"https:\/\/www.diocesitn.it\/area-cultura\/#organization\"},\"potentialAction\":[{\"@type\":\"SearchAction\",\"target\":{\"@type\":\"EntryPoint\",\"urlTemplate\":\"https:\/\/www.diocesitn.it\/area-cultura\/?s={search_term_string}\"},\"query-input\":\"required name=search_term_string\"}],\"inLanguage\":\"it-IT\"},{\"@type\":[\"Organization\",\"Place\"],\"@id\":\"https:\/\/www.diocesitn.it\/area-cultura\/#organization\",\"name\":\"Area Cultura - Chiesa di Trento\",\"url\":\"https:\/\/www.diocesitn.it\/area-cultura\/\",\"logo\":{\"@id\":\"https:\/\/www.diocesitn.it\/area-cultura\/2022\/10\/27\/cineforum-davvento\/#local-main-organization-logo\"},\"image\":{\"@id\":\"https:\/\/www.diocesitn.it\/area-cultura\/2022\/10\/27\/cineforum-davvento\/#local-main-organization-logo\"},\"sameAs\":[\"https:\/\/www.youtube.com\/channel\/UCfWD2n-N6WTCg2P_UA72H6Q\"],\"openingHoursSpecification\":[{\"@type\":\"OpeningHoursSpecification\",\"dayOfWeek\":[\"Monday\",\"Tuesday\",\"Wednesday\",\"Thursday\",\"Friday\",\"Saturday\",\"Sunday\"],\"opens\":\"09:00\",\"closes\":\"17:00\"}]},{\"@type\":\"ImageObject\",\"inLanguage\":\"it-IT\",\"@id\":\"https:\/\/www.diocesitn.it\/area-cultura\/2022\/10\/27\/cineforum-davvento\/#local-main-organization-logo\",\"url\":\"https:\/\/www.diocesitn.it\/area-cultura\/wp-content\/uploads\/sites\/38\/2021\/09\/og-logo-cultura.jpg\",\"contentUrl\":\"https:\/\/www.diocesitn.it\/area-cultura\/wp-content\/uploads\/sites\/38\/2021\/09\/og-logo-cultura.jpg\",\"width\":1200,\"height\":630,\"caption\":\"Area Cultura - Chiesa di Trento\"}]}<\/script>\n<!-- \/ Yoast SEO Premium plugin. -->","yoast_head_json":{"title":"Cineforum d\u2019Avvento - Cultura","robots":{"index":"index","follow":"follow","max-snippet":"max-snippet:-1","max-image-preview":"max-image-preview:large","max-video-preview":"max-video-preview:-1"},"canonical":"https:\/\/www.diocesitn.it\/area-cultura\/2022\/10\/27\/cineforum-davvento\/","og_locale":"it_IT","og_type":"article","og_title":"Cineforum d\u2019Avvento","og_description":"Torna la rassegna di cineforum organizzata dalla Biblioteca Diocesana Vigilianum, in collaborazione con l\u2019Associazione Noi Trento. Siamo nel tempo d\u2019Avvento, tempo dell&#8217;attesa che invita al silenzio nel frastuono e nel disorientamento. Tre film all\u2019insegna di","og_url":"https:\/\/www.diocesitn.it\/area-cultura\/2022\/10\/27\/cineforum-davvento\/","og_site_name":"Cultura","article_published_time":"2022-10-27T12:01:21+00:00","article_modified_time":"2022-11-17T10:07:15+00:00","og_image":[{"width":1200,"height":630,"url":"https:\/\/www.diocesitn.it\/area-cultura\/wp-content\/uploads\/sites\/38\/2021\/09\/og-logo-cultura.jpg","type":"image\/jpeg"}],"author":"ledine","twitter_card":"summary_large_image","twitter_misc":{"Scritto da":"ledine","Tempo di lettura stimato":"2 minuti"},"schema":{"@context":"https:\/\/schema.org","@graph":[{"@type":"Article","@id":"https:\/\/www.diocesitn.it\/area-cultura\/2022\/10\/27\/cineforum-davvento\/#article","isPartOf":{"@id":"https:\/\/www.diocesitn.it\/area-cultura\/2022\/10\/27\/cineforum-davvento\/"},"author":{"name":"ledine","@id":"https:\/\/www.diocesitn.it\/area-cultura\/#\/schema\/person\/93b7401db62b6f32d20347e997095e6c"},"headline":"Cineforum d\u2019Avvento","datePublished":"2022-10-27T12:01:21+00:00","dateModified":"2022-11-17T10:07:15+00:00","mainEntityOfPage":{"@id":"https:\/\/www.diocesitn.it\/area-cultura\/2022\/10\/27\/cineforum-davvento\/"},"wordCount":250,"publisher":{"@id":"https:\/\/www.diocesitn.it\/area-cultura\/#organization"},"image":{"@id":"https:\/\/www.diocesitn.it\/area-cultura\/2022\/10\/27\/cineforum-davvento\/#primaryimage"},"thumbnailUrl":"https:\/\/www.diocesitn.it\/area-cultura\/wp-content\/uploads\/sites\/38\/2022\/10\/prova-copertina-2-pdf.jpg","keywords":["Avvento","biblioteca Vigilianum","cineforum"],"articleSection":["Biblioteca diocesana Vigilianum","Notizie"],"inLanguage":"it-IT","copyrightYear":"2022","copyrightHolder":{"@id":"https:\/\/www.diocesitn.it\/#organization"}},{"@type":"WebPage","@id":"https:\/\/www.diocesitn.it\/area-cultura\/2022\/10\/27\/cineforum-davvento\/","url":"https:\/\/www.diocesitn.it\/area-cultura\/2022\/10\/27\/cineforum-davvento\/","name":"Cineforum d\u2019Avvento - Cultura","isPartOf":{"@id":"https:\/\/www.diocesitn.it\/area-cultura\/#website"},"primaryImageOfPage":{"@id":"https:\/\/www.diocesitn.it\/area-cultura\/2022\/10\/27\/cineforum-davvento\/#primaryimage"},"image":{"@id":"https:\/\/www.diocesitn.it\/area-cultura\/2022\/10\/27\/cineforum-davvento\/#primaryimage"},"thumbnailUrl":"https:\/\/www.diocesitn.it\/area-cultura\/wp-content\/uploads\/sites\/38\/2022\/10\/prova-copertina-2-pdf.jpg","datePublished":"2022-10-27T12:01:21+00:00","dateModified":"2022-11-17T10:07:15+00:00","breadcrumb":{"@id":"https:\/\/www.diocesitn.it\/area-cultura\/2022\/10\/27\/cineforum-davvento\/#breadcrumb"},"inLanguage":"it-IT","potentialAction":[{"@type":"ReadAction","target":["https:\/\/www.diocesitn.it\/area-cultura\/2022\/10\/27\/cineforum-davvento\/"]}]},{"@type":"ImageObject","inLanguage":"it-IT","@id":"https:\/\/www.diocesitn.it\/area-cultura\/2022\/10\/27\/cineforum-davvento\/#primaryimage","url":"https:\/\/www.diocesitn.it\/area-cultura\/wp-content\/uploads\/sites\/38\/2022\/10\/prova-copertina-2-pdf.jpg","contentUrl":"https:\/\/www.diocesitn.it\/area-cultura\/wp-content\/uploads\/sites\/38\/2022\/10\/prova-copertina-2-pdf.jpg"},{"@type":"BreadcrumbList","@id":"https:\/\/www.diocesitn.it\/area-cultura\/2022\/10\/27\/cineforum-davvento\/#breadcrumb","itemListElement":[{"@type":"ListItem","position":1,"name":"Home","item":"https:\/\/www.diocesitn.it\/area-cultura\/"},{"@type":"ListItem","position":2,"name":"Cineforum d\u2019Avvento"}]},{"@type":"WebSite","@id":"https:\/\/www.diocesitn.it\/area-cultura\/#website","url":"https:\/\/www.diocesitn.it\/area-cultura\/","name":"Cultura","description":"Chiesa di Trento","publisher":{"@id":"https:\/\/www.diocesitn.it\/area-cultura\/#organization"},"potentialAction":[{"@type":"SearchAction","target":{"@type":"EntryPoint","urlTemplate":"https:\/\/www.diocesitn.it\/area-cultura\/?s={search_term_string}"},"query-input":"required name=search_term_string"}],"inLanguage":"it-IT"},{"@type":["Organization","Place"],"@id":"https:\/\/www.diocesitn.it\/area-cultura\/#organization","name":"Area Cultura - Chiesa di Trento","url":"https:\/\/www.diocesitn.it\/area-cultura\/","logo":{"@id":"https:\/\/www.diocesitn.it\/area-cultura\/2022\/10\/27\/cineforum-davvento\/#local-main-organization-logo"},"image":{"@id":"https:\/\/www.diocesitn.it\/area-cultura\/2022\/10\/27\/cineforum-davvento\/#local-main-organization-logo"},"sameAs":["https:\/\/www.youtube.com\/channel\/UCfWD2n-N6WTCg2P_UA72H6Q"],"openingHoursSpecification":[{"@type":"OpeningHoursSpecification","dayOfWeek":["Monday","Tuesday","Wednesday","Thursday","Friday","Saturday","Sunday"],"opens":"09:00","closes":"17:00"}]},{"@type":"ImageObject","inLanguage":"it-IT","@id":"https:\/\/www.diocesitn.it\/area-cultura\/2022\/10\/27\/cineforum-davvento\/#local-main-organization-logo","url":"https:\/\/www.diocesitn.it\/area-cultura\/wp-content\/uploads\/sites\/38\/2021\/09\/og-logo-cultura.jpg","contentUrl":"https:\/\/www.diocesitn.it\/area-cultura\/wp-content\/uploads\/sites\/38\/2021\/09\/og-logo-cultura.jpg","width":1200,"height":630,"caption":"Area Cultura - Chiesa di Trento"}]}},"_links":{"self":[{"href":"https:\/\/www.diocesitn.it\/area-cultura\/wp-json\/wp\/v2\/posts\/9456","targetHints":{"allow":["GET"]}}],"collection":[{"href":"https:\/\/www.diocesitn.it\/area-cultura\/wp-json\/wp\/v2\/posts"}],"about":[{"href":"https:\/\/www.diocesitn.it\/area-cultura\/wp-json\/wp\/v2\/types\/post"}],"author":[{"embeddable":true,"href":"https:\/\/www.diocesitn.it\/area-cultura\/wp-json\/wp\/v2\/users\/165"}],"replies":[{"embeddable":true,"href":"https:\/\/www.diocesitn.it\/area-cultura\/wp-json\/wp\/v2\/comments?post=9456"}],"version-history":[{"count":4,"href":"https:\/\/www.diocesitn.it\/area-cultura\/wp-json\/wp\/v2\/posts\/9456\/revisions"}],"predecessor-version":[{"id":9476,"href":"https:\/\/www.diocesitn.it\/area-cultura\/wp-json\/wp\/v2\/posts\/9456\/revisions\/9476"}],"wp:featuredmedia":[{"embeddable":true,"href":"https:\/\/www.diocesitn.it\/area-cultura\/wp-json\/wp\/v2\/media\/9465"}],"wp:attachment":[{"href":"https:\/\/www.diocesitn.it\/area-cultura\/wp-json\/wp\/v2\/media?parent=9456"}],"wp:term":[{"taxonomy":"category","embeddable":true,"href":"https:\/\/www.diocesitn.it\/area-cultura\/wp-json\/wp\/v2\/categories?post=9456"},{"taxonomy":"post_tag","embeddable":true,"href":"https:\/\/www.diocesitn.it\/area-cultura\/wp-json\/wp\/v2\/tags?post=9456"}],"curies":[{"name":"wp","href":"https:\/\/api.w.org\/{rel}","templated":true}]}}