{"id":9432,"date":"2022-10-26T09:09:55","date_gmt":"2022-10-26T07:09:55","guid":{"rendered":"https:\/\/www.diocesitn.it\/area-cultura\/?p=9432"},"modified":"2022-11-15T10:46:34","modified_gmt":"2022-11-15T09:46:34","slug":"a-tu-per-tu-con-lautore-il-10-novembre-solitudini","status":"publish","type":"post","link":"https:\/\/www.diocesitn.it\/area-cultura\/2022\/10\/26\/a-tu-per-tu-con-lautore-il-10-novembre-solitudini\/","title":{"rendered":"A tu per tu con l&#8217;Autore il 10 novembre: Solitudini"},"content":{"rendered":"<p>Secondo appuntamento con la rubrica online\u00a0<strong>A tu per tu con l\u2019Autore<\/strong>, in cui i docenti dell\u2019Istituto Superiore di Scienze Religiose \u201cRomano Guardini\u201d presentano le loro nuove opere, attraverso un dialogo stimolante con qualificati interlocutori.<\/p>\n<p>In questa puntata il prof.<strong>\u00a0Michele Dossi,<\/strong>\u00a0docente di\u00a0<em>Storia della filosofia contemporanea <\/em>e di <em>Metafisica<\/em> presso l\u2019ISSR di Trento nonch\u00e9 collaboratore del Centro di studi e ricerche \u201cAntonio Rosmini\u201d dell\u2019Universit\u00e0 di Trento, presenta il libro da lui curato\u00a0<strong>Solitudini<\/strong>, edito da Edizioni Messaggero Padova e Facolt\u00e0 Teologica del Triveneto nel giugno 2022.<\/p>\n<p>Il volume raccoglie le ricerche e le riflessioni intorno al tema della solitudine elaborate da vari docenti degli Istituti teologici di Trento. La solitudine \u00e8 per alcuni sofferenza, per altri sollievo; per alcuni \u00e8 malattia, per altri cura. Pu\u00f2 angosciare ma anche ispirare grandi pensieri.<\/p>\n<p>A dialogare con Michele Dossi su queste stimolanti e attuali tematiche saranno gli autori di due dei numerosi contributi contenuti nel volume: <strong>Ester Abbattista<\/strong> e <strong>Alberto Zanutto<\/strong>.<\/p>\n<p>Ester Abbattista insegna <em>Sacra Scrittura<\/em> e <em>Teologia biblica<\/em> a Roma negli Atenei Sant\u2019Anselmo Marianum e Regina Apostolorum e negli ISSR di Trento e Bolzano.<\/p>\n<p>Alberto Zanutto insegna <em>Sociologia del lavoro<\/em> presso L\u2019Universit\u00e0 di Verona e <em>Sociologia<\/em> presso l\u2019ISSR di Trento.<\/p>\n<p>L\u2019incontro si terr\u00e0\u00a0<strong>gioved\u00ec 10 novembre alle ore 18 e si svolger\u00e0 in modalit\u00e0 on-line<\/strong>\u00a0attraverso la piattaforma Zoom.<\/p>\n<p>Per partecipare cliccare sul link\u00a0<a href=\"https:\/\/us06web.zoom.us\/j\/85417321161\">https:\/\/us06web.zoom.us\/j\/85417321161<\/a><br \/>\nID riunione:\u00a0<strong>854 1732 1161<\/strong><br \/>\nPasscode:\u00a0<strong>bib2022<\/strong><\/p>\n<p>L\u2019incontro sar\u00e0 registrato e postato sul canale YouTube della Diocesi<\/p>\n<p>Il volume \u00e8 disponibile per il prestito e la consultazione presso la biblioteca.<\/p>\n<p><a href=\"https:\/\/www.diocesitn.it\/area-cultura\/wp-content\/uploads\/sites\/38\/2022\/10\/A-tu-per-tu-Dossi.jpg\">Locandina<\/a> dell&#8217;incontro<\/p>\n","protected":false},"excerpt":{"rendered":"<p>Secondo appuntamento con la rubrica online\u00a0A tu per tu con l\u2019Autore, in cui i docenti dell\u2019Istituto Superiore di Scienze Religiose \u201cRomano Guardini\u201d presentano le loro nuove opere, attraverso un dialogo stimolante con qualificati interlocutori. In<\/p>\n","protected":false},"author":165,"featured_media":9437,"comment_status":"closed","ping_status":"closed","sticky":false,"template":"","format":"standard","meta":{"footnotes":""},"categories":[331,329],"tags":[436,417,381,498,493],"class_list":["post-9432","post","type-post","status-publish","format-standard","has-post-thumbnail","hentry","category-servizio-biblioteca","category-notizie","tag-alberto-zanutto","tag-biblioteca-vigilianum","tag-ester-abbattista","tag-michele-dossi","tag-presentazione-libro"],"acf":{"seed-localization-paese-cod":"IT","seed-localization-address":"","seed-localization-citta":"Trento","seed-localization-regione-cod-istat":"04","seed-localization-citta-cod-istat":"022205","seed-localization-localita":"","seed-localization-cap":"","seed-localization-marker-visibility":false,"seed-localization-children-visibility":false,"seed-localization-kml":"","seed-localization-custom-marker":""},"yoast_head":"<!-- This site is optimized with the Yoast SEO Premium plugin v20.2.1 (Yoast SEO v22.2) - https:\/\/yoast.com\/wordpress\/plugins\/seo\/ -->\n<title>A tu per tu con l&#039;Autore il 10 novembre: Solitudini - Cultura<\/title>\n<meta name=\"robots\" content=\"index, follow, max-snippet:-1, max-image-preview:large, max-video-preview:-1\" \/>\n<link rel=\"canonical\" href=\"https:\/\/www.diocesitn.it\/area-cultura\/2022\/10\/26\/a-tu-per-tu-con-lautore-il-10-novembre-solitudini\/\" \/>\n<meta property=\"og:locale\" content=\"it_IT\" \/>\n<meta property=\"og:type\" content=\"article\" \/>\n<meta property=\"og:title\" content=\"A tu per tu con l&#039;Autore il 10 novembre: Solitudini\" \/>\n<meta property=\"og:description\" content=\"Secondo appuntamento con la rubrica online\u00a0A tu per tu con l\u2019Autore, in cui i docenti dell\u2019Istituto Superiore di Scienze Religiose \u201cRomano Guardini\u201d presentano le loro nuove opere, attraverso un dialogo stimolante con qualificati interlocutori. In\" \/>\n<meta property=\"og:url\" content=\"https:\/\/www.diocesitn.it\/area-cultura\/2022\/10\/26\/a-tu-per-tu-con-lautore-il-10-novembre-solitudini\/\" \/>\n<meta property=\"og:site_name\" content=\"Cultura\" \/>\n<meta property=\"article:published_time\" content=\"2022-10-26T07:09:55+00:00\" \/>\n<meta property=\"article:modified_time\" content=\"2022-11-15T09:46:34+00:00\" \/>\n<meta property=\"og:image\" content=\"https:\/\/www.diocesitn.it\/area-cultura\/wp-content\/uploads\/sites\/38\/2021\/09\/og-logo-cultura.jpg\" \/>\n\t<meta property=\"og:image:width\" content=\"1200\" \/>\n\t<meta property=\"og:image:height\" content=\"630\" \/>\n\t<meta property=\"og:image:type\" content=\"image\/jpeg\" \/>\n<meta name=\"author\" content=\"ledine\" \/>\n<meta name=\"twitter:card\" content=\"summary_large_image\" \/>\n<meta name=\"twitter:label1\" content=\"Scritto da\" \/>\n\t<meta name=\"twitter:data1\" content=\"ledine\" \/>\n\t<meta name=\"twitter:label2\" content=\"Tempo di lettura stimato\" \/>\n\t<meta name=\"twitter:data2\" content=\"2 minuti\" \/>\n<script type=\"application\/ld+json\" class=\"yoast-schema-graph\">{\"@context\":\"https:\/\/schema.org\",\"@graph\":[{\"@type\":\"Article\",\"@id\":\"https:\/\/www.diocesitn.it\/area-cultura\/2022\/10\/26\/a-tu-per-tu-con-lautore-il-10-novembre-solitudini\/#article\",\"isPartOf\":{\"@id\":\"https:\/\/www.diocesitn.it\/area-cultura\/2022\/10\/26\/a-tu-per-tu-con-lautore-il-10-novembre-solitudini\/\"},\"author\":{\"name\":\"ledine\",\"@id\":\"https:\/\/www.diocesitn.it\/area-cultura\/#\/schema\/person\/93b7401db62b6f32d20347e997095e6c\"},\"headline\":\"A tu per tu con l&#8217;Autore il 10 novembre: Solitudini\",\"datePublished\":\"2022-10-26T07:09:55+00:00\",\"dateModified\":\"2022-11-15T09:46:34+00:00\",\"mainEntityOfPage\":{\"@id\":\"https:\/\/www.diocesitn.it\/area-cultura\/2022\/10\/26\/a-tu-per-tu-con-lautore-il-10-novembre-solitudini\/\"},\"wordCount\":271,\"publisher\":{\"@id\":\"https:\/\/www.diocesitn.it\/area-cultura\/#organization\"},\"image\":{\"@id\":\"https:\/\/www.diocesitn.it\/area-cultura\/2022\/10\/26\/a-tu-per-tu-con-lautore-il-10-novembre-solitudini\/#primaryimage\"},\"thumbnailUrl\":\"https:\/\/www.diocesitn.it\/area-cultura\/wp-content\/uploads\/sites\/38\/2022\/10\/immagine-per-sito-pdf.jpg\",\"keywords\":[\"Alberto Zanutto\",\"biblioteca Vigilianum\",\"Ester Abbattista\",\"Michele Dossi\",\"presentazione libro\"],\"articleSection\":[\"Biblioteca diocesana Vigilianum\",\"Notizie\"],\"inLanguage\":\"it-IT\",\"copyrightYear\":\"2022\",\"copyrightHolder\":{\"@id\":\"https:\/\/www.diocesitn.it\/#organization\"}},{\"@type\":\"WebPage\",\"@id\":\"https:\/\/www.diocesitn.it\/area-cultura\/2022\/10\/26\/a-tu-per-tu-con-lautore-il-10-novembre-solitudini\/\",\"url\":\"https:\/\/www.diocesitn.it\/area-cultura\/2022\/10\/26\/a-tu-per-tu-con-lautore-il-10-novembre-solitudini\/\",\"name\":\"A tu per tu con l'Autore il 10 novembre: Solitudini - Cultura\",\"isPartOf\":{\"@id\":\"https:\/\/www.diocesitn.it\/area-cultura\/#website\"},\"primaryImageOfPage\":{\"@id\":\"https:\/\/www.diocesitn.it\/area-cultura\/2022\/10\/26\/a-tu-per-tu-con-lautore-il-10-novembre-solitudini\/#primaryimage\"},\"image\":{\"@id\":\"https:\/\/www.diocesitn.it\/area-cultura\/2022\/10\/26\/a-tu-per-tu-con-lautore-il-10-novembre-solitudini\/#primaryimage\"},\"thumbnailUrl\":\"https:\/\/www.diocesitn.it\/area-cultura\/wp-content\/uploads\/sites\/38\/2022\/10\/immagine-per-sito-pdf.jpg\",\"datePublished\":\"2022-10-26T07:09:55+00:00\",\"dateModified\":\"2022-11-15T09:46:34+00:00\",\"breadcrumb\":{\"@id\":\"https:\/\/www.diocesitn.it\/area-cultura\/2022\/10\/26\/a-tu-per-tu-con-lautore-il-10-novembre-solitudini\/#breadcrumb\"},\"inLanguage\":\"it-IT\",\"potentialAction\":[{\"@type\":\"ReadAction\",\"target\":[\"https:\/\/www.diocesitn.it\/area-cultura\/2022\/10\/26\/a-tu-per-tu-con-lautore-il-10-novembre-solitudini\/\"]}]},{\"@type\":\"ImageObject\",\"inLanguage\":\"it-IT\",\"@id\":\"https:\/\/www.diocesitn.it\/area-cultura\/2022\/10\/26\/a-tu-per-tu-con-lautore-il-10-novembre-solitudini\/#primaryimage\",\"url\":\"https:\/\/www.diocesitn.it\/area-cultura\/wp-content\/uploads\/sites\/38\/2022\/10\/immagine-per-sito-pdf.jpg\",\"contentUrl\":\"https:\/\/www.diocesitn.it\/area-cultura\/wp-content\/uploads\/sites\/38\/2022\/10\/immagine-per-sito-pdf.jpg\"},{\"@type\":\"BreadcrumbList\",\"@id\":\"https:\/\/www.diocesitn.it\/area-cultura\/2022\/10\/26\/a-tu-per-tu-con-lautore-il-10-novembre-solitudini\/#breadcrumb\",\"itemListElement\":[{\"@type\":\"ListItem\",\"position\":1,\"name\":\"Home\",\"item\":\"https:\/\/www.diocesitn.it\/area-cultura\/\"},{\"@type\":\"ListItem\",\"position\":2,\"name\":\"A tu per tu con l&#8217;Autore il 10 novembre: Solitudini\"}]},{\"@type\":\"WebSite\",\"@id\":\"https:\/\/www.diocesitn.it\/area-cultura\/#website\",\"url\":\"https:\/\/www.diocesitn.it\/area-cultura\/\",\"name\":\"Cultura\",\"description\":\"Chiesa di Trento\",\"publisher\":{\"@id\":\"https:\/\/www.diocesitn.it\/area-cultura\/#organization\"},\"potentialAction\":[{\"@type\":\"SearchAction\",\"target\":{\"@type\":\"EntryPoint\",\"urlTemplate\":\"https:\/\/www.diocesitn.it\/area-cultura\/?s={search_term_string}\"},\"query-input\":\"required name=search_term_string\"}],\"inLanguage\":\"it-IT\"},{\"@type\":[\"Organization\",\"Place\"],\"@id\":\"https:\/\/www.diocesitn.it\/area-cultura\/#organization\",\"name\":\"Area Cultura - Chiesa di Trento\",\"url\":\"https:\/\/www.diocesitn.it\/area-cultura\/\",\"logo\":{\"@id\":\"https:\/\/www.diocesitn.it\/area-cultura\/2022\/10\/26\/a-tu-per-tu-con-lautore-il-10-novembre-solitudini\/#local-main-organization-logo\"},\"image\":{\"@id\":\"https:\/\/www.diocesitn.it\/area-cultura\/2022\/10\/26\/a-tu-per-tu-con-lautore-il-10-novembre-solitudini\/#local-main-organization-logo\"},\"sameAs\":[\"https:\/\/www.youtube.com\/channel\/UCfWD2n-N6WTCg2P_UA72H6Q\"],\"openingHoursSpecification\":[{\"@type\":\"OpeningHoursSpecification\",\"dayOfWeek\":[\"Monday\",\"Tuesday\",\"Wednesday\",\"Thursday\",\"Friday\",\"Saturday\",\"Sunday\"],\"opens\":\"09:00\",\"closes\":\"17:00\"}]},{\"@type\":\"ImageObject\",\"inLanguage\":\"it-IT\",\"@id\":\"https:\/\/www.diocesitn.it\/area-cultura\/2022\/10\/26\/a-tu-per-tu-con-lautore-il-10-novembre-solitudini\/#local-main-organization-logo\",\"url\":\"https:\/\/www.diocesitn.it\/area-cultura\/wp-content\/uploads\/sites\/38\/2021\/09\/og-logo-cultura.jpg\",\"contentUrl\":\"https:\/\/www.diocesitn.it\/area-cultura\/wp-content\/uploads\/sites\/38\/2021\/09\/og-logo-cultura.jpg\",\"width\":1200,\"height\":630,\"caption\":\"Area Cultura - Chiesa di Trento\"}]}<\/script>\n<!-- \/ Yoast SEO Premium plugin. -->","yoast_head_json":{"title":"A tu per tu con l'Autore il 10 novembre: Solitudini - Cultura","robots":{"index":"index","follow":"follow","max-snippet":"max-snippet:-1","max-image-preview":"max-image-preview:large","max-video-preview":"max-video-preview:-1"},"canonical":"https:\/\/www.diocesitn.it\/area-cultura\/2022\/10\/26\/a-tu-per-tu-con-lautore-il-10-novembre-solitudini\/","og_locale":"it_IT","og_type":"article","og_title":"A tu per tu con l'Autore il 10 novembre: Solitudini","og_description":"Secondo appuntamento con la rubrica online\u00a0A tu per tu con l\u2019Autore, in cui i docenti dell\u2019Istituto Superiore di Scienze Religiose \u201cRomano Guardini\u201d presentano le loro nuove opere, attraverso un dialogo stimolante con qualificati interlocutori. In","og_url":"https:\/\/www.diocesitn.it\/area-cultura\/2022\/10\/26\/a-tu-per-tu-con-lautore-il-10-novembre-solitudini\/","og_site_name":"Cultura","article_published_time":"2022-10-26T07:09:55+00:00","article_modified_time":"2022-11-15T09:46:34+00:00","og_image":[{"width":1200,"height":630,"url":"https:\/\/www.diocesitn.it\/area-cultura\/wp-content\/uploads\/sites\/38\/2021\/09\/og-logo-cultura.jpg","type":"image\/jpeg"}],"author":"ledine","twitter_card":"summary_large_image","twitter_misc":{"Scritto da":"ledine","Tempo di lettura stimato":"2 minuti"},"schema":{"@context":"https:\/\/schema.org","@graph":[{"@type":"Article","@id":"https:\/\/www.diocesitn.it\/area-cultura\/2022\/10\/26\/a-tu-per-tu-con-lautore-il-10-novembre-solitudini\/#article","isPartOf":{"@id":"https:\/\/www.diocesitn.it\/area-cultura\/2022\/10\/26\/a-tu-per-tu-con-lautore-il-10-novembre-solitudini\/"},"author":{"name":"ledine","@id":"https:\/\/www.diocesitn.it\/area-cultura\/#\/schema\/person\/93b7401db62b6f32d20347e997095e6c"},"headline":"A tu per tu con l&#8217;Autore il 10 novembre: Solitudini","datePublished":"2022-10-26T07:09:55+00:00","dateModified":"2022-11-15T09:46:34+00:00","mainEntityOfPage":{"@id":"https:\/\/www.diocesitn.it\/area-cultura\/2022\/10\/26\/a-tu-per-tu-con-lautore-il-10-novembre-solitudini\/"},"wordCount":271,"publisher":{"@id":"https:\/\/www.diocesitn.it\/area-cultura\/#organization"},"image":{"@id":"https:\/\/www.diocesitn.it\/area-cultura\/2022\/10\/26\/a-tu-per-tu-con-lautore-il-10-novembre-solitudini\/#primaryimage"},"thumbnailUrl":"https:\/\/www.diocesitn.it\/area-cultura\/wp-content\/uploads\/sites\/38\/2022\/10\/immagine-per-sito-pdf.jpg","keywords":["Alberto Zanutto","biblioteca Vigilianum","Ester Abbattista","Michele Dossi","presentazione libro"],"articleSection":["Biblioteca diocesana Vigilianum","Notizie"],"inLanguage":"it-IT","copyrightYear":"2022","copyrightHolder":{"@id":"https:\/\/www.diocesitn.it\/#organization"}},{"@type":"WebPage","@id":"https:\/\/www.diocesitn.it\/area-cultura\/2022\/10\/26\/a-tu-per-tu-con-lautore-il-10-novembre-solitudini\/","url":"https:\/\/www.diocesitn.it\/area-cultura\/2022\/10\/26\/a-tu-per-tu-con-lautore-il-10-novembre-solitudini\/","name":"A tu per tu con l'Autore il 10 novembre: Solitudini - Cultura","isPartOf":{"@id":"https:\/\/www.diocesitn.it\/area-cultura\/#website"},"primaryImageOfPage":{"@id":"https:\/\/www.diocesitn.it\/area-cultura\/2022\/10\/26\/a-tu-per-tu-con-lautore-il-10-novembre-solitudini\/#primaryimage"},"image":{"@id":"https:\/\/www.diocesitn.it\/area-cultura\/2022\/10\/26\/a-tu-per-tu-con-lautore-il-10-novembre-solitudini\/#primaryimage"},"thumbnailUrl":"https:\/\/www.diocesitn.it\/area-cultura\/wp-content\/uploads\/sites\/38\/2022\/10\/immagine-per-sito-pdf.jpg","datePublished":"2022-10-26T07:09:55+00:00","dateModified":"2022-11-15T09:46:34+00:00","breadcrumb":{"@id":"https:\/\/www.diocesitn.it\/area-cultura\/2022\/10\/26\/a-tu-per-tu-con-lautore-il-10-novembre-solitudini\/#breadcrumb"},"inLanguage":"it-IT","potentialAction":[{"@type":"ReadAction","target":["https:\/\/www.diocesitn.it\/area-cultura\/2022\/10\/26\/a-tu-per-tu-con-lautore-il-10-novembre-solitudini\/"]}]},{"@type":"ImageObject","inLanguage":"it-IT","@id":"https:\/\/www.diocesitn.it\/area-cultura\/2022\/10\/26\/a-tu-per-tu-con-lautore-il-10-novembre-solitudini\/#primaryimage","url":"https:\/\/www.diocesitn.it\/area-cultura\/wp-content\/uploads\/sites\/38\/2022\/10\/immagine-per-sito-pdf.jpg","contentUrl":"https:\/\/www.diocesitn.it\/area-cultura\/wp-content\/uploads\/sites\/38\/2022\/10\/immagine-per-sito-pdf.jpg"},{"@type":"BreadcrumbList","@id":"https:\/\/www.diocesitn.it\/area-cultura\/2022\/10\/26\/a-tu-per-tu-con-lautore-il-10-novembre-solitudini\/#breadcrumb","itemListElement":[{"@type":"ListItem","position":1,"name":"Home","item":"https:\/\/www.diocesitn.it\/area-cultura\/"},{"@type":"ListItem","position":2,"name":"A tu per tu con l&#8217;Autore il 10 novembre: Solitudini"}]},{"@type":"WebSite","@id":"https:\/\/www.diocesitn.it\/area-cultura\/#website","url":"https:\/\/www.diocesitn.it\/area-cultura\/","name":"Cultura","description":"Chiesa di Trento","publisher":{"@id":"https:\/\/www.diocesitn.it\/area-cultura\/#organization"},"potentialAction":[{"@type":"SearchAction","target":{"@type":"EntryPoint","urlTemplate":"https:\/\/www.diocesitn.it\/area-cultura\/?s={search_term_string}"},"query-input":"required name=search_term_string"}],"inLanguage":"it-IT"},{"@type":["Organization","Place"],"@id":"https:\/\/www.diocesitn.it\/area-cultura\/#organization","name":"Area Cultura - Chiesa di Trento","url":"https:\/\/www.diocesitn.it\/area-cultura\/","logo":{"@id":"https:\/\/www.diocesitn.it\/area-cultura\/2022\/10\/26\/a-tu-per-tu-con-lautore-il-10-novembre-solitudini\/#local-main-organization-logo"},"image":{"@id":"https:\/\/www.diocesitn.it\/area-cultura\/2022\/10\/26\/a-tu-per-tu-con-lautore-il-10-novembre-solitudini\/#local-main-organization-logo"},"sameAs":["https:\/\/www.youtube.com\/channel\/UCfWD2n-N6WTCg2P_UA72H6Q"],"openingHoursSpecification":[{"@type":"OpeningHoursSpecification","dayOfWeek":["Monday","Tuesday","Wednesday","Thursday","Friday","Saturday","Sunday"],"opens":"09:00","closes":"17:00"}]},{"@type":"ImageObject","inLanguage":"it-IT","@id":"https:\/\/www.diocesitn.it\/area-cultura\/2022\/10\/26\/a-tu-per-tu-con-lautore-il-10-novembre-solitudini\/#local-main-organization-logo","url":"https:\/\/www.diocesitn.it\/area-cultura\/wp-content\/uploads\/sites\/38\/2021\/09\/og-logo-cultura.jpg","contentUrl":"https:\/\/www.diocesitn.it\/area-cultura\/wp-content\/uploads\/sites\/38\/2021\/09\/og-logo-cultura.jpg","width":1200,"height":630,"caption":"Area Cultura - Chiesa di Trento"}]}},"_links":{"self":[{"href":"https:\/\/www.diocesitn.it\/area-cultura\/wp-json\/wp\/v2\/posts\/9432","targetHints":{"allow":["GET"]}}],"collection":[{"href":"https:\/\/www.diocesitn.it\/area-cultura\/wp-json\/wp\/v2\/posts"}],"about":[{"href":"https:\/\/www.diocesitn.it\/area-cultura\/wp-json\/wp\/v2\/types\/post"}],"author":[{"embeddable":true,"href":"https:\/\/www.diocesitn.it\/area-cultura\/wp-json\/wp\/v2\/users\/165"}],"replies":[{"embeddable":true,"href":"https:\/\/www.diocesitn.it\/area-cultura\/wp-json\/wp\/v2\/comments?post=9432"}],"version-history":[{"count":3,"href":"https:\/\/www.diocesitn.it\/area-cultura\/wp-json\/wp\/v2\/posts\/9432\/revisions"}],"predecessor-version":[{"id":9474,"href":"https:\/\/www.diocesitn.it\/area-cultura\/wp-json\/wp\/v2\/posts\/9432\/revisions\/9474"}],"wp:featuredmedia":[{"embeddable":true,"href":"https:\/\/www.diocesitn.it\/area-cultura\/wp-json\/wp\/v2\/media\/9437"}],"wp:attachment":[{"href":"https:\/\/www.diocesitn.it\/area-cultura\/wp-json\/wp\/v2\/media?parent=9432"}],"wp:term":[{"taxonomy":"category","embeddable":true,"href":"https:\/\/www.diocesitn.it\/area-cultura\/wp-json\/wp\/v2\/categories?post=9432"},{"taxonomy":"post_tag","embeddable":true,"href":"https:\/\/www.diocesitn.it\/area-cultura\/wp-json\/wp\/v2\/tags?post=9432"}],"curies":[{"name":"wp","href":"https:\/\/api.w.org\/{rel}","templated":true}]}}