{"id":9125,"date":"2022-10-07T17:40:07","date_gmt":"2022-10-07T15:40:07","guid":{"rendered":"https:\/\/www.diocesitn.it\/area-cultura\/?p=9125"},"modified":"2022-10-20T14:03:46","modified_gmt":"2022-10-20T12:03:46","slug":"riparte-la-proposta-della-biblioteca-a-tu-per-tu-con-lautore","status":"publish","type":"post","link":"https:\/\/www.diocesitn.it\/area-cultura\/2022\/10\/07\/riparte-la-proposta-della-biblioteca-a-tu-per-tu-con-lautore\/","title":{"rendered":"Riparte la proposta della Biblioteca: A tu per tu con l&#8217;Autore"},"content":{"rendered":"<p>Ritorna la rubrica <strong>A tu per tu con l\u2019Autore<\/strong>, in cui i docenti dell\u2019Istituto Superiore di Scienze Religiose &#8220;Romano Guardini&#8221; presentano le loro nuove opere, attraverso un confronto stimolante con qualificati interlocutori.<\/p>\n<p>In questa puntata il prof.<strong> Ernesto Borghi,<\/strong> docente di <em>Introduzione alla Sacra Scrittura<\/em> presso l\u2019ISSR Romano Guardini di Trento e di <em>Sacra scrittura<\/em> presso la Pontificia Facolt\u00e0 Teologica dell\u2019Italia Meridionale di Napoli presenta il suo libro <strong>La giustizia dell\u2019amore. Matteo 5-7 e Luca 6.11 tra esegesi ed ermeneutica<\/strong>, edito da Effat\u00e0 nel 2021.<\/p>\n<p>A dialogare con lui sar\u00e0 la dott.ssa Muriel Pusterla, dottoranda in Scienze Religiose alla Facolta\u0300 di Teologia di Lugano e docente di religione presso l\u2019Istituto Carlo Cattaneo di Milano, dove cura progetti di didattica interculturale e interdisciplinare della religione.<\/p>\n<p>L\u2019incontro si terr\u00e0 <strong>mercoled\u00ec 19 ottobre alle ore 18 e si svolger\u00e0 in modalit\u00e0 on-line<\/strong> attraverso la piattaforma Zoom.<\/p>\n<p>Per partecipare cliccare sul link <a href=\"https:\/\/us06web.zoom.us\/j\/85417321161\">https:\/\/us06web.zoom.us\/j\/85417321161<\/a><br \/>\nID riunione: <strong>854 1732 1161<\/strong><br \/>\nPasscode: <strong>bib2022<\/strong><\/p>\n<p>L\u2019accesso in diretta on-line \u00e8 previsto fino a 100 persone<br \/>\nL&#8217;incontro sar\u00e0 registrato e postato sul canale YouTube della Diocesi<\/p>\n<p>Il volume sar\u00e0 disponibile per il prestito e la consultazione presso la biblioteca.<\/p>\n<h6><a href=\"https:\/\/www.diocesitn.it\/area-cultura\/wp-content\/uploads\/sites\/38\/2022\/10\/A-tu-per-tu-Borghi-nuovo.jpg\">locandina<\/a><\/h6>\n","protected":false},"excerpt":{"rendered":"<p>Ritorna la rubrica A tu per tu con l\u2019Autore, in cui i docenti dell\u2019Istituto Superiore di Scienze Religiose &#8220;Romano Guardini&#8221; presentano le loro nuove opere, attraverso un confronto stimolante con qualificati interlocutori. In questa puntata<\/p>\n","protected":false},"author":9,"featured_media":9263,"comment_status":"closed","ping_status":"closed","sticky":false,"template":"","format":"standard","meta":{"footnotes":""},"categories":[331,329],"tags":[],"class_list":["post-9125","post","type-post","status-publish","format-standard","has-post-thumbnail","hentry","category-servizio-biblioteca","category-notizie"],"acf":{"seed-localization-paese-cod":"IT","seed-localization-address":"","seed-localization-citta":"Trento","seed-localization-regione-cod-istat":"04","seed-localization-citta-cod-istat":"022205","seed-localization-localita":"","seed-localization-cap":"","seed-localization-marker-visibility":false,"seed-localization-children-visibility":false,"seed-localization-kml":"","seed-localization-custom-marker":""},"yoast_head":"<!-- This site is optimized with the Yoast SEO Premium plugin v20.2.1 (Yoast SEO v22.2) - https:\/\/yoast.com\/wordpress\/plugins\/seo\/ -->\n<title>Riparte la proposta della Biblioteca: A tu per tu con l&#039;Autore - Cultura<\/title>\n<meta name=\"robots\" content=\"index, follow, max-snippet:-1, max-image-preview:large, max-video-preview:-1\" \/>\n<link rel=\"canonical\" href=\"https:\/\/www.diocesitn.it\/area-cultura\/2022\/10\/07\/riparte-la-proposta-della-biblioteca-a-tu-per-tu-con-lautore\/\" \/>\n<meta property=\"og:locale\" content=\"it_IT\" \/>\n<meta property=\"og:type\" content=\"article\" \/>\n<meta property=\"og:title\" content=\"Riparte la proposta della Biblioteca: A tu per tu con l&#039;Autore\" \/>\n<meta property=\"og:description\" content=\"Ritorna la rubrica A tu per tu con l\u2019Autore, in cui i docenti dell\u2019Istituto Superiore di Scienze Religiose &#8220;Romano Guardini&#8221; presentano le loro nuove opere, attraverso un confronto stimolante con qualificati interlocutori. In questa puntata\" \/>\n<meta property=\"og:url\" content=\"https:\/\/www.diocesitn.it\/area-cultura\/2022\/10\/07\/riparte-la-proposta-della-biblioteca-a-tu-per-tu-con-lautore\/\" \/>\n<meta property=\"og:site_name\" content=\"Cultura\" \/>\n<meta property=\"article:published_time\" content=\"2022-10-07T15:40:07+00:00\" \/>\n<meta property=\"article:modified_time\" content=\"2022-10-20T12:03:46+00:00\" \/>\n<meta property=\"og:image\" content=\"https:\/\/www.diocesitn.it\/area-cultura\/wp-content\/uploads\/sites\/38\/2022\/10\/A-tu-per-tu-Borghi-1-scaled.jpg\" \/>\n\t<meta property=\"og:image:width\" content=\"2560\" \/>\n\t<meta property=\"og:image:height\" content=\"1815\" \/>\n\t<meta property=\"og:image:type\" content=\"image\/jpeg\" \/>\n<meta name=\"author\" content=\"msignorati\" \/>\n<meta name=\"twitter:card\" content=\"summary_large_image\" \/>\n<meta name=\"twitter:label1\" content=\"Scritto da\" \/>\n\t<meta name=\"twitter:data1\" content=\"msignorati\" \/>\n\t<meta name=\"twitter:label2\" content=\"Tempo di lettura stimato\" \/>\n\t<meta name=\"twitter:data2\" content=\"2 minuti\" \/>\n<script type=\"application\/ld+json\" class=\"yoast-schema-graph\">{\"@context\":\"https:\/\/schema.org\",\"@graph\":[{\"@type\":\"Article\",\"@id\":\"https:\/\/www.diocesitn.it\/area-cultura\/2022\/10\/07\/riparte-la-proposta-della-biblioteca-a-tu-per-tu-con-lautore\/#article\",\"isPartOf\":{\"@id\":\"https:\/\/www.diocesitn.it\/area-cultura\/2022\/10\/07\/riparte-la-proposta-della-biblioteca-a-tu-per-tu-con-lautore\/\"},\"author\":{\"name\":\"msignorati\",\"@id\":\"https:\/\/www.diocesitn.it\/area-cultura\/#\/schema\/person\/53a7aea655a4af1e888601137ff67146\"},\"headline\":\"Riparte la proposta della Biblioteca: A tu per tu con l&#8217;Autore\",\"datePublished\":\"2022-10-07T15:40:07+00:00\",\"dateModified\":\"2022-10-20T12:03:46+00:00\",\"mainEntityOfPage\":{\"@id\":\"https:\/\/www.diocesitn.it\/area-cultura\/2022\/10\/07\/riparte-la-proposta-della-biblioteca-a-tu-per-tu-con-lautore\/\"},\"wordCount\":206,\"publisher\":{\"@id\":\"https:\/\/www.diocesitn.it\/area-cultura\/#organization\"},\"image\":{\"@id\":\"https:\/\/www.diocesitn.it\/area-cultura\/2022\/10\/07\/riparte-la-proposta-della-biblioteca-a-tu-per-tu-con-lautore\/#primaryimage\"},\"thumbnailUrl\":\"https:\/\/www.diocesitn.it\/area-cultura\/wp-content\/uploads\/sites\/38\/2022\/10\/A-tu-per-tu-Borghi-1-scaled.jpg\",\"articleSection\":[\"Biblioteca diocesana Vigilianum\",\"Notizie\"],\"inLanguage\":\"it-IT\",\"copyrightYear\":\"2022\",\"copyrightHolder\":{\"@id\":\"https:\/\/www.diocesitn.it\/#organization\"}},{\"@type\":\"WebPage\",\"@id\":\"https:\/\/www.diocesitn.it\/area-cultura\/2022\/10\/07\/riparte-la-proposta-della-biblioteca-a-tu-per-tu-con-lautore\/\",\"url\":\"https:\/\/www.diocesitn.it\/area-cultura\/2022\/10\/07\/riparte-la-proposta-della-biblioteca-a-tu-per-tu-con-lautore\/\",\"name\":\"Riparte la proposta della Biblioteca: A tu per tu con l'Autore - Cultura\",\"isPartOf\":{\"@id\":\"https:\/\/www.diocesitn.it\/area-cultura\/#website\"},\"primaryImageOfPage\":{\"@id\":\"https:\/\/www.diocesitn.it\/area-cultura\/2022\/10\/07\/riparte-la-proposta-della-biblioteca-a-tu-per-tu-con-lautore\/#primaryimage\"},\"image\":{\"@id\":\"https:\/\/www.diocesitn.it\/area-cultura\/2022\/10\/07\/riparte-la-proposta-della-biblioteca-a-tu-per-tu-con-lautore\/#primaryimage\"},\"thumbnailUrl\":\"https:\/\/www.diocesitn.it\/area-cultura\/wp-content\/uploads\/sites\/38\/2022\/10\/A-tu-per-tu-Borghi-1-scaled.jpg\",\"datePublished\":\"2022-10-07T15:40:07+00:00\",\"dateModified\":\"2022-10-20T12:03:46+00:00\",\"breadcrumb\":{\"@id\":\"https:\/\/www.diocesitn.it\/area-cultura\/2022\/10\/07\/riparte-la-proposta-della-biblioteca-a-tu-per-tu-con-lautore\/#breadcrumb\"},\"inLanguage\":\"it-IT\",\"potentialAction\":[{\"@type\":\"ReadAction\",\"target\":[\"https:\/\/www.diocesitn.it\/area-cultura\/2022\/10\/07\/riparte-la-proposta-della-biblioteca-a-tu-per-tu-con-lautore\/\"]}]},{\"@type\":\"ImageObject\",\"inLanguage\":\"it-IT\",\"@id\":\"https:\/\/www.diocesitn.it\/area-cultura\/2022\/10\/07\/riparte-la-proposta-della-biblioteca-a-tu-per-tu-con-lautore\/#primaryimage\",\"url\":\"https:\/\/www.diocesitn.it\/area-cultura\/wp-content\/uploads\/sites\/38\/2022\/10\/A-tu-per-tu-Borghi-1-scaled.jpg\",\"contentUrl\":\"https:\/\/www.diocesitn.it\/area-cultura\/wp-content\/uploads\/sites\/38\/2022\/10\/A-tu-per-tu-Borghi-1-scaled.jpg\",\"width\":2560,\"height\":1815},{\"@type\":\"BreadcrumbList\",\"@id\":\"https:\/\/www.diocesitn.it\/area-cultura\/2022\/10\/07\/riparte-la-proposta-della-biblioteca-a-tu-per-tu-con-lautore\/#breadcrumb\",\"itemListElement\":[{\"@type\":\"ListItem\",\"position\":1,\"name\":\"Home\",\"item\":\"https:\/\/www.diocesitn.it\/area-cultura\/\"},{\"@type\":\"ListItem\",\"position\":2,\"name\":\"Riparte la proposta della Biblioteca: A tu per tu con l&#8217;Autore\"}]},{\"@type\":\"WebSite\",\"@id\":\"https:\/\/www.diocesitn.it\/area-cultura\/#website\",\"url\":\"https:\/\/www.diocesitn.it\/area-cultura\/\",\"name\":\"Cultura\",\"description\":\"Chiesa di Trento\",\"publisher\":{\"@id\":\"https:\/\/www.diocesitn.it\/area-cultura\/#organization\"},\"potentialAction\":[{\"@type\":\"SearchAction\",\"target\":{\"@type\":\"EntryPoint\",\"urlTemplate\":\"https:\/\/www.diocesitn.it\/area-cultura\/?s={search_term_string}\"},\"query-input\":\"required name=search_term_string\"}],\"inLanguage\":\"it-IT\"},{\"@type\":[\"Organization\",\"Place\"],\"@id\":\"https:\/\/www.diocesitn.it\/area-cultura\/#organization\",\"name\":\"Area Cultura - Chiesa di Trento\",\"url\":\"https:\/\/www.diocesitn.it\/area-cultura\/\",\"logo\":{\"@id\":\"https:\/\/www.diocesitn.it\/area-cultura\/2022\/10\/07\/riparte-la-proposta-della-biblioteca-a-tu-per-tu-con-lautore\/#local-main-organization-logo\"},\"image\":{\"@id\":\"https:\/\/www.diocesitn.it\/area-cultura\/2022\/10\/07\/riparte-la-proposta-della-biblioteca-a-tu-per-tu-con-lautore\/#local-main-organization-logo\"},\"sameAs\":[\"https:\/\/www.youtube.com\/channel\/UCfWD2n-N6WTCg2P_UA72H6Q\"],\"openingHoursSpecification\":[{\"@type\":\"OpeningHoursSpecification\",\"dayOfWeek\":[\"Monday\",\"Tuesday\",\"Wednesday\",\"Thursday\",\"Friday\",\"Saturday\",\"Sunday\"],\"opens\":\"09:00\",\"closes\":\"17:00\"}]},{\"@type\":\"ImageObject\",\"inLanguage\":\"it-IT\",\"@id\":\"https:\/\/www.diocesitn.it\/area-cultura\/2022\/10\/07\/riparte-la-proposta-della-biblioteca-a-tu-per-tu-con-lautore\/#local-main-organization-logo\",\"url\":\"https:\/\/www.diocesitn.it\/area-cultura\/wp-content\/uploads\/sites\/38\/2021\/09\/og-logo-cultura.jpg\",\"contentUrl\":\"https:\/\/www.diocesitn.it\/area-cultura\/wp-content\/uploads\/sites\/38\/2021\/09\/og-logo-cultura.jpg\",\"width\":1200,\"height\":630,\"caption\":\"Area Cultura - Chiesa di Trento\"}]}<\/script>\n<!-- \/ Yoast SEO Premium plugin. -->","yoast_head_json":{"title":"Riparte la proposta della Biblioteca: A tu per tu con l'Autore - Cultura","robots":{"index":"index","follow":"follow","max-snippet":"max-snippet:-1","max-image-preview":"max-image-preview:large","max-video-preview":"max-video-preview:-1"},"canonical":"https:\/\/www.diocesitn.it\/area-cultura\/2022\/10\/07\/riparte-la-proposta-della-biblioteca-a-tu-per-tu-con-lautore\/","og_locale":"it_IT","og_type":"article","og_title":"Riparte la proposta della Biblioteca: A tu per tu con l'Autore","og_description":"Ritorna la rubrica A tu per tu con l\u2019Autore, in cui i docenti dell\u2019Istituto Superiore di Scienze Religiose &#8220;Romano Guardini&#8221; presentano le loro nuove opere, attraverso un confronto stimolante con qualificati interlocutori. In questa puntata","og_url":"https:\/\/www.diocesitn.it\/area-cultura\/2022\/10\/07\/riparte-la-proposta-della-biblioteca-a-tu-per-tu-con-lautore\/","og_site_name":"Cultura","article_published_time":"2022-10-07T15:40:07+00:00","article_modified_time":"2022-10-20T12:03:46+00:00","og_image":[{"width":2560,"height":1815,"url":"https:\/\/www.diocesitn.it\/area-cultura\/wp-content\/uploads\/sites\/38\/2022\/10\/A-tu-per-tu-Borghi-1-scaled.jpg","type":"image\/jpeg"}],"author":"msignorati","twitter_card":"summary_large_image","twitter_misc":{"Scritto da":"msignorati","Tempo di lettura stimato":"2 minuti"},"schema":{"@context":"https:\/\/schema.org","@graph":[{"@type":"Article","@id":"https:\/\/www.diocesitn.it\/area-cultura\/2022\/10\/07\/riparte-la-proposta-della-biblioteca-a-tu-per-tu-con-lautore\/#article","isPartOf":{"@id":"https:\/\/www.diocesitn.it\/area-cultura\/2022\/10\/07\/riparte-la-proposta-della-biblioteca-a-tu-per-tu-con-lautore\/"},"author":{"name":"msignorati","@id":"https:\/\/www.diocesitn.it\/area-cultura\/#\/schema\/person\/53a7aea655a4af1e888601137ff67146"},"headline":"Riparte la proposta della Biblioteca: A tu per tu con l&#8217;Autore","datePublished":"2022-10-07T15:40:07+00:00","dateModified":"2022-10-20T12:03:46+00:00","mainEntityOfPage":{"@id":"https:\/\/www.diocesitn.it\/area-cultura\/2022\/10\/07\/riparte-la-proposta-della-biblioteca-a-tu-per-tu-con-lautore\/"},"wordCount":206,"publisher":{"@id":"https:\/\/www.diocesitn.it\/area-cultura\/#organization"},"image":{"@id":"https:\/\/www.diocesitn.it\/area-cultura\/2022\/10\/07\/riparte-la-proposta-della-biblioteca-a-tu-per-tu-con-lautore\/#primaryimage"},"thumbnailUrl":"https:\/\/www.diocesitn.it\/area-cultura\/wp-content\/uploads\/sites\/38\/2022\/10\/A-tu-per-tu-Borghi-1-scaled.jpg","articleSection":["Biblioteca diocesana Vigilianum","Notizie"],"inLanguage":"it-IT","copyrightYear":"2022","copyrightHolder":{"@id":"https:\/\/www.diocesitn.it\/#organization"}},{"@type":"WebPage","@id":"https:\/\/www.diocesitn.it\/area-cultura\/2022\/10\/07\/riparte-la-proposta-della-biblioteca-a-tu-per-tu-con-lautore\/","url":"https:\/\/www.diocesitn.it\/area-cultura\/2022\/10\/07\/riparte-la-proposta-della-biblioteca-a-tu-per-tu-con-lautore\/","name":"Riparte la proposta della Biblioteca: A tu per tu con l'Autore - Cultura","isPartOf":{"@id":"https:\/\/www.diocesitn.it\/area-cultura\/#website"},"primaryImageOfPage":{"@id":"https:\/\/www.diocesitn.it\/area-cultura\/2022\/10\/07\/riparte-la-proposta-della-biblioteca-a-tu-per-tu-con-lautore\/#primaryimage"},"image":{"@id":"https:\/\/www.diocesitn.it\/area-cultura\/2022\/10\/07\/riparte-la-proposta-della-biblioteca-a-tu-per-tu-con-lautore\/#primaryimage"},"thumbnailUrl":"https:\/\/www.diocesitn.it\/area-cultura\/wp-content\/uploads\/sites\/38\/2022\/10\/A-tu-per-tu-Borghi-1-scaled.jpg","datePublished":"2022-10-07T15:40:07+00:00","dateModified":"2022-10-20T12:03:46+00:00","breadcrumb":{"@id":"https:\/\/www.diocesitn.it\/area-cultura\/2022\/10\/07\/riparte-la-proposta-della-biblioteca-a-tu-per-tu-con-lautore\/#breadcrumb"},"inLanguage":"it-IT","potentialAction":[{"@type":"ReadAction","target":["https:\/\/www.diocesitn.it\/area-cultura\/2022\/10\/07\/riparte-la-proposta-della-biblioteca-a-tu-per-tu-con-lautore\/"]}]},{"@type":"ImageObject","inLanguage":"it-IT","@id":"https:\/\/www.diocesitn.it\/area-cultura\/2022\/10\/07\/riparte-la-proposta-della-biblioteca-a-tu-per-tu-con-lautore\/#primaryimage","url":"https:\/\/www.diocesitn.it\/area-cultura\/wp-content\/uploads\/sites\/38\/2022\/10\/A-tu-per-tu-Borghi-1-scaled.jpg","contentUrl":"https:\/\/www.diocesitn.it\/area-cultura\/wp-content\/uploads\/sites\/38\/2022\/10\/A-tu-per-tu-Borghi-1-scaled.jpg","width":2560,"height":1815},{"@type":"BreadcrumbList","@id":"https:\/\/www.diocesitn.it\/area-cultura\/2022\/10\/07\/riparte-la-proposta-della-biblioteca-a-tu-per-tu-con-lautore\/#breadcrumb","itemListElement":[{"@type":"ListItem","position":1,"name":"Home","item":"https:\/\/www.diocesitn.it\/area-cultura\/"},{"@type":"ListItem","position":2,"name":"Riparte la proposta della Biblioteca: A tu per tu con l&#8217;Autore"}]},{"@type":"WebSite","@id":"https:\/\/www.diocesitn.it\/area-cultura\/#website","url":"https:\/\/www.diocesitn.it\/area-cultura\/","name":"Cultura","description":"Chiesa di Trento","publisher":{"@id":"https:\/\/www.diocesitn.it\/area-cultura\/#organization"},"potentialAction":[{"@type":"SearchAction","target":{"@type":"EntryPoint","urlTemplate":"https:\/\/www.diocesitn.it\/area-cultura\/?s={search_term_string}"},"query-input":"required name=search_term_string"}],"inLanguage":"it-IT"},{"@type":["Organization","Place"],"@id":"https:\/\/www.diocesitn.it\/area-cultura\/#organization","name":"Area Cultura - Chiesa di Trento","url":"https:\/\/www.diocesitn.it\/area-cultura\/","logo":{"@id":"https:\/\/www.diocesitn.it\/area-cultura\/2022\/10\/07\/riparte-la-proposta-della-biblioteca-a-tu-per-tu-con-lautore\/#local-main-organization-logo"},"image":{"@id":"https:\/\/www.diocesitn.it\/area-cultura\/2022\/10\/07\/riparte-la-proposta-della-biblioteca-a-tu-per-tu-con-lautore\/#local-main-organization-logo"},"sameAs":["https:\/\/www.youtube.com\/channel\/UCfWD2n-N6WTCg2P_UA72H6Q"],"openingHoursSpecification":[{"@type":"OpeningHoursSpecification","dayOfWeek":["Monday","Tuesday","Wednesday","Thursday","Friday","Saturday","Sunday"],"opens":"09:00","closes":"17:00"}]},{"@type":"ImageObject","inLanguage":"it-IT","@id":"https:\/\/www.diocesitn.it\/area-cultura\/2022\/10\/07\/riparte-la-proposta-della-biblioteca-a-tu-per-tu-con-lautore\/#local-main-organization-logo","url":"https:\/\/www.diocesitn.it\/area-cultura\/wp-content\/uploads\/sites\/38\/2021\/09\/og-logo-cultura.jpg","contentUrl":"https:\/\/www.diocesitn.it\/area-cultura\/wp-content\/uploads\/sites\/38\/2021\/09\/og-logo-cultura.jpg","width":1200,"height":630,"caption":"Area Cultura - Chiesa di Trento"}]}},"_links":{"self":[{"href":"https:\/\/www.diocesitn.it\/area-cultura\/wp-json\/wp\/v2\/posts\/9125","targetHints":{"allow":["GET"]}}],"collection":[{"href":"https:\/\/www.diocesitn.it\/area-cultura\/wp-json\/wp\/v2\/posts"}],"about":[{"href":"https:\/\/www.diocesitn.it\/area-cultura\/wp-json\/wp\/v2\/types\/post"}],"author":[{"embeddable":true,"href":"https:\/\/www.diocesitn.it\/area-cultura\/wp-json\/wp\/v2\/users\/9"}],"replies":[{"embeddable":true,"href":"https:\/\/www.diocesitn.it\/area-cultura\/wp-json\/wp\/v2\/comments?post=9125"}],"version-history":[{"count":3,"href":"https:\/\/www.diocesitn.it\/area-cultura\/wp-json\/wp\/v2\/posts\/9125\/revisions"}],"predecessor-version":[{"id":9255,"href":"https:\/\/www.diocesitn.it\/area-cultura\/wp-json\/wp\/v2\/posts\/9125\/revisions\/9255"}],"wp:featuredmedia":[{"embeddable":true,"href":"https:\/\/www.diocesitn.it\/area-cultura\/wp-json\/wp\/v2\/media\/9263"}],"wp:attachment":[{"href":"https:\/\/www.diocesitn.it\/area-cultura\/wp-json\/wp\/v2\/media?parent=9125"}],"wp:term":[{"taxonomy":"category","embeddable":true,"href":"https:\/\/www.diocesitn.it\/area-cultura\/wp-json\/wp\/v2\/categories?post=9125"},{"taxonomy":"post_tag","embeddable":true,"href":"https:\/\/www.diocesitn.it\/area-cultura\/wp-json\/wp\/v2\/tags?post=9125"}],"curies":[{"name":"wp","href":"https:\/\/api.w.org\/{rel}","templated":true}]}}