{"id":8208,"date":"2022-03-31T11:32:11","date_gmt":"2022-03-31T09:32:11","guid":{"rendered":"https:\/\/www.diocesitn.it\/area-cultura\/?p=8208"},"modified":"2022-05-20T08:13:25","modified_gmt":"2022-05-20T06:13:25","slug":"archivio-dal-1-aprile-accesso-senza-green-pass","status":"publish","type":"post","link":"https:\/\/www.diocesitn.it\/area-cultura\/2022\/03\/31\/archivio-dal-1-aprile-accesso-senza-green-pass\/","title":{"rendered":"Archivio e Biblioteca: dal 1. aprile accesso senza green pass"},"content":{"rendered":"<p>Con l\u2019entrata in vigore del decreto-legge 24 marzo 2022 n. 24, che stabilisce la fine dello stato di emergenza, <a href=\"https:\/\/cultura.gov.it\/comunicato\/22550\">cambiano le modalit\u00e0 di accesso ai luoghi e istituti della cultura<\/a>. Per accedere ad archivi, biblioteche, musei e altri luoghi e istituti della cultura, da venerd\u00ec 1. aprile non \u00e8 pi\u00f9 necessario il possesso del green pass rafforzato, n\u00e9 di quello base.<\/p>\n<p>Durante la permanenza nelle sale studio dell&#8217;Archivio e della Biblioteca rimane obbligatorio l\u2019utilizzo della mascherina chirurgica.<\/p>\n<p>&nbsp;<\/p>\n","protected":false},"excerpt":{"rendered":"<p>Con l\u2019entrata in vigore del decreto-legge 24 marzo 2022 n. 24, che stabilisce la fine dello stato di emergenza, cambiano le modalit\u00e0 di accesso ai luoghi e istituti della cultura. Per accedere ad archivi, biblioteche,<\/p>\n","protected":false},"author":164,"featured_media":8209,"comment_status":"closed","ping_status":"closed","sticky":false,"template":"","format":"standard","meta":{"footnotes":""},"categories":[322,331,329],"tags":[],"class_list":["post-8208","post","type-post","status-publish","format-standard","has-post-thumbnail","hentry","category-servizio-archivio","category-servizio-biblioteca","category-notizie"],"acf":{"seed-localization-paese-cod":"IT","seed-localization-address":"","seed-localization-citta":"Trento","seed-localization-regione-cod-istat":"04","seed-localization-citta-cod-istat":"022205","seed-localization-localita":"","seed-localization-cap":"","seed-localization-marker-visibility":false,"seed-localization-children-visibility":false,"seed-localization-kml":"","seed-localization-custom-marker":""},"yoast_head":"<!-- This site is optimized with the Yoast SEO Premium plugin v20.2.1 (Yoast SEO v22.2) - https:\/\/yoast.com\/wordpress\/plugins\/seo\/ -->\n<title>Archivio e Biblioteca: dal 1. aprile accesso senza green pass - Cultura<\/title>\n<meta name=\"robots\" content=\"index, follow, max-snippet:-1, max-image-preview:large, max-video-preview:-1\" \/>\n<link rel=\"canonical\" href=\"https:\/\/www.diocesitn.it\/area-cultura\/2022\/03\/31\/archivio-dal-1-aprile-accesso-senza-green-pass\/\" \/>\n<meta property=\"og:locale\" content=\"it_IT\" \/>\n<meta property=\"og:type\" content=\"article\" \/>\n<meta property=\"og:title\" content=\"Archivio e Biblioteca: dal 1. aprile accesso senza green pass\" \/>\n<meta property=\"og:description\" content=\"Con l\u2019entrata in vigore del decreto-legge 24 marzo 2022 n. 24, che stabilisce la fine dello stato di emergenza, cambiano le modalit\u00e0 di accesso ai luoghi e istituti della cultura. Per accedere ad archivi, biblioteche,\" \/>\n<meta property=\"og:url\" content=\"https:\/\/www.diocesitn.it\/area-cultura\/2022\/03\/31\/archivio-dal-1-aprile-accesso-senza-green-pass\/\" \/>\n<meta property=\"og:site_name\" content=\"Cultura\" \/>\n<meta property=\"article:published_time\" content=\"2022-03-31T09:32:11+00:00\" \/>\n<meta property=\"article:modified_time\" content=\"2022-05-20T06:13:25+00:00\" \/>\n<meta property=\"og:image\" content=\"https:\/\/www.diocesitn.it\/area-cultura\/wp-content\/uploads\/sites\/38\/2022\/03\/Green-pass-aprile-2022.jpg\" \/>\n\t<meta property=\"og:image:width\" content=\"1600\" \/>\n\t<meta property=\"og:image:height\" content=\"899\" \/>\n\t<meta property=\"og:image:type\" content=\"image\/jpeg\" \/>\n<meta name=\"author\" content=\"candreolli\" \/>\n<meta name=\"twitter:card\" content=\"summary_large_image\" \/>\n<meta name=\"twitter:label1\" content=\"Scritto da\" \/>\n\t<meta name=\"twitter:data1\" content=\"candreolli\" \/>\n\t<meta name=\"twitter:label2\" content=\"Tempo di lettura stimato\" \/>\n\t<meta name=\"twitter:data2\" content=\"1 minuto\" \/>\n<script type=\"application\/ld+json\" class=\"yoast-schema-graph\">{\"@context\":\"https:\/\/schema.org\",\"@graph\":[{\"@type\":\"Article\",\"@id\":\"https:\/\/www.diocesitn.it\/area-cultura\/2022\/03\/31\/archivio-dal-1-aprile-accesso-senza-green-pass\/#article\",\"isPartOf\":{\"@id\":\"https:\/\/www.diocesitn.it\/area-cultura\/2022\/03\/31\/archivio-dal-1-aprile-accesso-senza-green-pass\/\"},\"author\":{\"name\":\"candreolli\",\"@id\":\"https:\/\/www.diocesitn.it\/area-cultura\/#\/schema\/person\/05f14428efca72bb2997b55cbdc7d01b\"},\"headline\":\"Archivio e Biblioteca: dal 1. aprile accesso senza green pass\",\"datePublished\":\"2022-03-31T09:32:11+00:00\",\"dateModified\":\"2022-05-20T06:13:25+00:00\",\"mainEntityOfPage\":{\"@id\":\"https:\/\/www.diocesitn.it\/area-cultura\/2022\/03\/31\/archivio-dal-1-aprile-accesso-senza-green-pass\/\"},\"wordCount\":84,\"publisher\":{\"@id\":\"https:\/\/www.diocesitn.it\/area-cultura\/#organization\"},\"image\":{\"@id\":\"https:\/\/www.diocesitn.it\/area-cultura\/2022\/03\/31\/archivio-dal-1-aprile-accesso-senza-green-pass\/#primaryimage\"},\"thumbnailUrl\":\"https:\/\/www.diocesitn.it\/area-cultura\/wp-content\/uploads\/sites\/38\/2022\/03\/Green-pass-aprile-2022.jpg\",\"articleSection\":[\"Archivio Diocesano Tridentino\",\"Biblioteca diocesana Vigilianum\",\"Notizie\"],\"inLanguage\":\"it-IT\",\"copyrightYear\":\"2022\",\"copyrightHolder\":{\"@id\":\"https:\/\/www.diocesitn.it\/#organization\"}},{\"@type\":\"WebPage\",\"@id\":\"https:\/\/www.diocesitn.it\/area-cultura\/2022\/03\/31\/archivio-dal-1-aprile-accesso-senza-green-pass\/\",\"url\":\"https:\/\/www.diocesitn.it\/area-cultura\/2022\/03\/31\/archivio-dal-1-aprile-accesso-senza-green-pass\/\",\"name\":\"Archivio e Biblioteca: dal 1. aprile accesso senza green pass - Cultura\",\"isPartOf\":{\"@id\":\"https:\/\/www.diocesitn.it\/area-cultura\/#website\"},\"primaryImageOfPage\":{\"@id\":\"https:\/\/www.diocesitn.it\/area-cultura\/2022\/03\/31\/archivio-dal-1-aprile-accesso-senza-green-pass\/#primaryimage\"},\"image\":{\"@id\":\"https:\/\/www.diocesitn.it\/area-cultura\/2022\/03\/31\/archivio-dal-1-aprile-accesso-senza-green-pass\/#primaryimage\"},\"thumbnailUrl\":\"https:\/\/www.diocesitn.it\/area-cultura\/wp-content\/uploads\/sites\/38\/2022\/03\/Green-pass-aprile-2022.jpg\",\"datePublished\":\"2022-03-31T09:32:11+00:00\",\"dateModified\":\"2022-05-20T06:13:25+00:00\",\"breadcrumb\":{\"@id\":\"https:\/\/www.diocesitn.it\/area-cultura\/2022\/03\/31\/archivio-dal-1-aprile-accesso-senza-green-pass\/#breadcrumb\"},\"inLanguage\":\"it-IT\",\"potentialAction\":[{\"@type\":\"ReadAction\",\"target\":[\"https:\/\/www.diocesitn.it\/area-cultura\/2022\/03\/31\/archivio-dal-1-aprile-accesso-senza-green-pass\/\"]}]},{\"@type\":\"ImageObject\",\"inLanguage\":\"it-IT\",\"@id\":\"https:\/\/www.diocesitn.it\/area-cultura\/2022\/03\/31\/archivio-dal-1-aprile-accesso-senza-green-pass\/#primaryimage\",\"url\":\"https:\/\/www.diocesitn.it\/area-cultura\/wp-content\/uploads\/sites\/38\/2022\/03\/Green-pass-aprile-2022.jpg\",\"contentUrl\":\"https:\/\/www.diocesitn.it\/area-cultura\/wp-content\/uploads\/sites\/38\/2022\/03\/Green-pass-aprile-2022.jpg\",\"width\":1600,\"height\":899},{\"@type\":\"BreadcrumbList\",\"@id\":\"https:\/\/www.diocesitn.it\/area-cultura\/2022\/03\/31\/archivio-dal-1-aprile-accesso-senza-green-pass\/#breadcrumb\",\"itemListElement\":[{\"@type\":\"ListItem\",\"position\":1,\"name\":\"Home\",\"item\":\"https:\/\/www.diocesitn.it\/area-cultura\/\"},{\"@type\":\"ListItem\",\"position\":2,\"name\":\"Archivio e Biblioteca: dal 1. aprile accesso senza green pass\"}]},{\"@type\":\"WebSite\",\"@id\":\"https:\/\/www.diocesitn.it\/area-cultura\/#website\",\"url\":\"https:\/\/www.diocesitn.it\/area-cultura\/\",\"name\":\"Cultura\",\"description\":\"Chiesa di Trento\",\"publisher\":{\"@id\":\"https:\/\/www.diocesitn.it\/area-cultura\/#organization\"},\"potentialAction\":[{\"@type\":\"SearchAction\",\"target\":{\"@type\":\"EntryPoint\",\"urlTemplate\":\"https:\/\/www.diocesitn.it\/area-cultura\/?s={search_term_string}\"},\"query-input\":\"required name=search_term_string\"}],\"inLanguage\":\"it-IT\"},{\"@type\":[\"Organization\",\"Place\"],\"@id\":\"https:\/\/www.diocesitn.it\/area-cultura\/#organization\",\"name\":\"Area Cultura - Chiesa di Trento\",\"url\":\"https:\/\/www.diocesitn.it\/area-cultura\/\",\"logo\":{\"@id\":\"https:\/\/www.diocesitn.it\/area-cultura\/2022\/03\/31\/archivio-dal-1-aprile-accesso-senza-green-pass\/#local-main-organization-logo\"},\"image\":{\"@id\":\"https:\/\/www.diocesitn.it\/area-cultura\/2022\/03\/31\/archivio-dal-1-aprile-accesso-senza-green-pass\/#local-main-organization-logo\"},\"sameAs\":[\"https:\/\/www.youtube.com\/channel\/UCfWD2n-N6WTCg2P_UA72H6Q\"],\"openingHoursSpecification\":[{\"@type\":\"OpeningHoursSpecification\",\"dayOfWeek\":[\"Monday\",\"Tuesday\",\"Wednesday\",\"Thursday\",\"Friday\",\"Saturday\",\"Sunday\"],\"opens\":\"09:00\",\"closes\":\"17:00\"}]},{\"@type\":\"ImageObject\",\"inLanguage\":\"it-IT\",\"@id\":\"https:\/\/www.diocesitn.it\/area-cultura\/2022\/03\/31\/archivio-dal-1-aprile-accesso-senza-green-pass\/#local-main-organization-logo\",\"url\":\"https:\/\/www.diocesitn.it\/area-cultura\/wp-content\/uploads\/sites\/38\/2021\/09\/og-logo-cultura.jpg\",\"contentUrl\":\"https:\/\/www.diocesitn.it\/area-cultura\/wp-content\/uploads\/sites\/38\/2021\/09\/og-logo-cultura.jpg\",\"width\":1200,\"height\":630,\"caption\":\"Area Cultura - Chiesa di Trento\"}]}<\/script>\n<!-- \/ Yoast SEO Premium plugin. -->","yoast_head_json":{"title":"Archivio e Biblioteca: dal 1. aprile accesso senza green pass - Cultura","robots":{"index":"index","follow":"follow","max-snippet":"max-snippet:-1","max-image-preview":"max-image-preview:large","max-video-preview":"max-video-preview:-1"},"canonical":"https:\/\/www.diocesitn.it\/area-cultura\/2022\/03\/31\/archivio-dal-1-aprile-accesso-senza-green-pass\/","og_locale":"it_IT","og_type":"article","og_title":"Archivio e Biblioteca: dal 1. aprile accesso senza green pass","og_description":"Con l\u2019entrata in vigore del decreto-legge 24 marzo 2022 n. 24, che stabilisce la fine dello stato di emergenza, cambiano le modalit\u00e0 di accesso ai luoghi e istituti della cultura. Per accedere ad archivi, biblioteche,","og_url":"https:\/\/www.diocesitn.it\/area-cultura\/2022\/03\/31\/archivio-dal-1-aprile-accesso-senza-green-pass\/","og_site_name":"Cultura","article_published_time":"2022-03-31T09:32:11+00:00","article_modified_time":"2022-05-20T06:13:25+00:00","og_image":[{"width":1600,"height":899,"url":"https:\/\/www.diocesitn.it\/area-cultura\/wp-content\/uploads\/sites\/38\/2022\/03\/Green-pass-aprile-2022.jpg","type":"image\/jpeg"}],"author":"candreolli","twitter_card":"summary_large_image","twitter_misc":{"Scritto da":"candreolli","Tempo di lettura stimato":"1 minuto"},"schema":{"@context":"https:\/\/schema.org","@graph":[{"@type":"Article","@id":"https:\/\/www.diocesitn.it\/area-cultura\/2022\/03\/31\/archivio-dal-1-aprile-accesso-senza-green-pass\/#article","isPartOf":{"@id":"https:\/\/www.diocesitn.it\/area-cultura\/2022\/03\/31\/archivio-dal-1-aprile-accesso-senza-green-pass\/"},"author":{"name":"candreolli","@id":"https:\/\/www.diocesitn.it\/area-cultura\/#\/schema\/person\/05f14428efca72bb2997b55cbdc7d01b"},"headline":"Archivio e Biblioteca: dal 1. aprile accesso senza green pass","datePublished":"2022-03-31T09:32:11+00:00","dateModified":"2022-05-20T06:13:25+00:00","mainEntityOfPage":{"@id":"https:\/\/www.diocesitn.it\/area-cultura\/2022\/03\/31\/archivio-dal-1-aprile-accesso-senza-green-pass\/"},"wordCount":84,"publisher":{"@id":"https:\/\/www.diocesitn.it\/area-cultura\/#organization"},"image":{"@id":"https:\/\/www.diocesitn.it\/area-cultura\/2022\/03\/31\/archivio-dal-1-aprile-accesso-senza-green-pass\/#primaryimage"},"thumbnailUrl":"https:\/\/www.diocesitn.it\/area-cultura\/wp-content\/uploads\/sites\/38\/2022\/03\/Green-pass-aprile-2022.jpg","articleSection":["Archivio Diocesano Tridentino","Biblioteca diocesana Vigilianum","Notizie"],"inLanguage":"it-IT","copyrightYear":"2022","copyrightHolder":{"@id":"https:\/\/www.diocesitn.it\/#organization"}},{"@type":"WebPage","@id":"https:\/\/www.diocesitn.it\/area-cultura\/2022\/03\/31\/archivio-dal-1-aprile-accesso-senza-green-pass\/","url":"https:\/\/www.diocesitn.it\/area-cultura\/2022\/03\/31\/archivio-dal-1-aprile-accesso-senza-green-pass\/","name":"Archivio e Biblioteca: dal 1. aprile accesso senza green pass - Cultura","isPartOf":{"@id":"https:\/\/www.diocesitn.it\/area-cultura\/#website"},"primaryImageOfPage":{"@id":"https:\/\/www.diocesitn.it\/area-cultura\/2022\/03\/31\/archivio-dal-1-aprile-accesso-senza-green-pass\/#primaryimage"},"image":{"@id":"https:\/\/www.diocesitn.it\/area-cultura\/2022\/03\/31\/archivio-dal-1-aprile-accesso-senza-green-pass\/#primaryimage"},"thumbnailUrl":"https:\/\/www.diocesitn.it\/area-cultura\/wp-content\/uploads\/sites\/38\/2022\/03\/Green-pass-aprile-2022.jpg","datePublished":"2022-03-31T09:32:11+00:00","dateModified":"2022-05-20T06:13:25+00:00","breadcrumb":{"@id":"https:\/\/www.diocesitn.it\/area-cultura\/2022\/03\/31\/archivio-dal-1-aprile-accesso-senza-green-pass\/#breadcrumb"},"inLanguage":"it-IT","potentialAction":[{"@type":"ReadAction","target":["https:\/\/www.diocesitn.it\/area-cultura\/2022\/03\/31\/archivio-dal-1-aprile-accesso-senza-green-pass\/"]}]},{"@type":"ImageObject","inLanguage":"it-IT","@id":"https:\/\/www.diocesitn.it\/area-cultura\/2022\/03\/31\/archivio-dal-1-aprile-accesso-senza-green-pass\/#primaryimage","url":"https:\/\/www.diocesitn.it\/area-cultura\/wp-content\/uploads\/sites\/38\/2022\/03\/Green-pass-aprile-2022.jpg","contentUrl":"https:\/\/www.diocesitn.it\/area-cultura\/wp-content\/uploads\/sites\/38\/2022\/03\/Green-pass-aprile-2022.jpg","width":1600,"height":899},{"@type":"BreadcrumbList","@id":"https:\/\/www.diocesitn.it\/area-cultura\/2022\/03\/31\/archivio-dal-1-aprile-accesso-senza-green-pass\/#breadcrumb","itemListElement":[{"@type":"ListItem","position":1,"name":"Home","item":"https:\/\/www.diocesitn.it\/area-cultura\/"},{"@type":"ListItem","position":2,"name":"Archivio e Biblioteca: dal 1. aprile accesso senza green pass"}]},{"@type":"WebSite","@id":"https:\/\/www.diocesitn.it\/area-cultura\/#website","url":"https:\/\/www.diocesitn.it\/area-cultura\/","name":"Cultura","description":"Chiesa di Trento","publisher":{"@id":"https:\/\/www.diocesitn.it\/area-cultura\/#organization"},"potentialAction":[{"@type":"SearchAction","target":{"@type":"EntryPoint","urlTemplate":"https:\/\/www.diocesitn.it\/area-cultura\/?s={search_term_string}"},"query-input":"required name=search_term_string"}],"inLanguage":"it-IT"},{"@type":["Organization","Place"],"@id":"https:\/\/www.diocesitn.it\/area-cultura\/#organization","name":"Area Cultura - Chiesa di Trento","url":"https:\/\/www.diocesitn.it\/area-cultura\/","logo":{"@id":"https:\/\/www.diocesitn.it\/area-cultura\/2022\/03\/31\/archivio-dal-1-aprile-accesso-senza-green-pass\/#local-main-organization-logo"},"image":{"@id":"https:\/\/www.diocesitn.it\/area-cultura\/2022\/03\/31\/archivio-dal-1-aprile-accesso-senza-green-pass\/#local-main-organization-logo"},"sameAs":["https:\/\/www.youtube.com\/channel\/UCfWD2n-N6WTCg2P_UA72H6Q"],"openingHoursSpecification":[{"@type":"OpeningHoursSpecification","dayOfWeek":["Monday","Tuesday","Wednesday","Thursday","Friday","Saturday","Sunday"],"opens":"09:00","closes":"17:00"}]},{"@type":"ImageObject","inLanguage":"it-IT","@id":"https:\/\/www.diocesitn.it\/area-cultura\/2022\/03\/31\/archivio-dal-1-aprile-accesso-senza-green-pass\/#local-main-organization-logo","url":"https:\/\/www.diocesitn.it\/area-cultura\/wp-content\/uploads\/sites\/38\/2021\/09\/og-logo-cultura.jpg","contentUrl":"https:\/\/www.diocesitn.it\/area-cultura\/wp-content\/uploads\/sites\/38\/2021\/09\/og-logo-cultura.jpg","width":1200,"height":630,"caption":"Area Cultura - Chiesa di Trento"}]}},"_links":{"self":[{"href":"https:\/\/www.diocesitn.it\/area-cultura\/wp-json\/wp\/v2\/posts\/8208","targetHints":{"allow":["GET"]}}],"collection":[{"href":"https:\/\/www.diocesitn.it\/area-cultura\/wp-json\/wp\/v2\/posts"}],"about":[{"href":"https:\/\/www.diocesitn.it\/area-cultura\/wp-json\/wp\/v2\/types\/post"}],"author":[{"embeddable":true,"href":"https:\/\/www.diocesitn.it\/area-cultura\/wp-json\/wp\/v2\/users\/164"}],"replies":[{"embeddable":true,"href":"https:\/\/www.diocesitn.it\/area-cultura\/wp-json\/wp\/v2\/comments?post=8208"}],"version-history":[{"count":3,"href":"https:\/\/www.diocesitn.it\/area-cultura\/wp-json\/wp\/v2\/posts\/8208\/revisions"}],"predecessor-version":[{"id":8220,"href":"https:\/\/www.diocesitn.it\/area-cultura\/wp-json\/wp\/v2\/posts\/8208\/revisions\/8220"}],"wp:featuredmedia":[{"embeddable":true,"href":"https:\/\/www.diocesitn.it\/area-cultura\/wp-json\/wp\/v2\/media\/8209"}],"wp:attachment":[{"href":"https:\/\/www.diocesitn.it\/area-cultura\/wp-json\/wp\/v2\/media?parent=8208"}],"wp:term":[{"taxonomy":"category","embeddable":true,"href":"https:\/\/www.diocesitn.it\/area-cultura\/wp-json\/wp\/v2\/categories?post=8208"},{"taxonomy":"post_tag","embeddable":true,"href":"https:\/\/www.diocesitn.it\/area-cultura\/wp-json\/wp\/v2\/tags?post=8208"}],"curies":[{"name":"wp","href":"https:\/\/api.w.org\/{rel}","templated":true}]}}