{"id":7978,"date":"2022-02-09T15:49:05","date_gmt":"2022-02-09T14:49:05","guid":{"rendered":"https:\/\/www.diocesitn.it\/area-cultura\/2022\/02\/09\/nella-bibbia-le-donne-incarnano-il-potere-come-servizio-donatella-scaiola-alla-prolusione-dellissr-guardini\/"},"modified":"2022-02-15T09:42:35","modified_gmt":"2022-02-15T08:42:35","slug":"nella-bibbia-le-donne-incarnano-il-potere-come-servizio-donatella-scaiola-alla-prolusione-dellissr-guardini","status":"publish","type":"post","link":"https:\/\/www.diocesitn.it\/area-cultura\/2022\/02\/09\/nella-bibbia-le-donne-incarnano-il-potere-come-servizio-donatella-scaiola-alla-prolusione-dellissr-guardini\/","title":{"rendered":"&#8220;Nella Bibbia le donne incarnano il potere come servizio&#8221;. Donatella Scaiola alla prolusione dell&#8217;ISSR Guardini"},"content":{"rendered":"<p>\u201cSiamo una bella squadra che cerca di lavorare insieme all\u2019interno di un serio cammino di formazione\u201d. Un\u2019immagine dal sapore sportivo, evocata dal direttore <strong>don Stefano Zeni<\/strong> e richiamata anche dall\u2019<strong>arcivescovo Lauro<\/strong>, incarna lo spirito con cui l\u2019<strong>Istituto Superiore di Scienze Religiose Romano Guardini<\/strong> e l\u2019<strong>Istituto Teologico Affiliato<\/strong> cercano di dare risposta all\u2019ansia di conoscenza nel campo teologico sul territorio trentino. La prolusione del <strong><a href=\"https:\/\/www.diocesitn.it\/site\/donne-e-potere-nella-bibbia-la-teologa-donatella-scaiola-apre-lanno-accademico-dellissr-guardini\/\">nuovo Anno Accademico<\/a> <\/strong>(2021-2022), marted\u00ec 8 febbraio, (preceduta anche dalle parole di don Andrea Decarli, don Tiziano Telch e Leonardo Paris) \u00e8 stata affidata alla biblista <strong>Donatella Scaiola<\/strong> sul tema \u201c<strong>Donne e potere nella Bibbia<\/strong>\u201d.<\/p>\n<h5>Debora ed Ester<\/h5>\n<p>Soffermandosi sulle pagine dell\u2019Antico Testamento, la studiosa si \u00e8 concentrata in particolare sulla profetessa <strong>Debora<\/strong> (dal Libro dei Giudici) che \u201ccambia le prospettive di genere, parlando a nome di Dio\u201d e sulla regina <strong>Ester<\/strong> (dal Libro omonimo).\u00a0\u00a0\u201cLa loro storia \u2013 sottolinea Scaiola \u2013,\u00a0 \u00a0mostra un <strong>Dio nascosto<\/strong>, la cui presenza va individuata nella storia, un Dio che consegna dei valori che ritroviamo rappresentati nella diaspora, nella marginalit\u00e0, nella debolezza\u201d. \u201cEntrambe <strong>incarnano un modello di potere come servizio<\/strong>, che si esprime soprattutto nell\u2019esposizione di s\u00e9: una scelta che non garantisce il successo ma che rappresenta per noi una lezione di particolare attualit\u00e0\u201d.<\/p>\n<h5>&#8220;Anche nella Chiesa le donne possano decidere&#8221;<\/h5>\n<p>Un concetto sul quale si era ampiamente soffermato nel suo intervento introduttivo l<strong>\u2019arcivescovo Lauro<\/strong>: \u201cLo spirito ci aiuti \u2013 ha detto \u2013 a riscrivere la modalit\u00e0 con cui gestire il potere, sulle corde di quella interpretazione stupenda che ne ha fatto Ges\u00f9 di Nazareth in quei piedi lavati e in quel suo abbassarsi che \u00e8 la cifra su cui pensare il potere\u201d. Circa poi il rapporto tra donne e potere don Lauro nota: \u201cSe spesso nella Chiesa il potere ha assunto la connotazione di violenza, aggressivit\u00e0 e dominio, \u00e8 perch\u00e9 nella Chiesa le donne sono lontane dall\u2019assunzione di responsabilit\u00e0 pi\u00f9 grandi. L\u2019auspicio \u00e8 che, rileggendo le pagine della Scrittura, possiamo avere il coraggio di inserire in maniera strutturale le donne l\u00ec dove si prendono decisioni nella Chiesa, per impedire al potere &#8211; conclude l&#8217;Arcivescovo &#8211; di diventare arbitrio e per essere invece forza mite del meraviglioso Dio che, proprio perch\u00e9 ha potere, si abbassa per servire\u201d.<\/p>\n<p><img loading=\"lazy\" decoding=\"async\" class=\"alignnone wp-image-7979\" src=\"https:\/\/www.diocesitn.it\/wp-content\/uploads\/sites\/38\/2022\/02\/prolusione_issr_guardini_8feb2022--300x200.jpg\" alt=\"\" width=\"473\" height=\"315\" srcset=\"https:\/\/www.diocesitn.it\/area-cultura\/wp-content\/uploads\/sites\/38\/2022\/02\/prolusione_issr_guardini_8feb2022--300x200.jpg 300w, https:\/\/www.diocesitn.it\/area-cultura\/wp-content\/uploads\/sites\/38\/2022\/02\/prolusione_issr_guardini_8feb2022--1024x683.jpg 1024w, https:\/\/www.diocesitn.it\/area-cultura\/wp-content\/uploads\/sites\/38\/2022\/02\/prolusione_issr_guardini_8feb2022--768x512.jpg 768w, https:\/\/www.diocesitn.it\/area-cultura\/wp-content\/uploads\/sites\/38\/2022\/02\/prolusione_issr_guardini_8feb2022--360x240.jpg 360w, https:\/\/www.diocesitn.it\/area-cultura\/wp-content\/uploads\/sites\/38\/2022\/02\/prolusione_issr_guardini_8feb2022--1536x1024.jpg 1536w, https:\/\/www.diocesitn.it\/area-cultura\/wp-content\/uploads\/sites\/38\/2022\/02\/prolusione_issr_guardini_8feb2022--800x533.jpg 800w, https:\/\/www.diocesitn.it\/area-cultura\/wp-content\/uploads\/sites\/38\/2022\/02\/prolusione_issr_guardini_8feb2022--1200x800.jpg 1200w, https:\/\/www.diocesitn.it\/area-cultura\/wp-content\/uploads\/sites\/38\/2022\/02\/prolusione_issr_guardini_8feb2022--272x182.jpg 272w, https:\/\/www.diocesitn.it\/area-cultura\/wp-content\/uploads\/sites\/38\/2022\/02\/prolusione_issr_guardini_8feb2022-.jpg 1773w\" sizes=\"auto, (max-width: 473px) 100vw, 473px\" \/><\/p>\n<p>L&#8217;incontro, trasmesso in diretta streaming (rivedi sotto), si \u00e8 tenuto nelle aule del Seminario diocesano che ospita le due istituzioni accademiche. Applausi agli studenti che hanno completato il loro percorso di studi con la consegna dei Diplomi di Laurea e Laurea Magistrale in Scienze Religiose.<\/p>\n<p>&nbsp;<\/p>\n<p><iframe loading=\"lazy\" title=\"Prolusione dell\u2019anno accademico dell\u2019ISSR Romano Guardini - con Donatella Scaiola - 8\/2 ore 17.30\" width=\"800\" height=\"450\" src=\"https:\/\/www.youtube.com\/embed\/4SLieD3Itgo?feature=oembed\" frameborder=\"0\" allow=\"accelerometer; autoplay; clipboard-write; encrypted-media; gyroscope; picture-in-picture\" allowfullscreen><\/iframe><\/p>\n<p>FOTO ZOTTA<\/p>\n","protected":false},"excerpt":{"rendered":"<p>\u201cSiamo una bella squadra che cerca di lavorare insieme all\u2019interno di un serio cammino di formazione\u201d. Un\u2019immagine dal sapore sportivo, evocata dal direttore don Stefano Zeni e richiamata anche dall\u2019arcivescovo Lauro, incarna lo spirito con<\/p>\n","protected":false},"author":3,"featured_media":0,"comment_status":"closed","ping_status":"closed","sticky":false,"template":"","format":"standard","meta":{"footnotes":""},"categories":[1],"tags":[],"class_list":["post-7978","post","type-post","status-publish","format-standard","hentry","category-senza-categoria"],"acf":{"seed-localization-paese-cod":"IT","seed-localization-address":"","seed-localization-citta":"Trento","seed-localization-regione-cod-istat":"04","seed-localization-citta-cod-istat":"022205","seed-localization-localita":"","seed-localization-cap":"","seed-localization-marker-visibility":false,"seed-localization-children-visibility":false,"seed-localization-kml":"","seed-localization-custom-marker":""},"yoast_head":"<!-- This site is optimized with the Yoast SEO Premium plugin v20.2.1 (Yoast SEO v22.2) - https:\/\/yoast.com\/wordpress\/plugins\/seo\/ -->\n<title>&quot;Nella Bibbia le donne incarnano il potere come servizio&quot;. Donatella Scaiola alla prolusione dell&#039;ISSR Guardini - Cultura<\/title>\n<meta name=\"robots\" content=\"index, follow, max-snippet:-1, max-image-preview:large, max-video-preview:-1\" \/>\n<link rel=\"canonical\" href=\"https:\/\/www.diocesitn.it\/area-cultura\/2022\/02\/09\/nella-bibbia-le-donne-incarnano-il-potere-come-servizio-donatella-scaiola-alla-prolusione-dellissr-guardini\/\" \/>\n<meta property=\"og:locale\" content=\"it_IT\" \/>\n<meta property=\"og:type\" content=\"article\" \/>\n<meta property=\"og:title\" content=\"&quot;Nella Bibbia le donne incarnano il potere come servizio&quot;. Donatella Scaiola alla prolusione dell&#039;ISSR Guardini\" \/>\n<meta property=\"og:description\" content=\"\u201cSiamo una bella squadra che cerca di lavorare insieme all\u2019interno di un serio cammino di formazione\u201d. Un\u2019immagine dal sapore sportivo, evocata dal direttore don Stefano Zeni e richiamata anche dall\u2019arcivescovo Lauro, incarna lo spirito con\" \/>\n<meta property=\"og:url\" content=\"https:\/\/www.diocesitn.it\/area-cultura\/2022\/02\/09\/nella-bibbia-le-donne-incarnano-il-potere-come-servizio-donatella-scaiola-alla-prolusione-dellissr-guardini\/\" \/>\n<meta property=\"og:site_name\" content=\"Cultura\" \/>\n<meta property=\"article:published_time\" content=\"2022-02-09T14:49:05+00:00\" \/>\n<meta property=\"article:modified_time\" content=\"2022-02-15T08:42:35+00:00\" \/>\n<meta property=\"og:image\" content=\"https:\/\/www.diocesitn.it\/wp-content\/uploads\/sites\/38\/2022\/02\/prolusione_issr_guardini_8feb2022--300x200.jpg\" \/>\n<meta name=\"author\" content=\"Piergiorgio Franceschini\" \/>\n<meta name=\"twitter:card\" content=\"summary_large_image\" \/>\n<meta name=\"twitter:label1\" content=\"Scritto da\" \/>\n\t<meta name=\"twitter:data1\" content=\"Piergiorgio Franceschini\" \/>\n\t<meta name=\"twitter:label2\" content=\"Tempo di lettura stimato\" \/>\n\t<meta name=\"twitter:data2\" content=\"2 minuti\" \/>\n<script type=\"application\/ld+json\" class=\"yoast-schema-graph\">{\"@context\":\"https:\/\/schema.org\",\"@graph\":[{\"@type\":\"Article\",\"@id\":\"https:\/\/www.diocesitn.it\/area-cultura\/2022\/02\/09\/nella-bibbia-le-donne-incarnano-il-potere-come-servizio-donatella-scaiola-alla-prolusione-dellissr-guardini\/#article\",\"isPartOf\":{\"@id\":\"https:\/\/www.diocesitn.it\/area-cultura\/2022\/02\/09\/nella-bibbia-le-donne-incarnano-il-potere-come-servizio-donatella-scaiola-alla-prolusione-dellissr-guardini\/\"},\"author\":{\"name\":\"Piergiorgio Franceschini\",\"@id\":\"https:\/\/www.diocesitn.it\/area-cultura\/#\/schema\/person\/99590c84577873a025247b6aeb16ad2e\"},\"headline\":\"&#8220;Nella Bibbia le donne incarnano il potere come servizio&#8221;. Donatella Scaiola alla prolusione dell&#8217;ISSR Guardini\",\"datePublished\":\"2022-02-09T14:49:05+00:00\",\"dateModified\":\"2022-02-15T08:42:35+00:00\",\"mainEntityOfPage\":{\"@id\":\"https:\/\/www.diocesitn.it\/area-cultura\/2022\/02\/09\/nella-bibbia-le-donne-incarnano-il-potere-come-servizio-donatella-scaiola-alla-prolusione-dellissr-guardini\/\"},\"wordCount\":437,\"publisher\":{\"@id\":\"https:\/\/www.diocesitn.it\/area-cultura\/#organization\"},\"image\":{\"@id\":\"https:\/\/www.diocesitn.it\/area-cultura\/2022\/02\/09\/nella-bibbia-le-donne-incarnano-il-potere-come-servizio-donatella-scaiola-alla-prolusione-dellissr-guardini\/#primaryimage\"},\"thumbnailUrl\":\"https:\/\/www.diocesitn.it\/wp-content\/uploads\/sites\/38\/2022\/02\/prolusione_issr_guardini_8feb2022--300x200.jpg\",\"inLanguage\":\"it-IT\",\"copyrightYear\":\"2022\",\"copyrightHolder\":{\"@id\":\"https:\/\/www.diocesitn.it\/#organization\"}},{\"@type\":\"WebPage\",\"@id\":\"https:\/\/www.diocesitn.it\/area-cultura\/2022\/02\/09\/nella-bibbia-le-donne-incarnano-il-potere-come-servizio-donatella-scaiola-alla-prolusione-dellissr-guardini\/\",\"url\":\"https:\/\/www.diocesitn.it\/area-cultura\/2022\/02\/09\/nella-bibbia-le-donne-incarnano-il-potere-come-servizio-donatella-scaiola-alla-prolusione-dellissr-guardini\/\",\"name\":\"\\\"Nella Bibbia le donne incarnano il potere come servizio\\\". Donatella Scaiola alla prolusione dell'ISSR Guardini - Cultura\",\"isPartOf\":{\"@id\":\"https:\/\/www.diocesitn.it\/area-cultura\/#website\"},\"primaryImageOfPage\":{\"@id\":\"https:\/\/www.diocesitn.it\/area-cultura\/2022\/02\/09\/nella-bibbia-le-donne-incarnano-il-potere-come-servizio-donatella-scaiola-alla-prolusione-dellissr-guardini\/#primaryimage\"},\"image\":{\"@id\":\"https:\/\/www.diocesitn.it\/area-cultura\/2022\/02\/09\/nella-bibbia-le-donne-incarnano-il-potere-come-servizio-donatella-scaiola-alla-prolusione-dellissr-guardini\/#primaryimage\"},\"thumbnailUrl\":\"https:\/\/www.diocesitn.it\/wp-content\/uploads\/sites\/38\/2022\/02\/prolusione_issr_guardini_8feb2022--300x200.jpg\",\"datePublished\":\"2022-02-09T14:49:05+00:00\",\"dateModified\":\"2022-02-15T08:42:35+00:00\",\"breadcrumb\":{\"@id\":\"https:\/\/www.diocesitn.it\/area-cultura\/2022\/02\/09\/nella-bibbia-le-donne-incarnano-il-potere-come-servizio-donatella-scaiola-alla-prolusione-dellissr-guardini\/#breadcrumb\"},\"inLanguage\":\"it-IT\",\"potentialAction\":[{\"@type\":\"ReadAction\",\"target\":[\"https:\/\/www.diocesitn.it\/area-cultura\/2022\/02\/09\/nella-bibbia-le-donne-incarnano-il-potere-come-servizio-donatella-scaiola-alla-prolusione-dellissr-guardini\/\"]}]},{\"@type\":\"ImageObject\",\"inLanguage\":\"it-IT\",\"@id\":\"https:\/\/www.diocesitn.it\/area-cultura\/2022\/02\/09\/nella-bibbia-le-donne-incarnano-il-potere-come-servizio-donatella-scaiola-alla-prolusione-dellissr-guardini\/#primaryimage\",\"url\":\"https:\/\/www.diocesitn.it\/wp-content\/uploads\/sites\/38\/2022\/02\/prolusione_issr_guardini_8feb2022--300x200.jpg\",\"contentUrl\":\"https:\/\/www.diocesitn.it\/wp-content\/uploads\/sites\/38\/2022\/02\/prolusione_issr_guardini_8feb2022--300x200.jpg\"},{\"@type\":\"BreadcrumbList\",\"@id\":\"https:\/\/www.diocesitn.it\/area-cultura\/2022\/02\/09\/nella-bibbia-le-donne-incarnano-il-potere-come-servizio-donatella-scaiola-alla-prolusione-dellissr-guardini\/#breadcrumb\",\"itemListElement\":[{\"@type\":\"ListItem\",\"position\":1,\"name\":\"Home\",\"item\":\"https:\/\/www.diocesitn.it\/area-cultura\/\"},{\"@type\":\"ListItem\",\"position\":2,\"name\":\"&#8220;Nella Bibbia le donne incarnano il potere come servizio&#8221;. Donatella Scaiola alla prolusione dell&#8217;ISSR Guardini\"}]},{\"@type\":\"WebSite\",\"@id\":\"https:\/\/www.diocesitn.it\/area-cultura\/#website\",\"url\":\"https:\/\/www.diocesitn.it\/area-cultura\/\",\"name\":\"Cultura\",\"description\":\"Chiesa di Trento\",\"publisher\":{\"@id\":\"https:\/\/www.diocesitn.it\/area-cultura\/#organization\"},\"potentialAction\":[{\"@type\":\"SearchAction\",\"target\":{\"@type\":\"EntryPoint\",\"urlTemplate\":\"https:\/\/www.diocesitn.it\/area-cultura\/?s={search_term_string}\"},\"query-input\":\"required name=search_term_string\"}],\"inLanguage\":\"it-IT\"},{\"@type\":[\"Organization\",\"Place\"],\"@id\":\"https:\/\/www.diocesitn.it\/area-cultura\/#organization\",\"name\":\"Area Cultura - Chiesa di Trento\",\"url\":\"https:\/\/www.diocesitn.it\/area-cultura\/\",\"logo\":{\"@id\":\"https:\/\/www.diocesitn.it\/area-cultura\/2022\/02\/09\/nella-bibbia-le-donne-incarnano-il-potere-come-servizio-donatella-scaiola-alla-prolusione-dellissr-guardini\/#local-main-organization-logo\"},\"image\":{\"@id\":\"https:\/\/www.diocesitn.it\/area-cultura\/2022\/02\/09\/nella-bibbia-le-donne-incarnano-il-potere-come-servizio-donatella-scaiola-alla-prolusione-dellissr-guardini\/#local-main-organization-logo\"},\"sameAs\":[\"https:\/\/www.youtube.com\/channel\/UCfWD2n-N6WTCg2P_UA72H6Q\"],\"openingHoursSpecification\":[{\"@type\":\"OpeningHoursSpecification\",\"dayOfWeek\":[\"Monday\",\"Tuesday\",\"Wednesday\",\"Thursday\",\"Friday\",\"Saturday\",\"Sunday\"],\"opens\":\"09:00\",\"closes\":\"17:00\"}]},{\"@type\":\"ImageObject\",\"inLanguage\":\"it-IT\",\"@id\":\"https:\/\/www.diocesitn.it\/area-cultura\/2022\/02\/09\/nella-bibbia-le-donne-incarnano-il-potere-come-servizio-donatella-scaiola-alla-prolusione-dellissr-guardini\/#local-main-organization-logo\",\"url\":\"https:\/\/www.diocesitn.it\/area-cultura\/wp-content\/uploads\/sites\/38\/2021\/09\/og-logo-cultura.jpg\",\"contentUrl\":\"https:\/\/www.diocesitn.it\/area-cultura\/wp-content\/uploads\/sites\/38\/2021\/09\/og-logo-cultura.jpg\",\"width\":1200,\"height\":630,\"caption\":\"Area Cultura - Chiesa di Trento\"}]}<\/script>\n<!-- \/ Yoast SEO Premium plugin. -->","yoast_head_json":{"title":"\"Nella Bibbia le donne incarnano il potere come servizio\". Donatella Scaiola alla prolusione dell'ISSR Guardini - Cultura","robots":{"index":"index","follow":"follow","max-snippet":"max-snippet:-1","max-image-preview":"max-image-preview:large","max-video-preview":"max-video-preview:-1"},"canonical":"https:\/\/www.diocesitn.it\/area-cultura\/2022\/02\/09\/nella-bibbia-le-donne-incarnano-il-potere-come-servizio-donatella-scaiola-alla-prolusione-dellissr-guardini\/","og_locale":"it_IT","og_type":"article","og_title":"\"Nella Bibbia le donne incarnano il potere come servizio\". Donatella Scaiola alla prolusione dell'ISSR Guardini","og_description":"\u201cSiamo una bella squadra che cerca di lavorare insieme all\u2019interno di un serio cammino di formazione\u201d. Un\u2019immagine dal sapore sportivo, evocata dal direttore don Stefano Zeni e richiamata anche dall\u2019arcivescovo Lauro, incarna lo spirito con","og_url":"https:\/\/www.diocesitn.it\/area-cultura\/2022\/02\/09\/nella-bibbia-le-donne-incarnano-il-potere-come-servizio-donatella-scaiola-alla-prolusione-dellissr-guardini\/","og_site_name":"Cultura","article_published_time":"2022-02-09T14:49:05+00:00","article_modified_time":"2022-02-15T08:42:35+00:00","og_image":[{"url":"https:\/\/www.diocesitn.it\/wp-content\/uploads\/sites\/38\/2022\/02\/prolusione_issr_guardini_8feb2022--300x200.jpg"}],"author":"Piergiorgio Franceschini","twitter_card":"summary_large_image","twitter_misc":{"Scritto da":"Piergiorgio Franceschini","Tempo di lettura stimato":"2 minuti"},"schema":{"@context":"https:\/\/schema.org","@graph":[{"@type":"Article","@id":"https:\/\/www.diocesitn.it\/area-cultura\/2022\/02\/09\/nella-bibbia-le-donne-incarnano-il-potere-come-servizio-donatella-scaiola-alla-prolusione-dellissr-guardini\/#article","isPartOf":{"@id":"https:\/\/www.diocesitn.it\/area-cultura\/2022\/02\/09\/nella-bibbia-le-donne-incarnano-il-potere-come-servizio-donatella-scaiola-alla-prolusione-dellissr-guardini\/"},"author":{"name":"Piergiorgio Franceschini","@id":"https:\/\/www.diocesitn.it\/area-cultura\/#\/schema\/person\/99590c84577873a025247b6aeb16ad2e"},"headline":"&#8220;Nella Bibbia le donne incarnano il potere come servizio&#8221;. Donatella Scaiola alla prolusione dell&#8217;ISSR Guardini","datePublished":"2022-02-09T14:49:05+00:00","dateModified":"2022-02-15T08:42:35+00:00","mainEntityOfPage":{"@id":"https:\/\/www.diocesitn.it\/area-cultura\/2022\/02\/09\/nella-bibbia-le-donne-incarnano-il-potere-come-servizio-donatella-scaiola-alla-prolusione-dellissr-guardini\/"},"wordCount":437,"publisher":{"@id":"https:\/\/www.diocesitn.it\/area-cultura\/#organization"},"image":{"@id":"https:\/\/www.diocesitn.it\/area-cultura\/2022\/02\/09\/nella-bibbia-le-donne-incarnano-il-potere-come-servizio-donatella-scaiola-alla-prolusione-dellissr-guardini\/#primaryimage"},"thumbnailUrl":"https:\/\/www.diocesitn.it\/wp-content\/uploads\/sites\/38\/2022\/02\/prolusione_issr_guardini_8feb2022--300x200.jpg","inLanguage":"it-IT","copyrightYear":"2022","copyrightHolder":{"@id":"https:\/\/www.diocesitn.it\/#organization"}},{"@type":"WebPage","@id":"https:\/\/www.diocesitn.it\/area-cultura\/2022\/02\/09\/nella-bibbia-le-donne-incarnano-il-potere-come-servizio-donatella-scaiola-alla-prolusione-dellissr-guardini\/","url":"https:\/\/www.diocesitn.it\/area-cultura\/2022\/02\/09\/nella-bibbia-le-donne-incarnano-il-potere-come-servizio-donatella-scaiola-alla-prolusione-dellissr-guardini\/","name":"\"Nella Bibbia le donne incarnano il potere come servizio\". Donatella Scaiola alla prolusione dell'ISSR Guardini - Cultura","isPartOf":{"@id":"https:\/\/www.diocesitn.it\/area-cultura\/#website"},"primaryImageOfPage":{"@id":"https:\/\/www.diocesitn.it\/area-cultura\/2022\/02\/09\/nella-bibbia-le-donne-incarnano-il-potere-come-servizio-donatella-scaiola-alla-prolusione-dellissr-guardini\/#primaryimage"},"image":{"@id":"https:\/\/www.diocesitn.it\/area-cultura\/2022\/02\/09\/nella-bibbia-le-donne-incarnano-il-potere-come-servizio-donatella-scaiola-alla-prolusione-dellissr-guardini\/#primaryimage"},"thumbnailUrl":"https:\/\/www.diocesitn.it\/wp-content\/uploads\/sites\/38\/2022\/02\/prolusione_issr_guardini_8feb2022--300x200.jpg","datePublished":"2022-02-09T14:49:05+00:00","dateModified":"2022-02-15T08:42:35+00:00","breadcrumb":{"@id":"https:\/\/www.diocesitn.it\/area-cultura\/2022\/02\/09\/nella-bibbia-le-donne-incarnano-il-potere-come-servizio-donatella-scaiola-alla-prolusione-dellissr-guardini\/#breadcrumb"},"inLanguage":"it-IT","potentialAction":[{"@type":"ReadAction","target":["https:\/\/www.diocesitn.it\/area-cultura\/2022\/02\/09\/nella-bibbia-le-donne-incarnano-il-potere-come-servizio-donatella-scaiola-alla-prolusione-dellissr-guardini\/"]}]},{"@type":"ImageObject","inLanguage":"it-IT","@id":"https:\/\/www.diocesitn.it\/area-cultura\/2022\/02\/09\/nella-bibbia-le-donne-incarnano-il-potere-come-servizio-donatella-scaiola-alla-prolusione-dellissr-guardini\/#primaryimage","url":"https:\/\/www.diocesitn.it\/wp-content\/uploads\/sites\/38\/2022\/02\/prolusione_issr_guardini_8feb2022--300x200.jpg","contentUrl":"https:\/\/www.diocesitn.it\/wp-content\/uploads\/sites\/38\/2022\/02\/prolusione_issr_guardini_8feb2022--300x200.jpg"},{"@type":"BreadcrumbList","@id":"https:\/\/www.diocesitn.it\/area-cultura\/2022\/02\/09\/nella-bibbia-le-donne-incarnano-il-potere-come-servizio-donatella-scaiola-alla-prolusione-dellissr-guardini\/#breadcrumb","itemListElement":[{"@type":"ListItem","position":1,"name":"Home","item":"https:\/\/www.diocesitn.it\/area-cultura\/"},{"@type":"ListItem","position":2,"name":"&#8220;Nella Bibbia le donne incarnano il potere come servizio&#8221;. Donatella Scaiola alla prolusione dell&#8217;ISSR Guardini"}]},{"@type":"WebSite","@id":"https:\/\/www.diocesitn.it\/area-cultura\/#website","url":"https:\/\/www.diocesitn.it\/area-cultura\/","name":"Cultura","description":"Chiesa di Trento","publisher":{"@id":"https:\/\/www.diocesitn.it\/area-cultura\/#organization"},"potentialAction":[{"@type":"SearchAction","target":{"@type":"EntryPoint","urlTemplate":"https:\/\/www.diocesitn.it\/area-cultura\/?s={search_term_string}"},"query-input":"required name=search_term_string"}],"inLanguage":"it-IT"},{"@type":["Organization","Place"],"@id":"https:\/\/www.diocesitn.it\/area-cultura\/#organization","name":"Area Cultura - Chiesa di Trento","url":"https:\/\/www.diocesitn.it\/area-cultura\/","logo":{"@id":"https:\/\/www.diocesitn.it\/area-cultura\/2022\/02\/09\/nella-bibbia-le-donne-incarnano-il-potere-come-servizio-donatella-scaiola-alla-prolusione-dellissr-guardini\/#local-main-organization-logo"},"image":{"@id":"https:\/\/www.diocesitn.it\/area-cultura\/2022\/02\/09\/nella-bibbia-le-donne-incarnano-il-potere-come-servizio-donatella-scaiola-alla-prolusione-dellissr-guardini\/#local-main-organization-logo"},"sameAs":["https:\/\/www.youtube.com\/channel\/UCfWD2n-N6WTCg2P_UA72H6Q"],"openingHoursSpecification":[{"@type":"OpeningHoursSpecification","dayOfWeek":["Monday","Tuesday","Wednesday","Thursday","Friday","Saturday","Sunday"],"opens":"09:00","closes":"17:00"}]},{"@type":"ImageObject","inLanguage":"it-IT","@id":"https:\/\/www.diocesitn.it\/area-cultura\/2022\/02\/09\/nella-bibbia-le-donne-incarnano-il-potere-come-servizio-donatella-scaiola-alla-prolusione-dellissr-guardini\/#local-main-organization-logo","url":"https:\/\/www.diocesitn.it\/area-cultura\/wp-content\/uploads\/sites\/38\/2021\/09\/og-logo-cultura.jpg","contentUrl":"https:\/\/www.diocesitn.it\/area-cultura\/wp-content\/uploads\/sites\/38\/2021\/09\/og-logo-cultura.jpg","width":1200,"height":630,"caption":"Area Cultura - Chiesa di Trento"}]}},"_links":{"self":[{"href":"https:\/\/www.diocesitn.it\/area-cultura\/wp-json\/wp\/v2\/posts\/7978","targetHints":{"allow":["GET"]}}],"collection":[{"href":"https:\/\/www.diocesitn.it\/area-cultura\/wp-json\/wp\/v2\/posts"}],"about":[{"href":"https:\/\/www.diocesitn.it\/area-cultura\/wp-json\/wp\/v2\/types\/post"}],"author":[{"embeddable":true,"href":"https:\/\/www.diocesitn.it\/area-cultura\/wp-json\/wp\/v2\/users\/3"}],"replies":[{"embeddable":true,"href":"https:\/\/www.diocesitn.it\/area-cultura\/wp-json\/wp\/v2\/comments?post=7978"}],"version-history":[{"count":2,"href":"https:\/\/www.diocesitn.it\/area-cultura\/wp-json\/wp\/v2\/posts\/7978\/revisions"}],"predecessor-version":[{"id":8007,"href":"https:\/\/www.diocesitn.it\/area-cultura\/wp-json\/wp\/v2\/posts\/7978\/revisions\/8007"}],"wp:attachment":[{"href":"https:\/\/www.diocesitn.it\/area-cultura\/wp-json\/wp\/v2\/media?parent=7978"}],"wp:term":[{"taxonomy":"category","embeddable":true,"href":"https:\/\/www.diocesitn.it\/area-cultura\/wp-json\/wp\/v2\/categories?post=7978"},{"taxonomy":"post_tag","embeddable":true,"href":"https:\/\/www.diocesitn.it\/area-cultura\/wp-json\/wp\/v2\/tags?post=7978"}],"curies":[{"name":"wp","href":"https:\/\/api.w.org\/{rel}","templated":true}]}}