{"id":7942,"date":"2022-02-10T14:21:50","date_gmt":"2022-02-10T13:21:50","guid":{"rendered":"https:\/\/www.diocesitn.it\/area-cultura\/?p=7942"},"modified":"2022-04-04T11:50:58","modified_gmt":"2022-04-04T09:50:58","slug":"cattedra-del-confronto-edizione-2022","status":"publish","type":"post","link":"https:\/\/www.diocesitn.it\/area-cultura\/2022\/02\/10\/cattedra-del-confronto-edizione-2022\/","title":{"rendered":"Cattedra del Confronto &#8211; edizione 2022"},"content":{"rendered":"<h6><a href=\"https:\/\/www.diocesitn.it\/area-cultura\/wp-content\/uploads\/sites\/38\/2022\/02\/Cattedra-2022_Cittadinanza-Condivisa_A4_web.pdf\">locandina\u00a0\u00a0<\/a><\/h6>\n<h6><a href=\"https:\/\/www.youtube.com\/watch?v=txmPNMA-GYY&amp;t=61s\">guarda il video promo<\/a><\/h6>\n<p>Anche quest&#8217;anno l&#8217;Arcidiocesi di Trento &#8211; Area Cultura propone gli incontri della <strong>Cattedra del Confronto <\/strong>dal titolo <em>Per una cittadinanza condivisa: uguaglianza, libert\u00e0, fraternit\u00e0<\/em>. Il tema sar\u00e0 sviluppato in tre serate con un confronto fra due relatori:<\/p>\n<ul>\n<li style=\"list-style-type: none\">\n<ul>\n<li>14.3\u00a0<a href=\"https:\/\/www.youtube.com\/watch?v=g7Y6IY9ZTjc\"><em> Uguaglianza\u00a0&#8211;<\/em> Elsa Fornero (economista) e Giacomo Costa (gesuita)<\/a><\/li>\n<li>21.3\u00a0 <em>Libert\u00e0 &#8211; <\/em>Roberta De Monticelli (filosofo) e Kurt Appel (teologo e filosofo)<\/li>\n<li>28.3\u00a0 <i>Fraternit\u00e0 <\/i>&#8211; Isabella Guanzini (filosofa e teologa) e Edoardo Albinati (scrittore)<\/li>\n<\/ul>\n<\/li>\n<\/ul>\n<p>Sede degli incontri: Aula Magna Arcivescovile &#8211; via Endrici, 23 Trento (possibilit\u00e0 di parcheggio entrata da via Giusti,15)<br \/>\nInizio: ore 20.45<\/p>\n<p>Partecipazione in presenza consentita, nel rispetto delle norme vigenti (Green Pass Rafforzato e mascherina FFP2), fino ad esaurimento posti.<\/p>\n","protected":false},"excerpt":{"rendered":"<p>locandina\u00a0\u00a0 guarda il video promo Anche quest&#8217;anno l&#8217;Arcidiocesi di Trento &#8211; Area Cultura propone gli incontri della Cattedra del Confronto dal titolo Per una cittadinanza condivisa: uguaglianza, libert\u00e0, fraternit\u00e0. Il tema sar\u00e0 sviluppato in tre<\/p>\n","protected":false},"author":9,"featured_media":7965,"comment_status":"closed","ping_status":"closed","sticky":false,"template":"","format":"standard","meta":{"footnotes":""},"categories":[461,329],"tags":[435,269,543,539,546,540,542,383,545,541,544],"class_list":["post-7942","post","type-post","status-publish","format-standard","has-post-thumbnail","hentry","category-cultura","category-notizie","tag-arcidiocesi-di-trento","tag-cattedra-del-confronto","tag-edoardo-albinati","tag-elsa-fornero","tag-fraternita","tag-giacomo-costa","tag-isabella-guanzini","tag-kurt-appel","tag-liberta","tag-roberta-de-monticelli","tag-uguaglianza"],"acf":{"seed-localization-paese-cod":"IT","seed-localization-address":"","seed-localization-citta":"Trento","seed-localization-regione-cod-istat":"04","seed-localization-citta-cod-istat":"022205","seed-localization-localita":"","seed-localization-cap":"","seed-localization-marker-visibility":false,"seed-localization-children-visibility":false,"seed-localization-kml":"","seed-localization-custom-marker":""},"yoast_head":"<!-- This site is optimized with the Yoast SEO Premium plugin v20.2.1 (Yoast SEO v22.2) - https:\/\/yoast.com\/wordpress\/plugins\/seo\/ -->\n<title>Cattedra del Confronto - edizione 2022 - Cultura<\/title>\n<meta name=\"robots\" content=\"index, follow, max-snippet:-1, max-image-preview:large, max-video-preview:-1\" \/>\n<link rel=\"canonical\" href=\"https:\/\/www.diocesitn.it\/area-cultura\/2022\/02\/10\/cattedra-del-confronto-edizione-2022\/\" \/>\n<meta property=\"og:locale\" content=\"it_IT\" \/>\n<meta property=\"og:type\" content=\"article\" \/>\n<meta property=\"og:title\" content=\"Cattedra del Confronto - edizione 2022\" \/>\n<meta property=\"og:description\" content=\"locandina\u00a0\u00a0 guarda il video promo Anche quest&#8217;anno l&#8217;Arcidiocesi di Trento &#8211; Area Cultura propone gli incontri della Cattedra del Confronto dal titolo Per una cittadinanza condivisa: uguaglianza, libert\u00e0, fraternit\u00e0. Il tema sar\u00e0 sviluppato in tre\" \/>\n<meta property=\"og:url\" content=\"https:\/\/www.diocesitn.it\/area-cultura\/2022\/02\/10\/cattedra-del-confronto-edizione-2022\/\" \/>\n<meta property=\"og:site_name\" content=\"Cultura\" \/>\n<meta property=\"article:published_time\" content=\"2022-02-10T13:21:50+00:00\" \/>\n<meta property=\"article:modified_time\" content=\"2022-04-04T09:50:58+00:00\" \/>\n<meta property=\"og:image\" content=\"https:\/\/www.diocesitn.it\/area-cultura\/wp-content\/uploads\/sites\/38\/2022\/02\/Cattedra-2022_Cittadinanza-Condivisa_A4_web.jpg\" \/>\n\t<meta property=\"og:image:width\" content=\"2480\" \/>\n\t<meta property=\"og:image:height\" content=\"962\" \/>\n\t<meta property=\"og:image:type\" content=\"image\/jpeg\" \/>\n<meta name=\"author\" content=\"msignorati\" \/>\n<meta name=\"twitter:card\" content=\"summary_large_image\" \/>\n<meta name=\"twitter:label1\" content=\"Scritto da\" \/>\n\t<meta name=\"twitter:data1\" content=\"msignorati\" \/>\n\t<meta name=\"twitter:label2\" content=\"Tempo di lettura stimato\" \/>\n\t<meta name=\"twitter:data2\" content=\"1 minuto\" \/>\n<script type=\"application\/ld+json\" class=\"yoast-schema-graph\">{\"@context\":\"https:\/\/schema.org\",\"@graph\":[{\"@type\":\"Article\",\"@id\":\"https:\/\/www.diocesitn.it\/area-cultura\/2022\/02\/10\/cattedra-del-confronto-edizione-2022\/#article\",\"isPartOf\":{\"@id\":\"https:\/\/www.diocesitn.it\/area-cultura\/2022\/02\/10\/cattedra-del-confronto-edizione-2022\/\"},\"author\":{\"name\":\"msignorati\",\"@id\":\"https:\/\/www.diocesitn.it\/area-cultura\/#\/schema\/person\/53a7aea655a4af1e888601137ff67146\"},\"headline\":\"Cattedra del Confronto &#8211; edizione 2022\",\"datePublished\":\"2022-02-10T13:21:50+00:00\",\"dateModified\":\"2022-04-04T09:50:58+00:00\",\"mainEntityOfPage\":{\"@id\":\"https:\/\/www.diocesitn.it\/area-cultura\/2022\/02\/10\/cattedra-del-confronto-edizione-2022\/\"},\"wordCount\":117,\"publisher\":{\"@id\":\"https:\/\/www.diocesitn.it\/area-cultura\/#organization\"},\"image\":{\"@id\":\"https:\/\/www.diocesitn.it\/area-cultura\/2022\/02\/10\/cattedra-del-confronto-edizione-2022\/#primaryimage\"},\"thumbnailUrl\":\"https:\/\/www.diocesitn.it\/area-cultura\/wp-content\/uploads\/sites\/38\/2022\/02\/Cattedra-2022_Cittadinanza-Condivisa_A4_web.jpg\",\"keywords\":[\"Arcidiocesi di Trento\",\"Cattedra del confronto\",\"Edoardo Albinati\",\"Elsa Fornero\",\"Fraternit\u00e0\",\"Giacomo Costa\",\"Isabella Guanzini\",\"Kurt Appel\",\"Libert\u00e0\",\"Roberta De Monticelli\",\"Uguaglianza\"],\"articleSection\":[\"Cultura\",\"Notizie\"],\"inLanguage\":\"it-IT\",\"copyrightYear\":\"2022\",\"copyrightHolder\":{\"@id\":\"https:\/\/www.diocesitn.it\/#organization\"}},{\"@type\":\"WebPage\",\"@id\":\"https:\/\/www.diocesitn.it\/area-cultura\/2022\/02\/10\/cattedra-del-confronto-edizione-2022\/\",\"url\":\"https:\/\/www.diocesitn.it\/area-cultura\/2022\/02\/10\/cattedra-del-confronto-edizione-2022\/\",\"name\":\"Cattedra del Confronto - edizione 2022 - Cultura\",\"isPartOf\":{\"@id\":\"https:\/\/www.diocesitn.it\/area-cultura\/#website\"},\"primaryImageOfPage\":{\"@id\":\"https:\/\/www.diocesitn.it\/area-cultura\/2022\/02\/10\/cattedra-del-confronto-edizione-2022\/#primaryimage\"},\"image\":{\"@id\":\"https:\/\/www.diocesitn.it\/area-cultura\/2022\/02\/10\/cattedra-del-confronto-edizione-2022\/#primaryimage\"},\"thumbnailUrl\":\"https:\/\/www.diocesitn.it\/area-cultura\/wp-content\/uploads\/sites\/38\/2022\/02\/Cattedra-2022_Cittadinanza-Condivisa_A4_web.jpg\",\"datePublished\":\"2022-02-10T13:21:50+00:00\",\"dateModified\":\"2022-04-04T09:50:58+00:00\",\"breadcrumb\":{\"@id\":\"https:\/\/www.diocesitn.it\/area-cultura\/2022\/02\/10\/cattedra-del-confronto-edizione-2022\/#breadcrumb\"},\"inLanguage\":\"it-IT\",\"potentialAction\":[{\"@type\":\"ReadAction\",\"target\":[\"https:\/\/www.diocesitn.it\/area-cultura\/2022\/02\/10\/cattedra-del-confronto-edizione-2022\/\"]}]},{\"@type\":\"ImageObject\",\"inLanguage\":\"it-IT\",\"@id\":\"https:\/\/www.diocesitn.it\/area-cultura\/2022\/02\/10\/cattedra-del-confronto-edizione-2022\/#primaryimage\",\"url\":\"https:\/\/www.diocesitn.it\/area-cultura\/wp-content\/uploads\/sites\/38\/2022\/02\/Cattedra-2022_Cittadinanza-Condivisa_A4_web.jpg\",\"contentUrl\":\"https:\/\/www.diocesitn.it\/area-cultura\/wp-content\/uploads\/sites\/38\/2022\/02\/Cattedra-2022_Cittadinanza-Condivisa_A4_web.jpg\",\"width\":2480,\"height\":962},{\"@type\":\"BreadcrumbList\",\"@id\":\"https:\/\/www.diocesitn.it\/area-cultura\/2022\/02\/10\/cattedra-del-confronto-edizione-2022\/#breadcrumb\",\"itemListElement\":[{\"@type\":\"ListItem\",\"position\":1,\"name\":\"Home\",\"item\":\"https:\/\/www.diocesitn.it\/area-cultura\/\"},{\"@type\":\"ListItem\",\"position\":2,\"name\":\"Cattedra del Confronto &#8211; edizione 2022\"}]},{\"@type\":\"WebSite\",\"@id\":\"https:\/\/www.diocesitn.it\/area-cultura\/#website\",\"url\":\"https:\/\/www.diocesitn.it\/area-cultura\/\",\"name\":\"Cultura\",\"description\":\"Chiesa di Trento\",\"publisher\":{\"@id\":\"https:\/\/www.diocesitn.it\/area-cultura\/#organization\"},\"potentialAction\":[{\"@type\":\"SearchAction\",\"target\":{\"@type\":\"EntryPoint\",\"urlTemplate\":\"https:\/\/www.diocesitn.it\/area-cultura\/?s={search_term_string}\"},\"query-input\":\"required name=search_term_string\"}],\"inLanguage\":\"it-IT\"},{\"@type\":[\"Organization\",\"Place\"],\"@id\":\"https:\/\/www.diocesitn.it\/area-cultura\/#organization\",\"name\":\"Area Cultura - Chiesa di Trento\",\"url\":\"https:\/\/www.diocesitn.it\/area-cultura\/\",\"logo\":{\"@id\":\"https:\/\/www.diocesitn.it\/area-cultura\/2022\/02\/10\/cattedra-del-confronto-edizione-2022\/#local-main-organization-logo\"},\"image\":{\"@id\":\"https:\/\/www.diocesitn.it\/area-cultura\/2022\/02\/10\/cattedra-del-confronto-edizione-2022\/#local-main-organization-logo\"},\"sameAs\":[\"https:\/\/www.youtube.com\/channel\/UCfWD2n-N6WTCg2P_UA72H6Q\"],\"openingHoursSpecification\":[{\"@type\":\"OpeningHoursSpecification\",\"dayOfWeek\":[\"Monday\",\"Tuesday\",\"Wednesday\",\"Thursday\",\"Friday\",\"Saturday\",\"Sunday\"],\"opens\":\"09:00\",\"closes\":\"17:00\"}]},{\"@type\":\"ImageObject\",\"inLanguage\":\"it-IT\",\"@id\":\"https:\/\/www.diocesitn.it\/area-cultura\/2022\/02\/10\/cattedra-del-confronto-edizione-2022\/#local-main-organization-logo\",\"url\":\"https:\/\/www.diocesitn.it\/area-cultura\/wp-content\/uploads\/sites\/38\/2021\/09\/og-logo-cultura.jpg\",\"contentUrl\":\"https:\/\/www.diocesitn.it\/area-cultura\/wp-content\/uploads\/sites\/38\/2021\/09\/og-logo-cultura.jpg\",\"width\":1200,\"height\":630,\"caption\":\"Area Cultura - Chiesa di Trento\"}]}<\/script>\n<!-- \/ Yoast SEO Premium plugin. -->","yoast_head_json":{"title":"Cattedra del Confronto - edizione 2022 - Cultura","robots":{"index":"index","follow":"follow","max-snippet":"max-snippet:-1","max-image-preview":"max-image-preview:large","max-video-preview":"max-video-preview:-1"},"canonical":"https:\/\/www.diocesitn.it\/area-cultura\/2022\/02\/10\/cattedra-del-confronto-edizione-2022\/","og_locale":"it_IT","og_type":"article","og_title":"Cattedra del Confronto - edizione 2022","og_description":"locandina\u00a0\u00a0 guarda il video promo Anche quest&#8217;anno l&#8217;Arcidiocesi di Trento &#8211; Area Cultura propone gli incontri della Cattedra del Confronto dal titolo Per una cittadinanza condivisa: uguaglianza, libert\u00e0, fraternit\u00e0. Il tema sar\u00e0 sviluppato in tre","og_url":"https:\/\/www.diocesitn.it\/area-cultura\/2022\/02\/10\/cattedra-del-confronto-edizione-2022\/","og_site_name":"Cultura","article_published_time":"2022-02-10T13:21:50+00:00","article_modified_time":"2022-04-04T09:50:58+00:00","og_image":[{"width":2480,"height":962,"url":"https:\/\/www.diocesitn.it\/area-cultura\/wp-content\/uploads\/sites\/38\/2022\/02\/Cattedra-2022_Cittadinanza-Condivisa_A4_web.jpg","type":"image\/jpeg"}],"author":"msignorati","twitter_card":"summary_large_image","twitter_misc":{"Scritto da":"msignorati","Tempo di lettura stimato":"1 minuto"},"schema":{"@context":"https:\/\/schema.org","@graph":[{"@type":"Article","@id":"https:\/\/www.diocesitn.it\/area-cultura\/2022\/02\/10\/cattedra-del-confronto-edizione-2022\/#article","isPartOf":{"@id":"https:\/\/www.diocesitn.it\/area-cultura\/2022\/02\/10\/cattedra-del-confronto-edizione-2022\/"},"author":{"name":"msignorati","@id":"https:\/\/www.diocesitn.it\/area-cultura\/#\/schema\/person\/53a7aea655a4af1e888601137ff67146"},"headline":"Cattedra del Confronto &#8211; edizione 2022","datePublished":"2022-02-10T13:21:50+00:00","dateModified":"2022-04-04T09:50:58+00:00","mainEntityOfPage":{"@id":"https:\/\/www.diocesitn.it\/area-cultura\/2022\/02\/10\/cattedra-del-confronto-edizione-2022\/"},"wordCount":117,"publisher":{"@id":"https:\/\/www.diocesitn.it\/area-cultura\/#organization"},"image":{"@id":"https:\/\/www.diocesitn.it\/area-cultura\/2022\/02\/10\/cattedra-del-confronto-edizione-2022\/#primaryimage"},"thumbnailUrl":"https:\/\/www.diocesitn.it\/area-cultura\/wp-content\/uploads\/sites\/38\/2022\/02\/Cattedra-2022_Cittadinanza-Condivisa_A4_web.jpg","keywords":["Arcidiocesi di Trento","Cattedra del confronto","Edoardo Albinati","Elsa Fornero","Fraternit\u00e0","Giacomo Costa","Isabella Guanzini","Kurt Appel","Libert\u00e0","Roberta De Monticelli","Uguaglianza"],"articleSection":["Cultura","Notizie"],"inLanguage":"it-IT","copyrightYear":"2022","copyrightHolder":{"@id":"https:\/\/www.diocesitn.it\/#organization"}},{"@type":"WebPage","@id":"https:\/\/www.diocesitn.it\/area-cultura\/2022\/02\/10\/cattedra-del-confronto-edizione-2022\/","url":"https:\/\/www.diocesitn.it\/area-cultura\/2022\/02\/10\/cattedra-del-confronto-edizione-2022\/","name":"Cattedra del Confronto - edizione 2022 - Cultura","isPartOf":{"@id":"https:\/\/www.diocesitn.it\/area-cultura\/#website"},"primaryImageOfPage":{"@id":"https:\/\/www.diocesitn.it\/area-cultura\/2022\/02\/10\/cattedra-del-confronto-edizione-2022\/#primaryimage"},"image":{"@id":"https:\/\/www.diocesitn.it\/area-cultura\/2022\/02\/10\/cattedra-del-confronto-edizione-2022\/#primaryimage"},"thumbnailUrl":"https:\/\/www.diocesitn.it\/area-cultura\/wp-content\/uploads\/sites\/38\/2022\/02\/Cattedra-2022_Cittadinanza-Condivisa_A4_web.jpg","datePublished":"2022-02-10T13:21:50+00:00","dateModified":"2022-04-04T09:50:58+00:00","breadcrumb":{"@id":"https:\/\/www.diocesitn.it\/area-cultura\/2022\/02\/10\/cattedra-del-confronto-edizione-2022\/#breadcrumb"},"inLanguage":"it-IT","potentialAction":[{"@type":"ReadAction","target":["https:\/\/www.diocesitn.it\/area-cultura\/2022\/02\/10\/cattedra-del-confronto-edizione-2022\/"]}]},{"@type":"ImageObject","inLanguage":"it-IT","@id":"https:\/\/www.diocesitn.it\/area-cultura\/2022\/02\/10\/cattedra-del-confronto-edizione-2022\/#primaryimage","url":"https:\/\/www.diocesitn.it\/area-cultura\/wp-content\/uploads\/sites\/38\/2022\/02\/Cattedra-2022_Cittadinanza-Condivisa_A4_web.jpg","contentUrl":"https:\/\/www.diocesitn.it\/area-cultura\/wp-content\/uploads\/sites\/38\/2022\/02\/Cattedra-2022_Cittadinanza-Condivisa_A4_web.jpg","width":2480,"height":962},{"@type":"BreadcrumbList","@id":"https:\/\/www.diocesitn.it\/area-cultura\/2022\/02\/10\/cattedra-del-confronto-edizione-2022\/#breadcrumb","itemListElement":[{"@type":"ListItem","position":1,"name":"Home","item":"https:\/\/www.diocesitn.it\/area-cultura\/"},{"@type":"ListItem","position":2,"name":"Cattedra del Confronto &#8211; edizione 2022"}]},{"@type":"WebSite","@id":"https:\/\/www.diocesitn.it\/area-cultura\/#website","url":"https:\/\/www.diocesitn.it\/area-cultura\/","name":"Cultura","description":"Chiesa di Trento","publisher":{"@id":"https:\/\/www.diocesitn.it\/area-cultura\/#organization"},"potentialAction":[{"@type":"SearchAction","target":{"@type":"EntryPoint","urlTemplate":"https:\/\/www.diocesitn.it\/area-cultura\/?s={search_term_string}"},"query-input":"required name=search_term_string"}],"inLanguage":"it-IT"},{"@type":["Organization","Place"],"@id":"https:\/\/www.diocesitn.it\/area-cultura\/#organization","name":"Area Cultura - Chiesa di Trento","url":"https:\/\/www.diocesitn.it\/area-cultura\/","logo":{"@id":"https:\/\/www.diocesitn.it\/area-cultura\/2022\/02\/10\/cattedra-del-confronto-edizione-2022\/#local-main-organization-logo"},"image":{"@id":"https:\/\/www.diocesitn.it\/area-cultura\/2022\/02\/10\/cattedra-del-confronto-edizione-2022\/#local-main-organization-logo"},"sameAs":["https:\/\/www.youtube.com\/channel\/UCfWD2n-N6WTCg2P_UA72H6Q"],"openingHoursSpecification":[{"@type":"OpeningHoursSpecification","dayOfWeek":["Monday","Tuesday","Wednesday","Thursday","Friday","Saturday","Sunday"],"opens":"09:00","closes":"17:00"}]},{"@type":"ImageObject","inLanguage":"it-IT","@id":"https:\/\/www.diocesitn.it\/area-cultura\/2022\/02\/10\/cattedra-del-confronto-edizione-2022\/#local-main-organization-logo","url":"https:\/\/www.diocesitn.it\/area-cultura\/wp-content\/uploads\/sites\/38\/2021\/09\/og-logo-cultura.jpg","contentUrl":"https:\/\/www.diocesitn.it\/area-cultura\/wp-content\/uploads\/sites\/38\/2021\/09\/og-logo-cultura.jpg","width":1200,"height":630,"caption":"Area Cultura - Chiesa di Trento"}]}},"_links":{"self":[{"href":"https:\/\/www.diocesitn.it\/area-cultura\/wp-json\/wp\/v2\/posts\/7942","targetHints":{"allow":["GET"]}}],"collection":[{"href":"https:\/\/www.diocesitn.it\/area-cultura\/wp-json\/wp\/v2\/posts"}],"about":[{"href":"https:\/\/www.diocesitn.it\/area-cultura\/wp-json\/wp\/v2\/types\/post"}],"author":[{"embeddable":true,"href":"https:\/\/www.diocesitn.it\/area-cultura\/wp-json\/wp\/v2\/users\/9"}],"replies":[{"embeddable":true,"href":"https:\/\/www.diocesitn.it\/area-cultura\/wp-json\/wp\/v2\/comments?post=7942"}],"version-history":[{"count":2,"href":"https:\/\/www.diocesitn.it\/area-cultura\/wp-json\/wp\/v2\/posts\/7942\/revisions"}],"predecessor-version":[{"id":8151,"href":"https:\/\/www.diocesitn.it\/area-cultura\/wp-json\/wp\/v2\/posts\/7942\/revisions\/8151"}],"wp:featuredmedia":[{"embeddable":true,"href":"https:\/\/www.diocesitn.it\/area-cultura\/wp-json\/wp\/v2\/media\/7965"}],"wp:attachment":[{"href":"https:\/\/www.diocesitn.it\/area-cultura\/wp-json\/wp\/v2\/media?parent=7942"}],"wp:term":[{"taxonomy":"category","embeddable":true,"href":"https:\/\/www.diocesitn.it\/area-cultura\/wp-json\/wp\/v2\/categories?post=7942"},{"taxonomy":"post_tag","embeddable":true,"href":"https:\/\/www.diocesitn.it\/area-cultura\/wp-json\/wp\/v2\/tags?post=7942"}],"curies":[{"name":"wp","href":"https:\/\/api.w.org\/{rel}","templated":true}]}}