{"id":7938,"date":"2022-02-10T09:43:07","date_gmt":"2022-02-10T08:43:07","guid":{"rendered":"https:\/\/www.diocesitn.it\/area-cultura\/?p=7938"},"modified":"2022-02-25T10:50:39","modified_gmt":"2022-02-25T09:50:39","slug":"7938","status":"publish","type":"post","link":"https:\/\/www.diocesitn.it\/area-cultura\/2022\/02\/10\/7938\/","title":{"rendered":"A tu per tu con l&#8217;autore: il 23 e il 24 febbraio in Biblioteca"},"content":{"rendered":"<p><span style=\"color: #000000\">Ritorna la <strong>rubrica A tu per tu con l\u2019Autore<\/strong>, dedicata alla presentazione di libri di ambito accademico, organizzata dalla Biblioteca in collaborazione con l\u2019Istituto Superiore di Scienze Religiose \u201cRomano Guardini\u201d.<\/span><\/p>\n<p><span style=\"color: #000000\">Due gli appuntamenti previsti in questo mese:<\/span><\/p>\n<p>&nbsp;<\/p>\n<p><strong><span style=\"color: #800000\">Mercoled\u00ec 23 febbraio alle ore 17.30 viene presentato il volume <em>Le vie della mistica<\/em>.<\/span><\/strong><\/p>\n<p><span style=\"color: #000000\"><strong>Il curatore Claudio Tugnoli dialogher\u00e0 con uno degli autori dei contributi, Massimo Giuliani e con il direttore dell\u2019ISSR \u201cRomano Guardini\u201d, don Stefano Zeni.<\/strong>\u00a0<\/span><span style=\"color: #000000\">Il comune denominatore dei saggi contenuti nel volume \u00e8 la dimensione mistica in alcune delle principali culture religiose del mondo, alla scoperta delle profonde analogie tra le molteplici vie illustrate nel volume, in un dialogo interreligioso interessante e stimolante.<\/span><\/p>\n<p>&nbsp;<\/p>\n<p><span style=\"color: #800000\"><strong>Gioved\u00ec 24 febbraio sempre alle ore 17.30 viene presentato il volume <em>La pulce e l\u2019elefante<\/em><\/strong>.<\/span><\/p>\n<p><strong><span style=\"color: #000000\">L\u2019autore Alessandro Anderle dialogher\u00e0 con don Rinaldo Ottone. <\/span><\/strong><span style=\"color: #000000\">Tema del volume l\u2019affascinante rapporto uomo-animale. Nel mondo animale si cela per il mondo umano l\u2019opportunit\u00e0 di riconoscersi abitanti della stessa realt\u00e0 e per ricordarci che la Verit\u00e0 la si trova nella relazione, che essa \u00e8 relazione.<\/span><\/p>\n<p>Locandina <a href=\"https:\/\/www.diocesitn.it\/area-cultura\/wp-content\/uploads\/sites\/38\/2022\/02\/Le-vie-della-mistica.pdf\">Le vie della mistica<\/a><\/p>\n<p>Locandina <a href=\"https:\/\/www.diocesitn.it\/area-cultura\/wp-content\/uploads\/sites\/38\/2022\/02\/La-pulce-e-lelefante.pdf\">La pulce e l&#8217;elefante<\/a><\/p>\n<p><span style=\"color: #000000\">Gli incontri si terranno in presenza presso l\u2019Aula Magna del Vigilianum, in via Endrici 14.<\/span><\/p>\n<p><span style=\"color: #000000\">L\u2019accesso \u00e8 su prenotazione ed \u00e8 richiesto il green pass rafforzato.<\/span><\/p>\n<p>&nbsp;<\/p>\n<p><span style=\"color: #000000\"><strong>Per informazioni e prenotazione<\/strong>:<\/span><\/p>\n<ul>\n<li><span style=\"color: #000000\">0461-360224<\/span><\/li>\n<li><span style=\"color: #000000\">biblioteca.cultura@diocesitn.it<\/span><\/li>\n<\/ul>\n<p>&nbsp;<\/p>\n<p>&nbsp;<\/p>\n","protected":false},"excerpt":{"rendered":"<p>Ritorna la rubrica A tu per tu con l\u2019Autore, dedicata alla presentazione di libri di ambito accademico, organizzata dalla Biblioteca in collaborazione con l\u2019Istituto Superiore di Scienze Religiose \u201cRomano Guardini\u201d. Due gli appuntamenti previsti in<\/p>\n","protected":false},"author":165,"featured_media":7959,"comment_status":"closed","ping_status":"closed","sticky":false,"template":"","format":"standard","meta":{"footnotes":""},"categories":[331,329],"tags":[417,494,493],"class_list":["post-7938","post","type-post","status-publish","format-standard","has-post-thumbnail","hentry","category-servizio-biblioteca","category-notizie","tag-biblioteca-vigilianum","tag-istituto-superiore-di-scienze-religiose-r-guardini","tag-presentazione-libro"],"acf":{"seed-localization-paese-cod":"IT","seed-localization-address":"","seed-localization-citta":"Trento","seed-localization-regione-cod-istat":"04","seed-localization-citta-cod-istat":"022205","seed-localization-localita":"","seed-localization-cap":"","seed-localization-marker-visibility":false,"seed-localization-children-visibility":false,"seed-localization-kml":"","seed-localization-custom-marker":""},"yoast_head":"<!-- This site is optimized with the Yoast SEO Premium plugin v20.2.1 (Yoast SEO v22.2) - https:\/\/yoast.com\/wordpress\/plugins\/seo\/ -->\n<title>A tu per tu con l&#039;autore: il 23 e il 24 febbraio in Biblioteca - Cultura<\/title>\n<meta name=\"robots\" content=\"index, follow, max-snippet:-1, max-image-preview:large, max-video-preview:-1\" \/>\n<link rel=\"canonical\" href=\"https:\/\/www.diocesitn.it\/area-cultura\/2022\/02\/10\/7938\/\" \/>\n<meta property=\"og:locale\" content=\"it_IT\" \/>\n<meta property=\"og:type\" content=\"article\" \/>\n<meta property=\"og:title\" content=\"A tu per tu con l&#039;autore: il 23 e il 24 febbraio in Biblioteca\" \/>\n<meta property=\"og:description\" content=\"Ritorna la rubrica A tu per tu con l\u2019Autore, dedicata alla presentazione di libri di ambito accademico, organizzata dalla Biblioteca in collaborazione con l\u2019Istituto Superiore di Scienze Religiose \u201cRomano Guardini\u201d. Due gli appuntamenti previsti in\" \/>\n<meta property=\"og:url\" content=\"https:\/\/www.diocesitn.it\/area-cultura\/2022\/02\/10\/7938\/\" \/>\n<meta property=\"og:site_name\" content=\"Cultura\" \/>\n<meta property=\"article:published_time\" content=\"2022-02-10T08:43:07+00:00\" \/>\n<meta property=\"article:modified_time\" content=\"2022-02-25T09:50:39+00:00\" \/>\n<meta property=\"og:image\" content=\"https:\/\/www.diocesitn.it\/area-cultura\/wp-content\/uploads\/sites\/38\/2021\/09\/og-logo-cultura.jpg\" \/>\n\t<meta property=\"og:image:width\" content=\"1200\" \/>\n\t<meta property=\"og:image:height\" content=\"630\" \/>\n\t<meta property=\"og:image:type\" content=\"image\/jpeg\" \/>\n<meta name=\"author\" content=\"ledine\" \/>\n<meta name=\"twitter:card\" content=\"summary_large_image\" \/>\n<meta name=\"twitter:label1\" content=\"Scritto da\" \/>\n\t<meta name=\"twitter:data1\" content=\"ledine\" \/>\n\t<meta name=\"twitter:label2\" content=\"Tempo di lettura stimato\" \/>\n\t<meta name=\"twitter:data2\" content=\"2 minuti\" \/>\n<script type=\"application\/ld+json\" class=\"yoast-schema-graph\">{\"@context\":\"https:\/\/schema.org\",\"@graph\":[{\"@type\":\"Article\",\"@id\":\"https:\/\/www.diocesitn.it\/area-cultura\/2022\/02\/10\/7938\/#article\",\"isPartOf\":{\"@id\":\"https:\/\/www.diocesitn.it\/area-cultura\/2022\/02\/10\/7938\/\"},\"author\":{\"name\":\"ledine\",\"@id\":\"https:\/\/www.diocesitn.it\/area-cultura\/#\/schema\/person\/93b7401db62b6f32d20347e997095e6c\"},\"headline\":\"A tu per tu con l&#8217;autore: il 23 e il 24 febbraio in Biblioteca\",\"datePublished\":\"2022-02-10T08:43:07+00:00\",\"dateModified\":\"2022-02-25T09:50:39+00:00\",\"mainEntityOfPage\":{\"@id\":\"https:\/\/www.diocesitn.it\/area-cultura\/2022\/02\/10\/7938\/\"},\"wordCount\":235,\"publisher\":{\"@id\":\"https:\/\/www.diocesitn.it\/area-cultura\/#organization\"},\"image\":{\"@id\":\"https:\/\/www.diocesitn.it\/area-cultura\/2022\/02\/10\/7938\/#primaryimage\"},\"thumbnailUrl\":\"https:\/\/www.diocesitn.it\/area-cultura\/wp-content\/uploads\/sites\/38\/2022\/02\/Nuovo-Documento-di-Microsoft-Word-3-pdf.jpg\",\"keywords\":[\"biblioteca Vigilianum\",\"Istituto Superiore di Scienze Religiose \\\"R. Guardini\\\"\",\"presentazione libro\"],\"articleSection\":[\"Biblioteca diocesana Vigilianum\",\"Notizie\"],\"inLanguage\":\"it-IT\",\"copyrightYear\":\"2022\",\"copyrightHolder\":{\"@id\":\"https:\/\/www.diocesitn.it\/#organization\"}},{\"@type\":\"WebPage\",\"@id\":\"https:\/\/www.diocesitn.it\/area-cultura\/2022\/02\/10\/7938\/\",\"url\":\"https:\/\/www.diocesitn.it\/area-cultura\/2022\/02\/10\/7938\/\",\"name\":\"A tu per tu con l'autore: il 23 e il 24 febbraio in Biblioteca - Cultura\",\"isPartOf\":{\"@id\":\"https:\/\/www.diocesitn.it\/area-cultura\/#website\"},\"primaryImageOfPage\":{\"@id\":\"https:\/\/www.diocesitn.it\/area-cultura\/2022\/02\/10\/7938\/#primaryimage\"},\"image\":{\"@id\":\"https:\/\/www.diocesitn.it\/area-cultura\/2022\/02\/10\/7938\/#primaryimage\"},\"thumbnailUrl\":\"https:\/\/www.diocesitn.it\/area-cultura\/wp-content\/uploads\/sites\/38\/2022\/02\/Nuovo-Documento-di-Microsoft-Word-3-pdf.jpg\",\"datePublished\":\"2022-02-10T08:43:07+00:00\",\"dateModified\":\"2022-02-25T09:50:39+00:00\",\"breadcrumb\":{\"@id\":\"https:\/\/www.diocesitn.it\/area-cultura\/2022\/02\/10\/7938\/#breadcrumb\"},\"inLanguage\":\"it-IT\",\"potentialAction\":[{\"@type\":\"ReadAction\",\"target\":[\"https:\/\/www.diocesitn.it\/area-cultura\/2022\/02\/10\/7938\/\"]}]},{\"@type\":\"ImageObject\",\"inLanguage\":\"it-IT\",\"@id\":\"https:\/\/www.diocesitn.it\/area-cultura\/2022\/02\/10\/7938\/#primaryimage\",\"url\":\"https:\/\/www.diocesitn.it\/area-cultura\/wp-content\/uploads\/sites\/38\/2022\/02\/Nuovo-Documento-di-Microsoft-Word-3-pdf.jpg\",\"contentUrl\":\"https:\/\/www.diocesitn.it\/area-cultura\/wp-content\/uploads\/sites\/38\/2022\/02\/Nuovo-Documento-di-Microsoft-Word-3-pdf.jpg\"},{\"@type\":\"BreadcrumbList\",\"@id\":\"https:\/\/www.diocesitn.it\/area-cultura\/2022\/02\/10\/7938\/#breadcrumb\",\"itemListElement\":[{\"@type\":\"ListItem\",\"position\":1,\"name\":\"Home\",\"item\":\"https:\/\/www.diocesitn.it\/area-cultura\/\"},{\"@type\":\"ListItem\",\"position\":2,\"name\":\"A tu per tu con l&#8217;autore: il 23 e il 24 febbraio in Biblioteca\"}]},{\"@type\":\"WebSite\",\"@id\":\"https:\/\/www.diocesitn.it\/area-cultura\/#website\",\"url\":\"https:\/\/www.diocesitn.it\/area-cultura\/\",\"name\":\"Cultura\",\"description\":\"Chiesa di Trento\",\"publisher\":{\"@id\":\"https:\/\/www.diocesitn.it\/area-cultura\/#organization\"},\"potentialAction\":[{\"@type\":\"SearchAction\",\"target\":{\"@type\":\"EntryPoint\",\"urlTemplate\":\"https:\/\/www.diocesitn.it\/area-cultura\/?s={search_term_string}\"},\"query-input\":\"required name=search_term_string\"}],\"inLanguage\":\"it-IT\"},{\"@type\":[\"Organization\",\"Place\"],\"@id\":\"https:\/\/www.diocesitn.it\/area-cultura\/#organization\",\"name\":\"Area Cultura - Chiesa di Trento\",\"url\":\"https:\/\/www.diocesitn.it\/area-cultura\/\",\"logo\":{\"@id\":\"https:\/\/www.diocesitn.it\/area-cultura\/2022\/02\/10\/7938\/#local-main-organization-logo\"},\"image\":{\"@id\":\"https:\/\/www.diocesitn.it\/area-cultura\/2022\/02\/10\/7938\/#local-main-organization-logo\"},\"sameAs\":[\"https:\/\/www.youtube.com\/channel\/UCfWD2n-N6WTCg2P_UA72H6Q\"],\"openingHoursSpecification\":[{\"@type\":\"OpeningHoursSpecification\",\"dayOfWeek\":[\"Monday\",\"Tuesday\",\"Wednesday\",\"Thursday\",\"Friday\",\"Saturday\",\"Sunday\"],\"opens\":\"09:00\",\"closes\":\"17:00\"}]},{\"@type\":\"ImageObject\",\"inLanguage\":\"it-IT\",\"@id\":\"https:\/\/www.diocesitn.it\/area-cultura\/2022\/02\/10\/7938\/#local-main-organization-logo\",\"url\":\"https:\/\/www.diocesitn.it\/area-cultura\/wp-content\/uploads\/sites\/38\/2021\/09\/og-logo-cultura.jpg\",\"contentUrl\":\"https:\/\/www.diocesitn.it\/area-cultura\/wp-content\/uploads\/sites\/38\/2021\/09\/og-logo-cultura.jpg\",\"width\":1200,\"height\":630,\"caption\":\"Area Cultura - Chiesa di Trento\"}]}<\/script>\n<!-- \/ Yoast SEO Premium plugin. -->","yoast_head_json":{"title":"A tu per tu con l'autore: il 23 e il 24 febbraio in Biblioteca - Cultura","robots":{"index":"index","follow":"follow","max-snippet":"max-snippet:-1","max-image-preview":"max-image-preview:large","max-video-preview":"max-video-preview:-1"},"canonical":"https:\/\/www.diocesitn.it\/area-cultura\/2022\/02\/10\/7938\/","og_locale":"it_IT","og_type":"article","og_title":"A tu per tu con l'autore: il 23 e il 24 febbraio in Biblioteca","og_description":"Ritorna la rubrica A tu per tu con l\u2019Autore, dedicata alla presentazione di libri di ambito accademico, organizzata dalla Biblioteca in collaborazione con l\u2019Istituto Superiore di Scienze Religiose \u201cRomano Guardini\u201d. Due gli appuntamenti previsti in","og_url":"https:\/\/www.diocesitn.it\/area-cultura\/2022\/02\/10\/7938\/","og_site_name":"Cultura","article_published_time":"2022-02-10T08:43:07+00:00","article_modified_time":"2022-02-25T09:50:39+00:00","og_image":[{"width":1200,"height":630,"url":"https:\/\/www.diocesitn.it\/area-cultura\/wp-content\/uploads\/sites\/38\/2021\/09\/og-logo-cultura.jpg","type":"image\/jpeg"}],"author":"ledine","twitter_card":"summary_large_image","twitter_misc":{"Scritto da":"ledine","Tempo di lettura stimato":"2 minuti"},"schema":{"@context":"https:\/\/schema.org","@graph":[{"@type":"Article","@id":"https:\/\/www.diocesitn.it\/area-cultura\/2022\/02\/10\/7938\/#article","isPartOf":{"@id":"https:\/\/www.diocesitn.it\/area-cultura\/2022\/02\/10\/7938\/"},"author":{"name":"ledine","@id":"https:\/\/www.diocesitn.it\/area-cultura\/#\/schema\/person\/93b7401db62b6f32d20347e997095e6c"},"headline":"A tu per tu con l&#8217;autore: il 23 e il 24 febbraio in Biblioteca","datePublished":"2022-02-10T08:43:07+00:00","dateModified":"2022-02-25T09:50:39+00:00","mainEntityOfPage":{"@id":"https:\/\/www.diocesitn.it\/area-cultura\/2022\/02\/10\/7938\/"},"wordCount":235,"publisher":{"@id":"https:\/\/www.diocesitn.it\/area-cultura\/#organization"},"image":{"@id":"https:\/\/www.diocesitn.it\/area-cultura\/2022\/02\/10\/7938\/#primaryimage"},"thumbnailUrl":"https:\/\/www.diocesitn.it\/area-cultura\/wp-content\/uploads\/sites\/38\/2022\/02\/Nuovo-Documento-di-Microsoft-Word-3-pdf.jpg","keywords":["biblioteca Vigilianum","Istituto Superiore di Scienze Religiose \"R. Guardini\"","presentazione libro"],"articleSection":["Biblioteca diocesana Vigilianum","Notizie"],"inLanguage":"it-IT","copyrightYear":"2022","copyrightHolder":{"@id":"https:\/\/www.diocesitn.it\/#organization"}},{"@type":"WebPage","@id":"https:\/\/www.diocesitn.it\/area-cultura\/2022\/02\/10\/7938\/","url":"https:\/\/www.diocesitn.it\/area-cultura\/2022\/02\/10\/7938\/","name":"A tu per tu con l'autore: il 23 e il 24 febbraio in Biblioteca - Cultura","isPartOf":{"@id":"https:\/\/www.diocesitn.it\/area-cultura\/#website"},"primaryImageOfPage":{"@id":"https:\/\/www.diocesitn.it\/area-cultura\/2022\/02\/10\/7938\/#primaryimage"},"image":{"@id":"https:\/\/www.diocesitn.it\/area-cultura\/2022\/02\/10\/7938\/#primaryimage"},"thumbnailUrl":"https:\/\/www.diocesitn.it\/area-cultura\/wp-content\/uploads\/sites\/38\/2022\/02\/Nuovo-Documento-di-Microsoft-Word-3-pdf.jpg","datePublished":"2022-02-10T08:43:07+00:00","dateModified":"2022-02-25T09:50:39+00:00","breadcrumb":{"@id":"https:\/\/www.diocesitn.it\/area-cultura\/2022\/02\/10\/7938\/#breadcrumb"},"inLanguage":"it-IT","potentialAction":[{"@type":"ReadAction","target":["https:\/\/www.diocesitn.it\/area-cultura\/2022\/02\/10\/7938\/"]}]},{"@type":"ImageObject","inLanguage":"it-IT","@id":"https:\/\/www.diocesitn.it\/area-cultura\/2022\/02\/10\/7938\/#primaryimage","url":"https:\/\/www.diocesitn.it\/area-cultura\/wp-content\/uploads\/sites\/38\/2022\/02\/Nuovo-Documento-di-Microsoft-Word-3-pdf.jpg","contentUrl":"https:\/\/www.diocesitn.it\/area-cultura\/wp-content\/uploads\/sites\/38\/2022\/02\/Nuovo-Documento-di-Microsoft-Word-3-pdf.jpg"},{"@type":"BreadcrumbList","@id":"https:\/\/www.diocesitn.it\/area-cultura\/2022\/02\/10\/7938\/#breadcrumb","itemListElement":[{"@type":"ListItem","position":1,"name":"Home","item":"https:\/\/www.diocesitn.it\/area-cultura\/"},{"@type":"ListItem","position":2,"name":"A tu per tu con l&#8217;autore: il 23 e il 24 febbraio in Biblioteca"}]},{"@type":"WebSite","@id":"https:\/\/www.diocesitn.it\/area-cultura\/#website","url":"https:\/\/www.diocesitn.it\/area-cultura\/","name":"Cultura","description":"Chiesa di Trento","publisher":{"@id":"https:\/\/www.diocesitn.it\/area-cultura\/#organization"},"potentialAction":[{"@type":"SearchAction","target":{"@type":"EntryPoint","urlTemplate":"https:\/\/www.diocesitn.it\/area-cultura\/?s={search_term_string}"},"query-input":"required name=search_term_string"}],"inLanguage":"it-IT"},{"@type":["Organization","Place"],"@id":"https:\/\/www.diocesitn.it\/area-cultura\/#organization","name":"Area Cultura - Chiesa di Trento","url":"https:\/\/www.diocesitn.it\/area-cultura\/","logo":{"@id":"https:\/\/www.diocesitn.it\/area-cultura\/2022\/02\/10\/7938\/#local-main-organization-logo"},"image":{"@id":"https:\/\/www.diocesitn.it\/area-cultura\/2022\/02\/10\/7938\/#local-main-organization-logo"},"sameAs":["https:\/\/www.youtube.com\/channel\/UCfWD2n-N6WTCg2P_UA72H6Q"],"openingHoursSpecification":[{"@type":"OpeningHoursSpecification","dayOfWeek":["Monday","Tuesday","Wednesday","Thursday","Friday","Saturday","Sunday"],"opens":"09:00","closes":"17:00"}]},{"@type":"ImageObject","inLanguage":"it-IT","@id":"https:\/\/www.diocesitn.it\/area-cultura\/2022\/02\/10\/7938\/#local-main-organization-logo","url":"https:\/\/www.diocesitn.it\/area-cultura\/wp-content\/uploads\/sites\/38\/2021\/09\/og-logo-cultura.jpg","contentUrl":"https:\/\/www.diocesitn.it\/area-cultura\/wp-content\/uploads\/sites\/38\/2021\/09\/og-logo-cultura.jpg","width":1200,"height":630,"caption":"Area Cultura - Chiesa di Trento"}]}},"_links":{"self":[{"href":"https:\/\/www.diocesitn.it\/area-cultura\/wp-json\/wp\/v2\/posts\/7938","targetHints":{"allow":["GET"]}}],"collection":[{"href":"https:\/\/www.diocesitn.it\/area-cultura\/wp-json\/wp\/v2\/posts"}],"about":[{"href":"https:\/\/www.diocesitn.it\/area-cultura\/wp-json\/wp\/v2\/types\/post"}],"author":[{"embeddable":true,"href":"https:\/\/www.diocesitn.it\/area-cultura\/wp-json\/wp\/v2\/users\/165"}],"replies":[{"embeddable":true,"href":"https:\/\/www.diocesitn.it\/area-cultura\/wp-json\/wp\/v2\/comments?post=7938"}],"version-history":[{"count":4,"href":"https:\/\/www.diocesitn.it\/area-cultura\/wp-json\/wp\/v2\/posts\/7938\/revisions"}],"predecessor-version":[{"id":7962,"href":"https:\/\/www.diocesitn.it\/area-cultura\/wp-json\/wp\/v2\/posts\/7938\/revisions\/7962"}],"wp:featuredmedia":[{"embeddable":true,"href":"https:\/\/www.diocesitn.it\/area-cultura\/wp-json\/wp\/v2\/media\/7959"}],"wp:attachment":[{"href":"https:\/\/www.diocesitn.it\/area-cultura\/wp-json\/wp\/v2\/media?parent=7938"}],"wp:term":[{"taxonomy":"category","embeddable":true,"href":"https:\/\/www.diocesitn.it\/area-cultura\/wp-json\/wp\/v2\/categories?post=7938"},{"taxonomy":"post_tag","embeddable":true,"href":"https:\/\/www.diocesitn.it\/area-cultura\/wp-json\/wp\/v2\/tags?post=7938"}],"curies":[{"name":"wp","href":"https:\/\/api.w.org\/{rel}","templated":true}]}}