{"id":7377,"date":"2021-11-19T09:44:08","date_gmt":"2021-11-19T08:44:08","guid":{"rendered":"https:\/\/www.diocesitn.it\/area-cultura\/?p=7377"},"modified":"2021-11-25T11:14:28","modified_gmt":"2021-11-25T10:14:28","slug":"spiritualita","status":"publish","type":"post","link":"https:\/\/www.diocesitn.it\/area-cultura\/2021\/11\/19\/spiritualita\/","title":{"rendered":"&#8220;Ges\u00f9 \u00e8 vero uomo nel mistero del suo Natale&#8221; &#8211; Fine settimana di spiritualit\u00e0 per adulti &#8211;"},"content":{"rendered":"<p><a href=\"https:\/\/www.diocesitn.it\/area-cultura\/wp-content\/uploads\/sites\/38\/2021\/11\/locandina-EsSpir-Avvento-3-5dic21.pdf\">locandina<\/a><\/p>\n<p>Dal pomeriggio di venerd\u00ec 3 al dopopranzo di domenica 5 dicembre 2021 a Villa Moretta (Costasavina di Pergine) l\u2019Azione cattolica diocesana e la Scuola Diocesana di Formazione Teologica propongono un<strong> fi<\/strong><strong>ne<\/strong> <strong style=\"font-size: inherit\">settimana di spiritualit\u00e0 per adulti<\/strong><span style=\"font-size: inherit\"> in preparazione al Natale dal titolo: &#8220;<\/span><em style=\"font-size: inherit\">Ges\u00f9 \u00e8 vero uomo nel mistero del suo Natale<\/em><span style=\"font-size: inherit\">&#8220;.<\/span><\/p>\n<p>Contemplando il mistero dell\u2019incarnazione di Ges\u00f9 e fiss<span style=\"font-size: inherit\">ando lo sguardo sul Dio-con-noi, si scoprir\u00e0, nella quotidianit\u00e0, il tempo e il luogo della salvezza, in cui Dio si dona all\u2019uomo nell\u2019umilt\u00e0 e nella prossimit\u00e0.<\/span><\/p>\n<p>Le meditazioni saranno proposte dall&#8217;assistente diocesano AC, don Giampaolo Tomasi.<\/p>\n<p><strong>INFO e ISCRIZIONI<\/strong><em><br \/>\n<\/em>Azione cattolica diocesana (0461 260985 &#8211; <a href=\"mailto:segreteria@azionecattolica.trento.it\">segreteria@azionecattolica.trento.it<\/a>)<br \/>\nScuola diocesana di Formazione Teologica (0461 360211 &#8211; <a href=\"mailto:scuolateologia@diocesitn.it\">scuolateologia@diocesitn.it<\/a>)<\/p>\n<p>&nbsp;<\/p>\n","protected":false},"excerpt":{"rendered":"<p>locandina Dal pomeriggio di venerd\u00ec 3 al dopopranzo di domenica 5 dicembre 2021 a Villa Moretta (Costasavina di Pergine) l\u2019Azione cattolica diocesana e la Scuola Diocesana di Formazione Teologica propongono un fine settimana di spiritualit\u00e0<\/p>\n","protected":false},"author":9,"featured_media":7384,"comment_status":"closed","ping_status":"closed","sticky":false,"template":"","format":"standard","meta":{"footnotes":""},"categories":[375,329,361],"tags":[476,531,530,431],"class_list":["post-7377","post","type-post","status-publish","format-standard","has-post-thumbnail","hentry","category-servizio-formazione","category-notizie","category-servizio-sdft","tag-azione-cattolica-trento","tag-giampaolo-tomasi","tag-natale","tag-scuola-diocesana-di-formazione-teologica-di-trento"],"acf":{"seed-localization-paese-cod":"IT","seed-localization-address":"","seed-localization-citta":"Trento","seed-localization-regione-cod-istat":"04","seed-localization-citta-cod-istat":"022205","seed-localization-localita":"","seed-localization-cap":"","seed-localization-marker-visibility":false,"seed-localization-children-visibility":false,"seed-localization-kml":"","seed-localization-custom-marker":""},"yoast_head":"<!-- This site is optimized with the Yoast SEO Premium plugin v20.2.1 (Yoast SEO v22.2) - https:\/\/yoast.com\/wordpress\/plugins\/seo\/ -->\n<title>&quot;Ges\u00f9 \u00e8 vero uomo nel mistero del suo Natale&quot; - Fine settimana di spiritualit\u00e0 per adulti - Cultura<\/title>\n<meta name=\"robots\" content=\"index, follow, max-snippet:-1, max-image-preview:large, max-video-preview:-1\" \/>\n<link rel=\"canonical\" href=\"https:\/\/www.diocesitn.it\/area-cultura\/2021\/11\/19\/spiritualita\/\" \/>\n<meta property=\"og:locale\" content=\"it_IT\" \/>\n<meta property=\"og:type\" content=\"article\" \/>\n<meta property=\"og:title\" content=\"&quot;Ges\u00f9 \u00e8 vero uomo nel mistero del suo Natale&quot; - Fine settimana di spiritualit\u00e0 per adulti -\" \/>\n<meta property=\"og:description\" content=\"locandina Dal pomeriggio di venerd\u00ec 3 al dopopranzo di domenica 5 dicembre 2021 a Villa Moretta (Costasavina di Pergine) l\u2019Azione cattolica diocesana e la Scuola Diocesana di Formazione Teologica propongono un fine settimana di spiritualit\u00e0\" \/>\n<meta property=\"og:url\" content=\"https:\/\/www.diocesitn.it\/area-cultura\/2021\/11\/19\/spiritualita\/\" \/>\n<meta property=\"og:site_name\" content=\"Cultura\" \/>\n<meta property=\"article:published_time\" content=\"2021-11-19T08:44:08+00:00\" \/>\n<meta property=\"article:modified_time\" content=\"2021-11-25T10:14:28+00:00\" \/>\n<meta property=\"og:image\" content=\"https:\/\/www.diocesitn.it\/area-cultura\/wp-content\/uploads\/sites\/38\/2021\/11\/occhi-2.jpg\" \/>\n\t<meta property=\"og:image:width\" content=\"453\" \/>\n\t<meta property=\"og:image:height\" content=\"340\" \/>\n\t<meta property=\"og:image:type\" content=\"image\/jpeg\" \/>\n<meta name=\"author\" content=\"msignorati\" \/>\n<meta name=\"twitter:card\" content=\"summary_large_image\" \/>\n<meta name=\"twitter:label1\" content=\"Scritto da\" \/>\n\t<meta name=\"twitter:data1\" content=\"msignorati\" \/>\n\t<meta name=\"twitter:label2\" content=\"Tempo di lettura stimato\" \/>\n\t<meta name=\"twitter:data2\" content=\"1 minuto\" \/>\n<script type=\"application\/ld+json\" class=\"yoast-schema-graph\">{\"@context\":\"https:\/\/schema.org\",\"@graph\":[{\"@type\":\"Article\",\"@id\":\"https:\/\/www.diocesitn.it\/area-cultura\/2021\/11\/19\/spiritualita\/#article\",\"isPartOf\":{\"@id\":\"https:\/\/www.diocesitn.it\/area-cultura\/2021\/11\/19\/spiritualita\/\"},\"author\":{\"name\":\"msignorati\",\"@id\":\"https:\/\/www.diocesitn.it\/area-cultura\/#\/schema\/person\/53a7aea655a4af1e888601137ff67146\"},\"headline\":\"&#8220;Ges\u00f9 \u00e8 vero uomo nel mistero del suo Natale&#8221; &#8211; Fine settimana di spiritualit\u00e0 per adulti &#8211;\",\"datePublished\":\"2021-11-19T08:44:08+00:00\",\"dateModified\":\"2021-11-25T10:14:28+00:00\",\"mainEntityOfPage\":{\"@id\":\"https:\/\/www.diocesitn.it\/area-cultura\/2021\/11\/19\/spiritualita\/\"},\"wordCount\":133,\"publisher\":{\"@id\":\"https:\/\/www.diocesitn.it\/area-cultura\/#organization\"},\"image\":{\"@id\":\"https:\/\/www.diocesitn.it\/area-cultura\/2021\/11\/19\/spiritualita\/#primaryimage\"},\"thumbnailUrl\":\"https:\/\/www.diocesitn.it\/area-cultura\/wp-content\/uploads\/sites\/38\/2021\/11\/occhi-2.jpg\",\"keywords\":[\"Azione Cattolica Trento\",\"Giampaolo Tomasi\",\"Natale\",\"Scuola Diocesana di Formazione Teologica di Trento\"],\"articleSection\":[\"Formazione\",\"Notizie\",\"Scuola diocesana di formazione teologica\"],\"inLanguage\":\"it-IT\",\"copyrightYear\":\"2021\",\"copyrightHolder\":{\"@id\":\"https:\/\/www.diocesitn.it\/#organization\"}},{\"@type\":\"WebPage\",\"@id\":\"https:\/\/www.diocesitn.it\/area-cultura\/2021\/11\/19\/spiritualita\/\",\"url\":\"https:\/\/www.diocesitn.it\/area-cultura\/2021\/11\/19\/spiritualita\/\",\"name\":\"\\\"Ges\u00f9 \u00e8 vero uomo nel mistero del suo Natale\\\" - Fine settimana di spiritualit\u00e0 per adulti - Cultura\",\"isPartOf\":{\"@id\":\"https:\/\/www.diocesitn.it\/area-cultura\/#website\"},\"primaryImageOfPage\":{\"@id\":\"https:\/\/www.diocesitn.it\/area-cultura\/2021\/11\/19\/spiritualita\/#primaryimage\"},\"image\":{\"@id\":\"https:\/\/www.diocesitn.it\/area-cultura\/2021\/11\/19\/spiritualita\/#primaryimage\"},\"thumbnailUrl\":\"https:\/\/www.diocesitn.it\/area-cultura\/wp-content\/uploads\/sites\/38\/2021\/11\/occhi-2.jpg\",\"datePublished\":\"2021-11-19T08:44:08+00:00\",\"dateModified\":\"2021-11-25T10:14:28+00:00\",\"breadcrumb\":{\"@id\":\"https:\/\/www.diocesitn.it\/area-cultura\/2021\/11\/19\/spiritualita\/#breadcrumb\"},\"inLanguage\":\"it-IT\",\"potentialAction\":[{\"@type\":\"ReadAction\",\"target\":[\"https:\/\/www.diocesitn.it\/area-cultura\/2021\/11\/19\/spiritualita\/\"]}]},{\"@type\":\"ImageObject\",\"inLanguage\":\"it-IT\",\"@id\":\"https:\/\/www.diocesitn.it\/area-cultura\/2021\/11\/19\/spiritualita\/#primaryimage\",\"url\":\"https:\/\/www.diocesitn.it\/area-cultura\/wp-content\/uploads\/sites\/38\/2021\/11\/occhi-2.jpg\",\"contentUrl\":\"https:\/\/www.diocesitn.it\/area-cultura\/wp-content\/uploads\/sites\/38\/2021\/11\/occhi-2.jpg\",\"width\":453,\"height\":340},{\"@type\":\"BreadcrumbList\",\"@id\":\"https:\/\/www.diocesitn.it\/area-cultura\/2021\/11\/19\/spiritualita\/#breadcrumb\",\"itemListElement\":[{\"@type\":\"ListItem\",\"position\":1,\"name\":\"Home\",\"item\":\"https:\/\/www.diocesitn.it\/area-cultura\/\"},{\"@type\":\"ListItem\",\"position\":2,\"name\":\"&#8220;Ges\u00f9 \u00e8 vero uomo nel mistero del suo Natale&#8221; &#8211; Fine settimana di spiritualit\u00e0 per adulti &#8211;\"}]},{\"@type\":\"WebSite\",\"@id\":\"https:\/\/www.diocesitn.it\/area-cultura\/#website\",\"url\":\"https:\/\/www.diocesitn.it\/area-cultura\/\",\"name\":\"Cultura\",\"description\":\"Chiesa di Trento\",\"publisher\":{\"@id\":\"https:\/\/www.diocesitn.it\/area-cultura\/#organization\"},\"potentialAction\":[{\"@type\":\"SearchAction\",\"target\":{\"@type\":\"EntryPoint\",\"urlTemplate\":\"https:\/\/www.diocesitn.it\/area-cultura\/?s={search_term_string}\"},\"query-input\":\"required name=search_term_string\"}],\"inLanguage\":\"it-IT\"},{\"@type\":[\"Organization\",\"Place\"],\"@id\":\"https:\/\/www.diocesitn.it\/area-cultura\/#organization\",\"name\":\"Area Cultura - Chiesa di Trento\",\"url\":\"https:\/\/www.diocesitn.it\/area-cultura\/\",\"logo\":{\"@id\":\"https:\/\/www.diocesitn.it\/area-cultura\/2021\/11\/19\/spiritualita\/#local-main-organization-logo\"},\"image\":{\"@id\":\"https:\/\/www.diocesitn.it\/area-cultura\/2021\/11\/19\/spiritualita\/#local-main-organization-logo\"},\"sameAs\":[\"https:\/\/www.youtube.com\/channel\/UCfWD2n-N6WTCg2P_UA72H6Q\"],\"openingHoursSpecification\":[{\"@type\":\"OpeningHoursSpecification\",\"dayOfWeek\":[\"Monday\",\"Tuesday\",\"Wednesday\",\"Thursday\",\"Friday\",\"Saturday\",\"Sunday\"],\"opens\":\"09:00\",\"closes\":\"17:00\"}]},{\"@type\":\"ImageObject\",\"inLanguage\":\"it-IT\",\"@id\":\"https:\/\/www.diocesitn.it\/area-cultura\/2021\/11\/19\/spiritualita\/#local-main-organization-logo\",\"url\":\"https:\/\/www.diocesitn.it\/area-cultura\/wp-content\/uploads\/sites\/38\/2021\/09\/og-logo-cultura.jpg\",\"contentUrl\":\"https:\/\/www.diocesitn.it\/area-cultura\/wp-content\/uploads\/sites\/38\/2021\/09\/og-logo-cultura.jpg\",\"width\":1200,\"height\":630,\"caption\":\"Area Cultura - Chiesa di Trento\"}]}<\/script>\n<!-- \/ Yoast SEO Premium plugin. -->","yoast_head_json":{"title":"\"Ges\u00f9 \u00e8 vero uomo nel mistero del suo Natale\" - Fine settimana di spiritualit\u00e0 per adulti - Cultura","robots":{"index":"index","follow":"follow","max-snippet":"max-snippet:-1","max-image-preview":"max-image-preview:large","max-video-preview":"max-video-preview:-1"},"canonical":"https:\/\/www.diocesitn.it\/area-cultura\/2021\/11\/19\/spiritualita\/","og_locale":"it_IT","og_type":"article","og_title":"\"Ges\u00f9 \u00e8 vero uomo nel mistero del suo Natale\" - Fine settimana di spiritualit\u00e0 per adulti -","og_description":"locandina Dal pomeriggio di venerd\u00ec 3 al dopopranzo di domenica 5 dicembre 2021 a Villa Moretta (Costasavina di Pergine) l\u2019Azione cattolica diocesana e la Scuola Diocesana di Formazione Teologica propongono un fine settimana di spiritualit\u00e0","og_url":"https:\/\/www.diocesitn.it\/area-cultura\/2021\/11\/19\/spiritualita\/","og_site_name":"Cultura","article_published_time":"2021-11-19T08:44:08+00:00","article_modified_time":"2021-11-25T10:14:28+00:00","og_image":[{"width":453,"height":340,"url":"https:\/\/www.diocesitn.it\/area-cultura\/wp-content\/uploads\/sites\/38\/2021\/11\/occhi-2.jpg","type":"image\/jpeg"}],"author":"msignorati","twitter_card":"summary_large_image","twitter_misc":{"Scritto da":"msignorati","Tempo di lettura stimato":"1 minuto"},"schema":{"@context":"https:\/\/schema.org","@graph":[{"@type":"Article","@id":"https:\/\/www.diocesitn.it\/area-cultura\/2021\/11\/19\/spiritualita\/#article","isPartOf":{"@id":"https:\/\/www.diocesitn.it\/area-cultura\/2021\/11\/19\/spiritualita\/"},"author":{"name":"msignorati","@id":"https:\/\/www.diocesitn.it\/area-cultura\/#\/schema\/person\/53a7aea655a4af1e888601137ff67146"},"headline":"&#8220;Ges\u00f9 \u00e8 vero uomo nel mistero del suo Natale&#8221; &#8211; Fine settimana di spiritualit\u00e0 per adulti &#8211;","datePublished":"2021-11-19T08:44:08+00:00","dateModified":"2021-11-25T10:14:28+00:00","mainEntityOfPage":{"@id":"https:\/\/www.diocesitn.it\/area-cultura\/2021\/11\/19\/spiritualita\/"},"wordCount":133,"publisher":{"@id":"https:\/\/www.diocesitn.it\/area-cultura\/#organization"},"image":{"@id":"https:\/\/www.diocesitn.it\/area-cultura\/2021\/11\/19\/spiritualita\/#primaryimage"},"thumbnailUrl":"https:\/\/www.diocesitn.it\/area-cultura\/wp-content\/uploads\/sites\/38\/2021\/11\/occhi-2.jpg","keywords":["Azione Cattolica Trento","Giampaolo Tomasi","Natale","Scuola Diocesana di Formazione Teologica di Trento"],"articleSection":["Formazione","Notizie","Scuola diocesana di formazione teologica"],"inLanguage":"it-IT","copyrightYear":"2021","copyrightHolder":{"@id":"https:\/\/www.diocesitn.it\/#organization"}},{"@type":"WebPage","@id":"https:\/\/www.diocesitn.it\/area-cultura\/2021\/11\/19\/spiritualita\/","url":"https:\/\/www.diocesitn.it\/area-cultura\/2021\/11\/19\/spiritualita\/","name":"\"Ges\u00f9 \u00e8 vero uomo nel mistero del suo Natale\" - Fine settimana di spiritualit\u00e0 per adulti - Cultura","isPartOf":{"@id":"https:\/\/www.diocesitn.it\/area-cultura\/#website"},"primaryImageOfPage":{"@id":"https:\/\/www.diocesitn.it\/area-cultura\/2021\/11\/19\/spiritualita\/#primaryimage"},"image":{"@id":"https:\/\/www.diocesitn.it\/area-cultura\/2021\/11\/19\/spiritualita\/#primaryimage"},"thumbnailUrl":"https:\/\/www.diocesitn.it\/area-cultura\/wp-content\/uploads\/sites\/38\/2021\/11\/occhi-2.jpg","datePublished":"2021-11-19T08:44:08+00:00","dateModified":"2021-11-25T10:14:28+00:00","breadcrumb":{"@id":"https:\/\/www.diocesitn.it\/area-cultura\/2021\/11\/19\/spiritualita\/#breadcrumb"},"inLanguage":"it-IT","potentialAction":[{"@type":"ReadAction","target":["https:\/\/www.diocesitn.it\/area-cultura\/2021\/11\/19\/spiritualita\/"]}]},{"@type":"ImageObject","inLanguage":"it-IT","@id":"https:\/\/www.diocesitn.it\/area-cultura\/2021\/11\/19\/spiritualita\/#primaryimage","url":"https:\/\/www.diocesitn.it\/area-cultura\/wp-content\/uploads\/sites\/38\/2021\/11\/occhi-2.jpg","contentUrl":"https:\/\/www.diocesitn.it\/area-cultura\/wp-content\/uploads\/sites\/38\/2021\/11\/occhi-2.jpg","width":453,"height":340},{"@type":"BreadcrumbList","@id":"https:\/\/www.diocesitn.it\/area-cultura\/2021\/11\/19\/spiritualita\/#breadcrumb","itemListElement":[{"@type":"ListItem","position":1,"name":"Home","item":"https:\/\/www.diocesitn.it\/area-cultura\/"},{"@type":"ListItem","position":2,"name":"&#8220;Ges\u00f9 \u00e8 vero uomo nel mistero del suo Natale&#8221; &#8211; Fine settimana di spiritualit\u00e0 per adulti &#8211;"}]},{"@type":"WebSite","@id":"https:\/\/www.diocesitn.it\/area-cultura\/#website","url":"https:\/\/www.diocesitn.it\/area-cultura\/","name":"Cultura","description":"Chiesa di Trento","publisher":{"@id":"https:\/\/www.diocesitn.it\/area-cultura\/#organization"},"potentialAction":[{"@type":"SearchAction","target":{"@type":"EntryPoint","urlTemplate":"https:\/\/www.diocesitn.it\/area-cultura\/?s={search_term_string}"},"query-input":"required name=search_term_string"}],"inLanguage":"it-IT"},{"@type":["Organization","Place"],"@id":"https:\/\/www.diocesitn.it\/area-cultura\/#organization","name":"Area Cultura - Chiesa di Trento","url":"https:\/\/www.diocesitn.it\/area-cultura\/","logo":{"@id":"https:\/\/www.diocesitn.it\/area-cultura\/2021\/11\/19\/spiritualita\/#local-main-organization-logo"},"image":{"@id":"https:\/\/www.diocesitn.it\/area-cultura\/2021\/11\/19\/spiritualita\/#local-main-organization-logo"},"sameAs":["https:\/\/www.youtube.com\/channel\/UCfWD2n-N6WTCg2P_UA72H6Q"],"openingHoursSpecification":[{"@type":"OpeningHoursSpecification","dayOfWeek":["Monday","Tuesday","Wednesday","Thursday","Friday","Saturday","Sunday"],"opens":"09:00","closes":"17:00"}]},{"@type":"ImageObject","inLanguage":"it-IT","@id":"https:\/\/www.diocesitn.it\/area-cultura\/2021\/11\/19\/spiritualita\/#local-main-organization-logo","url":"https:\/\/www.diocesitn.it\/area-cultura\/wp-content\/uploads\/sites\/38\/2021\/09\/og-logo-cultura.jpg","contentUrl":"https:\/\/www.diocesitn.it\/area-cultura\/wp-content\/uploads\/sites\/38\/2021\/09\/og-logo-cultura.jpg","width":1200,"height":630,"caption":"Area Cultura - Chiesa di Trento"}]}},"_links":{"self":[{"href":"https:\/\/www.diocesitn.it\/area-cultura\/wp-json\/wp\/v2\/posts\/7377","targetHints":{"allow":["GET"]}}],"collection":[{"href":"https:\/\/www.diocesitn.it\/area-cultura\/wp-json\/wp\/v2\/posts"}],"about":[{"href":"https:\/\/www.diocesitn.it\/area-cultura\/wp-json\/wp\/v2\/types\/post"}],"author":[{"embeddable":true,"href":"https:\/\/www.diocesitn.it\/area-cultura\/wp-json\/wp\/v2\/users\/9"}],"replies":[{"embeddable":true,"href":"https:\/\/www.diocesitn.it\/area-cultura\/wp-json\/wp\/v2\/comments?post=7377"}],"version-history":[{"count":3,"href":"https:\/\/www.diocesitn.it\/area-cultura\/wp-json\/wp\/v2\/posts\/7377\/revisions"}],"predecessor-version":[{"id":7400,"href":"https:\/\/www.diocesitn.it\/area-cultura\/wp-json\/wp\/v2\/posts\/7377\/revisions\/7400"}],"wp:featuredmedia":[{"embeddable":true,"href":"https:\/\/www.diocesitn.it\/area-cultura\/wp-json\/wp\/v2\/media\/7384"}],"wp:attachment":[{"href":"https:\/\/www.diocesitn.it\/area-cultura\/wp-json\/wp\/v2\/media?parent=7377"}],"wp:term":[{"taxonomy":"category","embeddable":true,"href":"https:\/\/www.diocesitn.it\/area-cultura\/wp-json\/wp\/v2\/categories?post=7377"},{"taxonomy":"post_tag","embeddable":true,"href":"https:\/\/www.diocesitn.it\/area-cultura\/wp-json\/wp\/v2\/tags?post=7377"}],"curies":[{"name":"wp","href":"https:\/\/api.w.org\/{rel}","templated":true}]}}