{"id":7340,"date":"2021-11-16T10:04:00","date_gmt":"2021-11-16T09:04:00","guid":{"rendered":"https:\/\/www.diocesitn.it\/area-cultura\/?p=7340"},"modified":"2021-12-20T08:48:27","modified_gmt":"2021-12-20T07:48:27","slug":"e-online-il-sito-di-digitalizzazioni-del-concilio","status":"publish","type":"post","link":"https:\/\/www.diocesitn.it\/area-cultura\/2021\/11\/16\/e-online-il-sito-di-digitalizzazioni-del-concilio\/","title":{"rendered":"E\u2019 online il sito di digitalizzazioni \u201cDel Concilio\u201d"},"content":{"rendered":"<p><strong><span style=\"color: #993366\">E\u2019 online il sito di digitalizzazioni \u201cDel Concilio\u201d.<\/span><\/strong><\/p>\n<p><span style=\"color: #000000\">Il progetto <em>Del Concilio<\/em>, reso possibile grazie al finanziamento della Fondazione Caritro, ha messo in rete le maggiori biblioteche di conservazione del Trentino e la Soprintendenza provinciale, per la prima volta impegnate in un progetto collettivo, in grado di condividere patrimoni documentali, competenze e risorse. Il\u00a0<em>novum<\/em> del progetto consiste nella raccolta, digitalizzazione, descrizione e messa a disposizione di materiale storico di straordinario interesse: si tratta quindi della pi\u00f9 importante raccolta unitaria di documenti storici sul Concilio, selezionati criticamente e ora pienamente accessibili.<\/span><\/p>\n<p><span style=\"color: #000000\">La nostra biblioteca ha partecipato fattivamente al progetto sia digitalizzando numerosi esemplari sia presentando un percorso didattico per le scuole inerente al Concilio di Trento.<\/span><\/p>\n<p><span style=\"color: #000000\">Questo il link per accedere al sito<\/span>: <a href=\"https:\/\/www.del-concilio.cultura.trentino.it\/\">https:\/\/www.del-concilio.cultura.trentino.it\/<\/a><\/p>\n<p><span style=\"color: #000000\">Venerd\u00ec 3 dicembre alle ore 10 \u00e8 prevista presso la Facolt\u00e0 di Lettere la presentazione finale del progetto, con un incontro dal titolo Scritture dal Concilio. Produzione testuale per il Concilio di Trento<\/span><span style=\"color: #000000\">.\u00a0<\/span><span style=\"color: #000000\">E\u2019 possibile partecipare sia in presenza che online, questo il link per l\u2019iscrizione:<\/span><span style=\"color: #000000\">\u00a0<\/span><a style=\"font-size: inherit;background-color: #ffffff\" href=\"https:\/\/webmagazine.unitn.it\/evento\/lettere\/100297\/scritture-dal-concilio\">https:\/\/webmagazine.unitn.it\/evento\/lettere\/100297\/scritture-dal-concilio<\/a><\/p>\n<p>&nbsp;<\/p>\n<p><img loading=\"lazy\" decoding=\"async\" class=\"alignnone wp-image-7344\" style=\"color: #000000\" src=\"https:\/\/www.diocesitn.it\/area-cultura\/wp-content\/uploads\/sites\/38\/2021\/11\/Logo-Fondazione-Caritro_riquadro-copia-300x107.png\" alt=\"\" width=\"104\" height=\"37\" srcset=\"https:\/\/www.diocesitn.it\/area-cultura\/wp-content\/uploads\/sites\/38\/2021\/11\/Logo-Fondazione-Caritro_riquadro-copia-300x107.png 300w, https:\/\/www.diocesitn.it\/area-cultura\/wp-content\/uploads\/sites\/38\/2021\/11\/Logo-Fondazione-Caritro_riquadro-copia-1024x364.png 1024w, https:\/\/www.diocesitn.it\/area-cultura\/wp-content\/uploads\/sites\/38\/2021\/11\/Logo-Fondazione-Caritro_riquadro-copia-768x273.png 768w, https:\/\/www.diocesitn.it\/area-cultura\/wp-content\/uploads\/sites\/38\/2021\/11\/Logo-Fondazione-Caritro_riquadro-copia-360x128.png 360w, https:\/\/www.diocesitn.it\/area-cultura\/wp-content\/uploads\/sites\/38\/2021\/11\/Logo-Fondazione-Caritro_riquadro-copia-1536x546.png 1536w, https:\/\/www.diocesitn.it\/area-cultura\/wp-content\/uploads\/sites\/38\/2021\/11\/Logo-Fondazione-Caritro_riquadro-copia-800x284.png 800w, https:\/\/www.diocesitn.it\/area-cultura\/wp-content\/uploads\/sites\/38\/2021\/11\/Logo-Fondazione-Caritro_riquadro-copia-1200x427.png 1200w, https:\/\/www.diocesitn.it\/area-cultura\/wp-content\/uploads\/sites\/38\/2021\/11\/Logo-Fondazione-Caritro_riquadro-copia-1320x469.png 1320w, https:\/\/www.diocesitn.it\/area-cultura\/wp-content\/uploads\/sites\/38\/2021\/11\/Logo-Fondazione-Caritro_riquadro-copia.png 1977w\" sizes=\"auto, (max-width: 104px) 100vw, 104px\" \/><\/p>\n","protected":false},"excerpt":{"rendered":"<p>E\u2019 online il sito di digitalizzazioni \u201cDel Concilio\u201d. Il progetto Del Concilio, reso possibile grazie al finanziamento della Fondazione Caritro, ha messo in rete le maggiori biblioteche di conservazione del Trentino e la Soprintendenza provinciale,<\/p>\n","protected":false},"author":165,"featured_media":7342,"comment_status":"closed","ping_status":"closed","sticky":false,"template":"","format":"standard","meta":{"footnotes":""},"categories":[331,329],"tags":[417,526,194,527],"class_list":["post-7340","post","type-post","status-publish","format-standard","has-post-thumbnail","hentry","category-servizio-biblioteca","category-notizie","tag-biblioteca-vigilianum","tag-concilio-di-trento","tag-didattica","tag-patrimonio-storico"],"acf":{"seed-localization-paese-cod":"IT","seed-localization-address":"","seed-localization-citta":"Trento","seed-localization-regione-cod-istat":"04","seed-localization-citta-cod-istat":"022205","seed-localization-localita":"","seed-localization-cap":"","seed-localization-marker-visibility":false,"seed-localization-children-visibility":false,"seed-localization-kml":"","seed-localization-custom-marker":""},"yoast_head":"<!-- This site is optimized with the Yoast SEO Premium plugin v20.2.1 (Yoast SEO v22.2) - https:\/\/yoast.com\/wordpress\/plugins\/seo\/ -->\n<title>E\u2019 online il sito di digitalizzazioni \u201cDel Concilio\u201d - Cultura<\/title>\n<meta name=\"robots\" content=\"index, follow, max-snippet:-1, max-image-preview:large, max-video-preview:-1\" \/>\n<link rel=\"canonical\" href=\"https:\/\/www.diocesitn.it\/area-cultura\/2021\/11\/16\/e-online-il-sito-di-digitalizzazioni-del-concilio\/\" \/>\n<meta property=\"og:locale\" content=\"it_IT\" \/>\n<meta property=\"og:type\" content=\"article\" \/>\n<meta property=\"og:title\" content=\"E\u2019 online il sito di digitalizzazioni \u201cDel Concilio\u201d\" \/>\n<meta property=\"og:description\" content=\"E\u2019 online il sito di digitalizzazioni \u201cDel Concilio\u201d. Il progetto Del Concilio, reso possibile grazie al finanziamento della Fondazione Caritro, ha messo in rete le maggiori biblioteche di conservazione del Trentino e la Soprintendenza provinciale,\" \/>\n<meta property=\"og:url\" content=\"https:\/\/www.diocesitn.it\/area-cultura\/2021\/11\/16\/e-online-il-sito-di-digitalizzazioni-del-concilio\/\" \/>\n<meta property=\"og:site_name\" content=\"Cultura\" \/>\n<meta property=\"article:published_time\" content=\"2021-11-16T09:04:00+00:00\" \/>\n<meta property=\"article:modified_time\" content=\"2021-12-20T07:48:27+00:00\" \/>\n<meta property=\"og:image\" content=\"https:\/\/www.diocesitn.it\/area-cultura\/wp-content\/uploads\/sites\/38\/2021\/11\/doc1_pages-to-jpg-0001.jpg\" \/>\n\t<meta property=\"og:image:width\" content=\"1755\" \/>\n\t<meta property=\"og:image:height\" content=\"1241\" \/>\n\t<meta property=\"og:image:type\" content=\"image\/jpeg\" \/>\n<meta name=\"author\" content=\"ledine\" \/>\n<meta name=\"twitter:card\" content=\"summary_large_image\" \/>\n<meta name=\"twitter:label1\" content=\"Scritto da\" \/>\n\t<meta name=\"twitter:data1\" content=\"ledine\" \/>\n\t<meta name=\"twitter:label2\" content=\"Tempo di lettura stimato\" \/>\n\t<meta name=\"twitter:data2\" content=\"1 minuto\" \/>\n<script type=\"application\/ld+json\" class=\"yoast-schema-graph\">{\"@context\":\"https:\/\/schema.org\",\"@graph\":[{\"@type\":\"Article\",\"@id\":\"https:\/\/www.diocesitn.it\/area-cultura\/2021\/11\/16\/e-online-il-sito-di-digitalizzazioni-del-concilio\/#article\",\"isPartOf\":{\"@id\":\"https:\/\/www.diocesitn.it\/area-cultura\/2021\/11\/16\/e-online-il-sito-di-digitalizzazioni-del-concilio\/\"},\"author\":{\"name\":\"ledine\",\"@id\":\"https:\/\/www.diocesitn.it\/area-cultura\/#\/schema\/person\/93b7401db62b6f32d20347e997095e6c\"},\"headline\":\"E\u2019 online il sito di digitalizzazioni \u201cDel Concilio\u201d\",\"datePublished\":\"2021-11-16T09:04:00+00:00\",\"dateModified\":\"2021-12-20T07:48:27+00:00\",\"mainEntityOfPage\":{\"@id\":\"https:\/\/www.diocesitn.it\/area-cultura\/2021\/11\/16\/e-online-il-sito-di-digitalizzazioni-del-concilio\/\"},\"wordCount\":189,\"publisher\":{\"@id\":\"https:\/\/www.diocesitn.it\/area-cultura\/#organization\"},\"image\":{\"@id\":\"https:\/\/www.diocesitn.it\/area-cultura\/2021\/11\/16\/e-online-il-sito-di-digitalizzazioni-del-concilio\/#primaryimage\"},\"thumbnailUrl\":\"https:\/\/www.diocesitn.it\/area-cultura\/wp-content\/uploads\/sites\/38\/2021\/11\/doc1_pages-to-jpg-0001.jpg\",\"keywords\":[\"biblioteca Vigilianum\",\"Concilio di Trento\",\"didattica\",\"patrimonio storico\"],\"articleSection\":[\"Biblioteca diocesana Vigilianum\",\"Notizie\"],\"inLanguage\":\"it-IT\",\"copyrightYear\":\"2021\",\"copyrightHolder\":{\"@id\":\"https:\/\/www.diocesitn.it\/#organization\"}},{\"@type\":\"WebPage\",\"@id\":\"https:\/\/www.diocesitn.it\/area-cultura\/2021\/11\/16\/e-online-il-sito-di-digitalizzazioni-del-concilio\/\",\"url\":\"https:\/\/www.diocesitn.it\/area-cultura\/2021\/11\/16\/e-online-il-sito-di-digitalizzazioni-del-concilio\/\",\"name\":\"E\u2019 online il sito di digitalizzazioni \u201cDel Concilio\u201d - Cultura\",\"isPartOf\":{\"@id\":\"https:\/\/www.diocesitn.it\/area-cultura\/#website\"},\"primaryImageOfPage\":{\"@id\":\"https:\/\/www.diocesitn.it\/area-cultura\/2021\/11\/16\/e-online-il-sito-di-digitalizzazioni-del-concilio\/#primaryimage\"},\"image\":{\"@id\":\"https:\/\/www.diocesitn.it\/area-cultura\/2021\/11\/16\/e-online-il-sito-di-digitalizzazioni-del-concilio\/#primaryimage\"},\"thumbnailUrl\":\"https:\/\/www.diocesitn.it\/area-cultura\/wp-content\/uploads\/sites\/38\/2021\/11\/doc1_pages-to-jpg-0001.jpg\",\"datePublished\":\"2021-11-16T09:04:00+00:00\",\"dateModified\":\"2021-12-20T07:48:27+00:00\",\"breadcrumb\":{\"@id\":\"https:\/\/www.diocesitn.it\/area-cultura\/2021\/11\/16\/e-online-il-sito-di-digitalizzazioni-del-concilio\/#breadcrumb\"},\"inLanguage\":\"it-IT\",\"potentialAction\":[{\"@type\":\"ReadAction\",\"target\":[\"https:\/\/www.diocesitn.it\/area-cultura\/2021\/11\/16\/e-online-il-sito-di-digitalizzazioni-del-concilio\/\"]}]},{\"@type\":\"ImageObject\",\"inLanguage\":\"it-IT\",\"@id\":\"https:\/\/www.diocesitn.it\/area-cultura\/2021\/11\/16\/e-online-il-sito-di-digitalizzazioni-del-concilio\/#primaryimage\",\"url\":\"https:\/\/www.diocesitn.it\/area-cultura\/wp-content\/uploads\/sites\/38\/2021\/11\/doc1_pages-to-jpg-0001.jpg\",\"contentUrl\":\"https:\/\/www.diocesitn.it\/area-cultura\/wp-content\/uploads\/sites\/38\/2021\/11\/doc1_pages-to-jpg-0001.jpg\",\"width\":1755,\"height\":1241},{\"@type\":\"BreadcrumbList\",\"@id\":\"https:\/\/www.diocesitn.it\/area-cultura\/2021\/11\/16\/e-online-il-sito-di-digitalizzazioni-del-concilio\/#breadcrumb\",\"itemListElement\":[{\"@type\":\"ListItem\",\"position\":1,\"name\":\"Home\",\"item\":\"https:\/\/www.diocesitn.it\/area-cultura\/\"},{\"@type\":\"ListItem\",\"position\":2,\"name\":\"E\u2019 online il sito di digitalizzazioni \u201cDel Concilio\u201d\"}]},{\"@type\":\"WebSite\",\"@id\":\"https:\/\/www.diocesitn.it\/area-cultura\/#website\",\"url\":\"https:\/\/www.diocesitn.it\/area-cultura\/\",\"name\":\"Cultura\",\"description\":\"Chiesa di Trento\",\"publisher\":{\"@id\":\"https:\/\/www.diocesitn.it\/area-cultura\/#organization\"},\"potentialAction\":[{\"@type\":\"SearchAction\",\"target\":{\"@type\":\"EntryPoint\",\"urlTemplate\":\"https:\/\/www.diocesitn.it\/area-cultura\/?s={search_term_string}\"},\"query-input\":\"required name=search_term_string\"}],\"inLanguage\":\"it-IT\"},{\"@type\":[\"Organization\",\"Place\"],\"@id\":\"https:\/\/www.diocesitn.it\/area-cultura\/#organization\",\"name\":\"Area Cultura - Chiesa di Trento\",\"url\":\"https:\/\/www.diocesitn.it\/area-cultura\/\",\"logo\":{\"@id\":\"https:\/\/www.diocesitn.it\/area-cultura\/2021\/11\/16\/e-online-il-sito-di-digitalizzazioni-del-concilio\/#local-main-organization-logo\"},\"image\":{\"@id\":\"https:\/\/www.diocesitn.it\/area-cultura\/2021\/11\/16\/e-online-il-sito-di-digitalizzazioni-del-concilio\/#local-main-organization-logo\"},\"sameAs\":[\"https:\/\/www.youtube.com\/channel\/UCfWD2n-N6WTCg2P_UA72H6Q\"],\"openingHoursSpecification\":[{\"@type\":\"OpeningHoursSpecification\",\"dayOfWeek\":[\"Monday\",\"Tuesday\",\"Wednesday\",\"Thursday\",\"Friday\",\"Saturday\",\"Sunday\"],\"opens\":\"09:00\",\"closes\":\"17:00\"}]},{\"@type\":\"ImageObject\",\"inLanguage\":\"it-IT\",\"@id\":\"https:\/\/www.diocesitn.it\/area-cultura\/2021\/11\/16\/e-online-il-sito-di-digitalizzazioni-del-concilio\/#local-main-organization-logo\",\"url\":\"https:\/\/www.diocesitn.it\/area-cultura\/wp-content\/uploads\/sites\/38\/2021\/09\/og-logo-cultura.jpg\",\"contentUrl\":\"https:\/\/www.diocesitn.it\/area-cultura\/wp-content\/uploads\/sites\/38\/2021\/09\/og-logo-cultura.jpg\",\"width\":1200,\"height\":630,\"caption\":\"Area Cultura - Chiesa di Trento\"}]}<\/script>\n<!-- \/ Yoast SEO Premium plugin. -->","yoast_head_json":{"title":"E\u2019 online il sito di digitalizzazioni \u201cDel Concilio\u201d - Cultura","robots":{"index":"index","follow":"follow","max-snippet":"max-snippet:-1","max-image-preview":"max-image-preview:large","max-video-preview":"max-video-preview:-1"},"canonical":"https:\/\/www.diocesitn.it\/area-cultura\/2021\/11\/16\/e-online-il-sito-di-digitalizzazioni-del-concilio\/","og_locale":"it_IT","og_type":"article","og_title":"E\u2019 online il sito di digitalizzazioni \u201cDel Concilio\u201d","og_description":"E\u2019 online il sito di digitalizzazioni \u201cDel Concilio\u201d. Il progetto Del Concilio, reso possibile grazie al finanziamento della Fondazione Caritro, ha messo in rete le maggiori biblioteche di conservazione del Trentino e la Soprintendenza provinciale,","og_url":"https:\/\/www.diocesitn.it\/area-cultura\/2021\/11\/16\/e-online-il-sito-di-digitalizzazioni-del-concilio\/","og_site_name":"Cultura","article_published_time":"2021-11-16T09:04:00+00:00","article_modified_time":"2021-12-20T07:48:27+00:00","og_image":[{"width":1755,"height":1241,"url":"https:\/\/www.diocesitn.it\/area-cultura\/wp-content\/uploads\/sites\/38\/2021\/11\/doc1_pages-to-jpg-0001.jpg","type":"image\/jpeg"}],"author":"ledine","twitter_card":"summary_large_image","twitter_misc":{"Scritto da":"ledine","Tempo di lettura stimato":"1 minuto"},"schema":{"@context":"https:\/\/schema.org","@graph":[{"@type":"Article","@id":"https:\/\/www.diocesitn.it\/area-cultura\/2021\/11\/16\/e-online-il-sito-di-digitalizzazioni-del-concilio\/#article","isPartOf":{"@id":"https:\/\/www.diocesitn.it\/area-cultura\/2021\/11\/16\/e-online-il-sito-di-digitalizzazioni-del-concilio\/"},"author":{"name":"ledine","@id":"https:\/\/www.diocesitn.it\/area-cultura\/#\/schema\/person\/93b7401db62b6f32d20347e997095e6c"},"headline":"E\u2019 online il sito di digitalizzazioni \u201cDel Concilio\u201d","datePublished":"2021-11-16T09:04:00+00:00","dateModified":"2021-12-20T07:48:27+00:00","mainEntityOfPage":{"@id":"https:\/\/www.diocesitn.it\/area-cultura\/2021\/11\/16\/e-online-il-sito-di-digitalizzazioni-del-concilio\/"},"wordCount":189,"publisher":{"@id":"https:\/\/www.diocesitn.it\/area-cultura\/#organization"},"image":{"@id":"https:\/\/www.diocesitn.it\/area-cultura\/2021\/11\/16\/e-online-il-sito-di-digitalizzazioni-del-concilio\/#primaryimage"},"thumbnailUrl":"https:\/\/www.diocesitn.it\/area-cultura\/wp-content\/uploads\/sites\/38\/2021\/11\/doc1_pages-to-jpg-0001.jpg","keywords":["biblioteca Vigilianum","Concilio di Trento","didattica","patrimonio storico"],"articleSection":["Biblioteca diocesana Vigilianum","Notizie"],"inLanguage":"it-IT","copyrightYear":"2021","copyrightHolder":{"@id":"https:\/\/www.diocesitn.it\/#organization"}},{"@type":"WebPage","@id":"https:\/\/www.diocesitn.it\/area-cultura\/2021\/11\/16\/e-online-il-sito-di-digitalizzazioni-del-concilio\/","url":"https:\/\/www.diocesitn.it\/area-cultura\/2021\/11\/16\/e-online-il-sito-di-digitalizzazioni-del-concilio\/","name":"E\u2019 online il sito di digitalizzazioni \u201cDel Concilio\u201d - Cultura","isPartOf":{"@id":"https:\/\/www.diocesitn.it\/area-cultura\/#website"},"primaryImageOfPage":{"@id":"https:\/\/www.diocesitn.it\/area-cultura\/2021\/11\/16\/e-online-il-sito-di-digitalizzazioni-del-concilio\/#primaryimage"},"image":{"@id":"https:\/\/www.diocesitn.it\/area-cultura\/2021\/11\/16\/e-online-il-sito-di-digitalizzazioni-del-concilio\/#primaryimage"},"thumbnailUrl":"https:\/\/www.diocesitn.it\/area-cultura\/wp-content\/uploads\/sites\/38\/2021\/11\/doc1_pages-to-jpg-0001.jpg","datePublished":"2021-11-16T09:04:00+00:00","dateModified":"2021-12-20T07:48:27+00:00","breadcrumb":{"@id":"https:\/\/www.diocesitn.it\/area-cultura\/2021\/11\/16\/e-online-il-sito-di-digitalizzazioni-del-concilio\/#breadcrumb"},"inLanguage":"it-IT","potentialAction":[{"@type":"ReadAction","target":["https:\/\/www.diocesitn.it\/area-cultura\/2021\/11\/16\/e-online-il-sito-di-digitalizzazioni-del-concilio\/"]}]},{"@type":"ImageObject","inLanguage":"it-IT","@id":"https:\/\/www.diocesitn.it\/area-cultura\/2021\/11\/16\/e-online-il-sito-di-digitalizzazioni-del-concilio\/#primaryimage","url":"https:\/\/www.diocesitn.it\/area-cultura\/wp-content\/uploads\/sites\/38\/2021\/11\/doc1_pages-to-jpg-0001.jpg","contentUrl":"https:\/\/www.diocesitn.it\/area-cultura\/wp-content\/uploads\/sites\/38\/2021\/11\/doc1_pages-to-jpg-0001.jpg","width":1755,"height":1241},{"@type":"BreadcrumbList","@id":"https:\/\/www.diocesitn.it\/area-cultura\/2021\/11\/16\/e-online-il-sito-di-digitalizzazioni-del-concilio\/#breadcrumb","itemListElement":[{"@type":"ListItem","position":1,"name":"Home","item":"https:\/\/www.diocesitn.it\/area-cultura\/"},{"@type":"ListItem","position":2,"name":"E\u2019 online il sito di digitalizzazioni \u201cDel Concilio\u201d"}]},{"@type":"WebSite","@id":"https:\/\/www.diocesitn.it\/area-cultura\/#website","url":"https:\/\/www.diocesitn.it\/area-cultura\/","name":"Cultura","description":"Chiesa di Trento","publisher":{"@id":"https:\/\/www.diocesitn.it\/area-cultura\/#organization"},"potentialAction":[{"@type":"SearchAction","target":{"@type":"EntryPoint","urlTemplate":"https:\/\/www.diocesitn.it\/area-cultura\/?s={search_term_string}"},"query-input":"required name=search_term_string"}],"inLanguage":"it-IT"},{"@type":["Organization","Place"],"@id":"https:\/\/www.diocesitn.it\/area-cultura\/#organization","name":"Area Cultura - Chiesa di Trento","url":"https:\/\/www.diocesitn.it\/area-cultura\/","logo":{"@id":"https:\/\/www.diocesitn.it\/area-cultura\/2021\/11\/16\/e-online-il-sito-di-digitalizzazioni-del-concilio\/#local-main-organization-logo"},"image":{"@id":"https:\/\/www.diocesitn.it\/area-cultura\/2021\/11\/16\/e-online-il-sito-di-digitalizzazioni-del-concilio\/#local-main-organization-logo"},"sameAs":["https:\/\/www.youtube.com\/channel\/UCfWD2n-N6WTCg2P_UA72H6Q"],"openingHoursSpecification":[{"@type":"OpeningHoursSpecification","dayOfWeek":["Monday","Tuesday","Wednesday","Thursday","Friday","Saturday","Sunday"],"opens":"09:00","closes":"17:00"}]},{"@type":"ImageObject","inLanguage":"it-IT","@id":"https:\/\/www.diocesitn.it\/area-cultura\/2021\/11\/16\/e-online-il-sito-di-digitalizzazioni-del-concilio\/#local-main-organization-logo","url":"https:\/\/www.diocesitn.it\/area-cultura\/wp-content\/uploads\/sites\/38\/2021\/09\/og-logo-cultura.jpg","contentUrl":"https:\/\/www.diocesitn.it\/area-cultura\/wp-content\/uploads\/sites\/38\/2021\/09\/og-logo-cultura.jpg","width":1200,"height":630,"caption":"Area Cultura - Chiesa di Trento"}]}},"_links":{"self":[{"href":"https:\/\/www.diocesitn.it\/area-cultura\/wp-json\/wp\/v2\/posts\/7340","targetHints":{"allow":["GET"]}}],"collection":[{"href":"https:\/\/www.diocesitn.it\/area-cultura\/wp-json\/wp\/v2\/posts"}],"about":[{"href":"https:\/\/www.diocesitn.it\/area-cultura\/wp-json\/wp\/v2\/types\/post"}],"author":[{"embeddable":true,"href":"https:\/\/www.diocesitn.it\/area-cultura\/wp-json\/wp\/v2\/users\/165"}],"replies":[{"embeddable":true,"href":"https:\/\/www.diocesitn.it\/area-cultura\/wp-json\/wp\/v2\/comments?post=7340"}],"version-history":[{"count":3,"href":"https:\/\/www.diocesitn.it\/area-cultura\/wp-json\/wp\/v2\/posts\/7340\/revisions"}],"predecessor-version":[{"id":7345,"href":"https:\/\/www.diocesitn.it\/area-cultura\/wp-json\/wp\/v2\/posts\/7340\/revisions\/7345"}],"wp:featuredmedia":[{"embeddable":true,"href":"https:\/\/www.diocesitn.it\/area-cultura\/wp-json\/wp\/v2\/media\/7342"}],"wp:attachment":[{"href":"https:\/\/www.diocesitn.it\/area-cultura\/wp-json\/wp\/v2\/media?parent=7340"}],"wp:term":[{"taxonomy":"category","embeddable":true,"href":"https:\/\/www.diocesitn.it\/area-cultura\/wp-json\/wp\/v2\/categories?post=7340"},{"taxonomy":"post_tag","embeddable":true,"href":"https:\/\/www.diocesitn.it\/area-cultura\/wp-json\/wp\/v2\/tags?post=7340"}],"curies":[{"name":"wp","href":"https:\/\/api.w.org\/{rel}","templated":true}]}}