{"id":7187,"date":"2021-10-28T15:25:59","date_gmt":"2021-10-28T13:25:59","guid":{"rendered":"https:\/\/www.diocesitn.it\/area-cultura\/?p=7187"},"modified":"2021-11-08T14:54:33","modified_gmt":"2021-11-08T13:54:33","slug":"creatura-futura-piergiorgio-cattani-le-parole-che-resistono","status":"publish","type":"post","link":"https:\/\/www.diocesitn.it\/area-cultura\/2021\/10\/28\/creatura-futura-piergiorgio-cattani-le-parole-che-resistono\/","title":{"rendered":"Creatura futura. Piergiorgio Cattani le parole che resistono"},"content":{"rendered":"<p><img loading=\"lazy\" decoding=\"async\" class=\"size-medium wp-image-7190 alignleft\" src=\"https:\/\/www.diocesitn.it\/area-cultura\/wp-content\/uploads\/sites\/38\/2021\/10\/ViTrenD-CreaturaFutura_PaoloGhezzi-cop-201x300.jpg\" alt=\"\" width=\"201\" height=\"300\" srcset=\"https:\/\/www.diocesitn.it\/area-cultura\/wp-content\/uploads\/sites\/38\/2021\/10\/ViTrenD-CreaturaFutura_PaoloGhezzi-cop-201x300.jpg 201w, https:\/\/www.diocesitn.it\/area-cultura\/wp-content\/uploads\/sites\/38\/2021\/10\/ViTrenD-CreaturaFutura_PaoloGhezzi-cop-687x1024.jpg 687w, https:\/\/www.diocesitn.it\/area-cultura\/wp-content\/uploads\/sites\/38\/2021\/10\/ViTrenD-CreaturaFutura_PaoloGhezzi-cop-768x1145.jpg 768w, https:\/\/www.diocesitn.it\/area-cultura\/wp-content\/uploads\/sites\/38\/2021\/10\/ViTrenD-CreaturaFutura_PaoloGhezzi-cop-188x280.jpg 188w, https:\/\/www.diocesitn.it\/area-cultura\/wp-content\/uploads\/sites\/38\/2021\/10\/ViTrenD-CreaturaFutura_PaoloGhezzi-cop-515x768.jpg 515w, https:\/\/www.diocesitn.it\/area-cultura\/wp-content\/uploads\/sites\/38\/2021\/10\/ViTrenD-CreaturaFutura_PaoloGhezzi-cop-1030x1536.jpg 1030w, https:\/\/www.diocesitn.it\/area-cultura\/wp-content\/uploads\/sites\/38\/2021\/10\/ViTrenD-CreaturaFutura_PaoloGhezzi-cop-800x1193.jpg 800w, https:\/\/www.diocesitn.it\/area-cultura\/wp-content\/uploads\/sites\/38\/2021\/10\/ViTrenD-CreaturaFutura_PaoloGhezzi-cop.jpg 1188w\" sizes=\"auto, (max-width: 201px) 100vw, 201px\" \/>A quasi un anno dalla sua \u201cpartenza\u201d (8 novembre 2020, a 44 anni d\u2019et\u00e0), <em>ViTrenD<\/em>, il marchio di Vita Trentina Editrice per la diffusione nazionale, pubblica il primo libro sulla straordinaria figura di <strong>Piergiorgio Cattani<\/strong>, giornalista, filosofo e teologo, intellettuale e leader politico. Un esploratore di se stesso e dei limiti dell\u2019esistenza in quel capolavoro sul confine tra la vita e la morte che \u00e8 stato \u201cGuarigione\u201d (2015).<br \/>\nUna \u201ccreatura futura\u201d sia perch\u00e9 sperava e credeva nella vita che verr\u00e0, sia perch\u00e9 continuava a inventare nuovi progetti per rendere pi\u00f9 umana la comune esistenza di oggi.<\/p>\n<p>\u201c<em>Creatura Futura<\/em>\u201d (256 pp., 16 euro) firmato da Paolo Ghezzi, non \u00e8 una biografia ma un ritratto di Piergiorgio visto da vicino, tra cronaca, comunicazioni pubbliche e private, amicizia e nostalgia.<\/p>\n<p>Il volume sar\u00e0 presentato <strong>sabato 30 ottobre, alle 10.30, a Trento al Polo culturale Vigilianum<\/strong> in via mons. Endrici, 14 (prenotazione obbligatoria via mail: <a href=\"mailto:simoneberlanda@vitatrentina.it\">simoneberlanda@vitatrentina.it<\/a>) da Diego Andreatta (direttore di Vita Trentina), Maria Chiara Cattani (la nipote maturanda), Claudia Merighi (sua vicepresidente in Futura Trentino), i giornalisti Enrico Rufi (Radio Radicale) e Luca Pianesi (Il Dolomiti).<br \/>\nI diritti d\u2019autore saranno destinati a <em>Unimondo<\/em>, la testata on line che Cattani ha diretto con passione, fino alla fine.<\/p>\n<p>&nbsp;<\/p>\n","protected":false},"excerpt":{"rendered":"<p>A quasi un anno dalla sua \u201cpartenza\u201d (8 novembre 2020, a 44 anni d\u2019et\u00e0), ViTrenD, il marchio di Vita Trentina Editrice per la diffusione nazionale, pubblica il primo libro sulla straordinaria figura di Piergiorgio Cattani,<\/p>\n","protected":false},"author":9,"featured_media":7199,"comment_status":"closed","ping_status":"closed","sticky":false,"template":"","format":"standard","meta":{"footnotes":""},"categories":[343,329],"tags":[522,521,520],"class_list":["post-7187","post","type-post","status-publish","format-standard","has-post-thumbnail","hentry","category-servizio-cultura","category-notizie","tag-paolo-ghezzi","tag-piergiorgio-cattani","tag-vita-trentina"],"acf":{"seed-localization-paese-cod":"IT","seed-localization-address":"","seed-localization-citta":"Trento","seed-localization-regione-cod-istat":"04","seed-localization-citta-cod-istat":"022205","seed-localization-localita":"","seed-localization-cap":"","seed-localization-marker-visibility":false,"seed-localization-children-visibility":false,"seed-localization-kml":"","seed-localization-custom-marker":""},"yoast_head":"<!-- This site is optimized with the Yoast SEO Premium plugin v20.2.1 (Yoast SEO v22.2) - https:\/\/yoast.com\/wordpress\/plugins\/seo\/ -->\n<title>Creatura futura. Piergiorgio Cattani le parole che resistono - Cultura<\/title>\n<meta name=\"robots\" content=\"index, follow, max-snippet:-1, max-image-preview:large, max-video-preview:-1\" \/>\n<link rel=\"canonical\" href=\"https:\/\/www.diocesitn.it\/area-cultura\/2021\/10\/28\/creatura-futura-piergiorgio-cattani-le-parole-che-resistono\/\" \/>\n<meta property=\"og:locale\" content=\"it_IT\" \/>\n<meta property=\"og:type\" content=\"article\" \/>\n<meta property=\"og:title\" content=\"Creatura futura. Piergiorgio Cattani le parole che resistono\" \/>\n<meta property=\"og:description\" content=\"A quasi un anno dalla sua \u201cpartenza\u201d (8 novembre 2020, a 44 anni d\u2019et\u00e0), ViTrenD, il marchio di Vita Trentina Editrice per la diffusione nazionale, pubblica il primo libro sulla straordinaria figura di Piergiorgio Cattani,\" \/>\n<meta property=\"og:url\" content=\"https:\/\/www.diocesitn.it\/area-cultura\/2021\/10\/28\/creatura-futura-piergiorgio-cattani-le-parole-che-resistono\/\" \/>\n<meta property=\"og:site_name\" content=\"Cultura\" \/>\n<meta property=\"article:published_time\" content=\"2021-10-28T13:25:59+00:00\" \/>\n<meta property=\"article:modified_time\" content=\"2021-11-08T13:54:33+00:00\" \/>\n<meta property=\"og:image\" content=\"https:\/\/www.diocesitn.it\/area-cultura\/wp-content\/uploads\/sites\/38\/2021\/10\/4506cattani1-e1605181759591-1024x771-ritagliato-3.jpg\" \/>\n\t<meta property=\"og:image:width\" content=\"624\" \/>\n\t<meta property=\"og:image:height\" content=\"323\" \/>\n\t<meta property=\"og:image:type\" content=\"image\/jpeg\" \/>\n<meta name=\"author\" content=\"msignorati\" \/>\n<meta name=\"twitter:card\" content=\"summary_large_image\" \/>\n<meta name=\"twitter:label1\" content=\"Scritto da\" \/>\n\t<meta name=\"twitter:data1\" content=\"msignorati\" \/>\n\t<meta name=\"twitter:label2\" content=\"Tempo di lettura stimato\" \/>\n\t<meta name=\"twitter:data2\" content=\"2 minuti\" \/>\n<script type=\"application\/ld+json\" class=\"yoast-schema-graph\">{\"@context\":\"https:\/\/schema.org\",\"@graph\":[{\"@type\":\"Article\",\"@id\":\"https:\/\/www.diocesitn.it\/area-cultura\/2021\/10\/28\/creatura-futura-piergiorgio-cattani-le-parole-che-resistono\/#article\",\"isPartOf\":{\"@id\":\"https:\/\/www.diocesitn.it\/area-cultura\/2021\/10\/28\/creatura-futura-piergiorgio-cattani-le-parole-che-resistono\/\"},\"author\":{\"name\":\"msignorati\",\"@id\":\"https:\/\/www.diocesitn.it\/area-cultura\/#\/schema\/person\/53a7aea655a4af1e888601137ff67146\"},\"headline\":\"Creatura futura. Piergiorgio Cattani le parole che resistono\",\"datePublished\":\"2021-10-28T13:25:59+00:00\",\"dateModified\":\"2021-11-08T13:54:33+00:00\",\"mainEntityOfPage\":{\"@id\":\"https:\/\/www.diocesitn.it\/area-cultura\/2021\/10\/28\/creatura-futura-piergiorgio-cattani-le-parole-che-resistono\/\"},\"wordCount\":206,\"publisher\":{\"@id\":\"https:\/\/www.diocesitn.it\/area-cultura\/#organization\"},\"image\":{\"@id\":\"https:\/\/www.diocesitn.it\/area-cultura\/2021\/10\/28\/creatura-futura-piergiorgio-cattani-le-parole-che-resistono\/#primaryimage\"},\"thumbnailUrl\":\"https:\/\/www.diocesitn.it\/area-cultura\/wp-content\/uploads\/sites\/38\/2021\/10\/4506cattani1-e1605181759591-1024x771-ritagliato-3.jpg\",\"keywords\":[\"Paolo Ghezzi\",\"Piergiorgio Cattani\",\"Vita Trentina\"],\"articleSection\":[\"Cultura\",\"Notizie\"],\"inLanguage\":\"it-IT\",\"copyrightYear\":\"2021\",\"copyrightHolder\":{\"@id\":\"https:\/\/www.diocesitn.it\/#organization\"}},{\"@type\":\"WebPage\",\"@id\":\"https:\/\/www.diocesitn.it\/area-cultura\/2021\/10\/28\/creatura-futura-piergiorgio-cattani-le-parole-che-resistono\/\",\"url\":\"https:\/\/www.diocesitn.it\/area-cultura\/2021\/10\/28\/creatura-futura-piergiorgio-cattani-le-parole-che-resistono\/\",\"name\":\"Creatura futura. Piergiorgio Cattani le parole che resistono - Cultura\",\"isPartOf\":{\"@id\":\"https:\/\/www.diocesitn.it\/area-cultura\/#website\"},\"primaryImageOfPage\":{\"@id\":\"https:\/\/www.diocesitn.it\/area-cultura\/2021\/10\/28\/creatura-futura-piergiorgio-cattani-le-parole-che-resistono\/#primaryimage\"},\"image\":{\"@id\":\"https:\/\/www.diocesitn.it\/area-cultura\/2021\/10\/28\/creatura-futura-piergiorgio-cattani-le-parole-che-resistono\/#primaryimage\"},\"thumbnailUrl\":\"https:\/\/www.diocesitn.it\/area-cultura\/wp-content\/uploads\/sites\/38\/2021\/10\/4506cattani1-e1605181759591-1024x771-ritagliato-3.jpg\",\"datePublished\":\"2021-10-28T13:25:59+00:00\",\"dateModified\":\"2021-11-08T13:54:33+00:00\",\"breadcrumb\":{\"@id\":\"https:\/\/www.diocesitn.it\/area-cultura\/2021\/10\/28\/creatura-futura-piergiorgio-cattani-le-parole-che-resistono\/#breadcrumb\"},\"inLanguage\":\"it-IT\",\"potentialAction\":[{\"@type\":\"ReadAction\",\"target\":[\"https:\/\/www.diocesitn.it\/area-cultura\/2021\/10\/28\/creatura-futura-piergiorgio-cattani-le-parole-che-resistono\/\"]}]},{\"@type\":\"ImageObject\",\"inLanguage\":\"it-IT\",\"@id\":\"https:\/\/www.diocesitn.it\/area-cultura\/2021\/10\/28\/creatura-futura-piergiorgio-cattani-le-parole-che-resistono\/#primaryimage\",\"url\":\"https:\/\/www.diocesitn.it\/area-cultura\/wp-content\/uploads\/sites\/38\/2021\/10\/4506cattani1-e1605181759591-1024x771-ritagliato-3.jpg\",\"contentUrl\":\"https:\/\/www.diocesitn.it\/area-cultura\/wp-content\/uploads\/sites\/38\/2021\/10\/4506cattani1-e1605181759591-1024x771-ritagliato-3.jpg\",\"width\":624,\"height\":323},{\"@type\":\"BreadcrumbList\",\"@id\":\"https:\/\/www.diocesitn.it\/area-cultura\/2021\/10\/28\/creatura-futura-piergiorgio-cattani-le-parole-che-resistono\/#breadcrumb\",\"itemListElement\":[{\"@type\":\"ListItem\",\"position\":1,\"name\":\"Home\",\"item\":\"https:\/\/www.diocesitn.it\/area-cultura\/\"},{\"@type\":\"ListItem\",\"position\":2,\"name\":\"Creatura futura. Piergiorgio Cattani le parole che resistono\"}]},{\"@type\":\"WebSite\",\"@id\":\"https:\/\/www.diocesitn.it\/area-cultura\/#website\",\"url\":\"https:\/\/www.diocesitn.it\/area-cultura\/\",\"name\":\"Cultura\",\"description\":\"Chiesa di Trento\",\"publisher\":{\"@id\":\"https:\/\/www.diocesitn.it\/area-cultura\/#organization\"},\"potentialAction\":[{\"@type\":\"SearchAction\",\"target\":{\"@type\":\"EntryPoint\",\"urlTemplate\":\"https:\/\/www.diocesitn.it\/area-cultura\/?s={search_term_string}\"},\"query-input\":\"required name=search_term_string\"}],\"inLanguage\":\"it-IT\"},{\"@type\":[\"Organization\",\"Place\"],\"@id\":\"https:\/\/www.diocesitn.it\/area-cultura\/#organization\",\"name\":\"Area Cultura - Chiesa di Trento\",\"url\":\"https:\/\/www.diocesitn.it\/area-cultura\/\",\"logo\":{\"@id\":\"https:\/\/www.diocesitn.it\/area-cultura\/2021\/10\/28\/creatura-futura-piergiorgio-cattani-le-parole-che-resistono\/#local-main-organization-logo\"},\"image\":{\"@id\":\"https:\/\/www.diocesitn.it\/area-cultura\/2021\/10\/28\/creatura-futura-piergiorgio-cattani-le-parole-che-resistono\/#local-main-organization-logo\"},\"sameAs\":[\"https:\/\/www.youtube.com\/channel\/UCfWD2n-N6WTCg2P_UA72H6Q\"],\"openingHoursSpecification\":[{\"@type\":\"OpeningHoursSpecification\",\"dayOfWeek\":[\"Monday\",\"Tuesday\",\"Wednesday\",\"Thursday\",\"Friday\",\"Saturday\",\"Sunday\"],\"opens\":\"09:00\",\"closes\":\"17:00\"}]},{\"@type\":\"ImageObject\",\"inLanguage\":\"it-IT\",\"@id\":\"https:\/\/www.diocesitn.it\/area-cultura\/2021\/10\/28\/creatura-futura-piergiorgio-cattani-le-parole-che-resistono\/#local-main-organization-logo\",\"url\":\"https:\/\/www.diocesitn.it\/area-cultura\/wp-content\/uploads\/sites\/38\/2021\/09\/og-logo-cultura.jpg\",\"contentUrl\":\"https:\/\/www.diocesitn.it\/area-cultura\/wp-content\/uploads\/sites\/38\/2021\/09\/og-logo-cultura.jpg\",\"width\":1200,\"height\":630,\"caption\":\"Area Cultura - Chiesa di Trento\"}]}<\/script>\n<!-- \/ Yoast SEO Premium plugin. -->","yoast_head_json":{"title":"Creatura futura. Piergiorgio Cattani le parole che resistono - Cultura","robots":{"index":"index","follow":"follow","max-snippet":"max-snippet:-1","max-image-preview":"max-image-preview:large","max-video-preview":"max-video-preview:-1"},"canonical":"https:\/\/www.diocesitn.it\/area-cultura\/2021\/10\/28\/creatura-futura-piergiorgio-cattani-le-parole-che-resistono\/","og_locale":"it_IT","og_type":"article","og_title":"Creatura futura. Piergiorgio Cattani le parole che resistono","og_description":"A quasi un anno dalla sua \u201cpartenza\u201d (8 novembre 2020, a 44 anni d\u2019et\u00e0), ViTrenD, il marchio di Vita Trentina Editrice per la diffusione nazionale, pubblica il primo libro sulla straordinaria figura di Piergiorgio Cattani,","og_url":"https:\/\/www.diocesitn.it\/area-cultura\/2021\/10\/28\/creatura-futura-piergiorgio-cattani-le-parole-che-resistono\/","og_site_name":"Cultura","article_published_time":"2021-10-28T13:25:59+00:00","article_modified_time":"2021-11-08T13:54:33+00:00","og_image":[{"width":624,"height":323,"url":"https:\/\/www.diocesitn.it\/area-cultura\/wp-content\/uploads\/sites\/38\/2021\/10\/4506cattani1-e1605181759591-1024x771-ritagliato-3.jpg","type":"image\/jpeg"}],"author":"msignorati","twitter_card":"summary_large_image","twitter_misc":{"Scritto da":"msignorati","Tempo di lettura stimato":"2 minuti"},"schema":{"@context":"https:\/\/schema.org","@graph":[{"@type":"Article","@id":"https:\/\/www.diocesitn.it\/area-cultura\/2021\/10\/28\/creatura-futura-piergiorgio-cattani-le-parole-che-resistono\/#article","isPartOf":{"@id":"https:\/\/www.diocesitn.it\/area-cultura\/2021\/10\/28\/creatura-futura-piergiorgio-cattani-le-parole-che-resistono\/"},"author":{"name":"msignorati","@id":"https:\/\/www.diocesitn.it\/area-cultura\/#\/schema\/person\/53a7aea655a4af1e888601137ff67146"},"headline":"Creatura futura. Piergiorgio Cattani le parole che resistono","datePublished":"2021-10-28T13:25:59+00:00","dateModified":"2021-11-08T13:54:33+00:00","mainEntityOfPage":{"@id":"https:\/\/www.diocesitn.it\/area-cultura\/2021\/10\/28\/creatura-futura-piergiorgio-cattani-le-parole-che-resistono\/"},"wordCount":206,"publisher":{"@id":"https:\/\/www.diocesitn.it\/area-cultura\/#organization"},"image":{"@id":"https:\/\/www.diocesitn.it\/area-cultura\/2021\/10\/28\/creatura-futura-piergiorgio-cattani-le-parole-che-resistono\/#primaryimage"},"thumbnailUrl":"https:\/\/www.diocesitn.it\/area-cultura\/wp-content\/uploads\/sites\/38\/2021\/10\/4506cattani1-e1605181759591-1024x771-ritagliato-3.jpg","keywords":["Paolo Ghezzi","Piergiorgio Cattani","Vita Trentina"],"articleSection":["Cultura","Notizie"],"inLanguage":"it-IT","copyrightYear":"2021","copyrightHolder":{"@id":"https:\/\/www.diocesitn.it\/#organization"}},{"@type":"WebPage","@id":"https:\/\/www.diocesitn.it\/area-cultura\/2021\/10\/28\/creatura-futura-piergiorgio-cattani-le-parole-che-resistono\/","url":"https:\/\/www.diocesitn.it\/area-cultura\/2021\/10\/28\/creatura-futura-piergiorgio-cattani-le-parole-che-resistono\/","name":"Creatura futura. Piergiorgio Cattani le parole che resistono - Cultura","isPartOf":{"@id":"https:\/\/www.diocesitn.it\/area-cultura\/#website"},"primaryImageOfPage":{"@id":"https:\/\/www.diocesitn.it\/area-cultura\/2021\/10\/28\/creatura-futura-piergiorgio-cattani-le-parole-che-resistono\/#primaryimage"},"image":{"@id":"https:\/\/www.diocesitn.it\/area-cultura\/2021\/10\/28\/creatura-futura-piergiorgio-cattani-le-parole-che-resistono\/#primaryimage"},"thumbnailUrl":"https:\/\/www.diocesitn.it\/area-cultura\/wp-content\/uploads\/sites\/38\/2021\/10\/4506cattani1-e1605181759591-1024x771-ritagliato-3.jpg","datePublished":"2021-10-28T13:25:59+00:00","dateModified":"2021-11-08T13:54:33+00:00","breadcrumb":{"@id":"https:\/\/www.diocesitn.it\/area-cultura\/2021\/10\/28\/creatura-futura-piergiorgio-cattani-le-parole-che-resistono\/#breadcrumb"},"inLanguage":"it-IT","potentialAction":[{"@type":"ReadAction","target":["https:\/\/www.diocesitn.it\/area-cultura\/2021\/10\/28\/creatura-futura-piergiorgio-cattani-le-parole-che-resistono\/"]}]},{"@type":"ImageObject","inLanguage":"it-IT","@id":"https:\/\/www.diocesitn.it\/area-cultura\/2021\/10\/28\/creatura-futura-piergiorgio-cattani-le-parole-che-resistono\/#primaryimage","url":"https:\/\/www.diocesitn.it\/area-cultura\/wp-content\/uploads\/sites\/38\/2021\/10\/4506cattani1-e1605181759591-1024x771-ritagliato-3.jpg","contentUrl":"https:\/\/www.diocesitn.it\/area-cultura\/wp-content\/uploads\/sites\/38\/2021\/10\/4506cattani1-e1605181759591-1024x771-ritagliato-3.jpg","width":624,"height":323},{"@type":"BreadcrumbList","@id":"https:\/\/www.diocesitn.it\/area-cultura\/2021\/10\/28\/creatura-futura-piergiorgio-cattani-le-parole-che-resistono\/#breadcrumb","itemListElement":[{"@type":"ListItem","position":1,"name":"Home","item":"https:\/\/www.diocesitn.it\/area-cultura\/"},{"@type":"ListItem","position":2,"name":"Creatura futura. Piergiorgio Cattani le parole che resistono"}]},{"@type":"WebSite","@id":"https:\/\/www.diocesitn.it\/area-cultura\/#website","url":"https:\/\/www.diocesitn.it\/area-cultura\/","name":"Cultura","description":"Chiesa di Trento","publisher":{"@id":"https:\/\/www.diocesitn.it\/area-cultura\/#organization"},"potentialAction":[{"@type":"SearchAction","target":{"@type":"EntryPoint","urlTemplate":"https:\/\/www.diocesitn.it\/area-cultura\/?s={search_term_string}"},"query-input":"required name=search_term_string"}],"inLanguage":"it-IT"},{"@type":["Organization","Place"],"@id":"https:\/\/www.diocesitn.it\/area-cultura\/#organization","name":"Area Cultura - Chiesa di Trento","url":"https:\/\/www.diocesitn.it\/area-cultura\/","logo":{"@id":"https:\/\/www.diocesitn.it\/area-cultura\/2021\/10\/28\/creatura-futura-piergiorgio-cattani-le-parole-che-resistono\/#local-main-organization-logo"},"image":{"@id":"https:\/\/www.diocesitn.it\/area-cultura\/2021\/10\/28\/creatura-futura-piergiorgio-cattani-le-parole-che-resistono\/#local-main-organization-logo"},"sameAs":["https:\/\/www.youtube.com\/channel\/UCfWD2n-N6WTCg2P_UA72H6Q"],"openingHoursSpecification":[{"@type":"OpeningHoursSpecification","dayOfWeek":["Monday","Tuesday","Wednesday","Thursday","Friday","Saturday","Sunday"],"opens":"09:00","closes":"17:00"}]},{"@type":"ImageObject","inLanguage":"it-IT","@id":"https:\/\/www.diocesitn.it\/area-cultura\/2021\/10\/28\/creatura-futura-piergiorgio-cattani-le-parole-che-resistono\/#local-main-organization-logo","url":"https:\/\/www.diocesitn.it\/area-cultura\/wp-content\/uploads\/sites\/38\/2021\/09\/og-logo-cultura.jpg","contentUrl":"https:\/\/www.diocesitn.it\/area-cultura\/wp-content\/uploads\/sites\/38\/2021\/09\/og-logo-cultura.jpg","width":1200,"height":630,"caption":"Area Cultura - Chiesa di Trento"}]}},"_links":{"self":[{"href":"https:\/\/www.diocesitn.it\/area-cultura\/wp-json\/wp\/v2\/posts\/7187","targetHints":{"allow":["GET"]}}],"collection":[{"href":"https:\/\/www.diocesitn.it\/area-cultura\/wp-json\/wp\/v2\/posts"}],"about":[{"href":"https:\/\/www.diocesitn.it\/area-cultura\/wp-json\/wp\/v2\/types\/post"}],"author":[{"embeddable":true,"href":"https:\/\/www.diocesitn.it\/area-cultura\/wp-json\/wp\/v2\/users\/9"}],"replies":[{"embeddable":true,"href":"https:\/\/www.diocesitn.it\/area-cultura\/wp-json\/wp\/v2\/comments?post=7187"}],"version-history":[{"count":3,"href":"https:\/\/www.diocesitn.it\/area-cultura\/wp-json\/wp\/v2\/posts\/7187\/revisions"}],"predecessor-version":[{"id":7195,"href":"https:\/\/www.diocesitn.it\/area-cultura\/wp-json\/wp\/v2\/posts\/7187\/revisions\/7195"}],"wp:featuredmedia":[{"embeddable":true,"href":"https:\/\/www.diocesitn.it\/area-cultura\/wp-json\/wp\/v2\/media\/7199"}],"wp:attachment":[{"href":"https:\/\/www.diocesitn.it\/area-cultura\/wp-json\/wp\/v2\/media?parent=7187"}],"wp:term":[{"taxonomy":"category","embeddable":true,"href":"https:\/\/www.diocesitn.it\/area-cultura\/wp-json\/wp\/v2\/categories?post=7187"},{"taxonomy":"post_tag","embeddable":true,"href":"https:\/\/www.diocesitn.it\/area-cultura\/wp-json\/wp\/v2\/tags?post=7187"}],"curies":[{"name":"wp","href":"https:\/\/api.w.org\/{rel}","templated":true}]}}