{"id":6981,"date":"2021-10-06T13:51:28","date_gmt":"2021-10-06T11:51:28","guid":{"rendered":"https:\/\/www.diocesitn.it\/area-cultura\/?p=6981"},"modified":"2021-11-11T10:01:16","modified_gmt":"2021-11-11T09:01:16","slug":"le-parole-della-citta-cultura-il-cristianesimo-nelle-citta","status":"publish","type":"post","link":"https:\/\/www.diocesitn.it\/area-cultura\/2021\/10\/06\/le-parole-della-citta-cultura-il-cristianesimo-nelle-citta\/","title":{"rendered":"Le parole della citt\u00e0: CULTURA. Il cristianesimo nelle citt\u00e0"},"content":{"rendered":"<p>Primo incontro del ciclo <em>Le Parole della citt\u00e0<\/em> promosso dal <strong>Dipartimento di Psicologia e Scienze cognitive<\/strong> dell\u2019Universit\u00e0 di Trento, dalla <strong>Biblioteca civica \u201cG. Tartarotti<\/strong>\u201d di Rovereto e dall\u2019<strong>Arcidiocesi di Trento<\/strong>.<\/p>\n<p>Data: luned\u00ec 8 novembre 2021<br \/>\nRelatore: <em>Vincenzo Rosito<\/em><br \/>\nSede: <em>Polo culturale Vigilianum <\/em>&#8211; Trento &#8211; ore 17:30<br \/>\n<strong><a href=\"https:\/\/www.diocesitn.it\/area-cultura\/wp-content\/uploads\/sites\/38\/2021\/10\/21_11_8-Cultura_def.pdf\">locandina<\/a><\/strong><\/p>\n<p><strong>\u00c8 necessaria la prenotazione ed essere in possesso di Green Pass.<\/strong><\/p>\n<p><em><strong>Info<\/strong><\/em><br \/>\nPolo culturale Vigilianum<br \/>\nvia Endrici 14 &#8211; Trento<br \/>\ntel. 0461-360.211<br \/>\nmail. cultura@diocesitn.it<\/p>\n<p><em><strong><span style=\"color: #008b00\">ISCRIZIONI<\/span> <noscript class=\"ninja-forms-noscript-message\">\n\tAvviso: JavaScript \u00e8 obbligatorio per questo contenuto.<\/noscript>\nNessun campo trovato.<div id=\"nf-form-6-cont\" class=\"nf-form-cont\" aria-live=\"polite\" aria-labelledby=\"nf-form-title-6\" aria-describedby=\"nf-form-errors-6\" role=\"form\">\n\n    <div class=\"nf-loading-spinner\"><\/div>\n\n<\/div>\n        <!-- That data is being printed as a workaround to page builders reordering the order of the scripts loaded-->\n        <script>var formDisplay=1;var nfForms=nfForms||[];var form=[];form.id='6';form.settings={\"ninjaForms\":\"Ninja Forms\",\"changeEmailErrorMsg\":\"Immetti un indirizzo email valido.\",\"changeDateErrorMsg\":\"Please enter a valid date!\",\"confirmFieldErrorMsg\":\"Questi campi devono corrispondere.\",\"fieldNumberNumMinError\":\"Errore numero min\",\"fieldNumberNumMaxError\":\"Errore numero max\",\"fieldNumberIncrementBy\":\"Incrementa di \",\"fieldTextareaRTEInsertLink\":\"Inserisci link\",\"fieldTextareaRTEInsertMedia\":\"Inserisci media\",\"fieldTextareaRTESelectAFile\":\"Seleziona un file\",\"formErrorsCorrectErrors\":\"Correggi gli errori prima di inviare il form.\",\"formHoneypot\":\"Se sei un essere umano e vedi questo campo, lascialo vuoto.\",\"validateRequiredField\":\"Campo obbligatorio.\",\"honeypotHoneypotError\":\"Errore Honeypot\",\"fileUploadOldCodeFileUploadInProgress\":\"Caricamento file in corso.\",\"fileUploadOldCodeFileUpload\":\"CARICAMENTO FILE\",\"currencySymbol\":\"&#36;\",\"fieldsMarkedRequired\":\"I campi contrassegnati con <span class=\\\"ninja-forms-req-symbol\\\">*<\\\/span> sono obbligatori.\",\"thousands_sep\":\".\",\"decimal_point\":\",\",\"siteLocale\":\"it_IT\",\"dateFormat\":\"d\\\/m\\\/Y\",\"startOfWeek\":\"1\",\"of\":\"di\",\"previousMonth\":\"Previous Month\",\"nextMonth\":\"Next Month\",\"months\":[\"January\",\"February\",\"March\",\"April\",\"May\",\"June\",\"July\",\"August\",\"September\",\"October\",\"November\",\"December\"],\"monthsShort\":[\"Jan\",\"Feb\",\"Mar\",\"Apr\",\"May\",\"Jun\",\"Jul\",\"Aug\",\"Sep\",\"Oct\",\"Nov\",\"Dec\"],\"weekdays\":[\"Sunday\",\"Monday\",\"Tuesday\",\"Wednesday\",\"Thursday\",\"Friday\",\"Saturday\"],\"weekdaysShort\":[\"Sun\",\"Mon\",\"Tue\",\"Wed\",\"Thu\",\"Fri\",\"Sat\"],\"weekdaysMin\":[\"Su\",\"Mo\",\"Tu\",\"We\",\"Th\",\"Fr\",\"Sa\"],\"recaptchaConsentMissing\":\"reCaptcha validation couldn&#039;t load.\",\"recaptchaMissingCookie\":\"reCaptcha v3 validation couldn&#039;t load the cookie needed to submit the form.\",\"recaptchaConsentEvent\":\"Accept reCaptcha cookies before sending the form.\",\"embed_form\":\"\",\"currency_symbol\":\"\",\"title\":\"\",\"beforeForm\":\"\",\"beforeFields\":\"\",\"afterFields\":\"\",\"afterForm\":\"\"};form.fields=[];nfForms.push(form);<\/script>\n        <\/strong><\/em><\/p>\n<p>&nbsp;<\/p>\n","protected":false},"excerpt":{"rendered":"<p>Primo incontro del ciclo Le Parole della citt\u00e0 promosso dal Dipartimento di Psicologia e Scienze cognitive dell\u2019Universit\u00e0 di Trento, dalla Biblioteca civica \u201cG. Tartarotti\u201d di Rovereto e dall\u2019Arcidiocesi di Trento. Data: luned\u00ec 8 novembre 2021<\/p>\n","protected":false},"author":9,"featured_media":7013,"comment_status":"closed","ping_status":"closed","sticky":false,"template":"","format":"standard","meta":{"footnotes":""},"categories":[461,375,329],"tags":[435,515,514,516],"class_list":["post-6981","post","type-post","status-publish","format-standard","has-post-thumbnail","hentry","category-cultura","category-servizio-formazione","category-notizie","tag-arcidiocesi-di-trento","tag-dipartimento-psicologia-e-scienze-cognitive-rovereto","tag-universita-di-trento","tag-vincenzo-rosito"],"acf":{"seed-localization-paese-cod":"IT","seed-localization-address":"Via Monsignor Celestino Endrici 14, 38122 Trento, Trentino-Alto Adige Italia","seed-localization-citta":"Trento","seed-localization-regione-cod-istat":"04","seed-localization-citta-cod-istat":"022205","seed-localization-localita":"","seed-localization-cap":"","seed-localization-marker-visibility":false,"seed-localization-children-visibility":false,"seed-localization-kml":"","seed-localization-custom-marker":""},"yoast_head":"<!-- This site is optimized with the Yoast SEO Premium plugin v20.2.1 (Yoast SEO v22.2) - https:\/\/yoast.com\/wordpress\/plugins\/seo\/ -->\n<title>Le parole della citt\u00e0: CULTURA. Il cristianesimo nelle citt\u00e0 - Cultura<\/title>\n<meta name=\"robots\" content=\"index, follow, max-snippet:-1, max-image-preview:large, max-video-preview:-1\" \/>\n<link rel=\"canonical\" href=\"https:\/\/www.diocesitn.it\/area-cultura\/2021\/10\/06\/le-parole-della-citta-cultura-il-cristianesimo-nelle-citta\/\" \/>\n<meta property=\"og:locale\" content=\"it_IT\" \/>\n<meta property=\"og:type\" content=\"article\" \/>\n<meta property=\"og:title\" content=\"Le parole della citt\u00e0: CULTURA. Il cristianesimo nelle citt\u00e0\" \/>\n<meta property=\"og:description\" content=\"Primo incontro del ciclo Le Parole della citt\u00e0 promosso dal Dipartimento di Psicologia e Scienze cognitive dell\u2019Universit\u00e0 di Trento, dalla Biblioteca civica \u201cG. Tartarotti\u201d di Rovereto e dall\u2019Arcidiocesi di Trento. Data: luned\u00ec 8 novembre 2021\" \/>\n<meta property=\"og:url\" content=\"https:\/\/www.diocesitn.it\/area-cultura\/2021\/10\/06\/le-parole-della-citta-cultura-il-cristianesimo-nelle-citta\/\" \/>\n<meta property=\"og:site_name\" content=\"Cultura\" \/>\n<meta property=\"article:published_time\" content=\"2021-10-06T11:51:28+00:00\" \/>\n<meta property=\"article:modified_time\" content=\"2021-11-11T09:01:16+00:00\" \/>\n<meta property=\"og:image\" content=\"https:\/\/www.diocesitn.it\/area-cultura\/wp-content\/uploads\/sites\/38\/2021\/10\/paris-754580_960_720-nero.jpg\" \/>\n\t<meta property=\"og:image:width\" content=\"960\" \/>\n\t<meta property=\"og:image:height\" content=\"640\" \/>\n\t<meta property=\"og:image:type\" content=\"image\/jpeg\" \/>\n<meta name=\"author\" content=\"msignorati\" \/>\n<meta name=\"twitter:card\" content=\"summary_large_image\" \/>\n<meta name=\"twitter:label1\" content=\"Scritto da\" \/>\n\t<meta name=\"twitter:data1\" content=\"msignorati\" \/>\n\t<meta name=\"twitter:label2\" content=\"Tempo di lettura stimato\" \/>\n\t<meta name=\"twitter:data2\" content=\"1 minuto\" \/>\n<script type=\"application\/ld+json\" class=\"yoast-schema-graph\">{\"@context\":\"https:\/\/schema.org\",\"@graph\":[{\"@type\":\"Article\",\"@id\":\"https:\/\/www.diocesitn.it\/area-cultura\/2021\/10\/06\/le-parole-della-citta-cultura-il-cristianesimo-nelle-citta\/#article\",\"isPartOf\":{\"@id\":\"https:\/\/www.diocesitn.it\/area-cultura\/2021\/10\/06\/le-parole-della-citta-cultura-il-cristianesimo-nelle-citta\/\"},\"author\":{\"name\":\"msignorati\",\"@id\":\"https:\/\/www.diocesitn.it\/area-cultura\/#\/schema\/person\/53a7aea655a4af1e888601137ff67146\"},\"headline\":\"Le parole della citt\u00e0: CULTURA. Il cristianesimo nelle citt\u00e0\",\"datePublished\":\"2021-10-06T11:51:28+00:00\",\"dateModified\":\"2021-11-11T09:01:16+00:00\",\"mainEntityOfPage\":{\"@id\":\"https:\/\/www.diocesitn.it\/area-cultura\/2021\/10\/06\/le-parole-della-citta-cultura-il-cristianesimo-nelle-citta\/\"},\"wordCount\":87,\"publisher\":{\"@id\":\"https:\/\/www.diocesitn.it\/area-cultura\/#organization\"},\"image\":{\"@id\":\"https:\/\/www.diocesitn.it\/area-cultura\/2021\/10\/06\/le-parole-della-citta-cultura-il-cristianesimo-nelle-citta\/#primaryimage\"},\"thumbnailUrl\":\"https:\/\/www.diocesitn.it\/area-cultura\/wp-content\/uploads\/sites\/38\/2021\/10\/paris-754580_960_720-nero.jpg\",\"keywords\":[\"Arcidiocesi di Trento\",\"Dipartimento Psicologia e Scienze Cognitive - Rovereto\",\"Universit\u00e0 di Trento\",\"Vincenzo Rosito\"],\"articleSection\":[\"Cultura\",\"Formazione\",\"Notizie\"],\"inLanguage\":\"it-IT\",\"copyrightYear\":\"2021\",\"copyrightHolder\":{\"@id\":\"https:\/\/www.diocesitn.it\/#organization\"}},{\"@type\":\"WebPage\",\"@id\":\"https:\/\/www.diocesitn.it\/area-cultura\/2021\/10\/06\/le-parole-della-citta-cultura-il-cristianesimo-nelle-citta\/\",\"url\":\"https:\/\/www.diocesitn.it\/area-cultura\/2021\/10\/06\/le-parole-della-citta-cultura-il-cristianesimo-nelle-citta\/\",\"name\":\"Le parole della citt\u00e0: CULTURA. Il cristianesimo nelle citt\u00e0 - Cultura\",\"isPartOf\":{\"@id\":\"https:\/\/www.diocesitn.it\/area-cultura\/#website\"},\"primaryImageOfPage\":{\"@id\":\"https:\/\/www.diocesitn.it\/area-cultura\/2021\/10\/06\/le-parole-della-citta-cultura-il-cristianesimo-nelle-citta\/#primaryimage\"},\"image\":{\"@id\":\"https:\/\/www.diocesitn.it\/area-cultura\/2021\/10\/06\/le-parole-della-citta-cultura-il-cristianesimo-nelle-citta\/#primaryimage\"},\"thumbnailUrl\":\"https:\/\/www.diocesitn.it\/area-cultura\/wp-content\/uploads\/sites\/38\/2021\/10\/paris-754580_960_720-nero.jpg\",\"datePublished\":\"2021-10-06T11:51:28+00:00\",\"dateModified\":\"2021-11-11T09:01:16+00:00\",\"breadcrumb\":{\"@id\":\"https:\/\/www.diocesitn.it\/area-cultura\/2021\/10\/06\/le-parole-della-citta-cultura-il-cristianesimo-nelle-citta\/#breadcrumb\"},\"inLanguage\":\"it-IT\",\"potentialAction\":[{\"@type\":\"ReadAction\",\"target\":[\"https:\/\/www.diocesitn.it\/area-cultura\/2021\/10\/06\/le-parole-della-citta-cultura-il-cristianesimo-nelle-citta\/\"]}]},{\"@type\":\"ImageObject\",\"inLanguage\":\"it-IT\",\"@id\":\"https:\/\/www.diocesitn.it\/area-cultura\/2021\/10\/06\/le-parole-della-citta-cultura-il-cristianesimo-nelle-citta\/#primaryimage\",\"url\":\"https:\/\/www.diocesitn.it\/area-cultura\/wp-content\/uploads\/sites\/38\/2021\/10\/paris-754580_960_720-nero.jpg\",\"contentUrl\":\"https:\/\/www.diocesitn.it\/area-cultura\/wp-content\/uploads\/sites\/38\/2021\/10\/paris-754580_960_720-nero.jpg\",\"width\":960,\"height\":640},{\"@type\":\"BreadcrumbList\",\"@id\":\"https:\/\/www.diocesitn.it\/area-cultura\/2021\/10\/06\/le-parole-della-citta-cultura-il-cristianesimo-nelle-citta\/#breadcrumb\",\"itemListElement\":[{\"@type\":\"ListItem\",\"position\":1,\"name\":\"Home\",\"item\":\"https:\/\/www.diocesitn.it\/area-cultura\/\"},{\"@type\":\"ListItem\",\"position\":2,\"name\":\"Le parole della citt\u00e0: CULTURA. Il cristianesimo nelle citt\u00e0\"}]},{\"@type\":\"WebSite\",\"@id\":\"https:\/\/www.diocesitn.it\/area-cultura\/#website\",\"url\":\"https:\/\/www.diocesitn.it\/area-cultura\/\",\"name\":\"Cultura\",\"description\":\"Chiesa di Trento\",\"publisher\":{\"@id\":\"https:\/\/www.diocesitn.it\/area-cultura\/#organization\"},\"potentialAction\":[{\"@type\":\"SearchAction\",\"target\":{\"@type\":\"EntryPoint\",\"urlTemplate\":\"https:\/\/www.diocesitn.it\/area-cultura\/?s={search_term_string}\"},\"query-input\":\"required name=search_term_string\"}],\"inLanguage\":\"it-IT\"},{\"@type\":[\"Organization\",\"Place\"],\"@id\":\"https:\/\/www.diocesitn.it\/area-cultura\/#organization\",\"name\":\"Area Cultura - Chiesa di Trento\",\"url\":\"https:\/\/www.diocesitn.it\/area-cultura\/\",\"logo\":{\"@id\":\"https:\/\/www.diocesitn.it\/area-cultura\/2021\/10\/06\/le-parole-della-citta-cultura-il-cristianesimo-nelle-citta\/#local-main-organization-logo\"},\"image\":{\"@id\":\"https:\/\/www.diocesitn.it\/area-cultura\/2021\/10\/06\/le-parole-della-citta-cultura-il-cristianesimo-nelle-citta\/#local-main-organization-logo\"},\"sameAs\":[\"https:\/\/www.youtube.com\/channel\/UCfWD2n-N6WTCg2P_UA72H6Q\"],\"openingHoursSpecification\":[{\"@type\":\"OpeningHoursSpecification\",\"dayOfWeek\":[\"Monday\",\"Tuesday\",\"Wednesday\",\"Thursday\",\"Friday\",\"Saturday\",\"Sunday\"],\"opens\":\"09:00\",\"closes\":\"17:00\"}]},{\"@type\":\"ImageObject\",\"inLanguage\":\"it-IT\",\"@id\":\"https:\/\/www.diocesitn.it\/area-cultura\/2021\/10\/06\/le-parole-della-citta-cultura-il-cristianesimo-nelle-citta\/#local-main-organization-logo\",\"url\":\"https:\/\/www.diocesitn.it\/area-cultura\/wp-content\/uploads\/sites\/38\/2021\/09\/og-logo-cultura.jpg\",\"contentUrl\":\"https:\/\/www.diocesitn.it\/area-cultura\/wp-content\/uploads\/sites\/38\/2021\/09\/og-logo-cultura.jpg\",\"width\":1200,\"height\":630,\"caption\":\"Area Cultura - Chiesa di Trento\"}]}<\/script>\n<!-- \/ Yoast SEO Premium plugin. -->","yoast_head_json":{"title":"Le parole della citt\u00e0: CULTURA. Il cristianesimo nelle citt\u00e0 - Cultura","robots":{"index":"index","follow":"follow","max-snippet":"max-snippet:-1","max-image-preview":"max-image-preview:large","max-video-preview":"max-video-preview:-1"},"canonical":"https:\/\/www.diocesitn.it\/area-cultura\/2021\/10\/06\/le-parole-della-citta-cultura-il-cristianesimo-nelle-citta\/","og_locale":"it_IT","og_type":"article","og_title":"Le parole della citt\u00e0: CULTURA. Il cristianesimo nelle citt\u00e0","og_description":"Primo incontro del ciclo Le Parole della citt\u00e0 promosso dal Dipartimento di Psicologia e Scienze cognitive dell\u2019Universit\u00e0 di Trento, dalla Biblioteca civica \u201cG. Tartarotti\u201d di Rovereto e dall\u2019Arcidiocesi di Trento. Data: luned\u00ec 8 novembre 2021","og_url":"https:\/\/www.diocesitn.it\/area-cultura\/2021\/10\/06\/le-parole-della-citta-cultura-il-cristianesimo-nelle-citta\/","og_site_name":"Cultura","article_published_time":"2021-10-06T11:51:28+00:00","article_modified_time":"2021-11-11T09:01:16+00:00","og_image":[{"width":960,"height":640,"url":"https:\/\/www.diocesitn.it\/area-cultura\/wp-content\/uploads\/sites\/38\/2021\/10\/paris-754580_960_720-nero.jpg","type":"image\/jpeg"}],"author":"msignorati","twitter_card":"summary_large_image","twitter_misc":{"Scritto da":"msignorati","Tempo di lettura stimato":"1 minuto"},"schema":{"@context":"https:\/\/schema.org","@graph":[{"@type":"Article","@id":"https:\/\/www.diocesitn.it\/area-cultura\/2021\/10\/06\/le-parole-della-citta-cultura-il-cristianesimo-nelle-citta\/#article","isPartOf":{"@id":"https:\/\/www.diocesitn.it\/area-cultura\/2021\/10\/06\/le-parole-della-citta-cultura-il-cristianesimo-nelle-citta\/"},"author":{"name":"msignorati","@id":"https:\/\/www.diocesitn.it\/area-cultura\/#\/schema\/person\/53a7aea655a4af1e888601137ff67146"},"headline":"Le parole della citt\u00e0: CULTURA. Il cristianesimo nelle citt\u00e0","datePublished":"2021-10-06T11:51:28+00:00","dateModified":"2021-11-11T09:01:16+00:00","mainEntityOfPage":{"@id":"https:\/\/www.diocesitn.it\/area-cultura\/2021\/10\/06\/le-parole-della-citta-cultura-il-cristianesimo-nelle-citta\/"},"wordCount":87,"publisher":{"@id":"https:\/\/www.diocesitn.it\/area-cultura\/#organization"},"image":{"@id":"https:\/\/www.diocesitn.it\/area-cultura\/2021\/10\/06\/le-parole-della-citta-cultura-il-cristianesimo-nelle-citta\/#primaryimage"},"thumbnailUrl":"https:\/\/www.diocesitn.it\/area-cultura\/wp-content\/uploads\/sites\/38\/2021\/10\/paris-754580_960_720-nero.jpg","keywords":["Arcidiocesi di Trento","Dipartimento Psicologia e Scienze Cognitive - Rovereto","Universit\u00e0 di Trento","Vincenzo Rosito"],"articleSection":["Cultura","Formazione","Notizie"],"inLanguage":"it-IT","copyrightYear":"2021","copyrightHolder":{"@id":"https:\/\/www.diocesitn.it\/#organization"}},{"@type":"WebPage","@id":"https:\/\/www.diocesitn.it\/area-cultura\/2021\/10\/06\/le-parole-della-citta-cultura-il-cristianesimo-nelle-citta\/","url":"https:\/\/www.diocesitn.it\/area-cultura\/2021\/10\/06\/le-parole-della-citta-cultura-il-cristianesimo-nelle-citta\/","name":"Le parole della citt\u00e0: CULTURA. Il cristianesimo nelle citt\u00e0 - Cultura","isPartOf":{"@id":"https:\/\/www.diocesitn.it\/area-cultura\/#website"},"primaryImageOfPage":{"@id":"https:\/\/www.diocesitn.it\/area-cultura\/2021\/10\/06\/le-parole-della-citta-cultura-il-cristianesimo-nelle-citta\/#primaryimage"},"image":{"@id":"https:\/\/www.diocesitn.it\/area-cultura\/2021\/10\/06\/le-parole-della-citta-cultura-il-cristianesimo-nelle-citta\/#primaryimage"},"thumbnailUrl":"https:\/\/www.diocesitn.it\/area-cultura\/wp-content\/uploads\/sites\/38\/2021\/10\/paris-754580_960_720-nero.jpg","datePublished":"2021-10-06T11:51:28+00:00","dateModified":"2021-11-11T09:01:16+00:00","breadcrumb":{"@id":"https:\/\/www.diocesitn.it\/area-cultura\/2021\/10\/06\/le-parole-della-citta-cultura-il-cristianesimo-nelle-citta\/#breadcrumb"},"inLanguage":"it-IT","potentialAction":[{"@type":"ReadAction","target":["https:\/\/www.diocesitn.it\/area-cultura\/2021\/10\/06\/le-parole-della-citta-cultura-il-cristianesimo-nelle-citta\/"]}]},{"@type":"ImageObject","inLanguage":"it-IT","@id":"https:\/\/www.diocesitn.it\/area-cultura\/2021\/10\/06\/le-parole-della-citta-cultura-il-cristianesimo-nelle-citta\/#primaryimage","url":"https:\/\/www.diocesitn.it\/area-cultura\/wp-content\/uploads\/sites\/38\/2021\/10\/paris-754580_960_720-nero.jpg","contentUrl":"https:\/\/www.diocesitn.it\/area-cultura\/wp-content\/uploads\/sites\/38\/2021\/10\/paris-754580_960_720-nero.jpg","width":960,"height":640},{"@type":"BreadcrumbList","@id":"https:\/\/www.diocesitn.it\/area-cultura\/2021\/10\/06\/le-parole-della-citta-cultura-il-cristianesimo-nelle-citta\/#breadcrumb","itemListElement":[{"@type":"ListItem","position":1,"name":"Home","item":"https:\/\/www.diocesitn.it\/area-cultura\/"},{"@type":"ListItem","position":2,"name":"Le parole della citt\u00e0: CULTURA. Il cristianesimo nelle citt\u00e0"}]},{"@type":"WebSite","@id":"https:\/\/www.diocesitn.it\/area-cultura\/#website","url":"https:\/\/www.diocesitn.it\/area-cultura\/","name":"Cultura","description":"Chiesa di Trento","publisher":{"@id":"https:\/\/www.diocesitn.it\/area-cultura\/#organization"},"potentialAction":[{"@type":"SearchAction","target":{"@type":"EntryPoint","urlTemplate":"https:\/\/www.diocesitn.it\/area-cultura\/?s={search_term_string}"},"query-input":"required name=search_term_string"}],"inLanguage":"it-IT"},{"@type":["Organization","Place"],"@id":"https:\/\/www.diocesitn.it\/area-cultura\/#organization","name":"Area Cultura - Chiesa di Trento","url":"https:\/\/www.diocesitn.it\/area-cultura\/","logo":{"@id":"https:\/\/www.diocesitn.it\/area-cultura\/2021\/10\/06\/le-parole-della-citta-cultura-il-cristianesimo-nelle-citta\/#local-main-organization-logo"},"image":{"@id":"https:\/\/www.diocesitn.it\/area-cultura\/2021\/10\/06\/le-parole-della-citta-cultura-il-cristianesimo-nelle-citta\/#local-main-organization-logo"},"sameAs":["https:\/\/www.youtube.com\/channel\/UCfWD2n-N6WTCg2P_UA72H6Q"],"openingHoursSpecification":[{"@type":"OpeningHoursSpecification","dayOfWeek":["Monday","Tuesday","Wednesday","Thursday","Friday","Saturday","Sunday"],"opens":"09:00","closes":"17:00"}]},{"@type":"ImageObject","inLanguage":"it-IT","@id":"https:\/\/www.diocesitn.it\/area-cultura\/2021\/10\/06\/le-parole-della-citta-cultura-il-cristianesimo-nelle-citta\/#local-main-organization-logo","url":"https:\/\/www.diocesitn.it\/area-cultura\/wp-content\/uploads\/sites\/38\/2021\/09\/og-logo-cultura.jpg","contentUrl":"https:\/\/www.diocesitn.it\/area-cultura\/wp-content\/uploads\/sites\/38\/2021\/09\/og-logo-cultura.jpg","width":1200,"height":630,"caption":"Area Cultura - Chiesa di Trento"}]}},"_links":{"self":[{"href":"https:\/\/www.diocesitn.it\/area-cultura\/wp-json\/wp\/v2\/posts\/6981","targetHints":{"allow":["GET"]}}],"collection":[{"href":"https:\/\/www.diocesitn.it\/area-cultura\/wp-json\/wp\/v2\/posts"}],"about":[{"href":"https:\/\/www.diocesitn.it\/area-cultura\/wp-json\/wp\/v2\/types\/post"}],"author":[{"embeddable":true,"href":"https:\/\/www.diocesitn.it\/area-cultura\/wp-json\/wp\/v2\/users\/9"}],"replies":[{"embeddable":true,"href":"https:\/\/www.diocesitn.it\/area-cultura\/wp-json\/wp\/v2\/comments?post=6981"}],"version-history":[{"count":3,"href":"https:\/\/www.diocesitn.it\/area-cultura\/wp-json\/wp\/v2\/posts\/6981\/revisions"}],"predecessor-version":[{"id":7119,"href":"https:\/\/www.diocesitn.it\/area-cultura\/wp-json\/wp\/v2\/posts\/6981\/revisions\/7119"}],"wp:featuredmedia":[{"embeddable":true,"href":"https:\/\/www.diocesitn.it\/area-cultura\/wp-json\/wp\/v2\/media\/7013"}],"wp:attachment":[{"href":"https:\/\/www.diocesitn.it\/area-cultura\/wp-json\/wp\/v2\/media?parent=6981"}],"wp:term":[{"taxonomy":"category","embeddable":true,"href":"https:\/\/www.diocesitn.it\/area-cultura\/wp-json\/wp\/v2\/categories?post=6981"},{"taxonomy":"post_tag","embeddable":true,"href":"https:\/\/www.diocesitn.it\/area-cultura\/wp-json\/wp\/v2\/tags?post=6981"}],"curies":[{"name":"wp","href":"https:\/\/api.w.org\/{rel}","templated":true}]}}