{"id":16994,"date":"2026-03-17T14:43:34","date_gmt":"2026-03-17T13:43:34","guid":{"rendered":"https:\/\/www.diocesitn.it\/area-cultura\/?p=16994"},"modified":"2026-04-29T11:35:32","modified_gmt":"2026-04-29T09:35:32","slug":"dialoghi-sul-fine-vita","status":"publish","type":"post","link":"https:\/\/www.diocesitn.it\/area-cultura\/2026\/03\/17\/dialoghi-sul-fine-vita\/","title":{"rendered":"&#8220;Dialoghi sul fine vita&#8221;, marted\u00ec 21 aprile e gioved\u00ec 14 maggio, Trento, Vigilianum"},"content":{"rendered":"<p style=\"text-align: center\"><span style=\"color: #000000\">Nella societ\u00e0 di oggi il momento in cui la vita si conclude non avviene spesso all&#8217;improvviso, ma preparato da terapie, scelte, decisioni difficili.<\/span><\/p>\n<p style=\"text-align: center\"><span style=\"color: #000000\">Come muoversi su questo terreno delicato e doloroso?<\/span><\/p>\n<p style=\"text-align: center\"><span style=\"color: #000000\">Come orientarsi fra le posizioni diverse e possibili?<\/span><\/p>\n<p style=\"text-align: center\"><span style=\"color: #000000\">Due incontri al Vigilianum per riflettere su una tematica che ci tocca e ci coinvolge\u00a0 tutti:<\/span><\/p>\n<p style=\"text-align: center\"><span style=\"color: #000000\"><strong>Dialoghi sul fine vita<\/strong><\/span><\/p>\n<p><a href=\"https:\/\/www.diocesitn.it\/area-cultura\/wp-content\/uploads\/sites\/38\/2026\/03\/Fine-Vita-2026_def.pdf\"><img loading=\"lazy\" decoding=\"async\" class=\"size-thumbnail wp-image-16999 aligncenter\" src=\"https:\/\/www.diocesitn.it\/area-cultura\/wp-content\/uploads\/sites\/38\/2026\/03\/Immagine-2026-03-17-144221-150x150.jpg\" alt=\"\" width=\"150\" height=\"150\" srcset=\"https:\/\/www.diocesitn.it\/area-cultura\/wp-content\/uploads\/sites\/38\/2026\/03\/Immagine-2026-03-17-144221-150x150.jpg 150w, https:\/\/www.diocesitn.it\/area-cultura\/wp-content\/uploads\/sites\/38\/2026\/03\/Immagine-2026-03-17-144221-200x200.jpg 200w, https:\/\/www.diocesitn.it\/area-cultura\/wp-content\/uploads\/sites\/38\/2026\/03\/Immagine-2026-03-17-144221-300x300.jpg 300w\" sizes=\"auto, (max-width: 150px) 100vw, 150px\" \/><\/a><\/p>\n<p style=\"text-align: center\"><a href=\"https:\/\/www.diocesitn.it\/area-cultura\/wp-content\/uploads\/sites\/38\/2026\/03\/Fine-Vita-2026_def.pdf\">Scarica la locandina<\/a><\/p>\n<p>&nbsp;<\/p>\n<p class=\"cvGsUA direction-ltr align-center para-style-title\" style=\"text-align: center\"><span class=\"a_GcMg font-feature-liga-off font-feature-clig-off font-feature-calt-off text-decoration-none text-strikethrough-none\" style=\"color: #000000\">marted\u00ec 21 aprile 2026 ore 20.30, Trento, Vigilianum<\/span><\/p>\n<p class=\"cvGsUA direction-ltr align-center para-style-title\" style=\"text-align: center\"><span style=\"color: #000000\"><strong><span class=\"a_GcMg font-feature-liga-off font-feature-clig-off font-feature-calt-off text-decoration-none text-strikethrough-none\">Prospettive etiche e giuridiche<\/span><\/strong><\/span><\/p>\n<p class=\"cvGsUA direction-ltr align-center para-style-title\" style=\"text-align: center\"><span style=\"color: #000000\"><span class=\"a_GcMg font-feature-liga-off font-feature-clig-off font-feature-calt-off text-decoration-none text-strikethrough-none\">Carlo Casonato (UniTn) e\u00a0<\/span><span class=\"a_GcMg font-feature-liga-off font-feature-clig-off font-feature-calt-off text-decoration-none text-strikethrough-none\">Renzo Pegoraro (Pontificia Accademia per la Vita)<\/span><\/span><\/p>\n<p class=\"cvGsUA direction-ltr align-center para-style-title\" style=\"text-align: center\"><span style=\"color: #000000\"><span class=\"a_GcMg font-feature-liga-off font-feature-clig-off font-feature-calt-off text-decoration-none text-strikethrough-none\">modera:<\/span><span class=\"a_GcMg font-feature-liga-off font-feature-clig-off font-feature-calt-off text-decoration-none text-strikethrough-none\"> Leopoldo Sandon\u00e0 (ISSR Vicenza)<\/span><\/span><\/p>\n<p>&nbsp;<\/p>\n<p class=\"cvGsUA direction-ltr align-center para-style-title\" style=\"text-align: center\"><span class=\"a_GcMg font-feature-liga-off font-feature-clig-off font-feature-calt-off text-decoration-none text-strikethrough-none\" style=\"color: #000000\">gioved\u00ec 14 maggio 2026 ore 20.30, Trento, Vigilianum<\/span><\/p>\n<p class=\"cvGsUA direction-ltr align-center para-style-title\" style=\"text-align: center\"><span style=\"color: #000000\"><strong><span class=\"a_GcMg font-feature-liga-off font-feature-clig-off font-feature-calt-off text-decoration-none text-strikethrough-none\">Prospettive esistenziali e sociali<\/span><\/strong><\/span><\/p>\n<p class=\"cvGsUA direction-ltr align-center para-style-title\" style=\"text-align: center\"><span style=\"color: #000000\"><span class=\"a_GcMg font-feature-liga-off font-feature-clig-off font-feature-calt-off text-decoration-none text-strikethrough-none\">Gino Gobber (Asuit Trento) e\u00a0<\/span><span class=\"a_GcMg font-feature-liga-off font-feature-clig-off font-feature-calt-off text-decoration-none text-strikethrough-none\">Stefano Semplici (Universit\u00e0 \u201cTor Vergata\u201d)<\/span><\/span><\/p>\n<p class=\"cvGsUA direction-ltr align-center para-style-title\" style=\"text-align: center\"><span style=\"color: #000000\"><span class=\"a_GcMg font-feature-liga-off font-feature-clig-off font-feature-calt-off text-decoration-none text-strikethrough-none\">modera:<\/span><span class=\"a_GcMg font-feature-liga-off font-feature-clig-off font-feature-calt-off text-decoration-none text-strikethrough-none\"> Lucia Galvagni (FBK Trento)<\/span><\/span><\/p>\n","protected":false},"excerpt":{"rendered":"<p>Nella societ\u00e0 di oggi il momento in cui la vita si conclude non avviene spesso all&#8217;improvviso, ma preparato da terapie, scelte, decisioni difficili. Come muoversi su questo terreno delicato e doloroso? Come orientarsi fra le<\/p>\n","protected":false},"author":176,"featured_media":16995,"comment_status":"closed","ping_status":"closed","sticky":false,"template":"","format":"standard","meta":{"footnotes":""},"categories":[632,461,375,329],"tags":[],"class_list":["post-16994","post","type-post","status-publish","format-standard","has-post-thumbnail","hentry","category-area-cultura","category-cultura","category-servizio-formazione","category-notizie"],"acf":{"seed-localization-paese-cod":"IT","seed-localization-address":"","seed-localization-citta":"Trento","seed-localization-regione-cod-istat":"04","seed-localization-citta-cod-istat":"022205","seed-localization-localita":"","seed-localization-cap":"","seed-localization-marker-visibility":false,"seed-localization-children-visibility":false,"seed-localization-kml":"","seed-localization-custom-marker":""},"yoast_head":"<!-- This site is optimized with the Yoast SEO Premium plugin v20.2.1 (Yoast SEO v22.2) - https:\/\/yoast.com\/wordpress\/plugins\/seo\/ -->\n<title>&quot;Dialoghi sul fine vita&quot;, marted\u00ec 21 aprile e gioved\u00ec 14 maggio, Trento, Vigilianum - Cultura<\/title>\n<meta name=\"robots\" content=\"index, follow, max-snippet:-1, max-image-preview:large, max-video-preview:-1\" \/>\n<link rel=\"canonical\" href=\"https:\/\/www.diocesitn.it\/area-cultura\/2026\/03\/17\/dialoghi-sul-fine-vita\/\" \/>\n<meta property=\"og:locale\" content=\"it_IT\" \/>\n<meta property=\"og:type\" content=\"article\" \/>\n<meta property=\"og:title\" content=\"&quot;Dialoghi sul fine vita&quot;, marted\u00ec 21 aprile e gioved\u00ec 14 maggio, Trento, Vigilianum\" \/>\n<meta property=\"og:description\" content=\"Nella societ\u00e0 di oggi il momento in cui la vita si conclude non avviene spesso all&#8217;improvviso, ma preparato da terapie, scelte, decisioni difficili. Come muoversi su questo terreno delicato e doloroso? Come orientarsi fra le\" \/>\n<meta property=\"og:url\" content=\"https:\/\/www.diocesitn.it\/area-cultura\/2026\/03\/17\/dialoghi-sul-fine-vita\/\" \/>\n<meta property=\"og:site_name\" content=\"Cultura\" \/>\n<meta property=\"article:published_time\" content=\"2026-03-17T13:43:34+00:00\" \/>\n<meta property=\"article:modified_time\" content=\"2026-04-29T09:35:32+00:00\" \/>\n<meta property=\"og:image\" content=\"https:\/\/www.diocesitn.it\/area-cultura\/wp-content\/uploads\/sites\/38\/2026\/03\/zapculture-dandelion-9568531-scaled.jpg\" \/>\n\t<meta property=\"og:image:width\" content=\"2560\" \/>\n\t<meta property=\"og:image:height\" content=\"1707\" \/>\n\t<meta property=\"og:image:type\" content=\"image\/jpeg\" \/>\n<meta name=\"author\" content=\"lparis\" \/>\n<meta name=\"twitter:card\" content=\"summary_large_image\" \/>\n<meta name=\"twitter:label1\" content=\"Scritto da\" \/>\n\t<meta name=\"twitter:data1\" content=\"lparis\" \/>\n\t<meta name=\"twitter:label2\" content=\"Tempo di lettura stimato\" \/>\n\t<meta name=\"twitter:data2\" content=\"2 minuti\" \/>\n<script type=\"application\/ld+json\" class=\"yoast-schema-graph\">{\"@context\":\"https:\/\/schema.org\",\"@graph\":[{\"@type\":\"Article\",\"@id\":\"https:\/\/www.diocesitn.it\/area-cultura\/2026\/03\/17\/dialoghi-sul-fine-vita\/#article\",\"isPartOf\":{\"@id\":\"https:\/\/www.diocesitn.it\/area-cultura\/2026\/03\/17\/dialoghi-sul-fine-vita\/\"},\"author\":{\"name\":\"lparis\",\"@id\":\"https:\/\/www.diocesitn.it\/area-cultura\/#\/schema\/person\/56f5dae17432fc6d153fbbbf46f9d871\"},\"headline\":\"&#8220;Dialoghi sul fine vita&#8221;, marted\u00ec 21 aprile e gioved\u00ec 14 maggio, Trento, Vigilianum\",\"datePublished\":\"2026-03-17T13:43:34+00:00\",\"dateModified\":\"2026-04-29T09:35:32+00:00\",\"mainEntityOfPage\":{\"@id\":\"https:\/\/www.diocesitn.it\/area-cultura\/2026\/03\/17\/dialoghi-sul-fine-vita\/\"},\"wordCount\":124,\"publisher\":{\"@id\":\"https:\/\/www.diocesitn.it\/area-cultura\/#organization\"},\"image\":{\"@id\":\"https:\/\/www.diocesitn.it\/area-cultura\/2026\/03\/17\/dialoghi-sul-fine-vita\/#primaryimage\"},\"thumbnailUrl\":\"https:\/\/www.diocesitn.it\/area-cultura\/wp-content\/uploads\/sites\/38\/2026\/03\/zapculture-dandelion-9568531-scaled.jpg\",\"articleSection\":[\"Area Cultura\",\"Cultura\",\"Formazione\",\"Notizie\"],\"inLanguage\":\"it-IT\",\"copyrightYear\":\"2026\",\"copyrightHolder\":{\"@id\":\"https:\/\/www.diocesitn.it\/#organization\"}},{\"@type\":\"WebPage\",\"@id\":\"https:\/\/www.diocesitn.it\/area-cultura\/2026\/03\/17\/dialoghi-sul-fine-vita\/\",\"url\":\"https:\/\/www.diocesitn.it\/area-cultura\/2026\/03\/17\/dialoghi-sul-fine-vita\/\",\"name\":\"\\\"Dialoghi sul fine vita\\\", marted\u00ec 21 aprile e gioved\u00ec 14 maggio, Trento, Vigilianum - Cultura\",\"isPartOf\":{\"@id\":\"https:\/\/www.diocesitn.it\/area-cultura\/#website\"},\"primaryImageOfPage\":{\"@id\":\"https:\/\/www.diocesitn.it\/area-cultura\/2026\/03\/17\/dialoghi-sul-fine-vita\/#primaryimage\"},\"image\":{\"@id\":\"https:\/\/www.diocesitn.it\/area-cultura\/2026\/03\/17\/dialoghi-sul-fine-vita\/#primaryimage\"},\"thumbnailUrl\":\"https:\/\/www.diocesitn.it\/area-cultura\/wp-content\/uploads\/sites\/38\/2026\/03\/zapculture-dandelion-9568531-scaled.jpg\",\"datePublished\":\"2026-03-17T13:43:34+00:00\",\"dateModified\":\"2026-04-29T09:35:32+00:00\",\"breadcrumb\":{\"@id\":\"https:\/\/www.diocesitn.it\/area-cultura\/2026\/03\/17\/dialoghi-sul-fine-vita\/#breadcrumb\"},\"inLanguage\":\"it-IT\",\"potentialAction\":[{\"@type\":\"ReadAction\",\"target\":[\"https:\/\/www.diocesitn.it\/area-cultura\/2026\/03\/17\/dialoghi-sul-fine-vita\/\"]}]},{\"@type\":\"ImageObject\",\"inLanguage\":\"it-IT\",\"@id\":\"https:\/\/www.diocesitn.it\/area-cultura\/2026\/03\/17\/dialoghi-sul-fine-vita\/#primaryimage\",\"url\":\"https:\/\/www.diocesitn.it\/area-cultura\/wp-content\/uploads\/sites\/38\/2026\/03\/zapculture-dandelion-9568531-scaled.jpg\",\"contentUrl\":\"https:\/\/www.diocesitn.it\/area-cultura\/wp-content\/uploads\/sites\/38\/2026\/03\/zapculture-dandelion-9568531-scaled.jpg\",\"width\":2560,\"height\":1707},{\"@type\":\"BreadcrumbList\",\"@id\":\"https:\/\/www.diocesitn.it\/area-cultura\/2026\/03\/17\/dialoghi-sul-fine-vita\/#breadcrumb\",\"itemListElement\":[{\"@type\":\"ListItem\",\"position\":1,\"name\":\"Home\",\"item\":\"https:\/\/www.diocesitn.it\/area-cultura\/\"},{\"@type\":\"ListItem\",\"position\":2,\"name\":\"&#8220;Dialoghi sul fine vita&#8221;, marted\u00ec 21 aprile e gioved\u00ec 14 maggio, Trento, Vigilianum\"}]},{\"@type\":\"WebSite\",\"@id\":\"https:\/\/www.diocesitn.it\/area-cultura\/#website\",\"url\":\"https:\/\/www.diocesitn.it\/area-cultura\/\",\"name\":\"Cultura\",\"description\":\"Chiesa di Trento\",\"publisher\":{\"@id\":\"https:\/\/www.diocesitn.it\/area-cultura\/#organization\"},\"potentialAction\":[{\"@type\":\"SearchAction\",\"target\":{\"@type\":\"EntryPoint\",\"urlTemplate\":\"https:\/\/www.diocesitn.it\/area-cultura\/?s={search_term_string}\"},\"query-input\":\"required name=search_term_string\"}],\"inLanguage\":\"it-IT\"},{\"@type\":[\"Organization\",\"Place\"],\"@id\":\"https:\/\/www.diocesitn.it\/area-cultura\/#organization\",\"name\":\"Area Cultura - Chiesa di Trento\",\"url\":\"https:\/\/www.diocesitn.it\/area-cultura\/\",\"logo\":{\"@id\":\"https:\/\/www.diocesitn.it\/area-cultura\/2026\/03\/17\/dialoghi-sul-fine-vita\/#local-main-organization-logo\"},\"image\":{\"@id\":\"https:\/\/www.diocesitn.it\/area-cultura\/2026\/03\/17\/dialoghi-sul-fine-vita\/#local-main-organization-logo\"},\"sameAs\":[\"https:\/\/www.youtube.com\/channel\/UCfWD2n-N6WTCg2P_UA72H6Q\"],\"openingHoursSpecification\":[{\"@type\":\"OpeningHoursSpecification\",\"dayOfWeek\":[\"Monday\",\"Tuesday\",\"Wednesday\",\"Thursday\",\"Friday\",\"Saturday\",\"Sunday\"],\"opens\":\"09:00\",\"closes\":\"17:00\"}]},{\"@type\":\"ImageObject\",\"inLanguage\":\"it-IT\",\"@id\":\"https:\/\/www.diocesitn.it\/area-cultura\/2026\/03\/17\/dialoghi-sul-fine-vita\/#local-main-organization-logo\",\"url\":\"https:\/\/www.diocesitn.it\/area-cultura\/wp-content\/uploads\/sites\/38\/2021\/09\/og-logo-cultura.jpg\",\"contentUrl\":\"https:\/\/www.diocesitn.it\/area-cultura\/wp-content\/uploads\/sites\/38\/2021\/09\/og-logo-cultura.jpg\",\"width\":1200,\"height\":630,\"caption\":\"Area Cultura - Chiesa di Trento\"}]}<\/script>\n<!-- \/ Yoast SEO Premium plugin. -->","yoast_head_json":{"title":"\"Dialoghi sul fine vita\", marted\u00ec 21 aprile e gioved\u00ec 14 maggio, Trento, Vigilianum - Cultura","robots":{"index":"index","follow":"follow","max-snippet":"max-snippet:-1","max-image-preview":"max-image-preview:large","max-video-preview":"max-video-preview:-1"},"canonical":"https:\/\/www.diocesitn.it\/area-cultura\/2026\/03\/17\/dialoghi-sul-fine-vita\/","og_locale":"it_IT","og_type":"article","og_title":"\"Dialoghi sul fine vita\", marted\u00ec 21 aprile e gioved\u00ec 14 maggio, Trento, Vigilianum","og_description":"Nella societ\u00e0 di oggi il momento in cui la vita si conclude non avviene spesso all&#8217;improvviso, ma preparato da terapie, scelte, decisioni difficili. Come muoversi su questo terreno delicato e doloroso? Come orientarsi fra le","og_url":"https:\/\/www.diocesitn.it\/area-cultura\/2026\/03\/17\/dialoghi-sul-fine-vita\/","og_site_name":"Cultura","article_published_time":"2026-03-17T13:43:34+00:00","article_modified_time":"2026-04-29T09:35:32+00:00","og_image":[{"width":2560,"height":1707,"url":"https:\/\/www.diocesitn.it\/area-cultura\/wp-content\/uploads\/sites\/38\/2026\/03\/zapculture-dandelion-9568531-scaled.jpg","type":"image\/jpeg"}],"author":"lparis","twitter_card":"summary_large_image","twitter_misc":{"Scritto da":"lparis","Tempo di lettura stimato":"2 minuti"},"schema":{"@context":"https:\/\/schema.org","@graph":[{"@type":"Article","@id":"https:\/\/www.diocesitn.it\/area-cultura\/2026\/03\/17\/dialoghi-sul-fine-vita\/#article","isPartOf":{"@id":"https:\/\/www.diocesitn.it\/area-cultura\/2026\/03\/17\/dialoghi-sul-fine-vita\/"},"author":{"name":"lparis","@id":"https:\/\/www.diocesitn.it\/area-cultura\/#\/schema\/person\/56f5dae17432fc6d153fbbbf46f9d871"},"headline":"&#8220;Dialoghi sul fine vita&#8221;, marted\u00ec 21 aprile e gioved\u00ec 14 maggio, Trento, Vigilianum","datePublished":"2026-03-17T13:43:34+00:00","dateModified":"2026-04-29T09:35:32+00:00","mainEntityOfPage":{"@id":"https:\/\/www.diocesitn.it\/area-cultura\/2026\/03\/17\/dialoghi-sul-fine-vita\/"},"wordCount":124,"publisher":{"@id":"https:\/\/www.diocesitn.it\/area-cultura\/#organization"},"image":{"@id":"https:\/\/www.diocesitn.it\/area-cultura\/2026\/03\/17\/dialoghi-sul-fine-vita\/#primaryimage"},"thumbnailUrl":"https:\/\/www.diocesitn.it\/area-cultura\/wp-content\/uploads\/sites\/38\/2026\/03\/zapculture-dandelion-9568531-scaled.jpg","articleSection":["Area Cultura","Cultura","Formazione","Notizie"],"inLanguage":"it-IT","copyrightYear":"2026","copyrightHolder":{"@id":"https:\/\/www.diocesitn.it\/#organization"}},{"@type":"WebPage","@id":"https:\/\/www.diocesitn.it\/area-cultura\/2026\/03\/17\/dialoghi-sul-fine-vita\/","url":"https:\/\/www.diocesitn.it\/area-cultura\/2026\/03\/17\/dialoghi-sul-fine-vita\/","name":"\"Dialoghi sul fine vita\", marted\u00ec 21 aprile e gioved\u00ec 14 maggio, Trento, Vigilianum - Cultura","isPartOf":{"@id":"https:\/\/www.diocesitn.it\/area-cultura\/#website"},"primaryImageOfPage":{"@id":"https:\/\/www.diocesitn.it\/area-cultura\/2026\/03\/17\/dialoghi-sul-fine-vita\/#primaryimage"},"image":{"@id":"https:\/\/www.diocesitn.it\/area-cultura\/2026\/03\/17\/dialoghi-sul-fine-vita\/#primaryimage"},"thumbnailUrl":"https:\/\/www.diocesitn.it\/area-cultura\/wp-content\/uploads\/sites\/38\/2026\/03\/zapculture-dandelion-9568531-scaled.jpg","datePublished":"2026-03-17T13:43:34+00:00","dateModified":"2026-04-29T09:35:32+00:00","breadcrumb":{"@id":"https:\/\/www.diocesitn.it\/area-cultura\/2026\/03\/17\/dialoghi-sul-fine-vita\/#breadcrumb"},"inLanguage":"it-IT","potentialAction":[{"@type":"ReadAction","target":["https:\/\/www.diocesitn.it\/area-cultura\/2026\/03\/17\/dialoghi-sul-fine-vita\/"]}]},{"@type":"ImageObject","inLanguage":"it-IT","@id":"https:\/\/www.diocesitn.it\/area-cultura\/2026\/03\/17\/dialoghi-sul-fine-vita\/#primaryimage","url":"https:\/\/www.diocesitn.it\/area-cultura\/wp-content\/uploads\/sites\/38\/2026\/03\/zapculture-dandelion-9568531-scaled.jpg","contentUrl":"https:\/\/www.diocesitn.it\/area-cultura\/wp-content\/uploads\/sites\/38\/2026\/03\/zapculture-dandelion-9568531-scaled.jpg","width":2560,"height":1707},{"@type":"BreadcrumbList","@id":"https:\/\/www.diocesitn.it\/area-cultura\/2026\/03\/17\/dialoghi-sul-fine-vita\/#breadcrumb","itemListElement":[{"@type":"ListItem","position":1,"name":"Home","item":"https:\/\/www.diocesitn.it\/area-cultura\/"},{"@type":"ListItem","position":2,"name":"&#8220;Dialoghi sul fine vita&#8221;, marted\u00ec 21 aprile e gioved\u00ec 14 maggio, Trento, Vigilianum"}]},{"@type":"WebSite","@id":"https:\/\/www.diocesitn.it\/area-cultura\/#website","url":"https:\/\/www.diocesitn.it\/area-cultura\/","name":"Cultura","description":"Chiesa di Trento","publisher":{"@id":"https:\/\/www.diocesitn.it\/area-cultura\/#organization"},"potentialAction":[{"@type":"SearchAction","target":{"@type":"EntryPoint","urlTemplate":"https:\/\/www.diocesitn.it\/area-cultura\/?s={search_term_string}"},"query-input":"required name=search_term_string"}],"inLanguage":"it-IT"},{"@type":["Organization","Place"],"@id":"https:\/\/www.diocesitn.it\/area-cultura\/#organization","name":"Area Cultura - Chiesa di Trento","url":"https:\/\/www.diocesitn.it\/area-cultura\/","logo":{"@id":"https:\/\/www.diocesitn.it\/area-cultura\/2026\/03\/17\/dialoghi-sul-fine-vita\/#local-main-organization-logo"},"image":{"@id":"https:\/\/www.diocesitn.it\/area-cultura\/2026\/03\/17\/dialoghi-sul-fine-vita\/#local-main-organization-logo"},"sameAs":["https:\/\/www.youtube.com\/channel\/UCfWD2n-N6WTCg2P_UA72H6Q"],"openingHoursSpecification":[{"@type":"OpeningHoursSpecification","dayOfWeek":["Monday","Tuesday","Wednesday","Thursday","Friday","Saturday","Sunday"],"opens":"09:00","closes":"17:00"}]},{"@type":"ImageObject","inLanguage":"it-IT","@id":"https:\/\/www.diocesitn.it\/area-cultura\/2026\/03\/17\/dialoghi-sul-fine-vita\/#local-main-organization-logo","url":"https:\/\/www.diocesitn.it\/area-cultura\/wp-content\/uploads\/sites\/38\/2021\/09\/og-logo-cultura.jpg","contentUrl":"https:\/\/www.diocesitn.it\/area-cultura\/wp-content\/uploads\/sites\/38\/2021\/09\/og-logo-cultura.jpg","width":1200,"height":630,"caption":"Area Cultura - Chiesa di Trento"}]}},"_links":{"self":[{"href":"https:\/\/www.diocesitn.it\/area-cultura\/wp-json\/wp\/v2\/posts\/16994","targetHints":{"allow":["GET"]}}],"collection":[{"href":"https:\/\/www.diocesitn.it\/area-cultura\/wp-json\/wp\/v2\/posts"}],"about":[{"href":"https:\/\/www.diocesitn.it\/area-cultura\/wp-json\/wp\/v2\/types\/post"}],"author":[{"embeddable":true,"href":"https:\/\/www.diocesitn.it\/area-cultura\/wp-json\/wp\/v2\/users\/176"}],"replies":[{"embeddable":true,"href":"https:\/\/www.diocesitn.it\/area-cultura\/wp-json\/wp\/v2\/comments?post=16994"}],"version-history":[{"count":3,"href":"https:\/\/www.diocesitn.it\/area-cultura\/wp-json\/wp\/v2\/posts\/16994\/revisions"}],"predecessor-version":[{"id":17095,"href":"https:\/\/www.diocesitn.it\/area-cultura\/wp-json\/wp\/v2\/posts\/16994\/revisions\/17095"}],"wp:featuredmedia":[{"embeddable":true,"href":"https:\/\/www.diocesitn.it\/area-cultura\/wp-json\/wp\/v2\/media\/16995"}],"wp:attachment":[{"href":"https:\/\/www.diocesitn.it\/area-cultura\/wp-json\/wp\/v2\/media?parent=16994"}],"wp:term":[{"taxonomy":"category","embeddable":true,"href":"https:\/\/www.diocesitn.it\/area-cultura\/wp-json\/wp\/v2\/categories?post=16994"},{"taxonomy":"post_tag","embeddable":true,"href":"https:\/\/www.diocesitn.it\/area-cultura\/wp-json\/wp\/v2\/tags?post=16994"}],"curies":[{"name":"wp","href":"https:\/\/api.w.org\/{rel}","templated":true}]}}