{"id":16937,"date":"2026-03-12T11:47:39","date_gmt":"2026-03-12T10:47:39","guid":{"rendered":"https:\/\/www.diocesitn.it\/area-cultura\/2026\/03\/12\/cattedra-del-confronto-nicoletti-la-liberta-delluomo-e-il-fondamento-della-convivenza-video\/"},"modified":"2026-03-16T14:20:49","modified_gmt":"2026-03-16T13:20:49","slug":"cattedra-del-confronto-nicoletti-la-liberta-delluomo-e-il-fondamento-della-convivenza-video","status":"publish","type":"post","link":"https:\/\/www.diocesitn.it\/area-cultura\/2026\/03\/12\/cattedra-del-confronto-nicoletti-la-liberta-delluomo-e-il-fondamento-della-convivenza-video\/","title":{"rendered":"Cattedra del Confronto, Nicoletti: \u201cLa libert\u00e0 dell\u2019uomo \u00e8 il fondamento della convivenza\u201d (VIDEO)"},"content":{"rendered":"<p data-start=\"970\" data-end=\"1453\"><span style=\"color: #333333\">Secondo appuntamento a Trento, luned\u00ec 9 marzo, per la <strong>Cattedra del Confronto,<\/strong> il ciclo di incontri culturali promosso dall\u2019<span class=\"hover:entity-accent entity-underline inline cursor-pointer align-baseline\"><span class=\"whitespace-normal\">Arcidiocesi di Trento<\/span><\/span> dedicato quest\u2019anno al tema <strong data-start=\"1146\" data-end=\"1173\">\u201cIdentit\u00e0 e convivenza\u201d<\/strong>. Dopo l\u2019esordio con l\u2019antropologo <a style=\"color: #333333\" href=\"https:\/\/www.diocesitn.it\/site\/cattedra-del-confronto-marco-aime-lidentita-non-e-una-sola-siamo-fatti-di-molte-appartenenze-lunedi-9-ce-il-filosofo-nicoletti\/\"><strong><span class=\"hover:entity-accent entity-underline inline cursor-pointer align-baseline\"><span class=\"whitespace-normal\">Marco Aime<\/span><\/span><\/strong><\/a>, la seconda serata \u2013 ospitata nell\u2019Aula Magna del Collegio Arcivescovile \u2013 ha visto protagonista il filosofo politico <strong><span class=\"hover:entity-accent entity-underline inline cursor-pointer align-baseline\"><span class=\"whitespace-normal\">Michele Nicoletti<\/span><\/span><\/strong>, docente all\u2019<span class=\"hover:entity-accent entity-underline inline cursor-pointer align-baseline\"><span class=\"whitespace-normal\">Universit\u00e0 di Trento<\/span><\/span>.<\/span><\/p>\n<p data-start=\"1455\" data-end=\"1758\"><span style=\"color: #333333\">Nicoletti \u00e8 intervenuto al posto della giornalista di &#8220;<a style=\"color: #333333\" href=\"https:\/\/www.avvenire.it\/\">Avvenire<\/a>&#8221; <span class=\"hover:entity-accent entity-underline inline cursor-pointer align-baseline\"><span class=\"whitespace-normal\">Lucia Capuzzi<\/span><\/span>, richiamata sul campo a causa della guerra in Medio Oriente. Il suo intervento ha offerto una lettura ampia del momento storico, intrecciando riflessione filosofica e analisi del contesto geopolitico.<\/span><\/p>\n<h4 data-section-id=\"1oortjg\" data-start=\"1760\" data-end=\"1797\"><span style=\"color: #333333\">L\u2019introduzione di don Stefano Zeni<\/span><\/h4>\n<p data-start=\"1799\" data-end=\"1936\"><span style=\"color: #333333\">Ad aprire la serata, don <strong data-start=\"1831\" data-end=\"1847\">Stefano Zeni<\/strong>, delegato ad interim dell&#8217;Area Cultura che ha ricordato il senso del percorso culturale proposto dalla Cattedra del Confronto. Riprendendo la serata inaugurale con Marco Aime, Zeni ha ricordato come l\u2019antropologo abbia sottolineato che &#8220;la storia \u00e8 fatta con i piedi in movimento e deve tenere conto di un certo pluralismo culturale&#8221;.\u00a0Le culture, ha aggiunto, &#8220;sono cantieri che non chiudono mai&#8221;, in continua trasformazione. <\/span><\/p>\n<h4 data-start=\"1799\" data-end=\"1936\"><span style=\"color: #333333\">Un invito alla prudenza nell\u2019interpretare la storia<\/span><\/h4>\n<p><span style=\"color: #333333\">All\u2019inizio dell\u2019intervento &#8211; preceduto dalla lettura di alcuni testi di Alex Langer &#8211; Michele Nicoletti ha sottolineato la necessit\u00e0 di affrontare la situazione internazionale con <strong>grande umilt\u00e0<\/strong> interpretativa. La storia, infatti, presenta sempre margini di imprevedibilit\u00e0 e non pu\u00f2 essere spiegata completamente con schemi rigidi.\u00a0A questo proposito ha ricordato una riflessione di Hegel secondo cui la filosofia arriva sempre troppo tardi per dire dove va il mondo e pu\u00f2 soltanto comprendere ci\u00f2 che \u00e8 gi\u00e0 accaduto. Per questo motivo ha invitato a diffidare delle interpretazioni troppo semplici dei conflitti.<\/span><\/p>\n<p><span style=\"color: #333333\"><span style=\"font-size: inherit\">&#8220;Noi &#8211; ha affermato &#8211; dobbiamo fare un atto di grandissima umilt\u00e0 quando leggiamo gli eventi della storia, perch\u00e9 gli eventi della storia hanno dei margini di imprevedibilit\u00e0&#8221;.\u00a0<\/span>Nicoletti ha osservato che spesso si pensa che nei conflitti vinca inevitabilmente il pi\u00f9 forte, ma la storia recente dimostra che non \u00e8 sempre cos\u00ec: le guerre del Vietnam e dell\u2019Afghanistan mostrano che una grande superiorit\u00e0 militare non garantisce necessariamente la vittoria.<\/span><\/p>\n<h4><span style=\"color: #333333\">L\u2019ordine internazionale nato dopo la Seconda guerra mondiale<\/span><\/h4>\n<p><span style=\"color: #333333\">Il sistema internazionale costruito dopo la Seconda guerra mondiale non si \u00e8 basato, a giudizio del filosofo politico, soltanto sul diritto internazionale. In realt\u00e0 esso \u00e8 nato da un compromesso tra equilibrio di potenze e principi condivisi. <span style=\"font-size: inherit\">&#8220;L&#8217;ordine in cui noi siamo vissuti fino a questi giorni &#8211; ha notato\u00a0 Nicoletti &#8211; era un ordine basato su un compromesso: un compromesso di forze e un elemento di principi e di valori condivisi&#8221;. <\/span>Durante la guerra fredda questo equilibrio ha visto contrapposti soprattutto Stati Uniti e Unione Sovietica, ma all\u2019interno di una cornice giuridica comune rappresentata dalle Nazioni Unite e dal diritto internazionale.<\/span><\/p>\n<p><span style=\"color: #333333\">Una novit\u00e0 importante di questo sistema \u00e8 stata l\u2019introduzione dei <strong>diritti umani come principio fondativo dell\u2019ordine internazionale<\/strong>. Nicoletti ha ricordato in particolare l\u2019articolo 28 della <strong>Dichiarazione universale dei diritti umani<\/strong>: <span style=\"font-size: inherit\">&#8220;Ogni individuo ha diritto a un ordine sociale e internazionale nel quale i diritti e le libert\u00e0 enunciati in questa dichiarazione possano essere pienamente realizzati&#8221;.<\/span><\/span><\/p>\n<h4><span style=\"color: #333333\">Il significato politico dell\u2019identit\u00e0<\/span><\/h4>\n<p><span style=\"color: #333333\">In filosofia politica l\u2019identit\u00e0 non indica solo la permanenza di caratteristiche che distinguono una persona o un popolo dagli altri, ma anche la capacit\u00e0 di essere soggetti della propria storia.\u00a0Richiamando il pensiero di Paul Ricoeur, Nicoletti ha spiegato che identit\u00e0 significa anche soggettivit\u00e0 politica: <span style=\"font-size: inherit\">&#8220;Identit\u00e0 vuol dire soggettivit\u00e0, non semplicemente esistere in modo diverso dagli altri, ma poter decidere sul mio destino&#8221;.<\/span><\/span><\/p>\n<p><span style=\"color: #333333\">Storicamente questa possibilit\u00e0 di decidere del proprio destino si \u00e8 concretizzata nello <strong>Stato sovrano<\/strong>. Per molti popoli avere uno Stato ha rappresentato la condizione necessaria per difendere la propria identit\u00e0 e partecipare alla comunit\u00e0 internazionale.\u00a0Nicoletti ha ricordato alcuni esempi storici: prima dell\u2019unificazione Germania e Italia possedevano una forte identit\u00e0 culturale ma non un\u2019autentica identit\u00e0 politica. Analogamente il popolo ebraico ha mantenuto per secoli la propria identit\u00e0 religiosa e culturale senza uno Stato, ma la tragedia del nazismo ha mostrato quanto fosse fragile una identit\u00e0 priva di sovranit\u00e0 politica.\u00a0Per questo Nicoletti ha osservato che il problema riguarda anche altri popoli contemporanei: <span style=\"font-size: inherit\">&#8220;Se gli ebrei non hanno uno Stato, gli altri non tuteleranno la loro identit\u00e0&#8230; e la stessa cosa possono dire i palestinesi&#8221;.<\/span><\/span><\/p>\n<h4><span style=\"color: #333333\">Convivenza e diritto internazionale<\/span><\/h4>\n<p><span style=\"color: #333333\">L\u2019ordine internazionale del dopoguerra ha cercato, secondo Nicoletti, di costruire una convivenza tra gli Stati basata sulla limitazione della violenza e sulla risoluzione giuridica dei conflitti. Questo sistema tuttavia \u00e8 stato segnato anche dal peso del passato coloniale europeo. All\u2019inizio del Novecento gran parte del mondo era sotto il controllo delle potenze europee e questo ha lasciato profonde disuguaglianze.<\/span><\/p>\n<p><span style=\"color: #333333\">Nonostante questi limiti, quell\u2019ordine internazionale ha comunque permesso alcuni sviluppi importanti: l\u2019integrazione di paesi sconfitti come Germania e Giappone, la nascita di nuovi Stati attraverso la decolonizzazione e una relativa stabilit\u00e0 globale durante la guerra fredda.<\/span><\/p>\n<h4><span style=\"color: #333333\">La trasformazione dell\u2019ordine mondiale<\/span><\/h4>\n<p><span style=\"color: #333333\">Nicoletti ha sostenuto che oggi questo ordine internazionale sta attraversando una fase di profonda trasformazione.\u00a0Da un lato stanno cambiando gli equilibri materiali di potere: i dati demografici ed economici mostrano che il mondo non \u00e8 pi\u00f9 quello del 1950. L\u2019Africa ha conosciuto una crescita demografica enorme, il peso relativo dell\u2019Europa nella popolazione mondiale \u00e8 diminuito e nuovi attori globali stanno emergendo anche nel campo della scienza e della tecnologia.<\/span><\/p>\n<p><span style=\"color: #333333\">Dall\u2019altro lato si stanno trasformando anche i valori su cui si fondava l\u2019ordine internazionale. Nicoletti ha denunciato il ritorno della logica della conquista territoriale e dell\u2019uso della forza come strumento normale della politica internazionale.\u00a0Parlando della guerra in Ucraina ha affermato chiaramente: <span style=\"font-size: inherit\">&#8220;Non ci troviamo di fronte a una controversia, ma ci troviamo di fronte a un&#8217;aggressione&#8221;.\u00a0<\/span>Per spiegare questo principio ha utilizzato un paragone molto diretto: <span style=\"font-size: inherit\">&#8220;Quando un uomo mette le mani addosso a una donna non si dice fate pace, si dice fermati&#8221;.\u00a0<\/span>Secondo Nicoletti questo ritorno della guerra di aggressione, insieme alla disumanizzazione dei conflitti e all\u2019uso sproporzionato della forza, mette in crisi i principi fondamentali dell\u2019ordine internazionale.<\/span><\/p>\n<h4><span style=\"color: #333333\">Il valore della dignit\u00e0 della persona<\/span><\/h4>\n<p><span style=\"color: #333333\">Nella parte conclusiva Nicoletti ha ribadito l\u2019importanza di uno dei principi centrali della tradizione giuridica e morale contemporanea: la <strong>dignit\u00e0 infinita della persona<\/strong>.\u00a0Questa idea implica che ogni individuo possiede un valore che non pu\u00f2 essere ridotto a un semplice calcolo utilitaristico. Anche una sola persona non pu\u00f2 essere sacrificata per il benessere di molti. <span style=\"font-size: inherit\">&#8220;Il fatto che ogni persona debba avere un valore infinito ed una dignit\u00e0 infinita&#8230; se ha un valore infinito devo fermarmi anche di fronte a una sola di queste&#8221;.<\/span><\/span><\/p>\n<p><span style=\"color: #333333\">Pur riconoscendo il valore di tradizioni culturali che pongono maggiore enfasi sulla comunit\u00e0, Nicoletti ha dichiarato di ritenere fondamentale la tutela della libert\u00e0 individuale e del diritto al dissenso.\u00a0<\/span><\/p>\n<h4><span style=\"color: #333333\">Identit\u00e0 e convivenza<\/span><\/h4>\n<p><span style=\"color: #333333\">In conclusione, Nicoletti ha sostenuto che identit\u00e0 e convivenza non devono essere viste come termini opposti, ma come realt\u00e0 che devono restare in equilibrio.\u00a0Una convivenza autentica richiede <strong>solidariet\u00e0 e cooperazione<\/strong>, ma deve sempre rispettare la <strong>libert\u00e0 e la dignit\u00e0<\/strong> di ogni persona. Per questo motivo l\u2019idea della persona e dei suoi diritti resta, secondo Nicoletti, uno dei contributi pi\u00f9 importanti della cultura politica contemporanea.<\/span><\/p>\n<h4 data-section-id=\"1hh1hsg\" data-start=\"4263\" data-end=\"4285\"><span style=\"color: #333333\">Pensare il presente<\/span><\/h4>\n<p data-start=\"4287\" data-end=\"4448\"><span style=\"color: #333333\">A chiudere l\u2019incontro \u00e8 stato l\u2019arcivescovo di Trento, <strong data-start=\"4342\" data-end=\"4383\"><span class=\"hover:entity-accent entity-underline inline cursor-pointer align-baseline\"><span class=\"whitespace-normal\">Lauro Tisi<\/span><\/span><\/strong><span class=\"hover:entity-accent entity-underline inline cursor-pointer align-baseline\"><span class=\"whitespace-normal\">. R<\/span><\/span>ichiamando il cardinale Carlo Maria Martini, Tisi ha sottolineato l\u2019urgenza di recuperare la dimensione del pensiero: &#8220;Alla domanda su cosa fosse pi\u00f9 importante per la Chiesa, Martini rispose: pensare&#8221;. Un invito che l\u2019Arcivescovo ha esteso alla societ\u00e0 contemporanea: &#8220;Credo che quello che \u00e8 pi\u00f9 necessario per l\u2019umanit\u00e0 oggi sia tornare a pensare, di fronte a letture semplificate e polarizzate dove si vive di slogan e battute&#8221;.\u00a0<\/span><\/p>\n<p data-start=\"4287\" data-end=\"4448\"><span style=\"color: #333333\">Secondo Tisi, le crisi del presente non nascono all\u2019improvviso ma sono il risultato di scelte maturate nel tempo: &#8220;Quello che accade oggi non nasce dal nulla: ha un suo percorso che ci porta l\u00ec&#8221;.\u00a0L\u2019Arcivescovo ha anche denunciato la progressiva marginalizzazione della dimensione umana nelle logiche economiche e tecniche della societ\u00e0 contemporanea: &#8220;La partita di quell\u2019umano che ha valore infinito \u00e8 stata passo passo smantellata, sostituendo all\u2019umano l\u2019elemento tecnico e finanziario&#8221;.<\/span><\/p>\n<p data-start=\"5625\" data-end=\"5785\"><span style=\"color: #333333\">Da qui il richiamo evangelico alla radice dei mali della societ\u00e0: &#8220;<strong data-start=\"5694\" data-end=\"5783\">Il denaro diventa la cifra del vivere e sostituisce il canto dell\u2019umano come infinito<\/strong>&#8220;. &#8220;Da questa sera &#8211; ha concluso don Lauro &#8211; me ne vado con un appello a pensare e ad accorgerci di quanto in poco tempo abbiamo smantellato realt\u00e0 meravigliose che avevamo costruito&#8221;.<\/span><\/p>\n<h4 data-section-id=\"brdhtg\" data-start=\"4993\" data-end=\"5020\"><span style=\"color: #333333\">Il prossimo appuntamento<\/span><\/h4>\n<p data-start=\"5022\" data-end=\"5237\"><span style=\"color: #333333\">Il ciclo della <strong data-start=\"5037\" data-end=\"5068\">Cattedra del Confronto 2026<\/strong> si concluder\u00e0 <strong data-start=\"5083\" data-end=\"5102\">luned\u00ec 16 marzo<\/strong> con l\u2019intervento del biblista <strong><span class=\"hover:entity-accent entity-underline inline cursor-pointer align-baseline\"><span class=\"whitespace-normal\">Piero Stefani<\/span><\/span><\/strong>, che offrir\u00e0 una lettura biblica del tema \u201cIdentit\u00e0 e convivenza\u201d.<\/span><\/p>\n<p data-start=\"5022\" data-end=\"5237\">Ampie sintesi delle serate sono pubblicate sul settimanale <strong>Vita Trentina<\/strong>.<\/p>\n\n\n\t\t<style type='text\/css'>\n\n\t\t\t\/* PhotoSwipe Plugin *\/\n\t\t\t.psgal {\n\t\t\t\tmargin: auto;\n\t\t\t\tpadding-bottom:40px;\n\n\t\t\t\t-webkit-transition: all 0.4s ease;\n\t\t\t\t-moz-transition: all 0.4s ease;\n\t\t\t\t-o-transition: all 0.4s ease;\n\t\t\t\ttransition: all 0.4s ease;\n\t\t\t}\n\n\t\t\t.psgal figure {\n\t\t\t\tfloat: left;\n\t\t\t\ttext-align: center;\n    \t\t\twidth: 200px;\n                max-width: 50%;\n\t\t\t\tpadding:5px;\n\t\t\t\tmargin: 0px;\n\t\t\t\tbox-sizing:border-box;\n\t\t\t}\n\t\t\t.psgal a{\n\t\t\t\tdisplay:block;\n\t\t\t}\n\t\t\t.psgal figure figcaption{\n\t\t\t\tfont-size:13px;\n\t\t\t}\n\n\t\t\t.msnry{\n\t\t\t\tmargin:auto;\n\t\t\t}\n\t\t\t.pswp__caption__center{\n\t\t\t\ttext-align: center;\n\t\t\t}\n\t\t\t\n\n\t\t\t.photoswipe-gallery-caption{\n\t\t\t\tdisplay:none;\n\t\t\t}\n\n\t\t\t\n\t\t<\/style> <div style=\"clear:both\"><\/div>\n\n\t\t<div id=\"psgal_16937_1\" class=\"ps-gallery psgal gallery-columns-3 gallery-size-thumbnail\" itemscope itemtype=\"http:\/\/schema.org\/ImageGallery\" >\n\t\t\t\t<figure class=\"msnry_item\" itemscope itemtype=\"http:\/\/schema.org\/ImageObject\">\n\t\t\t\t\t<a href=\"https:\/\/www.diocesitn.it\/area-cultura\/wp-content\/uploads\/sites\/38\/2026\/03\/CAttedra_Seconda-serata-foto-6-1024x576.jpg\"\n\t\t\t\t\titemprop=\"contentUrl\"\n\t\t\t\t\tdata-pswp-width=\"800\" \n\t\t\t\t    data-pswp-height=\"450\" \n\t\t\t\t    data-cropped=\"true\"\n\t\t\t\t\tdata-caption=\"\"\n\t\t\t\t\tclass=\"post-thumbnail-image-link container-fixed-aspect-ratio__16-9\">\n\t\t\t\t        <img src=https:\/\/www.diocesitn.it\/area-cultura\/wp-content\/uploads\/sites\/38\/2026\/03\/CAttedra_Seconda-serata-foto-6-300x169.jpg itemprop=\"thumbnail\" alt=\"\"  \/>\n\t\t\t\t    <\/a>\n\t\t\t\t    <figcaption class=\"photoswipe-gallery-caption\" ><\/figcaption>\n\t\t\t    <\/figure>\n\t\t\t\t\n\t\t\t\t<figure class=\"msnry_item\" itemscope itemtype=\"http:\/\/schema.org\/ImageObject\">\n\t\t\t\t\t<a href=\"https:\/\/www.diocesitn.it\/area-cultura\/wp-content\/uploads\/sites\/38\/2026\/03\/CAttedra_Seconda-serata-foto-5-1024x576.jpg\"\n\t\t\t\t\titemprop=\"contentUrl\"\n\t\t\t\t\tdata-pswp-width=\"800\" \n\t\t\t\t    data-pswp-height=\"450\" \n\t\t\t\t    data-cropped=\"true\"\n\t\t\t\t\tdata-caption=\"\"\n\t\t\t\t\tclass=\"post-thumbnail-image-link container-fixed-aspect-ratio__16-9\">\n\t\t\t\t        <img src=https:\/\/www.diocesitn.it\/area-cultura\/wp-content\/uploads\/sites\/38\/2026\/03\/CAttedra_Seconda-serata-foto-5-300x169.jpg itemprop=\"thumbnail\" alt=\"\"  \/>\n\t\t\t\t    <\/a>\n\t\t\t\t    <figcaption class=\"photoswipe-gallery-caption\" ><\/figcaption>\n\t\t\t    <\/figure>\n\t\t\t\t\n\t\t\t\t<figure class=\"msnry_item\" itemscope itemtype=\"http:\/\/schema.org\/ImageObject\">\n\t\t\t\t\t<a href=\"https:\/\/www.diocesitn.it\/area-cultura\/wp-content\/uploads\/sites\/38\/2026\/03\/CAttedra_Seconda-serata-foto-7-1024x576.jpg\"\n\t\t\t\t\titemprop=\"contentUrl\"\n\t\t\t\t\tdata-pswp-width=\"800\" \n\t\t\t\t    data-pswp-height=\"450\" \n\t\t\t\t    data-cropped=\"true\"\n\t\t\t\t\tdata-caption=\"\"\n\t\t\t\t\tclass=\"post-thumbnail-image-link container-fixed-aspect-ratio__16-9\">\n\t\t\t\t        <img src=https:\/\/www.diocesitn.it\/area-cultura\/wp-content\/uploads\/sites\/38\/2026\/03\/CAttedra_Seconda-serata-foto-7-300x169.jpg itemprop=\"thumbnail\" alt=\"\"  \/>\n\t\t\t\t    <\/a>\n\t\t\t\t    <figcaption class=\"photoswipe-gallery-caption\" ><\/figcaption>\n\t\t\t    <\/figure>\n\t\t\t\t\n\t\t\t\t<figure class=\"msnry_item\" itemscope itemtype=\"http:\/\/schema.org\/ImageObject\">\n\t\t\t\t\t<a href=\"https:\/\/www.diocesitn.it\/area-cultura\/wp-content\/uploads\/sites\/38\/2026\/03\/CAttedra_Seconda-serata-foto-8-e1773312243800.jpg\"\n\t\t\t\t\titemprop=\"contentUrl\"\n\t\t\t\t\tdata-pswp-width=\"800\" \n\t\t\t\t    data-pswp-height=\"450\" \n\t\t\t\t    data-cropped=\"true\"\n\t\t\t\t\tdata-caption=\"\"\n\t\t\t\t\tclass=\"post-thumbnail-image-link container-fixed-aspect-ratio__16-9\">\n\t\t\t\t        <img src=https:\/\/www.diocesitn.it\/area-cultura\/wp-content\/uploads\/sites\/38\/2026\/03\/CAttedra_Seconda-serata-foto-8-e1773312243800-300x169.jpg itemprop=\"thumbnail\" alt=\"Cattedra del Confronto 2026 a Trento Seconda serata con Michele Nicoletti\"  \/>\n\t\t\t\t    <\/a>\n\t\t\t\t    <figcaption class=\"photoswipe-gallery-caption\" ><\/figcaption>\n\t\t\t    <\/figure>\n\t\t\t\t\n\t\t\t\t<figure class=\"msnry_item\" itemscope itemtype=\"http:\/\/schema.org\/ImageObject\">\n\t\t\t\t\t<a href=\"https:\/\/www.diocesitn.it\/area-cultura\/wp-content\/uploads\/sites\/38\/2026\/03\/CAttedra_Seconda-serata-foto-2-1024x576.jpg\"\n\t\t\t\t\titemprop=\"contentUrl\"\n\t\t\t\t\tdata-pswp-width=\"800\" \n\t\t\t\t    data-pswp-height=\"450\" \n\t\t\t\t    data-cropped=\"true\"\n\t\t\t\t\tdata-caption=\"\"\n\t\t\t\t\tclass=\"post-thumbnail-image-link container-fixed-aspect-ratio__16-9\">\n\t\t\t\t        <img src=https:\/\/www.diocesitn.it\/area-cultura\/wp-content\/uploads\/sites\/38\/2026\/03\/CAttedra_Seconda-serata-foto-2-300x169.jpg itemprop=\"thumbnail\" alt=\"\"  \/>\n\t\t\t\t    <\/a>\n\t\t\t\t    <figcaption class=\"photoswipe-gallery-caption\" ><\/figcaption>\n\t\t\t    <\/figure>\n\t\t\t\t\n\t\t\t\t<figure class=\"msnry_item\" itemscope itemtype=\"http:\/\/schema.org\/ImageObject\">\n\t\t\t\t\t<a href=\"https:\/\/www.diocesitn.it\/area-cultura\/wp-content\/uploads\/sites\/38\/2026\/03\/Cattedra_Seconda-serata-foto-1-1024x576.jpg\"\n\t\t\t\t\titemprop=\"contentUrl\"\n\t\t\t\t\tdata-pswp-width=\"800\" \n\t\t\t\t    data-pswp-height=\"450\" \n\t\t\t\t    data-cropped=\"true\"\n\t\t\t\t\tdata-caption=\"\"\n\t\t\t\t\tclass=\"post-thumbnail-image-link container-fixed-aspect-ratio__16-9\">\n\t\t\t\t        <img src=https:\/\/www.diocesitn.it\/area-cultura\/wp-content\/uploads\/sites\/38\/2026\/03\/Cattedra_Seconda-serata-foto-1-300x169.jpg itemprop=\"thumbnail\" alt=\"\"  \/>\n\t\t\t\t    <\/a>\n\t\t\t\t    <figcaption class=\"photoswipe-gallery-caption\" ><\/figcaption>\n\t\t\t    <\/figure>\n\t\t\t\t\n\t\t\t\t<figure class=\"msnry_item\" itemscope itemtype=\"http:\/\/schema.org\/ImageObject\">\n\t\t\t\t\t<a href=\"https:\/\/www.diocesitn.it\/area-cultura\/wp-content\/uploads\/sites\/38\/2026\/03\/CAttedra_Seconda-serata-foto-3-1024x576.jpg\"\n\t\t\t\t\titemprop=\"contentUrl\"\n\t\t\t\t\tdata-pswp-width=\"800\" \n\t\t\t\t    data-pswp-height=\"450\" \n\t\t\t\t    data-cropped=\"true\"\n\t\t\t\t\tdata-caption=\"\"\n\t\t\t\t\tclass=\"post-thumbnail-image-link container-fixed-aspect-ratio__16-9\">\n\t\t\t\t        <img src=https:\/\/www.diocesitn.it\/area-cultura\/wp-content\/uploads\/sites\/38\/2026\/03\/CAttedra_Seconda-serata-foto-3-300x169.jpg itemprop=\"thumbnail\" alt=\"\"  \/>\n\t\t\t\t    <\/a>\n\t\t\t\t    <figcaption class=\"photoswipe-gallery-caption\" ><\/figcaption>\n\t\t\t    <\/figure>\n\t\t\t\t<\/div>\n\t\t<div style='clear:both'><\/div>\n\t\n<p><iframe loading=\"lazy\" title=\"Cattedra del Confronto di Trento: Michele Nicoletti su identit\u00e0 e convivenza nel quadro geopolitico\" width=\"800\" height=\"450\" src=\"https:\/\/www.youtube.com\/embed\/pJUIuzalX3c?feature=oembed\" frameborder=\"0\" allow=\"accelerometer; autoplay; clipboard-write; encrypted-media; gyroscope; picture-in-picture; web-share\" referrerpolicy=\"strict-origin-when-cross-origin\" allowfullscreen><\/iframe><\/p>\n","protected":false},"excerpt":{"rendered":"<p>Secondo appuntamento a Trento, luned\u00ec 9 marzo, per la Cattedra del Confronto, il ciclo di incontri culturali promosso dall\u2019Arcidiocesi di Trento dedicato quest\u2019anno al tema \u201cIdentit\u00e0 e convivenza\u201d. Dopo l\u2019esordio con l\u2019antropologo Marco Aime, la<\/p>\n","protected":false},"author":3,"featured_media":16938,"comment_status":"closed","ping_status":"closed","sticky":false,"template":"","format":"standard","meta":{"footnotes":""},"categories":[357,461,375,329],"tags":[435,269,501,786,608,783,384,785,649,787],"class_list":["post-16937","post","type-post","status-publish","format-standard","has-post-thumbnail","hentry","category-servizio-cultura-cattedra-del-confronto","category-cultura","category-servizio-formazione","category-notizie","tag-arcidiocesi-di-trento","tag-cattedra-del-confronto","tag-cultura","tag-dialogo","tag-geopolitica","tag-identita-e-convivenza","tag-lauro-tisi","tag-michele-nicoletti","tag-stefano-zeni","tag-trento"],"acf":{"seed-localization-paese-cod":"IT","seed-localization-address":"","seed-localization-citta":"Trento","seed-localization-regione-cod-istat":"04","seed-localization-citta-cod-istat":"022205","seed-localization-localita":"","seed-localization-cap":"","seed-localization-marker-visibility":false,"seed-localization-children-visibility":false,"seed-localization-kml":"","seed-localization-custom-marker":""},"yoast_head":"<!-- This site is optimized with the Yoast SEO Premium plugin v20.2.1 (Yoast SEO v22.2) - https:\/\/yoast.com\/wordpress\/plugins\/seo\/ -->\n<title>Nicoletti alla Cattedra del Confronto: identit\u00e0, libert\u00e0 e convivenza<\/title>\n<meta name=\"description\" content=\"Alla Cattedra del Confronto di Trento il filosofo Michele Nicoletti riflette su identit\u00e0 e convivenza nelle tensioni geopolitiche\" \/>\n<meta name=\"robots\" content=\"index, follow, max-snippet:-1, max-image-preview:large, max-video-preview:-1\" \/>\n<link rel=\"canonical\" href=\"https:\/\/www.diocesitn.it\/area-cultura\/2026\/03\/12\/cattedra-del-confronto-nicoletti-la-liberta-delluomo-e-il-fondamento-della-convivenza-video\/\" \/>\n<meta property=\"og:locale\" content=\"it_IT\" \/>\n<meta property=\"og:type\" content=\"article\" \/>\n<meta property=\"og:title\" content=\"Cattedra del Confronto, Nicoletti: \u201cLa libert\u00e0 dell\u2019uomo \u00e8 il fondamento della convivenza\u201d (VIDEO)\" \/>\n<meta property=\"og:description\" content=\"Alla Cattedra del Confronto di Trento il filosofo Michele Nicoletti riflette su identit\u00e0 e convivenza nelle tensioni geopolitiche\" \/>\n<meta property=\"og:url\" content=\"https:\/\/www.diocesitn.it\/area-cultura\/2026\/03\/12\/cattedra-del-confronto-nicoletti-la-liberta-delluomo-e-il-fondamento-della-convivenza-video\/\" \/>\n<meta property=\"og:site_name\" content=\"Cultura\" \/>\n<meta property=\"article:published_time\" content=\"2026-03-12T10:47:39+00:00\" \/>\n<meta property=\"article:modified_time\" content=\"2026-03-16T13:20:49+00:00\" \/>\n<meta property=\"og:image\" content=\"https:\/\/www.diocesitn.it\/area-cultura\/wp-content\/uploads\/sites\/38\/2026\/03\/CAttedra_Seconda-serata-foto-8-e1773312243800.jpg\" \/>\n\t<meta property=\"og:image:width\" content=\"900\" \/>\n\t<meta property=\"og:image:height\" content=\"506\" \/>\n\t<meta property=\"og:image:type\" content=\"image\/jpeg\" \/>\n<meta name=\"author\" content=\"Piergiorgio Franceschini\" \/>\n<meta name=\"twitter:card\" content=\"summary_large_image\" \/>\n<meta name=\"twitter:label1\" content=\"Scritto da\" \/>\n\t<meta name=\"twitter:data1\" content=\"Piergiorgio Franceschini\" \/>\n\t<meta name=\"twitter:label2\" content=\"Tempo di lettura stimato\" \/>\n\t<meta name=\"twitter:data2\" content=\"8 minuti\" \/>\n<script type=\"application\/ld+json\" class=\"yoast-schema-graph\">{\"@context\":\"https:\/\/schema.org\",\"@graph\":[{\"@type\":\"Article\",\"@id\":\"https:\/\/www.diocesitn.it\/area-cultura\/2026\/03\/12\/cattedra-del-confronto-nicoletti-la-liberta-delluomo-e-il-fondamento-della-convivenza-video\/#article\",\"isPartOf\":{\"@id\":\"https:\/\/www.diocesitn.it\/area-cultura\/2026\/03\/12\/cattedra-del-confronto-nicoletti-la-liberta-delluomo-e-il-fondamento-della-convivenza-video\/\"},\"author\":{\"name\":\"Piergiorgio Franceschini\",\"@id\":\"https:\/\/www.diocesitn.it\/area-cultura\/#\/schema\/person\/99590c84577873a025247b6aeb16ad2e\"},\"headline\":\"Cattedra del Confronto, Nicoletti: \u201cLa libert\u00e0 dell\u2019uomo \u00e8 il fondamento della convivenza\u201d (VIDEO)\",\"datePublished\":\"2026-03-12T10:47:39+00:00\",\"dateModified\":\"2026-03-16T13:20:49+00:00\",\"mainEntityOfPage\":{\"@id\":\"https:\/\/www.diocesitn.it\/area-cultura\/2026\/03\/12\/cattedra-del-confronto-nicoletti-la-liberta-delluomo-e-il-fondamento-della-convivenza-video\/\"},\"wordCount\":1462,\"publisher\":{\"@id\":\"https:\/\/www.diocesitn.it\/area-cultura\/#organization\"},\"image\":{\"@id\":\"https:\/\/www.diocesitn.it\/area-cultura\/2026\/03\/12\/cattedra-del-confronto-nicoletti-la-liberta-delluomo-e-il-fondamento-della-convivenza-video\/#primaryimage\"},\"thumbnailUrl\":\"https:\/\/www.diocesitn.it\/area-cultura\/wp-content\/uploads\/sites\/38\/2026\/03\/CAttedra_Seconda-serata-foto-8-e1773312243800.jpg\",\"keywords\":[\"Arcidiocesi di Trento\",\"Cattedra del confronto\",\"Cultura\",\"dialogo\",\"geopolitica\",\"Identit\u00e0 e convivenza\",\"lauro tisi\",\"Michele Nicoletti\",\"Stefano Zeni\",\"trento\"],\"articleSection\":[\"Cattedra del Confronto\",\"Cultura\",\"Formazione\",\"Notizie\"],\"inLanguage\":\"it-IT\",\"copyrightYear\":\"2026\",\"copyrightHolder\":{\"@id\":\"https:\/\/www.diocesitn.it\/#organization\"}},{\"@type\":\"WebPage\",\"@id\":\"https:\/\/www.diocesitn.it\/area-cultura\/2026\/03\/12\/cattedra-del-confronto-nicoletti-la-liberta-delluomo-e-il-fondamento-della-convivenza-video\/\",\"url\":\"https:\/\/www.diocesitn.it\/area-cultura\/2026\/03\/12\/cattedra-del-confronto-nicoletti-la-liberta-delluomo-e-il-fondamento-della-convivenza-video\/\",\"name\":\"Nicoletti alla Cattedra del Confronto: identit\u00e0, libert\u00e0 e convivenza\",\"isPartOf\":{\"@id\":\"https:\/\/www.diocesitn.it\/area-cultura\/#website\"},\"primaryImageOfPage\":{\"@id\":\"https:\/\/www.diocesitn.it\/area-cultura\/2026\/03\/12\/cattedra-del-confronto-nicoletti-la-liberta-delluomo-e-il-fondamento-della-convivenza-video\/#primaryimage\"},\"image\":{\"@id\":\"https:\/\/www.diocesitn.it\/area-cultura\/2026\/03\/12\/cattedra-del-confronto-nicoletti-la-liberta-delluomo-e-il-fondamento-della-convivenza-video\/#primaryimage\"},\"thumbnailUrl\":\"https:\/\/www.diocesitn.it\/area-cultura\/wp-content\/uploads\/sites\/38\/2026\/03\/CAttedra_Seconda-serata-foto-8-e1773312243800.jpg\",\"datePublished\":\"2026-03-12T10:47:39+00:00\",\"dateModified\":\"2026-03-16T13:20:49+00:00\",\"description\":\"Alla Cattedra del Confronto di Trento il filosofo Michele Nicoletti riflette su identit\u00e0 e convivenza nelle tensioni geopolitiche\",\"breadcrumb\":{\"@id\":\"https:\/\/www.diocesitn.it\/area-cultura\/2026\/03\/12\/cattedra-del-confronto-nicoletti-la-liberta-delluomo-e-il-fondamento-della-convivenza-video\/#breadcrumb\"},\"inLanguage\":\"it-IT\",\"potentialAction\":[{\"@type\":\"ReadAction\",\"target\":[\"https:\/\/www.diocesitn.it\/area-cultura\/2026\/03\/12\/cattedra-del-confronto-nicoletti-la-liberta-delluomo-e-il-fondamento-della-convivenza-video\/\"]}]},{\"@type\":\"ImageObject\",\"inLanguage\":\"it-IT\",\"@id\":\"https:\/\/www.diocesitn.it\/area-cultura\/2026\/03\/12\/cattedra-del-confronto-nicoletti-la-liberta-delluomo-e-il-fondamento-della-convivenza-video\/#primaryimage\",\"url\":\"https:\/\/www.diocesitn.it\/area-cultura\/wp-content\/uploads\/sites\/38\/2026\/03\/CAttedra_Seconda-serata-foto-8-e1773312243800.jpg\",\"contentUrl\":\"https:\/\/www.diocesitn.it\/area-cultura\/wp-content\/uploads\/sites\/38\/2026\/03\/CAttedra_Seconda-serata-foto-8-e1773312243800.jpg\",\"width\":900,\"height\":506,\"caption\":\"Cattedra del Confronto 2026 a Trento Seconda serata con Michele Nicoletti\"},{\"@type\":\"BreadcrumbList\",\"@id\":\"https:\/\/www.diocesitn.it\/area-cultura\/2026\/03\/12\/cattedra-del-confronto-nicoletti-la-liberta-delluomo-e-il-fondamento-della-convivenza-video\/#breadcrumb\",\"itemListElement\":[{\"@type\":\"ListItem\",\"position\":1,\"name\":\"Home\",\"item\":\"https:\/\/www.diocesitn.it\/area-cultura\/\"},{\"@type\":\"ListItem\",\"position\":2,\"name\":\"Cattedra del Confronto, Nicoletti: \u201cLa libert\u00e0 dell\u2019uomo \u00e8 il fondamento della convivenza\u201d (VIDEO)\"}]},{\"@type\":\"WebSite\",\"@id\":\"https:\/\/www.diocesitn.it\/area-cultura\/#website\",\"url\":\"https:\/\/www.diocesitn.it\/area-cultura\/\",\"name\":\"Cultura\",\"description\":\"Chiesa di Trento\",\"publisher\":{\"@id\":\"https:\/\/www.diocesitn.it\/area-cultura\/#organization\"},\"potentialAction\":[{\"@type\":\"SearchAction\",\"target\":{\"@type\":\"EntryPoint\",\"urlTemplate\":\"https:\/\/www.diocesitn.it\/area-cultura\/?s={search_term_string}\"},\"query-input\":\"required name=search_term_string\"}],\"inLanguage\":\"it-IT\"},{\"@type\":[\"Organization\",\"Place\"],\"@id\":\"https:\/\/www.diocesitn.it\/area-cultura\/#organization\",\"name\":\"Area Cultura - Chiesa di Trento\",\"url\":\"https:\/\/www.diocesitn.it\/area-cultura\/\",\"logo\":{\"@id\":\"https:\/\/www.diocesitn.it\/area-cultura\/2026\/03\/12\/cattedra-del-confronto-nicoletti-la-liberta-delluomo-e-il-fondamento-della-convivenza-video\/#local-main-organization-logo\"},\"image\":{\"@id\":\"https:\/\/www.diocesitn.it\/area-cultura\/2026\/03\/12\/cattedra-del-confronto-nicoletti-la-liberta-delluomo-e-il-fondamento-della-convivenza-video\/#local-main-organization-logo\"},\"sameAs\":[\"https:\/\/www.youtube.com\/channel\/UCfWD2n-N6WTCg2P_UA72H6Q\"],\"openingHoursSpecification\":[{\"@type\":\"OpeningHoursSpecification\",\"dayOfWeek\":[\"Monday\",\"Tuesday\",\"Wednesday\",\"Thursday\",\"Friday\",\"Saturday\",\"Sunday\"],\"opens\":\"09:00\",\"closes\":\"17:00\"}]},{\"@type\":\"ImageObject\",\"inLanguage\":\"it-IT\",\"@id\":\"https:\/\/www.diocesitn.it\/area-cultura\/2026\/03\/12\/cattedra-del-confronto-nicoletti-la-liberta-delluomo-e-il-fondamento-della-convivenza-video\/#local-main-organization-logo\",\"url\":\"https:\/\/www.diocesitn.it\/area-cultura\/wp-content\/uploads\/sites\/38\/2021\/09\/og-logo-cultura.jpg\",\"contentUrl\":\"https:\/\/www.diocesitn.it\/area-cultura\/wp-content\/uploads\/sites\/38\/2021\/09\/og-logo-cultura.jpg\",\"width\":1200,\"height\":630,\"caption\":\"Area Cultura - Chiesa di Trento\"}]}<\/script>\n<!-- \/ Yoast SEO Premium plugin. -->","yoast_head_json":{"title":"Nicoletti alla Cattedra del Confronto: identit\u00e0, libert\u00e0 e convivenza","description":"Alla Cattedra del Confronto di Trento il filosofo Michele Nicoletti riflette su identit\u00e0 e convivenza nelle tensioni geopolitiche","robots":{"index":"index","follow":"follow","max-snippet":"max-snippet:-1","max-image-preview":"max-image-preview:large","max-video-preview":"max-video-preview:-1"},"canonical":"https:\/\/www.diocesitn.it\/area-cultura\/2026\/03\/12\/cattedra-del-confronto-nicoletti-la-liberta-delluomo-e-il-fondamento-della-convivenza-video\/","og_locale":"it_IT","og_type":"article","og_title":"Cattedra del Confronto, Nicoletti: \u201cLa libert\u00e0 dell\u2019uomo \u00e8 il fondamento della convivenza\u201d (VIDEO)","og_description":"Alla Cattedra del Confronto di Trento il filosofo Michele Nicoletti riflette su identit\u00e0 e convivenza nelle tensioni geopolitiche","og_url":"https:\/\/www.diocesitn.it\/area-cultura\/2026\/03\/12\/cattedra-del-confronto-nicoletti-la-liberta-delluomo-e-il-fondamento-della-convivenza-video\/","og_site_name":"Cultura","article_published_time":"2026-03-12T10:47:39+00:00","article_modified_time":"2026-03-16T13:20:49+00:00","og_image":[{"width":900,"height":506,"url":"https:\/\/www.diocesitn.it\/area-cultura\/wp-content\/uploads\/sites\/38\/2026\/03\/CAttedra_Seconda-serata-foto-8-e1773312243800.jpg","type":"image\/jpeg"}],"author":"Piergiorgio Franceschini","twitter_card":"summary_large_image","twitter_misc":{"Scritto da":"Piergiorgio Franceschini","Tempo di lettura stimato":"8 minuti"},"schema":{"@context":"https:\/\/schema.org","@graph":[{"@type":"Article","@id":"https:\/\/www.diocesitn.it\/area-cultura\/2026\/03\/12\/cattedra-del-confronto-nicoletti-la-liberta-delluomo-e-il-fondamento-della-convivenza-video\/#article","isPartOf":{"@id":"https:\/\/www.diocesitn.it\/area-cultura\/2026\/03\/12\/cattedra-del-confronto-nicoletti-la-liberta-delluomo-e-il-fondamento-della-convivenza-video\/"},"author":{"name":"Piergiorgio Franceschini","@id":"https:\/\/www.diocesitn.it\/area-cultura\/#\/schema\/person\/99590c84577873a025247b6aeb16ad2e"},"headline":"Cattedra del Confronto, Nicoletti: \u201cLa libert\u00e0 dell\u2019uomo \u00e8 il fondamento della convivenza\u201d (VIDEO)","datePublished":"2026-03-12T10:47:39+00:00","dateModified":"2026-03-16T13:20:49+00:00","mainEntityOfPage":{"@id":"https:\/\/www.diocesitn.it\/area-cultura\/2026\/03\/12\/cattedra-del-confronto-nicoletti-la-liberta-delluomo-e-il-fondamento-della-convivenza-video\/"},"wordCount":1462,"publisher":{"@id":"https:\/\/www.diocesitn.it\/area-cultura\/#organization"},"image":{"@id":"https:\/\/www.diocesitn.it\/area-cultura\/2026\/03\/12\/cattedra-del-confronto-nicoletti-la-liberta-delluomo-e-il-fondamento-della-convivenza-video\/#primaryimage"},"thumbnailUrl":"https:\/\/www.diocesitn.it\/area-cultura\/wp-content\/uploads\/sites\/38\/2026\/03\/CAttedra_Seconda-serata-foto-8-e1773312243800.jpg","keywords":["Arcidiocesi di Trento","Cattedra del confronto","Cultura","dialogo","geopolitica","Identit\u00e0 e convivenza","lauro tisi","Michele Nicoletti","Stefano Zeni","trento"],"articleSection":["Cattedra del Confronto","Cultura","Formazione","Notizie"],"inLanguage":"it-IT","copyrightYear":"2026","copyrightHolder":{"@id":"https:\/\/www.diocesitn.it\/#organization"}},{"@type":"WebPage","@id":"https:\/\/www.diocesitn.it\/area-cultura\/2026\/03\/12\/cattedra-del-confronto-nicoletti-la-liberta-delluomo-e-il-fondamento-della-convivenza-video\/","url":"https:\/\/www.diocesitn.it\/area-cultura\/2026\/03\/12\/cattedra-del-confronto-nicoletti-la-liberta-delluomo-e-il-fondamento-della-convivenza-video\/","name":"Nicoletti alla Cattedra del Confronto: identit\u00e0, libert\u00e0 e convivenza","isPartOf":{"@id":"https:\/\/www.diocesitn.it\/area-cultura\/#website"},"primaryImageOfPage":{"@id":"https:\/\/www.diocesitn.it\/area-cultura\/2026\/03\/12\/cattedra-del-confronto-nicoletti-la-liberta-delluomo-e-il-fondamento-della-convivenza-video\/#primaryimage"},"image":{"@id":"https:\/\/www.diocesitn.it\/area-cultura\/2026\/03\/12\/cattedra-del-confronto-nicoletti-la-liberta-delluomo-e-il-fondamento-della-convivenza-video\/#primaryimage"},"thumbnailUrl":"https:\/\/www.diocesitn.it\/area-cultura\/wp-content\/uploads\/sites\/38\/2026\/03\/CAttedra_Seconda-serata-foto-8-e1773312243800.jpg","datePublished":"2026-03-12T10:47:39+00:00","dateModified":"2026-03-16T13:20:49+00:00","description":"Alla Cattedra del Confronto di Trento il filosofo Michele Nicoletti riflette su identit\u00e0 e convivenza nelle tensioni geopolitiche","breadcrumb":{"@id":"https:\/\/www.diocesitn.it\/area-cultura\/2026\/03\/12\/cattedra-del-confronto-nicoletti-la-liberta-delluomo-e-il-fondamento-della-convivenza-video\/#breadcrumb"},"inLanguage":"it-IT","potentialAction":[{"@type":"ReadAction","target":["https:\/\/www.diocesitn.it\/area-cultura\/2026\/03\/12\/cattedra-del-confronto-nicoletti-la-liberta-delluomo-e-il-fondamento-della-convivenza-video\/"]}]},{"@type":"ImageObject","inLanguage":"it-IT","@id":"https:\/\/www.diocesitn.it\/area-cultura\/2026\/03\/12\/cattedra-del-confronto-nicoletti-la-liberta-delluomo-e-il-fondamento-della-convivenza-video\/#primaryimage","url":"https:\/\/www.diocesitn.it\/area-cultura\/wp-content\/uploads\/sites\/38\/2026\/03\/CAttedra_Seconda-serata-foto-8-e1773312243800.jpg","contentUrl":"https:\/\/www.diocesitn.it\/area-cultura\/wp-content\/uploads\/sites\/38\/2026\/03\/CAttedra_Seconda-serata-foto-8-e1773312243800.jpg","width":900,"height":506,"caption":"Cattedra del Confronto 2026 a Trento Seconda serata con Michele Nicoletti"},{"@type":"BreadcrumbList","@id":"https:\/\/www.diocesitn.it\/area-cultura\/2026\/03\/12\/cattedra-del-confronto-nicoletti-la-liberta-delluomo-e-il-fondamento-della-convivenza-video\/#breadcrumb","itemListElement":[{"@type":"ListItem","position":1,"name":"Home","item":"https:\/\/www.diocesitn.it\/area-cultura\/"},{"@type":"ListItem","position":2,"name":"Cattedra del Confronto, Nicoletti: \u201cLa libert\u00e0 dell\u2019uomo \u00e8 il fondamento della convivenza\u201d (VIDEO)"}]},{"@type":"WebSite","@id":"https:\/\/www.diocesitn.it\/area-cultura\/#website","url":"https:\/\/www.diocesitn.it\/area-cultura\/","name":"Cultura","description":"Chiesa di Trento","publisher":{"@id":"https:\/\/www.diocesitn.it\/area-cultura\/#organization"},"potentialAction":[{"@type":"SearchAction","target":{"@type":"EntryPoint","urlTemplate":"https:\/\/www.diocesitn.it\/area-cultura\/?s={search_term_string}"},"query-input":"required name=search_term_string"}],"inLanguage":"it-IT"},{"@type":["Organization","Place"],"@id":"https:\/\/www.diocesitn.it\/area-cultura\/#organization","name":"Area Cultura - Chiesa di Trento","url":"https:\/\/www.diocesitn.it\/area-cultura\/","logo":{"@id":"https:\/\/www.diocesitn.it\/area-cultura\/2026\/03\/12\/cattedra-del-confronto-nicoletti-la-liberta-delluomo-e-il-fondamento-della-convivenza-video\/#local-main-organization-logo"},"image":{"@id":"https:\/\/www.diocesitn.it\/area-cultura\/2026\/03\/12\/cattedra-del-confronto-nicoletti-la-liberta-delluomo-e-il-fondamento-della-convivenza-video\/#local-main-organization-logo"},"sameAs":["https:\/\/www.youtube.com\/channel\/UCfWD2n-N6WTCg2P_UA72H6Q"],"openingHoursSpecification":[{"@type":"OpeningHoursSpecification","dayOfWeek":["Monday","Tuesday","Wednesday","Thursday","Friday","Saturday","Sunday"],"opens":"09:00","closes":"17:00"}]},{"@type":"ImageObject","inLanguage":"it-IT","@id":"https:\/\/www.diocesitn.it\/area-cultura\/2026\/03\/12\/cattedra-del-confronto-nicoletti-la-liberta-delluomo-e-il-fondamento-della-convivenza-video\/#local-main-organization-logo","url":"https:\/\/www.diocesitn.it\/area-cultura\/wp-content\/uploads\/sites\/38\/2021\/09\/og-logo-cultura.jpg","contentUrl":"https:\/\/www.diocesitn.it\/area-cultura\/wp-content\/uploads\/sites\/38\/2021\/09\/og-logo-cultura.jpg","width":1200,"height":630,"caption":"Area Cultura - Chiesa di Trento"}]}},"_links":{"self":[{"href":"https:\/\/www.diocesitn.it\/area-cultura\/wp-json\/wp\/v2\/posts\/16937","targetHints":{"allow":["GET"]}}],"collection":[{"href":"https:\/\/www.diocesitn.it\/area-cultura\/wp-json\/wp\/v2\/posts"}],"about":[{"href":"https:\/\/www.diocesitn.it\/area-cultura\/wp-json\/wp\/v2\/types\/post"}],"author":[{"embeddable":true,"href":"https:\/\/www.diocesitn.it\/area-cultura\/wp-json\/wp\/v2\/users\/3"}],"replies":[{"embeddable":true,"href":"https:\/\/www.diocesitn.it\/area-cultura\/wp-json\/wp\/v2\/comments?post=16937"}],"version-history":[{"count":2,"href":"https:\/\/www.diocesitn.it\/area-cultura\/wp-json\/wp\/v2\/posts\/16937\/revisions"}],"predecessor-version":[{"id":16948,"href":"https:\/\/www.diocesitn.it\/area-cultura\/wp-json\/wp\/v2\/posts\/16937\/revisions\/16948"}],"wp:featuredmedia":[{"embeddable":true,"href":"https:\/\/www.diocesitn.it\/area-cultura\/wp-json\/wp\/v2\/media\/16938"}],"wp:attachment":[{"href":"https:\/\/www.diocesitn.it\/area-cultura\/wp-json\/wp\/v2\/media?parent=16937"}],"wp:term":[{"taxonomy":"category","embeddable":true,"href":"https:\/\/www.diocesitn.it\/area-cultura\/wp-json\/wp\/v2\/categories?post=16937"},{"taxonomy":"post_tag","embeddable":true,"href":"https:\/\/www.diocesitn.it\/area-cultura\/wp-json\/wp\/v2\/tags?post=16937"}],"curies":[{"name":"wp","href":"https:\/\/api.w.org\/{rel}","templated":true}]}}