{"id":16691,"date":"2026-01-26T10:16:19","date_gmt":"2026-01-26T09:16:19","guid":{"rendered":"https:\/\/www.diocesitn.it\/area-cultura\/?p=16691"},"modified":"2026-02-06T12:53:00","modified_gmt":"2026-02-06T11:53:00","slug":"giorno-della-memoria-mostra-bibliografica-in-biblioteca-fino-al-6-febbraio","status":"publish","type":"post","link":"https:\/\/www.diocesitn.it\/area-cultura\/2026\/01\/26\/giorno-della-memoria-mostra-bibliografica-in-biblioteca-fino-al-6-febbraio\/","title":{"rendered":"Giorno della memoria: mostra bibliografica in biblioteca fino al 6 febbraio"},"content":{"rendered":"<p>&nbsp;<\/p>\n<p><span style=\"color: #000000\">In occasione del Giorno della Memoria, la Biblioteca propone una <strong>mostra bibliografica.<\/strong> Viene presentata un\u2019ampia selezione di testi e dvd che aiutano a comprendere la <strong>tragedia della Shoah<\/strong> sotto diversi punti di vista storici e culturali. Inoltre un focus \u00e8 dedicato alle <strong>grandi figure e testimoni<\/strong> quali Etty Hillesum, Edith Stein, Josef Mayr-Nusser, Franz Ja\u0308gersta\u0308tter e Alfredo Dall\u2019Oglio, beatificato nel dicembre scorso.<\/span><\/p>\n<p><span style=\"color: #000000\"> I volumi e i dvd presentati sono disponibili per il prestito. <\/span><span style=\"color: #000000\">La mostra \u00e8 visitabile negli orari di apertura della biblioteca: dal <strong>luned\u00ec al gioved\u00ec dalle 9 alle 17<\/strong>, il <strong>venerd\u00ec dalle\u00a09 alle 13,<\/strong> <strong>fino a venerd\u00ec 6 febbraio<\/strong>.<\/span><\/p>\n<p>&nbsp;<\/p>\n<p><a href=\"https:\/\/www.diocesitn.it\/area-cultura\/wp-content\/uploads\/sites\/38\/2026\/01\/locandina-def.pdf\"><strong data-start=\"1809\" data-end=\"1822\"><img loading=\"lazy\" decoding=\"async\" class=\"alignnone size-medium wp-image-16694\" src=\"https:\/\/www.diocesitn.it\/area-cultura\/wp-content\/uploads\/sites\/38\/2026\/01\/locandina-def-212x300.png\" alt=\"\" width=\"212\" height=\"300\" srcset=\"https:\/\/www.diocesitn.it\/area-cultura\/wp-content\/uploads\/sites\/38\/2026\/01\/locandina-def-212x300.png 212w, https:\/\/www.diocesitn.it\/area-cultura\/wp-content\/uploads\/sites\/38\/2026\/01\/locandina-def-724x1024.png 724w, https:\/\/www.diocesitn.it\/area-cultura\/wp-content\/uploads\/sites\/38\/2026\/01\/locandina-def-768x1086.png 768w, https:\/\/www.diocesitn.it\/area-cultura\/wp-content\/uploads\/sites\/38\/2026\/01\/locandina-def-198x280.png 198w, https:\/\/www.diocesitn.it\/area-cultura\/wp-content\/uploads\/sites\/38\/2026\/01\/locandina-def-543x768.png 543w, https:\/\/www.diocesitn.it\/area-cultura\/wp-content\/uploads\/sites\/38\/2026\/01\/locandina-def-1086x1536.png 1086w, https:\/\/www.diocesitn.it\/area-cultura\/wp-content\/uploads\/sites\/38\/2026\/01\/locandina-def-800x1132.png 800w, https:\/\/www.diocesitn.it\/area-cultura\/wp-content\/uploads\/sites\/38\/2026\/01\/locandina-def-1200x1697.png 1200w, https:\/\/www.diocesitn.it\/area-cultura\/wp-content\/uploads\/sites\/38\/2026\/01\/locandina-def-1320x1867.png 1320w, https:\/\/www.diocesitn.it\/area-cultura\/wp-content\/uploads\/sites\/38\/2026\/01\/locandina-def.png 1414w\" sizes=\"auto, (max-width: 212px) 100vw, 212px\" \/><\/strong><\/a><\/p>\n","protected":false},"excerpt":{"rendered":"<p>&nbsp; In occasione del Giorno della Memoria, la Biblioteca propone una mostra bibliografica. Viene presentata un\u2019ampia selezione di testi e dvd che aiutano a comprendere la tragedia della Shoah sotto diversi punti di vista storici<\/p>\n","protected":false},"author":165,"featured_media":16693,"comment_status":"closed","ping_status":"closed","sticky":false,"template":"","format":"standard","meta":{"footnotes":""},"categories":[331,329],"tags":[417,687,569],"class_list":["post-16691","post","type-post","status-publish","format-standard","has-post-thumbnail","hentry","category-servizio-biblioteca","category-notizie","tag-biblioteca-vigilianum","tag-giorno-della-memoria","tag-mostra-bibliografica"],"acf":{"seed-localization-paese-cod":"IT","seed-localization-address":"","seed-localization-citta":"Trento","seed-localization-regione-cod-istat":"04","seed-localization-citta-cod-istat":"022205","seed-localization-localita":"","seed-localization-cap":"","seed-localization-marker-visibility":false,"seed-localization-children-visibility":false,"seed-localization-kml":"","seed-localization-custom-marker":""},"yoast_head":"<!-- This site is optimized with the Yoast SEO Premium plugin v20.2.1 (Yoast SEO v22.2) - https:\/\/yoast.com\/wordpress\/plugins\/seo\/ -->\n<title>Giorno della memoria: mostra bibliografica in biblioteca fino al 6 febbraio - Cultura<\/title>\n<meta name=\"robots\" content=\"index, follow, max-snippet:-1, max-image-preview:large, max-video-preview:-1\" \/>\n<link rel=\"canonical\" href=\"https:\/\/www.diocesitn.it\/area-cultura\/2026\/01\/26\/giorno-della-memoria-mostra-bibliografica-in-biblioteca-fino-al-6-febbraio\/\" \/>\n<meta property=\"og:locale\" content=\"it_IT\" \/>\n<meta property=\"og:type\" content=\"article\" \/>\n<meta property=\"og:title\" content=\"Giorno della memoria: mostra bibliografica in biblioteca fino al 6 febbraio\" \/>\n<meta property=\"og:description\" content=\"&nbsp; In occasione del Giorno della Memoria, la Biblioteca propone una mostra bibliografica. Viene presentata un\u2019ampia selezione di testi e dvd che aiutano a comprendere la tragedia della Shoah sotto diversi punti di vista storici\" \/>\n<meta property=\"og:url\" content=\"https:\/\/www.diocesitn.it\/area-cultura\/2026\/01\/26\/giorno-della-memoria-mostra-bibliografica-in-biblioteca-fino-al-6-febbraio\/\" \/>\n<meta property=\"og:site_name\" content=\"Cultura\" \/>\n<meta property=\"article:published_time\" content=\"2026-01-26T09:16:19+00:00\" \/>\n<meta property=\"article:modified_time\" content=\"2026-02-06T11:53:00+00:00\" \/>\n<meta property=\"og:image\" content=\"https:\/\/www.diocesitn.it\/area-cultura\/wp-content\/uploads\/sites\/38\/2026\/01\/foto-sito-scaled.jpg\" \/>\n\t<meta property=\"og:image:width\" content=\"2560\" \/>\n\t<meta property=\"og:image:height\" content=\"1920\" \/>\n\t<meta property=\"og:image:type\" content=\"image\/jpeg\" \/>\n<meta name=\"author\" content=\"ledine\" \/>\n<meta name=\"twitter:card\" content=\"summary_large_image\" \/>\n<meta name=\"twitter:label1\" content=\"Scritto da\" \/>\n\t<meta name=\"twitter:data1\" content=\"ledine\" \/>\n\t<meta name=\"twitter:label2\" content=\"Tempo di lettura stimato\" \/>\n\t<meta name=\"twitter:data2\" content=\"1 minuto\" \/>\n<script type=\"application\/ld+json\" class=\"yoast-schema-graph\">{\"@context\":\"https:\/\/schema.org\",\"@graph\":[{\"@type\":\"Article\",\"@id\":\"https:\/\/www.diocesitn.it\/area-cultura\/2026\/01\/26\/giorno-della-memoria-mostra-bibliografica-in-biblioteca-fino-al-6-febbraio\/#article\",\"isPartOf\":{\"@id\":\"https:\/\/www.diocesitn.it\/area-cultura\/2026\/01\/26\/giorno-della-memoria-mostra-bibliografica-in-biblioteca-fino-al-6-febbraio\/\"},\"author\":{\"name\":\"ledine\",\"@id\":\"https:\/\/www.diocesitn.it\/area-cultura\/#\/schema\/person\/93b7401db62b6f32d20347e997095e6c\"},\"headline\":\"Giorno della memoria: mostra bibliografica in biblioteca fino al 6 febbraio\",\"datePublished\":\"2026-01-26T09:16:19+00:00\",\"dateModified\":\"2026-02-06T11:53:00+00:00\",\"mainEntityOfPage\":{\"@id\":\"https:\/\/www.diocesitn.it\/area-cultura\/2026\/01\/26\/giorno-della-memoria-mostra-bibliografica-in-biblioteca-fino-al-6-febbraio\/\"},\"wordCount\":111,\"publisher\":{\"@id\":\"https:\/\/www.diocesitn.it\/area-cultura\/#organization\"},\"image\":{\"@id\":\"https:\/\/www.diocesitn.it\/area-cultura\/2026\/01\/26\/giorno-della-memoria-mostra-bibliografica-in-biblioteca-fino-al-6-febbraio\/#primaryimage\"},\"thumbnailUrl\":\"https:\/\/www.diocesitn.it\/area-cultura\/wp-content\/uploads\/sites\/38\/2026\/01\/foto-sito-scaled.jpg\",\"keywords\":[\"biblioteca Vigilianum\",\"Giorno della Memoria\",\"mostra bibliografica\"],\"articleSection\":[\"Biblioteca diocesana Vigilianum\",\"Notizie\"],\"inLanguage\":\"it-IT\",\"copyrightYear\":\"2026\",\"copyrightHolder\":{\"@id\":\"https:\/\/www.diocesitn.it\/#organization\"}},{\"@type\":\"WebPage\",\"@id\":\"https:\/\/www.diocesitn.it\/area-cultura\/2026\/01\/26\/giorno-della-memoria-mostra-bibliografica-in-biblioteca-fino-al-6-febbraio\/\",\"url\":\"https:\/\/www.diocesitn.it\/area-cultura\/2026\/01\/26\/giorno-della-memoria-mostra-bibliografica-in-biblioteca-fino-al-6-febbraio\/\",\"name\":\"Giorno della memoria: mostra bibliografica in biblioteca fino al 6 febbraio - Cultura\",\"isPartOf\":{\"@id\":\"https:\/\/www.diocesitn.it\/area-cultura\/#website\"},\"primaryImageOfPage\":{\"@id\":\"https:\/\/www.diocesitn.it\/area-cultura\/2026\/01\/26\/giorno-della-memoria-mostra-bibliografica-in-biblioteca-fino-al-6-febbraio\/#primaryimage\"},\"image\":{\"@id\":\"https:\/\/www.diocesitn.it\/area-cultura\/2026\/01\/26\/giorno-della-memoria-mostra-bibliografica-in-biblioteca-fino-al-6-febbraio\/#primaryimage\"},\"thumbnailUrl\":\"https:\/\/www.diocesitn.it\/area-cultura\/wp-content\/uploads\/sites\/38\/2026\/01\/foto-sito-scaled.jpg\",\"datePublished\":\"2026-01-26T09:16:19+00:00\",\"dateModified\":\"2026-02-06T11:53:00+00:00\",\"breadcrumb\":{\"@id\":\"https:\/\/www.diocesitn.it\/area-cultura\/2026\/01\/26\/giorno-della-memoria-mostra-bibliografica-in-biblioteca-fino-al-6-febbraio\/#breadcrumb\"},\"inLanguage\":\"it-IT\",\"potentialAction\":[{\"@type\":\"ReadAction\",\"target\":[\"https:\/\/www.diocesitn.it\/area-cultura\/2026\/01\/26\/giorno-della-memoria-mostra-bibliografica-in-biblioteca-fino-al-6-febbraio\/\"]}]},{\"@type\":\"ImageObject\",\"inLanguage\":\"it-IT\",\"@id\":\"https:\/\/www.diocesitn.it\/area-cultura\/2026\/01\/26\/giorno-della-memoria-mostra-bibliografica-in-biblioteca-fino-al-6-febbraio\/#primaryimage\",\"url\":\"https:\/\/www.diocesitn.it\/area-cultura\/wp-content\/uploads\/sites\/38\/2026\/01\/foto-sito-scaled.jpg\",\"contentUrl\":\"https:\/\/www.diocesitn.it\/area-cultura\/wp-content\/uploads\/sites\/38\/2026\/01\/foto-sito-scaled.jpg\",\"width\":2560,\"height\":1920},{\"@type\":\"BreadcrumbList\",\"@id\":\"https:\/\/www.diocesitn.it\/area-cultura\/2026\/01\/26\/giorno-della-memoria-mostra-bibliografica-in-biblioteca-fino-al-6-febbraio\/#breadcrumb\",\"itemListElement\":[{\"@type\":\"ListItem\",\"position\":1,\"name\":\"Home\",\"item\":\"https:\/\/www.diocesitn.it\/area-cultura\/\"},{\"@type\":\"ListItem\",\"position\":2,\"name\":\"Giorno della memoria: mostra bibliografica in biblioteca fino al 6 febbraio\"}]},{\"@type\":\"WebSite\",\"@id\":\"https:\/\/www.diocesitn.it\/area-cultura\/#website\",\"url\":\"https:\/\/www.diocesitn.it\/area-cultura\/\",\"name\":\"Cultura\",\"description\":\"Chiesa di Trento\",\"publisher\":{\"@id\":\"https:\/\/www.diocesitn.it\/area-cultura\/#organization\"},\"potentialAction\":[{\"@type\":\"SearchAction\",\"target\":{\"@type\":\"EntryPoint\",\"urlTemplate\":\"https:\/\/www.diocesitn.it\/area-cultura\/?s={search_term_string}\"},\"query-input\":\"required name=search_term_string\"}],\"inLanguage\":\"it-IT\"},{\"@type\":[\"Organization\",\"Place\"],\"@id\":\"https:\/\/www.diocesitn.it\/area-cultura\/#organization\",\"name\":\"Area Cultura - Chiesa di Trento\",\"url\":\"https:\/\/www.diocesitn.it\/area-cultura\/\",\"logo\":{\"@id\":\"https:\/\/www.diocesitn.it\/area-cultura\/2026\/01\/26\/giorno-della-memoria-mostra-bibliografica-in-biblioteca-fino-al-6-febbraio\/#local-main-organization-logo\"},\"image\":{\"@id\":\"https:\/\/www.diocesitn.it\/area-cultura\/2026\/01\/26\/giorno-della-memoria-mostra-bibliografica-in-biblioteca-fino-al-6-febbraio\/#local-main-organization-logo\"},\"sameAs\":[\"https:\/\/www.youtube.com\/channel\/UCfWD2n-N6WTCg2P_UA72H6Q\"],\"openingHoursSpecification\":[{\"@type\":\"OpeningHoursSpecification\",\"dayOfWeek\":[\"Monday\",\"Tuesday\",\"Wednesday\",\"Thursday\",\"Friday\",\"Saturday\",\"Sunday\"],\"opens\":\"09:00\",\"closes\":\"17:00\"}]},{\"@type\":\"ImageObject\",\"inLanguage\":\"it-IT\",\"@id\":\"https:\/\/www.diocesitn.it\/area-cultura\/2026\/01\/26\/giorno-della-memoria-mostra-bibliografica-in-biblioteca-fino-al-6-febbraio\/#local-main-organization-logo\",\"url\":\"https:\/\/www.diocesitn.it\/area-cultura\/wp-content\/uploads\/sites\/38\/2021\/09\/og-logo-cultura.jpg\",\"contentUrl\":\"https:\/\/www.diocesitn.it\/area-cultura\/wp-content\/uploads\/sites\/38\/2021\/09\/og-logo-cultura.jpg\",\"width\":1200,\"height\":630,\"caption\":\"Area Cultura - Chiesa di Trento\"}]}<\/script>\n<!-- \/ Yoast SEO Premium plugin. -->","yoast_head_json":{"title":"Giorno della memoria: mostra bibliografica in biblioteca fino al 6 febbraio - Cultura","robots":{"index":"index","follow":"follow","max-snippet":"max-snippet:-1","max-image-preview":"max-image-preview:large","max-video-preview":"max-video-preview:-1"},"canonical":"https:\/\/www.diocesitn.it\/area-cultura\/2026\/01\/26\/giorno-della-memoria-mostra-bibliografica-in-biblioteca-fino-al-6-febbraio\/","og_locale":"it_IT","og_type":"article","og_title":"Giorno della memoria: mostra bibliografica in biblioteca fino al 6 febbraio","og_description":"&nbsp; In occasione del Giorno della Memoria, la Biblioteca propone una mostra bibliografica. Viene presentata un\u2019ampia selezione di testi e dvd che aiutano a comprendere la tragedia della Shoah sotto diversi punti di vista storici","og_url":"https:\/\/www.diocesitn.it\/area-cultura\/2026\/01\/26\/giorno-della-memoria-mostra-bibliografica-in-biblioteca-fino-al-6-febbraio\/","og_site_name":"Cultura","article_published_time":"2026-01-26T09:16:19+00:00","article_modified_time":"2026-02-06T11:53:00+00:00","og_image":[{"width":2560,"height":1920,"url":"https:\/\/www.diocesitn.it\/area-cultura\/wp-content\/uploads\/sites\/38\/2026\/01\/foto-sito-scaled.jpg","type":"image\/jpeg"}],"author":"ledine","twitter_card":"summary_large_image","twitter_misc":{"Scritto da":"ledine","Tempo di lettura stimato":"1 minuto"},"schema":{"@context":"https:\/\/schema.org","@graph":[{"@type":"Article","@id":"https:\/\/www.diocesitn.it\/area-cultura\/2026\/01\/26\/giorno-della-memoria-mostra-bibliografica-in-biblioteca-fino-al-6-febbraio\/#article","isPartOf":{"@id":"https:\/\/www.diocesitn.it\/area-cultura\/2026\/01\/26\/giorno-della-memoria-mostra-bibliografica-in-biblioteca-fino-al-6-febbraio\/"},"author":{"name":"ledine","@id":"https:\/\/www.diocesitn.it\/area-cultura\/#\/schema\/person\/93b7401db62b6f32d20347e997095e6c"},"headline":"Giorno della memoria: mostra bibliografica in biblioteca fino al 6 febbraio","datePublished":"2026-01-26T09:16:19+00:00","dateModified":"2026-02-06T11:53:00+00:00","mainEntityOfPage":{"@id":"https:\/\/www.diocesitn.it\/area-cultura\/2026\/01\/26\/giorno-della-memoria-mostra-bibliografica-in-biblioteca-fino-al-6-febbraio\/"},"wordCount":111,"publisher":{"@id":"https:\/\/www.diocesitn.it\/area-cultura\/#organization"},"image":{"@id":"https:\/\/www.diocesitn.it\/area-cultura\/2026\/01\/26\/giorno-della-memoria-mostra-bibliografica-in-biblioteca-fino-al-6-febbraio\/#primaryimage"},"thumbnailUrl":"https:\/\/www.diocesitn.it\/area-cultura\/wp-content\/uploads\/sites\/38\/2026\/01\/foto-sito-scaled.jpg","keywords":["biblioteca Vigilianum","Giorno della Memoria","mostra bibliografica"],"articleSection":["Biblioteca diocesana Vigilianum","Notizie"],"inLanguage":"it-IT","copyrightYear":"2026","copyrightHolder":{"@id":"https:\/\/www.diocesitn.it\/#organization"}},{"@type":"WebPage","@id":"https:\/\/www.diocesitn.it\/area-cultura\/2026\/01\/26\/giorno-della-memoria-mostra-bibliografica-in-biblioteca-fino-al-6-febbraio\/","url":"https:\/\/www.diocesitn.it\/area-cultura\/2026\/01\/26\/giorno-della-memoria-mostra-bibliografica-in-biblioteca-fino-al-6-febbraio\/","name":"Giorno della memoria: mostra bibliografica in biblioteca fino al 6 febbraio - Cultura","isPartOf":{"@id":"https:\/\/www.diocesitn.it\/area-cultura\/#website"},"primaryImageOfPage":{"@id":"https:\/\/www.diocesitn.it\/area-cultura\/2026\/01\/26\/giorno-della-memoria-mostra-bibliografica-in-biblioteca-fino-al-6-febbraio\/#primaryimage"},"image":{"@id":"https:\/\/www.diocesitn.it\/area-cultura\/2026\/01\/26\/giorno-della-memoria-mostra-bibliografica-in-biblioteca-fino-al-6-febbraio\/#primaryimage"},"thumbnailUrl":"https:\/\/www.diocesitn.it\/area-cultura\/wp-content\/uploads\/sites\/38\/2026\/01\/foto-sito-scaled.jpg","datePublished":"2026-01-26T09:16:19+00:00","dateModified":"2026-02-06T11:53:00+00:00","breadcrumb":{"@id":"https:\/\/www.diocesitn.it\/area-cultura\/2026\/01\/26\/giorno-della-memoria-mostra-bibliografica-in-biblioteca-fino-al-6-febbraio\/#breadcrumb"},"inLanguage":"it-IT","potentialAction":[{"@type":"ReadAction","target":["https:\/\/www.diocesitn.it\/area-cultura\/2026\/01\/26\/giorno-della-memoria-mostra-bibliografica-in-biblioteca-fino-al-6-febbraio\/"]}]},{"@type":"ImageObject","inLanguage":"it-IT","@id":"https:\/\/www.diocesitn.it\/area-cultura\/2026\/01\/26\/giorno-della-memoria-mostra-bibliografica-in-biblioteca-fino-al-6-febbraio\/#primaryimage","url":"https:\/\/www.diocesitn.it\/area-cultura\/wp-content\/uploads\/sites\/38\/2026\/01\/foto-sito-scaled.jpg","contentUrl":"https:\/\/www.diocesitn.it\/area-cultura\/wp-content\/uploads\/sites\/38\/2026\/01\/foto-sito-scaled.jpg","width":2560,"height":1920},{"@type":"BreadcrumbList","@id":"https:\/\/www.diocesitn.it\/area-cultura\/2026\/01\/26\/giorno-della-memoria-mostra-bibliografica-in-biblioteca-fino-al-6-febbraio\/#breadcrumb","itemListElement":[{"@type":"ListItem","position":1,"name":"Home","item":"https:\/\/www.diocesitn.it\/area-cultura\/"},{"@type":"ListItem","position":2,"name":"Giorno della memoria: mostra bibliografica in biblioteca fino al 6 febbraio"}]},{"@type":"WebSite","@id":"https:\/\/www.diocesitn.it\/area-cultura\/#website","url":"https:\/\/www.diocesitn.it\/area-cultura\/","name":"Cultura","description":"Chiesa di Trento","publisher":{"@id":"https:\/\/www.diocesitn.it\/area-cultura\/#organization"},"potentialAction":[{"@type":"SearchAction","target":{"@type":"EntryPoint","urlTemplate":"https:\/\/www.diocesitn.it\/area-cultura\/?s={search_term_string}"},"query-input":"required name=search_term_string"}],"inLanguage":"it-IT"},{"@type":["Organization","Place"],"@id":"https:\/\/www.diocesitn.it\/area-cultura\/#organization","name":"Area Cultura - Chiesa di Trento","url":"https:\/\/www.diocesitn.it\/area-cultura\/","logo":{"@id":"https:\/\/www.diocesitn.it\/area-cultura\/2026\/01\/26\/giorno-della-memoria-mostra-bibliografica-in-biblioteca-fino-al-6-febbraio\/#local-main-organization-logo"},"image":{"@id":"https:\/\/www.diocesitn.it\/area-cultura\/2026\/01\/26\/giorno-della-memoria-mostra-bibliografica-in-biblioteca-fino-al-6-febbraio\/#local-main-organization-logo"},"sameAs":["https:\/\/www.youtube.com\/channel\/UCfWD2n-N6WTCg2P_UA72H6Q"],"openingHoursSpecification":[{"@type":"OpeningHoursSpecification","dayOfWeek":["Monday","Tuesday","Wednesday","Thursday","Friday","Saturday","Sunday"],"opens":"09:00","closes":"17:00"}]},{"@type":"ImageObject","inLanguage":"it-IT","@id":"https:\/\/www.diocesitn.it\/area-cultura\/2026\/01\/26\/giorno-della-memoria-mostra-bibliografica-in-biblioteca-fino-al-6-febbraio\/#local-main-organization-logo","url":"https:\/\/www.diocesitn.it\/area-cultura\/wp-content\/uploads\/sites\/38\/2021\/09\/og-logo-cultura.jpg","contentUrl":"https:\/\/www.diocesitn.it\/area-cultura\/wp-content\/uploads\/sites\/38\/2021\/09\/og-logo-cultura.jpg","width":1200,"height":630,"caption":"Area Cultura - Chiesa di Trento"}]}},"_links":{"self":[{"href":"https:\/\/www.diocesitn.it\/area-cultura\/wp-json\/wp\/v2\/posts\/16691","targetHints":{"allow":["GET"]}}],"collection":[{"href":"https:\/\/www.diocesitn.it\/area-cultura\/wp-json\/wp\/v2\/posts"}],"about":[{"href":"https:\/\/www.diocesitn.it\/area-cultura\/wp-json\/wp\/v2\/types\/post"}],"author":[{"embeddable":true,"href":"https:\/\/www.diocesitn.it\/area-cultura\/wp-json\/wp\/v2\/users\/165"}],"replies":[{"embeddable":true,"href":"https:\/\/www.diocesitn.it\/area-cultura\/wp-json\/wp\/v2\/comments?post=16691"}],"version-history":[{"count":3,"href":"https:\/\/www.diocesitn.it\/area-cultura\/wp-json\/wp\/v2\/posts\/16691\/revisions"}],"predecessor-version":[{"id":16700,"href":"https:\/\/www.diocesitn.it\/area-cultura\/wp-json\/wp\/v2\/posts\/16691\/revisions\/16700"}],"wp:featuredmedia":[{"embeddable":true,"href":"https:\/\/www.diocesitn.it\/area-cultura\/wp-json\/wp\/v2\/media\/16693"}],"wp:attachment":[{"href":"https:\/\/www.diocesitn.it\/area-cultura\/wp-json\/wp\/v2\/media?parent=16691"}],"wp:term":[{"taxonomy":"category","embeddable":true,"href":"https:\/\/www.diocesitn.it\/area-cultura\/wp-json\/wp\/v2\/categories?post=16691"},{"taxonomy":"post_tag","embeddable":true,"href":"https:\/\/www.diocesitn.it\/area-cultura\/wp-json\/wp\/v2\/tags?post=16691"}],"curies":[{"name":"wp","href":"https:\/\/api.w.org\/{rel}","templated":true}]}}