{"id":16658,"date":"2026-01-22T12:12:25","date_gmt":"2026-01-22T11:12:25","guid":{"rendered":"https:\/\/www.diocesitn.it\/area-cultura\/?p=16658"},"modified":"2026-02-21T09:42:17","modified_gmt":"2026-02-21T08:42:17","slug":"tre-film-dedicati-in-preparazione-alla-cattedra-del-confronto-2026","status":"publish","type":"post","link":"https:\/\/www.diocesitn.it\/area-cultura\/2026\/01\/22\/tre-film-dedicati-in-preparazione-alla-cattedra-del-confronto-2026\/","title":{"rendered":"&#8220;Tre film dedicati&#8221;, in preparazione alla Cattedra del Confronto 2026. Prossime date: 12 e 19 febbraio"},"content":{"rendered":"<p>In febbraio, al Vigilianum, In collaborazione con <strong>Religion Today Filmfestival,<\/strong> \u00e8 possibile approfondire tre film, con la presenza dei rispettivi registi, per preparare la Cattedra del Confronto 2026 <strong>(<a href=\"https:\/\/www.diocesitn.it\/area-cultura\/2025\/11\/17\/cattedra-del-confronto-2026-identita-e-convivenza\/\">qui le date e i protagonisti<\/a>).<\/strong><\/p>\n<p>Volti, identit\u00e0, sensibilit\u00e0 diverse che si confrontano nella fatica di coniugare identit\u00e0 e convivenza.<\/p>\n<p>&nbsp;<\/p>\n<p><a href=\"https:\/\/www.diocesitn.it\/area-cultura\/wp-content\/uploads\/sites\/38\/2026\/01\/CINEMA_2026.pdf\"><img loading=\"lazy\" decoding=\"async\" class=\"aligncenter wp-image-16664 size-medium\" src=\"https:\/\/www.diocesitn.it\/area-cultura\/wp-content\/uploads\/sites\/38\/2026\/01\/Immagine-2026-01-22-133442-1-215x300.jpg\" alt=\"\" width=\"215\" height=\"300\" srcset=\"https:\/\/www.diocesitn.it\/area-cultura\/wp-content\/uploads\/sites\/38\/2026\/01\/Immagine-2026-01-22-133442-1-215x300.jpg 215w, https:\/\/www.diocesitn.it\/area-cultura\/wp-content\/uploads\/sites\/38\/2026\/01\/Immagine-2026-01-22-133442-1-200x280.jpg 200w, https:\/\/www.diocesitn.it\/area-cultura\/wp-content\/uploads\/sites\/38\/2026\/01\/Immagine-2026-01-22-133442-1.jpg 429w\" sizes=\"auto, (max-width: 215px) 100vw, 215px\" \/><\/a><\/p>\n<p style=\"text-align: center\"><strong><a href=\"https:\/\/www.diocesitn.it\/area-cultura\/wp-content\/uploads\/sites\/38\/2026\/01\/CINEMA_2026.pdf\">SCARICA LA LOCANDINA<\/a><\/strong><\/p>\n<p>&nbsp;<\/p>\n<p><strong><u>gioved\u00ec 5 febbraio, ore 20.30<\/u><\/strong><\/p>\n<p>in terre lontane, tra dinamiche sociali e religiose, economiche e ambientali<\/p>\n<p><strong>Bridging the Gap (Andrea Franceschini, Italia)<\/strong><\/p>\n<p>In Myanmar il suono diventa strumento di riconciliazione tra cristiani e buddisti di etnia Mon.<\/p>\n<p><strong>\u00a0<\/strong><\/p>\n<p><strong><u>gioved\u00ec 12 febbraio, ore 20.30<\/u><\/strong><\/p>\n<p>in terre di mezzo, tra drammi sociali e fughe disperate d\u2019umanit\u00e0<\/p>\n<p><strong>To a Land Unknown (Mehdi Fleifel, UK)<\/strong><\/p>\n<p>Thriller tagliente ma essenziale sulle condizioni di vita dei migranti e il dramma palestinese.<\/p>\n<p>&nbsp;<\/p>\n<p><strong><u>gioved\u00ec 19 febbraio, ore 20.30<\/u><\/strong><\/p>\n<p>in terre possibili, tra storie secolari e nuove opportunit\u00e0<\/p>\n<p><strong>Le Maroc (Lia Beltrami, Italia)<\/strong><\/p>\n<p>La multiculturalit\u00e0 del Marocco come esperienza di convivenza.<\/p>\n<p>&nbsp;<\/p>\n","protected":false},"excerpt":{"rendered":"<p>In febbraio, al Vigilianum, In collaborazione con Religion Today Filmfestival, \u00e8 possibile approfondire tre film, con la presenza dei rispettivi registi, per preparare la Cattedra del Confronto 2026 (qui le date e i protagonisti). Volti,<\/p>\n","protected":false},"author":176,"featured_media":16685,"comment_status":"closed","ping_status":"closed","sticky":false,"template":"","format":"standard","meta":{"footnotes":""},"categories":[632,357,461,375,329],"tags":[],"class_list":["post-16658","post","type-post","status-publish","format-standard","has-post-thumbnail","hentry","category-area-cultura","category-servizio-cultura-cattedra-del-confronto","category-cultura","category-servizio-formazione","category-notizie"],"acf":{"seed-localization-paese-cod":"IT","seed-localization-address":"","seed-localization-citta":"Trento","seed-localization-regione-cod-istat":"04","seed-localization-citta-cod-istat":"022205","seed-localization-localita":"","seed-localization-cap":"","seed-localization-marker-visibility":false,"seed-localization-children-visibility":false,"seed-localization-kml":"","seed-localization-custom-marker":""},"yoast_head":"<!-- This site is optimized with the Yoast SEO Premium plugin v20.2.1 (Yoast SEO v22.2) - https:\/\/yoast.com\/wordpress\/plugins\/seo\/ -->\n<title>&quot;Tre film dedicati&quot;, in preparazione alla Cattedra del Confronto 2026. Prossime date: 12 e 19 febbraio - Cultura<\/title>\n<meta name=\"robots\" content=\"index, follow, max-snippet:-1, max-image-preview:large, max-video-preview:-1\" \/>\n<link rel=\"canonical\" href=\"https:\/\/www.diocesitn.it\/area-cultura\/2026\/01\/22\/tre-film-dedicati-in-preparazione-alla-cattedra-del-confronto-2026\/\" \/>\n<meta property=\"og:locale\" content=\"it_IT\" \/>\n<meta property=\"og:type\" content=\"article\" \/>\n<meta property=\"og:title\" content=\"&quot;Tre film dedicati&quot;, in preparazione alla Cattedra del Confronto 2026. Prossime date: 12 e 19 febbraio\" \/>\n<meta property=\"og:description\" content=\"In febbraio, al Vigilianum, In collaborazione con Religion Today Filmfestival, \u00e8 possibile approfondire tre film, con la presenza dei rispettivi registi, per preparare la Cattedra del Confronto 2026 (qui le date e i protagonisti). Volti,\" \/>\n<meta property=\"og:url\" content=\"https:\/\/www.diocesitn.it\/area-cultura\/2026\/01\/22\/tre-film-dedicati-in-preparazione-alla-cattedra-del-confronto-2026\/\" \/>\n<meta property=\"og:site_name\" content=\"Cultura\" \/>\n<meta property=\"article:published_time\" content=\"2026-01-22T11:12:25+00:00\" \/>\n<meta property=\"article:modified_time\" content=\"2026-02-21T08:42:17+00:00\" \/>\n<meta property=\"og:image\" content=\"https:\/\/www.diocesitn.it\/area-cultura\/wp-content\/uploads\/sites\/38\/2026\/01\/Film_2026.jpg\" \/>\n\t<meta property=\"og:image:width\" content=\"929\" \/>\n\t<meta property=\"og:image:height\" content=\"655\" \/>\n\t<meta property=\"og:image:type\" content=\"image\/jpeg\" \/>\n<meta name=\"author\" content=\"lparis\" \/>\n<meta name=\"twitter:card\" content=\"summary_large_image\" \/>\n<meta name=\"twitter:label1\" content=\"Scritto da\" \/>\n\t<meta name=\"twitter:data1\" content=\"lparis\" \/>\n\t<meta name=\"twitter:label2\" content=\"Tempo di lettura stimato\" \/>\n\t<meta name=\"twitter:data2\" content=\"2 minuti\" \/>\n<script type=\"application\/ld+json\" class=\"yoast-schema-graph\">{\"@context\":\"https:\/\/schema.org\",\"@graph\":[{\"@type\":\"Article\",\"@id\":\"https:\/\/www.diocesitn.it\/area-cultura\/2026\/01\/22\/tre-film-dedicati-in-preparazione-alla-cattedra-del-confronto-2026\/#article\",\"isPartOf\":{\"@id\":\"https:\/\/www.diocesitn.it\/area-cultura\/2026\/01\/22\/tre-film-dedicati-in-preparazione-alla-cattedra-del-confronto-2026\/\"},\"author\":{\"name\":\"lparis\",\"@id\":\"https:\/\/www.diocesitn.it\/area-cultura\/#\/schema\/person\/56f5dae17432fc6d153fbbbf46f9d871\"},\"headline\":\"&#8220;Tre film dedicati&#8221;, in preparazione alla Cattedra del Confronto 2026. Prossime date: 12 e 19 febbraio\",\"datePublished\":\"2026-01-22T11:12:25+00:00\",\"dateModified\":\"2026-02-21T08:42:17+00:00\",\"mainEntityOfPage\":{\"@id\":\"https:\/\/www.diocesitn.it\/area-cultura\/2026\/01\/22\/tre-film-dedicati-in-preparazione-alla-cattedra-del-confronto-2026\/\"},\"wordCount\":162,\"publisher\":{\"@id\":\"https:\/\/www.diocesitn.it\/area-cultura\/#organization\"},\"image\":{\"@id\":\"https:\/\/www.diocesitn.it\/area-cultura\/2026\/01\/22\/tre-film-dedicati-in-preparazione-alla-cattedra-del-confronto-2026\/#primaryimage\"},\"thumbnailUrl\":\"https:\/\/www.diocesitn.it\/area-cultura\/wp-content\/uploads\/sites\/38\/2026\/01\/Film_2026.jpg\",\"articleSection\":[\"Area Cultura\",\"Cattedra del Confronto\",\"Cultura\",\"Formazione\",\"Notizie\"],\"inLanguage\":\"it-IT\",\"copyrightYear\":\"2026\",\"copyrightHolder\":{\"@id\":\"https:\/\/www.diocesitn.it\/#organization\"}},{\"@type\":\"WebPage\",\"@id\":\"https:\/\/www.diocesitn.it\/area-cultura\/2026\/01\/22\/tre-film-dedicati-in-preparazione-alla-cattedra-del-confronto-2026\/\",\"url\":\"https:\/\/www.diocesitn.it\/area-cultura\/2026\/01\/22\/tre-film-dedicati-in-preparazione-alla-cattedra-del-confronto-2026\/\",\"name\":\"\\\"Tre film dedicati\\\", in preparazione alla Cattedra del Confronto 2026. Prossime date: 12 e 19 febbraio - Cultura\",\"isPartOf\":{\"@id\":\"https:\/\/www.diocesitn.it\/area-cultura\/#website\"},\"primaryImageOfPage\":{\"@id\":\"https:\/\/www.diocesitn.it\/area-cultura\/2026\/01\/22\/tre-film-dedicati-in-preparazione-alla-cattedra-del-confronto-2026\/#primaryimage\"},\"image\":{\"@id\":\"https:\/\/www.diocesitn.it\/area-cultura\/2026\/01\/22\/tre-film-dedicati-in-preparazione-alla-cattedra-del-confronto-2026\/#primaryimage\"},\"thumbnailUrl\":\"https:\/\/www.diocesitn.it\/area-cultura\/wp-content\/uploads\/sites\/38\/2026\/01\/Film_2026.jpg\",\"datePublished\":\"2026-01-22T11:12:25+00:00\",\"dateModified\":\"2026-02-21T08:42:17+00:00\",\"breadcrumb\":{\"@id\":\"https:\/\/www.diocesitn.it\/area-cultura\/2026\/01\/22\/tre-film-dedicati-in-preparazione-alla-cattedra-del-confronto-2026\/#breadcrumb\"},\"inLanguage\":\"it-IT\",\"potentialAction\":[{\"@type\":\"ReadAction\",\"target\":[\"https:\/\/www.diocesitn.it\/area-cultura\/2026\/01\/22\/tre-film-dedicati-in-preparazione-alla-cattedra-del-confronto-2026\/\"]}]},{\"@type\":\"ImageObject\",\"inLanguage\":\"it-IT\",\"@id\":\"https:\/\/www.diocesitn.it\/area-cultura\/2026\/01\/22\/tre-film-dedicati-in-preparazione-alla-cattedra-del-confronto-2026\/#primaryimage\",\"url\":\"https:\/\/www.diocesitn.it\/area-cultura\/wp-content\/uploads\/sites\/38\/2026\/01\/Film_2026.jpg\",\"contentUrl\":\"https:\/\/www.diocesitn.it\/area-cultura\/wp-content\/uploads\/sites\/38\/2026\/01\/Film_2026.jpg\",\"width\":929,\"height\":655},{\"@type\":\"BreadcrumbList\",\"@id\":\"https:\/\/www.diocesitn.it\/area-cultura\/2026\/01\/22\/tre-film-dedicati-in-preparazione-alla-cattedra-del-confronto-2026\/#breadcrumb\",\"itemListElement\":[{\"@type\":\"ListItem\",\"position\":1,\"name\":\"Home\",\"item\":\"https:\/\/www.diocesitn.it\/area-cultura\/\"},{\"@type\":\"ListItem\",\"position\":2,\"name\":\"&#8220;Tre film dedicati&#8221;, in preparazione alla Cattedra del Confronto 2026. Prossime date: 12 e 19 febbraio\"}]},{\"@type\":\"WebSite\",\"@id\":\"https:\/\/www.diocesitn.it\/area-cultura\/#website\",\"url\":\"https:\/\/www.diocesitn.it\/area-cultura\/\",\"name\":\"Cultura\",\"description\":\"Chiesa di Trento\",\"publisher\":{\"@id\":\"https:\/\/www.diocesitn.it\/area-cultura\/#organization\"},\"potentialAction\":[{\"@type\":\"SearchAction\",\"target\":{\"@type\":\"EntryPoint\",\"urlTemplate\":\"https:\/\/www.diocesitn.it\/area-cultura\/?s={search_term_string}\"},\"query-input\":\"required name=search_term_string\"}],\"inLanguage\":\"it-IT\"},{\"@type\":[\"Organization\",\"Place\"],\"@id\":\"https:\/\/www.diocesitn.it\/area-cultura\/#organization\",\"name\":\"Area Cultura - Chiesa di Trento\",\"url\":\"https:\/\/www.diocesitn.it\/area-cultura\/\",\"logo\":{\"@id\":\"https:\/\/www.diocesitn.it\/area-cultura\/2026\/01\/22\/tre-film-dedicati-in-preparazione-alla-cattedra-del-confronto-2026\/#local-main-organization-logo\"},\"image\":{\"@id\":\"https:\/\/www.diocesitn.it\/area-cultura\/2026\/01\/22\/tre-film-dedicati-in-preparazione-alla-cattedra-del-confronto-2026\/#local-main-organization-logo\"},\"sameAs\":[\"https:\/\/www.youtube.com\/channel\/UCfWD2n-N6WTCg2P_UA72H6Q\"],\"openingHoursSpecification\":[{\"@type\":\"OpeningHoursSpecification\",\"dayOfWeek\":[\"Monday\",\"Tuesday\",\"Wednesday\",\"Thursday\",\"Friday\",\"Saturday\",\"Sunday\"],\"opens\":\"09:00\",\"closes\":\"17:00\"}]},{\"@type\":\"ImageObject\",\"inLanguage\":\"it-IT\",\"@id\":\"https:\/\/www.diocesitn.it\/area-cultura\/2026\/01\/22\/tre-film-dedicati-in-preparazione-alla-cattedra-del-confronto-2026\/#local-main-organization-logo\",\"url\":\"https:\/\/www.diocesitn.it\/area-cultura\/wp-content\/uploads\/sites\/38\/2021\/09\/og-logo-cultura.jpg\",\"contentUrl\":\"https:\/\/www.diocesitn.it\/area-cultura\/wp-content\/uploads\/sites\/38\/2021\/09\/og-logo-cultura.jpg\",\"width\":1200,\"height\":630,\"caption\":\"Area Cultura - Chiesa di Trento\"}]}<\/script>\n<!-- \/ Yoast SEO Premium plugin. -->","yoast_head_json":{"title":"\"Tre film dedicati\", in preparazione alla Cattedra del Confronto 2026. Prossime date: 12 e 19 febbraio - Cultura","robots":{"index":"index","follow":"follow","max-snippet":"max-snippet:-1","max-image-preview":"max-image-preview:large","max-video-preview":"max-video-preview:-1"},"canonical":"https:\/\/www.diocesitn.it\/area-cultura\/2026\/01\/22\/tre-film-dedicati-in-preparazione-alla-cattedra-del-confronto-2026\/","og_locale":"it_IT","og_type":"article","og_title":"\"Tre film dedicati\", in preparazione alla Cattedra del Confronto 2026. Prossime date: 12 e 19 febbraio","og_description":"In febbraio, al Vigilianum, In collaborazione con Religion Today Filmfestival, \u00e8 possibile approfondire tre film, con la presenza dei rispettivi registi, per preparare la Cattedra del Confronto 2026 (qui le date e i protagonisti). Volti,","og_url":"https:\/\/www.diocesitn.it\/area-cultura\/2026\/01\/22\/tre-film-dedicati-in-preparazione-alla-cattedra-del-confronto-2026\/","og_site_name":"Cultura","article_published_time":"2026-01-22T11:12:25+00:00","article_modified_time":"2026-02-21T08:42:17+00:00","og_image":[{"width":929,"height":655,"url":"https:\/\/www.diocesitn.it\/area-cultura\/wp-content\/uploads\/sites\/38\/2026\/01\/Film_2026.jpg","type":"image\/jpeg"}],"author":"lparis","twitter_card":"summary_large_image","twitter_misc":{"Scritto da":"lparis","Tempo di lettura stimato":"2 minuti"},"schema":{"@context":"https:\/\/schema.org","@graph":[{"@type":"Article","@id":"https:\/\/www.diocesitn.it\/area-cultura\/2026\/01\/22\/tre-film-dedicati-in-preparazione-alla-cattedra-del-confronto-2026\/#article","isPartOf":{"@id":"https:\/\/www.diocesitn.it\/area-cultura\/2026\/01\/22\/tre-film-dedicati-in-preparazione-alla-cattedra-del-confronto-2026\/"},"author":{"name":"lparis","@id":"https:\/\/www.diocesitn.it\/area-cultura\/#\/schema\/person\/56f5dae17432fc6d153fbbbf46f9d871"},"headline":"&#8220;Tre film dedicati&#8221;, in preparazione alla Cattedra del Confronto 2026. Prossime date: 12 e 19 febbraio","datePublished":"2026-01-22T11:12:25+00:00","dateModified":"2026-02-21T08:42:17+00:00","mainEntityOfPage":{"@id":"https:\/\/www.diocesitn.it\/area-cultura\/2026\/01\/22\/tre-film-dedicati-in-preparazione-alla-cattedra-del-confronto-2026\/"},"wordCount":162,"publisher":{"@id":"https:\/\/www.diocesitn.it\/area-cultura\/#organization"},"image":{"@id":"https:\/\/www.diocesitn.it\/area-cultura\/2026\/01\/22\/tre-film-dedicati-in-preparazione-alla-cattedra-del-confronto-2026\/#primaryimage"},"thumbnailUrl":"https:\/\/www.diocesitn.it\/area-cultura\/wp-content\/uploads\/sites\/38\/2026\/01\/Film_2026.jpg","articleSection":["Area Cultura","Cattedra del Confronto","Cultura","Formazione","Notizie"],"inLanguage":"it-IT","copyrightYear":"2026","copyrightHolder":{"@id":"https:\/\/www.diocesitn.it\/#organization"}},{"@type":"WebPage","@id":"https:\/\/www.diocesitn.it\/area-cultura\/2026\/01\/22\/tre-film-dedicati-in-preparazione-alla-cattedra-del-confronto-2026\/","url":"https:\/\/www.diocesitn.it\/area-cultura\/2026\/01\/22\/tre-film-dedicati-in-preparazione-alla-cattedra-del-confronto-2026\/","name":"\"Tre film dedicati\", in preparazione alla Cattedra del Confronto 2026. Prossime date: 12 e 19 febbraio - Cultura","isPartOf":{"@id":"https:\/\/www.diocesitn.it\/area-cultura\/#website"},"primaryImageOfPage":{"@id":"https:\/\/www.diocesitn.it\/area-cultura\/2026\/01\/22\/tre-film-dedicati-in-preparazione-alla-cattedra-del-confronto-2026\/#primaryimage"},"image":{"@id":"https:\/\/www.diocesitn.it\/area-cultura\/2026\/01\/22\/tre-film-dedicati-in-preparazione-alla-cattedra-del-confronto-2026\/#primaryimage"},"thumbnailUrl":"https:\/\/www.diocesitn.it\/area-cultura\/wp-content\/uploads\/sites\/38\/2026\/01\/Film_2026.jpg","datePublished":"2026-01-22T11:12:25+00:00","dateModified":"2026-02-21T08:42:17+00:00","breadcrumb":{"@id":"https:\/\/www.diocesitn.it\/area-cultura\/2026\/01\/22\/tre-film-dedicati-in-preparazione-alla-cattedra-del-confronto-2026\/#breadcrumb"},"inLanguage":"it-IT","potentialAction":[{"@type":"ReadAction","target":["https:\/\/www.diocesitn.it\/area-cultura\/2026\/01\/22\/tre-film-dedicati-in-preparazione-alla-cattedra-del-confronto-2026\/"]}]},{"@type":"ImageObject","inLanguage":"it-IT","@id":"https:\/\/www.diocesitn.it\/area-cultura\/2026\/01\/22\/tre-film-dedicati-in-preparazione-alla-cattedra-del-confronto-2026\/#primaryimage","url":"https:\/\/www.diocesitn.it\/area-cultura\/wp-content\/uploads\/sites\/38\/2026\/01\/Film_2026.jpg","contentUrl":"https:\/\/www.diocesitn.it\/area-cultura\/wp-content\/uploads\/sites\/38\/2026\/01\/Film_2026.jpg","width":929,"height":655},{"@type":"BreadcrumbList","@id":"https:\/\/www.diocesitn.it\/area-cultura\/2026\/01\/22\/tre-film-dedicati-in-preparazione-alla-cattedra-del-confronto-2026\/#breadcrumb","itemListElement":[{"@type":"ListItem","position":1,"name":"Home","item":"https:\/\/www.diocesitn.it\/area-cultura\/"},{"@type":"ListItem","position":2,"name":"&#8220;Tre film dedicati&#8221;, in preparazione alla Cattedra del Confronto 2026. Prossime date: 12 e 19 febbraio"}]},{"@type":"WebSite","@id":"https:\/\/www.diocesitn.it\/area-cultura\/#website","url":"https:\/\/www.diocesitn.it\/area-cultura\/","name":"Cultura","description":"Chiesa di Trento","publisher":{"@id":"https:\/\/www.diocesitn.it\/area-cultura\/#organization"},"potentialAction":[{"@type":"SearchAction","target":{"@type":"EntryPoint","urlTemplate":"https:\/\/www.diocesitn.it\/area-cultura\/?s={search_term_string}"},"query-input":"required name=search_term_string"}],"inLanguage":"it-IT"},{"@type":["Organization","Place"],"@id":"https:\/\/www.diocesitn.it\/area-cultura\/#organization","name":"Area Cultura - Chiesa di Trento","url":"https:\/\/www.diocesitn.it\/area-cultura\/","logo":{"@id":"https:\/\/www.diocesitn.it\/area-cultura\/2026\/01\/22\/tre-film-dedicati-in-preparazione-alla-cattedra-del-confronto-2026\/#local-main-organization-logo"},"image":{"@id":"https:\/\/www.diocesitn.it\/area-cultura\/2026\/01\/22\/tre-film-dedicati-in-preparazione-alla-cattedra-del-confronto-2026\/#local-main-organization-logo"},"sameAs":["https:\/\/www.youtube.com\/channel\/UCfWD2n-N6WTCg2P_UA72H6Q"],"openingHoursSpecification":[{"@type":"OpeningHoursSpecification","dayOfWeek":["Monday","Tuesday","Wednesday","Thursday","Friday","Saturday","Sunday"],"opens":"09:00","closes":"17:00"}]},{"@type":"ImageObject","inLanguage":"it-IT","@id":"https:\/\/www.diocesitn.it\/area-cultura\/2026\/01\/22\/tre-film-dedicati-in-preparazione-alla-cattedra-del-confronto-2026\/#local-main-organization-logo","url":"https:\/\/www.diocesitn.it\/area-cultura\/wp-content\/uploads\/sites\/38\/2021\/09\/og-logo-cultura.jpg","contentUrl":"https:\/\/www.diocesitn.it\/area-cultura\/wp-content\/uploads\/sites\/38\/2021\/09\/og-logo-cultura.jpg","width":1200,"height":630,"caption":"Area Cultura - Chiesa di Trento"}]}},"_links":{"self":[{"href":"https:\/\/www.diocesitn.it\/area-cultura\/wp-json\/wp\/v2\/posts\/16658","targetHints":{"allow":["GET"]}}],"collection":[{"href":"https:\/\/www.diocesitn.it\/area-cultura\/wp-json\/wp\/v2\/posts"}],"about":[{"href":"https:\/\/www.diocesitn.it\/area-cultura\/wp-json\/wp\/v2\/types\/post"}],"author":[{"embeddable":true,"href":"https:\/\/www.diocesitn.it\/area-cultura\/wp-json\/wp\/v2\/users\/176"}],"replies":[{"embeddable":true,"href":"https:\/\/www.diocesitn.it\/area-cultura\/wp-json\/wp\/v2\/comments?post=16658"}],"version-history":[{"count":5,"href":"https:\/\/www.diocesitn.it\/area-cultura\/wp-json\/wp\/v2\/posts\/16658\/revisions"}],"predecessor-version":[{"id":16806,"href":"https:\/\/www.diocesitn.it\/area-cultura\/wp-json\/wp\/v2\/posts\/16658\/revisions\/16806"}],"wp:featuredmedia":[{"embeddable":true,"href":"https:\/\/www.diocesitn.it\/area-cultura\/wp-json\/wp\/v2\/media\/16685"}],"wp:attachment":[{"href":"https:\/\/www.diocesitn.it\/area-cultura\/wp-json\/wp\/v2\/media?parent=16658"}],"wp:term":[{"taxonomy":"category","embeddable":true,"href":"https:\/\/www.diocesitn.it\/area-cultura\/wp-json\/wp\/v2\/categories?post=16658"},{"taxonomy":"post_tag","embeddable":true,"href":"https:\/\/www.diocesitn.it\/area-cultura\/wp-json\/wp\/v2\/tags?post=16658"}],"curies":[{"name":"wp","href":"https:\/\/api.w.org\/{rel}","templated":true}]}}