{"id":16385,"date":"2025-11-29T14:53:23","date_gmt":"2025-11-29T13:53:23","guid":{"rendered":"https:\/\/www.diocesitn.it\/area-cultura\/?p=16385"},"modified":"2025-12-16T15:57:26","modified_gmt":"2025-12-16T14:57:26","slug":"avvento-a-colori-concerti-dorgano-e-di-coro-visita-guidata-a-s-maria-maggiore","status":"publish","type":"post","link":"https:\/\/www.diocesitn.it\/area-cultura\/2025\/11\/29\/avvento-a-colori-concerti-dorgano-e-di-coro-visita-guidata-a-s-maria-maggiore\/","title":{"rendered":"Avvento a colori: concerti d&#8217;organo e di coro, visita guidata a S. Maria Maggiore"},"content":{"rendered":"<p>\u00ab<strong>Colori d\u2019organo. Mezzora di suoni a mezzogiorno<\/strong>\u00bb<\/p>\n<p>Nei venerd\u00ec d\u2019Avvento, continua l\u2019affascinante <a href=\"https:\/\/www.diocesitn.it\/area-cultura\/2025\/11\/14\/colori-dorgano-mezzora-di-suoni-a-mezzogiorno-nei-venerdi-davvento-a-trento-nella-chiesa-del-suffragio\/\">percorso sull\u2019organo Carli<\/a> della <strong>Chiesa del Suffragio<\/strong>. Nell\u2019insolito orario di mezzogiorno, l\u2019occasione diventa ascolto, riflessione e &#8211; perch\u00e9 no? &#8211; aperitivo (vero!) insieme all\u2019organista. Venerd\u00ec 5 dicembre con<strong> Stefano Rattini<\/strong>. Venerd\u00ec 12 dicembre con <strong>Tarcisio Battisti<\/strong>. Venerd\u00ec 19 dicembre con <strong>Luca Moser<\/strong>.<\/p>\n<p>\u00ab<strong>Un coro in cammino per san Francesco Saverio<\/strong>\u00bb.<\/p>\n<p><strong>Mercoled\u00ec 3 dicembre<\/strong> alle 20.30, nella cornice di <strong>San Francesco Saverio<\/strong>, la <strong>Corale Citt\u00e0 di Trento<\/strong> offrir\u00e0 un <a href=\"https:\/\/www.diocesitn.it\/area-cultura\/2025\/11\/13\/un-coro-in-cammino-per-san-francesco-saverio-con-la-corale-citta-di-trento-mercoledi-3-dicembre-alle-20-30\/\">percorso in movimento<\/a> tra altari, luci e tele, alternandosi alle suggestioni che ogni angolo della chiesa trasmette da secoli. Diretta da Federico Viola, la <strong>Corale Citt\u00e0 di Trento<\/strong> percorrer\u00e0 la navata, sostando e invitando tutti i partecipanti a fare altrettanto negli anfratti della storia.<\/p>\n<p>\u00ab<strong>L\u2019ultima visita del viaggio tra le Chiese<\/strong>\u00bb.<\/p>\n<p><strong>Sabato 6 dicembre<\/strong>, alle 10.45, si concluder\u00e0 in <strong>Santa Maria Maggiore<\/strong> il percorso giubilare che ci ha accompagnato mensilmente lungo tutto l\u2019arco del 2005, Anno della Speranza. L\u2019ultimo appuntamento, guidato sempre dalla competenza e dalla passione di <strong>Annamaria Cenzi<\/strong>, ci permetter\u00e0 di entrare da vicino in uno dei luoghi pi\u00f9 affascinanti ed eclettici della citt\u00e0.<\/p>\n","protected":false},"excerpt":{"rendered":"<p>\u00abColori d\u2019organo. Mezzora di suoni a mezzogiorno\u00bb Nei venerd\u00ec d\u2019Avvento, continua l\u2019affascinante percorso sull\u2019organo Carli della Chiesa del Suffragio. Nell\u2019insolito orario di mezzogiorno, l\u2019occasione diventa ascolto, riflessione e &#8211; perch\u00e9 no? &#8211; aperitivo (vero!) insieme<\/p>\n","protected":false},"author":164,"featured_media":16392,"comment_status":"closed","ping_status":"closed","sticky":false,"template":"","format":"standard","meta":{"footnotes":""},"categories":[461,329,620],"tags":[],"class_list":["post-16385","post","type-post","status-publish","format-standard","has-post-thumbnail","hentry","category-cultura","category-notizie","category-progetto-chieseacolori"],"acf":{"seed-localization-paese-cod":"IT","seed-localization-address":"","seed-localization-citta":"Trento","seed-localization-regione-cod-istat":"04","seed-localization-citta-cod-istat":"022205","seed-localization-localita":"","seed-localization-cap":"","seed-localization-marker-visibility":false,"seed-localization-children-visibility":false,"seed-localization-kml":"","seed-localization-custom-marker":""},"yoast_head":"<!-- This site is optimized with the Yoast SEO Premium plugin v20.2.1 (Yoast SEO v22.2) - https:\/\/yoast.com\/wordpress\/plugins\/seo\/ -->\n<title>Avvento a colori: concerti d&#039;organo e di coro, visita guidata a S. Maria Maggiore - Cultura<\/title>\n<meta name=\"robots\" content=\"index, follow, max-snippet:-1, max-image-preview:large, max-video-preview:-1\" \/>\n<link rel=\"canonical\" href=\"https:\/\/www.diocesitn.it\/area-cultura\/2025\/11\/29\/avvento-a-colori-concerti-dorgano-e-di-coro-visita-guidata-a-s-maria-maggiore\/\" \/>\n<meta property=\"og:locale\" content=\"it_IT\" \/>\n<meta property=\"og:type\" content=\"article\" \/>\n<meta property=\"og:title\" content=\"Avvento a colori: concerti d&#039;organo e di coro, visita guidata a S. Maria Maggiore\" \/>\n<meta property=\"og:description\" content=\"\u00abColori d\u2019organo. Mezzora di suoni a mezzogiorno\u00bb Nei venerd\u00ec d\u2019Avvento, continua l\u2019affascinante percorso sull\u2019organo Carli della Chiesa del Suffragio. Nell\u2019insolito orario di mezzogiorno, l\u2019occasione diventa ascolto, riflessione e &#8211; perch\u00e9 no? &#8211; aperitivo (vero!) insieme\" \/>\n<meta property=\"og:url\" content=\"https:\/\/www.diocesitn.it\/area-cultura\/2025\/11\/29\/avvento-a-colori-concerti-dorgano-e-di-coro-visita-guidata-a-s-maria-maggiore\/\" \/>\n<meta property=\"og:site_name\" content=\"Cultura\" \/>\n<meta property=\"article:published_time\" content=\"2025-11-29T13:53:23+00:00\" \/>\n<meta property=\"article:modified_time\" content=\"2025-12-16T14:57:26+00:00\" \/>\n<meta property=\"og:image\" content=\"https:\/\/www.diocesitn.it\/area-cultura\/wp-content\/uploads\/sites\/38\/2025\/11\/AvventoChieseacolori-1-scaled.jpg\" \/>\n\t<meta property=\"og:image:width\" content=\"2560\" \/>\n\t<meta property=\"og:image:height\" content=\"1835\" \/>\n\t<meta property=\"og:image:type\" content=\"image\/jpeg\" \/>\n<meta name=\"author\" content=\"candreolli\" \/>\n<meta name=\"twitter:card\" content=\"summary_large_image\" \/>\n<meta name=\"twitter:label1\" content=\"Scritto da\" \/>\n\t<meta name=\"twitter:data1\" content=\"candreolli\" \/>\n\t<meta name=\"twitter:label2\" content=\"Tempo di lettura stimato\" \/>\n\t<meta name=\"twitter:data2\" content=\"2 minuti\" \/>\n<script type=\"application\/ld+json\" class=\"yoast-schema-graph\">{\"@context\":\"https:\/\/schema.org\",\"@graph\":[{\"@type\":\"Article\",\"@id\":\"https:\/\/www.diocesitn.it\/area-cultura\/2025\/11\/29\/avvento-a-colori-concerti-dorgano-e-di-coro-visita-guidata-a-s-maria-maggiore\/#article\",\"isPartOf\":{\"@id\":\"https:\/\/www.diocesitn.it\/area-cultura\/2025\/11\/29\/avvento-a-colori-concerti-dorgano-e-di-coro-visita-guidata-a-s-maria-maggiore\/\"},\"author\":{\"name\":\"candreolli\",\"@id\":\"https:\/\/www.diocesitn.it\/area-cultura\/#\/schema\/person\/05f14428efca72bb2997b55cbdc7d01b\"},\"headline\":\"Avvento a colori: concerti d&#8217;organo e di coro, visita guidata a S. Maria Maggiore\",\"datePublished\":\"2025-11-29T13:53:23+00:00\",\"dateModified\":\"2025-12-16T14:57:26+00:00\",\"mainEntityOfPage\":{\"@id\":\"https:\/\/www.diocesitn.it\/area-cultura\/2025\/11\/29\/avvento-a-colori-concerti-dorgano-e-di-coro-visita-guidata-a-s-maria-maggiore\/\"},\"wordCount\":202,\"publisher\":{\"@id\":\"https:\/\/www.diocesitn.it\/area-cultura\/#organization\"},\"image\":{\"@id\":\"https:\/\/www.diocesitn.it\/area-cultura\/2025\/11\/29\/avvento-a-colori-concerti-dorgano-e-di-coro-visita-guidata-a-s-maria-maggiore\/#primaryimage\"},\"thumbnailUrl\":\"https:\/\/www.diocesitn.it\/area-cultura\/wp-content\/uploads\/sites\/38\/2025\/11\/AvventoChieseacolori-1-scaled.jpg\",\"articleSection\":[\"Cultura\",\"Notizie\",\"Progetto Chieseacolori\"],\"inLanguage\":\"it-IT\",\"copyrightYear\":\"2025\",\"copyrightHolder\":{\"@id\":\"https:\/\/www.diocesitn.it\/#organization\"}},{\"@type\":\"WebPage\",\"@id\":\"https:\/\/www.diocesitn.it\/area-cultura\/2025\/11\/29\/avvento-a-colori-concerti-dorgano-e-di-coro-visita-guidata-a-s-maria-maggiore\/\",\"url\":\"https:\/\/www.diocesitn.it\/area-cultura\/2025\/11\/29\/avvento-a-colori-concerti-dorgano-e-di-coro-visita-guidata-a-s-maria-maggiore\/\",\"name\":\"Avvento a colori: concerti d'organo e di coro, visita guidata a S. Maria Maggiore - Cultura\",\"isPartOf\":{\"@id\":\"https:\/\/www.diocesitn.it\/area-cultura\/#website\"},\"primaryImageOfPage\":{\"@id\":\"https:\/\/www.diocesitn.it\/area-cultura\/2025\/11\/29\/avvento-a-colori-concerti-dorgano-e-di-coro-visita-guidata-a-s-maria-maggiore\/#primaryimage\"},\"image\":{\"@id\":\"https:\/\/www.diocesitn.it\/area-cultura\/2025\/11\/29\/avvento-a-colori-concerti-dorgano-e-di-coro-visita-guidata-a-s-maria-maggiore\/#primaryimage\"},\"thumbnailUrl\":\"https:\/\/www.diocesitn.it\/area-cultura\/wp-content\/uploads\/sites\/38\/2025\/11\/AvventoChieseacolori-1-scaled.jpg\",\"datePublished\":\"2025-11-29T13:53:23+00:00\",\"dateModified\":\"2025-12-16T14:57:26+00:00\",\"breadcrumb\":{\"@id\":\"https:\/\/www.diocesitn.it\/area-cultura\/2025\/11\/29\/avvento-a-colori-concerti-dorgano-e-di-coro-visita-guidata-a-s-maria-maggiore\/#breadcrumb\"},\"inLanguage\":\"it-IT\",\"potentialAction\":[{\"@type\":\"ReadAction\",\"target\":[\"https:\/\/www.diocesitn.it\/area-cultura\/2025\/11\/29\/avvento-a-colori-concerti-dorgano-e-di-coro-visita-guidata-a-s-maria-maggiore\/\"]}]},{\"@type\":\"ImageObject\",\"inLanguage\":\"it-IT\",\"@id\":\"https:\/\/www.diocesitn.it\/area-cultura\/2025\/11\/29\/avvento-a-colori-concerti-dorgano-e-di-coro-visita-guidata-a-s-maria-maggiore\/#primaryimage\",\"url\":\"https:\/\/www.diocesitn.it\/area-cultura\/wp-content\/uploads\/sites\/38\/2025\/11\/AvventoChieseacolori-1-scaled.jpg\",\"contentUrl\":\"https:\/\/www.diocesitn.it\/area-cultura\/wp-content\/uploads\/sites\/38\/2025\/11\/AvventoChieseacolori-1-scaled.jpg\",\"width\":2560,\"height\":1835},{\"@type\":\"BreadcrumbList\",\"@id\":\"https:\/\/www.diocesitn.it\/area-cultura\/2025\/11\/29\/avvento-a-colori-concerti-dorgano-e-di-coro-visita-guidata-a-s-maria-maggiore\/#breadcrumb\",\"itemListElement\":[{\"@type\":\"ListItem\",\"position\":1,\"name\":\"Home\",\"item\":\"https:\/\/www.diocesitn.it\/area-cultura\/\"},{\"@type\":\"ListItem\",\"position\":2,\"name\":\"Avvento a colori: concerti d&#8217;organo e di coro, visita guidata a S. Maria Maggiore\"}]},{\"@type\":\"WebSite\",\"@id\":\"https:\/\/www.diocesitn.it\/area-cultura\/#website\",\"url\":\"https:\/\/www.diocesitn.it\/area-cultura\/\",\"name\":\"Cultura\",\"description\":\"Chiesa di Trento\",\"publisher\":{\"@id\":\"https:\/\/www.diocesitn.it\/area-cultura\/#organization\"},\"potentialAction\":[{\"@type\":\"SearchAction\",\"target\":{\"@type\":\"EntryPoint\",\"urlTemplate\":\"https:\/\/www.diocesitn.it\/area-cultura\/?s={search_term_string}\"},\"query-input\":\"required name=search_term_string\"}],\"inLanguage\":\"it-IT\"},{\"@type\":[\"Organization\",\"Place\"],\"@id\":\"https:\/\/www.diocesitn.it\/area-cultura\/#organization\",\"name\":\"Area Cultura - Chiesa di Trento\",\"url\":\"https:\/\/www.diocesitn.it\/area-cultura\/\",\"logo\":{\"@id\":\"https:\/\/www.diocesitn.it\/area-cultura\/2025\/11\/29\/avvento-a-colori-concerti-dorgano-e-di-coro-visita-guidata-a-s-maria-maggiore\/#local-main-organization-logo\"},\"image\":{\"@id\":\"https:\/\/www.diocesitn.it\/area-cultura\/2025\/11\/29\/avvento-a-colori-concerti-dorgano-e-di-coro-visita-guidata-a-s-maria-maggiore\/#local-main-organization-logo\"},\"sameAs\":[\"https:\/\/www.youtube.com\/channel\/UCfWD2n-N6WTCg2P_UA72H6Q\"],\"openingHoursSpecification\":[{\"@type\":\"OpeningHoursSpecification\",\"dayOfWeek\":[\"Monday\",\"Tuesday\",\"Wednesday\",\"Thursday\",\"Friday\",\"Saturday\",\"Sunday\"],\"opens\":\"09:00\",\"closes\":\"17:00\"}]},{\"@type\":\"ImageObject\",\"inLanguage\":\"it-IT\",\"@id\":\"https:\/\/www.diocesitn.it\/area-cultura\/2025\/11\/29\/avvento-a-colori-concerti-dorgano-e-di-coro-visita-guidata-a-s-maria-maggiore\/#local-main-organization-logo\",\"url\":\"https:\/\/www.diocesitn.it\/area-cultura\/wp-content\/uploads\/sites\/38\/2021\/09\/og-logo-cultura.jpg\",\"contentUrl\":\"https:\/\/www.diocesitn.it\/area-cultura\/wp-content\/uploads\/sites\/38\/2021\/09\/og-logo-cultura.jpg\",\"width\":1200,\"height\":630,\"caption\":\"Area Cultura - Chiesa di Trento\"}]}<\/script>\n<!-- \/ Yoast SEO Premium plugin. -->","yoast_head_json":{"title":"Avvento a colori: concerti d'organo e di coro, visita guidata a S. Maria Maggiore - Cultura","robots":{"index":"index","follow":"follow","max-snippet":"max-snippet:-1","max-image-preview":"max-image-preview:large","max-video-preview":"max-video-preview:-1"},"canonical":"https:\/\/www.diocesitn.it\/area-cultura\/2025\/11\/29\/avvento-a-colori-concerti-dorgano-e-di-coro-visita-guidata-a-s-maria-maggiore\/","og_locale":"it_IT","og_type":"article","og_title":"Avvento a colori: concerti d'organo e di coro, visita guidata a S. Maria Maggiore","og_description":"\u00abColori d\u2019organo. Mezzora di suoni a mezzogiorno\u00bb Nei venerd\u00ec d\u2019Avvento, continua l\u2019affascinante percorso sull\u2019organo Carli della Chiesa del Suffragio. Nell\u2019insolito orario di mezzogiorno, l\u2019occasione diventa ascolto, riflessione e &#8211; perch\u00e9 no? &#8211; aperitivo (vero!) insieme","og_url":"https:\/\/www.diocesitn.it\/area-cultura\/2025\/11\/29\/avvento-a-colori-concerti-dorgano-e-di-coro-visita-guidata-a-s-maria-maggiore\/","og_site_name":"Cultura","article_published_time":"2025-11-29T13:53:23+00:00","article_modified_time":"2025-12-16T14:57:26+00:00","og_image":[{"width":2560,"height":1835,"url":"https:\/\/www.diocesitn.it\/area-cultura\/wp-content\/uploads\/sites\/38\/2025\/11\/AvventoChieseacolori-1-scaled.jpg","type":"image\/jpeg"}],"author":"candreolli","twitter_card":"summary_large_image","twitter_misc":{"Scritto da":"candreolli","Tempo di lettura stimato":"2 minuti"},"schema":{"@context":"https:\/\/schema.org","@graph":[{"@type":"Article","@id":"https:\/\/www.diocesitn.it\/area-cultura\/2025\/11\/29\/avvento-a-colori-concerti-dorgano-e-di-coro-visita-guidata-a-s-maria-maggiore\/#article","isPartOf":{"@id":"https:\/\/www.diocesitn.it\/area-cultura\/2025\/11\/29\/avvento-a-colori-concerti-dorgano-e-di-coro-visita-guidata-a-s-maria-maggiore\/"},"author":{"name":"candreolli","@id":"https:\/\/www.diocesitn.it\/area-cultura\/#\/schema\/person\/05f14428efca72bb2997b55cbdc7d01b"},"headline":"Avvento a colori: concerti d&#8217;organo e di coro, visita guidata a S. Maria Maggiore","datePublished":"2025-11-29T13:53:23+00:00","dateModified":"2025-12-16T14:57:26+00:00","mainEntityOfPage":{"@id":"https:\/\/www.diocesitn.it\/area-cultura\/2025\/11\/29\/avvento-a-colori-concerti-dorgano-e-di-coro-visita-guidata-a-s-maria-maggiore\/"},"wordCount":202,"publisher":{"@id":"https:\/\/www.diocesitn.it\/area-cultura\/#organization"},"image":{"@id":"https:\/\/www.diocesitn.it\/area-cultura\/2025\/11\/29\/avvento-a-colori-concerti-dorgano-e-di-coro-visita-guidata-a-s-maria-maggiore\/#primaryimage"},"thumbnailUrl":"https:\/\/www.diocesitn.it\/area-cultura\/wp-content\/uploads\/sites\/38\/2025\/11\/AvventoChieseacolori-1-scaled.jpg","articleSection":["Cultura","Notizie","Progetto Chieseacolori"],"inLanguage":"it-IT","copyrightYear":"2025","copyrightHolder":{"@id":"https:\/\/www.diocesitn.it\/#organization"}},{"@type":"WebPage","@id":"https:\/\/www.diocesitn.it\/area-cultura\/2025\/11\/29\/avvento-a-colori-concerti-dorgano-e-di-coro-visita-guidata-a-s-maria-maggiore\/","url":"https:\/\/www.diocesitn.it\/area-cultura\/2025\/11\/29\/avvento-a-colori-concerti-dorgano-e-di-coro-visita-guidata-a-s-maria-maggiore\/","name":"Avvento a colori: concerti d'organo e di coro, visita guidata a S. Maria Maggiore - Cultura","isPartOf":{"@id":"https:\/\/www.diocesitn.it\/area-cultura\/#website"},"primaryImageOfPage":{"@id":"https:\/\/www.diocesitn.it\/area-cultura\/2025\/11\/29\/avvento-a-colori-concerti-dorgano-e-di-coro-visita-guidata-a-s-maria-maggiore\/#primaryimage"},"image":{"@id":"https:\/\/www.diocesitn.it\/area-cultura\/2025\/11\/29\/avvento-a-colori-concerti-dorgano-e-di-coro-visita-guidata-a-s-maria-maggiore\/#primaryimage"},"thumbnailUrl":"https:\/\/www.diocesitn.it\/area-cultura\/wp-content\/uploads\/sites\/38\/2025\/11\/AvventoChieseacolori-1-scaled.jpg","datePublished":"2025-11-29T13:53:23+00:00","dateModified":"2025-12-16T14:57:26+00:00","breadcrumb":{"@id":"https:\/\/www.diocesitn.it\/area-cultura\/2025\/11\/29\/avvento-a-colori-concerti-dorgano-e-di-coro-visita-guidata-a-s-maria-maggiore\/#breadcrumb"},"inLanguage":"it-IT","potentialAction":[{"@type":"ReadAction","target":["https:\/\/www.diocesitn.it\/area-cultura\/2025\/11\/29\/avvento-a-colori-concerti-dorgano-e-di-coro-visita-guidata-a-s-maria-maggiore\/"]}]},{"@type":"ImageObject","inLanguage":"it-IT","@id":"https:\/\/www.diocesitn.it\/area-cultura\/2025\/11\/29\/avvento-a-colori-concerti-dorgano-e-di-coro-visita-guidata-a-s-maria-maggiore\/#primaryimage","url":"https:\/\/www.diocesitn.it\/area-cultura\/wp-content\/uploads\/sites\/38\/2025\/11\/AvventoChieseacolori-1-scaled.jpg","contentUrl":"https:\/\/www.diocesitn.it\/area-cultura\/wp-content\/uploads\/sites\/38\/2025\/11\/AvventoChieseacolori-1-scaled.jpg","width":2560,"height":1835},{"@type":"BreadcrumbList","@id":"https:\/\/www.diocesitn.it\/area-cultura\/2025\/11\/29\/avvento-a-colori-concerti-dorgano-e-di-coro-visita-guidata-a-s-maria-maggiore\/#breadcrumb","itemListElement":[{"@type":"ListItem","position":1,"name":"Home","item":"https:\/\/www.diocesitn.it\/area-cultura\/"},{"@type":"ListItem","position":2,"name":"Avvento a colori: concerti d&#8217;organo e di coro, visita guidata a S. Maria Maggiore"}]},{"@type":"WebSite","@id":"https:\/\/www.diocesitn.it\/area-cultura\/#website","url":"https:\/\/www.diocesitn.it\/area-cultura\/","name":"Cultura","description":"Chiesa di Trento","publisher":{"@id":"https:\/\/www.diocesitn.it\/area-cultura\/#organization"},"potentialAction":[{"@type":"SearchAction","target":{"@type":"EntryPoint","urlTemplate":"https:\/\/www.diocesitn.it\/area-cultura\/?s={search_term_string}"},"query-input":"required name=search_term_string"}],"inLanguage":"it-IT"},{"@type":["Organization","Place"],"@id":"https:\/\/www.diocesitn.it\/area-cultura\/#organization","name":"Area Cultura - Chiesa di Trento","url":"https:\/\/www.diocesitn.it\/area-cultura\/","logo":{"@id":"https:\/\/www.diocesitn.it\/area-cultura\/2025\/11\/29\/avvento-a-colori-concerti-dorgano-e-di-coro-visita-guidata-a-s-maria-maggiore\/#local-main-organization-logo"},"image":{"@id":"https:\/\/www.diocesitn.it\/area-cultura\/2025\/11\/29\/avvento-a-colori-concerti-dorgano-e-di-coro-visita-guidata-a-s-maria-maggiore\/#local-main-organization-logo"},"sameAs":["https:\/\/www.youtube.com\/channel\/UCfWD2n-N6WTCg2P_UA72H6Q"],"openingHoursSpecification":[{"@type":"OpeningHoursSpecification","dayOfWeek":["Monday","Tuesday","Wednesday","Thursday","Friday","Saturday","Sunday"],"opens":"09:00","closes":"17:00"}]},{"@type":"ImageObject","inLanguage":"it-IT","@id":"https:\/\/www.diocesitn.it\/area-cultura\/2025\/11\/29\/avvento-a-colori-concerti-dorgano-e-di-coro-visita-guidata-a-s-maria-maggiore\/#local-main-organization-logo","url":"https:\/\/www.diocesitn.it\/area-cultura\/wp-content\/uploads\/sites\/38\/2021\/09\/og-logo-cultura.jpg","contentUrl":"https:\/\/www.diocesitn.it\/area-cultura\/wp-content\/uploads\/sites\/38\/2021\/09\/og-logo-cultura.jpg","width":1200,"height":630,"caption":"Area Cultura - Chiesa di Trento"}]}},"_links":{"self":[{"href":"https:\/\/www.diocesitn.it\/area-cultura\/wp-json\/wp\/v2\/posts\/16385","targetHints":{"allow":["GET"]}}],"collection":[{"href":"https:\/\/www.diocesitn.it\/area-cultura\/wp-json\/wp\/v2\/posts"}],"about":[{"href":"https:\/\/www.diocesitn.it\/area-cultura\/wp-json\/wp\/v2\/types\/post"}],"author":[{"embeddable":true,"href":"https:\/\/www.diocesitn.it\/area-cultura\/wp-json\/wp\/v2\/users\/164"}],"replies":[{"embeddable":true,"href":"https:\/\/www.diocesitn.it\/area-cultura\/wp-json\/wp\/v2\/comments?post=16385"}],"version-history":[{"count":3,"href":"https:\/\/www.diocesitn.it\/area-cultura\/wp-json\/wp\/v2\/posts\/16385\/revisions"}],"predecessor-version":[{"id":16396,"href":"https:\/\/www.diocesitn.it\/area-cultura\/wp-json\/wp\/v2\/posts\/16385\/revisions\/16396"}],"wp:featuredmedia":[{"embeddable":true,"href":"https:\/\/www.diocesitn.it\/area-cultura\/wp-json\/wp\/v2\/media\/16392"}],"wp:attachment":[{"href":"https:\/\/www.diocesitn.it\/area-cultura\/wp-json\/wp\/v2\/media?parent=16385"}],"wp:term":[{"taxonomy":"category","embeddable":true,"href":"https:\/\/www.diocesitn.it\/area-cultura\/wp-json\/wp\/v2\/categories?post=16385"},{"taxonomy":"post_tag","embeddable":true,"href":"https:\/\/www.diocesitn.it\/area-cultura\/wp-json\/wp\/v2\/tags?post=16385"}],"curies":[{"name":"wp","href":"https:\/\/api.w.org\/{rel}","templated":true}]}}