{"id":16265,"date":"2025-11-25T13:01:10","date_gmt":"2025-11-25T12:01:10","guid":{"rendered":"https:\/\/www.diocesitn.it\/area-cultura\/?p=16265"},"modified":"2026-01-09T10:24:04","modified_gmt":"2026-01-09T09:24:04","slug":"politica-avio-2026","status":"publish","type":"post","link":"https:\/\/www.diocesitn.it\/area-cultura\/2025\/11\/25\/politica-avio-2026\/","title":{"rendered":"Politica, fede, umanit\u00e0 &#8211; Avio 2026. Percorso di formazione proposto dalle Parrocchie della zona di Ala e Avio e della SDFT, a partire dal 19 gennaio 2026"},"content":{"rendered":"<p style=\"text-align: center\"><em>La politica \u00e8 la forma pi\u00f9 alta di carit\u00e0<\/em>, sosteneva Paolo VI.<\/p>\n<p style=\"text-align: center\">Perch\u00e9 la politica ci riguarda tutti, il nostro vivere insieme, il nostro futuro.<\/p>\n<p style=\"text-align: center\">Il percorso di formazione 2026 che si terr\u00e0 ad Avio (in presenza e online) avr\u00e0 come titolo:<\/p>\n<p style=\"text-align: center\"><strong>Politica, Fede, Umanit\u00e0<\/strong><\/p>\n<p style=\"text-align: center\">ed \u00e8 promosso in collaborazione dall&#8217;Unit\u00e0 Pastorale della Pieve, dall&#8217;Unit\u00e0 Pastorale San Paolo, dalla Parrocchia di Ala<\/p>\n<p style=\"text-align: center\">e dalla Scuola Diocesana di Formazione Teologica<\/p>\n<p style=\"text-align: center\"><a href=\"https:\/\/www.diocesitn.it\/area-cultura\/wp-content\/uploads\/sites\/38\/2025\/11\/Locandina-Avio-2026.pdf\"><strong>scarica la locandina<\/strong><\/a><\/p>\n<p>&nbsp;<\/p>\n<p>19 gennaio<\/p>\n<p><strong>Veglia con l\u2019Arcivescovo<\/strong><\/p>\n<p>&nbsp;<\/p>\n<p style=\"text-align: right\">26 gennaio<\/p>\n<p style=\"text-align: right\"><strong>Spiritualit\u00e0 dell\u2019impegno politico<\/strong><\/p>\n<p style=\"text-align: right\">Lucia Fronza Crepaz<\/p>\n<p>&nbsp;<\/p>\n<p>2 febbraio<\/p>\n<p><strong>Valori e principi dell&#8217;Unione Europea. Un dialogo con l&#8217;umanesimo cristiano<\/strong><\/p>\n<p>Jens Woelk<\/p>\n<p>&nbsp;<\/p>\n<p style=\"text-align: right\">9 febbraio<\/p>\n<p style=\"text-align: right\"><strong>Cura.<\/strong> <strong>Politica e sviluppo umano<\/strong><\/p>\n<p style=\"text-align: right\">Alessandra Morelli<\/p>\n<p>16 febbraio<\/p>\n<p><strong>Politica e religione. Fra integralismo e strumentalizzazione<\/strong><\/p>\n<p>Brunetto Salvarani<\/p>\n<p>&nbsp;<\/p>\n<p style=\"text-align: center\"><em><strong>Iscrizioni<\/strong><\/em><\/p>\n<p style=\"text-align: center\"><noscript class=\"ninja-forms-noscript-message\">\n\tAvviso: JavaScript \u00e8 obbligatorio per questo contenuto.<\/noscript>\n<div id=\"nf-form-67-cont\" class=\"nf-form-cont\" aria-live=\"polite\" aria-labelledby=\"nf-form-title-67\" aria-describedby=\"nf-form-errors-67\" role=\"form\">\n\n    <div class=\"nf-loading-spinner\"><\/div>\n\n<\/div>\n        <!-- That data is being printed as a workaround to page builders reordering the order of the scripts loaded-->\n        <script>var formDisplay=1;var nfForms=nfForms||[];var form=[];form.id='67';form.settings={\"objectType\":\"Form Setting\",\"editActive\":true,\"title\":\"Politica, fede, umanit\\u00e0 - Avio 2026\",\"created_at\":\"2025-11-13 09:06:59\",\"default_label_pos\":\"above\",\"show_title\":\"0\",\"clear_complete\":\"1\",\"hide_complete\":\"1\",\"logged_in\":\"\",\"wrapper_class\":\"\",\"element_class\":\"\",\"key\":\"\",\"add_submit\":\"0\",\"changeEmailErrorMsg\":\"Immetti un indirizzo email valido.\",\"changeDateErrorMsg\":\"Please enter a valid date!\",\"confirmFieldErrorMsg\":\"Questi campi devono corrispondere.\",\"fieldNumberNumMinError\":\"Errore numero min\",\"fieldNumberNumMaxError\":\"Errore numero max\",\"fieldNumberIncrementBy\":\"Incrementa di \",\"formErrorsCorrectErrors\":\"Correggi gli errori prima di inviare il form.\",\"validateRequiredField\":\"Campo obbligatorio.\",\"honeypotHoneypotError\":\"Errore Honeypot\",\"fieldsMarkedRequired\":\"I campi contrassegnati con <span class=\\\"ninja-forms-req-symbol\\\">*<\\\/span> sono obbligatori.\",\"currency\":\"\",\"unique_field_error\":\"A form with this value has already been submitted.\",\"not_logged_in_msg\":\"\",\"sub_limit_msg\":\"The form has reached its submission limit.\",\"calculations\":[],\"formContentData\":[\"lastname_1669970084345\",\"firstname_1669970087431\",\"email_1669970089604\",\"phone_1669970101670\",\"partecipazione_1732021358436\",\"checkbox_1669970163586\",\"html_1669970182374\",\"submit_1669970146869\"],\"drawerDisabled\":false,\"form_title_heading_level\":\"3\",\"allow_public_link\":0,\"embed_form\":\"\",\"objectDomain\":\"display\",\"ninjaForms\":\"Ninja Forms\",\"fieldTextareaRTEInsertLink\":\"Inserisci link\",\"fieldTextareaRTEInsertMedia\":\"Inserisci media\",\"fieldTextareaRTESelectAFile\":\"Seleziona un file\",\"formHoneypot\":\"Se sei un essere umano e vedi questo campo, lascialo vuoto.\",\"fileUploadOldCodeFileUploadInProgress\":\"Caricamento file in corso.\",\"fileUploadOldCodeFileUpload\":\"CARICAMENTO FILE\",\"currencySymbol\":\"&#36;\",\"thousands_sep\":\".\",\"decimal_point\":\",\",\"siteLocale\":\"it_IT\",\"dateFormat\":\"d\\\/m\\\/Y\",\"startOfWeek\":\"1\",\"of\":\"di\",\"previousMonth\":\"Previous Month\",\"nextMonth\":\"Next Month\",\"months\":[\"January\",\"February\",\"March\",\"April\",\"May\",\"June\",\"July\",\"August\",\"September\",\"October\",\"November\",\"December\"],\"monthsShort\":[\"Jan\",\"Feb\",\"Mar\",\"Apr\",\"May\",\"Jun\",\"Jul\",\"Aug\",\"Sep\",\"Oct\",\"Nov\",\"Dec\"],\"weekdays\":[\"Sunday\",\"Monday\",\"Tuesday\",\"Wednesday\",\"Thursday\",\"Friday\",\"Saturday\"],\"weekdaysShort\":[\"Sun\",\"Mon\",\"Tue\",\"Wed\",\"Thu\",\"Fri\",\"Sat\"],\"weekdaysMin\":[\"Su\",\"Mo\",\"Tu\",\"We\",\"Th\",\"Fr\",\"Sa\"],\"recaptchaConsentMissing\":\"reCaptcha validation couldn&#039;t load.\",\"recaptchaMissingCookie\":\"reCaptcha v3 validation couldn&#039;t load the cookie needed to submit the form.\",\"recaptchaConsentEvent\":\"Accept reCaptcha cookies before sending the form.\",\"currency_symbol\":\"\",\"beforeForm\":\"\",\"beforeFields\":\"\",\"afterFields\":\"\",\"afterForm\":\"\"};form.fields=[{\"objectType\":\"Field\",\"objectDomain\":\"fields\",\"editActive\":false,\"order\":1,\"idAttribute\":\"id\",\"type\":\"lastname\",\"label\":\"Cognome\",\"key\":\"lastname_1669970084345\",\"label_pos\":\"above\",\"required\":1,\"default\":\"\",\"placeholder\":\"\",\"container_class\":\"\",\"element_class\":\"\",\"admin_label\":\"\",\"help_text\":\"\",\"custom_name_attribute\":\"lname\",\"personally_identifiable\":1,\"value\":\"\",\"drawerDisabled\":\"\",\"field_label\":\"Cognome\",\"field_key\":\"lastname_1669970084345\",\"id\":580,\"beforeField\":\"\",\"afterField\":\"\",\"parentType\":\"lastname\",\"element_templates\":[\"lastname\",\"input\"],\"old_classname\":\"\",\"wrap_template\":\"wrap\"},{\"objectType\":\"Field\",\"objectDomain\":\"fields\",\"editActive\":false,\"order\":2,\"idAttribute\":\"id\",\"type\":\"firstname\",\"label\":\"Nome\",\"key\":\"firstname_1669970087431\",\"label_pos\":\"above\",\"required\":1,\"default\":\"\",\"placeholder\":\"\",\"container_class\":\"\",\"element_class\":\"\",\"admin_label\":\"\",\"help_text\":\"\",\"custom_name_attribute\":\"fname\",\"personally_identifiable\":1,\"value\":\"\",\"drawerDisabled\":\"\",\"field_label\":\"Nome\",\"field_key\":\"firstname_1669970087431\",\"id\":581,\"beforeField\":\"\",\"afterField\":\"\",\"parentType\":\"firstname\",\"element_templates\":[\"firstname\",\"input\"],\"old_classname\":\"\",\"wrap_template\":\"wrap\"},{\"objectType\":\"Field\",\"objectDomain\":\"fields\",\"editActive\":false,\"order\":3,\"idAttribute\":\"id\",\"type\":\"email\",\"label\":\"Email\",\"key\":\"email_1669970089604\",\"label_pos\":\"above\",\"required\":1,\"default\":\"\",\"placeholder\":\"\",\"container_class\":\"\",\"element_class\":\"\",\"admin_label\":\"\",\"help_text\":\"\",\"custom_name_attribute\":\"email\",\"personally_identifiable\":1,\"value\":\"\",\"drawerDisabled\":\"\",\"field_label\":\"Email\",\"field_key\":\"email_1669970089604\",\"id\":582,\"beforeField\":\"\",\"afterField\":\"\",\"parentType\":\"email\",\"element_templates\":[\"email\",\"input\"],\"old_classname\":\"\",\"wrap_template\":\"wrap\"},{\"objectType\":\"Field\",\"objectDomain\":\"fields\",\"editActive\":false,\"order\":4,\"idAttribute\":\"id\",\"type\":\"phone\",\"label\":\"Telefono\",\"key\":\"phone_1669970101670\",\"label_pos\":\"above\",\"required\":1,\"default\":\"\",\"placeholder\":\"\",\"container_class\":\"\",\"element_class\":\"\",\"input_limit\":\"\",\"input_limit_type\":\"characters\",\"input_limit_msg\":\"Caratteri rimasti\",\"manual_key\":\"\",\"admin_label\":\"\",\"help_text\":\"\",\"mask\":\"\",\"custom_mask\":\"\",\"custom_name_attribute\":\"phone\",\"personally_identifiable\":1,\"value\":\"\",\"drawerDisabled\":\"\",\"field_label\":\"Telefono\",\"field_key\":\"phone_1669970101670\",\"id\":583,\"beforeField\":\"\",\"afterField\":\"\",\"parentType\":\"textbox\",\"element_templates\":[\"tel\",\"textbox\",\"input\"],\"old_classname\":\"\",\"wrap_template\":\"wrap\"},{\"objectType\":\"Field\",\"objectDomain\":\"fields\",\"editActive\":false,\"order\":5,\"idAttribute\":\"id\",\"type\":\"listradio\",\"label\":\"Partecipazione\",\"key\":\"partecipazione_1732021358436\",\"label_pos\":\"above\",\"required\":1,\"options\":[{\"errors\":[],\"max_options\":0,\"label\":\"In presenza\",\"value\":\"in-presenza\",\"calc\":\"\",\"selected\":0,\"order\":0,\"settingModel\":{\"settings\":false,\"hide_merge_tags\":false,\"error\":false,\"name\":\"options\",\"type\":\"option-repeater\",\"label\":\"Options <a href=\\\"#\\\" class=\\\"nf-add-new\\\">Aggiungi nuovo<\\\/a> <a href=\\\"#\\\" class=\\\"extra nf-open-import-tooltip\\\"><i class=\\\"fa fa-sign-in\\\" aria-hidden=\\\"true\\\"><\\\/i> Importa<\\\/a>\",\"width\":\"full\",\"group\":\"\",\"value\":[{\"label\":\"Uno\",\"value\":\"uno\",\"calc\":\"\",\"selected\":0,\"order\":0},{\"label\":\"Due\",\"value\":\"due\",\"calc\":\"\",\"selected\":0,\"order\":1},{\"label\":\"Tre\",\"value\":\"tre\",\"calc\":\"\",\"selected\":0,\"order\":2}],\"columns\":{\"label\":{\"header\":\"Etichetta\",\"default\":\"\"},\"value\":{\"header\":\"Valore\",\"default\":\"\"},\"calc\":{\"header\":\"Calcolo\",\"default\":\"\"},\"selected\":{\"header\":\"<span class=\\\"dashicons dashicons-yes\\\"><\\\/span>\",\"default\":0}}}},{\"errors\":[],\"max_options\":0,\"label\":\"Online\",\"value\":\"online\",\"calc\":\"\",\"selected\":0,\"order\":1,\"settingModel\":{\"settings\":false,\"hide_merge_tags\":false,\"error\":false,\"name\":\"options\",\"type\":\"option-repeater\",\"label\":\"Options <a href=\\\"#\\\" class=\\\"nf-add-new\\\">Aggiungi nuovo<\\\/a> <a href=\\\"#\\\" class=\\\"extra nf-open-import-tooltip\\\"><i class=\\\"fa fa-sign-in\\\" aria-hidden=\\\"true\\\"><\\\/i> Importa<\\\/a>\",\"width\":\"full\",\"group\":\"\",\"value\":[{\"label\":\"Uno\",\"value\":\"uno\",\"calc\":\"\",\"selected\":0,\"order\":0},{\"label\":\"Due\",\"value\":\"due\",\"calc\":\"\",\"selected\":0,\"order\":1},{\"label\":\"Tre\",\"value\":\"tre\",\"calc\":\"\",\"selected\":0,\"order\":2}],\"columns\":{\"label\":{\"header\":\"Etichetta\",\"default\":\"\"},\"value\":{\"header\":\"Valore\",\"default\":\"\"},\"calc\":{\"header\":\"Calcolo\",\"default\":\"\"},\"selected\":{\"header\":\"<span class=\\\"dashicons dashicons-yes\\\"><\\\/span>\",\"default\":0}}}}],\"container_class\":\"\",\"element_class\":\"\",\"admin_label\":\"\",\"help_text\":\"\",\"drawerDisabled\":\"\",\"field_label\":\"Partecipazione\",\"field_key\":\"partecipazione_1732021358436\",\"id\":587,\"beforeField\":\"\",\"afterField\":\"\",\"value\":\"\",\"parentType\":\"list\",\"element_templates\":[\"listradio\",\"input\"],\"old_classname\":\"list-radio\",\"wrap_template\":\"wrap\"},{\"objectType\":\"Field\",\"objectDomain\":\"fields\",\"editActive\":false,\"order\":6,\"idAttribute\":\"id\",\"type\":\"checkbox\",\"label\":\"Autorizzo il trattamento dei miei dati personali nel rispetto della normativa sulla privacy\",\"key\":\"checkbox_1669970163586\",\"label_pos\":\"right\",\"required\":1,\"container_class\":\"\",\"element_class\":\"\",\"manual_key\":1,\"admin_label\":\"\",\"help_text\":\"\",\"default_value\":\"unchecked\",\"checked_value\":\"Selezionato\",\"unchecked_value\":\"Deselezionato\",\"checked_calc_value\":\"\",\"unchecked_calc_value\":\"\",\"drawerDisabled\":\"\",\"field_label\":\"Autorizzo il trattamento dei miei dati personali nel rispetto della normativa sulla privacy\",\"field_key\":\"checkbox_1669970163586\",\"saved\":\"\",\"nicename\":\"Autorizzo il trattamento dei miei dati personali nel rispetto della normativa sulla privacy\",\"id\":584,\"beforeField\":\"\",\"afterField\":\"\",\"value\":\"\",\"parentType\":\"checkbox\",\"element_templates\":[\"checkbox\",\"input\"],\"old_classname\":\"\",\"wrap_template\":\"wrap\"},{\"objectType\":\"Field\",\"objectDomain\":\"fields\",\"editActive\":false,\"order\":7,\"idAttribute\":\"id\",\"label\":\"Informativa privacy, testo\",\"type\":\"html\",\"default\":\"Leggi l'informativa sulla privacy\",\"container_class\":\"\",\"element_class\":\"\",\"drawerDisabled\":\"\",\"field_label\":\"Informativa privacy, testo\",\"field_key\":\"html_1669970182374\",\"saved\":\"\",\"nicename\":\"Informativa privacy, testo\",\"key\":\"html_1669970182374\",\"admin_label\":\"\",\"id\":585,\"beforeField\":\"\",\"afterField\":\"\",\"value\":\"Leggi l'informativa sulla privacy\",\"label_pos\":\"above\",\"parentType\":\"html\",\"element_templates\":[\"html\",\"input\"],\"old_classname\":\"\",\"wrap_template\":\"wrap\"},{\"objectType\":\"Field\",\"objectDomain\":\"fields\",\"editActive\":false,\"order\":8,\"idAttribute\":\"id\",\"type\":\"submit\",\"label\":\"Invia\",\"processing_label\":\"Trattamento\",\"container_class\":\"\",\"element_class\":\"\",\"key\":\"submit_1669970146869\",\"drawerDisabled\":\"\",\"field_label\":\"Invia\",\"field_key\":\"submit_1669970146869\",\"admin_label\":\"\",\"id\":586,\"beforeField\":\"\",\"afterField\":\"\",\"value\":\"\",\"label_pos\":\"above\",\"parentType\":\"textbox\",\"element_templates\":[\"submit\",\"button\",\"input\"],\"old_classname\":\"\",\"wrap_template\":\"wrap-no-label\"}];nfForms.push(form);<\/script>\n        <\/p>\n<p>&nbsp;<\/p>\n<p style=\"text-align: center\">Tutti gli incontri si terranno alle 20.30-22.00<\/p>\n<p style=\"text-align: center\">presso l\u2019Auditorium di Avio &#8211; Palazzo Brasavola<\/p>\n<p style=\"text-align: center\">via Segarizzi, 24 \u2013 Avio<\/p>\n<p>&nbsp;<\/p>\n<p style=\"text-align: center\">informazioni: scuolateologia@diocesitn.it<\/p>\n<p style=\"text-align: center\">Maria Luisa 3338966685<\/p>\n<p>&nbsp;<\/p>\n<p class=\"cvGsUA direction-ltr align-center para-style-title\" style=\"text-align: center\"><span class=\"a_GcMg font-feature-liga-off font-feature-clig-off font-feature-calt-off text-decoration-none text-strikethrough-none\">Offerta libera | Intestazione: Arcidiocesi di Trento<\/span><\/p>\n<p class=\"cvGsUA direction-ltr align-center para-style-title\" style=\"text-align: center\"><span class=\"a_GcMg font-feature-liga-off font-feature-clig-off font-feature-calt-off text-decoration-none text-strikethrough-none\">IBAN: IT 60N0306901856100000000667 | Causale: Avio 2026<\/span><\/p>\n<p>&nbsp;<\/p>\n<p>&nbsp;<\/p>\n","protected":false},"excerpt":{"rendered":"<p>La politica \u00e8 la forma pi\u00f9 alta di carit\u00e0, sosteneva Paolo VI. Perch\u00e9 la politica ci riguarda tutti, il nostro vivere insieme, il nostro futuro. Il percorso di formazione 2026 che si terr\u00e0 ad Avio<\/p>\n","protected":false},"author":176,"featured_media":16364,"comment_status":"closed","ping_status":"closed","sticky":false,"template":"","format":"standard","meta":{"footnotes":""},"categories":[632,461,375,329,361,1],"tags":[],"class_list":["post-16265","post","type-post","status-publish","format-standard","has-post-thumbnail","hentry","category-area-cultura","category-cultura","category-servizio-formazione","category-notizie","category-servizio-sdft","category-senza-categoria"],"acf":{"seed-localization-paese-cod":"IT","seed-localization-address":"","seed-localization-citta":"Trento","seed-localization-regione-cod-istat":"04","seed-localization-citta-cod-istat":"022205","seed-localization-localita":"","seed-localization-cap":"","seed-localization-marker-visibility":false,"seed-localization-children-visibility":false,"seed-localization-kml":"","seed-localization-custom-marker":""},"yoast_head":"<!-- This site is optimized with the Yoast SEO Premium plugin v20.2.1 (Yoast SEO v22.2) - https:\/\/yoast.com\/wordpress\/plugins\/seo\/ -->\n<title>Politica, fede, umanit\u00e0 - Avio 2026. Percorso di formazione proposto dalle Parrocchie della zona di Ala e Avio e della SDFT, a partire dal 19 gennaio 2026 - Cultura<\/title>\n<meta name=\"robots\" content=\"index, follow, max-snippet:-1, max-image-preview:large, max-video-preview:-1\" \/>\n<link rel=\"canonical\" href=\"https:\/\/www.diocesitn.it\/area-cultura\/2025\/11\/25\/politica-avio-2026\/\" \/>\n<meta property=\"og:locale\" content=\"it_IT\" \/>\n<meta property=\"og:type\" content=\"article\" \/>\n<meta property=\"og:title\" content=\"Politica, fede, umanit\u00e0 - Avio 2026. Percorso di formazione proposto dalle Parrocchie della zona di Ala e Avio e della SDFT, a partire dal 19 gennaio 2026\" \/>\n<meta property=\"og:description\" content=\"La politica \u00e8 la forma pi\u00f9 alta di carit\u00e0, sosteneva Paolo VI. Perch\u00e9 la politica ci riguarda tutti, il nostro vivere insieme, il nostro futuro. Il percorso di formazione 2026 che si terr\u00e0 ad Avio\" \/>\n<meta property=\"og:url\" content=\"https:\/\/www.diocesitn.it\/area-cultura\/2025\/11\/25\/politica-avio-2026\/\" \/>\n<meta property=\"og:site_name\" content=\"Cultura\" \/>\n<meta property=\"article:published_time\" content=\"2025-11-25T12:01:10+00:00\" \/>\n<meta property=\"article:modified_time\" content=\"2026-01-09T09:24:04+00:00\" \/>\n<meta property=\"og:image\" content=\"https:\/\/www.diocesitn.it\/area-cultura\/wp-content\/uploads\/sites\/38\/2025\/11\/opera-picasso-guernica-2007-3003.jpg\" \/>\n\t<meta property=\"og:image:width\" content=\"1024\" \/>\n\t<meta property=\"og:image:height\" content=\"518\" \/>\n\t<meta property=\"og:image:type\" content=\"image\/jpeg\" \/>\n<meta name=\"author\" content=\"lparis\" \/>\n<meta name=\"twitter:card\" content=\"summary_large_image\" \/>\n<meta name=\"twitter:label1\" content=\"Scritto da\" \/>\n\t<meta name=\"twitter:data1\" content=\"lparis\" \/>\n\t<meta name=\"twitter:label2\" content=\"Tempo di lettura stimato\" \/>\n\t<meta name=\"twitter:data2\" content=\"2 minuti\" \/>\n<script type=\"application\/ld+json\" class=\"yoast-schema-graph\">{\"@context\":\"https:\/\/schema.org\",\"@graph\":[{\"@type\":\"Article\",\"@id\":\"https:\/\/www.diocesitn.it\/area-cultura\/2025\/11\/25\/politica-avio-2026\/#article\",\"isPartOf\":{\"@id\":\"https:\/\/www.diocesitn.it\/area-cultura\/2025\/11\/25\/politica-avio-2026\/\"},\"author\":{\"name\":\"lparis\",\"@id\":\"https:\/\/www.diocesitn.it\/area-cultura\/#\/schema\/person\/56f5dae17432fc6d153fbbbf46f9d871\"},\"headline\":\"Politica, fede, umanit\u00e0 &#8211; Avio 2026. Percorso di formazione proposto dalle Parrocchie della zona di Ala e Avio e della SDFT, a partire dal 19 gennaio 2026\",\"datePublished\":\"2025-11-25T12:01:10+00:00\",\"dateModified\":\"2026-01-09T09:24:04+00:00\",\"mainEntityOfPage\":{\"@id\":\"https:\/\/www.diocesitn.it\/area-cultura\/2025\/11\/25\/politica-avio-2026\/\"},\"wordCount\":186,\"publisher\":{\"@id\":\"https:\/\/www.diocesitn.it\/area-cultura\/#organization\"},\"image\":{\"@id\":\"https:\/\/www.diocesitn.it\/area-cultura\/2025\/11\/25\/politica-avio-2026\/#primaryimage\"},\"thumbnailUrl\":\"https:\/\/www.diocesitn.it\/area-cultura\/wp-content\/uploads\/sites\/38\/2025\/11\/opera-picasso-guernica-2007-3003.jpg\",\"articleSection\":[\"Area Cultura\",\"Cultura\",\"Formazione\",\"Notizie\",\"Scuola diocesana di formazione teologica\"],\"inLanguage\":\"it-IT\",\"copyrightYear\":\"2025\",\"copyrightHolder\":{\"@id\":\"https:\/\/www.diocesitn.it\/#organization\"}},{\"@type\":\"WebPage\",\"@id\":\"https:\/\/www.diocesitn.it\/area-cultura\/2025\/11\/25\/politica-avio-2026\/\",\"url\":\"https:\/\/www.diocesitn.it\/area-cultura\/2025\/11\/25\/politica-avio-2026\/\",\"name\":\"Politica, fede, umanit\u00e0 - Avio 2026. Percorso di formazione proposto dalle Parrocchie della zona di Ala e Avio e della SDFT, a partire dal 19 gennaio 2026 - Cultura\",\"isPartOf\":{\"@id\":\"https:\/\/www.diocesitn.it\/area-cultura\/#website\"},\"primaryImageOfPage\":{\"@id\":\"https:\/\/www.diocesitn.it\/area-cultura\/2025\/11\/25\/politica-avio-2026\/#primaryimage\"},\"image\":{\"@id\":\"https:\/\/www.diocesitn.it\/area-cultura\/2025\/11\/25\/politica-avio-2026\/#primaryimage\"},\"thumbnailUrl\":\"https:\/\/www.diocesitn.it\/area-cultura\/wp-content\/uploads\/sites\/38\/2025\/11\/opera-picasso-guernica-2007-3003.jpg\",\"datePublished\":\"2025-11-25T12:01:10+00:00\",\"dateModified\":\"2026-01-09T09:24:04+00:00\",\"breadcrumb\":{\"@id\":\"https:\/\/www.diocesitn.it\/area-cultura\/2025\/11\/25\/politica-avio-2026\/#breadcrumb\"},\"inLanguage\":\"it-IT\",\"potentialAction\":[{\"@type\":\"ReadAction\",\"target\":[\"https:\/\/www.diocesitn.it\/area-cultura\/2025\/11\/25\/politica-avio-2026\/\"]}]},{\"@type\":\"ImageObject\",\"inLanguage\":\"it-IT\",\"@id\":\"https:\/\/www.diocesitn.it\/area-cultura\/2025\/11\/25\/politica-avio-2026\/#primaryimage\",\"url\":\"https:\/\/www.diocesitn.it\/area-cultura\/wp-content\/uploads\/sites\/38\/2025\/11\/opera-picasso-guernica-2007-3003.jpg\",\"contentUrl\":\"https:\/\/www.diocesitn.it\/area-cultura\/wp-content\/uploads\/sites\/38\/2025\/11\/opera-picasso-guernica-2007-3003.jpg\",\"width\":1024,\"height\":518},{\"@type\":\"BreadcrumbList\",\"@id\":\"https:\/\/www.diocesitn.it\/area-cultura\/2025\/11\/25\/politica-avio-2026\/#breadcrumb\",\"itemListElement\":[{\"@type\":\"ListItem\",\"position\":1,\"name\":\"Home\",\"item\":\"https:\/\/www.diocesitn.it\/area-cultura\/\"},{\"@type\":\"ListItem\",\"position\":2,\"name\":\"Politica, fede, umanit\u00e0 &#8211; Avio 2026. Percorso di formazione proposto dalle Parrocchie della zona di Ala e Avio e della SDFT, a partire dal 19 gennaio 2026\"}]},{\"@type\":\"WebSite\",\"@id\":\"https:\/\/www.diocesitn.it\/area-cultura\/#website\",\"url\":\"https:\/\/www.diocesitn.it\/area-cultura\/\",\"name\":\"Cultura\",\"description\":\"Chiesa di Trento\",\"publisher\":{\"@id\":\"https:\/\/www.diocesitn.it\/area-cultura\/#organization\"},\"potentialAction\":[{\"@type\":\"SearchAction\",\"target\":{\"@type\":\"EntryPoint\",\"urlTemplate\":\"https:\/\/www.diocesitn.it\/area-cultura\/?s={search_term_string}\"},\"query-input\":\"required name=search_term_string\"}],\"inLanguage\":\"it-IT\"},{\"@type\":[\"Organization\",\"Place\"],\"@id\":\"https:\/\/www.diocesitn.it\/area-cultura\/#organization\",\"name\":\"Area Cultura - Chiesa di Trento\",\"url\":\"https:\/\/www.diocesitn.it\/area-cultura\/\",\"logo\":{\"@id\":\"https:\/\/www.diocesitn.it\/area-cultura\/2025\/11\/25\/politica-avio-2026\/#local-main-organization-logo\"},\"image\":{\"@id\":\"https:\/\/www.diocesitn.it\/area-cultura\/2025\/11\/25\/politica-avio-2026\/#local-main-organization-logo\"},\"sameAs\":[\"https:\/\/www.youtube.com\/channel\/UCfWD2n-N6WTCg2P_UA72H6Q\"],\"openingHoursSpecification\":[{\"@type\":\"OpeningHoursSpecification\",\"dayOfWeek\":[\"Monday\",\"Tuesday\",\"Wednesday\",\"Thursday\",\"Friday\",\"Saturday\",\"Sunday\"],\"opens\":\"09:00\",\"closes\":\"17:00\"}]},{\"@type\":\"ImageObject\",\"inLanguage\":\"it-IT\",\"@id\":\"https:\/\/www.diocesitn.it\/area-cultura\/2025\/11\/25\/politica-avio-2026\/#local-main-organization-logo\",\"url\":\"https:\/\/www.diocesitn.it\/area-cultura\/wp-content\/uploads\/sites\/38\/2021\/09\/og-logo-cultura.jpg\",\"contentUrl\":\"https:\/\/www.diocesitn.it\/area-cultura\/wp-content\/uploads\/sites\/38\/2021\/09\/og-logo-cultura.jpg\",\"width\":1200,\"height\":630,\"caption\":\"Area Cultura - Chiesa di Trento\"}]}<\/script>\n<!-- \/ Yoast SEO Premium plugin. -->","yoast_head_json":{"title":"Politica, fede, umanit\u00e0 - Avio 2026. Percorso di formazione proposto dalle Parrocchie della zona di Ala e Avio e della SDFT, a partire dal 19 gennaio 2026 - Cultura","robots":{"index":"index","follow":"follow","max-snippet":"max-snippet:-1","max-image-preview":"max-image-preview:large","max-video-preview":"max-video-preview:-1"},"canonical":"https:\/\/www.diocesitn.it\/area-cultura\/2025\/11\/25\/politica-avio-2026\/","og_locale":"it_IT","og_type":"article","og_title":"Politica, fede, umanit\u00e0 - Avio 2026. Percorso di formazione proposto dalle Parrocchie della zona di Ala e Avio e della SDFT, a partire dal 19 gennaio 2026","og_description":"La politica \u00e8 la forma pi\u00f9 alta di carit\u00e0, sosteneva Paolo VI. Perch\u00e9 la politica ci riguarda tutti, il nostro vivere insieme, il nostro futuro. Il percorso di formazione 2026 che si terr\u00e0 ad Avio","og_url":"https:\/\/www.diocesitn.it\/area-cultura\/2025\/11\/25\/politica-avio-2026\/","og_site_name":"Cultura","article_published_time":"2025-11-25T12:01:10+00:00","article_modified_time":"2026-01-09T09:24:04+00:00","og_image":[{"width":1024,"height":518,"url":"https:\/\/www.diocesitn.it\/area-cultura\/wp-content\/uploads\/sites\/38\/2025\/11\/opera-picasso-guernica-2007-3003.jpg","type":"image\/jpeg"}],"author":"lparis","twitter_card":"summary_large_image","twitter_misc":{"Scritto da":"lparis","Tempo di lettura stimato":"2 minuti"},"schema":{"@context":"https:\/\/schema.org","@graph":[{"@type":"Article","@id":"https:\/\/www.diocesitn.it\/area-cultura\/2025\/11\/25\/politica-avio-2026\/#article","isPartOf":{"@id":"https:\/\/www.diocesitn.it\/area-cultura\/2025\/11\/25\/politica-avio-2026\/"},"author":{"name":"lparis","@id":"https:\/\/www.diocesitn.it\/area-cultura\/#\/schema\/person\/56f5dae17432fc6d153fbbbf46f9d871"},"headline":"Politica, fede, umanit\u00e0 &#8211; Avio 2026. Percorso di formazione proposto dalle Parrocchie della zona di Ala e Avio e della SDFT, a partire dal 19 gennaio 2026","datePublished":"2025-11-25T12:01:10+00:00","dateModified":"2026-01-09T09:24:04+00:00","mainEntityOfPage":{"@id":"https:\/\/www.diocesitn.it\/area-cultura\/2025\/11\/25\/politica-avio-2026\/"},"wordCount":186,"publisher":{"@id":"https:\/\/www.diocesitn.it\/area-cultura\/#organization"},"image":{"@id":"https:\/\/www.diocesitn.it\/area-cultura\/2025\/11\/25\/politica-avio-2026\/#primaryimage"},"thumbnailUrl":"https:\/\/www.diocesitn.it\/area-cultura\/wp-content\/uploads\/sites\/38\/2025\/11\/opera-picasso-guernica-2007-3003.jpg","articleSection":["Area Cultura","Cultura","Formazione","Notizie","Scuola diocesana di formazione teologica"],"inLanguage":"it-IT","copyrightYear":"2025","copyrightHolder":{"@id":"https:\/\/www.diocesitn.it\/#organization"}},{"@type":"WebPage","@id":"https:\/\/www.diocesitn.it\/area-cultura\/2025\/11\/25\/politica-avio-2026\/","url":"https:\/\/www.diocesitn.it\/area-cultura\/2025\/11\/25\/politica-avio-2026\/","name":"Politica, fede, umanit\u00e0 - Avio 2026. Percorso di formazione proposto dalle Parrocchie della zona di Ala e Avio e della SDFT, a partire dal 19 gennaio 2026 - Cultura","isPartOf":{"@id":"https:\/\/www.diocesitn.it\/area-cultura\/#website"},"primaryImageOfPage":{"@id":"https:\/\/www.diocesitn.it\/area-cultura\/2025\/11\/25\/politica-avio-2026\/#primaryimage"},"image":{"@id":"https:\/\/www.diocesitn.it\/area-cultura\/2025\/11\/25\/politica-avio-2026\/#primaryimage"},"thumbnailUrl":"https:\/\/www.diocesitn.it\/area-cultura\/wp-content\/uploads\/sites\/38\/2025\/11\/opera-picasso-guernica-2007-3003.jpg","datePublished":"2025-11-25T12:01:10+00:00","dateModified":"2026-01-09T09:24:04+00:00","breadcrumb":{"@id":"https:\/\/www.diocesitn.it\/area-cultura\/2025\/11\/25\/politica-avio-2026\/#breadcrumb"},"inLanguage":"it-IT","potentialAction":[{"@type":"ReadAction","target":["https:\/\/www.diocesitn.it\/area-cultura\/2025\/11\/25\/politica-avio-2026\/"]}]},{"@type":"ImageObject","inLanguage":"it-IT","@id":"https:\/\/www.diocesitn.it\/area-cultura\/2025\/11\/25\/politica-avio-2026\/#primaryimage","url":"https:\/\/www.diocesitn.it\/area-cultura\/wp-content\/uploads\/sites\/38\/2025\/11\/opera-picasso-guernica-2007-3003.jpg","contentUrl":"https:\/\/www.diocesitn.it\/area-cultura\/wp-content\/uploads\/sites\/38\/2025\/11\/opera-picasso-guernica-2007-3003.jpg","width":1024,"height":518},{"@type":"BreadcrumbList","@id":"https:\/\/www.diocesitn.it\/area-cultura\/2025\/11\/25\/politica-avio-2026\/#breadcrumb","itemListElement":[{"@type":"ListItem","position":1,"name":"Home","item":"https:\/\/www.diocesitn.it\/area-cultura\/"},{"@type":"ListItem","position":2,"name":"Politica, fede, umanit\u00e0 &#8211; Avio 2026. Percorso di formazione proposto dalle Parrocchie della zona di Ala e Avio e della SDFT, a partire dal 19 gennaio 2026"}]},{"@type":"WebSite","@id":"https:\/\/www.diocesitn.it\/area-cultura\/#website","url":"https:\/\/www.diocesitn.it\/area-cultura\/","name":"Cultura","description":"Chiesa di Trento","publisher":{"@id":"https:\/\/www.diocesitn.it\/area-cultura\/#organization"},"potentialAction":[{"@type":"SearchAction","target":{"@type":"EntryPoint","urlTemplate":"https:\/\/www.diocesitn.it\/area-cultura\/?s={search_term_string}"},"query-input":"required name=search_term_string"}],"inLanguage":"it-IT"},{"@type":["Organization","Place"],"@id":"https:\/\/www.diocesitn.it\/area-cultura\/#organization","name":"Area Cultura - Chiesa di Trento","url":"https:\/\/www.diocesitn.it\/area-cultura\/","logo":{"@id":"https:\/\/www.diocesitn.it\/area-cultura\/2025\/11\/25\/politica-avio-2026\/#local-main-organization-logo"},"image":{"@id":"https:\/\/www.diocesitn.it\/area-cultura\/2025\/11\/25\/politica-avio-2026\/#local-main-organization-logo"},"sameAs":["https:\/\/www.youtube.com\/channel\/UCfWD2n-N6WTCg2P_UA72H6Q"],"openingHoursSpecification":[{"@type":"OpeningHoursSpecification","dayOfWeek":["Monday","Tuesday","Wednesday","Thursday","Friday","Saturday","Sunday"],"opens":"09:00","closes":"17:00"}]},{"@type":"ImageObject","inLanguage":"it-IT","@id":"https:\/\/www.diocesitn.it\/area-cultura\/2025\/11\/25\/politica-avio-2026\/#local-main-organization-logo","url":"https:\/\/www.diocesitn.it\/area-cultura\/wp-content\/uploads\/sites\/38\/2021\/09\/og-logo-cultura.jpg","contentUrl":"https:\/\/www.diocesitn.it\/area-cultura\/wp-content\/uploads\/sites\/38\/2021\/09\/og-logo-cultura.jpg","width":1200,"height":630,"caption":"Area Cultura - Chiesa di Trento"}]}},"_links":{"self":[{"href":"https:\/\/www.diocesitn.it\/area-cultura\/wp-json\/wp\/v2\/posts\/16265","targetHints":{"allow":["GET"]}}],"collection":[{"href":"https:\/\/www.diocesitn.it\/area-cultura\/wp-json\/wp\/v2\/posts"}],"about":[{"href":"https:\/\/www.diocesitn.it\/area-cultura\/wp-json\/wp\/v2\/types\/post"}],"author":[{"embeddable":true,"href":"https:\/\/www.diocesitn.it\/area-cultura\/wp-json\/wp\/v2\/users\/176"}],"replies":[{"embeddable":true,"href":"https:\/\/www.diocesitn.it\/area-cultura\/wp-json\/wp\/v2\/comments?post=16265"}],"version-history":[{"count":4,"href":"https:\/\/www.diocesitn.it\/area-cultura\/wp-json\/wp\/v2\/posts\/16265\/revisions"}],"predecessor-version":[{"id":16377,"href":"https:\/\/www.diocesitn.it\/area-cultura\/wp-json\/wp\/v2\/posts\/16265\/revisions\/16377"}],"wp:featuredmedia":[{"embeddable":true,"href":"https:\/\/www.diocesitn.it\/area-cultura\/wp-json\/wp\/v2\/media\/16364"}],"wp:attachment":[{"href":"https:\/\/www.diocesitn.it\/area-cultura\/wp-json\/wp\/v2\/media?parent=16265"}],"wp:term":[{"taxonomy":"category","embeddable":true,"href":"https:\/\/www.diocesitn.it\/area-cultura\/wp-json\/wp\/v2\/categories?post=16265"},{"taxonomy":"post_tag","embeddable":true,"href":"https:\/\/www.diocesitn.it\/area-cultura\/wp-json\/wp\/v2\/tags?post=16265"}],"curies":[{"name":"wp","href":"https:\/\/api.w.org\/{rel}","templated":true}]}}