{"id":16063,"date":"2025-10-23T11:23:57","date_gmt":"2025-10-23T09:23:57","guid":{"rendered":"https:\/\/www.diocesitn.it\/area-cultura\/?p=16063"},"modified":"2025-11-14T09:21:23","modified_gmt":"2025-11-14T08:21:23","slug":"mostra-filatelica-in-biblioteca-dal-francobollo-la-storia-dalla-storia-al-francobollo-mozambico-1975-1992-dalla-proclamazione-dellindipendenza-agli-accordi-di-pace","status":"publish","type":"post","link":"https:\/\/www.diocesitn.it\/area-cultura\/2025\/10\/23\/mostra-filatelica-in-biblioteca-dal-francobollo-la-storia-dalla-storia-al-francobollo-mozambico-1975-1992-dalla-proclamazione-dellindipendenza-agli-accordi-di-pace\/","title":{"rendered":"Mostra filatelica in biblioteca, 3-14 novembre: &#8220;Dalla storia il francobollo, dal francobollo la storia. Mozambico 1975-1992, dalla proclamazione dell\u2019indipendenza agli accordi di pace.&#8221;"},"content":{"rendered":"<p><span style=\"color: #000000;font-size: inherit\">Da <\/span><strong style=\"color: #000000;font-size: inherit\">luned\u00ec 3 a venerd\u00ec 14 novembre<\/strong><span style=\"color: #000000;font-size: inherit\"> il CAM-Consorzio Associazioni Mozambico, in collaborazione con la Biblioteca diocesana Vigilianum, presenta la <strong><a href=\"https:\/\/www.trentinomozambico.org\/mostra-filatelica\/\">mostra filatelica<\/a> <\/strong>\u201c<\/span><em style=\"color: #000000;font-size: inherit\">Dalla storia il francobollo, dal francobollo la storia: Mozambico 1975-1992 dalla proclamazione dell\u2019indipendenza agli accordi di pace. Storia, sfide, risorse<\/em><span style=\"color: #000000;font-size: inherit\">\u201d. <\/span><span style=\"color: #000000\">La mostra fa parte della rassegna \u201c<strong><a href=\"https:\/\/www.trentinomozambico.org\/africa-plurale\/\">Africa Plurale<\/a><\/strong>\u201d, curata dal CAM, che propone dall&#8217;1 ottobre al 21 novembre due mesi ricchi di eventi a Trento per raccontare l\u2019Africa e il Mozambico da tanti diversi punti di vista, con ospiti, mostre, musica, cucina e danza. <\/span><\/p>\n<p><span style=\"color: #000000\">La mostra si pu\u00f2 visitare presso la Sala espositiva del Vigilianum, dal luned\u00ec al gioved\u00ec dalle 9 alle 17, il venerd\u00ec dalle 9 alle 13, l\u2019ingresso \u00e8 libero.<\/span><\/p>\n<p><span style=\"color: #000000\"><strong>Luned\u00ec 3 novembre alle ore 17<\/strong> si terr\u00e0 l\u2019evento di inaugurazione e presentazione della mostra.<\/span><\/p>\n<p><span style=\"color: #000000\">L\u2019evento \u00e8 organizzato da CAM \u2013 Consorzio Associazioni Mozambico e Arcidiocesi di Trento, in partnership con Comunit\u00e0 Mozambicana in Italia e Kariba.<\/span><\/p>\n<p><span style=\"color: #000000\">In occasione della mostra filatelica la biblioteca diocesana propone un\u2019<strong>esposizione bibliografica<\/strong> sul Mozambico: una scelta di libri per ripercorrere la storia del paese, ricordare la presenza dei missionari trentini in particolare nel periodo della guerra di liberazione, conoscere la sua cultura e la sua narrativa. Tutti i testi esposti sono disponibili per il prestito.<\/span><\/p>\n<p><span style=\"color: #000000\"><strong><a href=\"https:\/\/www.diocesitn.it\/area-cultura\/wp-content\/uploads\/sites\/38\/2025\/11\/bibliografia-Mozambico-mostra-3-14-nov-2025.pdf\">Bibliografia<\/a> <\/strong>della mostra bibliografica.<\/span><\/p>\n<p>&nbsp;<\/p>\n<p><a href=\"https:\/\/www.diocesitn.it\/area-cultura\/wp-content\/uploads\/sites\/38\/2025\/10\/locandina-definitiva-1.pdf\"><img loading=\"lazy\" decoding=\"async\" class=\"alignnone size-medium wp-image-16206\" src=\"https:\/\/www.diocesitn.it\/area-cultura\/wp-content\/uploads\/sites\/38\/2025\/10\/locandina-definitiva-214x300.jpg\" alt=\"\" width=\"214\" height=\"300\" srcset=\"https:\/\/www.diocesitn.it\/area-cultura\/wp-content\/uploads\/sites\/38\/2025\/10\/locandina-definitiva-214x300.jpg 214w, https:\/\/www.diocesitn.it\/area-cultura\/wp-content\/uploads\/sites\/38\/2025\/10\/locandina-definitiva-729x1024.jpg 729w, https:\/\/www.diocesitn.it\/area-cultura\/wp-content\/uploads\/sites\/38\/2025\/10\/locandina-definitiva-768x1079.jpg 768w, https:\/\/www.diocesitn.it\/area-cultura\/wp-content\/uploads\/sites\/38\/2025\/10\/locandina-definitiva-199x280.jpg 199w, https:\/\/www.diocesitn.it\/area-cultura\/wp-content\/uploads\/sites\/38\/2025\/10\/locandina-definitiva-547x768.jpg 547w, https:\/\/www.diocesitn.it\/area-cultura\/wp-content\/uploads\/sites\/38\/2025\/10\/locandina-definitiva-1094x1536.jpg 1094w, https:\/\/www.diocesitn.it\/area-cultura\/wp-content\/uploads\/sites\/38\/2025\/10\/locandina-definitiva-1458x2048.jpg 1458w, https:\/\/www.diocesitn.it\/area-cultura\/wp-content\/uploads\/sites\/38\/2025\/10\/locandina-definitiva-800x1124.jpg 800w, https:\/\/www.diocesitn.it\/area-cultura\/wp-content\/uploads\/sites\/38\/2025\/10\/locandina-definitiva-1200x1685.jpg 1200w, https:\/\/www.diocesitn.it\/area-cultura\/wp-content\/uploads\/sites\/38\/2025\/10\/locandina-definitiva-1320x1854.jpg 1320w, https:\/\/www.diocesitn.it\/area-cultura\/wp-content\/uploads\/sites\/38\/2025\/10\/locandina-definitiva.jpg 1587w\" sizes=\"auto, (max-width: 214px) 100vw, 214px\" \/><\/a><\/p>\n<p>&nbsp;<\/p>\n","protected":false},"excerpt":{"rendered":"<p>Da luned\u00ec 3 a venerd\u00ec 14 novembre il CAM-Consorzio Associazioni Mozambico, in collaborazione con la Biblioteca diocesana Vigilianum, presenta la mostra filatelica \u201cDalla storia il francobollo, dal francobollo la storia: Mozambico 1975-1992 dalla proclamazione dell\u2019indipendenza<\/p>\n","protected":false},"author":165,"featured_media":16089,"comment_status":"closed","ping_status":"closed","sticky":false,"template":"","format":"standard","meta":{"footnotes":""},"categories":[331,329],"tags":[747,389,745,746],"class_list":["post-16063","post","type-post","status-publish","format-standard","has-post-thumbnail","hentry","category-servizio-biblioteca","category-notizie","tag-cam-consorzio-associazioni-mozambico","tag-esposizione-bibliografica","tag-mostra-filatelica","tag-mozambico"],"acf":{"seed-localization-paese-cod":"IT","seed-localization-address":"","seed-localization-citta":"Trento","seed-localization-regione-cod-istat":"04","seed-localization-citta-cod-istat":"022205","seed-localization-localita":"","seed-localization-cap":"","seed-localization-marker-visibility":false,"seed-localization-children-visibility":false,"seed-localization-kml":"","seed-localization-custom-marker":""},"yoast_head":"<!-- This site is optimized with the Yoast SEO Premium plugin v20.2.1 (Yoast SEO v22.2) - https:\/\/yoast.com\/wordpress\/plugins\/seo\/ -->\n<title>Mostra filatelica in biblioteca, 3-14 novembre: &quot;Dalla storia il francobollo, dal francobollo la storia. Mozambico 1975-1992, dalla proclamazione dell\u2019indipendenza agli accordi di pace.&quot; - Cultura<\/title>\n<meta name=\"robots\" content=\"index, follow, max-snippet:-1, max-image-preview:large, max-video-preview:-1\" \/>\n<link rel=\"canonical\" href=\"https:\/\/www.diocesitn.it\/area-cultura\/2025\/10\/23\/mostra-filatelica-in-biblioteca-dal-francobollo-la-storia-dalla-storia-al-francobollo-mozambico-1975-1992-dalla-proclamazione-dellindipendenza-agli-accordi-di-pace\/\" \/>\n<meta property=\"og:locale\" content=\"it_IT\" \/>\n<meta property=\"og:type\" content=\"article\" \/>\n<meta property=\"og:title\" content=\"Mostra filatelica in biblioteca, 3-14 novembre: &quot;Dalla storia il francobollo, dal francobollo la storia. Mozambico 1975-1992, dalla proclamazione dell\u2019indipendenza agli accordi di pace.&quot;\" \/>\n<meta property=\"og:description\" content=\"Da luned\u00ec 3 a venerd\u00ec 14 novembre il CAM-Consorzio Associazioni Mozambico, in collaborazione con la Biblioteca diocesana Vigilianum, presenta la mostra filatelica \u201cDalla storia il francobollo, dal francobollo la storia: Mozambico 1975-1992 dalla proclamazione dell\u2019indipendenza\" \/>\n<meta property=\"og:url\" content=\"https:\/\/www.diocesitn.it\/area-cultura\/2025\/10\/23\/mostra-filatelica-in-biblioteca-dal-francobollo-la-storia-dalla-storia-al-francobollo-mozambico-1975-1992-dalla-proclamazione-dellindipendenza-agli-accordi-di-pace\/\" \/>\n<meta property=\"og:site_name\" content=\"Cultura\" \/>\n<meta property=\"article:published_time\" content=\"2025-10-23T09:23:57+00:00\" \/>\n<meta property=\"article:modified_time\" content=\"2025-11-14T08:21:23+00:00\" \/>\n<meta property=\"og:image\" content=\"https:\/\/www.diocesitn.it\/area-cultura\/wp-content\/uploads\/sites\/38\/2021\/09\/og-logo-cultura.jpg\" \/>\n\t<meta property=\"og:image:width\" content=\"1200\" \/>\n\t<meta property=\"og:image:height\" content=\"630\" \/>\n\t<meta property=\"og:image:type\" content=\"image\/jpeg\" \/>\n<meta name=\"author\" content=\"ledine\" \/>\n<meta name=\"twitter:card\" content=\"summary_large_image\" \/>\n<meta name=\"twitter:label1\" content=\"Scritto da\" \/>\n\t<meta name=\"twitter:data1\" content=\"ledine\" \/>\n\t<meta name=\"twitter:label2\" content=\"Tempo di lettura stimato\" \/>\n\t<meta name=\"twitter:data2\" content=\"2 minuti\" \/>\n<script type=\"application\/ld+json\" class=\"yoast-schema-graph\">{\"@context\":\"https:\/\/schema.org\",\"@graph\":[{\"@type\":\"Article\",\"@id\":\"https:\/\/www.diocesitn.it\/area-cultura\/2025\/10\/23\/mostra-filatelica-in-biblioteca-dal-francobollo-la-storia-dalla-storia-al-francobollo-mozambico-1975-1992-dalla-proclamazione-dellindipendenza-agli-accordi-di-pace\/#article\",\"isPartOf\":{\"@id\":\"https:\/\/www.diocesitn.it\/area-cultura\/2025\/10\/23\/mostra-filatelica-in-biblioteca-dal-francobollo-la-storia-dalla-storia-al-francobollo-mozambico-1975-1992-dalla-proclamazione-dellindipendenza-agli-accordi-di-pace\/\"},\"author\":{\"name\":\"ledine\",\"@id\":\"https:\/\/www.diocesitn.it\/area-cultura\/#\/schema\/person\/93b7401db62b6f32d20347e997095e6c\"},\"headline\":\"Mostra filatelica in biblioteca, 3-14 novembre: &#8220;Dalla storia il francobollo, dal francobollo la storia. Mozambico 1975-1992, dalla proclamazione dell\u2019indipendenza agli accordi di pace.&#8221;\",\"datePublished\":\"2025-10-23T09:23:57+00:00\",\"dateModified\":\"2025-11-14T08:21:23+00:00\",\"mainEntityOfPage\":{\"@id\":\"https:\/\/www.diocesitn.it\/area-cultura\/2025\/10\/23\/mostra-filatelica-in-biblioteca-dal-francobollo-la-storia-dalla-storia-al-francobollo-mozambico-1975-1992-dalla-proclamazione-dellindipendenza-agli-accordi-di-pace\/\"},\"wordCount\":229,\"publisher\":{\"@id\":\"https:\/\/www.diocesitn.it\/area-cultura\/#organization\"},\"image\":{\"@id\":\"https:\/\/www.diocesitn.it\/area-cultura\/2025\/10\/23\/mostra-filatelica-in-biblioteca-dal-francobollo-la-storia-dalla-storia-al-francobollo-mozambico-1975-1992-dalla-proclamazione-dellindipendenza-agli-accordi-di-pace\/#primaryimage\"},\"thumbnailUrl\":\"https:\/\/www.diocesitn.it\/area-cultura\/wp-content\/uploads\/sites\/38\/2025\/10\/per-immagine-sito-pdf.jpg\",\"keywords\":[\"CAM-Consorzio Associazioni Mozambico\",\"esposizione bibliografica\",\"mostra filatelica\",\"Mozambico\"],\"articleSection\":[\"Biblioteca diocesana Vigilianum\",\"Notizie\"],\"inLanguage\":\"it-IT\",\"copyrightYear\":\"2025\",\"copyrightHolder\":{\"@id\":\"https:\/\/www.diocesitn.it\/#organization\"}},{\"@type\":\"WebPage\",\"@id\":\"https:\/\/www.diocesitn.it\/area-cultura\/2025\/10\/23\/mostra-filatelica-in-biblioteca-dal-francobollo-la-storia-dalla-storia-al-francobollo-mozambico-1975-1992-dalla-proclamazione-dellindipendenza-agli-accordi-di-pace\/\",\"url\":\"https:\/\/www.diocesitn.it\/area-cultura\/2025\/10\/23\/mostra-filatelica-in-biblioteca-dal-francobollo-la-storia-dalla-storia-al-francobollo-mozambico-1975-1992-dalla-proclamazione-dellindipendenza-agli-accordi-di-pace\/\",\"name\":\"Mostra filatelica in biblioteca, 3-14 novembre: \\\"Dalla storia il francobollo, dal francobollo la storia. Mozambico 1975-1992, dalla proclamazione dell\u2019indipendenza agli accordi di pace.\\\" - Cultura\",\"isPartOf\":{\"@id\":\"https:\/\/www.diocesitn.it\/area-cultura\/#website\"},\"primaryImageOfPage\":{\"@id\":\"https:\/\/www.diocesitn.it\/area-cultura\/2025\/10\/23\/mostra-filatelica-in-biblioteca-dal-francobollo-la-storia-dalla-storia-al-francobollo-mozambico-1975-1992-dalla-proclamazione-dellindipendenza-agli-accordi-di-pace\/#primaryimage\"},\"image\":{\"@id\":\"https:\/\/www.diocesitn.it\/area-cultura\/2025\/10\/23\/mostra-filatelica-in-biblioteca-dal-francobollo-la-storia-dalla-storia-al-francobollo-mozambico-1975-1992-dalla-proclamazione-dellindipendenza-agli-accordi-di-pace\/#primaryimage\"},\"thumbnailUrl\":\"https:\/\/www.diocesitn.it\/area-cultura\/wp-content\/uploads\/sites\/38\/2025\/10\/per-immagine-sito-pdf.jpg\",\"datePublished\":\"2025-10-23T09:23:57+00:00\",\"dateModified\":\"2025-11-14T08:21:23+00:00\",\"breadcrumb\":{\"@id\":\"https:\/\/www.diocesitn.it\/area-cultura\/2025\/10\/23\/mostra-filatelica-in-biblioteca-dal-francobollo-la-storia-dalla-storia-al-francobollo-mozambico-1975-1992-dalla-proclamazione-dellindipendenza-agli-accordi-di-pace\/#breadcrumb\"},\"inLanguage\":\"it-IT\",\"potentialAction\":[{\"@type\":\"ReadAction\",\"target\":[\"https:\/\/www.diocesitn.it\/area-cultura\/2025\/10\/23\/mostra-filatelica-in-biblioteca-dal-francobollo-la-storia-dalla-storia-al-francobollo-mozambico-1975-1992-dalla-proclamazione-dellindipendenza-agli-accordi-di-pace\/\"]}]},{\"@type\":\"ImageObject\",\"inLanguage\":\"it-IT\",\"@id\":\"https:\/\/www.diocesitn.it\/area-cultura\/2025\/10\/23\/mostra-filatelica-in-biblioteca-dal-francobollo-la-storia-dalla-storia-al-francobollo-mozambico-1975-1992-dalla-proclamazione-dellindipendenza-agli-accordi-di-pace\/#primaryimage\",\"url\":\"https:\/\/www.diocesitn.it\/area-cultura\/wp-content\/uploads\/sites\/38\/2025\/10\/per-immagine-sito-pdf.jpg\",\"contentUrl\":\"https:\/\/www.diocesitn.it\/area-cultura\/wp-content\/uploads\/sites\/38\/2025\/10\/per-immagine-sito-pdf.jpg\"},{\"@type\":\"BreadcrumbList\",\"@id\":\"https:\/\/www.diocesitn.it\/area-cultura\/2025\/10\/23\/mostra-filatelica-in-biblioteca-dal-francobollo-la-storia-dalla-storia-al-francobollo-mozambico-1975-1992-dalla-proclamazione-dellindipendenza-agli-accordi-di-pace\/#breadcrumb\",\"itemListElement\":[{\"@type\":\"ListItem\",\"position\":1,\"name\":\"Home\",\"item\":\"https:\/\/www.diocesitn.it\/area-cultura\/\"},{\"@type\":\"ListItem\",\"position\":2,\"name\":\"Mostra filatelica in biblioteca, 3-14 novembre: &#8220;Dalla storia il francobollo, dal francobollo la storia. Mozambico 1975-1992, dalla proclamazione dell\u2019indipendenza agli accordi di pace.&#8221;\"}]},{\"@type\":\"WebSite\",\"@id\":\"https:\/\/www.diocesitn.it\/area-cultura\/#website\",\"url\":\"https:\/\/www.diocesitn.it\/area-cultura\/\",\"name\":\"Cultura\",\"description\":\"Chiesa di Trento\",\"publisher\":{\"@id\":\"https:\/\/www.diocesitn.it\/area-cultura\/#organization\"},\"potentialAction\":[{\"@type\":\"SearchAction\",\"target\":{\"@type\":\"EntryPoint\",\"urlTemplate\":\"https:\/\/www.diocesitn.it\/area-cultura\/?s={search_term_string}\"},\"query-input\":\"required name=search_term_string\"}],\"inLanguage\":\"it-IT\"},{\"@type\":[\"Organization\",\"Place\"],\"@id\":\"https:\/\/www.diocesitn.it\/area-cultura\/#organization\",\"name\":\"Area Cultura - Chiesa di Trento\",\"url\":\"https:\/\/www.diocesitn.it\/area-cultura\/\",\"logo\":{\"@id\":\"https:\/\/www.diocesitn.it\/area-cultura\/2025\/10\/23\/mostra-filatelica-in-biblioteca-dal-francobollo-la-storia-dalla-storia-al-francobollo-mozambico-1975-1992-dalla-proclamazione-dellindipendenza-agli-accordi-di-pace\/#local-main-organization-logo\"},\"image\":{\"@id\":\"https:\/\/www.diocesitn.it\/area-cultura\/2025\/10\/23\/mostra-filatelica-in-biblioteca-dal-francobollo-la-storia-dalla-storia-al-francobollo-mozambico-1975-1992-dalla-proclamazione-dellindipendenza-agli-accordi-di-pace\/#local-main-organization-logo\"},\"sameAs\":[\"https:\/\/www.youtube.com\/channel\/UCfWD2n-N6WTCg2P_UA72H6Q\"],\"openingHoursSpecification\":[{\"@type\":\"OpeningHoursSpecification\",\"dayOfWeek\":[\"Monday\",\"Tuesday\",\"Wednesday\",\"Thursday\",\"Friday\",\"Saturday\",\"Sunday\"],\"opens\":\"09:00\",\"closes\":\"17:00\"}]},{\"@type\":\"ImageObject\",\"inLanguage\":\"it-IT\",\"@id\":\"https:\/\/www.diocesitn.it\/area-cultura\/2025\/10\/23\/mostra-filatelica-in-biblioteca-dal-francobollo-la-storia-dalla-storia-al-francobollo-mozambico-1975-1992-dalla-proclamazione-dellindipendenza-agli-accordi-di-pace\/#local-main-organization-logo\",\"url\":\"https:\/\/www.diocesitn.it\/area-cultura\/wp-content\/uploads\/sites\/38\/2021\/09\/og-logo-cultura.jpg\",\"contentUrl\":\"https:\/\/www.diocesitn.it\/area-cultura\/wp-content\/uploads\/sites\/38\/2021\/09\/og-logo-cultura.jpg\",\"width\":1200,\"height\":630,\"caption\":\"Area Cultura - Chiesa di Trento\"}]}<\/script>\n<!-- \/ Yoast SEO Premium plugin. -->","yoast_head_json":{"title":"Mostra filatelica in biblioteca, 3-14 novembre: \"Dalla storia il francobollo, dal francobollo la storia. Mozambico 1975-1992, dalla proclamazione dell\u2019indipendenza agli accordi di pace.\" - Cultura","robots":{"index":"index","follow":"follow","max-snippet":"max-snippet:-1","max-image-preview":"max-image-preview:large","max-video-preview":"max-video-preview:-1"},"canonical":"https:\/\/www.diocesitn.it\/area-cultura\/2025\/10\/23\/mostra-filatelica-in-biblioteca-dal-francobollo-la-storia-dalla-storia-al-francobollo-mozambico-1975-1992-dalla-proclamazione-dellindipendenza-agli-accordi-di-pace\/","og_locale":"it_IT","og_type":"article","og_title":"Mostra filatelica in biblioteca, 3-14 novembre: \"Dalla storia il francobollo, dal francobollo la storia. Mozambico 1975-1992, dalla proclamazione dell\u2019indipendenza agli accordi di pace.\"","og_description":"Da luned\u00ec 3 a venerd\u00ec 14 novembre il CAM-Consorzio Associazioni Mozambico, in collaborazione con la Biblioteca diocesana Vigilianum, presenta la mostra filatelica \u201cDalla storia il francobollo, dal francobollo la storia: Mozambico 1975-1992 dalla proclamazione dell\u2019indipendenza","og_url":"https:\/\/www.diocesitn.it\/area-cultura\/2025\/10\/23\/mostra-filatelica-in-biblioteca-dal-francobollo-la-storia-dalla-storia-al-francobollo-mozambico-1975-1992-dalla-proclamazione-dellindipendenza-agli-accordi-di-pace\/","og_site_name":"Cultura","article_published_time":"2025-10-23T09:23:57+00:00","article_modified_time":"2025-11-14T08:21:23+00:00","og_image":[{"width":1200,"height":630,"url":"https:\/\/www.diocesitn.it\/area-cultura\/wp-content\/uploads\/sites\/38\/2021\/09\/og-logo-cultura.jpg","type":"image\/jpeg"}],"author":"ledine","twitter_card":"summary_large_image","twitter_misc":{"Scritto da":"ledine","Tempo di lettura stimato":"2 minuti"},"schema":{"@context":"https:\/\/schema.org","@graph":[{"@type":"Article","@id":"https:\/\/www.diocesitn.it\/area-cultura\/2025\/10\/23\/mostra-filatelica-in-biblioteca-dal-francobollo-la-storia-dalla-storia-al-francobollo-mozambico-1975-1992-dalla-proclamazione-dellindipendenza-agli-accordi-di-pace\/#article","isPartOf":{"@id":"https:\/\/www.diocesitn.it\/area-cultura\/2025\/10\/23\/mostra-filatelica-in-biblioteca-dal-francobollo-la-storia-dalla-storia-al-francobollo-mozambico-1975-1992-dalla-proclamazione-dellindipendenza-agli-accordi-di-pace\/"},"author":{"name":"ledine","@id":"https:\/\/www.diocesitn.it\/area-cultura\/#\/schema\/person\/93b7401db62b6f32d20347e997095e6c"},"headline":"Mostra filatelica in biblioteca, 3-14 novembre: &#8220;Dalla storia il francobollo, dal francobollo la storia. Mozambico 1975-1992, dalla proclamazione dell\u2019indipendenza agli accordi di pace.&#8221;","datePublished":"2025-10-23T09:23:57+00:00","dateModified":"2025-11-14T08:21:23+00:00","mainEntityOfPage":{"@id":"https:\/\/www.diocesitn.it\/area-cultura\/2025\/10\/23\/mostra-filatelica-in-biblioteca-dal-francobollo-la-storia-dalla-storia-al-francobollo-mozambico-1975-1992-dalla-proclamazione-dellindipendenza-agli-accordi-di-pace\/"},"wordCount":229,"publisher":{"@id":"https:\/\/www.diocesitn.it\/area-cultura\/#organization"},"image":{"@id":"https:\/\/www.diocesitn.it\/area-cultura\/2025\/10\/23\/mostra-filatelica-in-biblioteca-dal-francobollo-la-storia-dalla-storia-al-francobollo-mozambico-1975-1992-dalla-proclamazione-dellindipendenza-agli-accordi-di-pace\/#primaryimage"},"thumbnailUrl":"https:\/\/www.diocesitn.it\/area-cultura\/wp-content\/uploads\/sites\/38\/2025\/10\/per-immagine-sito-pdf.jpg","keywords":["CAM-Consorzio Associazioni Mozambico","esposizione bibliografica","mostra filatelica","Mozambico"],"articleSection":["Biblioteca diocesana Vigilianum","Notizie"],"inLanguage":"it-IT","copyrightYear":"2025","copyrightHolder":{"@id":"https:\/\/www.diocesitn.it\/#organization"}},{"@type":"WebPage","@id":"https:\/\/www.diocesitn.it\/area-cultura\/2025\/10\/23\/mostra-filatelica-in-biblioteca-dal-francobollo-la-storia-dalla-storia-al-francobollo-mozambico-1975-1992-dalla-proclamazione-dellindipendenza-agli-accordi-di-pace\/","url":"https:\/\/www.diocesitn.it\/area-cultura\/2025\/10\/23\/mostra-filatelica-in-biblioteca-dal-francobollo-la-storia-dalla-storia-al-francobollo-mozambico-1975-1992-dalla-proclamazione-dellindipendenza-agli-accordi-di-pace\/","name":"Mostra filatelica in biblioteca, 3-14 novembre: \"Dalla storia il francobollo, dal francobollo la storia. Mozambico 1975-1992, dalla proclamazione dell\u2019indipendenza agli accordi di pace.\" - Cultura","isPartOf":{"@id":"https:\/\/www.diocesitn.it\/area-cultura\/#website"},"primaryImageOfPage":{"@id":"https:\/\/www.diocesitn.it\/area-cultura\/2025\/10\/23\/mostra-filatelica-in-biblioteca-dal-francobollo-la-storia-dalla-storia-al-francobollo-mozambico-1975-1992-dalla-proclamazione-dellindipendenza-agli-accordi-di-pace\/#primaryimage"},"image":{"@id":"https:\/\/www.diocesitn.it\/area-cultura\/2025\/10\/23\/mostra-filatelica-in-biblioteca-dal-francobollo-la-storia-dalla-storia-al-francobollo-mozambico-1975-1992-dalla-proclamazione-dellindipendenza-agli-accordi-di-pace\/#primaryimage"},"thumbnailUrl":"https:\/\/www.diocesitn.it\/area-cultura\/wp-content\/uploads\/sites\/38\/2025\/10\/per-immagine-sito-pdf.jpg","datePublished":"2025-10-23T09:23:57+00:00","dateModified":"2025-11-14T08:21:23+00:00","breadcrumb":{"@id":"https:\/\/www.diocesitn.it\/area-cultura\/2025\/10\/23\/mostra-filatelica-in-biblioteca-dal-francobollo-la-storia-dalla-storia-al-francobollo-mozambico-1975-1992-dalla-proclamazione-dellindipendenza-agli-accordi-di-pace\/#breadcrumb"},"inLanguage":"it-IT","potentialAction":[{"@type":"ReadAction","target":["https:\/\/www.diocesitn.it\/area-cultura\/2025\/10\/23\/mostra-filatelica-in-biblioteca-dal-francobollo-la-storia-dalla-storia-al-francobollo-mozambico-1975-1992-dalla-proclamazione-dellindipendenza-agli-accordi-di-pace\/"]}]},{"@type":"ImageObject","inLanguage":"it-IT","@id":"https:\/\/www.diocesitn.it\/area-cultura\/2025\/10\/23\/mostra-filatelica-in-biblioteca-dal-francobollo-la-storia-dalla-storia-al-francobollo-mozambico-1975-1992-dalla-proclamazione-dellindipendenza-agli-accordi-di-pace\/#primaryimage","url":"https:\/\/www.diocesitn.it\/area-cultura\/wp-content\/uploads\/sites\/38\/2025\/10\/per-immagine-sito-pdf.jpg","contentUrl":"https:\/\/www.diocesitn.it\/area-cultura\/wp-content\/uploads\/sites\/38\/2025\/10\/per-immagine-sito-pdf.jpg"},{"@type":"BreadcrumbList","@id":"https:\/\/www.diocesitn.it\/area-cultura\/2025\/10\/23\/mostra-filatelica-in-biblioteca-dal-francobollo-la-storia-dalla-storia-al-francobollo-mozambico-1975-1992-dalla-proclamazione-dellindipendenza-agli-accordi-di-pace\/#breadcrumb","itemListElement":[{"@type":"ListItem","position":1,"name":"Home","item":"https:\/\/www.diocesitn.it\/area-cultura\/"},{"@type":"ListItem","position":2,"name":"Mostra filatelica in biblioteca, 3-14 novembre: &#8220;Dalla storia il francobollo, dal francobollo la storia. Mozambico 1975-1992, dalla proclamazione dell\u2019indipendenza agli accordi di pace.&#8221;"}]},{"@type":"WebSite","@id":"https:\/\/www.diocesitn.it\/area-cultura\/#website","url":"https:\/\/www.diocesitn.it\/area-cultura\/","name":"Cultura","description":"Chiesa di Trento","publisher":{"@id":"https:\/\/www.diocesitn.it\/area-cultura\/#organization"},"potentialAction":[{"@type":"SearchAction","target":{"@type":"EntryPoint","urlTemplate":"https:\/\/www.diocesitn.it\/area-cultura\/?s={search_term_string}"},"query-input":"required name=search_term_string"}],"inLanguage":"it-IT"},{"@type":["Organization","Place"],"@id":"https:\/\/www.diocesitn.it\/area-cultura\/#organization","name":"Area Cultura - Chiesa di Trento","url":"https:\/\/www.diocesitn.it\/area-cultura\/","logo":{"@id":"https:\/\/www.diocesitn.it\/area-cultura\/2025\/10\/23\/mostra-filatelica-in-biblioteca-dal-francobollo-la-storia-dalla-storia-al-francobollo-mozambico-1975-1992-dalla-proclamazione-dellindipendenza-agli-accordi-di-pace\/#local-main-organization-logo"},"image":{"@id":"https:\/\/www.diocesitn.it\/area-cultura\/2025\/10\/23\/mostra-filatelica-in-biblioteca-dal-francobollo-la-storia-dalla-storia-al-francobollo-mozambico-1975-1992-dalla-proclamazione-dellindipendenza-agli-accordi-di-pace\/#local-main-organization-logo"},"sameAs":["https:\/\/www.youtube.com\/channel\/UCfWD2n-N6WTCg2P_UA72H6Q"],"openingHoursSpecification":[{"@type":"OpeningHoursSpecification","dayOfWeek":["Monday","Tuesday","Wednesday","Thursday","Friday","Saturday","Sunday"],"opens":"09:00","closes":"17:00"}]},{"@type":"ImageObject","inLanguage":"it-IT","@id":"https:\/\/www.diocesitn.it\/area-cultura\/2025\/10\/23\/mostra-filatelica-in-biblioteca-dal-francobollo-la-storia-dalla-storia-al-francobollo-mozambico-1975-1992-dalla-proclamazione-dellindipendenza-agli-accordi-di-pace\/#local-main-organization-logo","url":"https:\/\/www.diocesitn.it\/area-cultura\/wp-content\/uploads\/sites\/38\/2021\/09\/og-logo-cultura.jpg","contentUrl":"https:\/\/www.diocesitn.it\/area-cultura\/wp-content\/uploads\/sites\/38\/2021\/09\/og-logo-cultura.jpg","width":1200,"height":630,"caption":"Area Cultura - Chiesa di Trento"}]}},"_links":{"self":[{"href":"https:\/\/www.diocesitn.it\/area-cultura\/wp-json\/wp\/v2\/posts\/16063","targetHints":{"allow":["GET"]}}],"collection":[{"href":"https:\/\/www.diocesitn.it\/area-cultura\/wp-json\/wp\/v2\/posts"}],"about":[{"href":"https:\/\/www.diocesitn.it\/area-cultura\/wp-json\/wp\/v2\/types\/post"}],"author":[{"embeddable":true,"href":"https:\/\/www.diocesitn.it\/area-cultura\/wp-json\/wp\/v2\/users\/165"}],"replies":[{"embeddable":true,"href":"https:\/\/www.diocesitn.it\/area-cultura\/wp-json\/wp\/v2\/comments?post=16063"}],"version-history":[{"count":3,"href":"https:\/\/www.diocesitn.it\/area-cultura\/wp-json\/wp\/v2\/posts\/16063\/revisions"}],"predecessor-version":[{"id":16207,"href":"https:\/\/www.diocesitn.it\/area-cultura\/wp-json\/wp\/v2\/posts\/16063\/revisions\/16207"}],"wp:featuredmedia":[{"embeddable":true,"href":"https:\/\/www.diocesitn.it\/area-cultura\/wp-json\/wp\/v2\/media\/16089"}],"wp:attachment":[{"href":"https:\/\/www.diocesitn.it\/area-cultura\/wp-json\/wp\/v2\/media?parent=16063"}],"wp:term":[{"taxonomy":"category","embeddable":true,"href":"https:\/\/www.diocesitn.it\/area-cultura\/wp-json\/wp\/v2\/categories?post=16063"},{"taxonomy":"post_tag","embeddable":true,"href":"https:\/\/www.diocesitn.it\/area-cultura\/wp-json\/wp\/v2\/tags?post=16063"}],"curies":[{"name":"wp","href":"https:\/\/api.w.org\/{rel}","templated":true}]}}