{"id":15300,"date":"2025-05-09T10:34:38","date_gmt":"2025-05-09T08:34:38","guid":{"rendered":"https:\/\/www.diocesitn.it\/area-cultura\/?p=15300"},"modified":"2025-05-23T09:18:55","modified_gmt":"2025-05-23T07:18:55","slug":"a-tu-per-tu-per-lautore-eternita-con-giuseppe-casarin-e-milena-mariani","status":"publish","type":"post","link":"https:\/\/www.diocesitn.it\/area-cultura\/2025\/05\/09\/a-tu-per-tu-per-lautore-eternita-con-giuseppe-casarin-e-milena-mariani\/","title":{"rendered":"A tu per tu con l\u2019autore: \u201cEternit\u00e0. Il tempo oltre il tempo\u201d con Giuseppe Casarin e Milena Mariani. Gioved\u00ec 22 maggio, ore 18.30"},"content":{"rendered":"<p><span style=\"color: #000000\">Nono appuntamento per l\u2019anno accademico 2024\/2025 con la rubrica online <strong>A tu per tu con l\u2019Autore<\/strong>, promossa dall\u2019Istituto Superiore di Scienze Religiose \u201cRomano Guardini\u201d in collaborazione con la biblioteca.<\/span><\/p>\n<p><span style=\"color: #000000\">In questa puntata verr\u00e0 presentato il terzo volume della collana <strong>Echi teologici<\/strong>, dal titolo <strong><em>Eternit\u00e0. Il tempo oltre il tempo<\/em><\/strong>. La collana, espressione dall\u2019ISSR Guardini e edita da ViTrenD, si propone di \u201cfarsi eco\u201d presso un vasto pubblico di quanto si va elaborando oggi nell\u2019ambito della ricerca teologica, al servizio di una rinnovata comprensione di alcune parole-chiave della fede cristiana.<\/span><\/p>\n<p><span style=\"color: #000000\">Presenteranno il volume gli autori dei due contributi, <strong>Giuseppe Casarin<\/strong> e <strong>Milena Mariani<\/strong>. Il prof. Giuseppe Casarin \u00e8 docente di Letteratura giovannea all\u2019ISSR Guardini di Trento e di Teologia biblica del Nuovo testamento all\u2019ISSR di Bolzano. La prof.ssa Milena Mariani insegna Teologia sistematica e Storia della teologia del XX secolo all\u2019ISSR Guardini di Trento e Mariologia all\u2019ISSR di Bolzano.<\/span><\/p>\n<p><span style=\"color: #000000\">Modera l\u2019incontro e dialoga con gli autori <strong>Michele Dossi<\/strong>, docente di Filosofia presso l\u2019ISSR di Trento.<\/span><\/p>\n<p>&nbsp;<\/p>\n<p><span style=\"color: #000000\">La domanda che sta alla base di questo volume \u00e8 antica e attuale allo stesso tempo: come possiamo parlare di eternit\u00e0 quando sappiamo bene di appartenere a un tempo finito e limitato? Religioni, filosofie, teologie e spiritualit\u00e0 si sono sempre interrogate sulla destinazione ultima dell\u2019essere umano, immaginando l\u2019eternit\u00e0 e sperando l\u2019immortalit\u00e0. Le riflessioni illuminanti di un biblista e una teologa ci guidano in un affascinante viaggio in un\u2019eternit\u00e0 che forse si affaccia gi\u00e0 nel \u201cqui e ora\u201d, come anticipazione di ci\u00f2 che potr\u00e0 manifestarsi pienamente dopo la morte.<\/span><\/p>\n<p><span style=\"color: #000000\">Il volume \u00e8 disponibile per il prestito e la consultazione presso la biblioteca.<\/span><\/p>\n<p>&nbsp;<\/p>\n<p><span style=\"color: #000000\"><a style=\"color: #000000\" href=\"https:\/\/www.diocesitn.it\/area-cultura\/wp-content\/uploads\/sites\/38\/2025\/05\/Locandina-Echi.pdf\"><img loading=\"lazy\" decoding=\"async\" class=\"size-medium wp-image-15304 alignleft\" src=\"https:\/\/www.diocesitn.it\/area-cultura\/wp-content\/uploads\/sites\/38\/2025\/05\/Locandina-Echi-212x300.jpg\" alt=\"\" width=\"212\" height=\"300\" srcset=\"https:\/\/www.diocesitn.it\/area-cultura\/wp-content\/uploads\/sites\/38\/2025\/05\/Locandina-Echi-212x300.jpg 212w, https:\/\/www.diocesitn.it\/area-cultura\/wp-content\/uploads\/sites\/38\/2025\/05\/Locandina-Echi-724x1024.jpg 724w, https:\/\/www.diocesitn.it\/area-cultura\/wp-content\/uploads\/sites\/38\/2025\/05\/Locandina-Echi-768x1086.jpg 768w, https:\/\/www.diocesitn.it\/area-cultura\/wp-content\/uploads\/sites\/38\/2025\/05\/Locandina-Echi-198x280.jpg 198w, https:\/\/www.diocesitn.it\/area-cultura\/wp-content\/uploads\/sites\/38\/2025\/05\/Locandina-Echi-543x768.jpg 543w, https:\/\/www.diocesitn.it\/area-cultura\/wp-content\/uploads\/sites\/38\/2025\/05\/Locandina-Echi-1086x1536.jpg 1086w, https:\/\/www.diocesitn.it\/area-cultura\/wp-content\/uploads\/sites\/38\/2025\/05\/Locandina-Echi-800x1132.jpg 800w, https:\/\/www.diocesitn.it\/area-cultura\/wp-content\/uploads\/sites\/38\/2025\/05\/Locandina-Echi-1200x1697.jpg 1200w, https:\/\/www.diocesitn.it\/area-cultura\/wp-content\/uploads\/sites\/38\/2025\/05\/Locandina-Echi-1320x1867.jpg 1320w, https:\/\/www.diocesitn.it\/area-cultura\/wp-content\/uploads\/sites\/38\/2025\/05\/Locandina-Echi.jpg 1414w\" sizes=\"auto, (max-width: 212px) 100vw, 212px\" \/><\/a><\/span><\/p>\n<p>&nbsp;<\/p>\n<p><span style=\"color: #000000\">L\u2019incontro si terr\u00e0 <strong>gioved\u00ec 22 maggio 2025 alle ore 18.30<\/strong> e si svolger\u00e0 in modalit\u00e0 <strong>online<\/strong> attraverso la piattaforma Zoom.<\/span><\/p>\n<p><span style=\"color: #000000\">Per partecipare cliccare sul link<\/span> <a href=\"https:\/\/us06web.zoom.us\/j\/83406407882\">https:\/\/us06web.zoom.us\/j\/83406407882<\/a><\/p>\n<p><span style=\"color: #000000\">ID riunione: 834 0640 7882<\/span><\/p>\n<p><span style=\"color: #000000\">Passcode: bib2024<\/span><\/p>\n<p><span style=\"color: #000000\">L\u2019incontro sar\u00e0 registrato e postato sul canale YouTube della Diocesi<\/span><\/p>\n<p>&nbsp;<\/p>\n<p>&nbsp;<\/p>\n","protected":false},"excerpt":{"rendered":"<p>Nono appuntamento per l\u2019anno accademico 2024\/2025 con la rubrica online A tu per tu con l\u2019Autore, promossa dall\u2019Istituto Superiore di Scienze Religiose \u201cRomano Guardini\u201d in collaborazione con la biblioteca. In questa puntata verr\u00e0 presentato il<\/p>\n","protected":false},"author":165,"featured_media":15302,"comment_status":"closed","ping_status":"closed","sticky":false,"template":"","format":"standard","meta":{"footnotes":""},"categories":[331,329],"tags":[417,496,498,499,493],"class_list":["post-15300","post","type-post","status-publish","format-standard","has-post-thumbnail","hentry","category-servizio-biblioteca","category-notizie","tag-biblioteca-vigilianum","tag-giuseppe-casarin","tag-michele-dossi","tag-milena-mariani","tag-presentazione-libro"],"acf":{"seed-localization-paese-cod":"IT","seed-localization-address":"","seed-localization-citta":"Trento","seed-localization-regione-cod-istat":"04","seed-localization-citta-cod-istat":"022205","seed-localization-localita":"","seed-localization-cap":"","seed-localization-marker-visibility":false,"seed-localization-children-visibility":false,"seed-localization-kml":"","seed-localization-custom-marker":""},"yoast_head":"<!-- This site is optimized with the Yoast SEO Premium plugin v20.2.1 (Yoast SEO v22.2) - https:\/\/yoast.com\/wordpress\/plugins\/seo\/ -->\n<title>A tu per tu con l\u2019autore: \u201cEternit\u00e0. Il tempo oltre il tempo\u201d con Giuseppe Casarin e Milena Mariani. Gioved\u00ec 22 maggio, ore 18.30 - Cultura<\/title>\n<meta name=\"description\" content=\"A tu per tu con l\u2019autore, presentazione online del libro \u201cEternit\u00e0. Il tempo oltre il tempo\u201d con Giuseppe Casarin e Milena Mariani, gioved\u00ec 22 maggio, ore 18.30.\" \/>\n<meta name=\"robots\" content=\"index, follow, max-snippet:-1, max-image-preview:large, max-video-preview:-1\" \/>\n<link rel=\"canonical\" href=\"https:\/\/www.diocesitn.it\/area-cultura\/2025\/05\/09\/a-tu-per-tu-per-lautore-eternita-con-giuseppe-casarin-e-milena-mariani\/\" \/>\n<meta property=\"og:locale\" content=\"it_IT\" \/>\n<meta property=\"og:type\" content=\"article\" \/>\n<meta property=\"og:title\" content=\"A tu per tu con l\u2019autore: \u201cEternit\u00e0. Il tempo oltre il tempo\u201d con Giuseppe Casarin e Milena Mariani. Gioved\u00ec 22 maggio, ore 18.30\" \/>\n<meta property=\"og:description\" content=\"A tu per tu con l\u2019autore, presentazione online del libro \u201cEternit\u00e0. Il tempo oltre il tempo\u201d con Giuseppe Casarin e Milena Mariani, gioved\u00ec 22 maggio, ore 18.30.\" \/>\n<meta property=\"og:url\" content=\"https:\/\/www.diocesitn.it\/area-cultura\/2025\/05\/09\/a-tu-per-tu-per-lautore-eternita-con-giuseppe-casarin-e-milena-mariani\/\" \/>\n<meta property=\"og:site_name\" content=\"Cultura\" \/>\n<meta property=\"article:published_time\" content=\"2025-05-09T08:34:38+00:00\" \/>\n<meta property=\"article:modified_time\" content=\"2025-05-23T07:18:55+00:00\" \/>\n<meta property=\"og:image\" content=\"https:\/\/www.diocesitn.it\/area-cultura\/wp-content\/uploads\/sites\/38\/2025\/05\/Sandona-1.png\" \/>\n\t<meta property=\"og:image:width\" content=\"1414\" \/>\n\t<meta property=\"og:image:height\" content=\"787\" \/>\n\t<meta property=\"og:image:type\" content=\"image\/png\" \/>\n<meta name=\"author\" content=\"ledine\" \/>\n<meta name=\"twitter:card\" content=\"summary_large_image\" \/>\n<meta name=\"twitter:label1\" content=\"Scritto da\" \/>\n\t<meta name=\"twitter:data1\" content=\"ledine\" \/>\n\t<meta name=\"twitter:label2\" content=\"Tempo di lettura stimato\" \/>\n\t<meta name=\"twitter:data2\" content=\"3 minuti\" \/>\n<script type=\"application\/ld+json\" class=\"yoast-schema-graph\">{\"@context\":\"https:\/\/schema.org\",\"@graph\":[{\"@type\":\"Article\",\"@id\":\"https:\/\/www.diocesitn.it\/area-cultura\/2025\/05\/09\/a-tu-per-tu-per-lautore-eternita-con-giuseppe-casarin-e-milena-mariani\/#article\",\"isPartOf\":{\"@id\":\"https:\/\/www.diocesitn.it\/area-cultura\/2025\/05\/09\/a-tu-per-tu-per-lautore-eternita-con-giuseppe-casarin-e-milena-mariani\/\"},\"author\":{\"name\":\"ledine\",\"@id\":\"https:\/\/www.diocesitn.it\/area-cultura\/#\/schema\/person\/93b7401db62b6f32d20347e997095e6c\"},\"headline\":\"A tu per tu con l\u2019autore: \u201cEternit\u00e0. Il tempo oltre il tempo\u201d con Giuseppe Casarin e Milena Mariani. Gioved\u00ec 22 maggio, ore 18.30\",\"datePublished\":\"2025-05-09T08:34:38+00:00\",\"dateModified\":\"2025-05-23T07:18:55+00:00\",\"mainEntityOfPage\":{\"@id\":\"https:\/\/www.diocesitn.it\/area-cultura\/2025\/05\/09\/a-tu-per-tu-per-lautore-eternita-con-giuseppe-casarin-e-milena-mariani\/\"},\"wordCount\":348,\"publisher\":{\"@id\":\"https:\/\/www.diocesitn.it\/area-cultura\/#organization\"},\"image\":{\"@id\":\"https:\/\/www.diocesitn.it\/area-cultura\/2025\/05\/09\/a-tu-per-tu-per-lautore-eternita-con-giuseppe-casarin-e-milena-mariani\/#primaryimage\"},\"thumbnailUrl\":\"https:\/\/www.diocesitn.it\/area-cultura\/wp-content\/uploads\/sites\/38\/2025\/05\/Sandona-1.png\",\"keywords\":[\"biblioteca Vigilianum\",\"Giuseppe Casarin\",\"Michele Dossi\",\"Milena Mariani\",\"presentazione libro\"],\"articleSection\":[\"Biblioteca diocesana Vigilianum\",\"Notizie\"],\"inLanguage\":\"it-IT\",\"copyrightYear\":\"2025\",\"copyrightHolder\":{\"@id\":\"https:\/\/www.diocesitn.it\/#organization\"}},{\"@type\":\"WebPage\",\"@id\":\"https:\/\/www.diocesitn.it\/area-cultura\/2025\/05\/09\/a-tu-per-tu-per-lautore-eternita-con-giuseppe-casarin-e-milena-mariani\/\",\"url\":\"https:\/\/www.diocesitn.it\/area-cultura\/2025\/05\/09\/a-tu-per-tu-per-lautore-eternita-con-giuseppe-casarin-e-milena-mariani\/\",\"name\":\"A tu per tu con l\u2019autore: \u201cEternit\u00e0. Il tempo oltre il tempo\u201d con Giuseppe Casarin e Milena Mariani. Gioved\u00ec 22 maggio, ore 18.30 - Cultura\",\"isPartOf\":{\"@id\":\"https:\/\/www.diocesitn.it\/area-cultura\/#website\"},\"primaryImageOfPage\":{\"@id\":\"https:\/\/www.diocesitn.it\/area-cultura\/2025\/05\/09\/a-tu-per-tu-per-lautore-eternita-con-giuseppe-casarin-e-milena-mariani\/#primaryimage\"},\"image\":{\"@id\":\"https:\/\/www.diocesitn.it\/area-cultura\/2025\/05\/09\/a-tu-per-tu-per-lautore-eternita-con-giuseppe-casarin-e-milena-mariani\/#primaryimage\"},\"thumbnailUrl\":\"https:\/\/www.diocesitn.it\/area-cultura\/wp-content\/uploads\/sites\/38\/2025\/05\/Sandona-1.png\",\"datePublished\":\"2025-05-09T08:34:38+00:00\",\"dateModified\":\"2025-05-23T07:18:55+00:00\",\"description\":\"A tu per tu con l\u2019autore, presentazione online del libro \u201cEternit\u00e0. Il tempo oltre il tempo\u201d con Giuseppe Casarin e Milena Mariani, gioved\u00ec 22 maggio, ore 18.30.\",\"breadcrumb\":{\"@id\":\"https:\/\/www.diocesitn.it\/area-cultura\/2025\/05\/09\/a-tu-per-tu-per-lautore-eternita-con-giuseppe-casarin-e-milena-mariani\/#breadcrumb\"},\"inLanguage\":\"it-IT\",\"potentialAction\":[{\"@type\":\"ReadAction\",\"target\":[\"https:\/\/www.diocesitn.it\/area-cultura\/2025\/05\/09\/a-tu-per-tu-per-lautore-eternita-con-giuseppe-casarin-e-milena-mariani\/\"]}]},{\"@type\":\"ImageObject\",\"inLanguage\":\"it-IT\",\"@id\":\"https:\/\/www.diocesitn.it\/area-cultura\/2025\/05\/09\/a-tu-per-tu-per-lautore-eternita-con-giuseppe-casarin-e-milena-mariani\/#primaryimage\",\"url\":\"https:\/\/www.diocesitn.it\/area-cultura\/wp-content\/uploads\/sites\/38\/2025\/05\/Sandona-1.png\",\"contentUrl\":\"https:\/\/www.diocesitn.it\/area-cultura\/wp-content\/uploads\/sites\/38\/2025\/05\/Sandona-1.png\",\"width\":1414,\"height\":787,\"caption\":\"A tu per tu Casarin Mariani\"},{\"@type\":\"BreadcrumbList\",\"@id\":\"https:\/\/www.diocesitn.it\/area-cultura\/2025\/05\/09\/a-tu-per-tu-per-lautore-eternita-con-giuseppe-casarin-e-milena-mariani\/#breadcrumb\",\"itemListElement\":[{\"@type\":\"ListItem\",\"position\":1,\"name\":\"Home\",\"item\":\"https:\/\/www.diocesitn.it\/area-cultura\/\"},{\"@type\":\"ListItem\",\"position\":2,\"name\":\"A tu per tu con l\u2019autore: \u201cEternit\u00e0. Il tempo oltre il tempo\u201d con Giuseppe Casarin e Milena Mariani. Gioved\u00ec 22 maggio, ore 18.30\"}]},{\"@type\":\"WebSite\",\"@id\":\"https:\/\/www.diocesitn.it\/area-cultura\/#website\",\"url\":\"https:\/\/www.diocesitn.it\/area-cultura\/\",\"name\":\"Cultura\",\"description\":\"Chiesa di Trento\",\"publisher\":{\"@id\":\"https:\/\/www.diocesitn.it\/area-cultura\/#organization\"},\"potentialAction\":[{\"@type\":\"SearchAction\",\"target\":{\"@type\":\"EntryPoint\",\"urlTemplate\":\"https:\/\/www.diocesitn.it\/area-cultura\/?s={search_term_string}\"},\"query-input\":\"required name=search_term_string\"}],\"inLanguage\":\"it-IT\"},{\"@type\":[\"Organization\",\"Place\"],\"@id\":\"https:\/\/www.diocesitn.it\/area-cultura\/#organization\",\"name\":\"Area Cultura - Chiesa di Trento\",\"url\":\"https:\/\/www.diocesitn.it\/area-cultura\/\",\"logo\":{\"@id\":\"https:\/\/www.diocesitn.it\/area-cultura\/2025\/05\/09\/a-tu-per-tu-per-lautore-eternita-con-giuseppe-casarin-e-milena-mariani\/#local-main-organization-logo\"},\"image\":{\"@id\":\"https:\/\/www.diocesitn.it\/area-cultura\/2025\/05\/09\/a-tu-per-tu-per-lautore-eternita-con-giuseppe-casarin-e-milena-mariani\/#local-main-organization-logo\"},\"sameAs\":[\"https:\/\/www.youtube.com\/channel\/UCfWD2n-N6WTCg2P_UA72H6Q\"],\"openingHoursSpecification\":[{\"@type\":\"OpeningHoursSpecification\",\"dayOfWeek\":[\"Monday\",\"Tuesday\",\"Wednesday\",\"Thursday\",\"Friday\",\"Saturday\",\"Sunday\"],\"opens\":\"09:00\",\"closes\":\"17:00\"}]},{\"@type\":\"ImageObject\",\"inLanguage\":\"it-IT\",\"@id\":\"https:\/\/www.diocesitn.it\/area-cultura\/2025\/05\/09\/a-tu-per-tu-per-lautore-eternita-con-giuseppe-casarin-e-milena-mariani\/#local-main-organization-logo\",\"url\":\"https:\/\/www.diocesitn.it\/area-cultura\/wp-content\/uploads\/sites\/38\/2021\/09\/og-logo-cultura.jpg\",\"contentUrl\":\"https:\/\/www.diocesitn.it\/area-cultura\/wp-content\/uploads\/sites\/38\/2021\/09\/og-logo-cultura.jpg\",\"width\":1200,\"height\":630,\"caption\":\"Area Cultura - Chiesa di Trento\"}]}<\/script>\n<!-- \/ Yoast SEO Premium plugin. -->","yoast_head_json":{"title":"A tu per tu con l\u2019autore: \u201cEternit\u00e0. Il tempo oltre il tempo\u201d con Giuseppe Casarin e Milena Mariani. Gioved\u00ec 22 maggio, ore 18.30 - Cultura","description":"A tu per tu con l\u2019autore, presentazione online del libro \u201cEternit\u00e0. Il tempo oltre il tempo\u201d con Giuseppe Casarin e Milena Mariani, gioved\u00ec 22 maggio, ore 18.30.","robots":{"index":"index","follow":"follow","max-snippet":"max-snippet:-1","max-image-preview":"max-image-preview:large","max-video-preview":"max-video-preview:-1"},"canonical":"https:\/\/www.diocesitn.it\/area-cultura\/2025\/05\/09\/a-tu-per-tu-per-lautore-eternita-con-giuseppe-casarin-e-milena-mariani\/","og_locale":"it_IT","og_type":"article","og_title":"A tu per tu con l\u2019autore: \u201cEternit\u00e0. Il tempo oltre il tempo\u201d con Giuseppe Casarin e Milena Mariani. Gioved\u00ec 22 maggio, ore 18.30","og_description":"A tu per tu con l\u2019autore, presentazione online del libro \u201cEternit\u00e0. Il tempo oltre il tempo\u201d con Giuseppe Casarin e Milena Mariani, gioved\u00ec 22 maggio, ore 18.30.","og_url":"https:\/\/www.diocesitn.it\/area-cultura\/2025\/05\/09\/a-tu-per-tu-per-lautore-eternita-con-giuseppe-casarin-e-milena-mariani\/","og_site_name":"Cultura","article_published_time":"2025-05-09T08:34:38+00:00","article_modified_time":"2025-05-23T07:18:55+00:00","og_image":[{"width":1414,"height":787,"url":"https:\/\/www.diocesitn.it\/area-cultura\/wp-content\/uploads\/sites\/38\/2025\/05\/Sandona-1.png","type":"image\/png"}],"author":"ledine","twitter_card":"summary_large_image","twitter_misc":{"Scritto da":"ledine","Tempo di lettura stimato":"3 minuti"},"schema":{"@context":"https:\/\/schema.org","@graph":[{"@type":"Article","@id":"https:\/\/www.diocesitn.it\/area-cultura\/2025\/05\/09\/a-tu-per-tu-per-lautore-eternita-con-giuseppe-casarin-e-milena-mariani\/#article","isPartOf":{"@id":"https:\/\/www.diocesitn.it\/area-cultura\/2025\/05\/09\/a-tu-per-tu-per-lautore-eternita-con-giuseppe-casarin-e-milena-mariani\/"},"author":{"name":"ledine","@id":"https:\/\/www.diocesitn.it\/area-cultura\/#\/schema\/person\/93b7401db62b6f32d20347e997095e6c"},"headline":"A tu per tu con l\u2019autore: \u201cEternit\u00e0. Il tempo oltre il tempo\u201d con Giuseppe Casarin e Milena Mariani. Gioved\u00ec 22 maggio, ore 18.30","datePublished":"2025-05-09T08:34:38+00:00","dateModified":"2025-05-23T07:18:55+00:00","mainEntityOfPage":{"@id":"https:\/\/www.diocesitn.it\/area-cultura\/2025\/05\/09\/a-tu-per-tu-per-lautore-eternita-con-giuseppe-casarin-e-milena-mariani\/"},"wordCount":348,"publisher":{"@id":"https:\/\/www.diocesitn.it\/area-cultura\/#organization"},"image":{"@id":"https:\/\/www.diocesitn.it\/area-cultura\/2025\/05\/09\/a-tu-per-tu-per-lautore-eternita-con-giuseppe-casarin-e-milena-mariani\/#primaryimage"},"thumbnailUrl":"https:\/\/www.diocesitn.it\/area-cultura\/wp-content\/uploads\/sites\/38\/2025\/05\/Sandona-1.png","keywords":["biblioteca Vigilianum","Giuseppe Casarin","Michele Dossi","Milena Mariani","presentazione libro"],"articleSection":["Biblioteca diocesana Vigilianum","Notizie"],"inLanguage":"it-IT","copyrightYear":"2025","copyrightHolder":{"@id":"https:\/\/www.diocesitn.it\/#organization"}},{"@type":"WebPage","@id":"https:\/\/www.diocesitn.it\/area-cultura\/2025\/05\/09\/a-tu-per-tu-per-lautore-eternita-con-giuseppe-casarin-e-milena-mariani\/","url":"https:\/\/www.diocesitn.it\/area-cultura\/2025\/05\/09\/a-tu-per-tu-per-lautore-eternita-con-giuseppe-casarin-e-milena-mariani\/","name":"A tu per tu con l\u2019autore: \u201cEternit\u00e0. Il tempo oltre il tempo\u201d con Giuseppe Casarin e Milena Mariani. Gioved\u00ec 22 maggio, ore 18.30 - Cultura","isPartOf":{"@id":"https:\/\/www.diocesitn.it\/area-cultura\/#website"},"primaryImageOfPage":{"@id":"https:\/\/www.diocesitn.it\/area-cultura\/2025\/05\/09\/a-tu-per-tu-per-lautore-eternita-con-giuseppe-casarin-e-milena-mariani\/#primaryimage"},"image":{"@id":"https:\/\/www.diocesitn.it\/area-cultura\/2025\/05\/09\/a-tu-per-tu-per-lautore-eternita-con-giuseppe-casarin-e-milena-mariani\/#primaryimage"},"thumbnailUrl":"https:\/\/www.diocesitn.it\/area-cultura\/wp-content\/uploads\/sites\/38\/2025\/05\/Sandona-1.png","datePublished":"2025-05-09T08:34:38+00:00","dateModified":"2025-05-23T07:18:55+00:00","description":"A tu per tu con l\u2019autore, presentazione online del libro \u201cEternit\u00e0. Il tempo oltre il tempo\u201d con Giuseppe Casarin e Milena Mariani, gioved\u00ec 22 maggio, ore 18.30.","breadcrumb":{"@id":"https:\/\/www.diocesitn.it\/area-cultura\/2025\/05\/09\/a-tu-per-tu-per-lautore-eternita-con-giuseppe-casarin-e-milena-mariani\/#breadcrumb"},"inLanguage":"it-IT","potentialAction":[{"@type":"ReadAction","target":["https:\/\/www.diocesitn.it\/area-cultura\/2025\/05\/09\/a-tu-per-tu-per-lautore-eternita-con-giuseppe-casarin-e-milena-mariani\/"]}]},{"@type":"ImageObject","inLanguage":"it-IT","@id":"https:\/\/www.diocesitn.it\/area-cultura\/2025\/05\/09\/a-tu-per-tu-per-lautore-eternita-con-giuseppe-casarin-e-milena-mariani\/#primaryimage","url":"https:\/\/www.diocesitn.it\/area-cultura\/wp-content\/uploads\/sites\/38\/2025\/05\/Sandona-1.png","contentUrl":"https:\/\/www.diocesitn.it\/area-cultura\/wp-content\/uploads\/sites\/38\/2025\/05\/Sandona-1.png","width":1414,"height":787,"caption":"A tu per tu Casarin Mariani"},{"@type":"BreadcrumbList","@id":"https:\/\/www.diocesitn.it\/area-cultura\/2025\/05\/09\/a-tu-per-tu-per-lautore-eternita-con-giuseppe-casarin-e-milena-mariani\/#breadcrumb","itemListElement":[{"@type":"ListItem","position":1,"name":"Home","item":"https:\/\/www.diocesitn.it\/area-cultura\/"},{"@type":"ListItem","position":2,"name":"A tu per tu con l\u2019autore: \u201cEternit\u00e0. Il tempo oltre il tempo\u201d con Giuseppe Casarin e Milena Mariani. Gioved\u00ec 22 maggio, ore 18.30"}]},{"@type":"WebSite","@id":"https:\/\/www.diocesitn.it\/area-cultura\/#website","url":"https:\/\/www.diocesitn.it\/area-cultura\/","name":"Cultura","description":"Chiesa di Trento","publisher":{"@id":"https:\/\/www.diocesitn.it\/area-cultura\/#organization"},"potentialAction":[{"@type":"SearchAction","target":{"@type":"EntryPoint","urlTemplate":"https:\/\/www.diocesitn.it\/area-cultura\/?s={search_term_string}"},"query-input":"required name=search_term_string"}],"inLanguage":"it-IT"},{"@type":["Organization","Place"],"@id":"https:\/\/www.diocesitn.it\/area-cultura\/#organization","name":"Area Cultura - Chiesa di Trento","url":"https:\/\/www.diocesitn.it\/area-cultura\/","logo":{"@id":"https:\/\/www.diocesitn.it\/area-cultura\/2025\/05\/09\/a-tu-per-tu-per-lautore-eternita-con-giuseppe-casarin-e-milena-mariani\/#local-main-organization-logo"},"image":{"@id":"https:\/\/www.diocesitn.it\/area-cultura\/2025\/05\/09\/a-tu-per-tu-per-lautore-eternita-con-giuseppe-casarin-e-milena-mariani\/#local-main-organization-logo"},"sameAs":["https:\/\/www.youtube.com\/channel\/UCfWD2n-N6WTCg2P_UA72H6Q"],"openingHoursSpecification":[{"@type":"OpeningHoursSpecification","dayOfWeek":["Monday","Tuesday","Wednesday","Thursday","Friday","Saturday","Sunday"],"opens":"09:00","closes":"17:00"}]},{"@type":"ImageObject","inLanguage":"it-IT","@id":"https:\/\/www.diocesitn.it\/area-cultura\/2025\/05\/09\/a-tu-per-tu-per-lautore-eternita-con-giuseppe-casarin-e-milena-mariani\/#local-main-organization-logo","url":"https:\/\/www.diocesitn.it\/area-cultura\/wp-content\/uploads\/sites\/38\/2021\/09\/og-logo-cultura.jpg","contentUrl":"https:\/\/www.diocesitn.it\/area-cultura\/wp-content\/uploads\/sites\/38\/2021\/09\/og-logo-cultura.jpg","width":1200,"height":630,"caption":"Area Cultura - Chiesa di Trento"}]}},"_links":{"self":[{"href":"https:\/\/www.diocesitn.it\/area-cultura\/wp-json\/wp\/v2\/posts\/15300","targetHints":{"allow":["GET"]}}],"collection":[{"href":"https:\/\/www.diocesitn.it\/area-cultura\/wp-json\/wp\/v2\/posts"}],"about":[{"href":"https:\/\/www.diocesitn.it\/area-cultura\/wp-json\/wp\/v2\/types\/post"}],"author":[{"embeddable":true,"href":"https:\/\/www.diocesitn.it\/area-cultura\/wp-json\/wp\/v2\/users\/165"}],"replies":[{"embeddable":true,"href":"https:\/\/www.diocesitn.it\/area-cultura\/wp-json\/wp\/v2\/comments?post=15300"}],"version-history":[{"count":3,"href":"https:\/\/www.diocesitn.it\/area-cultura\/wp-json\/wp\/v2\/posts\/15300\/revisions"}],"predecessor-version":[{"id":15316,"href":"https:\/\/www.diocesitn.it\/area-cultura\/wp-json\/wp\/v2\/posts\/15300\/revisions\/15316"}],"wp:featuredmedia":[{"embeddable":true,"href":"https:\/\/www.diocesitn.it\/area-cultura\/wp-json\/wp\/v2\/media\/15302"}],"wp:attachment":[{"href":"https:\/\/www.diocesitn.it\/area-cultura\/wp-json\/wp\/v2\/media?parent=15300"}],"wp:term":[{"taxonomy":"category","embeddable":true,"href":"https:\/\/www.diocesitn.it\/area-cultura\/wp-json\/wp\/v2\/categories?post=15300"},{"taxonomy":"post_tag","embeddable":true,"href":"https:\/\/www.diocesitn.it\/area-cultura\/wp-json\/wp\/v2\/tags?post=15300"}],"curies":[{"name":"wp","href":"https:\/\/api.w.org\/{rel}","templated":true}]}}