{"id":14864,"date":"2025-02-07T10:31:39","date_gmt":"2025-02-07T09:31:39","guid":{"rendered":"https:\/\/www.diocesitn.it\/area-cultura\/2025\/02\/07\/apertura-dellanno-accademico-2024-2025-issr-prolusione-affidata-a-eraldo-affinati\/"},"modified":"2025-02-26T15:44:01","modified_gmt":"2025-02-26T14:44:01","slug":"apertura-dellanno-accademico-2024-2025-issr-prolusione-affidata-a-eraldo-affinati","status":"publish","type":"post","link":"https:\/\/www.diocesitn.it\/area-cultura\/2025\/02\/07\/apertura-dellanno-accademico-2024-2025-issr-prolusione-affidata-a-eraldo-affinati\/","title":{"rendered":"Eraldo Affinati per la prolusione dell&#8217;anno accademico dell&#8217;ISSR Guardini. Appuntamento il 25 febbraio all&#8217;Arcivescovile"},"content":{"rendered":"<p>Sar\u00e0 affidata ad <strong>Eraldo Affinati <\/strong>la prolusione dell\u2019<strong>Anno Accademico 2024\/2025 dell\u2019Istituto Superiore di Scienze Religiose Romano Guardini di Trento<\/strong>, in calendario <strong>marted\u00ec 25 febbraio <\/strong>alle\u00a0<strong>ore 17.30\u00a0<\/strong>presso l\u2019<strong>Aula Magna del Collegio Arcivescovile<\/strong>.<\/p>\n<p>Al centro dell&#8217;intervento di Affinati il tema della\u00a0<strong>responsabilit\u00e0 della parola<\/strong>.<\/p>\n<p>Critico letterario, giornalista, scrittore e docente, Affinati ha insegnato presso la scuola-comunit\u00e0 <strong>Citt\u00e0 dei Ragazzi<\/strong> di Roma. Si \u00e8 avvicinato alla realt\u00e0 della marginalit\u00e0 sociale, <span style=\"font-size: inherit\">maturando una profonda conoscenza della realt\u00e0 dell\u2019immigrazione che lo ha portato, nel 2008, a fondare insieme a <strong>Anna Luce Lenzi<\/strong>, <\/span><span style=\"font-size: inherit\">la scuola <\/span><strong style=\"font-size: inherit\">Penny Wirton<\/strong><span style=\"font-size: inherit\"> per l&#8217;insegnamento gratuito della lingua italiana agli immigrati.\u00a0<\/span><\/p>\n<p>Durante il \u201c<strong>Dies Academicus<\/strong>\u201d, prima della prolusione, ci sar\u00e0 la consegna dei <strong>Diplomi di Baccalaureato<\/strong> in Scienze Religiose\u00a0e in Teologia e di Licenza in Scienze Religiose.<\/p>\n<p>L\u2019inaugurazione dell\u2019Anno Accademico del Guardini sar\u00e0 <strong>trasmessa in diretta<\/strong>\u00a0sul\u00a0<a href=\"https:\/\/www.youtube.com\/@diocesiditrento-servizioco8409\"><strong>canale YouTube della Diocesi di Trento<\/strong>.<\/a><\/p>\n<p><a href=\"https:\/\/www.diocesitn.it\/area-cultura\/wp-content\/uploads\/sites\/38\/2025\/02\/Invito-prolusione-ISSR-scaled.jpg\"><img loading=\"lazy\" decoding=\"async\" class=\"alignleft wp-image-14867 size-large\" src=\"https:\/\/www.diocesitn.it\/area-cultura\/wp-content\/uploads\/sites\/38\/2025\/02\/Invito-prolusione-ISSR-scaled-724x1024.jpg\" alt=\"\" width=\"724\" height=\"1024\" srcset=\"https:\/\/www.diocesitn.it\/area-cultura\/wp-content\/uploads\/sites\/38\/2025\/02\/Invito-prolusione-ISSR-scaled-724x1024.jpg 724w, https:\/\/www.diocesitn.it\/area-cultura\/wp-content\/uploads\/sites\/38\/2025\/02\/Invito-prolusione-ISSR-scaled-212x300.jpg 212w, https:\/\/www.diocesitn.it\/area-cultura\/wp-content\/uploads\/sites\/38\/2025\/02\/Invito-prolusione-ISSR-scaled-768x1086.jpg 768w, https:\/\/www.diocesitn.it\/area-cultura\/wp-content\/uploads\/sites\/38\/2025\/02\/Invito-prolusione-ISSR-scaled-198x280.jpg 198w, https:\/\/www.diocesitn.it\/area-cultura\/wp-content\/uploads\/sites\/38\/2025\/02\/Invito-prolusione-ISSR-scaled-543x768.jpg 543w, https:\/\/www.diocesitn.it\/area-cultura\/wp-content\/uploads\/sites\/38\/2025\/02\/Invito-prolusione-ISSR-scaled-1086x1536.jpg 1086w, https:\/\/www.diocesitn.it\/area-cultura\/wp-content\/uploads\/sites\/38\/2025\/02\/Invito-prolusione-ISSR-scaled-1448x2048.jpg 1448w, https:\/\/www.diocesitn.it\/area-cultura\/wp-content\/uploads\/sites\/38\/2025\/02\/Invito-prolusione-ISSR-scaled-800x1131.jpg 800w, https:\/\/www.diocesitn.it\/area-cultura\/wp-content\/uploads\/sites\/38\/2025\/02\/Invito-prolusione-ISSR-scaled-1200x1697.jpg 1200w, https:\/\/www.diocesitn.it\/area-cultura\/wp-content\/uploads\/sites\/38\/2025\/02\/Invito-prolusione-ISSR-scaled.jpg 1810w\" sizes=\"auto, (max-width: 724px) 100vw, 724px\" \/><\/a><\/p>\n","protected":false},"excerpt":{"rendered":"<p>Sar\u00e0 affidata ad Eraldo Affinati la prolusione dell\u2019Anno Accademico 2024\/2025 dell\u2019Istituto Superiore di Scienze Religiose Romano Guardini di Trento, in calendario marted\u00ec 25 febbraio alle\u00a0ore 17.30\u00a0presso l\u2019Aula Magna del Collegio Arcivescovile. Al centro dell&#8217;intervento di<\/p>\n","protected":false},"author":177,"featured_media":14865,"comment_status":"closed","ping_status":"closed","sticky":false,"template":"","format":"standard","meta":{"footnotes":""},"categories":[375,508,329],"tags":[697,386,698],"class_list":["post-14864","post","type-post","status-publish","format-standard","has-post-thumbnail","hentry","category-servizio-formazione","category-issr-romano-guardini","category-notizie","tag-eraldo-affinati","tag-issr","tag-prolusione"],"acf":{"seed-localization-paese-cod":"IT","seed-localization-address":"","seed-localization-citta":"Trento","seed-localization-regione-cod-istat":"04","seed-localization-citta-cod-istat":"022205","seed-localization-localita":"","seed-localization-cap":"","seed-localization-marker-visibility":false,"seed-localization-children-visibility":false,"seed-localization-kml":"","seed-localization-custom-marker":""},"yoast_head":"<!-- This site is optimized with the Yoast SEO Premium plugin v20.2.1 (Yoast SEO v22.2) - https:\/\/yoast.com\/wordpress\/plugins\/seo\/ -->\n<title>Eraldo Affinati per la prolusione dell&#039;anno accademico dell&#039;ISSR Guardini. Appuntamento il 25 febbraio all&#039;Arcivescovile - Cultura<\/title>\n<meta name=\"robots\" content=\"index, follow, max-snippet:-1, max-image-preview:large, max-video-preview:-1\" \/>\n<link rel=\"canonical\" href=\"https:\/\/www.diocesitn.it\/area-cultura\/2025\/02\/07\/apertura-dellanno-accademico-2024-2025-issr-prolusione-affidata-a-eraldo-affinati\/\" \/>\n<meta property=\"og:locale\" content=\"it_IT\" \/>\n<meta property=\"og:type\" content=\"article\" \/>\n<meta property=\"og:title\" content=\"Eraldo Affinati per la prolusione dell&#039;anno accademico dell&#039;ISSR Guardini. Appuntamento il 25 febbraio all&#039;Arcivescovile\" \/>\n<meta property=\"og:description\" content=\"Sar\u00e0 affidata ad Eraldo Affinati la prolusione dell\u2019Anno Accademico 2024\/2025 dell\u2019Istituto Superiore di Scienze Religiose Romano Guardini di Trento, in calendario marted\u00ec 25 febbraio alle\u00a0ore 17.30\u00a0presso l\u2019Aula Magna del Collegio Arcivescovile. Al centro dell&#8217;intervento di\" \/>\n<meta property=\"og:url\" content=\"https:\/\/www.diocesitn.it\/area-cultura\/2025\/02\/07\/apertura-dellanno-accademico-2024-2025-issr-prolusione-affidata-a-eraldo-affinati\/\" \/>\n<meta property=\"og:site_name\" content=\"Cultura\" \/>\n<meta property=\"article:published_time\" content=\"2025-02-07T09:31:39+00:00\" \/>\n<meta property=\"article:modified_time\" content=\"2025-02-26T14:44:01+00:00\" \/>\n<meta property=\"og:image\" content=\"https:\/\/www.diocesitn.it\/area-cultura\/wp-content\/uploads\/sites\/38\/2025\/02\/Eraldo.jpg\" \/>\n\t<meta property=\"og:image:width\" content=\"1600\" \/>\n\t<meta property=\"og:image:height\" content=\"1200\" \/>\n\t<meta property=\"og:image:type\" content=\"image\/jpeg\" \/>\n<meta name=\"author\" content=\"cweiss\" \/>\n<meta name=\"twitter:card\" content=\"summary_large_image\" \/>\n<meta name=\"twitter:label1\" content=\"Scritto da\" \/>\n\t<meta name=\"twitter:data1\" content=\"cweiss\" \/>\n\t<meta name=\"twitter:label2\" content=\"Tempo di lettura stimato\" \/>\n\t<meta name=\"twitter:data2\" content=\"2 minuti\" \/>\n<script type=\"application\/ld+json\" class=\"yoast-schema-graph\">{\"@context\":\"https:\/\/schema.org\",\"@graph\":[{\"@type\":\"Article\",\"@id\":\"https:\/\/www.diocesitn.it\/area-cultura\/2025\/02\/07\/apertura-dellanno-accademico-2024-2025-issr-prolusione-affidata-a-eraldo-affinati\/#article\",\"isPartOf\":{\"@id\":\"https:\/\/www.diocesitn.it\/area-cultura\/2025\/02\/07\/apertura-dellanno-accademico-2024-2025-issr-prolusione-affidata-a-eraldo-affinati\/\"},\"author\":{\"name\":\"cweiss\",\"@id\":\"https:\/\/www.diocesitn.it\/area-cultura\/#\/schema\/person\/4d1771273d5fc5c33cf486f49f0d18fb\"},\"headline\":\"Eraldo Affinati per la prolusione dell&#8217;anno accademico dell&#8217;ISSR Guardini. Appuntamento il 25 febbraio all&#8217;Arcivescovile\",\"datePublished\":\"2025-02-07T09:31:39+00:00\",\"dateModified\":\"2025-02-26T14:44:01+00:00\",\"mainEntityOfPage\":{\"@id\":\"https:\/\/www.diocesitn.it\/area-cultura\/2025\/02\/07\/apertura-dellanno-accademico-2024-2025-issr-prolusione-affidata-a-eraldo-affinati\/\"},\"wordCount\":158,\"publisher\":{\"@id\":\"https:\/\/www.diocesitn.it\/area-cultura\/#organization\"},\"image\":{\"@id\":\"https:\/\/www.diocesitn.it\/area-cultura\/2025\/02\/07\/apertura-dellanno-accademico-2024-2025-issr-prolusione-affidata-a-eraldo-affinati\/#primaryimage\"},\"thumbnailUrl\":\"https:\/\/www.diocesitn.it\/area-cultura\/wp-content\/uploads\/sites\/38\/2025\/02\/Eraldo.jpg\",\"keywords\":[\"Eraldo Affinati\",\"ISSR\",\"prolusione\"],\"articleSection\":[\"Formazione\",\"ISSR Romano Guardini\",\"Notizie\"],\"inLanguage\":\"it-IT\",\"copyrightYear\":\"2025\",\"copyrightHolder\":{\"@id\":\"https:\/\/www.diocesitn.it\/#organization\"}},{\"@type\":\"WebPage\",\"@id\":\"https:\/\/www.diocesitn.it\/area-cultura\/2025\/02\/07\/apertura-dellanno-accademico-2024-2025-issr-prolusione-affidata-a-eraldo-affinati\/\",\"url\":\"https:\/\/www.diocesitn.it\/area-cultura\/2025\/02\/07\/apertura-dellanno-accademico-2024-2025-issr-prolusione-affidata-a-eraldo-affinati\/\",\"name\":\"Eraldo Affinati per la prolusione dell'anno accademico dell'ISSR Guardini. Appuntamento il 25 febbraio all'Arcivescovile - Cultura\",\"isPartOf\":{\"@id\":\"https:\/\/www.diocesitn.it\/area-cultura\/#website\"},\"primaryImageOfPage\":{\"@id\":\"https:\/\/www.diocesitn.it\/area-cultura\/2025\/02\/07\/apertura-dellanno-accademico-2024-2025-issr-prolusione-affidata-a-eraldo-affinati\/#primaryimage\"},\"image\":{\"@id\":\"https:\/\/www.diocesitn.it\/area-cultura\/2025\/02\/07\/apertura-dellanno-accademico-2024-2025-issr-prolusione-affidata-a-eraldo-affinati\/#primaryimage\"},\"thumbnailUrl\":\"https:\/\/www.diocesitn.it\/area-cultura\/wp-content\/uploads\/sites\/38\/2025\/02\/Eraldo.jpg\",\"datePublished\":\"2025-02-07T09:31:39+00:00\",\"dateModified\":\"2025-02-26T14:44:01+00:00\",\"breadcrumb\":{\"@id\":\"https:\/\/www.diocesitn.it\/area-cultura\/2025\/02\/07\/apertura-dellanno-accademico-2024-2025-issr-prolusione-affidata-a-eraldo-affinati\/#breadcrumb\"},\"inLanguage\":\"it-IT\",\"potentialAction\":[{\"@type\":\"ReadAction\",\"target\":[\"https:\/\/www.diocesitn.it\/area-cultura\/2025\/02\/07\/apertura-dellanno-accademico-2024-2025-issr-prolusione-affidata-a-eraldo-affinati\/\"]}]},{\"@type\":\"ImageObject\",\"inLanguage\":\"it-IT\",\"@id\":\"https:\/\/www.diocesitn.it\/area-cultura\/2025\/02\/07\/apertura-dellanno-accademico-2024-2025-issr-prolusione-affidata-a-eraldo-affinati\/#primaryimage\",\"url\":\"https:\/\/www.diocesitn.it\/area-cultura\/wp-content\/uploads\/sites\/38\/2025\/02\/Eraldo.jpg\",\"contentUrl\":\"https:\/\/www.diocesitn.it\/area-cultura\/wp-content\/uploads\/sites\/38\/2025\/02\/Eraldo.jpg\",\"width\":1600,\"height\":1200},{\"@type\":\"BreadcrumbList\",\"@id\":\"https:\/\/www.diocesitn.it\/area-cultura\/2025\/02\/07\/apertura-dellanno-accademico-2024-2025-issr-prolusione-affidata-a-eraldo-affinati\/#breadcrumb\",\"itemListElement\":[{\"@type\":\"ListItem\",\"position\":1,\"name\":\"Home\",\"item\":\"https:\/\/www.diocesitn.it\/area-cultura\/\"},{\"@type\":\"ListItem\",\"position\":2,\"name\":\"Eraldo Affinati per la prolusione dell&#8217;anno accademico dell&#8217;ISSR Guardini. Appuntamento il 25 febbraio all&#8217;Arcivescovile\"}]},{\"@type\":\"WebSite\",\"@id\":\"https:\/\/www.diocesitn.it\/area-cultura\/#website\",\"url\":\"https:\/\/www.diocesitn.it\/area-cultura\/\",\"name\":\"Cultura\",\"description\":\"Chiesa di Trento\",\"publisher\":{\"@id\":\"https:\/\/www.diocesitn.it\/area-cultura\/#organization\"},\"potentialAction\":[{\"@type\":\"SearchAction\",\"target\":{\"@type\":\"EntryPoint\",\"urlTemplate\":\"https:\/\/www.diocesitn.it\/area-cultura\/?s={search_term_string}\"},\"query-input\":\"required name=search_term_string\"}],\"inLanguage\":\"it-IT\"},{\"@type\":[\"Organization\",\"Place\"],\"@id\":\"https:\/\/www.diocesitn.it\/area-cultura\/#organization\",\"name\":\"Area Cultura - Chiesa di Trento\",\"url\":\"https:\/\/www.diocesitn.it\/area-cultura\/\",\"logo\":{\"@id\":\"https:\/\/www.diocesitn.it\/area-cultura\/2025\/02\/07\/apertura-dellanno-accademico-2024-2025-issr-prolusione-affidata-a-eraldo-affinati\/#local-main-organization-logo\"},\"image\":{\"@id\":\"https:\/\/www.diocesitn.it\/area-cultura\/2025\/02\/07\/apertura-dellanno-accademico-2024-2025-issr-prolusione-affidata-a-eraldo-affinati\/#local-main-organization-logo\"},\"sameAs\":[\"https:\/\/www.youtube.com\/channel\/UCfWD2n-N6WTCg2P_UA72H6Q\"],\"openingHoursSpecification\":[{\"@type\":\"OpeningHoursSpecification\",\"dayOfWeek\":[\"Monday\",\"Tuesday\",\"Wednesday\",\"Thursday\",\"Friday\",\"Saturday\",\"Sunday\"],\"opens\":\"09:00\",\"closes\":\"17:00\"}]},{\"@type\":\"ImageObject\",\"inLanguage\":\"it-IT\",\"@id\":\"https:\/\/www.diocesitn.it\/area-cultura\/2025\/02\/07\/apertura-dellanno-accademico-2024-2025-issr-prolusione-affidata-a-eraldo-affinati\/#local-main-organization-logo\",\"url\":\"https:\/\/www.diocesitn.it\/area-cultura\/wp-content\/uploads\/sites\/38\/2021\/09\/og-logo-cultura.jpg\",\"contentUrl\":\"https:\/\/www.diocesitn.it\/area-cultura\/wp-content\/uploads\/sites\/38\/2021\/09\/og-logo-cultura.jpg\",\"width\":1200,\"height\":630,\"caption\":\"Area Cultura - Chiesa di Trento\"}]}<\/script>\n<!-- \/ Yoast SEO Premium plugin. -->","yoast_head_json":{"title":"Eraldo Affinati per la prolusione dell'anno accademico dell'ISSR Guardini. Appuntamento il 25 febbraio all'Arcivescovile - Cultura","robots":{"index":"index","follow":"follow","max-snippet":"max-snippet:-1","max-image-preview":"max-image-preview:large","max-video-preview":"max-video-preview:-1"},"canonical":"https:\/\/www.diocesitn.it\/area-cultura\/2025\/02\/07\/apertura-dellanno-accademico-2024-2025-issr-prolusione-affidata-a-eraldo-affinati\/","og_locale":"it_IT","og_type":"article","og_title":"Eraldo Affinati per la prolusione dell'anno accademico dell'ISSR Guardini. Appuntamento il 25 febbraio all'Arcivescovile","og_description":"Sar\u00e0 affidata ad Eraldo Affinati la prolusione dell\u2019Anno Accademico 2024\/2025 dell\u2019Istituto Superiore di Scienze Religiose Romano Guardini di Trento, in calendario marted\u00ec 25 febbraio alle\u00a0ore 17.30\u00a0presso l\u2019Aula Magna del Collegio Arcivescovile. Al centro dell&#8217;intervento di","og_url":"https:\/\/www.diocesitn.it\/area-cultura\/2025\/02\/07\/apertura-dellanno-accademico-2024-2025-issr-prolusione-affidata-a-eraldo-affinati\/","og_site_name":"Cultura","article_published_time":"2025-02-07T09:31:39+00:00","article_modified_time":"2025-02-26T14:44:01+00:00","og_image":[{"width":1600,"height":1200,"url":"https:\/\/www.diocesitn.it\/area-cultura\/wp-content\/uploads\/sites\/38\/2025\/02\/Eraldo.jpg","type":"image\/jpeg"}],"author":"cweiss","twitter_card":"summary_large_image","twitter_misc":{"Scritto da":"cweiss","Tempo di lettura stimato":"2 minuti"},"schema":{"@context":"https:\/\/schema.org","@graph":[{"@type":"Article","@id":"https:\/\/www.diocesitn.it\/area-cultura\/2025\/02\/07\/apertura-dellanno-accademico-2024-2025-issr-prolusione-affidata-a-eraldo-affinati\/#article","isPartOf":{"@id":"https:\/\/www.diocesitn.it\/area-cultura\/2025\/02\/07\/apertura-dellanno-accademico-2024-2025-issr-prolusione-affidata-a-eraldo-affinati\/"},"author":{"name":"cweiss","@id":"https:\/\/www.diocesitn.it\/area-cultura\/#\/schema\/person\/4d1771273d5fc5c33cf486f49f0d18fb"},"headline":"Eraldo Affinati per la prolusione dell&#8217;anno accademico dell&#8217;ISSR Guardini. Appuntamento il 25 febbraio all&#8217;Arcivescovile","datePublished":"2025-02-07T09:31:39+00:00","dateModified":"2025-02-26T14:44:01+00:00","mainEntityOfPage":{"@id":"https:\/\/www.diocesitn.it\/area-cultura\/2025\/02\/07\/apertura-dellanno-accademico-2024-2025-issr-prolusione-affidata-a-eraldo-affinati\/"},"wordCount":158,"publisher":{"@id":"https:\/\/www.diocesitn.it\/area-cultura\/#organization"},"image":{"@id":"https:\/\/www.diocesitn.it\/area-cultura\/2025\/02\/07\/apertura-dellanno-accademico-2024-2025-issr-prolusione-affidata-a-eraldo-affinati\/#primaryimage"},"thumbnailUrl":"https:\/\/www.diocesitn.it\/area-cultura\/wp-content\/uploads\/sites\/38\/2025\/02\/Eraldo.jpg","keywords":["Eraldo Affinati","ISSR","prolusione"],"articleSection":["Formazione","ISSR Romano Guardini","Notizie"],"inLanguage":"it-IT","copyrightYear":"2025","copyrightHolder":{"@id":"https:\/\/www.diocesitn.it\/#organization"}},{"@type":"WebPage","@id":"https:\/\/www.diocesitn.it\/area-cultura\/2025\/02\/07\/apertura-dellanno-accademico-2024-2025-issr-prolusione-affidata-a-eraldo-affinati\/","url":"https:\/\/www.diocesitn.it\/area-cultura\/2025\/02\/07\/apertura-dellanno-accademico-2024-2025-issr-prolusione-affidata-a-eraldo-affinati\/","name":"Eraldo Affinati per la prolusione dell'anno accademico dell'ISSR Guardini. Appuntamento il 25 febbraio all'Arcivescovile - Cultura","isPartOf":{"@id":"https:\/\/www.diocesitn.it\/area-cultura\/#website"},"primaryImageOfPage":{"@id":"https:\/\/www.diocesitn.it\/area-cultura\/2025\/02\/07\/apertura-dellanno-accademico-2024-2025-issr-prolusione-affidata-a-eraldo-affinati\/#primaryimage"},"image":{"@id":"https:\/\/www.diocesitn.it\/area-cultura\/2025\/02\/07\/apertura-dellanno-accademico-2024-2025-issr-prolusione-affidata-a-eraldo-affinati\/#primaryimage"},"thumbnailUrl":"https:\/\/www.diocesitn.it\/area-cultura\/wp-content\/uploads\/sites\/38\/2025\/02\/Eraldo.jpg","datePublished":"2025-02-07T09:31:39+00:00","dateModified":"2025-02-26T14:44:01+00:00","breadcrumb":{"@id":"https:\/\/www.diocesitn.it\/area-cultura\/2025\/02\/07\/apertura-dellanno-accademico-2024-2025-issr-prolusione-affidata-a-eraldo-affinati\/#breadcrumb"},"inLanguage":"it-IT","potentialAction":[{"@type":"ReadAction","target":["https:\/\/www.diocesitn.it\/area-cultura\/2025\/02\/07\/apertura-dellanno-accademico-2024-2025-issr-prolusione-affidata-a-eraldo-affinati\/"]}]},{"@type":"ImageObject","inLanguage":"it-IT","@id":"https:\/\/www.diocesitn.it\/area-cultura\/2025\/02\/07\/apertura-dellanno-accademico-2024-2025-issr-prolusione-affidata-a-eraldo-affinati\/#primaryimage","url":"https:\/\/www.diocesitn.it\/area-cultura\/wp-content\/uploads\/sites\/38\/2025\/02\/Eraldo.jpg","contentUrl":"https:\/\/www.diocesitn.it\/area-cultura\/wp-content\/uploads\/sites\/38\/2025\/02\/Eraldo.jpg","width":1600,"height":1200},{"@type":"BreadcrumbList","@id":"https:\/\/www.diocesitn.it\/area-cultura\/2025\/02\/07\/apertura-dellanno-accademico-2024-2025-issr-prolusione-affidata-a-eraldo-affinati\/#breadcrumb","itemListElement":[{"@type":"ListItem","position":1,"name":"Home","item":"https:\/\/www.diocesitn.it\/area-cultura\/"},{"@type":"ListItem","position":2,"name":"Eraldo Affinati per la prolusione dell&#8217;anno accademico dell&#8217;ISSR Guardini. Appuntamento il 25 febbraio all&#8217;Arcivescovile"}]},{"@type":"WebSite","@id":"https:\/\/www.diocesitn.it\/area-cultura\/#website","url":"https:\/\/www.diocesitn.it\/area-cultura\/","name":"Cultura","description":"Chiesa di Trento","publisher":{"@id":"https:\/\/www.diocesitn.it\/area-cultura\/#organization"},"potentialAction":[{"@type":"SearchAction","target":{"@type":"EntryPoint","urlTemplate":"https:\/\/www.diocesitn.it\/area-cultura\/?s={search_term_string}"},"query-input":"required name=search_term_string"}],"inLanguage":"it-IT"},{"@type":["Organization","Place"],"@id":"https:\/\/www.diocesitn.it\/area-cultura\/#organization","name":"Area Cultura - Chiesa di Trento","url":"https:\/\/www.diocesitn.it\/area-cultura\/","logo":{"@id":"https:\/\/www.diocesitn.it\/area-cultura\/2025\/02\/07\/apertura-dellanno-accademico-2024-2025-issr-prolusione-affidata-a-eraldo-affinati\/#local-main-organization-logo"},"image":{"@id":"https:\/\/www.diocesitn.it\/area-cultura\/2025\/02\/07\/apertura-dellanno-accademico-2024-2025-issr-prolusione-affidata-a-eraldo-affinati\/#local-main-organization-logo"},"sameAs":["https:\/\/www.youtube.com\/channel\/UCfWD2n-N6WTCg2P_UA72H6Q"],"openingHoursSpecification":[{"@type":"OpeningHoursSpecification","dayOfWeek":["Monday","Tuesday","Wednesday","Thursday","Friday","Saturday","Sunday"],"opens":"09:00","closes":"17:00"}]},{"@type":"ImageObject","inLanguage":"it-IT","@id":"https:\/\/www.diocesitn.it\/area-cultura\/2025\/02\/07\/apertura-dellanno-accademico-2024-2025-issr-prolusione-affidata-a-eraldo-affinati\/#local-main-organization-logo","url":"https:\/\/www.diocesitn.it\/area-cultura\/wp-content\/uploads\/sites\/38\/2021\/09\/og-logo-cultura.jpg","contentUrl":"https:\/\/www.diocesitn.it\/area-cultura\/wp-content\/uploads\/sites\/38\/2021\/09\/og-logo-cultura.jpg","width":1200,"height":630,"caption":"Area Cultura - Chiesa di Trento"}]}},"_links":{"self":[{"href":"https:\/\/www.diocesitn.it\/area-cultura\/wp-json\/wp\/v2\/posts\/14864","targetHints":{"allow":["GET"]}}],"collection":[{"href":"https:\/\/www.diocesitn.it\/area-cultura\/wp-json\/wp\/v2\/posts"}],"about":[{"href":"https:\/\/www.diocesitn.it\/area-cultura\/wp-json\/wp\/v2\/types\/post"}],"author":[{"embeddable":true,"href":"https:\/\/www.diocesitn.it\/area-cultura\/wp-json\/wp\/v2\/users\/177"}],"replies":[{"embeddable":true,"href":"https:\/\/www.diocesitn.it\/area-cultura\/wp-json\/wp\/v2\/comments?post=14864"}],"version-history":[{"count":3,"href":"https:\/\/www.diocesitn.it\/area-cultura\/wp-json\/wp\/v2\/posts\/14864\/revisions"}],"predecessor-version":[{"id":14874,"href":"https:\/\/www.diocesitn.it\/area-cultura\/wp-json\/wp\/v2\/posts\/14864\/revisions\/14874"}],"wp:featuredmedia":[{"embeddable":true,"href":"https:\/\/www.diocesitn.it\/area-cultura\/wp-json\/wp\/v2\/media\/14865"}],"wp:attachment":[{"href":"https:\/\/www.diocesitn.it\/area-cultura\/wp-json\/wp\/v2\/media?parent=14864"}],"wp:term":[{"taxonomy":"category","embeddable":true,"href":"https:\/\/www.diocesitn.it\/area-cultura\/wp-json\/wp\/v2\/categories?post=14864"},{"taxonomy":"post_tag","embeddable":true,"href":"https:\/\/www.diocesitn.it\/area-cultura\/wp-json\/wp\/v2\/tags?post=14864"}],"curies":[{"name":"wp","href":"https:\/\/api.w.org\/{rel}","templated":true}]}}