{"id":14843,"date":"2025-02-03T10:35:19","date_gmt":"2025-02-03T09:35:19","guid":{"rendered":"https:\/\/www.diocesitn.it\/area-cultura\/?p=14843"},"modified":"2025-02-21T09:00:03","modified_gmt":"2025-02-21T08:00:03","slug":"presentazione-del-carteggio-di-antonio-rosmini-con-i-propri-familiari-giovedi-20-febbraio","status":"publish","type":"post","link":"https:\/\/www.diocesitn.it\/area-cultura\/2025\/02\/03\/presentazione-del-carteggio-di-antonio-rosmini-con-i-propri-familiari-giovedi-20-febbraio\/","title":{"rendered":"Presentazione del &#8220;Carteggio di Antonio Rosmini con i propri familiari&#8221;, gioved\u00ec 20 febbraio, ore 17.30"},"content":{"rendered":"<p><span style=\"color: #000000\"><strong>Gioved\u00ec 20 febbraio alle ore 17.30<\/strong> presso la <strong>Chiesa di Santa Margherita<\/strong> a Trento verr\u00e0 presentato il volume <strong>Carteggio di Antonio Rosmini con i propri familiari<\/strong>.<\/span><\/p>\n<p><span style=\"color: #000000\">L\u2019opera \u00e8 costituita da due tomi, per un totale di 1385 pagine, in cui sono raccolte 815 lettere che il filosofo e teologo roveretano ha scambiato con i genitori Pietro Modesto e Giovanna, lo zio paterno Ambrogio, la sorella maggiore Gioseffa Margherita, il fratello minore Giuseppe Maria e la cognata Adelaide Cristani de Rallo.<\/span><\/p>\n<p><span style=\"color: #000000\">Un carteggio che permette di ricostruire il contesto in cui si \u00e8 formato Antonio Rosmini dal punto di vista umano, spirituale e culturale. Tra le preoccupazioni e le esigenze comuni a qualsiasi famiglia, emerge come Rosmini senta profonda e sincera empatia per le persone care, i loro bisogni e i loro problemi quotidiani. La corrispondenza permette di ricostruire quasi un\u2019autobiografia del filosofo, che ci aiuta a scoprire il Rosmini meno conosciuto, pi\u00f9 intimo e segreto, ma in cui non viene mai a mancare la coerenza tra vita vissuta e valori proclamati.<\/span><\/p>\n<p><span style=\"color: #000000\">A presentare i volumi saranno i curatori dell\u2019opera: padre <strong>Ludovico Maria Gadaleta<\/strong> rosminiano, <strong>Eleonora Bressa<\/strong> bibliotecaria della Biblioteca Rosminiana e <strong>Michele Dossi<\/strong> docente di Filosofia presso l\u2019ISSR di Trento.<\/span><\/p>\n<p><span style=\"color: #000000\">Gli intermezzi musicali saranno a cura di <strong>Alessandro Martinelli<\/strong>, responsabile del Progetto Chieseacolori.<\/span><\/p>\n<p><span style=\"color: #000000\">L\u2019incontro si svolger\u00e0 presso la Chiesa di Santa Margherita, in via della Prepositura 35, luogo rosminiano di Trento. Nel 1831, infatti, la chiesa venne acquistata da Antonio Rosmini, il quale restaur\u00f2 l&#8217;edificio e lo riapr\u00ec al culto, dedicandolo al Crocifisso.<\/span><\/p>\n<p><a style=\"color: #1585cf\" href=\"https:\/\/www.diocesitn.it\/area-cultura\/wp-content\/uploads\/sites\/38\/2025\/01\/Locandina-Rosmini.pdf\"><span style=\"color: #000000\"><strong><img loading=\"lazy\" decoding=\"async\" class=\"size-medium wp-image-14853 alignleft\" src=\"https:\/\/www.diocesitn.it\/area-cultura\/wp-content\/uploads\/sites\/38\/2025\/02\/Locandina-Rosmini-212x300.jpg\" alt=\"\" width=\"212\" height=\"300\" srcset=\"https:\/\/www.diocesitn.it\/area-cultura\/wp-content\/uploads\/sites\/38\/2025\/02\/Locandina-Rosmini-212x300.jpg 212w, https:\/\/www.diocesitn.it\/area-cultura\/wp-content\/uploads\/sites\/38\/2025\/02\/Locandina-Rosmini-724x1024.jpg 724w, https:\/\/www.diocesitn.it\/area-cultura\/wp-content\/uploads\/sites\/38\/2025\/02\/Locandina-Rosmini-768x1086.jpg 768w, https:\/\/www.diocesitn.it\/area-cultura\/wp-content\/uploads\/sites\/38\/2025\/02\/Locandina-Rosmini-198x280.jpg 198w, https:\/\/www.diocesitn.it\/area-cultura\/wp-content\/uploads\/sites\/38\/2025\/02\/Locandina-Rosmini-543x768.jpg 543w, https:\/\/www.diocesitn.it\/area-cultura\/wp-content\/uploads\/sites\/38\/2025\/02\/Locandina-Rosmini-1086x1536.jpg 1086w, https:\/\/www.diocesitn.it\/area-cultura\/wp-content\/uploads\/sites\/38\/2025\/02\/Locandina-Rosmini-800x1131.jpg 800w, https:\/\/www.diocesitn.it\/area-cultura\/wp-content\/uploads\/sites\/38\/2025\/02\/Locandina-Rosmini-1200x1697.jpg 1200w, https:\/\/www.diocesitn.it\/area-cultura\/wp-content\/uploads\/sites\/38\/2025\/02\/Locandina-Rosmini.jpg 1241w\" sizes=\"auto, (max-width: 212px) 100vw, 212px\" \/><\/strong><\/span><\/a><\/p>\n<p>&nbsp;<\/p>\n<p>&nbsp;<\/p>\n<p>&nbsp;<\/p>\n<p>&nbsp;<\/p>\n<p>&nbsp;<\/p>\n<p>&nbsp;<\/p>\n<p>&nbsp;<\/p>\n<p>&nbsp;<\/p>\n<p><a href=\"https:\/\/www.diocesitn.it\/area-cultura\/wp-content\/uploads\/sites\/38\/2025\/01\/Locandina-Rosmini.pdf\">Scarica la locandina<\/a><\/p>\n","protected":false},"excerpt":{"rendered":"<p>Gioved\u00ec 20 febbraio alle ore 17.30 presso la Chiesa di Santa Margherita a Trento verr\u00e0 presentato il volume Carteggio di Antonio Rosmini con i propri familiari. L\u2019opera \u00e8 costituita da due tomi, per un totale<\/p>\n","protected":false},"author":165,"featured_media":14858,"comment_status":"closed","ping_status":"closed","sticky":false,"template":"","format":"standard","meta":{"footnotes":""},"categories":[632,331,329,620],"tags":[414,696,695,498,493],"class_list":["post-14843","post","type-post","status-publish","format-standard","has-post-thumbnail","hentry","category-area-cultura","category-servizio-biblioteca","category-notizie","category-progetto-chieseacolori","tag-antonio-rosmini","tag-eleonora-bressa","tag-ludovico-maria-gadaleta","tag-michele-dossi","tag-presentazione-libro"],"acf":{"seed-localization-paese-cod":"IT","seed-localization-address":"","seed-localization-citta":"Trento","seed-localization-regione-cod-istat":"04","seed-localization-citta-cod-istat":"022205","seed-localization-localita":"","seed-localization-cap":"","seed-localization-marker-visibility":false,"seed-localization-children-visibility":false,"seed-localization-kml":"","seed-localization-custom-marker":""},"yoast_head":"<!-- This site is optimized with the Yoast SEO Premium plugin v20.2.1 (Yoast SEO v22.2) - https:\/\/yoast.com\/wordpress\/plugins\/seo\/ -->\n<title>Presentazione del &quot;Carteggio di Antonio Rosmini con i propri familiari&quot;, gioved\u00ec 20 febbraio, ore 17.30 - Cultura<\/title>\n<meta name=\"robots\" content=\"index, follow, max-snippet:-1, max-image-preview:large, max-video-preview:-1\" \/>\n<link rel=\"canonical\" href=\"https:\/\/www.diocesitn.it\/area-cultura\/2025\/02\/03\/presentazione-del-carteggio-di-antonio-rosmini-con-i-propri-familiari-giovedi-20-febbraio\/\" \/>\n<meta property=\"og:locale\" content=\"it_IT\" \/>\n<meta property=\"og:type\" content=\"article\" \/>\n<meta property=\"og:title\" content=\"Presentazione del &quot;Carteggio di Antonio Rosmini con i propri familiari&quot;, gioved\u00ec 20 febbraio, ore 17.30\" \/>\n<meta property=\"og:description\" content=\"Gioved\u00ec 20 febbraio alle ore 17.30 presso la Chiesa di Santa Margherita a Trento verr\u00e0 presentato il volume Carteggio di Antonio Rosmini con i propri familiari. L\u2019opera \u00e8 costituita da due tomi, per un totale\" \/>\n<meta property=\"og:url\" content=\"https:\/\/www.diocesitn.it\/area-cultura\/2025\/02\/03\/presentazione-del-carteggio-di-antonio-rosmini-con-i-propri-familiari-giovedi-20-febbraio\/\" \/>\n<meta property=\"og:site_name\" content=\"Cultura\" \/>\n<meta property=\"article:published_time\" content=\"2025-02-03T09:35:19+00:00\" \/>\n<meta property=\"article:modified_time\" content=\"2025-02-21T08:00:03+00:00\" \/>\n<meta property=\"og:image\" content=\"https:\/\/www.diocesitn.it\/area-cultura\/wp-content\/uploads\/sites\/38\/2021\/09\/og-logo-cultura.jpg\" \/>\n\t<meta property=\"og:image:width\" content=\"1200\" \/>\n\t<meta property=\"og:image:height\" content=\"630\" \/>\n\t<meta property=\"og:image:type\" content=\"image\/jpeg\" \/>\n<meta name=\"author\" content=\"ledine\" \/>\n<meta name=\"twitter:card\" content=\"summary_large_image\" \/>\n<meta name=\"twitter:label1\" content=\"Scritto da\" \/>\n\t<meta name=\"twitter:data1\" content=\"ledine\" \/>\n\t<meta name=\"twitter:label2\" content=\"Tempo di lettura stimato\" \/>\n\t<meta name=\"twitter:data2\" content=\"2 minuti\" \/>\n<script type=\"application\/ld+json\" class=\"yoast-schema-graph\">{\"@context\":\"https:\/\/schema.org\",\"@graph\":[{\"@type\":\"Article\",\"@id\":\"https:\/\/www.diocesitn.it\/area-cultura\/2025\/02\/03\/presentazione-del-carteggio-di-antonio-rosmini-con-i-propri-familiari-giovedi-20-febbraio\/#article\",\"isPartOf\":{\"@id\":\"https:\/\/www.diocesitn.it\/area-cultura\/2025\/02\/03\/presentazione-del-carteggio-di-antonio-rosmini-con-i-propri-familiari-giovedi-20-febbraio\/\"},\"author\":{\"name\":\"ledine\",\"@id\":\"https:\/\/www.diocesitn.it\/area-cultura\/#\/schema\/person\/93b7401db62b6f32d20347e997095e6c\"},\"headline\":\"Presentazione del &#8220;Carteggio di Antonio Rosmini con i propri familiari&#8221;, gioved\u00ec 20 febbraio, ore 17.30\",\"datePublished\":\"2025-02-03T09:35:19+00:00\",\"dateModified\":\"2025-02-21T08:00:03+00:00\",\"mainEntityOfPage\":{\"@id\":\"https:\/\/www.diocesitn.it\/area-cultura\/2025\/02\/03\/presentazione-del-carteggio-di-antonio-rosmini-con-i-propri-familiari-giovedi-20-febbraio\/\"},\"wordCount\":274,\"publisher\":{\"@id\":\"https:\/\/www.diocesitn.it\/area-cultura\/#organization\"},\"image\":{\"@id\":\"https:\/\/www.diocesitn.it\/area-cultura\/2025\/02\/03\/presentazione-del-carteggio-di-antonio-rosmini-con-i-propri-familiari-giovedi-20-febbraio\/#primaryimage\"},\"thumbnailUrl\":\"https:\/\/www.diocesitn.it\/area-cultura\/wp-content\/uploads\/sites\/38\/2025\/02\/per-banner-1-pdf.jpg\",\"keywords\":[\"Antonio Rosmini\",\"Eleonora Bressa\",\"Ludovico Maria Gadaleta\",\"Michele Dossi\",\"presentazione libro\"],\"articleSection\":[\"Area Cultura\",\"Biblioteca diocesana Vigilianum\",\"Notizie\",\"Progetto Chieseacolori\"],\"inLanguage\":\"it-IT\",\"copyrightYear\":\"2025\",\"copyrightHolder\":{\"@id\":\"https:\/\/www.diocesitn.it\/#organization\"}},{\"@type\":\"WebPage\",\"@id\":\"https:\/\/www.diocesitn.it\/area-cultura\/2025\/02\/03\/presentazione-del-carteggio-di-antonio-rosmini-con-i-propri-familiari-giovedi-20-febbraio\/\",\"url\":\"https:\/\/www.diocesitn.it\/area-cultura\/2025\/02\/03\/presentazione-del-carteggio-di-antonio-rosmini-con-i-propri-familiari-giovedi-20-febbraio\/\",\"name\":\"Presentazione del \\\"Carteggio di Antonio Rosmini con i propri familiari\\\", gioved\u00ec 20 febbraio, ore 17.30 - Cultura\",\"isPartOf\":{\"@id\":\"https:\/\/www.diocesitn.it\/area-cultura\/#website\"},\"primaryImageOfPage\":{\"@id\":\"https:\/\/www.diocesitn.it\/area-cultura\/2025\/02\/03\/presentazione-del-carteggio-di-antonio-rosmini-con-i-propri-familiari-giovedi-20-febbraio\/#primaryimage\"},\"image\":{\"@id\":\"https:\/\/www.diocesitn.it\/area-cultura\/2025\/02\/03\/presentazione-del-carteggio-di-antonio-rosmini-con-i-propri-familiari-giovedi-20-febbraio\/#primaryimage\"},\"thumbnailUrl\":\"https:\/\/www.diocesitn.it\/area-cultura\/wp-content\/uploads\/sites\/38\/2025\/02\/per-banner-1-pdf.jpg\",\"datePublished\":\"2025-02-03T09:35:19+00:00\",\"dateModified\":\"2025-02-21T08:00:03+00:00\",\"breadcrumb\":{\"@id\":\"https:\/\/www.diocesitn.it\/area-cultura\/2025\/02\/03\/presentazione-del-carteggio-di-antonio-rosmini-con-i-propri-familiari-giovedi-20-febbraio\/#breadcrumb\"},\"inLanguage\":\"it-IT\",\"potentialAction\":[{\"@type\":\"ReadAction\",\"target\":[\"https:\/\/www.diocesitn.it\/area-cultura\/2025\/02\/03\/presentazione-del-carteggio-di-antonio-rosmini-con-i-propri-familiari-giovedi-20-febbraio\/\"]}]},{\"@type\":\"ImageObject\",\"inLanguage\":\"it-IT\",\"@id\":\"https:\/\/www.diocesitn.it\/area-cultura\/2025\/02\/03\/presentazione-del-carteggio-di-antonio-rosmini-con-i-propri-familiari-giovedi-20-febbraio\/#primaryimage\",\"url\":\"https:\/\/www.diocesitn.it\/area-cultura\/wp-content\/uploads\/sites\/38\/2025\/02\/per-banner-1-pdf.jpg\",\"contentUrl\":\"https:\/\/www.diocesitn.it\/area-cultura\/wp-content\/uploads\/sites\/38\/2025\/02\/per-banner-1-pdf.jpg\"},{\"@type\":\"BreadcrumbList\",\"@id\":\"https:\/\/www.diocesitn.it\/area-cultura\/2025\/02\/03\/presentazione-del-carteggio-di-antonio-rosmini-con-i-propri-familiari-giovedi-20-febbraio\/#breadcrumb\",\"itemListElement\":[{\"@type\":\"ListItem\",\"position\":1,\"name\":\"Home\",\"item\":\"https:\/\/www.diocesitn.it\/area-cultura\/\"},{\"@type\":\"ListItem\",\"position\":2,\"name\":\"Presentazione del &#8220;Carteggio di Antonio Rosmini con i propri familiari&#8221;, gioved\u00ec 20 febbraio, ore 17.30\"}]},{\"@type\":\"WebSite\",\"@id\":\"https:\/\/www.diocesitn.it\/area-cultura\/#website\",\"url\":\"https:\/\/www.diocesitn.it\/area-cultura\/\",\"name\":\"Cultura\",\"description\":\"Chiesa di Trento\",\"publisher\":{\"@id\":\"https:\/\/www.diocesitn.it\/area-cultura\/#organization\"},\"potentialAction\":[{\"@type\":\"SearchAction\",\"target\":{\"@type\":\"EntryPoint\",\"urlTemplate\":\"https:\/\/www.diocesitn.it\/area-cultura\/?s={search_term_string}\"},\"query-input\":\"required name=search_term_string\"}],\"inLanguage\":\"it-IT\"},{\"@type\":[\"Organization\",\"Place\"],\"@id\":\"https:\/\/www.diocesitn.it\/area-cultura\/#organization\",\"name\":\"Area Cultura - Chiesa di Trento\",\"url\":\"https:\/\/www.diocesitn.it\/area-cultura\/\",\"logo\":{\"@id\":\"https:\/\/www.diocesitn.it\/area-cultura\/2025\/02\/03\/presentazione-del-carteggio-di-antonio-rosmini-con-i-propri-familiari-giovedi-20-febbraio\/#local-main-organization-logo\"},\"image\":{\"@id\":\"https:\/\/www.diocesitn.it\/area-cultura\/2025\/02\/03\/presentazione-del-carteggio-di-antonio-rosmini-con-i-propri-familiari-giovedi-20-febbraio\/#local-main-organization-logo\"},\"sameAs\":[\"https:\/\/www.youtube.com\/channel\/UCfWD2n-N6WTCg2P_UA72H6Q\"],\"openingHoursSpecification\":[{\"@type\":\"OpeningHoursSpecification\",\"dayOfWeek\":[\"Monday\",\"Tuesday\",\"Wednesday\",\"Thursday\",\"Friday\",\"Saturday\",\"Sunday\"],\"opens\":\"09:00\",\"closes\":\"17:00\"}]},{\"@type\":\"ImageObject\",\"inLanguage\":\"it-IT\",\"@id\":\"https:\/\/www.diocesitn.it\/area-cultura\/2025\/02\/03\/presentazione-del-carteggio-di-antonio-rosmini-con-i-propri-familiari-giovedi-20-febbraio\/#local-main-organization-logo\",\"url\":\"https:\/\/www.diocesitn.it\/area-cultura\/wp-content\/uploads\/sites\/38\/2021\/09\/og-logo-cultura.jpg\",\"contentUrl\":\"https:\/\/www.diocesitn.it\/area-cultura\/wp-content\/uploads\/sites\/38\/2021\/09\/og-logo-cultura.jpg\",\"width\":1200,\"height\":630,\"caption\":\"Area Cultura - Chiesa di Trento\"}]}<\/script>\n<!-- \/ Yoast SEO Premium plugin. -->","yoast_head_json":{"title":"Presentazione del \"Carteggio di Antonio Rosmini con i propri familiari\", gioved\u00ec 20 febbraio, ore 17.30 - Cultura","robots":{"index":"index","follow":"follow","max-snippet":"max-snippet:-1","max-image-preview":"max-image-preview:large","max-video-preview":"max-video-preview:-1"},"canonical":"https:\/\/www.diocesitn.it\/area-cultura\/2025\/02\/03\/presentazione-del-carteggio-di-antonio-rosmini-con-i-propri-familiari-giovedi-20-febbraio\/","og_locale":"it_IT","og_type":"article","og_title":"Presentazione del \"Carteggio di Antonio Rosmini con i propri familiari\", gioved\u00ec 20 febbraio, ore 17.30","og_description":"Gioved\u00ec 20 febbraio alle ore 17.30 presso la Chiesa di Santa Margherita a Trento verr\u00e0 presentato il volume Carteggio di Antonio Rosmini con i propri familiari. L\u2019opera \u00e8 costituita da due tomi, per un totale","og_url":"https:\/\/www.diocesitn.it\/area-cultura\/2025\/02\/03\/presentazione-del-carteggio-di-antonio-rosmini-con-i-propri-familiari-giovedi-20-febbraio\/","og_site_name":"Cultura","article_published_time":"2025-02-03T09:35:19+00:00","article_modified_time":"2025-02-21T08:00:03+00:00","og_image":[{"width":1200,"height":630,"url":"https:\/\/www.diocesitn.it\/area-cultura\/wp-content\/uploads\/sites\/38\/2021\/09\/og-logo-cultura.jpg","type":"image\/jpeg"}],"author":"ledine","twitter_card":"summary_large_image","twitter_misc":{"Scritto da":"ledine","Tempo di lettura stimato":"2 minuti"},"schema":{"@context":"https:\/\/schema.org","@graph":[{"@type":"Article","@id":"https:\/\/www.diocesitn.it\/area-cultura\/2025\/02\/03\/presentazione-del-carteggio-di-antonio-rosmini-con-i-propri-familiari-giovedi-20-febbraio\/#article","isPartOf":{"@id":"https:\/\/www.diocesitn.it\/area-cultura\/2025\/02\/03\/presentazione-del-carteggio-di-antonio-rosmini-con-i-propri-familiari-giovedi-20-febbraio\/"},"author":{"name":"ledine","@id":"https:\/\/www.diocesitn.it\/area-cultura\/#\/schema\/person\/93b7401db62b6f32d20347e997095e6c"},"headline":"Presentazione del &#8220;Carteggio di Antonio Rosmini con i propri familiari&#8221;, gioved\u00ec 20 febbraio, ore 17.30","datePublished":"2025-02-03T09:35:19+00:00","dateModified":"2025-02-21T08:00:03+00:00","mainEntityOfPage":{"@id":"https:\/\/www.diocesitn.it\/area-cultura\/2025\/02\/03\/presentazione-del-carteggio-di-antonio-rosmini-con-i-propri-familiari-giovedi-20-febbraio\/"},"wordCount":274,"publisher":{"@id":"https:\/\/www.diocesitn.it\/area-cultura\/#organization"},"image":{"@id":"https:\/\/www.diocesitn.it\/area-cultura\/2025\/02\/03\/presentazione-del-carteggio-di-antonio-rosmini-con-i-propri-familiari-giovedi-20-febbraio\/#primaryimage"},"thumbnailUrl":"https:\/\/www.diocesitn.it\/area-cultura\/wp-content\/uploads\/sites\/38\/2025\/02\/per-banner-1-pdf.jpg","keywords":["Antonio Rosmini","Eleonora Bressa","Ludovico Maria Gadaleta","Michele Dossi","presentazione libro"],"articleSection":["Area Cultura","Biblioteca diocesana Vigilianum","Notizie","Progetto Chieseacolori"],"inLanguage":"it-IT","copyrightYear":"2025","copyrightHolder":{"@id":"https:\/\/www.diocesitn.it\/#organization"}},{"@type":"WebPage","@id":"https:\/\/www.diocesitn.it\/area-cultura\/2025\/02\/03\/presentazione-del-carteggio-di-antonio-rosmini-con-i-propri-familiari-giovedi-20-febbraio\/","url":"https:\/\/www.diocesitn.it\/area-cultura\/2025\/02\/03\/presentazione-del-carteggio-di-antonio-rosmini-con-i-propri-familiari-giovedi-20-febbraio\/","name":"Presentazione del \"Carteggio di Antonio Rosmini con i propri familiari\", gioved\u00ec 20 febbraio, ore 17.30 - Cultura","isPartOf":{"@id":"https:\/\/www.diocesitn.it\/area-cultura\/#website"},"primaryImageOfPage":{"@id":"https:\/\/www.diocesitn.it\/area-cultura\/2025\/02\/03\/presentazione-del-carteggio-di-antonio-rosmini-con-i-propri-familiari-giovedi-20-febbraio\/#primaryimage"},"image":{"@id":"https:\/\/www.diocesitn.it\/area-cultura\/2025\/02\/03\/presentazione-del-carteggio-di-antonio-rosmini-con-i-propri-familiari-giovedi-20-febbraio\/#primaryimage"},"thumbnailUrl":"https:\/\/www.diocesitn.it\/area-cultura\/wp-content\/uploads\/sites\/38\/2025\/02\/per-banner-1-pdf.jpg","datePublished":"2025-02-03T09:35:19+00:00","dateModified":"2025-02-21T08:00:03+00:00","breadcrumb":{"@id":"https:\/\/www.diocesitn.it\/area-cultura\/2025\/02\/03\/presentazione-del-carteggio-di-antonio-rosmini-con-i-propri-familiari-giovedi-20-febbraio\/#breadcrumb"},"inLanguage":"it-IT","potentialAction":[{"@type":"ReadAction","target":["https:\/\/www.diocesitn.it\/area-cultura\/2025\/02\/03\/presentazione-del-carteggio-di-antonio-rosmini-con-i-propri-familiari-giovedi-20-febbraio\/"]}]},{"@type":"ImageObject","inLanguage":"it-IT","@id":"https:\/\/www.diocesitn.it\/area-cultura\/2025\/02\/03\/presentazione-del-carteggio-di-antonio-rosmini-con-i-propri-familiari-giovedi-20-febbraio\/#primaryimage","url":"https:\/\/www.diocesitn.it\/area-cultura\/wp-content\/uploads\/sites\/38\/2025\/02\/per-banner-1-pdf.jpg","contentUrl":"https:\/\/www.diocesitn.it\/area-cultura\/wp-content\/uploads\/sites\/38\/2025\/02\/per-banner-1-pdf.jpg"},{"@type":"BreadcrumbList","@id":"https:\/\/www.diocesitn.it\/area-cultura\/2025\/02\/03\/presentazione-del-carteggio-di-antonio-rosmini-con-i-propri-familiari-giovedi-20-febbraio\/#breadcrumb","itemListElement":[{"@type":"ListItem","position":1,"name":"Home","item":"https:\/\/www.diocesitn.it\/area-cultura\/"},{"@type":"ListItem","position":2,"name":"Presentazione del &#8220;Carteggio di Antonio Rosmini con i propri familiari&#8221;, gioved\u00ec 20 febbraio, ore 17.30"}]},{"@type":"WebSite","@id":"https:\/\/www.diocesitn.it\/area-cultura\/#website","url":"https:\/\/www.diocesitn.it\/area-cultura\/","name":"Cultura","description":"Chiesa di Trento","publisher":{"@id":"https:\/\/www.diocesitn.it\/area-cultura\/#organization"},"potentialAction":[{"@type":"SearchAction","target":{"@type":"EntryPoint","urlTemplate":"https:\/\/www.diocesitn.it\/area-cultura\/?s={search_term_string}"},"query-input":"required name=search_term_string"}],"inLanguage":"it-IT"},{"@type":["Organization","Place"],"@id":"https:\/\/www.diocesitn.it\/area-cultura\/#organization","name":"Area Cultura - Chiesa di Trento","url":"https:\/\/www.diocesitn.it\/area-cultura\/","logo":{"@id":"https:\/\/www.diocesitn.it\/area-cultura\/2025\/02\/03\/presentazione-del-carteggio-di-antonio-rosmini-con-i-propri-familiari-giovedi-20-febbraio\/#local-main-organization-logo"},"image":{"@id":"https:\/\/www.diocesitn.it\/area-cultura\/2025\/02\/03\/presentazione-del-carteggio-di-antonio-rosmini-con-i-propri-familiari-giovedi-20-febbraio\/#local-main-organization-logo"},"sameAs":["https:\/\/www.youtube.com\/channel\/UCfWD2n-N6WTCg2P_UA72H6Q"],"openingHoursSpecification":[{"@type":"OpeningHoursSpecification","dayOfWeek":["Monday","Tuesday","Wednesday","Thursday","Friday","Saturday","Sunday"],"opens":"09:00","closes":"17:00"}]},{"@type":"ImageObject","inLanguage":"it-IT","@id":"https:\/\/www.diocesitn.it\/area-cultura\/2025\/02\/03\/presentazione-del-carteggio-di-antonio-rosmini-con-i-propri-familiari-giovedi-20-febbraio\/#local-main-organization-logo","url":"https:\/\/www.diocesitn.it\/area-cultura\/wp-content\/uploads\/sites\/38\/2021\/09\/og-logo-cultura.jpg","contentUrl":"https:\/\/www.diocesitn.it\/area-cultura\/wp-content\/uploads\/sites\/38\/2021\/09\/og-logo-cultura.jpg","width":1200,"height":630,"caption":"Area Cultura - Chiesa di Trento"}]}},"_links":{"self":[{"href":"https:\/\/www.diocesitn.it\/area-cultura\/wp-json\/wp\/v2\/posts\/14843","targetHints":{"allow":["GET"]}}],"collection":[{"href":"https:\/\/www.diocesitn.it\/area-cultura\/wp-json\/wp\/v2\/posts"}],"about":[{"href":"https:\/\/www.diocesitn.it\/area-cultura\/wp-json\/wp\/v2\/types\/post"}],"author":[{"embeddable":true,"href":"https:\/\/www.diocesitn.it\/area-cultura\/wp-json\/wp\/v2\/users\/165"}],"replies":[{"embeddable":true,"href":"https:\/\/www.diocesitn.it\/area-cultura\/wp-json\/wp\/v2\/comments?post=14843"}],"version-history":[{"count":3,"href":"https:\/\/www.diocesitn.it\/area-cultura\/wp-json\/wp\/v2\/posts\/14843\/revisions"}],"predecessor-version":[{"id":14860,"href":"https:\/\/www.diocesitn.it\/area-cultura\/wp-json\/wp\/v2\/posts\/14843\/revisions\/14860"}],"wp:featuredmedia":[{"embeddable":true,"href":"https:\/\/www.diocesitn.it\/area-cultura\/wp-json\/wp\/v2\/media\/14858"}],"wp:attachment":[{"href":"https:\/\/www.diocesitn.it\/area-cultura\/wp-json\/wp\/v2\/media?parent=14843"}],"wp:term":[{"taxonomy":"category","embeddable":true,"href":"https:\/\/www.diocesitn.it\/area-cultura\/wp-json\/wp\/v2\/categories?post=14843"},{"taxonomy":"post_tag","embeddable":true,"href":"https:\/\/www.diocesitn.it\/area-cultura\/wp-json\/wp\/v2\/tags?post=14843"}],"curies":[{"name":"wp","href":"https:\/\/api.w.org\/{rel}","templated":true}]}}