{"id":14790,"date":"2025-01-27T09:03:02","date_gmt":"2025-01-27T08:03:02","guid":{"rendered":"https:\/\/www.diocesitn.it\/area-cultura\/?p=14790"},"modified":"2025-03-19T09:26:51","modified_gmt":"2025-03-19T08:26:51","slug":"cattedra-del-confronto-2025","status":"publish","type":"post","link":"https:\/\/www.diocesitn.it\/area-cultura\/2025\/01\/27\/cattedra-del-confronto-2025\/","title":{"rendered":"Cattedra del Confronto 2025"},"content":{"rendered":"<p style=\"text-align: center\">In un tempo veloce l&#8217;attesa sembra solo una perdita di tempo.<\/p>\n<p style=\"text-align: center\">In un tempo incerto l&#8217;attesa pu\u00f2 portare a novit\u00e0 tanto buone quanto cattive.<\/p>\n<p style=\"text-align: center\">Cosa significa dunque attendere oggi? Quale significato pu\u00f2 avere?<\/p>\n<p>Le voci della sociologia, dell&#8217;attualit\u00e0 e della Scrittura si confrontano in questa sedicesima edizione della Cattedra del Confronto.<\/p>\n<p>Il formato cambia, ma la sostanza resta. Voci diverse che si confrontano fra loro e con il pubblico su un tema rilevante per la vita e il pensiero di oggi.<\/p>\n<p style=\"text-align: center\"><a href=\"https:\/\/www.diocesitn.it\/area-cultura\/wp-content\/uploads\/sites\/38\/2025\/01\/Cattedra_2025_Attendere_A4_web.pdf\">Scarica la locandina<\/a><\/p>\n<p style=\"text-align: center\"><a href=\"https:\/\/www.diocesitn.it\/area-cultura\/wp-content\/uploads\/sites\/38\/2025\/01\/Cattedra_2025_Attendere_A4_web.pdf\"><img loading=\"lazy\" decoding=\"async\" class=\"alignnone size-medium wp-image-14794\" src=\"https:\/\/www.diocesitn.it\/area-cultura\/wp-content\/uploads\/sites\/38\/2025\/01\/Cattedra_2025_Attendere_A4-212x300.jpg\" alt=\"\" width=\"212\" height=\"300\" srcset=\"https:\/\/www.diocesitn.it\/area-cultura\/wp-content\/uploads\/sites\/38\/2025\/01\/Cattedra_2025_Attendere_A4-212x300.jpg 212w, https:\/\/www.diocesitn.it\/area-cultura\/wp-content\/uploads\/sites\/38\/2025\/01\/Cattedra_2025_Attendere_A4-724x1024.jpg 724w, https:\/\/www.diocesitn.it\/area-cultura\/wp-content\/uploads\/sites\/38\/2025\/01\/Cattedra_2025_Attendere_A4-768x1086.jpg 768w, https:\/\/www.diocesitn.it\/area-cultura\/wp-content\/uploads\/sites\/38\/2025\/01\/Cattedra_2025_Attendere_A4-198x280.jpg 198w, https:\/\/www.diocesitn.it\/area-cultura\/wp-content\/uploads\/sites\/38\/2025\/01\/Cattedra_2025_Attendere_A4-543x768.jpg 543w, https:\/\/www.diocesitn.it\/area-cultura\/wp-content\/uploads\/sites\/38\/2025\/01\/Cattedra_2025_Attendere_A4-1086x1536.jpg 1086w, https:\/\/www.diocesitn.it\/area-cultura\/wp-content\/uploads\/sites\/38\/2025\/01\/Cattedra_2025_Attendere_A4-800x1132.jpg 800w, https:\/\/www.diocesitn.it\/area-cultura\/wp-content\/uploads\/sites\/38\/2025\/01\/Cattedra_2025_Attendere_A4-1200x1697.jpg 1200w, https:\/\/www.diocesitn.it\/area-cultura\/wp-content\/uploads\/sites\/38\/2025\/01\/Cattedra_2025_Attendere_A4.jpg 1240w\" sizes=\"auto, (max-width: 212px) 100vw, 212px\" \/><\/a><\/p>\n<p style=\"text-align: center\"><strong>Luned\u00ec 10 marzo\u00a0<\/strong>\u2013\u00a0<strong>In un tempo che va di fretta. Perch\u00e9 attendere?\u00a0<\/strong>\u2013<strong>\u00a0con Chiara Giaccardi<\/strong>, sociologa<\/p>\n<p style=\"text-align: center\">(in apertura i video preparati dagli studenti di UniTn per aiutarci ad entrare nel tema)<\/p>\n<p>&nbsp;<\/p>\n<p style=\"text-align: center\"><strong>Luned\u00ec 17 marzo\u00a0<\/strong>\u2013<strong>\u00a0In un tempo di guerra. Attendere la pace?\u00a0<\/strong>\u2013<strong>\u00a0con Nello Scavo<\/strong>, giornalista<\/p>\n<p style=\"text-align: center\">(in apertura voci e pensieri sulla pace)<\/p>\n<p>&nbsp;<\/p>\n<p style=\"text-align: center\"><strong>Luned\u00ec 24 marzo\u00a0<\/strong>\u2013<strong>\u00a0Icone bibliche. Il paradosso di attendere? \u2013 con Roberto Pasolini<\/strong>, biblista<\/p>\n<p style=\"text-align: center\">(in apertura un ascolto biblico e musicale)<\/p>\n<p>&nbsp;<\/p>\n<p>Gli incontri si terranno alle ore 20.45 presso l&#8217;Aula magna dell&#8217;Arcivescovile &#8211; via Endrici, 23 &#8211; Trento.<\/p>\n<p>&nbsp;<\/p>\n","protected":false},"excerpt":{"rendered":"<p>In un tempo veloce l&#8217;attesa sembra solo una perdita di tempo. In un tempo incerto l&#8217;attesa pu\u00f2 portare a novit\u00e0 tanto buone quanto cattive. Cosa significa dunque attendere oggi? Quale significato pu\u00f2 avere? Le voci<\/p>\n","protected":false},"author":176,"featured_media":14792,"comment_status":"closed","ping_status":"closed","sticky":false,"template":"","format":"standard","meta":{"footnotes":""},"categories":[632,357,461,375,329,1],"tags":[690,689,692,694,693,691],"class_list":["post-14790","post","type-post","status-publish","format-standard","has-post-thumbnail","hentry","category-area-cultura","category-servizio-cultura-cattedra-del-confronto","category-cultura","category-servizio-formazione","category-notizie","category-senza-categoria","tag-attesa","tag-cattedra","tag-giaccardi","tag-pasolini","tag-scavo","tag-speranza"],"acf":{"seed-localization-paese-cod":"IT","seed-localization-address":"","seed-localization-citta":"Trento","seed-localization-regione-cod-istat":"04","seed-localization-citta-cod-istat":"022205","seed-localization-localita":"","seed-localization-cap":"","seed-localization-marker-visibility":false,"seed-localization-children-visibility":false,"seed-localization-kml":"","seed-localization-custom-marker":""},"yoast_head":"<!-- This site is optimized with the Yoast SEO Premium plugin v20.2.1 (Yoast SEO v22.2) - https:\/\/yoast.com\/wordpress\/plugins\/seo\/ -->\n<title>Cattedra del Confronto 2025 - Cultura<\/title>\n<meta name=\"robots\" content=\"index, follow, max-snippet:-1, max-image-preview:large, max-video-preview:-1\" \/>\n<link rel=\"canonical\" href=\"https:\/\/www.diocesitn.it\/area-cultura\/2025\/01\/27\/cattedra-del-confronto-2025\/\" \/>\n<meta property=\"og:locale\" content=\"it_IT\" \/>\n<meta property=\"og:type\" content=\"article\" \/>\n<meta property=\"og:title\" content=\"Cattedra del Confronto 2025\" \/>\n<meta property=\"og:description\" content=\"In un tempo veloce l&#8217;attesa sembra solo una perdita di tempo. In un tempo incerto l&#8217;attesa pu\u00f2 portare a novit\u00e0 tanto buone quanto cattive. Cosa significa dunque attendere oggi? Quale significato pu\u00f2 avere? Le voci\" \/>\n<meta property=\"og:url\" content=\"https:\/\/www.diocesitn.it\/area-cultura\/2025\/01\/27\/cattedra-del-confronto-2025\/\" \/>\n<meta property=\"og:site_name\" content=\"Cultura\" \/>\n<meta property=\"article:published_time\" content=\"2025-01-27T08:03:02+00:00\" \/>\n<meta property=\"article:modified_time\" content=\"2025-03-19T08:26:51+00:00\" \/>\n<meta property=\"og:image\" content=\"https:\/\/www.diocesitn.it\/area-cultura\/wp-content\/uploads\/sites\/38\/2025\/01\/Cattedra_2025_Attendere_image-1024x594-1.jpeg\" \/>\n\t<meta property=\"og:image:width\" content=\"1024\" \/>\n\t<meta property=\"og:image:height\" content=\"594\" \/>\n\t<meta property=\"og:image:type\" content=\"image\/jpeg\" \/>\n<meta name=\"author\" content=\"lparis\" \/>\n<meta name=\"twitter:card\" content=\"summary_large_image\" \/>\n<meta name=\"twitter:label1\" content=\"Scritto da\" \/>\n\t<meta name=\"twitter:data1\" content=\"lparis\" \/>\n\t<meta name=\"twitter:label2\" content=\"Tempo di lettura stimato\" \/>\n\t<meta name=\"twitter:data2\" content=\"2 minuti\" \/>\n<script type=\"application\/ld+json\" class=\"yoast-schema-graph\">{\"@context\":\"https:\/\/schema.org\",\"@graph\":[{\"@type\":\"Article\",\"@id\":\"https:\/\/www.diocesitn.it\/area-cultura\/2025\/01\/27\/cattedra-del-confronto-2025\/#article\",\"isPartOf\":{\"@id\":\"https:\/\/www.diocesitn.it\/area-cultura\/2025\/01\/27\/cattedra-del-confronto-2025\/\"},\"author\":{\"name\":\"lparis\",\"@id\":\"https:\/\/www.diocesitn.it\/area-cultura\/#\/schema\/person\/56f5dae17432fc6d153fbbbf46f9d871\"},\"headline\":\"Cattedra del Confronto 2025\",\"datePublished\":\"2025-01-27T08:03:02+00:00\",\"dateModified\":\"2025-03-19T08:26:51+00:00\",\"mainEntityOfPage\":{\"@id\":\"https:\/\/www.diocesitn.it\/area-cultura\/2025\/01\/27\/cattedra-del-confronto-2025\/\"},\"wordCount\":176,\"publisher\":{\"@id\":\"https:\/\/www.diocesitn.it\/area-cultura\/#organization\"},\"image\":{\"@id\":\"https:\/\/www.diocesitn.it\/area-cultura\/2025\/01\/27\/cattedra-del-confronto-2025\/#primaryimage\"},\"thumbnailUrl\":\"https:\/\/www.diocesitn.it\/area-cultura\/wp-content\/uploads\/sites\/38\/2025\/01\/Cattedra_2025_Attendere_image-1024x594-1.jpeg\",\"keywords\":[\"attesa\",\"Cattedra\",\"Giaccardi\",\"Pasolini\",\"Scavo\",\"speranza\"],\"articleSection\":[\"Area Cultura\",\"Cattedra del Confronto\",\"Cultura\",\"Formazione\",\"Notizie\"],\"inLanguage\":\"it-IT\",\"copyrightYear\":\"2025\",\"copyrightHolder\":{\"@id\":\"https:\/\/www.diocesitn.it\/#organization\"}},{\"@type\":\"WebPage\",\"@id\":\"https:\/\/www.diocesitn.it\/area-cultura\/2025\/01\/27\/cattedra-del-confronto-2025\/\",\"url\":\"https:\/\/www.diocesitn.it\/area-cultura\/2025\/01\/27\/cattedra-del-confronto-2025\/\",\"name\":\"Cattedra del Confronto 2025 - Cultura\",\"isPartOf\":{\"@id\":\"https:\/\/www.diocesitn.it\/area-cultura\/#website\"},\"primaryImageOfPage\":{\"@id\":\"https:\/\/www.diocesitn.it\/area-cultura\/2025\/01\/27\/cattedra-del-confronto-2025\/#primaryimage\"},\"image\":{\"@id\":\"https:\/\/www.diocesitn.it\/area-cultura\/2025\/01\/27\/cattedra-del-confronto-2025\/#primaryimage\"},\"thumbnailUrl\":\"https:\/\/www.diocesitn.it\/area-cultura\/wp-content\/uploads\/sites\/38\/2025\/01\/Cattedra_2025_Attendere_image-1024x594-1.jpeg\",\"datePublished\":\"2025-01-27T08:03:02+00:00\",\"dateModified\":\"2025-03-19T08:26:51+00:00\",\"breadcrumb\":{\"@id\":\"https:\/\/www.diocesitn.it\/area-cultura\/2025\/01\/27\/cattedra-del-confronto-2025\/#breadcrumb\"},\"inLanguage\":\"it-IT\",\"potentialAction\":[{\"@type\":\"ReadAction\",\"target\":[\"https:\/\/www.diocesitn.it\/area-cultura\/2025\/01\/27\/cattedra-del-confronto-2025\/\"]}]},{\"@type\":\"ImageObject\",\"inLanguage\":\"it-IT\",\"@id\":\"https:\/\/www.diocesitn.it\/area-cultura\/2025\/01\/27\/cattedra-del-confronto-2025\/#primaryimage\",\"url\":\"https:\/\/www.diocesitn.it\/area-cultura\/wp-content\/uploads\/sites\/38\/2025\/01\/Cattedra_2025_Attendere_image-1024x594-1.jpeg\",\"contentUrl\":\"https:\/\/www.diocesitn.it\/area-cultura\/wp-content\/uploads\/sites\/38\/2025\/01\/Cattedra_2025_Attendere_image-1024x594-1.jpeg\",\"width\":1024,\"height\":594},{\"@type\":\"BreadcrumbList\",\"@id\":\"https:\/\/www.diocesitn.it\/area-cultura\/2025\/01\/27\/cattedra-del-confronto-2025\/#breadcrumb\",\"itemListElement\":[{\"@type\":\"ListItem\",\"position\":1,\"name\":\"Home\",\"item\":\"https:\/\/www.diocesitn.it\/area-cultura\/\"},{\"@type\":\"ListItem\",\"position\":2,\"name\":\"Cattedra del Confronto 2025\"}]},{\"@type\":\"WebSite\",\"@id\":\"https:\/\/www.diocesitn.it\/area-cultura\/#website\",\"url\":\"https:\/\/www.diocesitn.it\/area-cultura\/\",\"name\":\"Cultura\",\"description\":\"Chiesa di Trento\",\"publisher\":{\"@id\":\"https:\/\/www.diocesitn.it\/area-cultura\/#organization\"},\"potentialAction\":[{\"@type\":\"SearchAction\",\"target\":{\"@type\":\"EntryPoint\",\"urlTemplate\":\"https:\/\/www.diocesitn.it\/area-cultura\/?s={search_term_string}\"},\"query-input\":\"required name=search_term_string\"}],\"inLanguage\":\"it-IT\"},{\"@type\":[\"Organization\",\"Place\"],\"@id\":\"https:\/\/www.diocesitn.it\/area-cultura\/#organization\",\"name\":\"Area Cultura - Chiesa di Trento\",\"url\":\"https:\/\/www.diocesitn.it\/area-cultura\/\",\"logo\":{\"@id\":\"https:\/\/www.diocesitn.it\/area-cultura\/2025\/01\/27\/cattedra-del-confronto-2025\/#local-main-organization-logo\"},\"image\":{\"@id\":\"https:\/\/www.diocesitn.it\/area-cultura\/2025\/01\/27\/cattedra-del-confronto-2025\/#local-main-organization-logo\"},\"sameAs\":[\"https:\/\/www.youtube.com\/channel\/UCfWD2n-N6WTCg2P_UA72H6Q\"],\"openingHoursSpecification\":[{\"@type\":\"OpeningHoursSpecification\",\"dayOfWeek\":[\"Monday\",\"Tuesday\",\"Wednesday\",\"Thursday\",\"Friday\",\"Saturday\",\"Sunday\"],\"opens\":\"09:00\",\"closes\":\"17:00\"}]},{\"@type\":\"ImageObject\",\"inLanguage\":\"it-IT\",\"@id\":\"https:\/\/www.diocesitn.it\/area-cultura\/2025\/01\/27\/cattedra-del-confronto-2025\/#local-main-organization-logo\",\"url\":\"https:\/\/www.diocesitn.it\/area-cultura\/wp-content\/uploads\/sites\/38\/2021\/09\/og-logo-cultura.jpg\",\"contentUrl\":\"https:\/\/www.diocesitn.it\/area-cultura\/wp-content\/uploads\/sites\/38\/2021\/09\/og-logo-cultura.jpg\",\"width\":1200,\"height\":630,\"caption\":\"Area Cultura - Chiesa di Trento\"}]}<\/script>\n<!-- \/ Yoast SEO Premium plugin. -->","yoast_head_json":{"title":"Cattedra del Confronto 2025 - Cultura","robots":{"index":"index","follow":"follow","max-snippet":"max-snippet:-1","max-image-preview":"max-image-preview:large","max-video-preview":"max-video-preview:-1"},"canonical":"https:\/\/www.diocesitn.it\/area-cultura\/2025\/01\/27\/cattedra-del-confronto-2025\/","og_locale":"it_IT","og_type":"article","og_title":"Cattedra del Confronto 2025","og_description":"In un tempo veloce l&#8217;attesa sembra solo una perdita di tempo. In un tempo incerto l&#8217;attesa pu\u00f2 portare a novit\u00e0 tanto buone quanto cattive. Cosa significa dunque attendere oggi? Quale significato pu\u00f2 avere? Le voci","og_url":"https:\/\/www.diocesitn.it\/area-cultura\/2025\/01\/27\/cattedra-del-confronto-2025\/","og_site_name":"Cultura","article_published_time":"2025-01-27T08:03:02+00:00","article_modified_time":"2025-03-19T08:26:51+00:00","og_image":[{"width":1024,"height":594,"url":"https:\/\/www.diocesitn.it\/area-cultura\/wp-content\/uploads\/sites\/38\/2025\/01\/Cattedra_2025_Attendere_image-1024x594-1.jpeg","type":"image\/jpeg"}],"author":"lparis","twitter_card":"summary_large_image","twitter_misc":{"Scritto da":"lparis","Tempo di lettura stimato":"2 minuti"},"schema":{"@context":"https:\/\/schema.org","@graph":[{"@type":"Article","@id":"https:\/\/www.diocesitn.it\/area-cultura\/2025\/01\/27\/cattedra-del-confronto-2025\/#article","isPartOf":{"@id":"https:\/\/www.diocesitn.it\/area-cultura\/2025\/01\/27\/cattedra-del-confronto-2025\/"},"author":{"name":"lparis","@id":"https:\/\/www.diocesitn.it\/area-cultura\/#\/schema\/person\/56f5dae17432fc6d153fbbbf46f9d871"},"headline":"Cattedra del Confronto 2025","datePublished":"2025-01-27T08:03:02+00:00","dateModified":"2025-03-19T08:26:51+00:00","mainEntityOfPage":{"@id":"https:\/\/www.diocesitn.it\/area-cultura\/2025\/01\/27\/cattedra-del-confronto-2025\/"},"wordCount":176,"publisher":{"@id":"https:\/\/www.diocesitn.it\/area-cultura\/#organization"},"image":{"@id":"https:\/\/www.diocesitn.it\/area-cultura\/2025\/01\/27\/cattedra-del-confronto-2025\/#primaryimage"},"thumbnailUrl":"https:\/\/www.diocesitn.it\/area-cultura\/wp-content\/uploads\/sites\/38\/2025\/01\/Cattedra_2025_Attendere_image-1024x594-1.jpeg","keywords":["attesa","Cattedra","Giaccardi","Pasolini","Scavo","speranza"],"articleSection":["Area Cultura","Cattedra del Confronto","Cultura","Formazione","Notizie"],"inLanguage":"it-IT","copyrightYear":"2025","copyrightHolder":{"@id":"https:\/\/www.diocesitn.it\/#organization"}},{"@type":"WebPage","@id":"https:\/\/www.diocesitn.it\/area-cultura\/2025\/01\/27\/cattedra-del-confronto-2025\/","url":"https:\/\/www.diocesitn.it\/area-cultura\/2025\/01\/27\/cattedra-del-confronto-2025\/","name":"Cattedra del Confronto 2025 - Cultura","isPartOf":{"@id":"https:\/\/www.diocesitn.it\/area-cultura\/#website"},"primaryImageOfPage":{"@id":"https:\/\/www.diocesitn.it\/area-cultura\/2025\/01\/27\/cattedra-del-confronto-2025\/#primaryimage"},"image":{"@id":"https:\/\/www.diocesitn.it\/area-cultura\/2025\/01\/27\/cattedra-del-confronto-2025\/#primaryimage"},"thumbnailUrl":"https:\/\/www.diocesitn.it\/area-cultura\/wp-content\/uploads\/sites\/38\/2025\/01\/Cattedra_2025_Attendere_image-1024x594-1.jpeg","datePublished":"2025-01-27T08:03:02+00:00","dateModified":"2025-03-19T08:26:51+00:00","breadcrumb":{"@id":"https:\/\/www.diocesitn.it\/area-cultura\/2025\/01\/27\/cattedra-del-confronto-2025\/#breadcrumb"},"inLanguage":"it-IT","potentialAction":[{"@type":"ReadAction","target":["https:\/\/www.diocesitn.it\/area-cultura\/2025\/01\/27\/cattedra-del-confronto-2025\/"]}]},{"@type":"ImageObject","inLanguage":"it-IT","@id":"https:\/\/www.diocesitn.it\/area-cultura\/2025\/01\/27\/cattedra-del-confronto-2025\/#primaryimage","url":"https:\/\/www.diocesitn.it\/area-cultura\/wp-content\/uploads\/sites\/38\/2025\/01\/Cattedra_2025_Attendere_image-1024x594-1.jpeg","contentUrl":"https:\/\/www.diocesitn.it\/area-cultura\/wp-content\/uploads\/sites\/38\/2025\/01\/Cattedra_2025_Attendere_image-1024x594-1.jpeg","width":1024,"height":594},{"@type":"BreadcrumbList","@id":"https:\/\/www.diocesitn.it\/area-cultura\/2025\/01\/27\/cattedra-del-confronto-2025\/#breadcrumb","itemListElement":[{"@type":"ListItem","position":1,"name":"Home","item":"https:\/\/www.diocesitn.it\/area-cultura\/"},{"@type":"ListItem","position":2,"name":"Cattedra del Confronto 2025"}]},{"@type":"WebSite","@id":"https:\/\/www.diocesitn.it\/area-cultura\/#website","url":"https:\/\/www.diocesitn.it\/area-cultura\/","name":"Cultura","description":"Chiesa di Trento","publisher":{"@id":"https:\/\/www.diocesitn.it\/area-cultura\/#organization"},"potentialAction":[{"@type":"SearchAction","target":{"@type":"EntryPoint","urlTemplate":"https:\/\/www.diocesitn.it\/area-cultura\/?s={search_term_string}"},"query-input":"required name=search_term_string"}],"inLanguage":"it-IT"},{"@type":["Organization","Place"],"@id":"https:\/\/www.diocesitn.it\/area-cultura\/#organization","name":"Area Cultura - Chiesa di Trento","url":"https:\/\/www.diocesitn.it\/area-cultura\/","logo":{"@id":"https:\/\/www.diocesitn.it\/area-cultura\/2025\/01\/27\/cattedra-del-confronto-2025\/#local-main-organization-logo"},"image":{"@id":"https:\/\/www.diocesitn.it\/area-cultura\/2025\/01\/27\/cattedra-del-confronto-2025\/#local-main-organization-logo"},"sameAs":["https:\/\/www.youtube.com\/channel\/UCfWD2n-N6WTCg2P_UA72H6Q"],"openingHoursSpecification":[{"@type":"OpeningHoursSpecification","dayOfWeek":["Monday","Tuesday","Wednesday","Thursday","Friday","Saturday","Sunday"],"opens":"09:00","closes":"17:00"}]},{"@type":"ImageObject","inLanguage":"it-IT","@id":"https:\/\/www.diocesitn.it\/area-cultura\/2025\/01\/27\/cattedra-del-confronto-2025\/#local-main-organization-logo","url":"https:\/\/www.diocesitn.it\/area-cultura\/wp-content\/uploads\/sites\/38\/2021\/09\/og-logo-cultura.jpg","contentUrl":"https:\/\/www.diocesitn.it\/area-cultura\/wp-content\/uploads\/sites\/38\/2021\/09\/og-logo-cultura.jpg","width":1200,"height":630,"caption":"Area Cultura - Chiesa di Trento"}]}},"_links":{"self":[{"href":"https:\/\/www.diocesitn.it\/area-cultura\/wp-json\/wp\/v2\/posts\/14790","targetHints":{"allow":["GET"]}}],"collection":[{"href":"https:\/\/www.diocesitn.it\/area-cultura\/wp-json\/wp\/v2\/posts"}],"about":[{"href":"https:\/\/www.diocesitn.it\/area-cultura\/wp-json\/wp\/v2\/types\/post"}],"author":[{"embeddable":true,"href":"https:\/\/www.diocesitn.it\/area-cultura\/wp-json\/wp\/v2\/users\/176"}],"replies":[{"embeddable":true,"href":"https:\/\/www.diocesitn.it\/area-cultura\/wp-json\/wp\/v2\/comments?post=14790"}],"version-history":[{"count":5,"href":"https:\/\/www.diocesitn.it\/area-cultura\/wp-json\/wp\/v2\/posts\/14790\/revisions"}],"predecessor-version":[{"id":15117,"href":"https:\/\/www.diocesitn.it\/area-cultura\/wp-json\/wp\/v2\/posts\/14790\/revisions\/15117"}],"wp:featuredmedia":[{"embeddable":true,"href":"https:\/\/www.diocesitn.it\/area-cultura\/wp-json\/wp\/v2\/media\/14792"}],"wp:attachment":[{"href":"https:\/\/www.diocesitn.it\/area-cultura\/wp-json\/wp\/v2\/media?parent=14790"}],"wp:term":[{"taxonomy":"category","embeddable":true,"href":"https:\/\/www.diocesitn.it\/area-cultura\/wp-json\/wp\/v2\/categories?post=14790"},{"taxonomy":"post_tag","embeddable":true,"href":"https:\/\/www.diocesitn.it\/area-cultura\/wp-json\/wp\/v2\/tags?post=14790"}],"curies":[{"name":"wp","href":"https:\/\/api.w.org\/{rel}","templated":true}]}}