{"id":14772,"date":"2025-01-24T09:45:32","date_gmt":"2025-01-24T08:45:32","guid":{"rendered":"https:\/\/www.diocesitn.it\/area-cultura\/?p=14772"},"modified":"2025-02-07T13:03:08","modified_gmt":"2025-02-07T12:03:08","slug":"video-carpe-librum-di-gennaio-testimonianze-per-non-dimenticare","status":"publish","type":"post","link":"https:\/\/www.diocesitn.it\/area-cultura\/2025\/01\/24\/video-carpe-librum-di-gennaio-testimonianze-per-non-dimenticare\/","title":{"rendered":"27 gennaio 1945 &#8211; 27 gennaio 2025. &#8220;Testimonianze per non dimenticare&#8221; nel video Carpe librum di gennaio"},"content":{"rendered":"<header class=\"entry-header header-offset \">\n<div class=\"entry-top-categories\"><span style=\"color: #000000\">A 80 anni dalla liberazione del campo di concentramento di Auschwitz (27 gennaio 1945) i sopravvissuti al<\/span><span style=\"color: #000000\">l&#8217;orrore della Shoah, ancora in vita, sono sempre di meno; il dovere di ricordare le atrocit\u00e0 \u00e8 pi\u00f9 che mai necessario.<\/span><\/div>\n<div class=\"entry-top-categories\"><span style=\"color: #000000\">Nel<\/span><span style=\"color: #000000\"> video Carpe librum del mese di gennaio si \u00e8 scelto di presentare tre libri biografici e autobiografici che riportano i racconti di chi ha subito la follia nazista: <\/span><span style=\"color: #000000\">testimonianze per non dimenticare.<\/span><\/div>\n<div class=\"entry-top-categories\"><span style=\"color: #000000\">Dal mese di novembre scorso<\/span><span style=\"color: #000000\"> il video Carpe librum \u00e8 curato da Sara Bodrone, giovane ragazza in Servizio Civile presso la biblioteca.<\/span><\/div>\n<\/header>\n<div class=\"entry-content-post\">\n<div class=\"entry-top-categories\"><span style=\"color: #000000\">Clicca<\/span><span style=\"color: #ff6600\">\u00a0<a href=\"https:\/\/youtu.be\/JdPjPciULQI\"><strong>QUI\u00a0<\/strong><\/a><\/span><span style=\"color: #000000\">per vedere il VIDEO di GENNAIO 2025.<\/span><\/div>\n<div><\/div>\n<div class=\"entry-top-categories\"><span style=\"color: #000000\">Cliccando\u00a0<\/span><a href=\"https:\/\/www.youtube.com\/playlist?list=PLSKv8OU5QbHxNIOO5wcn6-4BeY9jQ9Ctp\"><strong>QUI\u00a0<\/strong><\/a><span style=\"color: #000000\">puoi visionare i precedenti video della rubrica Carpe Librum pubblicati sul canale Youtube.<\/span><\/div>\n<div class=\"entry-top-categories\"><span style=\"color: #000000\">Buona visione!<\/span><\/div>\n<div><\/div>\n<ul>\n<li class=\"entry-top-categories\"><span style=\"color: #000000\">Tutti i libri proposti nei video sono disponibili al prestito presso la biblioteca Vigilianum.<\/span><\/li>\n<li class=\"entry-top-categories\"><span style=\"color: #000000\">Per conoscere le\u00a0<em>novit\u00e0 librarie in biblioteca<\/em>\u00a0consulta la pagina aggiornata ogni mese, la trovi<\/span>\u00a0<strong><a href=\"https:\/\/www.diocesitn.it\/area-cultura\/novita-librarie\/\">QUI<\/a><\/strong>.<\/li>\n<li class=\"entry-top-categories\"><span style=\"color: #000000\">Con<\/span>\u00a0<strong><a href=\"https:\/\/strutture-provincia.primo.exlibrisgroup.com\/discovery\/search?vid=39SBT_INST:39SBT_VU1&amp;lang=it\">Primo<\/a><\/strong><span style=\"color: #000000\">\u00a0puoi consultare il Catalogo Bibliografico Trentino (CBT).<\/span><\/li>\n<\/ul>\n<\/div>\n","protected":false},"excerpt":{"rendered":"<p>A 80 anni dalla liberazione del campo di concentramento di Auschwitz (27 gennaio 1945) i sopravvissuti all&#8217;orrore della Shoah, ancora in vita, sono sempre di meno; il dovere di ricordare le atrocit\u00e0 \u00e8 pi\u00f9 che<\/p>\n","protected":false},"author":165,"featured_media":14783,"comment_status":"closed","ping_status":"closed","sticky":false,"template":"","format":"standard","meta":{"footnotes":""},"categories":[331,329],"tags":[687,688,510],"class_list":["post-14772","post","type-post","status-publish","format-standard","has-post-thumbnail","hentry","category-servizio-biblioteca","category-notizie","tag-giorno-della-memoria","tag-shoah","tag-video"],"acf":{"seed-localization-paese-cod":"IT","seed-localization-address":"","seed-localization-citta":"Trento","seed-localization-regione-cod-istat":"04","seed-localization-citta-cod-istat":"022205","seed-localization-localita":"","seed-localization-cap":"","seed-localization-marker-visibility":false,"seed-localization-children-visibility":false,"seed-localization-kml":"","seed-localization-custom-marker":""},"yoast_head":"<!-- This site is optimized with the Yoast SEO Premium plugin v20.2.1 (Yoast SEO v22.2) - https:\/\/yoast.com\/wordpress\/plugins\/seo\/ -->\n<title>27 gennaio 1945 - 27 gennaio 2025. &quot;Testimonianze per non dimenticare&quot; nel video Carpe librum di gennaio - Cultura<\/title>\n<meta name=\"robots\" content=\"index, follow, max-snippet:-1, max-image-preview:large, max-video-preview:-1\" \/>\n<link rel=\"canonical\" href=\"https:\/\/www.diocesitn.it\/area-cultura\/2025\/01\/24\/video-carpe-librum-di-gennaio-testimonianze-per-non-dimenticare\/\" \/>\n<meta property=\"og:locale\" content=\"it_IT\" \/>\n<meta property=\"og:type\" content=\"article\" \/>\n<meta property=\"og:title\" content=\"27 gennaio 1945 - 27 gennaio 2025. &quot;Testimonianze per non dimenticare&quot; nel video Carpe librum di gennaio\" \/>\n<meta property=\"og:description\" content=\"A 80 anni dalla liberazione del campo di concentramento di Auschwitz (27 gennaio 1945) i sopravvissuti all&#8217;orrore della Shoah, ancora in vita, sono sempre di meno; il dovere di ricordare le atrocit\u00e0 \u00e8 pi\u00f9 che\" \/>\n<meta property=\"og:url\" content=\"https:\/\/www.diocesitn.it\/area-cultura\/2025\/01\/24\/video-carpe-librum-di-gennaio-testimonianze-per-non-dimenticare\/\" \/>\n<meta property=\"og:site_name\" content=\"Cultura\" \/>\n<meta property=\"article:published_time\" content=\"2025-01-24T08:45:32+00:00\" \/>\n<meta property=\"article:modified_time\" content=\"2025-02-07T12:03:08+00:00\" \/>\n<meta property=\"og:image\" content=\"https:\/\/www.diocesitn.it\/area-cultura\/wp-content\/uploads\/sites\/38\/2025\/01\/Carpe-Librum-2025-01-Gennaio.png\" \/>\n\t<meta property=\"og:image:width\" content=\"1280\" \/>\n\t<meta property=\"og:image:height\" content=\"720\" \/>\n\t<meta property=\"og:image:type\" content=\"image\/png\" \/>\n<meta name=\"author\" content=\"ledine\" \/>\n<meta name=\"twitter:card\" content=\"summary_large_image\" \/>\n<meta name=\"twitter:label1\" content=\"Scritto da\" \/>\n\t<meta name=\"twitter:data1\" content=\"ledine\" \/>\n\t<meta name=\"twitter:label2\" content=\"Tempo di lettura stimato\" \/>\n\t<meta name=\"twitter:data2\" content=\"2 minuti\" \/>\n<script type=\"application\/ld+json\" class=\"yoast-schema-graph\">{\"@context\":\"https:\/\/schema.org\",\"@graph\":[{\"@type\":\"Article\",\"@id\":\"https:\/\/www.diocesitn.it\/area-cultura\/2025\/01\/24\/video-carpe-librum-di-gennaio-testimonianze-per-non-dimenticare\/#article\",\"isPartOf\":{\"@id\":\"https:\/\/www.diocesitn.it\/area-cultura\/2025\/01\/24\/video-carpe-librum-di-gennaio-testimonianze-per-non-dimenticare\/\"},\"author\":{\"name\":\"ledine\",\"@id\":\"https:\/\/www.diocesitn.it\/area-cultura\/#\/schema\/person\/93b7401db62b6f32d20347e997095e6c\"},\"headline\":\"27 gennaio 1945 &#8211; 27 gennaio 2025. &#8220;Testimonianze per non dimenticare&#8221; nel video Carpe librum di gennaio\",\"datePublished\":\"2025-01-24T08:45:32+00:00\",\"dateModified\":\"2025-02-07T12:03:08+00:00\",\"mainEntityOfPage\":{\"@id\":\"https:\/\/www.diocesitn.it\/area-cultura\/2025\/01\/24\/video-carpe-librum-di-gennaio-testimonianze-per-non-dimenticare\/\"},\"wordCount\":164,\"publisher\":{\"@id\":\"https:\/\/www.diocesitn.it\/area-cultura\/#organization\"},\"image\":{\"@id\":\"https:\/\/www.diocesitn.it\/area-cultura\/2025\/01\/24\/video-carpe-librum-di-gennaio-testimonianze-per-non-dimenticare\/#primaryimage\"},\"thumbnailUrl\":\"https:\/\/www.diocesitn.it\/area-cultura\/wp-content\/uploads\/sites\/38\/2025\/01\/Carpe-Librum-2025-01-Gennaio.png\",\"keywords\":[\"Giorno della Memoria\",\"Shoah\",\"video\"],\"articleSection\":[\"Biblioteca diocesana Vigilianum\",\"Notizie\"],\"inLanguage\":\"it-IT\",\"copyrightYear\":\"2025\",\"copyrightHolder\":{\"@id\":\"https:\/\/www.diocesitn.it\/#organization\"}},{\"@type\":\"WebPage\",\"@id\":\"https:\/\/www.diocesitn.it\/area-cultura\/2025\/01\/24\/video-carpe-librum-di-gennaio-testimonianze-per-non-dimenticare\/\",\"url\":\"https:\/\/www.diocesitn.it\/area-cultura\/2025\/01\/24\/video-carpe-librum-di-gennaio-testimonianze-per-non-dimenticare\/\",\"name\":\"27 gennaio 1945 - 27 gennaio 2025. \\\"Testimonianze per non dimenticare\\\" nel video Carpe librum di gennaio - Cultura\",\"isPartOf\":{\"@id\":\"https:\/\/www.diocesitn.it\/area-cultura\/#website\"},\"primaryImageOfPage\":{\"@id\":\"https:\/\/www.diocesitn.it\/area-cultura\/2025\/01\/24\/video-carpe-librum-di-gennaio-testimonianze-per-non-dimenticare\/#primaryimage\"},\"image\":{\"@id\":\"https:\/\/www.diocesitn.it\/area-cultura\/2025\/01\/24\/video-carpe-librum-di-gennaio-testimonianze-per-non-dimenticare\/#primaryimage\"},\"thumbnailUrl\":\"https:\/\/www.diocesitn.it\/area-cultura\/wp-content\/uploads\/sites\/38\/2025\/01\/Carpe-Librum-2025-01-Gennaio.png\",\"datePublished\":\"2025-01-24T08:45:32+00:00\",\"dateModified\":\"2025-02-07T12:03:08+00:00\",\"breadcrumb\":{\"@id\":\"https:\/\/www.diocesitn.it\/area-cultura\/2025\/01\/24\/video-carpe-librum-di-gennaio-testimonianze-per-non-dimenticare\/#breadcrumb\"},\"inLanguage\":\"it-IT\",\"potentialAction\":[{\"@type\":\"ReadAction\",\"target\":[\"https:\/\/www.diocesitn.it\/area-cultura\/2025\/01\/24\/video-carpe-librum-di-gennaio-testimonianze-per-non-dimenticare\/\"]}]},{\"@type\":\"ImageObject\",\"inLanguage\":\"it-IT\",\"@id\":\"https:\/\/www.diocesitn.it\/area-cultura\/2025\/01\/24\/video-carpe-librum-di-gennaio-testimonianze-per-non-dimenticare\/#primaryimage\",\"url\":\"https:\/\/www.diocesitn.it\/area-cultura\/wp-content\/uploads\/sites\/38\/2025\/01\/Carpe-Librum-2025-01-Gennaio.png\",\"contentUrl\":\"https:\/\/www.diocesitn.it\/area-cultura\/wp-content\/uploads\/sites\/38\/2025\/01\/Carpe-Librum-2025-01-Gennaio.png\",\"width\":1280,\"height\":720},{\"@type\":\"BreadcrumbList\",\"@id\":\"https:\/\/www.diocesitn.it\/area-cultura\/2025\/01\/24\/video-carpe-librum-di-gennaio-testimonianze-per-non-dimenticare\/#breadcrumb\",\"itemListElement\":[{\"@type\":\"ListItem\",\"position\":1,\"name\":\"Home\",\"item\":\"https:\/\/www.diocesitn.it\/area-cultura\/\"},{\"@type\":\"ListItem\",\"position\":2,\"name\":\"27 gennaio 1945 &#8211; 27 gennaio 2025. &#8220;Testimonianze per non dimenticare&#8221; nel video Carpe librum di gennaio\"}]},{\"@type\":\"WebSite\",\"@id\":\"https:\/\/www.diocesitn.it\/area-cultura\/#website\",\"url\":\"https:\/\/www.diocesitn.it\/area-cultura\/\",\"name\":\"Cultura\",\"description\":\"Chiesa di Trento\",\"publisher\":{\"@id\":\"https:\/\/www.diocesitn.it\/area-cultura\/#organization\"},\"potentialAction\":[{\"@type\":\"SearchAction\",\"target\":{\"@type\":\"EntryPoint\",\"urlTemplate\":\"https:\/\/www.diocesitn.it\/area-cultura\/?s={search_term_string}\"},\"query-input\":\"required name=search_term_string\"}],\"inLanguage\":\"it-IT\"},{\"@type\":[\"Organization\",\"Place\"],\"@id\":\"https:\/\/www.diocesitn.it\/area-cultura\/#organization\",\"name\":\"Area Cultura - Chiesa di Trento\",\"url\":\"https:\/\/www.diocesitn.it\/area-cultura\/\",\"logo\":{\"@id\":\"https:\/\/www.diocesitn.it\/area-cultura\/2025\/01\/24\/video-carpe-librum-di-gennaio-testimonianze-per-non-dimenticare\/#local-main-organization-logo\"},\"image\":{\"@id\":\"https:\/\/www.diocesitn.it\/area-cultura\/2025\/01\/24\/video-carpe-librum-di-gennaio-testimonianze-per-non-dimenticare\/#local-main-organization-logo\"},\"sameAs\":[\"https:\/\/www.youtube.com\/channel\/UCfWD2n-N6WTCg2P_UA72H6Q\"],\"openingHoursSpecification\":[{\"@type\":\"OpeningHoursSpecification\",\"dayOfWeek\":[\"Monday\",\"Tuesday\",\"Wednesday\",\"Thursday\",\"Friday\",\"Saturday\",\"Sunday\"],\"opens\":\"09:00\",\"closes\":\"17:00\"}]},{\"@type\":\"ImageObject\",\"inLanguage\":\"it-IT\",\"@id\":\"https:\/\/www.diocesitn.it\/area-cultura\/2025\/01\/24\/video-carpe-librum-di-gennaio-testimonianze-per-non-dimenticare\/#local-main-organization-logo\",\"url\":\"https:\/\/www.diocesitn.it\/area-cultura\/wp-content\/uploads\/sites\/38\/2021\/09\/og-logo-cultura.jpg\",\"contentUrl\":\"https:\/\/www.diocesitn.it\/area-cultura\/wp-content\/uploads\/sites\/38\/2021\/09\/og-logo-cultura.jpg\",\"width\":1200,\"height\":630,\"caption\":\"Area Cultura - Chiesa di Trento\"}]}<\/script>\n<!-- \/ Yoast SEO Premium plugin. -->","yoast_head_json":{"title":"27 gennaio 1945 - 27 gennaio 2025. \"Testimonianze per non dimenticare\" nel video Carpe librum di gennaio - Cultura","robots":{"index":"index","follow":"follow","max-snippet":"max-snippet:-1","max-image-preview":"max-image-preview:large","max-video-preview":"max-video-preview:-1"},"canonical":"https:\/\/www.diocesitn.it\/area-cultura\/2025\/01\/24\/video-carpe-librum-di-gennaio-testimonianze-per-non-dimenticare\/","og_locale":"it_IT","og_type":"article","og_title":"27 gennaio 1945 - 27 gennaio 2025. \"Testimonianze per non dimenticare\" nel video Carpe librum di gennaio","og_description":"A 80 anni dalla liberazione del campo di concentramento di Auschwitz (27 gennaio 1945) i sopravvissuti all&#8217;orrore della Shoah, ancora in vita, sono sempre di meno; il dovere di ricordare le atrocit\u00e0 \u00e8 pi\u00f9 che","og_url":"https:\/\/www.diocesitn.it\/area-cultura\/2025\/01\/24\/video-carpe-librum-di-gennaio-testimonianze-per-non-dimenticare\/","og_site_name":"Cultura","article_published_time":"2025-01-24T08:45:32+00:00","article_modified_time":"2025-02-07T12:03:08+00:00","og_image":[{"width":1280,"height":720,"url":"https:\/\/www.diocesitn.it\/area-cultura\/wp-content\/uploads\/sites\/38\/2025\/01\/Carpe-Librum-2025-01-Gennaio.png","type":"image\/png"}],"author":"ledine","twitter_card":"summary_large_image","twitter_misc":{"Scritto da":"ledine","Tempo di lettura stimato":"2 minuti"},"schema":{"@context":"https:\/\/schema.org","@graph":[{"@type":"Article","@id":"https:\/\/www.diocesitn.it\/area-cultura\/2025\/01\/24\/video-carpe-librum-di-gennaio-testimonianze-per-non-dimenticare\/#article","isPartOf":{"@id":"https:\/\/www.diocesitn.it\/area-cultura\/2025\/01\/24\/video-carpe-librum-di-gennaio-testimonianze-per-non-dimenticare\/"},"author":{"name":"ledine","@id":"https:\/\/www.diocesitn.it\/area-cultura\/#\/schema\/person\/93b7401db62b6f32d20347e997095e6c"},"headline":"27 gennaio 1945 &#8211; 27 gennaio 2025. &#8220;Testimonianze per non dimenticare&#8221; nel video Carpe librum di gennaio","datePublished":"2025-01-24T08:45:32+00:00","dateModified":"2025-02-07T12:03:08+00:00","mainEntityOfPage":{"@id":"https:\/\/www.diocesitn.it\/area-cultura\/2025\/01\/24\/video-carpe-librum-di-gennaio-testimonianze-per-non-dimenticare\/"},"wordCount":164,"publisher":{"@id":"https:\/\/www.diocesitn.it\/area-cultura\/#organization"},"image":{"@id":"https:\/\/www.diocesitn.it\/area-cultura\/2025\/01\/24\/video-carpe-librum-di-gennaio-testimonianze-per-non-dimenticare\/#primaryimage"},"thumbnailUrl":"https:\/\/www.diocesitn.it\/area-cultura\/wp-content\/uploads\/sites\/38\/2025\/01\/Carpe-Librum-2025-01-Gennaio.png","keywords":["Giorno della Memoria","Shoah","video"],"articleSection":["Biblioteca diocesana Vigilianum","Notizie"],"inLanguage":"it-IT","copyrightYear":"2025","copyrightHolder":{"@id":"https:\/\/www.diocesitn.it\/#organization"}},{"@type":"WebPage","@id":"https:\/\/www.diocesitn.it\/area-cultura\/2025\/01\/24\/video-carpe-librum-di-gennaio-testimonianze-per-non-dimenticare\/","url":"https:\/\/www.diocesitn.it\/area-cultura\/2025\/01\/24\/video-carpe-librum-di-gennaio-testimonianze-per-non-dimenticare\/","name":"27 gennaio 1945 - 27 gennaio 2025. \"Testimonianze per non dimenticare\" nel video Carpe librum di gennaio - Cultura","isPartOf":{"@id":"https:\/\/www.diocesitn.it\/area-cultura\/#website"},"primaryImageOfPage":{"@id":"https:\/\/www.diocesitn.it\/area-cultura\/2025\/01\/24\/video-carpe-librum-di-gennaio-testimonianze-per-non-dimenticare\/#primaryimage"},"image":{"@id":"https:\/\/www.diocesitn.it\/area-cultura\/2025\/01\/24\/video-carpe-librum-di-gennaio-testimonianze-per-non-dimenticare\/#primaryimage"},"thumbnailUrl":"https:\/\/www.diocesitn.it\/area-cultura\/wp-content\/uploads\/sites\/38\/2025\/01\/Carpe-Librum-2025-01-Gennaio.png","datePublished":"2025-01-24T08:45:32+00:00","dateModified":"2025-02-07T12:03:08+00:00","breadcrumb":{"@id":"https:\/\/www.diocesitn.it\/area-cultura\/2025\/01\/24\/video-carpe-librum-di-gennaio-testimonianze-per-non-dimenticare\/#breadcrumb"},"inLanguage":"it-IT","potentialAction":[{"@type":"ReadAction","target":["https:\/\/www.diocesitn.it\/area-cultura\/2025\/01\/24\/video-carpe-librum-di-gennaio-testimonianze-per-non-dimenticare\/"]}]},{"@type":"ImageObject","inLanguage":"it-IT","@id":"https:\/\/www.diocesitn.it\/area-cultura\/2025\/01\/24\/video-carpe-librum-di-gennaio-testimonianze-per-non-dimenticare\/#primaryimage","url":"https:\/\/www.diocesitn.it\/area-cultura\/wp-content\/uploads\/sites\/38\/2025\/01\/Carpe-Librum-2025-01-Gennaio.png","contentUrl":"https:\/\/www.diocesitn.it\/area-cultura\/wp-content\/uploads\/sites\/38\/2025\/01\/Carpe-Librum-2025-01-Gennaio.png","width":1280,"height":720},{"@type":"BreadcrumbList","@id":"https:\/\/www.diocesitn.it\/area-cultura\/2025\/01\/24\/video-carpe-librum-di-gennaio-testimonianze-per-non-dimenticare\/#breadcrumb","itemListElement":[{"@type":"ListItem","position":1,"name":"Home","item":"https:\/\/www.diocesitn.it\/area-cultura\/"},{"@type":"ListItem","position":2,"name":"27 gennaio 1945 &#8211; 27 gennaio 2025. &#8220;Testimonianze per non dimenticare&#8221; nel video Carpe librum di gennaio"}]},{"@type":"WebSite","@id":"https:\/\/www.diocesitn.it\/area-cultura\/#website","url":"https:\/\/www.diocesitn.it\/area-cultura\/","name":"Cultura","description":"Chiesa di Trento","publisher":{"@id":"https:\/\/www.diocesitn.it\/area-cultura\/#organization"},"potentialAction":[{"@type":"SearchAction","target":{"@type":"EntryPoint","urlTemplate":"https:\/\/www.diocesitn.it\/area-cultura\/?s={search_term_string}"},"query-input":"required name=search_term_string"}],"inLanguage":"it-IT"},{"@type":["Organization","Place"],"@id":"https:\/\/www.diocesitn.it\/area-cultura\/#organization","name":"Area Cultura - Chiesa di Trento","url":"https:\/\/www.diocesitn.it\/area-cultura\/","logo":{"@id":"https:\/\/www.diocesitn.it\/area-cultura\/2025\/01\/24\/video-carpe-librum-di-gennaio-testimonianze-per-non-dimenticare\/#local-main-organization-logo"},"image":{"@id":"https:\/\/www.diocesitn.it\/area-cultura\/2025\/01\/24\/video-carpe-librum-di-gennaio-testimonianze-per-non-dimenticare\/#local-main-organization-logo"},"sameAs":["https:\/\/www.youtube.com\/channel\/UCfWD2n-N6WTCg2P_UA72H6Q"],"openingHoursSpecification":[{"@type":"OpeningHoursSpecification","dayOfWeek":["Monday","Tuesday","Wednesday","Thursday","Friday","Saturday","Sunday"],"opens":"09:00","closes":"17:00"}]},{"@type":"ImageObject","inLanguage":"it-IT","@id":"https:\/\/www.diocesitn.it\/area-cultura\/2025\/01\/24\/video-carpe-librum-di-gennaio-testimonianze-per-non-dimenticare\/#local-main-organization-logo","url":"https:\/\/www.diocesitn.it\/area-cultura\/wp-content\/uploads\/sites\/38\/2021\/09\/og-logo-cultura.jpg","contentUrl":"https:\/\/www.diocesitn.it\/area-cultura\/wp-content\/uploads\/sites\/38\/2021\/09\/og-logo-cultura.jpg","width":1200,"height":630,"caption":"Area Cultura - Chiesa di Trento"}]}},"_links":{"self":[{"href":"https:\/\/www.diocesitn.it\/area-cultura\/wp-json\/wp\/v2\/posts\/14772","targetHints":{"allow":["GET"]}}],"collection":[{"href":"https:\/\/www.diocesitn.it\/area-cultura\/wp-json\/wp\/v2\/posts"}],"about":[{"href":"https:\/\/www.diocesitn.it\/area-cultura\/wp-json\/wp\/v2\/types\/post"}],"author":[{"embeddable":true,"href":"https:\/\/www.diocesitn.it\/area-cultura\/wp-json\/wp\/v2\/users\/165"}],"replies":[{"embeddable":true,"href":"https:\/\/www.diocesitn.it\/area-cultura\/wp-json\/wp\/v2\/comments?post=14772"}],"version-history":[{"count":3,"href":"https:\/\/www.diocesitn.it\/area-cultura\/wp-json\/wp\/v2\/posts\/14772\/revisions"}],"predecessor-version":[{"id":14810,"href":"https:\/\/www.diocesitn.it\/area-cultura\/wp-json\/wp\/v2\/posts\/14772\/revisions\/14810"}],"wp:featuredmedia":[{"embeddable":true,"href":"https:\/\/www.diocesitn.it\/area-cultura\/wp-json\/wp\/v2\/media\/14783"}],"wp:attachment":[{"href":"https:\/\/www.diocesitn.it\/area-cultura\/wp-json\/wp\/v2\/media?parent=14772"}],"wp:term":[{"taxonomy":"category","embeddable":true,"href":"https:\/\/www.diocesitn.it\/area-cultura\/wp-json\/wp\/v2\/categories?post=14772"},{"taxonomy":"post_tag","embeddable":true,"href":"https:\/\/www.diocesitn.it\/area-cultura\/wp-json\/wp\/v2\/tags?post=14772"}],"curies":[{"name":"wp","href":"https:\/\/api.w.org\/{rel}","templated":true}]}}