{"id":14392,"date":"2024-11-29T16:35:36","date_gmt":"2024-11-29T15:35:36","guid":{"rendered":"https:\/\/www.diocesitn.it\/area-cultura\/2024\/11\/29\/a-tu-per-tu-con-lautore-don-rolando-covi-e-padre-matteo-giuliani-dialogano-su-parrocchia-ministeri-formazione-video\/"},"modified":"2024-12-06T09:49:51","modified_gmt":"2024-12-06T08:49:51","slug":"a-tu-per-tu-con-lautore-novembre","status":"publish","type":"post","link":"https:\/\/www.diocesitn.it\/area-cultura\/2024\/11\/29\/a-tu-per-tu-con-lautore-novembre\/","title":{"rendered":"\u00c8 online la registrazione della puntata di A tu per tu con don Rolando Covi e padre Matteo Giuliani"},"content":{"rendered":"<header class=\"entry-header header-offset \">\n<div>Si \u00e8 svolto gioved\u00ec <strong>21 novembre<\/strong> il t<span style=\"font-size: inherit\">erzo appuntamento, per l\u2019<strong>anno accademico 2024\/2025<\/strong><\/span><span style=\"font-size: inherit\">, della rubrica <\/span><strong style=\"font-size: inherit\">A tu per tu con l\u2019Autore<\/strong><span style=\"font-size: inherit\">, organizzata dalla <strong>biblioteca Vigilianum<\/strong> in collaborazione con l\u2019<strong>ISSR Romano Guardini<\/strong>.\u00a0<\/span><\/div>\n<\/header>\n<div class=\"entry-content-post\">\n<p>La puntata era dedicata al nuovo libro del professor don <strong>Rolando Covi<\/strong>, docente presso l\u2019ISSR Guardini e presso la Facolt\u00e0 Teologica del Triveneto, dal titolo <strong>Parrocchia, ministeri, formazione. Una proposta in dialogo con\u00a0<em>Spiritus Domini<\/em>\u00a0e\u00a0<em>Antiquum ministerium<\/em><\/strong>, uscito nel giugno 2024.<\/p>\n<p>A dialogare con don Rolando \u00e8 stato <a href=\"https:\/\/www.diocesitn.it\/site\/ho-imparato-che-il-cristianesimo-e-vivo-padre-giuliani-presenta-la-vasta-ricerca-sulla-storia-della-catechesi-in-diocesi-di-trento\/\">padre <strong>Matteo Giuliani<\/strong><\/a>, frate minore e catecheta. Al centro del dialogo e del libro alcune domande: Q<span style=\"font-size: inherit\">uale figura di <strong>parrocchia?<\/strong> Quale figura di <strong>ministero?<\/strong> Quale figura di <strong>formazione?<\/strong><\/span><\/p>\n<p>Una ricerca stimolante, che vuole avviare una riflessione pratica e cercare di accompagnare chi ha davanti a s\u00e9 il problema di cambiare, molto velocemente, il paradigma ecclesiale nel quale \u00e8 cresciuto e che \u00e8 ormai difficile da sostenere.<\/p>\n<p>A introdurre l\u2019incontro suor <strong>Chiara Curzel<\/strong>, docente dell\u2019ISSR \u201cRomano Guardini\u201d.<\/p>\n<p>Il volume \u00e8 disponibile per il prestito e la consultazione presso la biblioteca diocesana.<\/p>\n<p>La registrazione dell&#8217;incontro \u00e8 disponibile sul <a href=\"https:\/\/www.youtube.com\/@diocesiditrento-servizioco8409\"><strong>Canale YouTube della Diocesi<\/strong><\/a>.<\/p>\n<p><iframe loading=\"lazy\" title=\"A tu per tu con l&#039;autore: don Rolando Covi e padre Matteo Giuliani\" width=\"800\" height=\"450\" src=\"https:\/\/www.youtube.com\/embed\/IgD56c4wrJk?feature=oembed\" frameborder=\"0\" allow=\"accelerometer; autoplay; clipboard-write; encrypted-media; gyroscope; picture-in-picture; web-share\" referrerpolicy=\"strict-origin-when-cross-origin\" allowfullscreen><\/iframe><\/p>\n<\/div>\n","protected":false},"excerpt":{"rendered":"<p>Si \u00e8 svolto gioved\u00ec 21 novembre il terzo appuntamento, per l\u2019anno accademico 2024\/2025, della rubrica A tu per tu con l\u2019Autore, organizzata dalla biblioteca Vigilianum in collaborazione con l\u2019ISSR Romano Guardini.\u00a0 La puntata era dedicata<\/p>\n","protected":false},"author":177,"featured_media":14393,"comment_status":"closed","ping_status":"closed","sticky":false,"template":"","format":"standard","meta":{"footnotes":""},"categories":[331,343,508,329,1],"tags":[673,682,681],"class_list":["post-14392","post","type-post","status-publish","format-standard","has-post-thumbnail","hentry","category-servizio-biblioteca","category-servizio-cultura","category-issr-romano-guardini","category-notizie","category-senza-categoria","tag-don-rolando-covi","tag-padre-matteo-giuliani","tag-suor-chiara-curzel"],"acf":{"seed-localization-paese-cod":"IT","seed-localization-address":"","seed-localization-citta":"Trento","seed-localization-regione-cod-istat":"04","seed-localization-citta-cod-istat":"022205","seed-localization-localita":"","seed-localization-cap":"","seed-localization-marker-visibility":false,"seed-localization-children-visibility":false,"seed-localization-kml":"","seed-localization-custom-marker":""},"yoast_head":"<!-- This site is optimized with the Yoast SEO Premium plugin v20.2.1 (Yoast SEO v22.2) - https:\/\/yoast.com\/wordpress\/plugins\/seo\/ -->\n<title>A tu per tu con l&#039;autore novembre con don Rolando Covi<\/title>\n<meta name=\"description\" content=\"A tu per tu con l&#039;autore novembre: don Rolando Covi presenta il suo ultimo libro dialogando con padre Matteo Giuliani\" \/>\n<meta name=\"robots\" content=\"index, follow, max-snippet:-1, max-image-preview:large, max-video-preview:-1\" \/>\n<link rel=\"canonical\" href=\"https:\/\/www.diocesitn.it\/area-cultura\/2024\/11\/29\/a-tu-per-tu-con-lautore-novembre\/\" \/>\n<meta property=\"og:locale\" content=\"it_IT\" \/>\n<meta property=\"og:type\" content=\"article\" \/>\n<meta property=\"og:title\" content=\"\u00c8 online la registrazione della puntata di A tu per tu con don Rolando Covi e padre Matteo Giuliani\" \/>\n<meta property=\"og:description\" content=\"A tu per tu con l&#039;autore novembre: don Rolando Covi presenta il suo ultimo libro dialogando con padre Matteo Giuliani\" \/>\n<meta property=\"og:url\" content=\"https:\/\/www.diocesitn.it\/area-cultura\/2024\/11\/29\/a-tu-per-tu-con-lautore-novembre\/\" \/>\n<meta property=\"og:site_name\" content=\"Cultura\" \/>\n<meta property=\"article:published_time\" content=\"2024-11-29T15:35:36+00:00\" \/>\n<meta property=\"article:modified_time\" content=\"2024-12-06T08:49:51+00:00\" \/>\n<meta property=\"og:image\" content=\"https:\/\/www.diocesitn.it\/area-cultura\/wp-content\/uploads\/sites\/38\/2024\/11\/A-tu-per-tu-NOVEMBRE.png\" \/>\n\t<meta property=\"og:image:width\" content=\"1679\" \/>\n\t<meta property=\"og:image:height\" content=\"940\" \/>\n\t<meta property=\"og:image:type\" content=\"image\/png\" \/>\n<meta name=\"author\" content=\"cweiss\" \/>\n<meta name=\"twitter:card\" content=\"summary_large_image\" \/>\n<meta name=\"twitter:label1\" content=\"Scritto da\" \/>\n\t<meta name=\"twitter:data1\" content=\"cweiss\" \/>\n\t<meta name=\"twitter:label2\" content=\"Tempo di lettura stimato\" \/>\n\t<meta name=\"twitter:data2\" content=\"2 minuti\" \/>\n<script type=\"application\/ld+json\" class=\"yoast-schema-graph\">{\"@context\":\"https:\/\/schema.org\",\"@graph\":[{\"@type\":\"Article\",\"@id\":\"https:\/\/www.diocesitn.it\/area-cultura\/2024\/11\/29\/a-tu-per-tu-con-lautore-novembre\/#article\",\"isPartOf\":{\"@id\":\"https:\/\/www.diocesitn.it\/area-cultura\/2024\/11\/29\/a-tu-per-tu-con-lautore-novembre\/\"},\"author\":{\"name\":\"cweiss\",\"@id\":\"https:\/\/www.diocesitn.it\/area-cultura\/#\/schema\/person\/4d1771273d5fc5c33cf486f49f0d18fb\"},\"headline\":\"\u00c8 online la registrazione della puntata di A tu per tu con don Rolando Covi e padre Matteo Giuliani\",\"datePublished\":\"2024-11-29T15:35:36+00:00\",\"dateModified\":\"2024-12-06T08:49:51+00:00\",\"mainEntityOfPage\":{\"@id\":\"https:\/\/www.diocesitn.it\/area-cultura\/2024\/11\/29\/a-tu-per-tu-con-lautore-novembre\/\"},\"wordCount\":206,\"publisher\":{\"@id\":\"https:\/\/www.diocesitn.it\/area-cultura\/#organization\"},\"image\":{\"@id\":\"https:\/\/www.diocesitn.it\/area-cultura\/2024\/11\/29\/a-tu-per-tu-con-lautore-novembre\/#primaryimage\"},\"thumbnailUrl\":\"https:\/\/www.diocesitn.it\/area-cultura\/wp-content\/uploads\/sites\/38\/2024\/11\/A-tu-per-tu-NOVEMBRE.png\",\"keywords\":[\"don Rolando Covi\",\"padre matteo giuliani\",\"suor chiara curzel\"],\"articleSection\":[\"Biblioteca diocesana Vigilianum\",\"Cultura\",\"ISSR Romano Guardini\",\"Notizie\"],\"inLanguage\":\"it-IT\",\"copyrightYear\":\"2024\",\"copyrightHolder\":{\"@id\":\"https:\/\/www.diocesitn.it\/#organization\"}},{\"@type\":\"WebPage\",\"@id\":\"https:\/\/www.diocesitn.it\/area-cultura\/2024\/11\/29\/a-tu-per-tu-con-lautore-novembre\/\",\"url\":\"https:\/\/www.diocesitn.it\/area-cultura\/2024\/11\/29\/a-tu-per-tu-con-lautore-novembre\/\",\"name\":\"A tu per tu con l'autore novembre con don Rolando Covi\",\"isPartOf\":{\"@id\":\"https:\/\/www.diocesitn.it\/area-cultura\/#website\"},\"primaryImageOfPage\":{\"@id\":\"https:\/\/www.diocesitn.it\/area-cultura\/2024\/11\/29\/a-tu-per-tu-con-lautore-novembre\/#primaryimage\"},\"image\":{\"@id\":\"https:\/\/www.diocesitn.it\/area-cultura\/2024\/11\/29\/a-tu-per-tu-con-lautore-novembre\/#primaryimage\"},\"thumbnailUrl\":\"https:\/\/www.diocesitn.it\/area-cultura\/wp-content\/uploads\/sites\/38\/2024\/11\/A-tu-per-tu-NOVEMBRE.png\",\"datePublished\":\"2024-11-29T15:35:36+00:00\",\"dateModified\":\"2024-12-06T08:49:51+00:00\",\"description\":\"A tu per tu con l'autore novembre: don Rolando Covi presenta il suo ultimo libro dialogando con padre Matteo Giuliani\",\"breadcrumb\":{\"@id\":\"https:\/\/www.diocesitn.it\/area-cultura\/2024\/11\/29\/a-tu-per-tu-con-lautore-novembre\/#breadcrumb\"},\"inLanguage\":\"it-IT\",\"potentialAction\":[{\"@type\":\"ReadAction\",\"target\":[\"https:\/\/www.diocesitn.it\/area-cultura\/2024\/11\/29\/a-tu-per-tu-con-lautore-novembre\/\"]}]},{\"@type\":\"ImageObject\",\"inLanguage\":\"it-IT\",\"@id\":\"https:\/\/www.diocesitn.it\/area-cultura\/2024\/11\/29\/a-tu-per-tu-con-lautore-novembre\/#primaryimage\",\"url\":\"https:\/\/www.diocesitn.it\/area-cultura\/wp-content\/uploads\/sites\/38\/2024\/11\/A-tu-per-tu-NOVEMBRE.png\",\"contentUrl\":\"https:\/\/www.diocesitn.it\/area-cultura\/wp-content\/uploads\/sites\/38\/2024\/11\/A-tu-per-tu-NOVEMBRE.png\",\"width\":1679,\"height\":940,\"caption\":\"A tu per tu con l'autore novembre\"},{\"@type\":\"BreadcrumbList\",\"@id\":\"https:\/\/www.diocesitn.it\/area-cultura\/2024\/11\/29\/a-tu-per-tu-con-lautore-novembre\/#breadcrumb\",\"itemListElement\":[{\"@type\":\"ListItem\",\"position\":1,\"name\":\"Home\",\"item\":\"https:\/\/www.diocesitn.it\/area-cultura\/\"},{\"@type\":\"ListItem\",\"position\":2,\"name\":\"\u00c8 online la registrazione della puntata di A tu per tu con don Rolando Covi e padre Matteo Giuliani\"}]},{\"@type\":\"WebSite\",\"@id\":\"https:\/\/www.diocesitn.it\/area-cultura\/#website\",\"url\":\"https:\/\/www.diocesitn.it\/area-cultura\/\",\"name\":\"Cultura\",\"description\":\"Chiesa di Trento\",\"publisher\":{\"@id\":\"https:\/\/www.diocesitn.it\/area-cultura\/#organization\"},\"potentialAction\":[{\"@type\":\"SearchAction\",\"target\":{\"@type\":\"EntryPoint\",\"urlTemplate\":\"https:\/\/www.diocesitn.it\/area-cultura\/?s={search_term_string}\"},\"query-input\":\"required name=search_term_string\"}],\"inLanguage\":\"it-IT\"},{\"@type\":[\"Organization\",\"Place\"],\"@id\":\"https:\/\/www.diocesitn.it\/area-cultura\/#organization\",\"name\":\"Area Cultura - Chiesa di Trento\",\"url\":\"https:\/\/www.diocesitn.it\/area-cultura\/\",\"logo\":{\"@id\":\"https:\/\/www.diocesitn.it\/area-cultura\/2024\/11\/29\/a-tu-per-tu-con-lautore-novembre\/#local-main-organization-logo\"},\"image\":{\"@id\":\"https:\/\/www.diocesitn.it\/area-cultura\/2024\/11\/29\/a-tu-per-tu-con-lautore-novembre\/#local-main-organization-logo\"},\"sameAs\":[\"https:\/\/www.youtube.com\/channel\/UCfWD2n-N6WTCg2P_UA72H6Q\"],\"openingHoursSpecification\":[{\"@type\":\"OpeningHoursSpecification\",\"dayOfWeek\":[\"Monday\",\"Tuesday\",\"Wednesday\",\"Thursday\",\"Friday\",\"Saturday\",\"Sunday\"],\"opens\":\"09:00\",\"closes\":\"17:00\"}]},{\"@type\":\"ImageObject\",\"inLanguage\":\"it-IT\",\"@id\":\"https:\/\/www.diocesitn.it\/area-cultura\/2024\/11\/29\/a-tu-per-tu-con-lautore-novembre\/#local-main-organization-logo\",\"url\":\"https:\/\/www.diocesitn.it\/area-cultura\/wp-content\/uploads\/sites\/38\/2021\/09\/og-logo-cultura.jpg\",\"contentUrl\":\"https:\/\/www.diocesitn.it\/area-cultura\/wp-content\/uploads\/sites\/38\/2021\/09\/og-logo-cultura.jpg\",\"width\":1200,\"height\":630,\"caption\":\"Area Cultura - Chiesa di Trento\"}]}<\/script>\n<!-- \/ Yoast SEO Premium plugin. -->","yoast_head_json":{"title":"A tu per tu con l'autore novembre con don Rolando Covi","description":"A tu per tu con l'autore novembre: don Rolando Covi presenta il suo ultimo libro dialogando con padre Matteo Giuliani","robots":{"index":"index","follow":"follow","max-snippet":"max-snippet:-1","max-image-preview":"max-image-preview:large","max-video-preview":"max-video-preview:-1"},"canonical":"https:\/\/www.diocesitn.it\/area-cultura\/2024\/11\/29\/a-tu-per-tu-con-lautore-novembre\/","og_locale":"it_IT","og_type":"article","og_title":"\u00c8 online la registrazione della puntata di A tu per tu con don Rolando Covi e padre Matteo Giuliani","og_description":"A tu per tu con l'autore novembre: don Rolando Covi presenta il suo ultimo libro dialogando con padre Matteo Giuliani","og_url":"https:\/\/www.diocesitn.it\/area-cultura\/2024\/11\/29\/a-tu-per-tu-con-lautore-novembre\/","og_site_name":"Cultura","article_published_time":"2024-11-29T15:35:36+00:00","article_modified_time":"2024-12-06T08:49:51+00:00","og_image":[{"width":1679,"height":940,"url":"https:\/\/www.diocesitn.it\/area-cultura\/wp-content\/uploads\/sites\/38\/2024\/11\/A-tu-per-tu-NOVEMBRE.png","type":"image\/png"}],"author":"cweiss","twitter_card":"summary_large_image","twitter_misc":{"Scritto da":"cweiss","Tempo di lettura stimato":"2 minuti"},"schema":{"@context":"https:\/\/schema.org","@graph":[{"@type":"Article","@id":"https:\/\/www.diocesitn.it\/area-cultura\/2024\/11\/29\/a-tu-per-tu-con-lautore-novembre\/#article","isPartOf":{"@id":"https:\/\/www.diocesitn.it\/area-cultura\/2024\/11\/29\/a-tu-per-tu-con-lautore-novembre\/"},"author":{"name":"cweiss","@id":"https:\/\/www.diocesitn.it\/area-cultura\/#\/schema\/person\/4d1771273d5fc5c33cf486f49f0d18fb"},"headline":"\u00c8 online la registrazione della puntata di A tu per tu con don Rolando Covi e padre Matteo Giuliani","datePublished":"2024-11-29T15:35:36+00:00","dateModified":"2024-12-06T08:49:51+00:00","mainEntityOfPage":{"@id":"https:\/\/www.diocesitn.it\/area-cultura\/2024\/11\/29\/a-tu-per-tu-con-lautore-novembre\/"},"wordCount":206,"publisher":{"@id":"https:\/\/www.diocesitn.it\/area-cultura\/#organization"},"image":{"@id":"https:\/\/www.diocesitn.it\/area-cultura\/2024\/11\/29\/a-tu-per-tu-con-lautore-novembre\/#primaryimage"},"thumbnailUrl":"https:\/\/www.diocesitn.it\/area-cultura\/wp-content\/uploads\/sites\/38\/2024\/11\/A-tu-per-tu-NOVEMBRE.png","keywords":["don Rolando Covi","padre matteo giuliani","suor chiara curzel"],"articleSection":["Biblioteca diocesana Vigilianum","Cultura","ISSR Romano Guardini","Notizie"],"inLanguage":"it-IT","copyrightYear":"2024","copyrightHolder":{"@id":"https:\/\/www.diocesitn.it\/#organization"}},{"@type":"WebPage","@id":"https:\/\/www.diocesitn.it\/area-cultura\/2024\/11\/29\/a-tu-per-tu-con-lautore-novembre\/","url":"https:\/\/www.diocesitn.it\/area-cultura\/2024\/11\/29\/a-tu-per-tu-con-lautore-novembre\/","name":"A tu per tu con l'autore novembre con don Rolando Covi","isPartOf":{"@id":"https:\/\/www.diocesitn.it\/area-cultura\/#website"},"primaryImageOfPage":{"@id":"https:\/\/www.diocesitn.it\/area-cultura\/2024\/11\/29\/a-tu-per-tu-con-lautore-novembre\/#primaryimage"},"image":{"@id":"https:\/\/www.diocesitn.it\/area-cultura\/2024\/11\/29\/a-tu-per-tu-con-lautore-novembre\/#primaryimage"},"thumbnailUrl":"https:\/\/www.diocesitn.it\/area-cultura\/wp-content\/uploads\/sites\/38\/2024\/11\/A-tu-per-tu-NOVEMBRE.png","datePublished":"2024-11-29T15:35:36+00:00","dateModified":"2024-12-06T08:49:51+00:00","description":"A tu per tu con l'autore novembre: don Rolando Covi presenta il suo ultimo libro dialogando con padre Matteo Giuliani","breadcrumb":{"@id":"https:\/\/www.diocesitn.it\/area-cultura\/2024\/11\/29\/a-tu-per-tu-con-lautore-novembre\/#breadcrumb"},"inLanguage":"it-IT","potentialAction":[{"@type":"ReadAction","target":["https:\/\/www.diocesitn.it\/area-cultura\/2024\/11\/29\/a-tu-per-tu-con-lautore-novembre\/"]}]},{"@type":"ImageObject","inLanguage":"it-IT","@id":"https:\/\/www.diocesitn.it\/area-cultura\/2024\/11\/29\/a-tu-per-tu-con-lautore-novembre\/#primaryimage","url":"https:\/\/www.diocesitn.it\/area-cultura\/wp-content\/uploads\/sites\/38\/2024\/11\/A-tu-per-tu-NOVEMBRE.png","contentUrl":"https:\/\/www.diocesitn.it\/area-cultura\/wp-content\/uploads\/sites\/38\/2024\/11\/A-tu-per-tu-NOVEMBRE.png","width":1679,"height":940,"caption":"A tu per tu con l'autore novembre"},{"@type":"BreadcrumbList","@id":"https:\/\/www.diocesitn.it\/area-cultura\/2024\/11\/29\/a-tu-per-tu-con-lautore-novembre\/#breadcrumb","itemListElement":[{"@type":"ListItem","position":1,"name":"Home","item":"https:\/\/www.diocesitn.it\/area-cultura\/"},{"@type":"ListItem","position":2,"name":"\u00c8 online la registrazione della puntata di A tu per tu con don Rolando Covi e padre Matteo Giuliani"}]},{"@type":"WebSite","@id":"https:\/\/www.diocesitn.it\/area-cultura\/#website","url":"https:\/\/www.diocesitn.it\/area-cultura\/","name":"Cultura","description":"Chiesa di Trento","publisher":{"@id":"https:\/\/www.diocesitn.it\/area-cultura\/#organization"},"potentialAction":[{"@type":"SearchAction","target":{"@type":"EntryPoint","urlTemplate":"https:\/\/www.diocesitn.it\/area-cultura\/?s={search_term_string}"},"query-input":"required name=search_term_string"}],"inLanguage":"it-IT"},{"@type":["Organization","Place"],"@id":"https:\/\/www.diocesitn.it\/area-cultura\/#organization","name":"Area Cultura - Chiesa di Trento","url":"https:\/\/www.diocesitn.it\/area-cultura\/","logo":{"@id":"https:\/\/www.diocesitn.it\/area-cultura\/2024\/11\/29\/a-tu-per-tu-con-lautore-novembre\/#local-main-organization-logo"},"image":{"@id":"https:\/\/www.diocesitn.it\/area-cultura\/2024\/11\/29\/a-tu-per-tu-con-lautore-novembre\/#local-main-organization-logo"},"sameAs":["https:\/\/www.youtube.com\/channel\/UCfWD2n-N6WTCg2P_UA72H6Q"],"openingHoursSpecification":[{"@type":"OpeningHoursSpecification","dayOfWeek":["Monday","Tuesday","Wednesday","Thursday","Friday","Saturday","Sunday"],"opens":"09:00","closes":"17:00"}]},{"@type":"ImageObject","inLanguage":"it-IT","@id":"https:\/\/www.diocesitn.it\/area-cultura\/2024\/11\/29\/a-tu-per-tu-con-lautore-novembre\/#local-main-organization-logo","url":"https:\/\/www.diocesitn.it\/area-cultura\/wp-content\/uploads\/sites\/38\/2021\/09\/og-logo-cultura.jpg","contentUrl":"https:\/\/www.diocesitn.it\/area-cultura\/wp-content\/uploads\/sites\/38\/2021\/09\/og-logo-cultura.jpg","width":1200,"height":630,"caption":"Area Cultura - Chiesa di Trento"}]}},"_links":{"self":[{"href":"https:\/\/www.diocesitn.it\/area-cultura\/wp-json\/wp\/v2\/posts\/14392","targetHints":{"allow":["GET"]}}],"collection":[{"href":"https:\/\/www.diocesitn.it\/area-cultura\/wp-json\/wp\/v2\/posts"}],"about":[{"href":"https:\/\/www.diocesitn.it\/area-cultura\/wp-json\/wp\/v2\/types\/post"}],"author":[{"embeddable":true,"href":"https:\/\/www.diocesitn.it\/area-cultura\/wp-json\/wp\/v2\/users\/177"}],"replies":[{"embeddable":true,"href":"https:\/\/www.diocesitn.it\/area-cultura\/wp-json\/wp\/v2\/comments?post=14392"}],"version-history":[{"count":3,"href":"https:\/\/www.diocesitn.it\/area-cultura\/wp-json\/wp\/v2\/posts\/14392\/revisions"}],"predecessor-version":[{"id":14399,"href":"https:\/\/www.diocesitn.it\/area-cultura\/wp-json\/wp\/v2\/posts\/14392\/revisions\/14399"}],"wp:featuredmedia":[{"embeddable":true,"href":"https:\/\/www.diocesitn.it\/area-cultura\/wp-json\/wp\/v2\/media\/14393"}],"wp:attachment":[{"href":"https:\/\/www.diocesitn.it\/area-cultura\/wp-json\/wp\/v2\/media?parent=14392"}],"wp:term":[{"taxonomy":"category","embeddable":true,"href":"https:\/\/www.diocesitn.it\/area-cultura\/wp-json\/wp\/v2\/categories?post=14392"},{"taxonomy":"post_tag","embeddable":true,"href":"https:\/\/www.diocesitn.it\/area-cultura\/wp-json\/wp\/v2\/tags?post=14392"}],"curies":[{"name":"wp","href":"https:\/\/api.w.org\/{rel}","templated":true}]}}