{"id":14283,"date":"2024-11-27T14:58:11","date_gmt":"2024-11-27T13:58:11","guid":{"rendered":"https:\/\/www.diocesitn.it\/area-cultura\/?p=14283"},"modified":"2025-02-04T20:21:28","modified_gmt":"2025-02-04T19:21:28","slug":"spiritualita-in-cammino","status":"publish","type":"post","link":"https:\/\/www.diocesitn.it\/area-cultura\/2024\/11\/27\/spiritualita-in-cammino\/","title":{"rendered":"Spiritualit\u00e0 in movimento: proposta dell&#8217;Azione Cattolica di Trento e della Scuola Diocesana di Formazione Teologica, dal 21 gennaio"},"content":{"rendered":"<div id=\"pl-14283\"  class=\"panel-layout\" ><div id=\"pg-14283-0\"  class=\"panel-grid panel-no-style\" ><div id=\"pgc-14283-0-0\"  class=\"panel-grid-cell\" ><div id=\"panel-14283-0-0-0\" class=\"so-panel widget widget_sow-editor panel-first-child\" data-index=\"0\" ><div\n\t\t\t\n\t\t\tclass=\"so-widget-sow-editor so-widget-sow-editor-base\"\n\t\t\t\n\t\t>\n<div class=\"siteorigin-widget-tinymce textwidget\">\n\t<p>A partire da gennaio, l'Azione Cattolica di Trento e la Scuola Diocesana di Formazione Teologica propongono il percorso <em><b>Spiritualit\u00e0 in movimento <\/b><\/em>che si svilupper\u00e0 in 4 incontri il marted\u00ec sera dalle 20.30 alle 22.00.<\/p>\n<p><a href=\"https:\/\/www.diocesitn.it\/area-cultura\/wp-content\/uploads\/sites\/38\/2024\/11\/locandina-Formazione-Vigilianum-2025_1.png\"><img loading=\"lazy\" decoding=\"async\" class=\"alignnone size-medium wp-image-14504\" src=\"https:\/\/www.diocesitn.it\/area-cultura\/wp-content\/uploads\/sites\/38\/2024\/11\/locandina-Formazione-Vigilianum-2025_1-212x300.png\" alt=\"\" width=\"212\" height=\"300\" srcset=\"https:\/\/www.diocesitn.it\/area-cultura\/wp-content\/uploads\/sites\/38\/2024\/11\/locandina-Formazione-Vigilianum-2025_1-212x300.png 212w, https:\/\/www.diocesitn.it\/area-cultura\/wp-content\/uploads\/sites\/38\/2024\/11\/locandina-Formazione-Vigilianum-2025_1-724x1024.png 724w, https:\/\/www.diocesitn.it\/area-cultura\/wp-content\/uploads\/sites\/38\/2024\/11\/locandina-Formazione-Vigilianum-2025_1-768x1086.png 768w, https:\/\/www.diocesitn.it\/area-cultura\/wp-content\/uploads\/sites\/38\/2024\/11\/locandina-Formazione-Vigilianum-2025_1-198x280.png 198w, https:\/\/www.diocesitn.it\/area-cultura\/wp-content\/uploads\/sites\/38\/2024\/11\/locandina-Formazione-Vigilianum-2025_1-543x768.png 543w, https:\/\/www.diocesitn.it\/area-cultura\/wp-content\/uploads\/sites\/38\/2024\/11\/locandina-Formazione-Vigilianum-2025_1-1086x1536.png 1086w, https:\/\/www.diocesitn.it\/area-cultura\/wp-content\/uploads\/sites\/38\/2024\/11\/locandina-Formazione-Vigilianum-2025_1-800x1132.png 800w, https:\/\/www.diocesitn.it\/area-cultura\/wp-content\/uploads\/sites\/38\/2024\/11\/locandina-Formazione-Vigilianum-2025_1-1200x1697.png 1200w, https:\/\/www.diocesitn.it\/area-cultura\/wp-content\/uploads\/sites\/38\/2024\/11\/locandina-Formazione-Vigilianum-2025_1-1320x1867.png 1320w, https:\/\/www.diocesitn.it\/area-cultura\/wp-content\/uploads\/sites\/38\/2024\/11\/locandina-Formazione-Vigilianum-2025_1.png 1414w\" sizes=\"auto, (max-width: 212px) 100vw, 212px\" \/><\/a><\/p>\n<p><a href=\"https:\/\/www.diocesitn.it\/area-cultura\/wp-content\/uploads\/sites\/38\/2024\/11\/Locandina-Formazione-Ac-Vigilianum-2025.pdf\">Locandina Formazione Ac Vigilianum 2025<\/a><\/p>\n<p>&nbsp;<\/p>\n<p><strong>21 gennaio 2025 <em>IL CONTESTO CI SFIDA<\/em> <\/strong>- Luca Diotallevi (sociologo)<br \/>\n<strong>28 gennaio 2025 <\/strong><em><b>LA SPIRITUALITA' CI COINVOLGE <\/b><\/em>- Lucia Vantini (teologa)<br \/>\n<strong>4 febbraio 2025 <i>NELLO STILE DI UNA FEDE ADULTA <\/i><\/strong>-\u00a0 Andrea Peruffo (psicologo e formatore)<br \/>\n<strong>11 febbraio 2025 <\/strong><em><b>PERCORSI E METE<\/b><\/em> - Tavola rotonda (modera Diego Andreatta - Direttore Vita Trentina)<\/p>\n<ul>\n<li style=\"list-style-type: none\">\n<ul>\n<li style=\"list-style-type: none\">\n<ul>\n<li style=\"list-style-type: none\">\n<ul>\n<li style=\"list-style-type: none\">\n<ul>\n<li style=\"list-style-type: none\">\n<ul>\n<li>Piccola Fraternit\u00e0 di Ges\u00f9<\/li>\n<li>Comunit\u00e0 Nuovi Orizzonti<\/li>\n<li>Centro ignaziano di spiritualit\u00e0 familiare<\/li>\n<\/ul>\n<\/li>\n<\/ul>\n<\/li>\n<\/ul>\n<\/li>\n<\/ul>\n<\/li>\n<\/ul>\n<\/li>\n<\/ul>\n<p>&nbsp;<\/p>\n<p>Sar\u00e0 possibile partecipare<br \/>\n<strong>in presenza: Polo Culturale Vigilianum <\/strong>- Trento | via Endrici, 14<br \/>\n<strong>on-line<\/strong>:\u00a0in diretta streaming su piattaforma Zoom (<em>agli iscritti verr\u00e0 inviato il link di collegamento<\/em>)<\/p>\n<p>\u00c8\u00a0necessaria l'<strong>iscrizione<\/strong> <strong>entro gioved\u00ec 16 gennaio<\/strong>, inviando una mail a <u>segreteria@azionecattolica.trento.it<\/u> o a s<u>cuolateologia@diocesitn.it<\/u> oppure <strong>compilando il modulo sottostante<\/strong><\/p>\n<p><strong>La partecipazione al percorso \u00e8\u00a0 gratuita. <\/strong>\u00c8 possibile fare un\u2019offerta libera utilizzando le seguenti coordinate:<br \/>\nIntestazione: Arcidiocesi di Trento Servizio Formazione, IBAN: IT82L0306909606100000192105<br \/>\nCausale: AC 2025<\/p>\n<p><strong>Informazioni<\/strong><b><br \/>\n<\/b><em>Azione cattolica diocesana<\/em><br \/>\n0461 260985 - segreteria@azionecattolica.trento.it<br \/>\nwww.azionecattolicatrento.it<\/p>\n<p><em>Scuola Diocesana di Formazione Teologica<\/em><br \/>\n0461 360211 - scuolateologia@diocesitn.it<br \/>\nwww.diocesitn.it\/SDFT<\/p>\n<p><strong>ISCRIZIONI\u00a0<\/strong><\/p>\n<\/div>\n<\/div><\/div><div id=\"panel-14283-0-0-1\" class=\"so-panel widget widget_sow-accordion panel-last-child\" data-index=\"1\" ><div class=\"panel-widget-style panel-widget-style-for-14283-0-0-1\" ><div\n\t\t\t\n\t\t\tclass=\"so-widget-sow-accordion so-widget-sow-accordion-default-ce2171f5f26d-14283\"\n\t\t\t\n\t\t><div>\n\t<div class=\"sow-accordion\">\n\t\t\t<div class=\"sow-accordion-panel\n\t\t\t\t\"\n\t\t\tdata-anchor-id=\"iscrizione\">\n\t\t\t\t<div class=\"sow-accordion-panel-header-container\" role=\"heading\" aria-level=\"2\">\n\t\t\t\t\t<div class=\"sow-accordion-panel-header\" tabindex=\"0\" role=\"button\" id=\"accordion-label-iscrizione\" aria-controls=\"accordion-content-iscrizione\" aria-expanded=\"false\">\n\t\t\t\t\t\t<div class=\"sow-accordion-title sow-accordion-title-icon-left\">\n\t\t\t\t\t\t\t\t\t\t\t\t\t\tIscrizione\t\t\t\t\t\t\t\t\t\t\t\t\t<\/div>\n\t\t\t\t\t\t<div class=\"sow-accordion-open-close-button\">\n\t\t\t\t\t\t\t<div class=\"sow-accordion-open-button\">\n\t\t\t\t\t\t\t\t<span class=\"sow-icon-ionicons\" data-sow-icon=\"&#xf218;\"\n\t\t \n\t\taria-hidden=\"true\"><\/span>\t\t\t\t\t\t\t<\/div>\n\t\t\t\t\t\t\t<div class=\"sow-accordion-close-button\">\n\t\t\t\t\t\t\t\t<span class=\"sow-icon-ionicons\" data-sow-icon=\"&#xf209;\"\n\t\t \n\t\taria-hidden=\"true\"><\/span>\t\t\t\t\t\t\t<\/div>\n\t\t\t\t\t\t<\/div>\n\t\t\t\t\t<\/div>\n\t\t\t\t<\/div>\n\n\t\t\t<div\n\t\t\t\tclass=\"sow-accordion-panel-content\"\n\t\t\t\trole=\"region\"\n\t\t\t\taria-labelledby=\"accordion-label-iscrizione\"\n\t\t\t\tid=\"accordion-content-iscrizione\"\n\t\t\t\tstyle=\"display: none;\"\t\t\t>\n\t\t\t\t<div class=\"sow-accordion-panel-border\">\n\t\t\t\t\t<p><noscript class=\"ninja-forms-noscript-message\">\n\tAvviso: JavaScript \u00e8 obbligatorio per questo contenuto.<\/noscript>\n<div id=\"nf-form-62-cont\" class=\"nf-form-cont\" aria-live=\"polite\" aria-labelledby=\"nf-form-title-62\" aria-describedby=\"nf-form-errors-62\" role=\"form\">\n\n    <div class=\"nf-loading-spinner\"><\/div>\n\n<\/div>\n        <!-- That data is being printed as a workaround to page builders reordering the order of the scripts loaded-->\n        <script>var formDisplay=1;var nfForms=nfForms||[];var form=[];form.id='62';form.settings={\"objectType\":\"Form Setting\",\"editActive\":true,\"title\":\"Spiritualit\\u00e0 in cammino - AC 2025\",\"created_at\":\"2024-11-19 14:00:38\",\"default_label_pos\":\"above\",\"show_title\":0,\"clear_complete\":\"1\",\"hide_complete\":\"1\",\"logged_in\":\"\",\"wrapper_class\":\"\",\"element_class\":\"\",\"key\":\"\",\"add_submit\":\"0\",\"changeEmailErrorMsg\":\"Immetti un indirizzo email valido.\",\"changeDateErrorMsg\":\"Please enter a valid date!\",\"confirmFieldErrorMsg\":\"Questi campi devono corrispondere.\",\"fieldNumberNumMinError\":\"Errore numero min\",\"fieldNumberNumMaxError\":\"Errore numero max\",\"fieldNumberIncrementBy\":\"Incrementa di \",\"formErrorsCorrectErrors\":\"Correggi gli errori prima di inviare il form.\",\"validateRequiredField\":\"Campo obbligatorio.\",\"honeypotHoneypotError\":\"Errore Honeypot\",\"fieldsMarkedRequired\":\"I campi contrassegnati con <span class=\\\"ninja-forms-req-symbol\\\">*<\\\/span> sono obbligatori.\",\"currency\":\"\",\"unique_field_error\":\"A form with this value has already been submitted.\",\"not_logged_in_msg\":\"\",\"sub_limit_msg\":\"The form has reached its submission limit.\",\"calculations\":[],\"formContentData\":[\"lastname_1669970084345\",\"firstname_1669970087431\",\"email_1669970089604\",\"phone_1669970101670\",\"partecipazione_1732021358436\",\"checkbox_1669970163586\",\"html_1669970182374\",\"submit_1669970146869\"],\"drawerDisabled\":false,\"form_title_heading_level\":\"3\",\"allow_public_link\":0,\"embed_form\":\"\",\"ninjaForms\":\"Ninja Forms\",\"fieldTextareaRTEInsertLink\":\"Inserisci link\",\"fieldTextareaRTEInsertMedia\":\"Inserisci media\",\"fieldTextareaRTESelectAFile\":\"Seleziona un file\",\"formHoneypot\":\"Se sei un essere umano e vedi questo campo, lascialo vuoto.\",\"fileUploadOldCodeFileUploadInProgress\":\"Caricamento file in corso.\",\"fileUploadOldCodeFileUpload\":\"CARICAMENTO FILE\",\"currencySymbol\":\"&#36;\",\"thousands_sep\":\".\",\"decimal_point\":\",\",\"siteLocale\":\"it_IT\",\"dateFormat\":\"d\\\/m\\\/Y\",\"startOfWeek\":\"1\",\"of\":\"di\",\"previousMonth\":\"Previous Month\",\"nextMonth\":\"Next Month\",\"months\":[\"January\",\"February\",\"March\",\"April\",\"May\",\"June\",\"July\",\"August\",\"September\",\"October\",\"November\",\"December\"],\"monthsShort\":[\"Jan\",\"Feb\",\"Mar\",\"Apr\",\"May\",\"Jun\",\"Jul\",\"Aug\",\"Sep\",\"Oct\",\"Nov\",\"Dec\"],\"weekdays\":[\"Sunday\",\"Monday\",\"Tuesday\",\"Wednesday\",\"Thursday\",\"Friday\",\"Saturday\"],\"weekdaysShort\":[\"Sun\",\"Mon\",\"Tue\",\"Wed\",\"Thu\",\"Fri\",\"Sat\"],\"weekdaysMin\":[\"Su\",\"Mo\",\"Tu\",\"We\",\"Th\",\"Fr\",\"Sa\"],\"recaptchaConsentMissing\":\"reCaptcha validation couldn&#039;t load.\",\"recaptchaMissingCookie\":\"reCaptcha v3 validation couldn&#039;t load the cookie needed to submit the form.\",\"recaptchaConsentEvent\":\"Accept reCaptcha cookies before sending the form.\",\"currency_symbol\":\"\",\"beforeForm\":\"\",\"beforeFields\":\"\",\"afterFields\":\"\",\"afterForm\":\"\"};form.fields=[{\"objectType\":\"Field\",\"objectDomain\":\"fields\",\"editActive\":false,\"order\":1,\"idAttribute\":\"id\",\"type\":\"lastname\",\"label\":\"Cognome\",\"key\":\"lastname_1669970084345\",\"label_pos\":\"above\",\"required\":1,\"default\":\"\",\"placeholder\":\"\",\"container_class\":\"\",\"element_class\":\"\",\"admin_label\":\"\",\"help_text\":\"\",\"custom_name_attribute\":\"lname\",\"personally_identifiable\":1,\"value\":\"\",\"drawerDisabled\":false,\"field_label\":\"Cognome\",\"field_key\":\"lastname_1669970084345\",\"id\":533,\"beforeField\":\"\",\"afterField\":\"\",\"parentType\":\"lastname\",\"element_templates\":[\"lastname\",\"input\"],\"old_classname\":\"\",\"wrap_template\":\"wrap\"},{\"objectType\":\"Field\",\"objectDomain\":\"fields\",\"editActive\":false,\"order\":2,\"idAttribute\":\"id\",\"type\":\"firstname\",\"label\":\"Nome\",\"key\":\"firstname_1669970087431\",\"label_pos\":\"above\",\"required\":1,\"default\":\"\",\"placeholder\":\"\",\"container_class\":\"\",\"element_class\":\"\",\"admin_label\":\"\",\"help_text\":\"\",\"custom_name_attribute\":\"fname\",\"personally_identifiable\":1,\"value\":\"\",\"drawerDisabled\":\"\",\"field_label\":\"Nome\",\"field_key\":\"firstname_1669970087431\",\"id\":534,\"beforeField\":\"\",\"afterField\":\"\",\"parentType\":\"firstname\",\"element_templates\":[\"firstname\",\"input\"],\"old_classname\":\"\",\"wrap_template\":\"wrap\"},{\"objectType\":\"Field\",\"objectDomain\":\"fields\",\"editActive\":false,\"order\":3,\"idAttribute\":\"id\",\"type\":\"email\",\"label\":\"Email\",\"key\":\"email_1669970089604\",\"label_pos\":\"above\",\"required\":1,\"default\":\"\",\"placeholder\":\"\",\"container_class\":\"\",\"element_class\":\"\",\"admin_label\":\"\",\"help_text\":\"\",\"custom_name_attribute\":\"email\",\"personally_identifiable\":1,\"value\":\"\",\"drawerDisabled\":\"\",\"field_label\":\"Email\",\"field_key\":\"email_1669970089604\",\"id\":535,\"beforeField\":\"\",\"afterField\":\"\",\"parentType\":\"email\",\"element_templates\":[\"email\",\"input\"],\"old_classname\":\"\",\"wrap_template\":\"wrap\"},{\"objectType\":\"Field\",\"objectDomain\":\"fields\",\"editActive\":false,\"order\":4,\"idAttribute\":\"id\",\"type\":\"phone\",\"label\":\"Telefono\",\"key\":\"phone_1669970101670\",\"label_pos\":\"above\",\"required\":1,\"default\":\"\",\"placeholder\":\"\",\"container_class\":\"\",\"element_class\":\"\",\"input_limit\":\"\",\"input_limit_type\":\"characters\",\"input_limit_msg\":\"Caratteri rimasti\",\"manual_key\":\"\",\"admin_label\":\"\",\"help_text\":\"\",\"mask\":\"\",\"custom_mask\":\"\",\"custom_name_attribute\":\"phone\",\"personally_identifiable\":1,\"value\":\"\",\"drawerDisabled\":\"\",\"field_label\":\"Telefono\",\"field_key\":\"phone_1669970101670\",\"id\":536,\"beforeField\":\"\",\"afterField\":\"\",\"parentType\":\"textbox\",\"element_templates\":[\"tel\",\"textbox\",\"input\"],\"old_classname\":\"\",\"wrap_template\":\"wrap\"},{\"objectType\":\"Field\",\"objectDomain\":\"fields\",\"editActive\":false,\"order\":5,\"idAttribute\":\"id\",\"type\":\"listradio\",\"label\":\"Partecipazione\",\"key\":\"partecipazione_1732021358436\",\"label_pos\":\"above\",\"required\":1,\"options\":[{\"errors\":[],\"max_options\":0,\"label\":\"In presenza\",\"value\":\"in-presenza\",\"calc\":\"\",\"selected\":0,\"order\":0,\"settingModel\":{\"settings\":false,\"hide_merge_tags\":false,\"error\":false,\"name\":\"options\",\"type\":\"option-repeater\",\"label\":\"Options <a href=\\\"#\\\" class=\\\"nf-add-new\\\">Aggiungi nuovo<\\\/a> <a href=\\\"#\\\" class=\\\"extra nf-open-import-tooltip\\\"><i class=\\\"fa fa-sign-in\\\" aria-hidden=\\\"true\\\"><\\\/i> Importa<\\\/a>\",\"width\":\"full\",\"group\":\"\",\"value\":[{\"label\":\"Uno\",\"value\":\"uno\",\"calc\":\"\",\"selected\":0,\"order\":0},{\"label\":\"Due\",\"value\":\"due\",\"calc\":\"\",\"selected\":0,\"order\":1},{\"label\":\"Tre\",\"value\":\"tre\",\"calc\":\"\",\"selected\":0,\"order\":2}],\"columns\":{\"label\":{\"header\":\"Etichetta\",\"default\":\"\"},\"value\":{\"header\":\"Valore\",\"default\":\"\"},\"calc\":{\"header\":\"Calcolo\",\"default\":\"\"},\"selected\":{\"header\":\"<span class=\\\"dashicons dashicons-yes\\\"><\\\/span>\",\"default\":0}}}},{\"errors\":[],\"max_options\":0,\"label\":\"Online\",\"value\":\"online\",\"calc\":\"\",\"selected\":0,\"order\":1,\"settingModel\":{\"settings\":false,\"hide_merge_tags\":false,\"error\":false,\"name\":\"options\",\"type\":\"option-repeater\",\"label\":\"Options <a href=\\\"#\\\" class=\\\"nf-add-new\\\">Aggiungi nuovo<\\\/a> <a href=\\\"#\\\" class=\\\"extra nf-open-import-tooltip\\\"><i class=\\\"fa fa-sign-in\\\" aria-hidden=\\\"true\\\"><\\\/i> Importa<\\\/a>\",\"width\":\"full\",\"group\":\"\",\"value\":[{\"label\":\"Uno\",\"value\":\"uno\",\"calc\":\"\",\"selected\":0,\"order\":0},{\"label\":\"Due\",\"value\":\"due\",\"calc\":\"\",\"selected\":0,\"order\":1},{\"label\":\"Tre\",\"value\":\"tre\",\"calc\":\"\",\"selected\":0,\"order\":2}],\"columns\":{\"label\":{\"header\":\"Etichetta\",\"default\":\"\"},\"value\":{\"header\":\"Valore\",\"default\":\"\"},\"calc\":{\"header\":\"Calcolo\",\"default\":\"\"},\"selected\":{\"header\":\"<span class=\\\"dashicons dashicons-yes\\\"><\\\/span>\",\"default\":0}}}}],\"container_class\":\"\",\"element_class\":\"\",\"admin_label\":\"\",\"help_text\":\"\",\"drawerDisabled\":false,\"id\":541,\"beforeField\":\"\",\"afterField\":\"\",\"value\":\"\",\"parentType\":\"list\",\"element_templates\":[\"listradio\",\"input\"],\"old_classname\":\"list-radio\",\"wrap_template\":\"wrap\"},{\"objectType\":\"Field\",\"objectDomain\":\"fields\",\"editActive\":false,\"order\":6,\"idAttribute\":\"id\",\"type\":\"checkbox\",\"label\":\"Autorizzo il trattamento dei miei dati personali nel rispetto della normativa sulla privacy\",\"key\":\"checkbox_1669970163586\",\"label_pos\":\"right\",\"required\":1,\"container_class\":\"\",\"element_class\":\"\",\"manual_key\":1,\"admin_label\":\"\",\"help_text\":\"\",\"default_value\":\"unchecked\",\"checked_value\":\"Selezionato\",\"unchecked_value\":\"Deselezionato\",\"checked_calc_value\":\"\",\"unchecked_calc_value\":\"\",\"drawerDisabled\":\"\",\"field_label\":\"Autorizzo il trattamento dei miei dati personali nel rispetto della normativa sulla privacy\",\"field_key\":\"checkbox_1669970163586\",\"saved\":\"\",\"nicename\":\"Autorizzo il trattamento dei miei dati personali nel rispetto della normativa sulla privacy\",\"id\":537,\"beforeField\":\"\",\"afterField\":\"\",\"value\":\"\",\"parentType\":\"checkbox\",\"element_templates\":[\"checkbox\",\"input\"],\"old_classname\":\"\",\"wrap_template\":\"wrap\"},{\"objectType\":\"Field\",\"objectDomain\":\"fields\",\"editActive\":false,\"order\":7,\"idAttribute\":\"id\",\"label\":\"Informativa privacy, testo\",\"type\":\"html\",\"default\":\"<div><a href=\\\"https:\\\/\\\/www.diocesitn.it\\\/privacy\\\/informativa-sul-trattamento-dei-dati-personali-iscrizione\\\/\\\" target=\\\"_blank\\\">Leggi l'informativa sulla privacy<\\\/a><\\\/div>\",\"container_class\":\"\",\"element_class\":\"\",\"drawerDisabled\":\"\",\"field_label\":\"Informativa privacy, testo\",\"field_key\":\"html_1669970182374\",\"saved\":\"\",\"nicename\":\"Informativa privacy, testo\",\"key\":\"html_1669970182374\",\"id\":538,\"beforeField\":\"\",\"afterField\":\"\",\"value\":\"<div><a href=\\\"https:\\\/\\\/www.diocesitn.it\\\/privacy\\\/informativa-sul-trattamento-dei-dati-personali-iscrizione\\\/\\\" target=\\\"_blank\\\">Leggi l'informativa sulla privacy<\\\/a><\\\/div>\",\"label_pos\":\"above\",\"parentType\":\"html\",\"element_templates\":[\"html\",\"input\"],\"old_classname\":\"\",\"wrap_template\":\"wrap\"},{\"objectType\":\"Field\",\"objectDomain\":\"fields\",\"editActive\":false,\"order\":8,\"idAttribute\":\"id\",\"type\":\"submit\",\"label\":\"Invia\",\"processing_label\":\"Trattamento\",\"container_class\":\"\",\"element_class\":\"\",\"key\":\"submit_1669970146869\",\"drawerDisabled\":\"\",\"field_label\":\"Invia\",\"field_key\":\"submit_1669970146869\",\"id\":539,\"beforeField\":\"\",\"afterField\":\"\",\"value\":\"\",\"label_pos\":\"above\",\"parentType\":\"textbox\",\"element_templates\":[\"submit\",\"button\",\"input\"],\"old_classname\":\"\",\"wrap_template\":\"wrap-no-label\"}];nfForms.push(form);<\/script>\n        <\/p>\n\t\t\t\t<\/div>\n\t\t\t<\/div>\n\t\t<\/div>\n\t\t<\/div>\n<\/div>\n<\/div><\/div><\/div><\/div><\/div><\/div>","protected":false},"excerpt":{"rendered":"<p>A partire da gennaio, l&#8217;Azione Cattolica di Trento e la Scuola Diocesana di Formazione Teologica propongono il percorso Spiritualit\u00e0 in movimento che si svilupper\u00e0 in 4 incontri il marted\u00ec sera dalle 20.30 alle 22.00. Locandina<\/p>\n","protected":false},"author":176,"featured_media":14306,"comment_status":"closed","ping_status":"closed","sticky":false,"template":"","format":"standard","meta":{"footnotes":""},"categories":[632,657,461,375,329,361],"tags":[435,476,431],"class_list":["post-14283","post","type-post","status-publish","format-standard","has-post-thumbnail","hentry","category-area-cultura","category-azione-cattolica","category-cultura","category-servizio-formazione","category-notizie","category-servizio-sdft","tag-arcidiocesi-di-trento","tag-azione-cattolica-trento","tag-scuola-diocesana-di-formazione-teologica-di-trento"],"acf":{"seed-localization-paese-cod":"IT","seed-localization-address":"","seed-localization-citta":"Trento","seed-localization-regione-cod-istat":"04","seed-localization-citta-cod-istat":"022205","seed-localization-localita":"","seed-localization-cap":"","seed-localization-marker-visibility":false,"seed-localization-children-visibility":false,"seed-localization-kml":"","seed-localization-custom-marker":""},"yoast_head":"<!-- This site is optimized with the Yoast SEO Premium plugin v20.2.1 (Yoast SEO v22.2) - https:\/\/yoast.com\/wordpress\/plugins\/seo\/ -->\n<title>Spiritualit\u00e0 in movimento: proposta dell&#039;Azione Cattolica di Trento e della Scuola Diocesana di Formazione Teologica, dal 21 gennaio - Cultura<\/title>\n<meta name=\"robots\" content=\"index, follow, max-snippet:-1, max-image-preview:large, max-video-preview:-1\" \/>\n<link rel=\"canonical\" href=\"https:\/\/www.diocesitn.it\/area-cultura\/2024\/11\/27\/spiritualita-in-cammino\/\" \/>\n<meta property=\"og:locale\" content=\"it_IT\" \/>\n<meta property=\"og:type\" content=\"article\" \/>\n<meta property=\"og:title\" content=\"Spiritualit\u00e0 in movimento: proposta dell&#039;Azione Cattolica di Trento e della Scuola Diocesana di Formazione Teologica, dal 21 gennaio\" \/>\n<meta property=\"og:description\" content=\"A partire da gennaio, l&#039;Azione Cattolica di Trento e la Scuola Diocesana di Formazione Teologica propongono il percorso Spiritualit\u00e0 in movimento che si svilupper\u00e0 in 4 incontri il marted\u00ec sera dalle 20.30 alle 22.00. Locandina\" \/>\n<meta property=\"og:url\" content=\"https:\/\/www.diocesitn.it\/area-cultura\/2024\/11\/27\/spiritualita-in-cammino\/\" \/>\n<meta property=\"og:site_name\" content=\"Cultura\" \/>\n<meta property=\"article:published_time\" content=\"2024-11-27T13:58:11+00:00\" \/>\n<meta property=\"article:modified_time\" content=\"2025-02-04T19:21:28+00:00\" \/>\n<meta property=\"og:image\" content=\"https:\/\/www.diocesitn.it\/area-cultura\/wp-content\/uploads\/sites\/38\/2024\/11\/Cammino-2.jpg\" \/>\n\t<meta property=\"og:image:width\" content=\"640\" \/>\n\t<meta property=\"og:image:height\" content=\"427\" \/>\n\t<meta property=\"og:image:type\" content=\"image\/jpeg\" \/>\n<meta name=\"author\" content=\"lparis\" \/>\n<meta name=\"twitter:card\" content=\"summary_large_image\" \/>\n<meta name=\"twitter:label1\" content=\"Scritto da\" \/>\n\t<meta name=\"twitter:data1\" content=\"lparis\" \/>\n\t<meta name=\"twitter:label2\" content=\"Tempo di lettura stimato\" \/>\n\t<meta name=\"twitter:data2\" content=\"2 minuti\" \/>\n<script type=\"application\/ld+json\" class=\"yoast-schema-graph\">{\"@context\":\"https:\/\/schema.org\",\"@graph\":[{\"@type\":\"Article\",\"@id\":\"https:\/\/www.diocesitn.it\/area-cultura\/2024\/11\/27\/spiritualita-in-cammino\/#article\",\"isPartOf\":{\"@id\":\"https:\/\/www.diocesitn.it\/area-cultura\/2024\/11\/27\/spiritualita-in-cammino\/\"},\"author\":{\"name\":\"lparis\",\"@id\":\"https:\/\/www.diocesitn.it\/area-cultura\/#\/schema\/person\/56f5dae17432fc6d153fbbbf46f9d871\"},\"headline\":\"Spiritualit\u00e0 in movimento: proposta dell&#8217;Azione Cattolica di Trento e della Scuola Diocesana di Formazione Teologica, dal 21 gennaio\",\"datePublished\":\"2024-11-27T13:58:11+00:00\",\"dateModified\":\"2025-02-04T19:21:28+00:00\",\"mainEntityOfPage\":{\"@id\":\"https:\/\/www.diocesitn.it\/area-cultura\/2024\/11\/27\/spiritualita-in-cammino\/\"},\"wordCount\":221,\"publisher\":{\"@id\":\"https:\/\/www.diocesitn.it\/area-cultura\/#organization\"},\"image\":{\"@id\":\"https:\/\/www.diocesitn.it\/area-cultura\/2024\/11\/27\/spiritualita-in-cammino\/#primaryimage\"},\"thumbnailUrl\":\"https:\/\/www.diocesitn.it\/area-cultura\/wp-content\/uploads\/sites\/38\/2024\/11\/Cammino-2.jpg\",\"keywords\":[\"Arcidiocesi di Trento\",\"Azione Cattolica Trento\",\"Scuola Diocesana di Formazione Teologica di Trento\"],\"articleSection\":[\"Area Cultura\",\"Azione Cattolica\",\"Cultura\",\"Formazione\",\"Notizie\",\"Scuola diocesana di formazione teologica\"],\"inLanguage\":\"it-IT\",\"copyrightYear\":\"2024\",\"copyrightHolder\":{\"@id\":\"https:\/\/www.diocesitn.it\/#organization\"}},{\"@type\":\"WebPage\",\"@id\":\"https:\/\/www.diocesitn.it\/area-cultura\/2024\/11\/27\/spiritualita-in-cammino\/\",\"url\":\"https:\/\/www.diocesitn.it\/area-cultura\/2024\/11\/27\/spiritualita-in-cammino\/\",\"name\":\"Spiritualit\u00e0 in movimento: proposta dell'Azione Cattolica di Trento e della Scuola Diocesana di Formazione Teologica, dal 21 gennaio - Cultura\",\"isPartOf\":{\"@id\":\"https:\/\/www.diocesitn.it\/area-cultura\/#website\"},\"primaryImageOfPage\":{\"@id\":\"https:\/\/www.diocesitn.it\/area-cultura\/2024\/11\/27\/spiritualita-in-cammino\/#primaryimage\"},\"image\":{\"@id\":\"https:\/\/www.diocesitn.it\/area-cultura\/2024\/11\/27\/spiritualita-in-cammino\/#primaryimage\"},\"thumbnailUrl\":\"https:\/\/www.diocesitn.it\/area-cultura\/wp-content\/uploads\/sites\/38\/2024\/11\/Cammino-2.jpg\",\"datePublished\":\"2024-11-27T13:58:11+00:00\",\"dateModified\":\"2025-02-04T19:21:28+00:00\",\"breadcrumb\":{\"@id\":\"https:\/\/www.diocesitn.it\/area-cultura\/2024\/11\/27\/spiritualita-in-cammino\/#breadcrumb\"},\"inLanguage\":\"it-IT\",\"potentialAction\":[{\"@type\":\"ReadAction\",\"target\":[\"https:\/\/www.diocesitn.it\/area-cultura\/2024\/11\/27\/spiritualita-in-cammino\/\"]}]},{\"@type\":\"ImageObject\",\"inLanguage\":\"it-IT\",\"@id\":\"https:\/\/www.diocesitn.it\/area-cultura\/2024\/11\/27\/spiritualita-in-cammino\/#primaryimage\",\"url\":\"https:\/\/www.diocesitn.it\/area-cultura\/wp-content\/uploads\/sites\/38\/2024\/11\/Cammino-2.jpg\",\"contentUrl\":\"https:\/\/www.diocesitn.it\/area-cultura\/wp-content\/uploads\/sites\/38\/2024\/11\/Cammino-2.jpg\",\"width\":640,\"height\":427},{\"@type\":\"BreadcrumbList\",\"@id\":\"https:\/\/www.diocesitn.it\/area-cultura\/2024\/11\/27\/spiritualita-in-cammino\/#breadcrumb\",\"itemListElement\":[{\"@type\":\"ListItem\",\"position\":1,\"name\":\"Home\",\"item\":\"https:\/\/www.diocesitn.it\/area-cultura\/\"},{\"@type\":\"ListItem\",\"position\":2,\"name\":\"Spiritualit\u00e0 in movimento: proposta dell&#8217;Azione Cattolica di Trento e della Scuola Diocesana di Formazione Teologica, dal 21 gennaio\"}]},{\"@type\":\"WebSite\",\"@id\":\"https:\/\/www.diocesitn.it\/area-cultura\/#website\",\"url\":\"https:\/\/www.diocesitn.it\/area-cultura\/\",\"name\":\"Cultura\",\"description\":\"Chiesa di Trento\",\"publisher\":{\"@id\":\"https:\/\/www.diocesitn.it\/area-cultura\/#organization\"},\"potentialAction\":[{\"@type\":\"SearchAction\",\"target\":{\"@type\":\"EntryPoint\",\"urlTemplate\":\"https:\/\/www.diocesitn.it\/area-cultura\/?s={search_term_string}\"},\"query-input\":\"required name=search_term_string\"}],\"inLanguage\":\"it-IT\"},{\"@type\":[\"Organization\",\"Place\"],\"@id\":\"https:\/\/www.diocesitn.it\/area-cultura\/#organization\",\"name\":\"Area Cultura - Chiesa di Trento\",\"url\":\"https:\/\/www.diocesitn.it\/area-cultura\/\",\"logo\":{\"@id\":\"https:\/\/www.diocesitn.it\/area-cultura\/2024\/11\/27\/spiritualita-in-cammino\/#local-main-organization-logo\"},\"image\":{\"@id\":\"https:\/\/www.diocesitn.it\/area-cultura\/2024\/11\/27\/spiritualita-in-cammino\/#local-main-organization-logo\"},\"sameAs\":[\"https:\/\/www.youtube.com\/channel\/UCfWD2n-N6WTCg2P_UA72H6Q\"],\"openingHoursSpecification\":[{\"@type\":\"OpeningHoursSpecification\",\"dayOfWeek\":[\"Monday\",\"Tuesday\",\"Wednesday\",\"Thursday\",\"Friday\",\"Saturday\",\"Sunday\"],\"opens\":\"09:00\",\"closes\":\"17:00\"}]},{\"@type\":\"ImageObject\",\"inLanguage\":\"it-IT\",\"@id\":\"https:\/\/www.diocesitn.it\/area-cultura\/2024\/11\/27\/spiritualita-in-cammino\/#local-main-organization-logo\",\"url\":\"https:\/\/www.diocesitn.it\/area-cultura\/wp-content\/uploads\/sites\/38\/2021\/09\/og-logo-cultura.jpg\",\"contentUrl\":\"https:\/\/www.diocesitn.it\/area-cultura\/wp-content\/uploads\/sites\/38\/2021\/09\/og-logo-cultura.jpg\",\"width\":1200,\"height\":630,\"caption\":\"Area Cultura - Chiesa di Trento\"}]}<\/script>\n<!-- \/ Yoast SEO Premium plugin. -->","yoast_head_json":{"title":"Spiritualit\u00e0 in movimento: proposta dell'Azione Cattolica di Trento e della Scuola Diocesana di Formazione Teologica, dal 21 gennaio - Cultura","robots":{"index":"index","follow":"follow","max-snippet":"max-snippet:-1","max-image-preview":"max-image-preview:large","max-video-preview":"max-video-preview:-1"},"canonical":"https:\/\/www.diocesitn.it\/area-cultura\/2024\/11\/27\/spiritualita-in-cammino\/","og_locale":"it_IT","og_type":"article","og_title":"Spiritualit\u00e0 in movimento: proposta dell'Azione Cattolica di Trento e della Scuola Diocesana di Formazione Teologica, dal 21 gennaio","og_description":"A partire da gennaio, l'Azione Cattolica di Trento e la Scuola Diocesana di Formazione Teologica propongono il percorso Spiritualit\u00e0 in movimento che si svilupper\u00e0 in 4 incontri il marted\u00ec sera dalle 20.30 alle 22.00. Locandina","og_url":"https:\/\/www.diocesitn.it\/area-cultura\/2024\/11\/27\/spiritualita-in-cammino\/","og_site_name":"Cultura","article_published_time":"2024-11-27T13:58:11+00:00","article_modified_time":"2025-02-04T19:21:28+00:00","og_image":[{"width":640,"height":427,"url":"https:\/\/www.diocesitn.it\/area-cultura\/wp-content\/uploads\/sites\/38\/2024\/11\/Cammino-2.jpg","type":"image\/jpeg"}],"author":"lparis","twitter_card":"summary_large_image","twitter_misc":{"Scritto da":"lparis","Tempo di lettura stimato":"2 minuti"},"schema":{"@context":"https:\/\/schema.org","@graph":[{"@type":"Article","@id":"https:\/\/www.diocesitn.it\/area-cultura\/2024\/11\/27\/spiritualita-in-cammino\/#article","isPartOf":{"@id":"https:\/\/www.diocesitn.it\/area-cultura\/2024\/11\/27\/spiritualita-in-cammino\/"},"author":{"name":"lparis","@id":"https:\/\/www.diocesitn.it\/area-cultura\/#\/schema\/person\/56f5dae17432fc6d153fbbbf46f9d871"},"headline":"Spiritualit\u00e0 in movimento: proposta dell&#8217;Azione Cattolica di Trento e della Scuola Diocesana di Formazione Teologica, dal 21 gennaio","datePublished":"2024-11-27T13:58:11+00:00","dateModified":"2025-02-04T19:21:28+00:00","mainEntityOfPage":{"@id":"https:\/\/www.diocesitn.it\/area-cultura\/2024\/11\/27\/spiritualita-in-cammino\/"},"wordCount":221,"publisher":{"@id":"https:\/\/www.diocesitn.it\/area-cultura\/#organization"},"image":{"@id":"https:\/\/www.diocesitn.it\/area-cultura\/2024\/11\/27\/spiritualita-in-cammino\/#primaryimage"},"thumbnailUrl":"https:\/\/www.diocesitn.it\/area-cultura\/wp-content\/uploads\/sites\/38\/2024\/11\/Cammino-2.jpg","keywords":["Arcidiocesi di Trento","Azione Cattolica Trento","Scuola Diocesana di Formazione Teologica di Trento"],"articleSection":["Area Cultura","Azione Cattolica","Cultura","Formazione","Notizie","Scuola diocesana di formazione teologica"],"inLanguage":"it-IT","copyrightYear":"2024","copyrightHolder":{"@id":"https:\/\/www.diocesitn.it\/#organization"}},{"@type":"WebPage","@id":"https:\/\/www.diocesitn.it\/area-cultura\/2024\/11\/27\/spiritualita-in-cammino\/","url":"https:\/\/www.diocesitn.it\/area-cultura\/2024\/11\/27\/spiritualita-in-cammino\/","name":"Spiritualit\u00e0 in movimento: proposta dell'Azione Cattolica di Trento e della Scuola Diocesana di Formazione Teologica, dal 21 gennaio - Cultura","isPartOf":{"@id":"https:\/\/www.diocesitn.it\/area-cultura\/#website"},"primaryImageOfPage":{"@id":"https:\/\/www.diocesitn.it\/area-cultura\/2024\/11\/27\/spiritualita-in-cammino\/#primaryimage"},"image":{"@id":"https:\/\/www.diocesitn.it\/area-cultura\/2024\/11\/27\/spiritualita-in-cammino\/#primaryimage"},"thumbnailUrl":"https:\/\/www.diocesitn.it\/area-cultura\/wp-content\/uploads\/sites\/38\/2024\/11\/Cammino-2.jpg","datePublished":"2024-11-27T13:58:11+00:00","dateModified":"2025-02-04T19:21:28+00:00","breadcrumb":{"@id":"https:\/\/www.diocesitn.it\/area-cultura\/2024\/11\/27\/spiritualita-in-cammino\/#breadcrumb"},"inLanguage":"it-IT","potentialAction":[{"@type":"ReadAction","target":["https:\/\/www.diocesitn.it\/area-cultura\/2024\/11\/27\/spiritualita-in-cammino\/"]}]},{"@type":"ImageObject","inLanguage":"it-IT","@id":"https:\/\/www.diocesitn.it\/area-cultura\/2024\/11\/27\/spiritualita-in-cammino\/#primaryimage","url":"https:\/\/www.diocesitn.it\/area-cultura\/wp-content\/uploads\/sites\/38\/2024\/11\/Cammino-2.jpg","contentUrl":"https:\/\/www.diocesitn.it\/area-cultura\/wp-content\/uploads\/sites\/38\/2024\/11\/Cammino-2.jpg","width":640,"height":427},{"@type":"BreadcrumbList","@id":"https:\/\/www.diocesitn.it\/area-cultura\/2024\/11\/27\/spiritualita-in-cammino\/#breadcrumb","itemListElement":[{"@type":"ListItem","position":1,"name":"Home","item":"https:\/\/www.diocesitn.it\/area-cultura\/"},{"@type":"ListItem","position":2,"name":"Spiritualit\u00e0 in movimento: proposta dell&#8217;Azione Cattolica di Trento e della Scuola Diocesana di Formazione Teologica, dal 21 gennaio"}]},{"@type":"WebSite","@id":"https:\/\/www.diocesitn.it\/area-cultura\/#website","url":"https:\/\/www.diocesitn.it\/area-cultura\/","name":"Cultura","description":"Chiesa di Trento","publisher":{"@id":"https:\/\/www.diocesitn.it\/area-cultura\/#organization"},"potentialAction":[{"@type":"SearchAction","target":{"@type":"EntryPoint","urlTemplate":"https:\/\/www.diocesitn.it\/area-cultura\/?s={search_term_string}"},"query-input":"required name=search_term_string"}],"inLanguage":"it-IT"},{"@type":["Organization","Place"],"@id":"https:\/\/www.diocesitn.it\/area-cultura\/#organization","name":"Area Cultura - Chiesa di Trento","url":"https:\/\/www.diocesitn.it\/area-cultura\/","logo":{"@id":"https:\/\/www.diocesitn.it\/area-cultura\/2024\/11\/27\/spiritualita-in-cammino\/#local-main-organization-logo"},"image":{"@id":"https:\/\/www.diocesitn.it\/area-cultura\/2024\/11\/27\/spiritualita-in-cammino\/#local-main-organization-logo"},"sameAs":["https:\/\/www.youtube.com\/channel\/UCfWD2n-N6WTCg2P_UA72H6Q"],"openingHoursSpecification":[{"@type":"OpeningHoursSpecification","dayOfWeek":["Monday","Tuesday","Wednesday","Thursday","Friday","Saturday","Sunday"],"opens":"09:00","closes":"17:00"}]},{"@type":"ImageObject","inLanguage":"it-IT","@id":"https:\/\/www.diocesitn.it\/area-cultura\/2024\/11\/27\/spiritualita-in-cammino\/#local-main-organization-logo","url":"https:\/\/www.diocesitn.it\/area-cultura\/wp-content\/uploads\/sites\/38\/2021\/09\/og-logo-cultura.jpg","contentUrl":"https:\/\/www.diocesitn.it\/area-cultura\/wp-content\/uploads\/sites\/38\/2021\/09\/og-logo-cultura.jpg","width":1200,"height":630,"caption":"Area Cultura - Chiesa di Trento"}]}},"_links":{"self":[{"href":"https:\/\/www.diocesitn.it\/area-cultura\/wp-json\/wp\/v2\/posts\/14283","targetHints":{"allow":["GET"]}}],"collection":[{"href":"https:\/\/www.diocesitn.it\/area-cultura\/wp-json\/wp\/v2\/posts"}],"about":[{"href":"https:\/\/www.diocesitn.it\/area-cultura\/wp-json\/wp\/v2\/types\/post"}],"author":[{"embeddable":true,"href":"https:\/\/www.diocesitn.it\/area-cultura\/wp-json\/wp\/v2\/users\/176"}],"replies":[{"embeddable":true,"href":"https:\/\/www.diocesitn.it\/area-cultura\/wp-json\/wp\/v2\/comments?post=14283"}],"version-history":[{"count":5,"href":"https:\/\/www.diocesitn.it\/area-cultura\/wp-json\/wp\/v2\/posts\/14283\/revisions"}],"predecessor-version":[{"id":14407,"href":"https:\/\/www.diocesitn.it\/area-cultura\/wp-json\/wp\/v2\/posts\/14283\/revisions\/14407"}],"wp:featuredmedia":[{"embeddable":true,"href":"https:\/\/www.diocesitn.it\/area-cultura\/wp-json\/wp\/v2\/media\/14306"}],"wp:attachment":[{"href":"https:\/\/www.diocesitn.it\/area-cultura\/wp-json\/wp\/v2\/media?parent=14283"}],"wp:term":[{"taxonomy":"category","embeddable":true,"href":"https:\/\/www.diocesitn.it\/area-cultura\/wp-json\/wp\/v2\/categories?post=14283"},{"taxonomy":"post_tag","embeddable":true,"href":"https:\/\/www.diocesitn.it\/area-cultura\/wp-json\/wp\/v2\/tags?post=14283"}],"curies":[{"name":"wp","href":"https:\/\/api.w.org\/{rel}","templated":true}]}}