{"id":14256,"date":"2024-11-15T09:31:36","date_gmt":"2024-11-15T08:31:36","guid":{"rendered":"https:\/\/www.diocesitn.it\/area-cultura\/?p=14256"},"modified":"2024-12-04T10:34:16","modified_gmt":"2024-12-04T09:34:16","slug":"per-un-avvento-colorato-di-speranza-suoni-e-immagini","status":"publish","type":"post","link":"https:\/\/www.diocesitn.it\/area-cultura\/2024\/11\/15\/per-un-avvento-colorato-di-speranza-suoni-e-immagini\/","title":{"rendered":"Per un Avvento colorato di speranza: suoni e immagini"},"content":{"rendered":"<p>Suoni d\u2019organo e una mostra d\u2019angeli sono le proposte che il progetto <em>Chieseacolori<\/em> presenta per l\u2019Avvento nelle chiese del centro storico di Trento.<\/p>\n<p>Sabato 30 novembre, alle 15 nella Chiesa di santa Margherita in via Prepositura, verr\u00e0 inaugurata la mostra <a href=\"https:\/\/www.diocesitn.it\/area-cultura\/wp-content\/uploads\/sites\/38\/2024\/11\/Mostra-Angels.jpg\"><strong>&#8220;Angels &#8211; Annunciazioni&#8221;<\/strong><\/a>, con opere di Alma Maria Pedron. Artista poliedrica, iconografa, scrittrice, Alma Maria Pedron si serve dell\u2019arte per narrare il Mistero e soffermarsi sull\u2019Incompiuto, offrendo motivi di meditazione e di riflessione. L\u2019esposizione, aperta come da tradizione il sabato pomeriggio o su richiesta, rimarr\u00e0 visitabile sino all\u201911 gennaio.<\/p>\n<p>Luned\u00ec 2 dicembre, alle 18 nella badia di san Lorenzo, inizier\u00e0 il percorso di <a href=\"https:\/\/www.diocesitn.it\/area-cultura\/wp-content\/uploads\/sites\/38\/2024\/11\/Avvento-2024_Chieseacolori.jpg\"><strong>&#8220;Suoni d\u2019organo tra piante d&#8217;avvento&#8221;<\/strong><\/a>, che, di settimana in settimana &#8211; sostando, dopo san Lorenzo, luned\u00ec 9 in santa Maria Maggiore, luned\u00ec 16 in san Francesco Saverio e luned\u00ec 23 in Suffragio &#8211; offrir\u00e0 un tempo di ascolto legato alla simbologia delle piante che biblicamente segnano il mistero del Natale. Simone Vebber, Paolo Delama, Stefano Rattini ed Erwin Costa saranno i protagonisti.<\/p>\n<p><a href=\"https:\/\/www.diocesitn.it\/area-cultura\/wp-content\/uploads\/sites\/38\/2024\/11\/Mostra-Angels.jpg\"><img loading=\"lazy\" decoding=\"async\" class=\"alignnone size-medium wp-image-14258\" src=\"https:\/\/www.diocesitn.it\/area-cultura\/wp-content\/uploads\/sites\/38\/2024\/11\/Mostra-Angels-212x300.jpg\" alt=\"\" width=\"212\" height=\"300\" srcset=\"https:\/\/www.diocesitn.it\/area-cultura\/wp-content\/uploads\/sites\/38\/2024\/11\/Mostra-Angels-212x300.jpg 212w, https:\/\/www.diocesitn.it\/area-cultura\/wp-content\/uploads\/sites\/38\/2024\/11\/Mostra-Angels-724x1024.jpg 724w, https:\/\/www.diocesitn.it\/area-cultura\/wp-content\/uploads\/sites\/38\/2024\/11\/Mostra-Angels-768x1086.jpg 768w, https:\/\/www.diocesitn.it\/area-cultura\/wp-content\/uploads\/sites\/38\/2024\/11\/Mostra-Angels-198x280.jpg 198w, https:\/\/www.diocesitn.it\/area-cultura\/wp-content\/uploads\/sites\/38\/2024\/11\/Mostra-Angels-543x768.jpg 543w, https:\/\/www.diocesitn.it\/area-cultura\/wp-content\/uploads\/sites\/38\/2024\/11\/Mostra-Angels-1086x1536.jpg 1086w, https:\/\/www.diocesitn.it\/area-cultura\/wp-content\/uploads\/sites\/38\/2024\/11\/Mostra-Angels-800x1131.jpg 800w, https:\/\/www.diocesitn.it\/area-cultura\/wp-content\/uploads\/sites\/38\/2024\/11\/Mostra-Angels-1200x1697.jpg 1200w, https:\/\/www.diocesitn.it\/area-cultura\/wp-content\/uploads\/sites\/38\/2024\/11\/Mostra-Angels.jpg 1241w\" sizes=\"auto, (max-width: 212px) 100vw, 212px\" \/><\/a>\u00a0 \u00a0 \u00a0 <a href=\"https:\/\/www.diocesitn.it\/area-cultura\/wp-content\/uploads\/sites\/38\/2024\/11\/Avvento-2024_Chieseacolori.jpg\"><img loading=\"lazy\" decoding=\"async\" class=\"alignnone size-medium wp-image-14259\" src=\"https:\/\/www.diocesitn.it\/area-cultura\/wp-content\/uploads\/sites\/38\/2024\/11\/Avvento-2024_Chieseacolori-212x300.jpg\" alt=\"\" width=\"212\" height=\"300\" srcset=\"https:\/\/www.diocesitn.it\/area-cultura\/wp-content\/uploads\/sites\/38\/2024\/11\/Avvento-2024_Chieseacolori-212x300.jpg 212w, https:\/\/www.diocesitn.it\/area-cultura\/wp-content\/uploads\/sites\/38\/2024\/11\/Avvento-2024_Chieseacolori-724x1024.jpg 724w, https:\/\/www.diocesitn.it\/area-cultura\/wp-content\/uploads\/sites\/38\/2024\/11\/Avvento-2024_Chieseacolori-768x1086.jpg 768w, https:\/\/www.diocesitn.it\/area-cultura\/wp-content\/uploads\/sites\/38\/2024\/11\/Avvento-2024_Chieseacolori-198x280.jpg 198w, https:\/\/www.diocesitn.it\/area-cultura\/wp-content\/uploads\/sites\/38\/2024\/11\/Avvento-2024_Chieseacolori-543x768.jpg 543w, https:\/\/www.diocesitn.it\/area-cultura\/wp-content\/uploads\/sites\/38\/2024\/11\/Avvento-2024_Chieseacolori-1086x1536.jpg 1086w, https:\/\/www.diocesitn.it\/area-cultura\/wp-content\/uploads\/sites\/38\/2024\/11\/Avvento-2024_Chieseacolori-800x1131.jpg 800w, https:\/\/www.diocesitn.it\/area-cultura\/wp-content\/uploads\/sites\/38\/2024\/11\/Avvento-2024_Chieseacolori-1200x1697.jpg 1200w, https:\/\/www.diocesitn.it\/area-cultura\/wp-content\/uploads\/sites\/38\/2024\/11\/Avvento-2024_Chieseacolori.jpg 1241w\" sizes=\"auto, (max-width: 212px) 100vw, 212px\" \/><\/a><\/p>\n","protected":false},"excerpt":{"rendered":"<p>Suoni d\u2019organo e una mostra d\u2019angeli sono le proposte che il progetto Chieseacolori presenta per l\u2019Avvento nelle chiese del centro storico di Trento. Sabato 30 novembre, alle 15 nella Chiesa di santa Margherita in via<\/p>\n","protected":false},"author":164,"featured_media":14263,"comment_status":"closed","ping_status":"closed","sticky":false,"template":"","format":"standard","meta":{"footnotes":""},"categories":[461,329,620],"tags":[633,204,678],"class_list":["post-14256","post","type-post","status-publish","format-standard","has-post-thumbnail","hentry","category-cultura","category-notizie","category-progetto-chieseacolori","tag-chieseacolori","tag-mostra","tag-suoni-dorgano"],"acf":{"seed-localization-paese-cod":"IT","seed-localization-address":"","seed-localization-citta":"Trento","seed-localization-regione-cod-istat":"04","seed-localization-citta-cod-istat":"022205","seed-localization-localita":"","seed-localization-cap":"","seed-localization-marker-visibility":false,"seed-localization-children-visibility":false,"seed-localization-kml":"","seed-localization-custom-marker":""},"yoast_head":"<!-- This site is optimized with the Yoast SEO Premium plugin v20.2.1 (Yoast SEO v22.2) - https:\/\/yoast.com\/wordpress\/plugins\/seo\/ -->\n<title>Per un Avvento colorato di speranza: suoni e immagini - Cultura<\/title>\n<meta name=\"robots\" content=\"index, follow, max-snippet:-1, max-image-preview:large, max-video-preview:-1\" \/>\n<link rel=\"canonical\" href=\"https:\/\/www.diocesitn.it\/area-cultura\/2024\/11\/15\/per-un-avvento-colorato-di-speranza-suoni-e-immagini\/\" \/>\n<meta property=\"og:locale\" content=\"it_IT\" \/>\n<meta property=\"og:type\" content=\"article\" \/>\n<meta property=\"og:title\" content=\"Per un Avvento colorato di speranza: suoni e immagini\" \/>\n<meta property=\"og:description\" content=\"Suoni d\u2019organo e una mostra d\u2019angeli sono le proposte che il progetto Chieseacolori presenta per l\u2019Avvento nelle chiese del centro storico di Trento. Sabato 30 novembre, alle 15 nella Chiesa di santa Margherita in via\" \/>\n<meta property=\"og:url\" content=\"https:\/\/www.diocesitn.it\/area-cultura\/2024\/11\/15\/per-un-avvento-colorato-di-speranza-suoni-e-immagini\/\" \/>\n<meta property=\"og:site_name\" content=\"Cultura\" \/>\n<meta property=\"article:published_time\" content=\"2024-11-15T08:31:36+00:00\" \/>\n<meta property=\"article:modified_time\" content=\"2024-12-04T09:34:16+00:00\" \/>\n<meta property=\"og:image\" content=\"https:\/\/www.diocesitn.it\/area-cultura\/wp-content\/uploads\/sites\/38\/2024\/11\/Avvento-2024-Chieseacolori-1.jpg\" \/>\n\t<meta property=\"og:image:width\" content=\"714\" \/>\n\t<meta property=\"og:image:height\" content=\"590\" \/>\n\t<meta property=\"og:image:type\" content=\"image\/jpeg\" \/>\n<meta name=\"author\" content=\"candreolli\" \/>\n<meta name=\"twitter:card\" content=\"summary_large_image\" \/>\n<meta name=\"twitter:label1\" content=\"Scritto da\" \/>\n\t<meta name=\"twitter:data1\" content=\"candreolli\" \/>\n\t<meta name=\"twitter:label2\" content=\"Tempo di lettura stimato\" \/>\n\t<meta name=\"twitter:data2\" content=\"2 minuti\" \/>\n<script type=\"application\/ld+json\" class=\"yoast-schema-graph\">{\"@context\":\"https:\/\/schema.org\",\"@graph\":[{\"@type\":\"Article\",\"@id\":\"https:\/\/www.diocesitn.it\/area-cultura\/2024\/11\/15\/per-un-avvento-colorato-di-speranza-suoni-e-immagini\/#article\",\"isPartOf\":{\"@id\":\"https:\/\/www.diocesitn.it\/area-cultura\/2024\/11\/15\/per-un-avvento-colorato-di-speranza-suoni-e-immagini\/\"},\"author\":{\"name\":\"candreolli\",\"@id\":\"https:\/\/www.diocesitn.it\/area-cultura\/#\/schema\/person\/05f14428efca72bb2997b55cbdc7d01b\"},\"headline\":\"Per un Avvento colorato di speranza: suoni e immagini\",\"datePublished\":\"2024-11-15T08:31:36+00:00\",\"dateModified\":\"2024-12-04T09:34:16+00:00\",\"mainEntityOfPage\":{\"@id\":\"https:\/\/www.diocesitn.it\/area-cultura\/2024\/11\/15\/per-un-avvento-colorato-di-speranza-suoni-e-immagini\/\"},\"wordCount\":174,\"publisher\":{\"@id\":\"https:\/\/www.diocesitn.it\/area-cultura\/#organization\"},\"image\":{\"@id\":\"https:\/\/www.diocesitn.it\/area-cultura\/2024\/11\/15\/per-un-avvento-colorato-di-speranza-suoni-e-immagini\/#primaryimage\"},\"thumbnailUrl\":\"https:\/\/www.diocesitn.it\/area-cultura\/wp-content\/uploads\/sites\/38\/2024\/11\/Avvento-2024-Chieseacolori-1.jpg\",\"keywords\":[\"Chieseacolori\",\"mostra\",\"Suoni d'organo\"],\"articleSection\":[\"Cultura\",\"Notizie\",\"Progetto Chieseacolori\"],\"inLanguage\":\"it-IT\",\"copyrightYear\":\"2024\",\"copyrightHolder\":{\"@id\":\"https:\/\/www.diocesitn.it\/#organization\"}},{\"@type\":\"WebPage\",\"@id\":\"https:\/\/www.diocesitn.it\/area-cultura\/2024\/11\/15\/per-un-avvento-colorato-di-speranza-suoni-e-immagini\/\",\"url\":\"https:\/\/www.diocesitn.it\/area-cultura\/2024\/11\/15\/per-un-avvento-colorato-di-speranza-suoni-e-immagini\/\",\"name\":\"Per un Avvento colorato di speranza: suoni e immagini - Cultura\",\"isPartOf\":{\"@id\":\"https:\/\/www.diocesitn.it\/area-cultura\/#website\"},\"primaryImageOfPage\":{\"@id\":\"https:\/\/www.diocesitn.it\/area-cultura\/2024\/11\/15\/per-un-avvento-colorato-di-speranza-suoni-e-immagini\/#primaryimage\"},\"image\":{\"@id\":\"https:\/\/www.diocesitn.it\/area-cultura\/2024\/11\/15\/per-un-avvento-colorato-di-speranza-suoni-e-immagini\/#primaryimage\"},\"thumbnailUrl\":\"https:\/\/www.diocesitn.it\/area-cultura\/wp-content\/uploads\/sites\/38\/2024\/11\/Avvento-2024-Chieseacolori-1.jpg\",\"datePublished\":\"2024-11-15T08:31:36+00:00\",\"dateModified\":\"2024-12-04T09:34:16+00:00\",\"breadcrumb\":{\"@id\":\"https:\/\/www.diocesitn.it\/area-cultura\/2024\/11\/15\/per-un-avvento-colorato-di-speranza-suoni-e-immagini\/#breadcrumb\"},\"inLanguage\":\"it-IT\",\"potentialAction\":[{\"@type\":\"ReadAction\",\"target\":[\"https:\/\/www.diocesitn.it\/area-cultura\/2024\/11\/15\/per-un-avvento-colorato-di-speranza-suoni-e-immagini\/\"]}]},{\"@type\":\"ImageObject\",\"inLanguage\":\"it-IT\",\"@id\":\"https:\/\/www.diocesitn.it\/area-cultura\/2024\/11\/15\/per-un-avvento-colorato-di-speranza-suoni-e-immagini\/#primaryimage\",\"url\":\"https:\/\/www.diocesitn.it\/area-cultura\/wp-content\/uploads\/sites\/38\/2024\/11\/Avvento-2024-Chieseacolori-1.jpg\",\"contentUrl\":\"https:\/\/www.diocesitn.it\/area-cultura\/wp-content\/uploads\/sites\/38\/2024\/11\/Avvento-2024-Chieseacolori-1.jpg\",\"width\":714,\"height\":590},{\"@type\":\"BreadcrumbList\",\"@id\":\"https:\/\/www.diocesitn.it\/area-cultura\/2024\/11\/15\/per-un-avvento-colorato-di-speranza-suoni-e-immagini\/#breadcrumb\",\"itemListElement\":[{\"@type\":\"ListItem\",\"position\":1,\"name\":\"Home\",\"item\":\"https:\/\/www.diocesitn.it\/area-cultura\/\"},{\"@type\":\"ListItem\",\"position\":2,\"name\":\"Per un Avvento colorato di speranza: suoni e immagini\"}]},{\"@type\":\"WebSite\",\"@id\":\"https:\/\/www.diocesitn.it\/area-cultura\/#website\",\"url\":\"https:\/\/www.diocesitn.it\/area-cultura\/\",\"name\":\"Cultura\",\"description\":\"Chiesa di Trento\",\"publisher\":{\"@id\":\"https:\/\/www.diocesitn.it\/area-cultura\/#organization\"},\"potentialAction\":[{\"@type\":\"SearchAction\",\"target\":{\"@type\":\"EntryPoint\",\"urlTemplate\":\"https:\/\/www.diocesitn.it\/area-cultura\/?s={search_term_string}\"},\"query-input\":\"required name=search_term_string\"}],\"inLanguage\":\"it-IT\"},{\"@type\":[\"Organization\",\"Place\"],\"@id\":\"https:\/\/www.diocesitn.it\/area-cultura\/#organization\",\"name\":\"Area Cultura - Chiesa di Trento\",\"url\":\"https:\/\/www.diocesitn.it\/area-cultura\/\",\"logo\":{\"@id\":\"https:\/\/www.diocesitn.it\/area-cultura\/2024\/11\/15\/per-un-avvento-colorato-di-speranza-suoni-e-immagini\/#local-main-organization-logo\"},\"image\":{\"@id\":\"https:\/\/www.diocesitn.it\/area-cultura\/2024\/11\/15\/per-un-avvento-colorato-di-speranza-suoni-e-immagini\/#local-main-organization-logo\"},\"sameAs\":[\"https:\/\/www.youtube.com\/channel\/UCfWD2n-N6WTCg2P_UA72H6Q\"],\"openingHoursSpecification\":[{\"@type\":\"OpeningHoursSpecification\",\"dayOfWeek\":[\"Monday\",\"Tuesday\",\"Wednesday\",\"Thursday\",\"Friday\",\"Saturday\",\"Sunday\"],\"opens\":\"09:00\",\"closes\":\"17:00\"}]},{\"@type\":\"ImageObject\",\"inLanguage\":\"it-IT\",\"@id\":\"https:\/\/www.diocesitn.it\/area-cultura\/2024\/11\/15\/per-un-avvento-colorato-di-speranza-suoni-e-immagini\/#local-main-organization-logo\",\"url\":\"https:\/\/www.diocesitn.it\/area-cultura\/wp-content\/uploads\/sites\/38\/2021\/09\/og-logo-cultura.jpg\",\"contentUrl\":\"https:\/\/www.diocesitn.it\/area-cultura\/wp-content\/uploads\/sites\/38\/2021\/09\/og-logo-cultura.jpg\",\"width\":1200,\"height\":630,\"caption\":\"Area Cultura - Chiesa di Trento\"}]}<\/script>\n<!-- \/ Yoast SEO Premium plugin. -->","yoast_head_json":{"title":"Per un Avvento colorato di speranza: suoni e immagini - Cultura","robots":{"index":"index","follow":"follow","max-snippet":"max-snippet:-1","max-image-preview":"max-image-preview:large","max-video-preview":"max-video-preview:-1"},"canonical":"https:\/\/www.diocesitn.it\/area-cultura\/2024\/11\/15\/per-un-avvento-colorato-di-speranza-suoni-e-immagini\/","og_locale":"it_IT","og_type":"article","og_title":"Per un Avvento colorato di speranza: suoni e immagini","og_description":"Suoni d\u2019organo e una mostra d\u2019angeli sono le proposte che il progetto Chieseacolori presenta per l\u2019Avvento nelle chiese del centro storico di Trento. Sabato 30 novembre, alle 15 nella Chiesa di santa Margherita in via","og_url":"https:\/\/www.diocesitn.it\/area-cultura\/2024\/11\/15\/per-un-avvento-colorato-di-speranza-suoni-e-immagini\/","og_site_name":"Cultura","article_published_time":"2024-11-15T08:31:36+00:00","article_modified_time":"2024-12-04T09:34:16+00:00","og_image":[{"width":714,"height":590,"url":"https:\/\/www.diocesitn.it\/area-cultura\/wp-content\/uploads\/sites\/38\/2024\/11\/Avvento-2024-Chieseacolori-1.jpg","type":"image\/jpeg"}],"author":"candreolli","twitter_card":"summary_large_image","twitter_misc":{"Scritto da":"candreolli","Tempo di lettura stimato":"2 minuti"},"schema":{"@context":"https:\/\/schema.org","@graph":[{"@type":"Article","@id":"https:\/\/www.diocesitn.it\/area-cultura\/2024\/11\/15\/per-un-avvento-colorato-di-speranza-suoni-e-immagini\/#article","isPartOf":{"@id":"https:\/\/www.diocesitn.it\/area-cultura\/2024\/11\/15\/per-un-avvento-colorato-di-speranza-suoni-e-immagini\/"},"author":{"name":"candreolli","@id":"https:\/\/www.diocesitn.it\/area-cultura\/#\/schema\/person\/05f14428efca72bb2997b55cbdc7d01b"},"headline":"Per un Avvento colorato di speranza: suoni e immagini","datePublished":"2024-11-15T08:31:36+00:00","dateModified":"2024-12-04T09:34:16+00:00","mainEntityOfPage":{"@id":"https:\/\/www.diocesitn.it\/area-cultura\/2024\/11\/15\/per-un-avvento-colorato-di-speranza-suoni-e-immagini\/"},"wordCount":174,"publisher":{"@id":"https:\/\/www.diocesitn.it\/area-cultura\/#organization"},"image":{"@id":"https:\/\/www.diocesitn.it\/area-cultura\/2024\/11\/15\/per-un-avvento-colorato-di-speranza-suoni-e-immagini\/#primaryimage"},"thumbnailUrl":"https:\/\/www.diocesitn.it\/area-cultura\/wp-content\/uploads\/sites\/38\/2024\/11\/Avvento-2024-Chieseacolori-1.jpg","keywords":["Chieseacolori","mostra","Suoni d'organo"],"articleSection":["Cultura","Notizie","Progetto Chieseacolori"],"inLanguage":"it-IT","copyrightYear":"2024","copyrightHolder":{"@id":"https:\/\/www.diocesitn.it\/#organization"}},{"@type":"WebPage","@id":"https:\/\/www.diocesitn.it\/area-cultura\/2024\/11\/15\/per-un-avvento-colorato-di-speranza-suoni-e-immagini\/","url":"https:\/\/www.diocesitn.it\/area-cultura\/2024\/11\/15\/per-un-avvento-colorato-di-speranza-suoni-e-immagini\/","name":"Per un Avvento colorato di speranza: suoni e immagini - Cultura","isPartOf":{"@id":"https:\/\/www.diocesitn.it\/area-cultura\/#website"},"primaryImageOfPage":{"@id":"https:\/\/www.diocesitn.it\/area-cultura\/2024\/11\/15\/per-un-avvento-colorato-di-speranza-suoni-e-immagini\/#primaryimage"},"image":{"@id":"https:\/\/www.diocesitn.it\/area-cultura\/2024\/11\/15\/per-un-avvento-colorato-di-speranza-suoni-e-immagini\/#primaryimage"},"thumbnailUrl":"https:\/\/www.diocesitn.it\/area-cultura\/wp-content\/uploads\/sites\/38\/2024\/11\/Avvento-2024-Chieseacolori-1.jpg","datePublished":"2024-11-15T08:31:36+00:00","dateModified":"2024-12-04T09:34:16+00:00","breadcrumb":{"@id":"https:\/\/www.diocesitn.it\/area-cultura\/2024\/11\/15\/per-un-avvento-colorato-di-speranza-suoni-e-immagini\/#breadcrumb"},"inLanguage":"it-IT","potentialAction":[{"@type":"ReadAction","target":["https:\/\/www.diocesitn.it\/area-cultura\/2024\/11\/15\/per-un-avvento-colorato-di-speranza-suoni-e-immagini\/"]}]},{"@type":"ImageObject","inLanguage":"it-IT","@id":"https:\/\/www.diocesitn.it\/area-cultura\/2024\/11\/15\/per-un-avvento-colorato-di-speranza-suoni-e-immagini\/#primaryimage","url":"https:\/\/www.diocesitn.it\/area-cultura\/wp-content\/uploads\/sites\/38\/2024\/11\/Avvento-2024-Chieseacolori-1.jpg","contentUrl":"https:\/\/www.diocesitn.it\/area-cultura\/wp-content\/uploads\/sites\/38\/2024\/11\/Avvento-2024-Chieseacolori-1.jpg","width":714,"height":590},{"@type":"BreadcrumbList","@id":"https:\/\/www.diocesitn.it\/area-cultura\/2024\/11\/15\/per-un-avvento-colorato-di-speranza-suoni-e-immagini\/#breadcrumb","itemListElement":[{"@type":"ListItem","position":1,"name":"Home","item":"https:\/\/www.diocesitn.it\/area-cultura\/"},{"@type":"ListItem","position":2,"name":"Per un Avvento colorato di speranza: suoni e immagini"}]},{"@type":"WebSite","@id":"https:\/\/www.diocesitn.it\/area-cultura\/#website","url":"https:\/\/www.diocesitn.it\/area-cultura\/","name":"Cultura","description":"Chiesa di Trento","publisher":{"@id":"https:\/\/www.diocesitn.it\/area-cultura\/#organization"},"potentialAction":[{"@type":"SearchAction","target":{"@type":"EntryPoint","urlTemplate":"https:\/\/www.diocesitn.it\/area-cultura\/?s={search_term_string}"},"query-input":"required name=search_term_string"}],"inLanguage":"it-IT"},{"@type":["Organization","Place"],"@id":"https:\/\/www.diocesitn.it\/area-cultura\/#organization","name":"Area Cultura - Chiesa di Trento","url":"https:\/\/www.diocesitn.it\/area-cultura\/","logo":{"@id":"https:\/\/www.diocesitn.it\/area-cultura\/2024\/11\/15\/per-un-avvento-colorato-di-speranza-suoni-e-immagini\/#local-main-organization-logo"},"image":{"@id":"https:\/\/www.diocesitn.it\/area-cultura\/2024\/11\/15\/per-un-avvento-colorato-di-speranza-suoni-e-immagini\/#local-main-organization-logo"},"sameAs":["https:\/\/www.youtube.com\/channel\/UCfWD2n-N6WTCg2P_UA72H6Q"],"openingHoursSpecification":[{"@type":"OpeningHoursSpecification","dayOfWeek":["Monday","Tuesday","Wednesday","Thursday","Friday","Saturday","Sunday"],"opens":"09:00","closes":"17:00"}]},{"@type":"ImageObject","inLanguage":"it-IT","@id":"https:\/\/www.diocesitn.it\/area-cultura\/2024\/11\/15\/per-un-avvento-colorato-di-speranza-suoni-e-immagini\/#local-main-organization-logo","url":"https:\/\/www.diocesitn.it\/area-cultura\/wp-content\/uploads\/sites\/38\/2021\/09\/og-logo-cultura.jpg","contentUrl":"https:\/\/www.diocesitn.it\/area-cultura\/wp-content\/uploads\/sites\/38\/2021\/09\/og-logo-cultura.jpg","width":1200,"height":630,"caption":"Area Cultura - Chiesa di Trento"}]}},"_links":{"self":[{"href":"https:\/\/www.diocesitn.it\/area-cultura\/wp-json\/wp\/v2\/posts\/14256","targetHints":{"allow":["GET"]}}],"collection":[{"href":"https:\/\/www.diocesitn.it\/area-cultura\/wp-json\/wp\/v2\/posts"}],"about":[{"href":"https:\/\/www.diocesitn.it\/area-cultura\/wp-json\/wp\/v2\/types\/post"}],"author":[{"embeddable":true,"href":"https:\/\/www.diocesitn.it\/area-cultura\/wp-json\/wp\/v2\/users\/164"}],"replies":[{"embeddable":true,"href":"https:\/\/www.diocesitn.it\/area-cultura\/wp-json\/wp\/v2\/comments?post=14256"}],"version-history":[{"count":3,"href":"https:\/\/www.diocesitn.it\/area-cultura\/wp-json\/wp\/v2\/posts\/14256\/revisions"}],"predecessor-version":[{"id":14265,"href":"https:\/\/www.diocesitn.it\/area-cultura\/wp-json\/wp\/v2\/posts\/14256\/revisions\/14265"}],"wp:featuredmedia":[{"embeddable":true,"href":"https:\/\/www.diocesitn.it\/area-cultura\/wp-json\/wp\/v2\/media\/14263"}],"wp:attachment":[{"href":"https:\/\/www.diocesitn.it\/area-cultura\/wp-json\/wp\/v2\/media?parent=14256"}],"wp:term":[{"taxonomy":"category","embeddable":true,"href":"https:\/\/www.diocesitn.it\/area-cultura\/wp-json\/wp\/v2\/categories?post=14256"},{"taxonomy":"post_tag","embeddable":true,"href":"https:\/\/www.diocesitn.it\/area-cultura\/wp-json\/wp\/v2\/tags?post=14256"}],"curies":[{"name":"wp","href":"https:\/\/api.w.org\/{rel}","templated":true}]}}