{"id":14203,"date":"2024-11-08T11:29:31","date_gmt":"2024-11-08T10:29:31","guid":{"rendered":"https:\/\/www.diocesitn.it\/area-cultura\/?p=14203"},"modified":"2024-11-27T09:39:09","modified_gmt":"2024-11-27T08:39:09","slug":"sulle-orme-di-stefano-bellesini-convegno-il-25-e-26-novembre-a-trento-a-250-anni-dalla-nascita","status":"publish","type":"post","link":"https:\/\/www.diocesitn.it\/area-cultura\/2024\/11\/08\/sulle-orme-di-stefano-bellesini-convegno-il-25-e-26-novembre-a-trento-a-250-anni-dalla-nascita\/","title":{"rendered":"&#8220;Sulle orme di Stefano Bellesini&#8221;: itinerario, celebrazione e convegno il 25 e 26 novembre a Trento, a 250 anni dalla nascita del beato agostiniano"},"content":{"rendered":"<p>La Provincia Agostiniana d\u2019Italia, la Postulazione dell\u2019Ordine di Sant\u2019Agostino e l\u2019Arcidiocesi di Trento a 250 anni dalla nascita del beato Stefano Bellesini invitano a una due giorni di studio e di approfondimento su una figura cos\u00ec eminente di uomo, educatore, religioso.<\/p>\n<p>Il pomeriggio di <strong>luned\u00ec 25 novembre<\/strong> \u00e8 previsto un <a href=\"https:\/\/www.diocesitn.it\/area-cultura\/wp-content\/uploads\/sites\/38\/2024\/11\/Programma-25-novembre.jpg\"><strong>Itinerario Bellesiniano<\/strong><\/a> in citt\u00e0, con inizio alle ore 16 nella chiesa di san Marco per concludersi alle 18 in santa Maria Maggiore dove l\u2019arcivescovo Lauro presieder\u00e0 una <strong>Celebrazione<\/strong> in memoria del battesimo e della missione del beato Stefano.<\/p>\n<p>Il mattino successivo, <strong>marted\u00ec 26 novembre<\/strong>, si aprir\u00e0 il <a href=\"https:\/\/www.diocesitn.it\/area-cultura\/wp-content\/uploads\/sites\/38\/2024\/11\/Programma-26-novembre.jpg\"><strong>Convegno<\/strong><\/a> sulla figura di Bellesini, tra storia e attualit\u00e0. Nella sede del Vigilianum, con inizio alle ore 9, ne parleranno <strong>Mauro Nequirito<\/strong> per l&#8217;ambientazione storica, <strong>Domenico Gobbi<\/strong> per le fonti, <strong>padre Matteo Giuliani<\/strong> per la parte educativo-pedagogica, <strong>padre Rocco Ronzani<\/strong> per quanto riguarda la spiritualit\u00e0 agostiniana. Il coordinamento sar\u00e0 affidato a <strong>padre Josef Sciberras<\/strong>, postulatore generale agostiniano.<\/p>\n<p>L\u2019appuntamento, aperto a tutti, \u00e8 volto alla valorizzazione e all\u2019attualizzazione di una delle figure pi\u00f9 autorevoli del panorama ecclesiale e sociale del territorio trentino, con una valenza che supera i confini della citt\u00e0, e che \u201clascia a Trento non solo un grande esempio, ma una grande eredit\u00e0, degna degli uomini migliori che una citt\u00e0 possa veder nascere dentro i propri confini\u201d (Marcello Farina).<\/p>\n<p>Inoltre nella sala espositiva al secondo piano del Vigilianum \u00e8 allestita una <a href=\"https:\/\/www.diocesitn.it\/area-cultura\/wp-content\/uploads\/sites\/38\/2024\/11\/locandina-mostra-ADT.jpg\"><strong>mostra documentaria<\/strong> <\/a>sul beato Bellesini, curata dall&#8217;Archivio Diocesano e dal progetto Chieseacolori, visitabile dal 26 novembre al 13 dicembre, nel seguente orario: da luned\u00ec a gioved\u00ec, ore 9.00-17.00; venerd\u00ec: ore 9.00-13.00.<\/p>\n<p><a href=\"https:\/\/www.diocesitn.it\/area-cultura\/wp-content\/uploads\/sites\/38\/2024\/11\/Bellesini_programma.pdf\"><img loading=\"lazy\" decoding=\"async\" class=\"alignnone size-medium wp-image-14210\" src=\"https:\/\/www.diocesitn.it\/area-cultura\/wp-content\/uploads\/sites\/38\/2024\/11\/Programma-Bellesini-213x300.jpg\" alt=\"\" width=\"213\" height=\"300\" srcset=\"https:\/\/www.diocesitn.it\/area-cultura\/wp-content\/uploads\/sites\/38\/2024\/11\/Programma-Bellesini-213x300.jpg 213w, https:\/\/www.diocesitn.it\/area-cultura\/wp-content\/uploads\/sites\/38\/2024\/11\/Programma-Bellesini-728x1024.jpg 728w, https:\/\/www.diocesitn.it\/area-cultura\/wp-content\/uploads\/sites\/38\/2024\/11\/Programma-Bellesini-768x1080.jpg 768w, https:\/\/www.diocesitn.it\/area-cultura\/wp-content\/uploads\/sites\/38\/2024\/11\/Programma-Bellesini-199x280.jpg 199w, https:\/\/www.diocesitn.it\/area-cultura\/wp-content\/uploads\/sites\/38\/2024\/11\/Programma-Bellesini-546x768.jpg 546w, https:\/\/www.diocesitn.it\/area-cultura\/wp-content\/uploads\/sites\/38\/2024\/11\/Programma-Bellesini-1092x1536.jpg 1092w, https:\/\/www.diocesitn.it\/area-cultura\/wp-content\/uploads\/sites\/38\/2024\/11\/Programma-Bellesini-1456x2048.jpg 1456w, https:\/\/www.diocesitn.it\/area-cultura\/wp-content\/uploads\/sites\/38\/2024\/11\/Programma-Bellesini-800x1125.jpg 800w, https:\/\/www.diocesitn.it\/area-cultura\/wp-content\/uploads\/sites\/38\/2024\/11\/Programma-Bellesini-1200x1687.jpg 1200w, https:\/\/www.diocesitn.it\/area-cultura\/wp-content\/uploads\/sites\/38\/2024\/11\/Programma-Bellesini-1320x1856.jpg 1320w, https:\/\/www.diocesitn.it\/area-cultura\/wp-content\/uploads\/sites\/38\/2024\/11\/Programma-Bellesini-scaled.jpg 1821w\" sizes=\"auto, (max-width: 213px) 100vw, 213px\" \/>\u00a0\u00a0<\/a><a href=\"https:\/\/www.diocesitn.it\/area-cultura\/wp-content\/uploads\/sites\/38\/2024\/11\/Programma-25-novembre.jpg\">\u00a0 <img loading=\"lazy\" decoding=\"async\" class=\"alignnone size-medium wp-image-14216\" src=\"https:\/\/www.diocesitn.it\/area-cultura\/wp-content\/uploads\/sites\/38\/2024\/11\/Programma-Bellesini_1-1-210x300.jpg\" alt=\"\" width=\"210\" height=\"300\" srcset=\"https:\/\/www.diocesitn.it\/area-cultura\/wp-content\/uploads\/sites\/38\/2024\/11\/Programma-Bellesini_1-1-210x300.jpg 210w, https:\/\/www.diocesitn.it\/area-cultura\/wp-content\/uploads\/sites\/38\/2024\/11\/Programma-Bellesini_1-1-717x1024.jpg 717w, https:\/\/www.diocesitn.it\/area-cultura\/wp-content\/uploads\/sites\/38\/2024\/11\/Programma-Bellesini_1-1-768x1096.jpg 768w, https:\/\/www.diocesitn.it\/area-cultura\/wp-content\/uploads\/sites\/38\/2024\/11\/Programma-Bellesini_1-1-196x280.jpg 196w, https:\/\/www.diocesitn.it\/area-cultura\/wp-content\/uploads\/sites\/38\/2024\/11\/Programma-Bellesini_1-1-538x768.jpg 538w, https:\/\/www.diocesitn.it\/area-cultura\/wp-content\/uploads\/sites\/38\/2024\/11\/Programma-Bellesini_1-1-800x1142.jpg 800w, https:\/\/www.diocesitn.it\/area-cultura\/wp-content\/uploads\/sites\/38\/2024\/11\/Programma-Bellesini_1-1.jpg 849w\" sizes=\"auto, (max-width: 210px) 100vw, 210px\" \/>\u00a0\u00a0<\/a><a href=\"https:\/\/www.diocesitn.it\/area-cultura\/wp-content\/uploads\/sites\/38\/2024\/11\/Programma-26-novembre.jpg\">\u00a0\u00a0 <img loading=\"lazy\" decoding=\"async\" class=\"alignnone size-medium wp-image-14217\" src=\"https:\/\/www.diocesitn.it\/area-cultura\/wp-content\/uploads\/sites\/38\/2024\/11\/Programma-Bellesini_1-2-212x300.jpg\" alt=\"\" width=\"212\" height=\"300\" srcset=\"https:\/\/www.diocesitn.it\/area-cultura\/wp-content\/uploads\/sites\/38\/2024\/11\/Programma-Bellesini_1-2-212x300.jpg 212w, https:\/\/www.diocesitn.it\/area-cultura\/wp-content\/uploads\/sites\/38\/2024\/11\/Programma-Bellesini_1-2-724x1024.jpg 724w, https:\/\/www.diocesitn.it\/area-cultura\/wp-content\/uploads\/sites\/38\/2024\/11\/Programma-Bellesini_1-2-768x1086.jpg 768w, https:\/\/www.diocesitn.it\/area-cultura\/wp-content\/uploads\/sites\/38\/2024\/11\/Programma-Bellesini_1-2-198x280.jpg 198w, https:\/\/www.diocesitn.it\/area-cultura\/wp-content\/uploads\/sites\/38\/2024\/11\/Programma-Bellesini_1-2-543x768.jpg 543w, https:\/\/www.diocesitn.it\/area-cultura\/wp-content\/uploads\/sites\/38\/2024\/11\/Programma-Bellesini_1-2-800x1131.jpg 800w, https:\/\/www.diocesitn.it\/area-cultura\/wp-content\/uploads\/sites\/38\/2024\/11\/Programma-Bellesini_1-2.jpg 857w\" sizes=\"auto, (max-width: 212px) 100vw, 212px\" \/><\/a><\/p>\n<p>&nbsp;<\/p>\n","protected":false},"excerpt":{"rendered":"<p>La Provincia Agostiniana d\u2019Italia, la Postulazione dell\u2019Ordine di Sant\u2019Agostino e l\u2019Arcidiocesi di Trento a 250 anni dalla nascita del beato Stefano Bellesini invitano a una due giorni di studio e di approfondimento su una figura<\/p>\n","protected":false},"author":164,"featured_media":14205,"comment_status":"closed","ping_status":"closed","sticky":false,"template":"","format":"standard","meta":{"footnotes":""},"categories":[322,461,329,620],"tags":[633,677],"class_list":["post-14203","post","type-post","status-publish","format-standard","has-post-thumbnail","hentry","category-servizio-archivio","category-cultura","category-notizie","category-progetto-chieseacolori","tag-chieseacolori","tag-stefano-bellesini"],"acf":{"seed-localization-paese-cod":"IT","seed-localization-address":"","seed-localization-citta":"Trento","seed-localization-regione-cod-istat":"04","seed-localization-citta-cod-istat":"022205","seed-localization-localita":"","seed-localization-cap":"","seed-localization-marker-visibility":false,"seed-localization-children-visibility":false,"seed-localization-kml":"","seed-localization-custom-marker":""},"yoast_head":"<!-- This site is optimized with the Yoast SEO Premium plugin v20.2.1 (Yoast SEO v22.2) - https:\/\/yoast.com\/wordpress\/plugins\/seo\/ -->\n<title>&quot;Sulle orme di Stefano Bellesini&quot;: itinerario, celebrazione e convegno il 25 e 26 novembre a Trento, a 250 anni dalla nascita del beato agostiniano - Cultura<\/title>\n<meta name=\"robots\" content=\"index, follow, max-snippet:-1, max-image-preview:large, max-video-preview:-1\" \/>\n<link rel=\"canonical\" href=\"https:\/\/www.diocesitn.it\/area-cultura\/2024\/11\/08\/sulle-orme-di-stefano-bellesini-convegno-il-25-e-26-novembre-a-trento-a-250-anni-dalla-nascita\/\" \/>\n<meta property=\"og:locale\" content=\"it_IT\" \/>\n<meta property=\"og:type\" content=\"article\" \/>\n<meta property=\"og:title\" content=\"&quot;Sulle orme di Stefano Bellesini&quot;: itinerario, celebrazione e convegno il 25 e 26 novembre a Trento, a 250 anni dalla nascita del beato agostiniano\" \/>\n<meta property=\"og:description\" content=\"La Provincia Agostiniana d\u2019Italia, la Postulazione dell\u2019Ordine di Sant\u2019Agostino e l\u2019Arcidiocesi di Trento a 250 anni dalla nascita del beato Stefano Bellesini invitano a una due giorni di studio e di approfondimento su una figura\" \/>\n<meta property=\"og:url\" content=\"https:\/\/www.diocesitn.it\/area-cultura\/2024\/11\/08\/sulle-orme-di-stefano-bellesini-convegno-il-25-e-26-novembre-a-trento-a-250-anni-dalla-nascita\/\" \/>\n<meta property=\"og:site_name\" content=\"Cultura\" \/>\n<meta property=\"article:published_time\" content=\"2024-11-08T10:29:31+00:00\" \/>\n<meta property=\"article:modified_time\" content=\"2024-11-27T08:39:09+00:00\" \/>\n<meta property=\"og:image\" content=\"https:\/\/www.diocesitn.it\/area-cultura\/wp-content\/uploads\/sites\/38\/2024\/11\/Bellesini.jpg\" \/>\n\t<meta property=\"og:image:width\" content=\"2005\" \/>\n\t<meta property=\"og:image:height\" content=\"1274\" \/>\n\t<meta property=\"og:image:type\" content=\"image\/jpeg\" \/>\n<meta name=\"author\" content=\"candreolli\" \/>\n<meta name=\"twitter:card\" content=\"summary_large_image\" \/>\n<meta name=\"twitter:label1\" content=\"Scritto da\" \/>\n\t<meta name=\"twitter:data1\" content=\"candreolli\" \/>\n\t<meta name=\"twitter:label2\" content=\"Tempo di lettura stimato\" \/>\n\t<meta name=\"twitter:data2\" content=\"3 minuti\" \/>\n<script type=\"application\/ld+json\" class=\"yoast-schema-graph\">{\"@context\":\"https:\/\/schema.org\",\"@graph\":[{\"@type\":\"Article\",\"@id\":\"https:\/\/www.diocesitn.it\/area-cultura\/2024\/11\/08\/sulle-orme-di-stefano-bellesini-convegno-il-25-e-26-novembre-a-trento-a-250-anni-dalla-nascita\/#article\",\"isPartOf\":{\"@id\":\"https:\/\/www.diocesitn.it\/area-cultura\/2024\/11\/08\/sulle-orme-di-stefano-bellesini-convegno-il-25-e-26-novembre-a-trento-a-250-anni-dalla-nascita\/\"},\"author\":{\"name\":\"candreolli\",\"@id\":\"https:\/\/www.diocesitn.it\/area-cultura\/#\/schema\/person\/05f14428efca72bb2997b55cbdc7d01b\"},\"headline\":\"&#8220;Sulle orme di Stefano Bellesini&#8221;: itinerario, celebrazione e convegno il 25 e 26 novembre a Trento, a 250 anni dalla nascita del beato agostiniano\",\"datePublished\":\"2024-11-08T10:29:31+00:00\",\"dateModified\":\"2024-11-27T08:39:09+00:00\",\"mainEntityOfPage\":{\"@id\":\"https:\/\/www.diocesitn.it\/area-cultura\/2024\/11\/08\/sulle-orme-di-stefano-bellesini-convegno-il-25-e-26-novembre-a-trento-a-250-anni-dalla-nascita\/\"},\"wordCount\":278,\"publisher\":{\"@id\":\"https:\/\/www.diocesitn.it\/area-cultura\/#organization\"},\"image\":{\"@id\":\"https:\/\/www.diocesitn.it\/area-cultura\/2024\/11\/08\/sulle-orme-di-stefano-bellesini-convegno-il-25-e-26-novembre-a-trento-a-250-anni-dalla-nascita\/#primaryimage\"},\"thumbnailUrl\":\"https:\/\/www.diocesitn.it\/area-cultura\/wp-content\/uploads\/sites\/38\/2024\/11\/Bellesini.jpg\",\"keywords\":[\"Chieseacolori\",\"Stefano Bellesini\"],\"articleSection\":[\"Archivio Diocesano Tridentino\",\"Cultura\",\"Notizie\",\"Progetto Chieseacolori\"],\"inLanguage\":\"it-IT\",\"copyrightYear\":\"2024\",\"copyrightHolder\":{\"@id\":\"https:\/\/www.diocesitn.it\/#organization\"}},{\"@type\":\"WebPage\",\"@id\":\"https:\/\/www.diocesitn.it\/area-cultura\/2024\/11\/08\/sulle-orme-di-stefano-bellesini-convegno-il-25-e-26-novembre-a-trento-a-250-anni-dalla-nascita\/\",\"url\":\"https:\/\/www.diocesitn.it\/area-cultura\/2024\/11\/08\/sulle-orme-di-stefano-bellesini-convegno-il-25-e-26-novembre-a-trento-a-250-anni-dalla-nascita\/\",\"name\":\"\\\"Sulle orme di Stefano Bellesini\\\": itinerario, celebrazione e convegno il 25 e 26 novembre a Trento, a 250 anni dalla nascita del beato agostiniano - Cultura\",\"isPartOf\":{\"@id\":\"https:\/\/www.diocesitn.it\/area-cultura\/#website\"},\"primaryImageOfPage\":{\"@id\":\"https:\/\/www.diocesitn.it\/area-cultura\/2024\/11\/08\/sulle-orme-di-stefano-bellesini-convegno-il-25-e-26-novembre-a-trento-a-250-anni-dalla-nascita\/#primaryimage\"},\"image\":{\"@id\":\"https:\/\/www.diocesitn.it\/area-cultura\/2024\/11\/08\/sulle-orme-di-stefano-bellesini-convegno-il-25-e-26-novembre-a-trento-a-250-anni-dalla-nascita\/#primaryimage\"},\"thumbnailUrl\":\"https:\/\/www.diocesitn.it\/area-cultura\/wp-content\/uploads\/sites\/38\/2024\/11\/Bellesini.jpg\",\"datePublished\":\"2024-11-08T10:29:31+00:00\",\"dateModified\":\"2024-11-27T08:39:09+00:00\",\"breadcrumb\":{\"@id\":\"https:\/\/www.diocesitn.it\/area-cultura\/2024\/11\/08\/sulle-orme-di-stefano-bellesini-convegno-il-25-e-26-novembre-a-trento-a-250-anni-dalla-nascita\/#breadcrumb\"},\"inLanguage\":\"it-IT\",\"potentialAction\":[{\"@type\":\"ReadAction\",\"target\":[\"https:\/\/www.diocesitn.it\/area-cultura\/2024\/11\/08\/sulle-orme-di-stefano-bellesini-convegno-il-25-e-26-novembre-a-trento-a-250-anni-dalla-nascita\/\"]}]},{\"@type\":\"ImageObject\",\"inLanguage\":\"it-IT\",\"@id\":\"https:\/\/www.diocesitn.it\/area-cultura\/2024\/11\/08\/sulle-orme-di-stefano-bellesini-convegno-il-25-e-26-novembre-a-trento-a-250-anni-dalla-nascita\/#primaryimage\",\"url\":\"https:\/\/www.diocesitn.it\/area-cultura\/wp-content\/uploads\/sites\/38\/2024\/11\/Bellesini.jpg\",\"contentUrl\":\"https:\/\/www.diocesitn.it\/area-cultura\/wp-content\/uploads\/sites\/38\/2024\/11\/Bellesini.jpg\",\"width\":2005,\"height\":1274},{\"@type\":\"BreadcrumbList\",\"@id\":\"https:\/\/www.diocesitn.it\/area-cultura\/2024\/11\/08\/sulle-orme-di-stefano-bellesini-convegno-il-25-e-26-novembre-a-trento-a-250-anni-dalla-nascita\/#breadcrumb\",\"itemListElement\":[{\"@type\":\"ListItem\",\"position\":1,\"name\":\"Home\",\"item\":\"https:\/\/www.diocesitn.it\/area-cultura\/\"},{\"@type\":\"ListItem\",\"position\":2,\"name\":\"&#8220;Sulle orme di Stefano Bellesini&#8221;: itinerario, celebrazione e convegno il 25 e 26 novembre a Trento, a 250 anni dalla nascita del beato agostiniano\"}]},{\"@type\":\"WebSite\",\"@id\":\"https:\/\/www.diocesitn.it\/area-cultura\/#website\",\"url\":\"https:\/\/www.diocesitn.it\/area-cultura\/\",\"name\":\"Cultura\",\"description\":\"Chiesa di Trento\",\"publisher\":{\"@id\":\"https:\/\/www.diocesitn.it\/area-cultura\/#organization\"},\"potentialAction\":[{\"@type\":\"SearchAction\",\"target\":{\"@type\":\"EntryPoint\",\"urlTemplate\":\"https:\/\/www.diocesitn.it\/area-cultura\/?s={search_term_string}\"},\"query-input\":\"required name=search_term_string\"}],\"inLanguage\":\"it-IT\"},{\"@type\":[\"Organization\",\"Place\"],\"@id\":\"https:\/\/www.diocesitn.it\/area-cultura\/#organization\",\"name\":\"Area Cultura - Chiesa di Trento\",\"url\":\"https:\/\/www.diocesitn.it\/area-cultura\/\",\"logo\":{\"@id\":\"https:\/\/www.diocesitn.it\/area-cultura\/2024\/11\/08\/sulle-orme-di-stefano-bellesini-convegno-il-25-e-26-novembre-a-trento-a-250-anni-dalla-nascita\/#local-main-organization-logo\"},\"image\":{\"@id\":\"https:\/\/www.diocesitn.it\/area-cultura\/2024\/11\/08\/sulle-orme-di-stefano-bellesini-convegno-il-25-e-26-novembre-a-trento-a-250-anni-dalla-nascita\/#local-main-organization-logo\"},\"sameAs\":[\"https:\/\/www.youtube.com\/channel\/UCfWD2n-N6WTCg2P_UA72H6Q\"],\"openingHoursSpecification\":[{\"@type\":\"OpeningHoursSpecification\",\"dayOfWeek\":[\"Monday\",\"Tuesday\",\"Wednesday\",\"Thursday\",\"Friday\",\"Saturday\",\"Sunday\"],\"opens\":\"09:00\",\"closes\":\"17:00\"}]},{\"@type\":\"ImageObject\",\"inLanguage\":\"it-IT\",\"@id\":\"https:\/\/www.diocesitn.it\/area-cultura\/2024\/11\/08\/sulle-orme-di-stefano-bellesini-convegno-il-25-e-26-novembre-a-trento-a-250-anni-dalla-nascita\/#local-main-organization-logo\",\"url\":\"https:\/\/www.diocesitn.it\/area-cultura\/wp-content\/uploads\/sites\/38\/2021\/09\/og-logo-cultura.jpg\",\"contentUrl\":\"https:\/\/www.diocesitn.it\/area-cultura\/wp-content\/uploads\/sites\/38\/2021\/09\/og-logo-cultura.jpg\",\"width\":1200,\"height\":630,\"caption\":\"Area Cultura - Chiesa di Trento\"}]}<\/script>\n<!-- \/ Yoast SEO Premium plugin. -->","yoast_head_json":{"title":"\"Sulle orme di Stefano Bellesini\": itinerario, celebrazione e convegno il 25 e 26 novembre a Trento, a 250 anni dalla nascita del beato agostiniano - Cultura","robots":{"index":"index","follow":"follow","max-snippet":"max-snippet:-1","max-image-preview":"max-image-preview:large","max-video-preview":"max-video-preview:-1"},"canonical":"https:\/\/www.diocesitn.it\/area-cultura\/2024\/11\/08\/sulle-orme-di-stefano-bellesini-convegno-il-25-e-26-novembre-a-trento-a-250-anni-dalla-nascita\/","og_locale":"it_IT","og_type":"article","og_title":"\"Sulle orme di Stefano Bellesini\": itinerario, celebrazione e convegno il 25 e 26 novembre a Trento, a 250 anni dalla nascita del beato agostiniano","og_description":"La Provincia Agostiniana d\u2019Italia, la Postulazione dell\u2019Ordine di Sant\u2019Agostino e l\u2019Arcidiocesi di Trento a 250 anni dalla nascita del beato Stefano Bellesini invitano a una due giorni di studio e di approfondimento su una figura","og_url":"https:\/\/www.diocesitn.it\/area-cultura\/2024\/11\/08\/sulle-orme-di-stefano-bellesini-convegno-il-25-e-26-novembre-a-trento-a-250-anni-dalla-nascita\/","og_site_name":"Cultura","article_published_time":"2024-11-08T10:29:31+00:00","article_modified_time":"2024-11-27T08:39:09+00:00","og_image":[{"width":2005,"height":1274,"url":"https:\/\/www.diocesitn.it\/area-cultura\/wp-content\/uploads\/sites\/38\/2024\/11\/Bellesini.jpg","type":"image\/jpeg"}],"author":"candreolli","twitter_card":"summary_large_image","twitter_misc":{"Scritto da":"candreolli","Tempo di lettura stimato":"3 minuti"},"schema":{"@context":"https:\/\/schema.org","@graph":[{"@type":"Article","@id":"https:\/\/www.diocesitn.it\/area-cultura\/2024\/11\/08\/sulle-orme-di-stefano-bellesini-convegno-il-25-e-26-novembre-a-trento-a-250-anni-dalla-nascita\/#article","isPartOf":{"@id":"https:\/\/www.diocesitn.it\/area-cultura\/2024\/11\/08\/sulle-orme-di-stefano-bellesini-convegno-il-25-e-26-novembre-a-trento-a-250-anni-dalla-nascita\/"},"author":{"name":"candreolli","@id":"https:\/\/www.diocesitn.it\/area-cultura\/#\/schema\/person\/05f14428efca72bb2997b55cbdc7d01b"},"headline":"&#8220;Sulle orme di Stefano Bellesini&#8221;: itinerario, celebrazione e convegno il 25 e 26 novembre a Trento, a 250 anni dalla nascita del beato agostiniano","datePublished":"2024-11-08T10:29:31+00:00","dateModified":"2024-11-27T08:39:09+00:00","mainEntityOfPage":{"@id":"https:\/\/www.diocesitn.it\/area-cultura\/2024\/11\/08\/sulle-orme-di-stefano-bellesini-convegno-il-25-e-26-novembre-a-trento-a-250-anni-dalla-nascita\/"},"wordCount":278,"publisher":{"@id":"https:\/\/www.diocesitn.it\/area-cultura\/#organization"},"image":{"@id":"https:\/\/www.diocesitn.it\/area-cultura\/2024\/11\/08\/sulle-orme-di-stefano-bellesini-convegno-il-25-e-26-novembre-a-trento-a-250-anni-dalla-nascita\/#primaryimage"},"thumbnailUrl":"https:\/\/www.diocesitn.it\/area-cultura\/wp-content\/uploads\/sites\/38\/2024\/11\/Bellesini.jpg","keywords":["Chieseacolori","Stefano Bellesini"],"articleSection":["Archivio Diocesano Tridentino","Cultura","Notizie","Progetto Chieseacolori"],"inLanguage":"it-IT","copyrightYear":"2024","copyrightHolder":{"@id":"https:\/\/www.diocesitn.it\/#organization"}},{"@type":"WebPage","@id":"https:\/\/www.diocesitn.it\/area-cultura\/2024\/11\/08\/sulle-orme-di-stefano-bellesini-convegno-il-25-e-26-novembre-a-trento-a-250-anni-dalla-nascita\/","url":"https:\/\/www.diocesitn.it\/area-cultura\/2024\/11\/08\/sulle-orme-di-stefano-bellesini-convegno-il-25-e-26-novembre-a-trento-a-250-anni-dalla-nascita\/","name":"\"Sulle orme di Stefano Bellesini\": itinerario, celebrazione e convegno il 25 e 26 novembre a Trento, a 250 anni dalla nascita del beato agostiniano - Cultura","isPartOf":{"@id":"https:\/\/www.diocesitn.it\/area-cultura\/#website"},"primaryImageOfPage":{"@id":"https:\/\/www.diocesitn.it\/area-cultura\/2024\/11\/08\/sulle-orme-di-stefano-bellesini-convegno-il-25-e-26-novembre-a-trento-a-250-anni-dalla-nascita\/#primaryimage"},"image":{"@id":"https:\/\/www.diocesitn.it\/area-cultura\/2024\/11\/08\/sulle-orme-di-stefano-bellesini-convegno-il-25-e-26-novembre-a-trento-a-250-anni-dalla-nascita\/#primaryimage"},"thumbnailUrl":"https:\/\/www.diocesitn.it\/area-cultura\/wp-content\/uploads\/sites\/38\/2024\/11\/Bellesini.jpg","datePublished":"2024-11-08T10:29:31+00:00","dateModified":"2024-11-27T08:39:09+00:00","breadcrumb":{"@id":"https:\/\/www.diocesitn.it\/area-cultura\/2024\/11\/08\/sulle-orme-di-stefano-bellesini-convegno-il-25-e-26-novembre-a-trento-a-250-anni-dalla-nascita\/#breadcrumb"},"inLanguage":"it-IT","potentialAction":[{"@type":"ReadAction","target":["https:\/\/www.diocesitn.it\/area-cultura\/2024\/11\/08\/sulle-orme-di-stefano-bellesini-convegno-il-25-e-26-novembre-a-trento-a-250-anni-dalla-nascita\/"]}]},{"@type":"ImageObject","inLanguage":"it-IT","@id":"https:\/\/www.diocesitn.it\/area-cultura\/2024\/11\/08\/sulle-orme-di-stefano-bellesini-convegno-il-25-e-26-novembre-a-trento-a-250-anni-dalla-nascita\/#primaryimage","url":"https:\/\/www.diocesitn.it\/area-cultura\/wp-content\/uploads\/sites\/38\/2024\/11\/Bellesini.jpg","contentUrl":"https:\/\/www.diocesitn.it\/area-cultura\/wp-content\/uploads\/sites\/38\/2024\/11\/Bellesini.jpg","width":2005,"height":1274},{"@type":"BreadcrumbList","@id":"https:\/\/www.diocesitn.it\/area-cultura\/2024\/11\/08\/sulle-orme-di-stefano-bellesini-convegno-il-25-e-26-novembre-a-trento-a-250-anni-dalla-nascita\/#breadcrumb","itemListElement":[{"@type":"ListItem","position":1,"name":"Home","item":"https:\/\/www.diocesitn.it\/area-cultura\/"},{"@type":"ListItem","position":2,"name":"&#8220;Sulle orme di Stefano Bellesini&#8221;: itinerario, celebrazione e convegno il 25 e 26 novembre a Trento, a 250 anni dalla nascita del beato agostiniano"}]},{"@type":"WebSite","@id":"https:\/\/www.diocesitn.it\/area-cultura\/#website","url":"https:\/\/www.diocesitn.it\/area-cultura\/","name":"Cultura","description":"Chiesa di Trento","publisher":{"@id":"https:\/\/www.diocesitn.it\/area-cultura\/#organization"},"potentialAction":[{"@type":"SearchAction","target":{"@type":"EntryPoint","urlTemplate":"https:\/\/www.diocesitn.it\/area-cultura\/?s={search_term_string}"},"query-input":"required name=search_term_string"}],"inLanguage":"it-IT"},{"@type":["Organization","Place"],"@id":"https:\/\/www.diocesitn.it\/area-cultura\/#organization","name":"Area Cultura - Chiesa di Trento","url":"https:\/\/www.diocesitn.it\/area-cultura\/","logo":{"@id":"https:\/\/www.diocesitn.it\/area-cultura\/2024\/11\/08\/sulle-orme-di-stefano-bellesini-convegno-il-25-e-26-novembre-a-trento-a-250-anni-dalla-nascita\/#local-main-organization-logo"},"image":{"@id":"https:\/\/www.diocesitn.it\/area-cultura\/2024\/11\/08\/sulle-orme-di-stefano-bellesini-convegno-il-25-e-26-novembre-a-trento-a-250-anni-dalla-nascita\/#local-main-organization-logo"},"sameAs":["https:\/\/www.youtube.com\/channel\/UCfWD2n-N6WTCg2P_UA72H6Q"],"openingHoursSpecification":[{"@type":"OpeningHoursSpecification","dayOfWeek":["Monday","Tuesday","Wednesday","Thursday","Friday","Saturday","Sunday"],"opens":"09:00","closes":"17:00"}]},{"@type":"ImageObject","inLanguage":"it-IT","@id":"https:\/\/www.diocesitn.it\/area-cultura\/2024\/11\/08\/sulle-orme-di-stefano-bellesini-convegno-il-25-e-26-novembre-a-trento-a-250-anni-dalla-nascita\/#local-main-organization-logo","url":"https:\/\/www.diocesitn.it\/area-cultura\/wp-content\/uploads\/sites\/38\/2021\/09\/og-logo-cultura.jpg","contentUrl":"https:\/\/www.diocesitn.it\/area-cultura\/wp-content\/uploads\/sites\/38\/2021\/09\/og-logo-cultura.jpg","width":1200,"height":630,"caption":"Area Cultura - Chiesa di Trento"}]}},"_links":{"self":[{"href":"https:\/\/www.diocesitn.it\/area-cultura\/wp-json\/wp\/v2\/posts\/14203","targetHints":{"allow":["GET"]}}],"collection":[{"href":"https:\/\/www.diocesitn.it\/area-cultura\/wp-json\/wp\/v2\/posts"}],"about":[{"href":"https:\/\/www.diocesitn.it\/area-cultura\/wp-json\/wp\/v2\/types\/post"}],"author":[{"embeddable":true,"href":"https:\/\/www.diocesitn.it\/area-cultura\/wp-json\/wp\/v2\/users\/164"}],"replies":[{"embeddable":true,"href":"https:\/\/www.diocesitn.it\/area-cultura\/wp-json\/wp\/v2\/comments?post=14203"}],"version-history":[{"count":4,"href":"https:\/\/www.diocesitn.it\/area-cultura\/wp-json\/wp\/v2\/posts\/14203\/revisions"}],"predecessor-version":[{"id":14324,"href":"https:\/\/www.diocesitn.it\/area-cultura\/wp-json\/wp\/v2\/posts\/14203\/revisions\/14324"}],"wp:featuredmedia":[{"embeddable":true,"href":"https:\/\/www.diocesitn.it\/area-cultura\/wp-json\/wp\/v2\/media\/14205"}],"wp:attachment":[{"href":"https:\/\/www.diocesitn.it\/area-cultura\/wp-json\/wp\/v2\/media?parent=14203"}],"wp:term":[{"taxonomy":"category","embeddable":true,"href":"https:\/\/www.diocesitn.it\/area-cultura\/wp-json\/wp\/v2\/categories?post=14203"},{"taxonomy":"post_tag","embeddable":true,"href":"https:\/\/www.diocesitn.it\/area-cultura\/wp-json\/wp\/v2\/tags?post=14203"}],"curies":[{"name":"wp","href":"https:\/\/api.w.org\/{rel}","templated":true}]}}