{"id":14164,"date":"2024-11-05T11:41:36","date_gmt":"2024-11-05T10:41:36","guid":{"rendered":"https:\/\/www.diocesitn.it\/area-cultura\/?p=14164"},"modified":"2024-11-22T10:01:32","modified_gmt":"2024-11-22T09:01:32","slug":"a-tu-per-tu-con-lautore-parrocchia-ministeri-formazione","status":"publish","type":"post","link":"https:\/\/www.diocesitn.it\/area-cultura\/2024\/11\/05\/a-tu-per-tu-con-lautore-parrocchia-ministeri-formazione\/","title":{"rendered":"A tu per tu con l&#8217;autore: &#8220;Parrocchia, ministeri, formazione&#8221;"},"content":{"rendered":"<p><span style=\"color: #000000\">Terzo appuntamento per l\u2019anno accademico 2024\/2025 con la rubrica online <strong>A tu per tu con l\u2019Autore<\/strong>, organizzata dalla biblioteca in collaborazione con l\u2019ISSR Romano Guardini.<\/span><\/p>\n<p><span style=\"color: #000000\">In questa puntata il prof. don <strong>Rolando Covi<\/strong>, dottore in Teologia, docente presso l\u2019ISSR Guardini e presso la Facolt\u00e0 Teologica del Triveneto, presenta il suo nuovo libro dal titolo <strong>Parrocchia, ministeri, formazione. Una proposta in dialogo con <em>Spiritus Domini<\/em> e <em>Antiquum ministerium<\/em><\/strong>, edito da EMP e FTTR nel giugno 2024.<\/span><\/p>\n<p><span style=\"color: #000000\">Quale figura di parrocchia? Quale figura di ministero? Quale figura di formazione? Sono le tre domande che accompagnano in maniera trasversale questa ricerca, alla luce della proposta di un ministero istituito. <\/span><span style=\"color: #000000\">Per ogni domanda viene offerta una problematizzazione di fondo, l\u2019analisi di alcuni indicatori utili per avanzare nella riflessione e una possibile azione pastorale. <\/span><span style=\"color: #000000\">L\u2019ambito di indagine \u00e8 riferito alla diocesi di Trento, che deve fare i conti con un veloce calo dei presbiteri.<\/span><\/p>\n<p><span style=\"color: #000000\">Una ricerca stimolante, che vuole avviare una riflessione pratica e cercare di accompagnare chi ha davanti a s\u00e9 il problema di cambiare, molto velocemente, il paradigma ecclesiale nel quale \u00e8 cresciuto e che \u00e8 ormai difficile da sostenere.<\/span><\/p>\n<p><span style=\"color: #000000\">A dialogare con don Rolando Covi sar\u00e0 il prof. p. <strong>Matteo Giuliani<\/strong>, Frate minore, dottore in Scienze dell\u2019educazione con indirizzo di Catechetica presso l\u2019Universit\u00e0 Pontificia Salesiana.<\/span><\/p>\n<p><span style=\"color: #000000\">Modera l\u2019incontro il prof. don <strong>Stefano Zeni<\/strong>, direttore dell\u2019ISSR \u201cRomano Guardini\u201d.<\/span><\/p>\n<p>&nbsp;<\/p>\n<p><a href=\"https:\/\/www.diocesitn.it\/area-cultura\/wp-content\/uploads\/sites\/38\/2024\/11\/Locandina-Covi.pdf\"><span style=\"color: #000000\"><img loading=\"lazy\" decoding=\"async\" class=\"size-medium wp-image-14166 alignleft\" src=\"https:\/\/www.diocesitn.it\/area-cultura\/wp-content\/uploads\/sites\/38\/2024\/11\/Locandina-Covi-212x300.jpg\" alt=\"\" width=\"212\" height=\"300\" srcset=\"https:\/\/www.diocesitn.it\/area-cultura\/wp-content\/uploads\/sites\/38\/2024\/11\/Locandina-Covi-212x300.jpg 212w, https:\/\/www.diocesitn.it\/area-cultura\/wp-content\/uploads\/sites\/38\/2024\/11\/Locandina-Covi-724x1024.jpg 724w, https:\/\/www.diocesitn.it\/area-cultura\/wp-content\/uploads\/sites\/38\/2024\/11\/Locandina-Covi-768x1086.jpg 768w, https:\/\/www.diocesitn.it\/area-cultura\/wp-content\/uploads\/sites\/38\/2024\/11\/Locandina-Covi-198x280.jpg 198w, https:\/\/www.diocesitn.it\/area-cultura\/wp-content\/uploads\/sites\/38\/2024\/11\/Locandina-Covi-543x768.jpg 543w, https:\/\/www.diocesitn.it\/area-cultura\/wp-content\/uploads\/sites\/38\/2024\/11\/Locandina-Covi-1086x1536.jpg 1086w, https:\/\/www.diocesitn.it\/area-cultura\/wp-content\/uploads\/sites\/38\/2024\/11\/Locandina-Covi-800x1132.jpg 800w, https:\/\/www.diocesitn.it\/area-cultura\/wp-content\/uploads\/sites\/38\/2024\/11\/Locandina-Covi-1200x1697.jpg 1200w, https:\/\/www.diocesitn.it\/area-cultura\/wp-content\/uploads\/sites\/38\/2024\/11\/Locandina-Covi-1320x1867.jpg 1320w, https:\/\/www.diocesitn.it\/area-cultura\/wp-content\/uploads\/sites\/38\/2024\/11\/Locandina-Covi.jpg 1414w\" sizes=\"auto, (max-width: 212px) 100vw, 212px\" \/><\/span><\/a><\/p>\n<p><span style=\"color: #000000\">L\u2019incontro si terr\u00e0 <strong>gioved\u00ec 21 novembre alle ore 18.30<\/strong> e si svolger\u00e0 in modalit\u00e0 on-line attraverso la piattaforma Zoom.<\/span><\/p>\n<p><span style=\"color: #000000\">Per partecipare cliccare sul link<\/span> <a href=\"https:\/\/us06web.zoom.us\/j\/83406407882\">https:\/\/us06web.zoom.us\/j\/83406407882<\/a><\/p>\n<p><span style=\"color: #000000\">ID riunione: 834 0640 7882<\/span><\/p>\n<p><span style=\"color: #000000\">Passcode: bib2024<\/span><\/p>\n<p><span style=\"color: #000000\">L\u2019incontro sar\u00e0 registrato e postato sul canale YouTube della Diocesi<\/span><\/p>\n<p>&nbsp;<\/p>\n<p><span style=\"color: #000000\">Il volume \u00e8 disponibile per il prestito e la consultazione presso la biblioteca.<\/span><\/p>\n","protected":false},"excerpt":{"rendered":"<p>Terzo appuntamento per l\u2019anno accademico 2024\/2025 con la rubrica online A tu per tu con l\u2019Autore, organizzata dalla biblioteca in collaborazione con l\u2019ISSR Romano Guardini. In questa puntata il prof. don Rolando Covi, dottore in<\/p>\n","protected":false},"author":165,"featured_media":14171,"comment_status":"closed","ping_status":"closed","sticky":false,"template":"","format":"standard","meta":{"footnotes":""},"categories":[331,461,329],"tags":[673,493],"class_list":["post-14164","post","type-post","status-publish","format-standard","has-post-thumbnail","hentry","category-servizio-biblioteca","category-cultura","category-notizie","tag-don-rolando-covi","tag-presentazione-libro"],"acf":{"seed-localization-paese-cod":"IT","seed-localization-address":"","seed-localization-citta":"Trento","seed-localization-regione-cod-istat":"04","seed-localization-citta-cod-istat":"022205","seed-localization-localita":"","seed-localization-cap":"","seed-localization-marker-visibility":false,"seed-localization-children-visibility":false,"seed-localization-kml":"","seed-localization-custom-marker":""},"yoast_head":"<!-- This site is optimized with the Yoast SEO Premium plugin v20.2.1 (Yoast SEO v22.2) - https:\/\/yoast.com\/wordpress\/plugins\/seo\/ -->\n<title>A tu per tu con l&#039;autore: &quot;Parrocchia, ministeri, formazione&quot; - Cultura<\/title>\n<meta name=\"robots\" content=\"index, follow, max-snippet:-1, max-image-preview:large, max-video-preview:-1\" \/>\n<link rel=\"canonical\" href=\"https:\/\/www.diocesitn.it\/area-cultura\/2024\/11\/05\/a-tu-per-tu-con-lautore-parrocchia-ministeri-formazione\/\" \/>\n<meta property=\"og:locale\" content=\"it_IT\" \/>\n<meta property=\"og:type\" content=\"article\" \/>\n<meta property=\"og:title\" content=\"A tu per tu con l&#039;autore: &quot;Parrocchia, ministeri, formazione&quot;\" \/>\n<meta property=\"og:description\" content=\"Terzo appuntamento per l\u2019anno accademico 2024\/2025 con la rubrica online A tu per tu con l\u2019Autore, organizzata dalla biblioteca in collaborazione con l\u2019ISSR Romano Guardini. In questa puntata il prof. don Rolando Covi, dottore in\" \/>\n<meta property=\"og:url\" content=\"https:\/\/www.diocesitn.it\/area-cultura\/2024\/11\/05\/a-tu-per-tu-con-lautore-parrocchia-ministeri-formazione\/\" \/>\n<meta property=\"og:site_name\" content=\"Cultura\" \/>\n<meta property=\"article:published_time\" content=\"2024-11-05T10:41:36+00:00\" \/>\n<meta property=\"article:modified_time\" content=\"2024-11-22T09:01:32+00:00\" \/>\n<meta property=\"og:image\" content=\"https:\/\/www.diocesitn.it\/area-cultura\/wp-content\/uploads\/sites\/38\/2021\/09\/og-logo-cultura.jpg\" \/>\n\t<meta property=\"og:image:width\" content=\"1200\" \/>\n\t<meta property=\"og:image:height\" content=\"630\" \/>\n\t<meta property=\"og:image:type\" content=\"image\/jpeg\" \/>\n<meta name=\"author\" content=\"ledine\" \/>\n<meta name=\"twitter:card\" content=\"summary_large_image\" \/>\n<meta name=\"twitter:label1\" content=\"Scritto da\" \/>\n\t<meta name=\"twitter:data1\" content=\"ledine\" \/>\n\t<meta name=\"twitter:label2\" content=\"Tempo di lettura stimato\" \/>\n\t<meta name=\"twitter:data2\" content=\"2 minuti\" \/>\n<script type=\"application\/ld+json\" class=\"yoast-schema-graph\">{\"@context\":\"https:\/\/schema.org\",\"@graph\":[{\"@type\":\"Article\",\"@id\":\"https:\/\/www.diocesitn.it\/area-cultura\/2024\/11\/05\/a-tu-per-tu-con-lautore-parrocchia-ministeri-formazione\/#article\",\"isPartOf\":{\"@id\":\"https:\/\/www.diocesitn.it\/area-cultura\/2024\/11\/05\/a-tu-per-tu-con-lautore-parrocchia-ministeri-formazione\/\"},\"author\":{\"name\":\"ledine\",\"@id\":\"https:\/\/www.diocesitn.it\/area-cultura\/#\/schema\/person\/93b7401db62b6f32d20347e997095e6c\"},\"headline\":\"A tu per tu con l&#8217;autore: &#8220;Parrocchia, ministeri, formazione&#8221;\",\"datePublished\":\"2024-11-05T10:41:36+00:00\",\"dateModified\":\"2024-11-22T09:01:32+00:00\",\"mainEntityOfPage\":{\"@id\":\"https:\/\/www.diocesitn.it\/area-cultura\/2024\/11\/05\/a-tu-per-tu-con-lautore-parrocchia-ministeri-formazione\/\"},\"wordCount\":296,\"publisher\":{\"@id\":\"https:\/\/www.diocesitn.it\/area-cultura\/#organization\"},\"image\":{\"@id\":\"https:\/\/www.diocesitn.it\/area-cultura\/2024\/11\/05\/a-tu-per-tu-con-lautore-parrocchia-ministeri-formazione\/#primaryimage\"},\"thumbnailUrl\":\"https:\/\/www.diocesitn.it\/area-cultura\/wp-content\/uploads\/sites\/38\/2024\/11\/per-banner-2-3-pdf.jpg\",\"keywords\":[\"don Rolando Covi\",\"presentazione libro\"],\"articleSection\":[\"Biblioteca diocesana Vigilianum\",\"Cultura\",\"Notizie\"],\"inLanguage\":\"it-IT\",\"copyrightYear\":\"2024\",\"copyrightHolder\":{\"@id\":\"https:\/\/www.diocesitn.it\/#organization\"}},{\"@type\":\"WebPage\",\"@id\":\"https:\/\/www.diocesitn.it\/area-cultura\/2024\/11\/05\/a-tu-per-tu-con-lautore-parrocchia-ministeri-formazione\/\",\"url\":\"https:\/\/www.diocesitn.it\/area-cultura\/2024\/11\/05\/a-tu-per-tu-con-lautore-parrocchia-ministeri-formazione\/\",\"name\":\"A tu per tu con l'autore: \\\"Parrocchia, ministeri, formazione\\\" - Cultura\",\"isPartOf\":{\"@id\":\"https:\/\/www.diocesitn.it\/area-cultura\/#website\"},\"primaryImageOfPage\":{\"@id\":\"https:\/\/www.diocesitn.it\/area-cultura\/2024\/11\/05\/a-tu-per-tu-con-lautore-parrocchia-ministeri-formazione\/#primaryimage\"},\"image\":{\"@id\":\"https:\/\/www.diocesitn.it\/area-cultura\/2024\/11\/05\/a-tu-per-tu-con-lautore-parrocchia-ministeri-formazione\/#primaryimage\"},\"thumbnailUrl\":\"https:\/\/www.diocesitn.it\/area-cultura\/wp-content\/uploads\/sites\/38\/2024\/11\/per-banner-2-3-pdf.jpg\",\"datePublished\":\"2024-11-05T10:41:36+00:00\",\"dateModified\":\"2024-11-22T09:01:32+00:00\",\"breadcrumb\":{\"@id\":\"https:\/\/www.diocesitn.it\/area-cultura\/2024\/11\/05\/a-tu-per-tu-con-lautore-parrocchia-ministeri-formazione\/#breadcrumb\"},\"inLanguage\":\"it-IT\",\"potentialAction\":[{\"@type\":\"ReadAction\",\"target\":[\"https:\/\/www.diocesitn.it\/area-cultura\/2024\/11\/05\/a-tu-per-tu-con-lautore-parrocchia-ministeri-formazione\/\"]}]},{\"@type\":\"ImageObject\",\"inLanguage\":\"it-IT\",\"@id\":\"https:\/\/www.diocesitn.it\/area-cultura\/2024\/11\/05\/a-tu-per-tu-con-lautore-parrocchia-ministeri-formazione\/#primaryimage\",\"url\":\"https:\/\/www.diocesitn.it\/area-cultura\/wp-content\/uploads\/sites\/38\/2024\/11\/per-banner-2-3-pdf.jpg\",\"contentUrl\":\"https:\/\/www.diocesitn.it\/area-cultura\/wp-content\/uploads\/sites\/38\/2024\/11\/per-banner-2-3-pdf.jpg\"},{\"@type\":\"BreadcrumbList\",\"@id\":\"https:\/\/www.diocesitn.it\/area-cultura\/2024\/11\/05\/a-tu-per-tu-con-lautore-parrocchia-ministeri-formazione\/#breadcrumb\",\"itemListElement\":[{\"@type\":\"ListItem\",\"position\":1,\"name\":\"Home\",\"item\":\"https:\/\/www.diocesitn.it\/area-cultura\/\"},{\"@type\":\"ListItem\",\"position\":2,\"name\":\"A tu per tu con l&#8217;autore: &#8220;Parrocchia, ministeri, formazione&#8221;\"}]},{\"@type\":\"WebSite\",\"@id\":\"https:\/\/www.diocesitn.it\/area-cultura\/#website\",\"url\":\"https:\/\/www.diocesitn.it\/area-cultura\/\",\"name\":\"Cultura\",\"description\":\"Chiesa di Trento\",\"publisher\":{\"@id\":\"https:\/\/www.diocesitn.it\/area-cultura\/#organization\"},\"potentialAction\":[{\"@type\":\"SearchAction\",\"target\":{\"@type\":\"EntryPoint\",\"urlTemplate\":\"https:\/\/www.diocesitn.it\/area-cultura\/?s={search_term_string}\"},\"query-input\":\"required name=search_term_string\"}],\"inLanguage\":\"it-IT\"},{\"@type\":[\"Organization\",\"Place\"],\"@id\":\"https:\/\/www.diocesitn.it\/area-cultura\/#organization\",\"name\":\"Area Cultura - Chiesa di Trento\",\"url\":\"https:\/\/www.diocesitn.it\/area-cultura\/\",\"logo\":{\"@id\":\"https:\/\/www.diocesitn.it\/area-cultura\/2024\/11\/05\/a-tu-per-tu-con-lautore-parrocchia-ministeri-formazione\/#local-main-organization-logo\"},\"image\":{\"@id\":\"https:\/\/www.diocesitn.it\/area-cultura\/2024\/11\/05\/a-tu-per-tu-con-lautore-parrocchia-ministeri-formazione\/#local-main-organization-logo\"},\"sameAs\":[\"https:\/\/www.youtube.com\/channel\/UCfWD2n-N6WTCg2P_UA72H6Q\"],\"openingHoursSpecification\":[{\"@type\":\"OpeningHoursSpecification\",\"dayOfWeek\":[\"Monday\",\"Tuesday\",\"Wednesday\",\"Thursday\",\"Friday\",\"Saturday\",\"Sunday\"],\"opens\":\"09:00\",\"closes\":\"17:00\"}]},{\"@type\":\"ImageObject\",\"inLanguage\":\"it-IT\",\"@id\":\"https:\/\/www.diocesitn.it\/area-cultura\/2024\/11\/05\/a-tu-per-tu-con-lautore-parrocchia-ministeri-formazione\/#local-main-organization-logo\",\"url\":\"https:\/\/www.diocesitn.it\/area-cultura\/wp-content\/uploads\/sites\/38\/2021\/09\/og-logo-cultura.jpg\",\"contentUrl\":\"https:\/\/www.diocesitn.it\/area-cultura\/wp-content\/uploads\/sites\/38\/2021\/09\/og-logo-cultura.jpg\",\"width\":1200,\"height\":630,\"caption\":\"Area Cultura - Chiesa di Trento\"}]}<\/script>\n<!-- \/ Yoast SEO Premium plugin. -->","yoast_head_json":{"title":"A tu per tu con l'autore: \"Parrocchia, ministeri, formazione\" - Cultura","robots":{"index":"index","follow":"follow","max-snippet":"max-snippet:-1","max-image-preview":"max-image-preview:large","max-video-preview":"max-video-preview:-1"},"canonical":"https:\/\/www.diocesitn.it\/area-cultura\/2024\/11\/05\/a-tu-per-tu-con-lautore-parrocchia-ministeri-formazione\/","og_locale":"it_IT","og_type":"article","og_title":"A tu per tu con l'autore: \"Parrocchia, ministeri, formazione\"","og_description":"Terzo appuntamento per l\u2019anno accademico 2024\/2025 con la rubrica online A tu per tu con l\u2019Autore, organizzata dalla biblioteca in collaborazione con l\u2019ISSR Romano Guardini. In questa puntata il prof. don Rolando Covi, dottore in","og_url":"https:\/\/www.diocesitn.it\/area-cultura\/2024\/11\/05\/a-tu-per-tu-con-lautore-parrocchia-ministeri-formazione\/","og_site_name":"Cultura","article_published_time":"2024-11-05T10:41:36+00:00","article_modified_time":"2024-11-22T09:01:32+00:00","og_image":[{"width":1200,"height":630,"url":"https:\/\/www.diocesitn.it\/area-cultura\/wp-content\/uploads\/sites\/38\/2021\/09\/og-logo-cultura.jpg","type":"image\/jpeg"}],"author":"ledine","twitter_card":"summary_large_image","twitter_misc":{"Scritto da":"ledine","Tempo di lettura stimato":"2 minuti"},"schema":{"@context":"https:\/\/schema.org","@graph":[{"@type":"Article","@id":"https:\/\/www.diocesitn.it\/area-cultura\/2024\/11\/05\/a-tu-per-tu-con-lautore-parrocchia-ministeri-formazione\/#article","isPartOf":{"@id":"https:\/\/www.diocesitn.it\/area-cultura\/2024\/11\/05\/a-tu-per-tu-con-lautore-parrocchia-ministeri-formazione\/"},"author":{"name":"ledine","@id":"https:\/\/www.diocesitn.it\/area-cultura\/#\/schema\/person\/93b7401db62b6f32d20347e997095e6c"},"headline":"A tu per tu con l&#8217;autore: &#8220;Parrocchia, ministeri, formazione&#8221;","datePublished":"2024-11-05T10:41:36+00:00","dateModified":"2024-11-22T09:01:32+00:00","mainEntityOfPage":{"@id":"https:\/\/www.diocesitn.it\/area-cultura\/2024\/11\/05\/a-tu-per-tu-con-lautore-parrocchia-ministeri-formazione\/"},"wordCount":296,"publisher":{"@id":"https:\/\/www.diocesitn.it\/area-cultura\/#organization"},"image":{"@id":"https:\/\/www.diocesitn.it\/area-cultura\/2024\/11\/05\/a-tu-per-tu-con-lautore-parrocchia-ministeri-formazione\/#primaryimage"},"thumbnailUrl":"https:\/\/www.diocesitn.it\/area-cultura\/wp-content\/uploads\/sites\/38\/2024\/11\/per-banner-2-3-pdf.jpg","keywords":["don Rolando Covi","presentazione libro"],"articleSection":["Biblioteca diocesana Vigilianum","Cultura","Notizie"],"inLanguage":"it-IT","copyrightYear":"2024","copyrightHolder":{"@id":"https:\/\/www.diocesitn.it\/#organization"}},{"@type":"WebPage","@id":"https:\/\/www.diocesitn.it\/area-cultura\/2024\/11\/05\/a-tu-per-tu-con-lautore-parrocchia-ministeri-formazione\/","url":"https:\/\/www.diocesitn.it\/area-cultura\/2024\/11\/05\/a-tu-per-tu-con-lautore-parrocchia-ministeri-formazione\/","name":"A tu per tu con l'autore: \"Parrocchia, ministeri, formazione\" - Cultura","isPartOf":{"@id":"https:\/\/www.diocesitn.it\/area-cultura\/#website"},"primaryImageOfPage":{"@id":"https:\/\/www.diocesitn.it\/area-cultura\/2024\/11\/05\/a-tu-per-tu-con-lautore-parrocchia-ministeri-formazione\/#primaryimage"},"image":{"@id":"https:\/\/www.diocesitn.it\/area-cultura\/2024\/11\/05\/a-tu-per-tu-con-lautore-parrocchia-ministeri-formazione\/#primaryimage"},"thumbnailUrl":"https:\/\/www.diocesitn.it\/area-cultura\/wp-content\/uploads\/sites\/38\/2024\/11\/per-banner-2-3-pdf.jpg","datePublished":"2024-11-05T10:41:36+00:00","dateModified":"2024-11-22T09:01:32+00:00","breadcrumb":{"@id":"https:\/\/www.diocesitn.it\/area-cultura\/2024\/11\/05\/a-tu-per-tu-con-lautore-parrocchia-ministeri-formazione\/#breadcrumb"},"inLanguage":"it-IT","potentialAction":[{"@type":"ReadAction","target":["https:\/\/www.diocesitn.it\/area-cultura\/2024\/11\/05\/a-tu-per-tu-con-lautore-parrocchia-ministeri-formazione\/"]}]},{"@type":"ImageObject","inLanguage":"it-IT","@id":"https:\/\/www.diocesitn.it\/area-cultura\/2024\/11\/05\/a-tu-per-tu-con-lautore-parrocchia-ministeri-formazione\/#primaryimage","url":"https:\/\/www.diocesitn.it\/area-cultura\/wp-content\/uploads\/sites\/38\/2024\/11\/per-banner-2-3-pdf.jpg","contentUrl":"https:\/\/www.diocesitn.it\/area-cultura\/wp-content\/uploads\/sites\/38\/2024\/11\/per-banner-2-3-pdf.jpg"},{"@type":"BreadcrumbList","@id":"https:\/\/www.diocesitn.it\/area-cultura\/2024\/11\/05\/a-tu-per-tu-con-lautore-parrocchia-ministeri-formazione\/#breadcrumb","itemListElement":[{"@type":"ListItem","position":1,"name":"Home","item":"https:\/\/www.diocesitn.it\/area-cultura\/"},{"@type":"ListItem","position":2,"name":"A tu per tu con l&#8217;autore: &#8220;Parrocchia, ministeri, formazione&#8221;"}]},{"@type":"WebSite","@id":"https:\/\/www.diocesitn.it\/area-cultura\/#website","url":"https:\/\/www.diocesitn.it\/area-cultura\/","name":"Cultura","description":"Chiesa di Trento","publisher":{"@id":"https:\/\/www.diocesitn.it\/area-cultura\/#organization"},"potentialAction":[{"@type":"SearchAction","target":{"@type":"EntryPoint","urlTemplate":"https:\/\/www.diocesitn.it\/area-cultura\/?s={search_term_string}"},"query-input":"required name=search_term_string"}],"inLanguage":"it-IT"},{"@type":["Organization","Place"],"@id":"https:\/\/www.diocesitn.it\/area-cultura\/#organization","name":"Area Cultura - Chiesa di Trento","url":"https:\/\/www.diocesitn.it\/area-cultura\/","logo":{"@id":"https:\/\/www.diocesitn.it\/area-cultura\/2024\/11\/05\/a-tu-per-tu-con-lautore-parrocchia-ministeri-formazione\/#local-main-organization-logo"},"image":{"@id":"https:\/\/www.diocesitn.it\/area-cultura\/2024\/11\/05\/a-tu-per-tu-con-lautore-parrocchia-ministeri-formazione\/#local-main-organization-logo"},"sameAs":["https:\/\/www.youtube.com\/channel\/UCfWD2n-N6WTCg2P_UA72H6Q"],"openingHoursSpecification":[{"@type":"OpeningHoursSpecification","dayOfWeek":["Monday","Tuesday","Wednesday","Thursday","Friday","Saturday","Sunday"],"opens":"09:00","closes":"17:00"}]},{"@type":"ImageObject","inLanguage":"it-IT","@id":"https:\/\/www.diocesitn.it\/area-cultura\/2024\/11\/05\/a-tu-per-tu-con-lautore-parrocchia-ministeri-formazione\/#local-main-organization-logo","url":"https:\/\/www.diocesitn.it\/area-cultura\/wp-content\/uploads\/sites\/38\/2021\/09\/og-logo-cultura.jpg","contentUrl":"https:\/\/www.diocesitn.it\/area-cultura\/wp-content\/uploads\/sites\/38\/2021\/09\/og-logo-cultura.jpg","width":1200,"height":630,"caption":"Area Cultura - Chiesa di Trento"}]}},"_links":{"self":[{"href":"https:\/\/www.diocesitn.it\/area-cultura\/wp-json\/wp\/v2\/posts\/14164","targetHints":{"allow":["GET"]}}],"collection":[{"href":"https:\/\/www.diocesitn.it\/area-cultura\/wp-json\/wp\/v2\/posts"}],"about":[{"href":"https:\/\/www.diocesitn.it\/area-cultura\/wp-json\/wp\/v2\/types\/post"}],"author":[{"embeddable":true,"href":"https:\/\/www.diocesitn.it\/area-cultura\/wp-json\/wp\/v2\/users\/165"}],"replies":[{"embeddable":true,"href":"https:\/\/www.diocesitn.it\/area-cultura\/wp-json\/wp\/v2\/comments?post=14164"}],"version-history":[{"count":3,"href":"https:\/\/www.diocesitn.it\/area-cultura\/wp-json\/wp\/v2\/posts\/14164\/revisions"}],"predecessor-version":[{"id":14302,"href":"https:\/\/www.diocesitn.it\/area-cultura\/wp-json\/wp\/v2\/posts\/14164\/revisions\/14302"}],"wp:featuredmedia":[{"embeddable":true,"href":"https:\/\/www.diocesitn.it\/area-cultura\/wp-json\/wp\/v2\/media\/14171"}],"wp:attachment":[{"href":"https:\/\/www.diocesitn.it\/area-cultura\/wp-json\/wp\/v2\/media?parent=14164"}],"wp:term":[{"taxonomy":"category","embeddable":true,"href":"https:\/\/www.diocesitn.it\/area-cultura\/wp-json\/wp\/v2\/categories?post=14164"},{"taxonomy":"post_tag","embeddable":true,"href":"https:\/\/www.diocesitn.it\/area-cultura\/wp-json\/wp\/v2\/tags?post=14164"}],"curies":[{"name":"wp","href":"https:\/\/api.w.org\/{rel}","templated":true}]}}