{"id":14069,"date":"2024-10-18T10:36:53","date_gmt":"2024-10-18T08:36:53","guid":{"rendered":"https:\/\/www.diocesitn.it\/area-cultura\/?p=14069"},"modified":"2024-11-08T11:49:38","modified_gmt":"2024-11-08T10:49:38","slug":"biblioteca-nuovo-allestimento-dei-libri-per-bambini-e-ragazzi","status":"publish","type":"post","link":"https:\/\/www.diocesitn.it\/area-cultura\/2024\/10\/18\/biblioteca-nuovo-allestimento-dei-libri-per-bambini-e-ragazzi\/","title":{"rendered":"Biblioteca: nuovo allestimento dei libri per bambini e ragazzi!"},"content":{"rendered":"<p><span style=\"color: #000000\"><span style=\"color: #800000\"><strong>Dal mese di ottobre<\/strong><\/span> la biblioteca propone un nuovo allestimento interamente dedicato ai <strong><span style=\"color: #800000\">libri per bambini e ragazzi<\/span><\/strong>.<\/span><\/p>\n<p><span style=\"color: #000000\">La nuova collocazione dei testi destinati ai pi\u00f9 giovani \u00e8 stata ideata con un doppio intento: da una parte, permettere agli utenti di trovare pi\u00f9 facilmente i testi, e dall\u2019altra, dare visibilit\u00e0 ai circa 400 volumi gi\u00e0 posseduti dalla biblioteca ma finora collocati insieme ai libri \u201cper grandi\u201d sia nella sala lettura che nei depositi.<\/span><\/p>\n<p><span style=\"color: #000000\">A questo scopo, nello spazio all\u2019ingresso della biblioteca destinato alle mostre bibliografiche e alla lettura dei periodici, \u00e8 stato ricavato un accogliente angolo arredato con una scaffalatura molto bassa interamente dedicata ai testi per i pi\u00f9 giovani.<\/span><\/p>\n<p><span style=\"color: #000000\">La collezione dei libri \u00e8 organizzata in 11 tematiche, secondo un ordine semplice e intuitivo, che spaziano dalle <span style=\"color: #800000\"><strong>Religioni <\/strong><span style=\"color: #000000\">ai <\/span><strong>Personaggi<\/strong><span style=\"color: #000000\">, <\/span><span style=\"color: #000000\">dalla <\/span><strong>Bibbia <\/strong><span style=\"color: #000000\">alla <\/span><strong>Geografia<\/strong>, <span style=\"color: #000000\">dal <\/span><strong>Cristianesimo <\/strong><span style=\"color: #000000\">alla <\/span><strong>Narrativa<\/strong><span style=\"color: #000000\">, passando da<\/span><strong> Conoscere il mondo <\/strong><span style=\"color: #000000\">alle <\/span><strong>Favole dei continenti<\/strong><\/span>.<\/span><\/p>\n<p><span style=\"color: #000000\">In occasione di questa novit\u00e0 \u00e8 stata allestita una <strong><span style=\"color: #800000\">mostra bibliografica<\/span><\/strong> dei testi pi\u00f9 rappresentativi della raccolta di lettura giovanile finora posseduta.<\/span><\/p>\n<p><span style=\"color: #000000\">Tutti i libri esposti sono ammessi al prestito per una durata di un mese.<\/span><\/p>\n<p>&nbsp;<\/p>\n<p><a href=\"https:\/\/www.diocesitn.it\/area-cultura\/wp-content\/uploads\/sites\/38\/2024\/10\/locandina-mostra-libri-bambini-ottobre-2024.pdf\"><img loading=\"lazy\" decoding=\"async\" class=\"size-medium wp-image-14112 alignleft\" src=\"https:\/\/www.diocesitn.it\/area-cultura\/wp-content\/uploads\/sites\/38\/2024\/10\/locandina-mostra-libri-bambini-ottobre-2024-212x300.png\" alt=\"\" width=\"212\" height=\"300\" srcset=\"https:\/\/www.diocesitn.it\/area-cultura\/wp-content\/uploads\/sites\/38\/2024\/10\/locandina-mostra-libri-bambini-ottobre-2024-212x300.png 212w, https:\/\/www.diocesitn.it\/area-cultura\/wp-content\/uploads\/sites\/38\/2024\/10\/locandina-mostra-libri-bambini-ottobre-2024-724x1024.png 724w, https:\/\/www.diocesitn.it\/area-cultura\/wp-content\/uploads\/sites\/38\/2024\/10\/locandina-mostra-libri-bambini-ottobre-2024-768x1086.png 768w, https:\/\/www.diocesitn.it\/area-cultura\/wp-content\/uploads\/sites\/38\/2024\/10\/locandina-mostra-libri-bambini-ottobre-2024-198x280.png 198w, https:\/\/www.diocesitn.it\/area-cultura\/wp-content\/uploads\/sites\/38\/2024\/10\/locandina-mostra-libri-bambini-ottobre-2024-543x768.png 543w, https:\/\/www.diocesitn.it\/area-cultura\/wp-content\/uploads\/sites\/38\/2024\/10\/locandina-mostra-libri-bambini-ottobre-2024-1086x1536.png 1086w, https:\/\/www.diocesitn.it\/area-cultura\/wp-content\/uploads\/sites\/38\/2024\/10\/locandina-mostra-libri-bambini-ottobre-2024-1448x2048.png 1448w, https:\/\/www.diocesitn.it\/area-cultura\/wp-content\/uploads\/sites\/38\/2024\/10\/locandina-mostra-libri-bambini-ottobre-2024-800x1132.png 800w, https:\/\/www.diocesitn.it\/area-cultura\/wp-content\/uploads\/sites\/38\/2024\/10\/locandina-mostra-libri-bambini-ottobre-2024-1200x1698.png 1200w, https:\/\/www.diocesitn.it\/area-cultura\/wp-content\/uploads\/sites\/38\/2024\/10\/locandina-mostra-libri-bambini-ottobre-2024-1320x1867.png 1320w, https:\/\/www.diocesitn.it\/area-cultura\/wp-content\/uploads\/sites\/38\/2024\/10\/locandina-mostra-libri-bambini-ottobre-2024.png 1587w\" sizes=\"auto, (max-width: 212px) 100vw, 212px\" \/><\/a><\/p>\n<p>&nbsp;<\/p>\n<p>&nbsp;<\/p>\n<p>&nbsp;<\/p>\n<p>&nbsp;<\/p>\n<p>&nbsp;<\/p>\n<p>&nbsp;<\/p>\n<p>&nbsp;<\/p>\n<p>&nbsp;<\/p>\n<p><span style=\"color: #ff6600\"><em>Clicca sulla locandina per ingrandirla<\/em><\/span><\/p>\n<p><img loading=\"lazy\" decoding=\"async\" class=\"size-medium wp-image-14118 alignleft\" src=\"https:\/\/www.diocesitn.it\/area-cultura\/wp-content\/uploads\/sites\/38\/2024\/10\/2-300x225.jpg\" alt=\"\" width=\"300\" height=\"225\" srcset=\"https:\/\/www.diocesitn.it\/area-cultura\/wp-content\/uploads\/sites\/38\/2024\/10\/2-300x225.jpg 300w, https:\/\/www.diocesitn.it\/area-cultura\/wp-content\/uploads\/sites\/38\/2024\/10\/2-1024x768.jpg 1024w, https:\/\/www.diocesitn.it\/area-cultura\/wp-content\/uploads\/sites\/38\/2024\/10\/2-768x576.jpg 768w, https:\/\/www.diocesitn.it\/area-cultura\/wp-content\/uploads\/sites\/38\/2024\/10\/2-360x270.jpg 360w, https:\/\/www.diocesitn.it\/area-cultura\/wp-content\/uploads\/sites\/38\/2024\/10\/2-1536x1152.jpg 1536w, https:\/\/www.diocesitn.it\/area-cultura\/wp-content\/uploads\/sites\/38\/2024\/10\/2-2048x1536.jpg 2048w, https:\/\/www.diocesitn.it\/area-cultura\/wp-content\/uploads\/sites\/38\/2024\/10\/2-800x600.jpg 800w, https:\/\/www.diocesitn.it\/area-cultura\/wp-content\/uploads\/sites\/38\/2024\/10\/2-1200x900.jpg 1200w, https:\/\/www.diocesitn.it\/area-cultura\/wp-content\/uploads\/sites\/38\/2024\/10\/2-1320x990.jpg 1320w\" sizes=\"auto, (max-width: 300px) 100vw, 300px\" \/><\/p>\n<p>&nbsp;<\/p>\n<p>&nbsp;<\/p>\n<p>&nbsp;<\/p>\n<p>&nbsp;<\/p>\n<p>&nbsp;<\/p>\n<p>&nbsp;<\/p>\n<p><img loading=\"lazy\" decoding=\"async\" class=\"alignleft wp-image-14117 size-medium\" style=\"color: #000000\" src=\"https:\/\/www.diocesitn.it\/area-cultura\/wp-content\/uploads\/sites\/38\/2024\/10\/1-300x225.jpg\" alt=\"\" width=\"300\" height=\"225\" srcset=\"https:\/\/www.diocesitn.it\/area-cultura\/wp-content\/uploads\/sites\/38\/2024\/10\/1-300x225.jpg 300w, https:\/\/www.diocesitn.it\/area-cultura\/wp-content\/uploads\/sites\/38\/2024\/10\/1-1024x768.jpg 1024w, https:\/\/www.diocesitn.it\/area-cultura\/wp-content\/uploads\/sites\/38\/2024\/10\/1-768x576.jpg 768w, https:\/\/www.diocesitn.it\/area-cultura\/wp-content\/uploads\/sites\/38\/2024\/10\/1-360x270.jpg 360w, https:\/\/www.diocesitn.it\/area-cultura\/wp-content\/uploads\/sites\/38\/2024\/10\/1-1536x1152.jpg 1536w, https:\/\/www.diocesitn.it\/area-cultura\/wp-content\/uploads\/sites\/38\/2024\/10\/1-2048x1536.jpg 2048w, https:\/\/www.diocesitn.it\/area-cultura\/wp-content\/uploads\/sites\/38\/2024\/10\/1-800x600.jpg 800w, https:\/\/www.diocesitn.it\/area-cultura\/wp-content\/uploads\/sites\/38\/2024\/10\/1-1200x900.jpg 1200w, https:\/\/www.diocesitn.it\/area-cultura\/wp-content\/uploads\/sites\/38\/2024\/10\/1-1320x990.jpg 1320w\" sizes=\"auto, (max-width: 300px) 100vw, 300px\" \/><\/p>\n<p>&nbsp;<\/p>\n<p>&nbsp;<\/p>\n<p>&nbsp;<\/p>\n<p>&nbsp;<\/p>\n<p>&nbsp;<\/p>\n<p>&nbsp;<\/p>\n<p><img loading=\"lazy\" decoding=\"async\" class=\"size-medium wp-image-14119 alignleft\" src=\"https:\/\/www.diocesitn.it\/area-cultura\/wp-content\/uploads\/sites\/38\/2024\/10\/3-300x225.jpg\" alt=\"\" width=\"300\" height=\"225\" srcset=\"https:\/\/www.diocesitn.it\/area-cultura\/wp-content\/uploads\/sites\/38\/2024\/10\/3-300x225.jpg 300w, https:\/\/www.diocesitn.it\/area-cultura\/wp-content\/uploads\/sites\/38\/2024\/10\/3-1024x768.jpg 1024w, https:\/\/www.diocesitn.it\/area-cultura\/wp-content\/uploads\/sites\/38\/2024\/10\/3-768x576.jpg 768w, https:\/\/www.diocesitn.it\/area-cultura\/wp-content\/uploads\/sites\/38\/2024\/10\/3-360x270.jpg 360w, https:\/\/www.diocesitn.it\/area-cultura\/wp-content\/uploads\/sites\/38\/2024\/10\/3-1536x1152.jpg 1536w, https:\/\/www.diocesitn.it\/area-cultura\/wp-content\/uploads\/sites\/38\/2024\/10\/3-2048x1536.jpg 2048w, https:\/\/www.diocesitn.it\/area-cultura\/wp-content\/uploads\/sites\/38\/2024\/10\/3-800x600.jpg 800w, https:\/\/www.diocesitn.it\/area-cultura\/wp-content\/uploads\/sites\/38\/2024\/10\/3-1200x900.jpg 1200w, https:\/\/www.diocesitn.it\/area-cultura\/wp-content\/uploads\/sites\/38\/2024\/10\/3-1320x990.jpg 1320w\" sizes=\"auto, (max-width: 300px) 100vw, 300px\" \/><\/p>\n<p>&nbsp;<\/p>\n","protected":false},"excerpt":{"rendered":"<p>Dal mese di ottobre la biblioteca propone un nuovo allestimento interamente dedicato ai libri per bambini e ragazzi. La nuova collocazione dei testi destinati ai pi\u00f9 giovani \u00e8 stata ideata con un doppio intento: da<\/p>\n","protected":false},"author":165,"featured_media":14078,"comment_status":"closed","ping_status":"closed","sticky":false,"template":"","format":"standard","meta":{"footnotes":""},"categories":[632,331,329],"tags":[668,417,669,406,569],"class_list":["post-14069","post","type-post","status-publish","format-standard","has-post-thumbnail","hentry","category-area-cultura","category-servizio-biblioteca","category-notizie","tag-bambini-e-ragazzi","tag-biblioteca-vigilianum","tag-letteratura-giovanile","tag-libri","tag-mostra-bibliografica"],"acf":{"seed-localization-paese-cod":"IT","seed-localization-address":"","seed-localization-citta":"Trento","seed-localization-regione-cod-istat":"04","seed-localization-citta-cod-istat":"022205","seed-localization-localita":"","seed-localization-cap":"","seed-localization-marker-visibility":false,"seed-localization-children-visibility":false,"seed-localization-kml":"","seed-localization-custom-marker":""},"yoast_head":"<!-- This site is optimized with the Yoast SEO Premium plugin v20.2.1 (Yoast SEO v22.2) - https:\/\/yoast.com\/wordpress\/plugins\/seo\/ -->\n<title>Biblioteca: nuovo allestimento dei libri per bambini e ragazzi! - Cultura<\/title>\n<meta name=\"robots\" content=\"index, follow, max-snippet:-1, max-image-preview:large, max-video-preview:-1\" \/>\n<link rel=\"canonical\" href=\"https:\/\/www.diocesitn.it\/area-cultura\/2024\/10\/18\/biblioteca-nuovo-allestimento-dei-libri-per-bambini-e-ragazzi\/\" \/>\n<meta property=\"og:locale\" content=\"it_IT\" \/>\n<meta property=\"og:type\" content=\"article\" \/>\n<meta property=\"og:title\" content=\"Biblioteca: nuovo allestimento dei libri per bambini e ragazzi!\" \/>\n<meta property=\"og:description\" content=\"Dal mese di ottobre la biblioteca propone un nuovo allestimento interamente dedicato ai libri per bambini e ragazzi. La nuova collocazione dei testi destinati ai pi\u00f9 giovani \u00e8 stata ideata con un doppio intento: da\" \/>\n<meta property=\"og:url\" content=\"https:\/\/www.diocesitn.it\/area-cultura\/2024\/10\/18\/biblioteca-nuovo-allestimento-dei-libri-per-bambini-e-ragazzi\/\" \/>\n<meta property=\"og:site_name\" content=\"Cultura\" \/>\n<meta property=\"article:published_time\" content=\"2024-10-18T08:36:53+00:00\" \/>\n<meta property=\"article:modified_time\" content=\"2024-11-08T10:49:38+00:00\" \/>\n<meta property=\"og:image\" content=\"https:\/\/www.diocesitn.it\/area-cultura\/wp-content\/uploads\/sites\/38\/2021\/09\/og-logo-cultura.jpg\" \/>\n\t<meta property=\"og:image:width\" content=\"1200\" \/>\n\t<meta property=\"og:image:height\" content=\"630\" \/>\n\t<meta property=\"og:image:type\" content=\"image\/jpeg\" \/>\n<meta name=\"author\" content=\"ledine\" \/>\n<meta name=\"twitter:card\" content=\"summary_large_image\" \/>\n<meta name=\"twitter:label1\" content=\"Scritto da\" \/>\n\t<meta name=\"twitter:data1\" content=\"ledine\" \/>\n\t<meta name=\"twitter:label2\" content=\"Tempo di lettura stimato\" \/>\n\t<meta name=\"twitter:data2\" content=\"3 minuti\" \/>\n<script type=\"application\/ld+json\" class=\"yoast-schema-graph\">{\"@context\":\"https:\/\/schema.org\",\"@graph\":[{\"@type\":\"Article\",\"@id\":\"https:\/\/www.diocesitn.it\/area-cultura\/2024\/10\/18\/biblioteca-nuovo-allestimento-dei-libri-per-bambini-e-ragazzi\/#article\",\"isPartOf\":{\"@id\":\"https:\/\/www.diocesitn.it\/area-cultura\/2024\/10\/18\/biblioteca-nuovo-allestimento-dei-libri-per-bambini-e-ragazzi\/\"},\"author\":{\"name\":\"ledine\",\"@id\":\"https:\/\/www.diocesitn.it\/area-cultura\/#\/schema\/person\/93b7401db62b6f32d20347e997095e6c\"},\"headline\":\"Biblioteca: nuovo allestimento dei libri per bambini e ragazzi!\",\"datePublished\":\"2024-10-18T08:36:53+00:00\",\"dateModified\":\"2024-11-08T10:49:38+00:00\",\"mainEntityOfPage\":{\"@id\":\"https:\/\/www.diocesitn.it\/area-cultura\/2024\/10\/18\/biblioteca-nuovo-allestimento-dei-libri-per-bambini-e-ragazzi\/\"},\"wordCount\":216,\"publisher\":{\"@id\":\"https:\/\/www.diocesitn.it\/area-cultura\/#organization\"},\"image\":{\"@id\":\"https:\/\/www.diocesitn.it\/area-cultura\/2024\/10\/18\/biblioteca-nuovo-allestimento-dei-libri-per-bambini-e-ragazzi\/#primaryimage\"},\"thumbnailUrl\":\"https:\/\/www.diocesitn.it\/area-cultura\/wp-content\/uploads\/sites\/38\/2024\/10\/per-sito-rit-1-pdf.jpg\",\"keywords\":[\"bambini e ragazzi\",\"biblioteca Vigilianum\",\"letteratura giovanile\",\"libri\",\"mostra bibliografica\"],\"articleSection\":[\"Area Cultura\",\"Biblioteca diocesana Vigilianum\",\"Notizie\"],\"inLanguage\":\"it-IT\",\"copyrightYear\":\"2024\",\"copyrightHolder\":{\"@id\":\"https:\/\/www.diocesitn.it\/#organization\"}},{\"@type\":\"WebPage\",\"@id\":\"https:\/\/www.diocesitn.it\/area-cultura\/2024\/10\/18\/biblioteca-nuovo-allestimento-dei-libri-per-bambini-e-ragazzi\/\",\"url\":\"https:\/\/www.diocesitn.it\/area-cultura\/2024\/10\/18\/biblioteca-nuovo-allestimento-dei-libri-per-bambini-e-ragazzi\/\",\"name\":\"Biblioteca: nuovo allestimento dei libri per bambini e ragazzi! - Cultura\",\"isPartOf\":{\"@id\":\"https:\/\/www.diocesitn.it\/area-cultura\/#website\"},\"primaryImageOfPage\":{\"@id\":\"https:\/\/www.diocesitn.it\/area-cultura\/2024\/10\/18\/biblioteca-nuovo-allestimento-dei-libri-per-bambini-e-ragazzi\/#primaryimage\"},\"image\":{\"@id\":\"https:\/\/www.diocesitn.it\/area-cultura\/2024\/10\/18\/biblioteca-nuovo-allestimento-dei-libri-per-bambini-e-ragazzi\/#primaryimage\"},\"thumbnailUrl\":\"https:\/\/www.diocesitn.it\/area-cultura\/wp-content\/uploads\/sites\/38\/2024\/10\/per-sito-rit-1-pdf.jpg\",\"datePublished\":\"2024-10-18T08:36:53+00:00\",\"dateModified\":\"2024-11-08T10:49:38+00:00\",\"breadcrumb\":{\"@id\":\"https:\/\/www.diocesitn.it\/area-cultura\/2024\/10\/18\/biblioteca-nuovo-allestimento-dei-libri-per-bambini-e-ragazzi\/#breadcrumb\"},\"inLanguage\":\"it-IT\",\"potentialAction\":[{\"@type\":\"ReadAction\",\"target\":[\"https:\/\/www.diocesitn.it\/area-cultura\/2024\/10\/18\/biblioteca-nuovo-allestimento-dei-libri-per-bambini-e-ragazzi\/\"]}]},{\"@type\":\"ImageObject\",\"inLanguage\":\"it-IT\",\"@id\":\"https:\/\/www.diocesitn.it\/area-cultura\/2024\/10\/18\/biblioteca-nuovo-allestimento-dei-libri-per-bambini-e-ragazzi\/#primaryimage\",\"url\":\"https:\/\/www.diocesitn.it\/area-cultura\/wp-content\/uploads\/sites\/38\/2024\/10\/per-sito-rit-1-pdf.jpg\",\"contentUrl\":\"https:\/\/www.diocesitn.it\/area-cultura\/wp-content\/uploads\/sites\/38\/2024\/10\/per-sito-rit-1-pdf.jpg\"},{\"@type\":\"BreadcrumbList\",\"@id\":\"https:\/\/www.diocesitn.it\/area-cultura\/2024\/10\/18\/biblioteca-nuovo-allestimento-dei-libri-per-bambini-e-ragazzi\/#breadcrumb\",\"itemListElement\":[{\"@type\":\"ListItem\",\"position\":1,\"name\":\"Home\",\"item\":\"https:\/\/www.diocesitn.it\/area-cultura\/\"},{\"@type\":\"ListItem\",\"position\":2,\"name\":\"Biblioteca: nuovo allestimento dei libri per bambini e ragazzi!\"}]},{\"@type\":\"WebSite\",\"@id\":\"https:\/\/www.diocesitn.it\/area-cultura\/#website\",\"url\":\"https:\/\/www.diocesitn.it\/area-cultura\/\",\"name\":\"Cultura\",\"description\":\"Chiesa di Trento\",\"publisher\":{\"@id\":\"https:\/\/www.diocesitn.it\/area-cultura\/#organization\"},\"potentialAction\":[{\"@type\":\"SearchAction\",\"target\":{\"@type\":\"EntryPoint\",\"urlTemplate\":\"https:\/\/www.diocesitn.it\/area-cultura\/?s={search_term_string}\"},\"query-input\":\"required name=search_term_string\"}],\"inLanguage\":\"it-IT\"},{\"@type\":[\"Organization\",\"Place\"],\"@id\":\"https:\/\/www.diocesitn.it\/area-cultura\/#organization\",\"name\":\"Area Cultura - Chiesa di Trento\",\"url\":\"https:\/\/www.diocesitn.it\/area-cultura\/\",\"logo\":{\"@id\":\"https:\/\/www.diocesitn.it\/area-cultura\/2024\/10\/18\/biblioteca-nuovo-allestimento-dei-libri-per-bambini-e-ragazzi\/#local-main-organization-logo\"},\"image\":{\"@id\":\"https:\/\/www.diocesitn.it\/area-cultura\/2024\/10\/18\/biblioteca-nuovo-allestimento-dei-libri-per-bambini-e-ragazzi\/#local-main-organization-logo\"},\"sameAs\":[\"https:\/\/www.youtube.com\/channel\/UCfWD2n-N6WTCg2P_UA72H6Q\"],\"openingHoursSpecification\":[{\"@type\":\"OpeningHoursSpecification\",\"dayOfWeek\":[\"Monday\",\"Tuesday\",\"Wednesday\",\"Thursday\",\"Friday\",\"Saturday\",\"Sunday\"],\"opens\":\"09:00\",\"closes\":\"17:00\"}]},{\"@type\":\"ImageObject\",\"inLanguage\":\"it-IT\",\"@id\":\"https:\/\/www.diocesitn.it\/area-cultura\/2024\/10\/18\/biblioteca-nuovo-allestimento-dei-libri-per-bambini-e-ragazzi\/#local-main-organization-logo\",\"url\":\"https:\/\/www.diocesitn.it\/area-cultura\/wp-content\/uploads\/sites\/38\/2021\/09\/og-logo-cultura.jpg\",\"contentUrl\":\"https:\/\/www.diocesitn.it\/area-cultura\/wp-content\/uploads\/sites\/38\/2021\/09\/og-logo-cultura.jpg\",\"width\":1200,\"height\":630,\"caption\":\"Area Cultura - Chiesa di Trento\"}]}<\/script>\n<!-- \/ Yoast SEO Premium plugin. -->","yoast_head_json":{"title":"Biblioteca: nuovo allestimento dei libri per bambini e ragazzi! - Cultura","robots":{"index":"index","follow":"follow","max-snippet":"max-snippet:-1","max-image-preview":"max-image-preview:large","max-video-preview":"max-video-preview:-1"},"canonical":"https:\/\/www.diocesitn.it\/area-cultura\/2024\/10\/18\/biblioteca-nuovo-allestimento-dei-libri-per-bambini-e-ragazzi\/","og_locale":"it_IT","og_type":"article","og_title":"Biblioteca: nuovo allestimento dei libri per bambini e ragazzi!","og_description":"Dal mese di ottobre la biblioteca propone un nuovo allestimento interamente dedicato ai libri per bambini e ragazzi. La nuova collocazione dei testi destinati ai pi\u00f9 giovani \u00e8 stata ideata con un doppio intento: da","og_url":"https:\/\/www.diocesitn.it\/area-cultura\/2024\/10\/18\/biblioteca-nuovo-allestimento-dei-libri-per-bambini-e-ragazzi\/","og_site_name":"Cultura","article_published_time":"2024-10-18T08:36:53+00:00","article_modified_time":"2024-11-08T10:49:38+00:00","og_image":[{"width":1200,"height":630,"url":"https:\/\/www.diocesitn.it\/area-cultura\/wp-content\/uploads\/sites\/38\/2021\/09\/og-logo-cultura.jpg","type":"image\/jpeg"}],"author":"ledine","twitter_card":"summary_large_image","twitter_misc":{"Scritto da":"ledine","Tempo di lettura stimato":"3 minuti"},"schema":{"@context":"https:\/\/schema.org","@graph":[{"@type":"Article","@id":"https:\/\/www.diocesitn.it\/area-cultura\/2024\/10\/18\/biblioteca-nuovo-allestimento-dei-libri-per-bambini-e-ragazzi\/#article","isPartOf":{"@id":"https:\/\/www.diocesitn.it\/area-cultura\/2024\/10\/18\/biblioteca-nuovo-allestimento-dei-libri-per-bambini-e-ragazzi\/"},"author":{"name":"ledine","@id":"https:\/\/www.diocesitn.it\/area-cultura\/#\/schema\/person\/93b7401db62b6f32d20347e997095e6c"},"headline":"Biblioteca: nuovo allestimento dei libri per bambini e ragazzi!","datePublished":"2024-10-18T08:36:53+00:00","dateModified":"2024-11-08T10:49:38+00:00","mainEntityOfPage":{"@id":"https:\/\/www.diocesitn.it\/area-cultura\/2024\/10\/18\/biblioteca-nuovo-allestimento-dei-libri-per-bambini-e-ragazzi\/"},"wordCount":216,"publisher":{"@id":"https:\/\/www.diocesitn.it\/area-cultura\/#organization"},"image":{"@id":"https:\/\/www.diocesitn.it\/area-cultura\/2024\/10\/18\/biblioteca-nuovo-allestimento-dei-libri-per-bambini-e-ragazzi\/#primaryimage"},"thumbnailUrl":"https:\/\/www.diocesitn.it\/area-cultura\/wp-content\/uploads\/sites\/38\/2024\/10\/per-sito-rit-1-pdf.jpg","keywords":["bambini e ragazzi","biblioteca Vigilianum","letteratura giovanile","libri","mostra bibliografica"],"articleSection":["Area Cultura","Biblioteca diocesana Vigilianum","Notizie"],"inLanguage":"it-IT","copyrightYear":"2024","copyrightHolder":{"@id":"https:\/\/www.diocesitn.it\/#organization"}},{"@type":"WebPage","@id":"https:\/\/www.diocesitn.it\/area-cultura\/2024\/10\/18\/biblioteca-nuovo-allestimento-dei-libri-per-bambini-e-ragazzi\/","url":"https:\/\/www.diocesitn.it\/area-cultura\/2024\/10\/18\/biblioteca-nuovo-allestimento-dei-libri-per-bambini-e-ragazzi\/","name":"Biblioteca: nuovo allestimento dei libri per bambini e ragazzi! - Cultura","isPartOf":{"@id":"https:\/\/www.diocesitn.it\/area-cultura\/#website"},"primaryImageOfPage":{"@id":"https:\/\/www.diocesitn.it\/area-cultura\/2024\/10\/18\/biblioteca-nuovo-allestimento-dei-libri-per-bambini-e-ragazzi\/#primaryimage"},"image":{"@id":"https:\/\/www.diocesitn.it\/area-cultura\/2024\/10\/18\/biblioteca-nuovo-allestimento-dei-libri-per-bambini-e-ragazzi\/#primaryimage"},"thumbnailUrl":"https:\/\/www.diocesitn.it\/area-cultura\/wp-content\/uploads\/sites\/38\/2024\/10\/per-sito-rit-1-pdf.jpg","datePublished":"2024-10-18T08:36:53+00:00","dateModified":"2024-11-08T10:49:38+00:00","breadcrumb":{"@id":"https:\/\/www.diocesitn.it\/area-cultura\/2024\/10\/18\/biblioteca-nuovo-allestimento-dei-libri-per-bambini-e-ragazzi\/#breadcrumb"},"inLanguage":"it-IT","potentialAction":[{"@type":"ReadAction","target":["https:\/\/www.diocesitn.it\/area-cultura\/2024\/10\/18\/biblioteca-nuovo-allestimento-dei-libri-per-bambini-e-ragazzi\/"]}]},{"@type":"ImageObject","inLanguage":"it-IT","@id":"https:\/\/www.diocesitn.it\/area-cultura\/2024\/10\/18\/biblioteca-nuovo-allestimento-dei-libri-per-bambini-e-ragazzi\/#primaryimage","url":"https:\/\/www.diocesitn.it\/area-cultura\/wp-content\/uploads\/sites\/38\/2024\/10\/per-sito-rit-1-pdf.jpg","contentUrl":"https:\/\/www.diocesitn.it\/area-cultura\/wp-content\/uploads\/sites\/38\/2024\/10\/per-sito-rit-1-pdf.jpg"},{"@type":"BreadcrumbList","@id":"https:\/\/www.diocesitn.it\/area-cultura\/2024\/10\/18\/biblioteca-nuovo-allestimento-dei-libri-per-bambini-e-ragazzi\/#breadcrumb","itemListElement":[{"@type":"ListItem","position":1,"name":"Home","item":"https:\/\/www.diocesitn.it\/area-cultura\/"},{"@type":"ListItem","position":2,"name":"Biblioteca: nuovo allestimento dei libri per bambini e ragazzi!"}]},{"@type":"WebSite","@id":"https:\/\/www.diocesitn.it\/area-cultura\/#website","url":"https:\/\/www.diocesitn.it\/area-cultura\/","name":"Cultura","description":"Chiesa di Trento","publisher":{"@id":"https:\/\/www.diocesitn.it\/area-cultura\/#organization"},"potentialAction":[{"@type":"SearchAction","target":{"@type":"EntryPoint","urlTemplate":"https:\/\/www.diocesitn.it\/area-cultura\/?s={search_term_string}"},"query-input":"required name=search_term_string"}],"inLanguage":"it-IT"},{"@type":["Organization","Place"],"@id":"https:\/\/www.diocesitn.it\/area-cultura\/#organization","name":"Area Cultura - Chiesa di Trento","url":"https:\/\/www.diocesitn.it\/area-cultura\/","logo":{"@id":"https:\/\/www.diocesitn.it\/area-cultura\/2024\/10\/18\/biblioteca-nuovo-allestimento-dei-libri-per-bambini-e-ragazzi\/#local-main-organization-logo"},"image":{"@id":"https:\/\/www.diocesitn.it\/area-cultura\/2024\/10\/18\/biblioteca-nuovo-allestimento-dei-libri-per-bambini-e-ragazzi\/#local-main-organization-logo"},"sameAs":["https:\/\/www.youtube.com\/channel\/UCfWD2n-N6WTCg2P_UA72H6Q"],"openingHoursSpecification":[{"@type":"OpeningHoursSpecification","dayOfWeek":["Monday","Tuesday","Wednesday","Thursday","Friday","Saturday","Sunday"],"opens":"09:00","closes":"17:00"}]},{"@type":"ImageObject","inLanguage":"it-IT","@id":"https:\/\/www.diocesitn.it\/area-cultura\/2024\/10\/18\/biblioteca-nuovo-allestimento-dei-libri-per-bambini-e-ragazzi\/#local-main-organization-logo","url":"https:\/\/www.diocesitn.it\/area-cultura\/wp-content\/uploads\/sites\/38\/2021\/09\/og-logo-cultura.jpg","contentUrl":"https:\/\/www.diocesitn.it\/area-cultura\/wp-content\/uploads\/sites\/38\/2021\/09\/og-logo-cultura.jpg","width":1200,"height":630,"caption":"Area Cultura - Chiesa di Trento"}]}},"_links":{"self":[{"href":"https:\/\/www.diocesitn.it\/area-cultura\/wp-json\/wp\/v2\/posts\/14069","targetHints":{"allow":["GET"]}}],"collection":[{"href":"https:\/\/www.diocesitn.it\/area-cultura\/wp-json\/wp\/v2\/posts"}],"about":[{"href":"https:\/\/www.diocesitn.it\/area-cultura\/wp-json\/wp\/v2\/types\/post"}],"author":[{"embeddable":true,"href":"https:\/\/www.diocesitn.it\/area-cultura\/wp-json\/wp\/v2\/users\/165"}],"replies":[{"embeddable":true,"href":"https:\/\/www.diocesitn.it\/area-cultura\/wp-json\/wp\/v2\/comments?post=14069"}],"version-history":[{"count":3,"href":"https:\/\/www.diocesitn.it\/area-cultura\/wp-json\/wp\/v2\/posts\/14069\/revisions"}],"predecessor-version":[{"id":14120,"href":"https:\/\/www.diocesitn.it\/area-cultura\/wp-json\/wp\/v2\/posts\/14069\/revisions\/14120"}],"wp:featuredmedia":[{"embeddable":true,"href":"https:\/\/www.diocesitn.it\/area-cultura\/wp-json\/wp\/v2\/media\/14078"}],"wp:attachment":[{"href":"https:\/\/www.diocesitn.it\/area-cultura\/wp-json\/wp\/v2\/media?parent=14069"}],"wp:term":[{"taxonomy":"category","embeddable":true,"href":"https:\/\/www.diocesitn.it\/area-cultura\/wp-json\/wp\/v2\/categories?post=14069"},{"taxonomy":"post_tag","embeddable":true,"href":"https:\/\/www.diocesitn.it\/area-cultura\/wp-json\/wp\/v2\/tags?post=14069"}],"curies":[{"name":"wp","href":"https:\/\/api.w.org\/{rel}","templated":true}]}}