{"id":14046,"date":"2024-10-16T15:09:51","date_gmt":"2024-10-16T13:09:51","guid":{"rendered":"https:\/\/www.diocesitn.it\/area-cultura\/?p=14046"},"modified":"2024-10-28T14:30:16","modified_gmt":"2024-10-28T13:30:16","slug":"a-tu-per-tu-con-lautore-scrivero-al-silenzio-e-poesia-nordamericana-del-xix-secolo","status":"publish","type":"post","link":"https:\/\/www.diocesitn.it\/area-cultura\/2024\/10\/16\/a-tu-per-tu-con-lautore-scrivero-al-silenzio-e-poesia-nordamericana-del-xix-secolo\/","title":{"rendered":"A tu per tu con l&#8217;autore: &#8220;Scriver\u00f2 al silenzio&#8221; e &#8220;Poesia nordamericana del XIX secolo&#8221;"},"content":{"rendered":"<p>&nbsp;<\/p>\n<p><span style=\"color: #000000\">Secondo appuntamento per l\u2019anno accademico 2024\/2025 con la rubrica online <em>A tu per tu con l\u2019Autore<\/em>, organizzata dalla biblioteca in collaborazione con l\u2019ISSR Romano Guardini.<\/span><\/p>\n<p><span style=\"color: #000000\">Una puntata originale e diversa dal solito in cui due studenti dell\u2019ISSR, appassionati e attivi nel campo poetico e letterario, presentano le loro opere su queste tematiche.<\/span><\/p>\n<p><span style=\"color: #000000\"><strong>Francesco Benedetti<\/strong> presenta <em>Scriver\u00f2 al silenzio<\/em>, opera poetica dedicata all\u2019itinerario del silenzio, edita da IVVI a maggio 2024.<\/span><\/p>\n<p><span style=\"color: #000000\"><strong>Marco Dalbagno<\/strong> presenta <em>Poesia nordamericana del XIX secolo<\/em>, opera dedicata alle personalit\u00e0 filosofiche e poetiche di Henry David Thoreau, Ralph Waldo Emerson, Emily Dickinson e Walt Whitmann, edita da Progetto cultura a maggio 2024.<\/span><\/p>\n<p><span style=\"color: #000000\">A dialogare con Francesco Benedetti e Marco Dalbagno sar\u00e0 la <strong>prof.ssa Lucia Rodler<\/strong>, Professore Associato di Letteratura italiana presso il Dipartimento di Psicologia e Scienze Cognitive dell\u2019Universit\u00e0 degli Studi di Trento.<\/span><\/p>\n<p><span style=\"color: #000000\">Modera l\u2019incontro il <strong>prof. don Stefano Zeni<\/strong>, direttore dell\u2019ISSR \u201cRomano Guardini\u201d.\u00a0<\/span><\/p>\n<p><span style=\"color: #000000\">I volumi presentati sono disponibili per il prestito e la consultazione presso la biblioteca.<\/span><\/p>\n<p>&nbsp;<\/p>\n<p><span style=\"color: #000000\"><a href=\"https:\/\/www.diocesitn.it\/area-cultura\/wp-content\/uploads\/sites\/38\/2024\/10\/Locandina.jpg\"><img loading=\"lazy\" decoding=\"async\" class=\"size-medium wp-image-14053 alignleft\" src=\"https:\/\/www.diocesitn.it\/area-cultura\/wp-content\/uploads\/sites\/38\/2024\/10\/Locandina-212x300.jpg\" alt=\"\" width=\"212\" height=\"300\" srcset=\"https:\/\/www.diocesitn.it\/area-cultura\/wp-content\/uploads\/sites\/38\/2024\/10\/Locandina-212x300.jpg 212w, https:\/\/www.diocesitn.it\/area-cultura\/wp-content\/uploads\/sites\/38\/2024\/10\/Locandina-724x1024.jpg 724w, https:\/\/www.diocesitn.it\/area-cultura\/wp-content\/uploads\/sites\/38\/2024\/10\/Locandina-768x1086.jpg 768w, https:\/\/www.diocesitn.it\/area-cultura\/wp-content\/uploads\/sites\/38\/2024\/10\/Locandina-198x280.jpg 198w, https:\/\/www.diocesitn.it\/area-cultura\/wp-content\/uploads\/sites\/38\/2024\/10\/Locandina-543x768.jpg 543w, https:\/\/www.diocesitn.it\/area-cultura\/wp-content\/uploads\/sites\/38\/2024\/10\/Locandina-1086x1536.jpg 1086w, https:\/\/www.diocesitn.it\/area-cultura\/wp-content\/uploads\/sites\/38\/2024\/10\/Locandina-800x1132.jpg 800w, https:\/\/www.diocesitn.it\/area-cultura\/wp-content\/uploads\/sites\/38\/2024\/10\/Locandina-1200x1697.jpg 1200w, https:\/\/www.diocesitn.it\/area-cultura\/wp-content\/uploads\/sites\/38\/2024\/10\/Locandina-1320x1867.jpg 1320w, https:\/\/www.diocesitn.it\/area-cultura\/wp-content\/uploads\/sites\/38\/2024\/10\/Locandina.jpg 1414w\" sizes=\"auto, (max-width: 212px) 100vw, 212px\" \/><\/a>L\u2019incontro si terr\u00e0\u00a0<strong>gioved\u00ec 24 ottobre alle ore 18.30 e si svolger\u00e0 in modalit\u00e0 on-line<\/strong> attraverso la piattaforma Zoom. <\/span><\/p>\n<p><span style=\"color: #000000\">Per partecipare cliccare sul link<\/span>\u00a0<a href=\"https:\/\/us06web.zoom.us\/j\/83406407882\">https:\/\/us06web.zoom.us\/j\/83406407882<\/a><\/p>\n<p><span style=\"color: #000000\">ID riunione: 834 0640 7882<\/span><\/p>\n<p><span style=\"color: #000000\">Passcode: bib2024<\/span><\/p>\n<p><span style=\"color: #000000\">L\u2019incontro sar\u00e0 registrato e postato sul canale YouTube della Diocesi<\/span><\/p>\n<p>&nbsp;<\/p>\n<p>&nbsp;<\/p>\n","protected":false},"excerpt":{"rendered":"<p>&nbsp; Secondo appuntamento per l\u2019anno accademico 2024\/2025 con la rubrica online A tu per tu con l\u2019Autore, organizzata dalla biblioteca in collaborazione con l\u2019ISSR Romano Guardini. Una puntata originale e diversa dal solito in cui<\/p>\n","protected":false},"author":165,"featured_media":14063,"comment_status":"closed","ping_status":"closed","sticky":false,"template":"","format":"standard","meta":{"footnotes":""},"categories":[331,343,508,329],"tags":[666,667,493],"class_list":["post-14046","post","type-post","status-publish","format-standard","has-post-thumbnail","hentry","category-servizio-biblioteca","category-servizio-cultura","category-issr-romano-guardini","category-notizie","tag-francesco-benedetti","tag-marco-dalbagno","tag-presentazione-libro"],"acf":{"seed-localization-paese-cod":"IT","seed-localization-address":"","seed-localization-citta":"Trento","seed-localization-regione-cod-istat":"04","seed-localization-citta-cod-istat":"022205","seed-localization-localita":"","seed-localization-cap":"","seed-localization-marker-visibility":false,"seed-localization-children-visibility":false,"seed-localization-kml":"","seed-localization-custom-marker":""},"yoast_head":"<!-- This site is optimized with the Yoast SEO Premium plugin v20.2.1 (Yoast SEO v22.2) - https:\/\/yoast.com\/wordpress\/plugins\/seo\/ -->\n<title>A tu per tu con l&#039;autore: &quot;Scriver\u00f2 al silenzio&quot; e &quot;Poesia nordamericana del XIX secolo&quot; - Cultura<\/title>\n<meta name=\"robots\" content=\"index, follow, max-snippet:-1, max-image-preview:large, max-video-preview:-1\" \/>\n<link rel=\"canonical\" href=\"https:\/\/www.diocesitn.it\/area-cultura\/2024\/10\/16\/a-tu-per-tu-con-lautore-scrivero-al-silenzio-e-poesia-nordamericana-del-xix-secolo\/\" \/>\n<meta property=\"og:locale\" content=\"it_IT\" \/>\n<meta property=\"og:type\" content=\"article\" \/>\n<meta property=\"og:title\" content=\"A tu per tu con l&#039;autore: &quot;Scriver\u00f2 al silenzio&quot; e &quot;Poesia nordamericana del XIX secolo&quot;\" \/>\n<meta property=\"og:description\" content=\"&nbsp; Secondo appuntamento per l\u2019anno accademico 2024\/2025 con la rubrica online A tu per tu con l\u2019Autore, organizzata dalla biblioteca in collaborazione con l\u2019ISSR Romano Guardini. Una puntata originale e diversa dal solito in cui\" \/>\n<meta property=\"og:url\" content=\"https:\/\/www.diocesitn.it\/area-cultura\/2024\/10\/16\/a-tu-per-tu-con-lautore-scrivero-al-silenzio-e-poesia-nordamericana-del-xix-secolo\/\" \/>\n<meta property=\"og:site_name\" content=\"Cultura\" \/>\n<meta property=\"article:published_time\" content=\"2024-10-16T13:09:51+00:00\" \/>\n<meta property=\"article:modified_time\" content=\"2024-10-28T13:30:16+00:00\" \/>\n<meta property=\"og:image\" content=\"https:\/\/www.diocesitn.it\/area-cultura\/wp-content\/uploads\/sites\/38\/2021\/09\/og-logo-cultura.jpg\" \/>\n\t<meta property=\"og:image:width\" content=\"1200\" \/>\n\t<meta property=\"og:image:height\" content=\"630\" \/>\n\t<meta property=\"og:image:type\" content=\"image\/jpeg\" \/>\n<meta name=\"author\" content=\"ledine\" \/>\n<meta name=\"twitter:card\" content=\"summary_large_image\" \/>\n<meta name=\"twitter:label1\" content=\"Scritto da\" \/>\n\t<meta name=\"twitter:data1\" content=\"ledine\" \/>\n\t<meta name=\"twitter:label2\" content=\"Tempo di lettura stimato\" \/>\n\t<meta name=\"twitter:data2\" content=\"2 minuti\" \/>\n<script type=\"application\/ld+json\" class=\"yoast-schema-graph\">{\"@context\":\"https:\/\/schema.org\",\"@graph\":[{\"@type\":\"Article\",\"@id\":\"https:\/\/www.diocesitn.it\/area-cultura\/2024\/10\/16\/a-tu-per-tu-con-lautore-scrivero-al-silenzio-e-poesia-nordamericana-del-xix-secolo\/#article\",\"isPartOf\":{\"@id\":\"https:\/\/www.diocesitn.it\/area-cultura\/2024\/10\/16\/a-tu-per-tu-con-lautore-scrivero-al-silenzio-e-poesia-nordamericana-del-xix-secolo\/\"},\"author\":{\"name\":\"ledine\",\"@id\":\"https:\/\/www.diocesitn.it\/area-cultura\/#\/schema\/person\/93b7401db62b6f32d20347e997095e6c\"},\"headline\":\"A tu per tu con l&#8217;autore: &#8220;Scriver\u00f2 al silenzio&#8221; e &#8220;Poesia nordamericana del XIX secolo&#8221;\",\"datePublished\":\"2024-10-16T13:09:51+00:00\",\"dateModified\":\"2024-10-28T13:30:16+00:00\",\"mainEntityOfPage\":{\"@id\":\"https:\/\/www.diocesitn.it\/area-cultura\/2024\/10\/16\/a-tu-per-tu-con-lautore-scrivero-al-silenzio-e-poesia-nordamericana-del-xix-secolo\/\"},\"wordCount\":229,\"publisher\":{\"@id\":\"https:\/\/www.diocesitn.it\/area-cultura\/#organization\"},\"image\":{\"@id\":\"https:\/\/www.diocesitn.it\/area-cultura\/2024\/10\/16\/a-tu-per-tu-con-lautore-scrivero-al-silenzio-e-poesia-nordamericana-del-xix-secolo\/#primaryimage\"},\"thumbnailUrl\":\"https:\/\/www.diocesitn.it\/area-cultura\/wp-content\/uploads\/sites\/38\/2024\/10\/immagine-per-banner-1-pdf.jpg\",\"keywords\":[\"Francesco Benedetti\",\"Marco Dalbagno\",\"presentazione libro\"],\"articleSection\":[\"Biblioteca diocesana Vigilianum\",\"Cultura\",\"ISSR Romano Guardini\",\"Notizie\"],\"inLanguage\":\"it-IT\",\"copyrightYear\":\"2024\",\"copyrightHolder\":{\"@id\":\"https:\/\/www.diocesitn.it\/#organization\"}},{\"@type\":\"WebPage\",\"@id\":\"https:\/\/www.diocesitn.it\/area-cultura\/2024\/10\/16\/a-tu-per-tu-con-lautore-scrivero-al-silenzio-e-poesia-nordamericana-del-xix-secolo\/\",\"url\":\"https:\/\/www.diocesitn.it\/area-cultura\/2024\/10\/16\/a-tu-per-tu-con-lautore-scrivero-al-silenzio-e-poesia-nordamericana-del-xix-secolo\/\",\"name\":\"A tu per tu con l'autore: \\\"Scriver\u00f2 al silenzio\\\" e \\\"Poesia nordamericana del XIX secolo\\\" - Cultura\",\"isPartOf\":{\"@id\":\"https:\/\/www.diocesitn.it\/area-cultura\/#website\"},\"primaryImageOfPage\":{\"@id\":\"https:\/\/www.diocesitn.it\/area-cultura\/2024\/10\/16\/a-tu-per-tu-con-lautore-scrivero-al-silenzio-e-poesia-nordamericana-del-xix-secolo\/#primaryimage\"},\"image\":{\"@id\":\"https:\/\/www.diocesitn.it\/area-cultura\/2024\/10\/16\/a-tu-per-tu-con-lautore-scrivero-al-silenzio-e-poesia-nordamericana-del-xix-secolo\/#primaryimage\"},\"thumbnailUrl\":\"https:\/\/www.diocesitn.it\/area-cultura\/wp-content\/uploads\/sites\/38\/2024\/10\/immagine-per-banner-1-pdf.jpg\",\"datePublished\":\"2024-10-16T13:09:51+00:00\",\"dateModified\":\"2024-10-28T13:30:16+00:00\",\"breadcrumb\":{\"@id\":\"https:\/\/www.diocesitn.it\/area-cultura\/2024\/10\/16\/a-tu-per-tu-con-lautore-scrivero-al-silenzio-e-poesia-nordamericana-del-xix-secolo\/#breadcrumb\"},\"inLanguage\":\"it-IT\",\"potentialAction\":[{\"@type\":\"ReadAction\",\"target\":[\"https:\/\/www.diocesitn.it\/area-cultura\/2024\/10\/16\/a-tu-per-tu-con-lautore-scrivero-al-silenzio-e-poesia-nordamericana-del-xix-secolo\/\"]}]},{\"@type\":\"ImageObject\",\"inLanguage\":\"it-IT\",\"@id\":\"https:\/\/www.diocesitn.it\/area-cultura\/2024\/10\/16\/a-tu-per-tu-con-lautore-scrivero-al-silenzio-e-poesia-nordamericana-del-xix-secolo\/#primaryimage\",\"url\":\"https:\/\/www.diocesitn.it\/area-cultura\/wp-content\/uploads\/sites\/38\/2024\/10\/immagine-per-banner-1-pdf.jpg\",\"contentUrl\":\"https:\/\/www.diocesitn.it\/area-cultura\/wp-content\/uploads\/sites\/38\/2024\/10\/immagine-per-banner-1-pdf.jpg\"},{\"@type\":\"BreadcrumbList\",\"@id\":\"https:\/\/www.diocesitn.it\/area-cultura\/2024\/10\/16\/a-tu-per-tu-con-lautore-scrivero-al-silenzio-e-poesia-nordamericana-del-xix-secolo\/#breadcrumb\",\"itemListElement\":[{\"@type\":\"ListItem\",\"position\":1,\"name\":\"Home\",\"item\":\"https:\/\/www.diocesitn.it\/area-cultura\/\"},{\"@type\":\"ListItem\",\"position\":2,\"name\":\"A tu per tu con l&#8217;autore: &#8220;Scriver\u00f2 al silenzio&#8221; e &#8220;Poesia nordamericana del XIX secolo&#8221;\"}]},{\"@type\":\"WebSite\",\"@id\":\"https:\/\/www.diocesitn.it\/area-cultura\/#website\",\"url\":\"https:\/\/www.diocesitn.it\/area-cultura\/\",\"name\":\"Cultura\",\"description\":\"Chiesa di Trento\",\"publisher\":{\"@id\":\"https:\/\/www.diocesitn.it\/area-cultura\/#organization\"},\"potentialAction\":[{\"@type\":\"SearchAction\",\"target\":{\"@type\":\"EntryPoint\",\"urlTemplate\":\"https:\/\/www.diocesitn.it\/area-cultura\/?s={search_term_string}\"},\"query-input\":\"required name=search_term_string\"}],\"inLanguage\":\"it-IT\"},{\"@type\":[\"Organization\",\"Place\"],\"@id\":\"https:\/\/www.diocesitn.it\/area-cultura\/#organization\",\"name\":\"Area Cultura - Chiesa di Trento\",\"url\":\"https:\/\/www.diocesitn.it\/area-cultura\/\",\"logo\":{\"@id\":\"https:\/\/www.diocesitn.it\/area-cultura\/2024\/10\/16\/a-tu-per-tu-con-lautore-scrivero-al-silenzio-e-poesia-nordamericana-del-xix-secolo\/#local-main-organization-logo\"},\"image\":{\"@id\":\"https:\/\/www.diocesitn.it\/area-cultura\/2024\/10\/16\/a-tu-per-tu-con-lautore-scrivero-al-silenzio-e-poesia-nordamericana-del-xix-secolo\/#local-main-organization-logo\"},\"sameAs\":[\"https:\/\/www.youtube.com\/channel\/UCfWD2n-N6WTCg2P_UA72H6Q\"],\"openingHoursSpecification\":[{\"@type\":\"OpeningHoursSpecification\",\"dayOfWeek\":[\"Monday\",\"Tuesday\",\"Wednesday\",\"Thursday\",\"Friday\",\"Saturday\",\"Sunday\"],\"opens\":\"09:00\",\"closes\":\"17:00\"}]},{\"@type\":\"ImageObject\",\"inLanguage\":\"it-IT\",\"@id\":\"https:\/\/www.diocesitn.it\/area-cultura\/2024\/10\/16\/a-tu-per-tu-con-lautore-scrivero-al-silenzio-e-poesia-nordamericana-del-xix-secolo\/#local-main-organization-logo\",\"url\":\"https:\/\/www.diocesitn.it\/area-cultura\/wp-content\/uploads\/sites\/38\/2021\/09\/og-logo-cultura.jpg\",\"contentUrl\":\"https:\/\/www.diocesitn.it\/area-cultura\/wp-content\/uploads\/sites\/38\/2021\/09\/og-logo-cultura.jpg\",\"width\":1200,\"height\":630,\"caption\":\"Area Cultura - Chiesa di Trento\"}]}<\/script>\n<!-- \/ Yoast SEO Premium plugin. -->","yoast_head_json":{"title":"A tu per tu con l'autore: \"Scriver\u00f2 al silenzio\" e \"Poesia nordamericana del XIX secolo\" - Cultura","robots":{"index":"index","follow":"follow","max-snippet":"max-snippet:-1","max-image-preview":"max-image-preview:large","max-video-preview":"max-video-preview:-1"},"canonical":"https:\/\/www.diocesitn.it\/area-cultura\/2024\/10\/16\/a-tu-per-tu-con-lautore-scrivero-al-silenzio-e-poesia-nordamericana-del-xix-secolo\/","og_locale":"it_IT","og_type":"article","og_title":"A tu per tu con l'autore: \"Scriver\u00f2 al silenzio\" e \"Poesia nordamericana del XIX secolo\"","og_description":"&nbsp; Secondo appuntamento per l\u2019anno accademico 2024\/2025 con la rubrica online A tu per tu con l\u2019Autore, organizzata dalla biblioteca in collaborazione con l\u2019ISSR Romano Guardini. Una puntata originale e diversa dal solito in cui","og_url":"https:\/\/www.diocesitn.it\/area-cultura\/2024\/10\/16\/a-tu-per-tu-con-lautore-scrivero-al-silenzio-e-poesia-nordamericana-del-xix-secolo\/","og_site_name":"Cultura","article_published_time":"2024-10-16T13:09:51+00:00","article_modified_time":"2024-10-28T13:30:16+00:00","og_image":[{"width":1200,"height":630,"url":"https:\/\/www.diocesitn.it\/area-cultura\/wp-content\/uploads\/sites\/38\/2021\/09\/og-logo-cultura.jpg","type":"image\/jpeg"}],"author":"ledine","twitter_card":"summary_large_image","twitter_misc":{"Scritto da":"ledine","Tempo di lettura stimato":"2 minuti"},"schema":{"@context":"https:\/\/schema.org","@graph":[{"@type":"Article","@id":"https:\/\/www.diocesitn.it\/area-cultura\/2024\/10\/16\/a-tu-per-tu-con-lautore-scrivero-al-silenzio-e-poesia-nordamericana-del-xix-secolo\/#article","isPartOf":{"@id":"https:\/\/www.diocesitn.it\/area-cultura\/2024\/10\/16\/a-tu-per-tu-con-lautore-scrivero-al-silenzio-e-poesia-nordamericana-del-xix-secolo\/"},"author":{"name":"ledine","@id":"https:\/\/www.diocesitn.it\/area-cultura\/#\/schema\/person\/93b7401db62b6f32d20347e997095e6c"},"headline":"A tu per tu con l&#8217;autore: &#8220;Scriver\u00f2 al silenzio&#8221; e &#8220;Poesia nordamericana del XIX secolo&#8221;","datePublished":"2024-10-16T13:09:51+00:00","dateModified":"2024-10-28T13:30:16+00:00","mainEntityOfPage":{"@id":"https:\/\/www.diocesitn.it\/area-cultura\/2024\/10\/16\/a-tu-per-tu-con-lautore-scrivero-al-silenzio-e-poesia-nordamericana-del-xix-secolo\/"},"wordCount":229,"publisher":{"@id":"https:\/\/www.diocesitn.it\/area-cultura\/#organization"},"image":{"@id":"https:\/\/www.diocesitn.it\/area-cultura\/2024\/10\/16\/a-tu-per-tu-con-lautore-scrivero-al-silenzio-e-poesia-nordamericana-del-xix-secolo\/#primaryimage"},"thumbnailUrl":"https:\/\/www.diocesitn.it\/area-cultura\/wp-content\/uploads\/sites\/38\/2024\/10\/immagine-per-banner-1-pdf.jpg","keywords":["Francesco Benedetti","Marco Dalbagno","presentazione libro"],"articleSection":["Biblioteca diocesana Vigilianum","Cultura","ISSR Romano Guardini","Notizie"],"inLanguage":"it-IT","copyrightYear":"2024","copyrightHolder":{"@id":"https:\/\/www.diocesitn.it\/#organization"}},{"@type":"WebPage","@id":"https:\/\/www.diocesitn.it\/area-cultura\/2024\/10\/16\/a-tu-per-tu-con-lautore-scrivero-al-silenzio-e-poesia-nordamericana-del-xix-secolo\/","url":"https:\/\/www.diocesitn.it\/area-cultura\/2024\/10\/16\/a-tu-per-tu-con-lautore-scrivero-al-silenzio-e-poesia-nordamericana-del-xix-secolo\/","name":"A tu per tu con l'autore: \"Scriver\u00f2 al silenzio\" e \"Poesia nordamericana del XIX secolo\" - Cultura","isPartOf":{"@id":"https:\/\/www.diocesitn.it\/area-cultura\/#website"},"primaryImageOfPage":{"@id":"https:\/\/www.diocesitn.it\/area-cultura\/2024\/10\/16\/a-tu-per-tu-con-lautore-scrivero-al-silenzio-e-poesia-nordamericana-del-xix-secolo\/#primaryimage"},"image":{"@id":"https:\/\/www.diocesitn.it\/area-cultura\/2024\/10\/16\/a-tu-per-tu-con-lautore-scrivero-al-silenzio-e-poesia-nordamericana-del-xix-secolo\/#primaryimage"},"thumbnailUrl":"https:\/\/www.diocesitn.it\/area-cultura\/wp-content\/uploads\/sites\/38\/2024\/10\/immagine-per-banner-1-pdf.jpg","datePublished":"2024-10-16T13:09:51+00:00","dateModified":"2024-10-28T13:30:16+00:00","breadcrumb":{"@id":"https:\/\/www.diocesitn.it\/area-cultura\/2024\/10\/16\/a-tu-per-tu-con-lautore-scrivero-al-silenzio-e-poesia-nordamericana-del-xix-secolo\/#breadcrumb"},"inLanguage":"it-IT","potentialAction":[{"@type":"ReadAction","target":["https:\/\/www.diocesitn.it\/area-cultura\/2024\/10\/16\/a-tu-per-tu-con-lautore-scrivero-al-silenzio-e-poesia-nordamericana-del-xix-secolo\/"]}]},{"@type":"ImageObject","inLanguage":"it-IT","@id":"https:\/\/www.diocesitn.it\/area-cultura\/2024\/10\/16\/a-tu-per-tu-con-lautore-scrivero-al-silenzio-e-poesia-nordamericana-del-xix-secolo\/#primaryimage","url":"https:\/\/www.diocesitn.it\/area-cultura\/wp-content\/uploads\/sites\/38\/2024\/10\/immagine-per-banner-1-pdf.jpg","contentUrl":"https:\/\/www.diocesitn.it\/area-cultura\/wp-content\/uploads\/sites\/38\/2024\/10\/immagine-per-banner-1-pdf.jpg"},{"@type":"BreadcrumbList","@id":"https:\/\/www.diocesitn.it\/area-cultura\/2024\/10\/16\/a-tu-per-tu-con-lautore-scrivero-al-silenzio-e-poesia-nordamericana-del-xix-secolo\/#breadcrumb","itemListElement":[{"@type":"ListItem","position":1,"name":"Home","item":"https:\/\/www.diocesitn.it\/area-cultura\/"},{"@type":"ListItem","position":2,"name":"A tu per tu con l&#8217;autore: &#8220;Scriver\u00f2 al silenzio&#8221; e &#8220;Poesia nordamericana del XIX secolo&#8221;"}]},{"@type":"WebSite","@id":"https:\/\/www.diocesitn.it\/area-cultura\/#website","url":"https:\/\/www.diocesitn.it\/area-cultura\/","name":"Cultura","description":"Chiesa di Trento","publisher":{"@id":"https:\/\/www.diocesitn.it\/area-cultura\/#organization"},"potentialAction":[{"@type":"SearchAction","target":{"@type":"EntryPoint","urlTemplate":"https:\/\/www.diocesitn.it\/area-cultura\/?s={search_term_string}"},"query-input":"required name=search_term_string"}],"inLanguage":"it-IT"},{"@type":["Organization","Place"],"@id":"https:\/\/www.diocesitn.it\/area-cultura\/#organization","name":"Area Cultura - Chiesa di Trento","url":"https:\/\/www.diocesitn.it\/area-cultura\/","logo":{"@id":"https:\/\/www.diocesitn.it\/area-cultura\/2024\/10\/16\/a-tu-per-tu-con-lautore-scrivero-al-silenzio-e-poesia-nordamericana-del-xix-secolo\/#local-main-organization-logo"},"image":{"@id":"https:\/\/www.diocesitn.it\/area-cultura\/2024\/10\/16\/a-tu-per-tu-con-lautore-scrivero-al-silenzio-e-poesia-nordamericana-del-xix-secolo\/#local-main-organization-logo"},"sameAs":["https:\/\/www.youtube.com\/channel\/UCfWD2n-N6WTCg2P_UA72H6Q"],"openingHoursSpecification":[{"@type":"OpeningHoursSpecification","dayOfWeek":["Monday","Tuesday","Wednesday","Thursday","Friday","Saturday","Sunday"],"opens":"09:00","closes":"17:00"}]},{"@type":"ImageObject","inLanguage":"it-IT","@id":"https:\/\/www.diocesitn.it\/area-cultura\/2024\/10\/16\/a-tu-per-tu-con-lautore-scrivero-al-silenzio-e-poesia-nordamericana-del-xix-secolo\/#local-main-organization-logo","url":"https:\/\/www.diocesitn.it\/area-cultura\/wp-content\/uploads\/sites\/38\/2021\/09\/og-logo-cultura.jpg","contentUrl":"https:\/\/www.diocesitn.it\/area-cultura\/wp-content\/uploads\/sites\/38\/2021\/09\/og-logo-cultura.jpg","width":1200,"height":630,"caption":"Area Cultura - Chiesa di Trento"}]}},"_links":{"self":[{"href":"https:\/\/www.diocesitn.it\/area-cultura\/wp-json\/wp\/v2\/posts\/14046","targetHints":{"allow":["GET"]}}],"collection":[{"href":"https:\/\/www.diocesitn.it\/area-cultura\/wp-json\/wp\/v2\/posts"}],"about":[{"href":"https:\/\/www.diocesitn.it\/area-cultura\/wp-json\/wp\/v2\/types\/post"}],"author":[{"embeddable":true,"href":"https:\/\/www.diocesitn.it\/area-cultura\/wp-json\/wp\/v2\/users\/165"}],"replies":[{"embeddable":true,"href":"https:\/\/www.diocesitn.it\/area-cultura\/wp-json\/wp\/v2\/comments?post=14046"}],"version-history":[{"count":3,"href":"https:\/\/www.diocesitn.it\/area-cultura\/wp-json\/wp\/v2\/posts\/14046\/revisions"}],"predecessor-version":[{"id":14067,"href":"https:\/\/www.diocesitn.it\/area-cultura\/wp-json\/wp\/v2\/posts\/14046\/revisions\/14067"}],"wp:featuredmedia":[{"embeddable":true,"href":"https:\/\/www.diocesitn.it\/area-cultura\/wp-json\/wp\/v2\/media\/14063"}],"wp:attachment":[{"href":"https:\/\/www.diocesitn.it\/area-cultura\/wp-json\/wp\/v2\/media?parent=14046"}],"wp:term":[{"taxonomy":"category","embeddable":true,"href":"https:\/\/www.diocesitn.it\/area-cultura\/wp-json\/wp\/v2\/categories?post=14046"},{"taxonomy":"post_tag","embeddable":true,"href":"https:\/\/www.diocesitn.it\/area-cultura\/wp-json\/wp\/v2\/tags?post=14046"}],"curies":[{"name":"wp","href":"https:\/\/api.w.org\/{rel}","templated":true}]}}