{"id":13993,"date":"2024-10-08T09:38:11","date_gmt":"2024-10-08T07:38:11","guid":{"rendered":"https:\/\/www.diocesitn.it\/area-cultura\/?p=13993"},"modified":"2024-10-29T13:40:41","modified_gmt":"2024-10-29T12:40:41","slug":"carpe-librum-di-ottobre-il-silenzio-e-lascolto","status":"publish","type":"post","link":"https:\/\/www.diocesitn.it\/area-cultura\/2024\/10\/08\/carpe-librum-di-ottobre-il-silenzio-e-lascolto\/","title":{"rendered":"Carpe librum di ottobre: Il silenzio e l&#8217;ascolto"},"content":{"rendered":"<p><span style=\"color: #000000\">Per il mese di Ottobre la biblioteca ha scelto tre libri sul tema <em>Il silenzio e l&#8217;ascolto. <\/em><\/span><span style=\"color: #000000\">In una realt\u00e0 divorata dal rumore, il silenzio rimane possibilit\u00e0 di ascolto, di riconoscimento del s\u00e9 e dell&#8217;altruit\u00e0, ma anche di relazione sincera con Dio.<\/span><\/p>\n<p><span style=\"color: #000000\">Con questa puntata di Carpe Librum Elisa Volpato conclude il suo periodo di Servizio civile presso la biblioteca.<\/span><\/p>\n<div class=\"entry-top-categories\"><span style=\"color: #000000\">Clicca\u00a0<\/span><strong><a href=\"https:\/\/www.youtube.com\/watch?v=1mrZ2zwQ8bM&amp;list=PLSKv8OU5QbHxNIOO5wcn6-4BeY9jQ9Ctp&amp;index=31\">QUI\u00a0<\/a><\/strong><span style=\"color: #000000\">per vedere il video di ottobre 2024.<\/span><\/div>\n<div><\/div>\n<div class=\"entry-top-categories\"><span style=\"color: #000000\">Cliccando<\/span>\u00a0<strong><a href=\"https:\/\/www.youtube.com\/playlist?list=PLSKv8OU5QbHxNIOO5wcn6-4BeY9jQ9Ctp\">QUI<\/a>\u00a0<\/strong><span style=\"color: #000000\">puoi visionare i precedenti video della rubrica Carpe Librum pubblicati sul canale Youtube.<\/span><\/div>\n<div class=\"entry-top-categories\"><span style=\"color: #000000\">Buona visione!<\/span><\/div>\n<div><\/div>\n<ul>\n<li class=\"entry-top-categories\"><span style=\"color: #000000\">Tutti i libri proposti nei video sono disponibili al prestito presso la biblioteca Vigilianum.<\/span><\/li>\n<li class=\"entry-top-categories\"><span style=\"color: #000000\">Per conoscere le\u00a0<em>novit\u00e0 librarie in biblioteca<\/em>\u00a0consulta la pagina aggiornata ogni mese, la trovi\u00a0<\/span><strong><a href=\"https:\/\/www.diocesitn.it\/area-cultura\/novita-librarie\/\">QUI<\/a><\/strong>.<\/li>\n<li class=\"entry-top-categories\"><span style=\"color: #000000\">Con\u00a0<\/span><strong><a href=\"https:\/\/strutture-provincia.primo.exlibrisgroup.com\/discovery\/search?vid=39SBT_INST:39SBT_VU1&amp;lang=it\">Primo<\/a><\/strong>\u00a0<span style=\"color: #000000\">puoi consultare il Catalogo Bibliografico Trentino (CBT).<\/span><\/li>\n<\/ul>\n","protected":false},"excerpt":{"rendered":"<p>Per il mese di Ottobre la biblioteca ha scelto tre libri sul tema Il silenzio e l&#8217;ascolto. In una realt\u00e0 divorata dal rumore, il silenzio rimane possibilit\u00e0 di ascolto, di riconoscimento del s\u00e9 e dell&#8217;altruit\u00e0,<\/p>\n","protected":false},"author":165,"featured_media":13996,"comment_status":"closed","ping_status":"closed","sticky":false,"template":"","format":"standard","meta":{"footnotes":""},"categories":[331,329],"tags":[417,524,510],"class_list":["post-13993","post","type-post","status-publish","format-standard","has-post-thumbnail","hentry","category-servizio-biblioteca","category-notizie","tag-biblioteca-vigilianum","tag-recensione-libri","tag-video"],"acf":{"seed-localization-paese-cod":"IT","seed-localization-address":"","seed-localization-citta":"Trento","seed-localization-regione-cod-istat":"04","seed-localization-citta-cod-istat":"022205","seed-localization-localita":"","seed-localization-cap":"","seed-localization-marker-visibility":false,"seed-localization-children-visibility":false,"seed-localization-kml":"","seed-localization-custom-marker":""},"yoast_head":"<!-- This site is optimized with the Yoast SEO Premium plugin v20.2.1 (Yoast SEO v22.2) - https:\/\/yoast.com\/wordpress\/plugins\/seo\/ -->\n<title>Carpe librum di ottobre: Il silenzio e l&#039;ascolto - Cultura<\/title>\n<meta name=\"robots\" content=\"index, follow, max-snippet:-1, max-image-preview:large, max-video-preview:-1\" \/>\n<link rel=\"canonical\" href=\"https:\/\/www.diocesitn.it\/area-cultura\/2024\/10\/08\/carpe-librum-di-ottobre-il-silenzio-e-lascolto\/\" \/>\n<meta property=\"og:locale\" content=\"it_IT\" \/>\n<meta property=\"og:type\" content=\"article\" \/>\n<meta property=\"og:title\" content=\"Carpe librum di ottobre: Il silenzio e l&#039;ascolto\" \/>\n<meta property=\"og:description\" content=\"Per il mese di Ottobre la biblioteca ha scelto tre libri sul tema Il silenzio e l&#8217;ascolto. In una realt\u00e0 divorata dal rumore, il silenzio rimane possibilit\u00e0 di ascolto, di riconoscimento del s\u00e9 e dell&#8217;altruit\u00e0,\" \/>\n<meta property=\"og:url\" content=\"https:\/\/www.diocesitn.it\/area-cultura\/2024\/10\/08\/carpe-librum-di-ottobre-il-silenzio-e-lascolto\/\" \/>\n<meta property=\"og:site_name\" content=\"Cultura\" \/>\n<meta property=\"article:published_time\" content=\"2024-10-08T07:38:11+00:00\" \/>\n<meta property=\"article:modified_time\" content=\"2024-10-29T12:40:41+00:00\" \/>\n<meta property=\"og:image\" content=\"https:\/\/www.diocesitn.it\/area-cultura\/wp-content\/uploads\/sites\/38\/2021\/09\/og-logo-cultura.jpg\" \/>\n\t<meta property=\"og:image:width\" content=\"1200\" \/>\n\t<meta property=\"og:image:height\" content=\"630\" \/>\n\t<meta property=\"og:image:type\" content=\"image\/jpeg\" \/>\n<meta name=\"author\" content=\"ledine\" \/>\n<meta name=\"twitter:card\" content=\"summary_large_image\" \/>\n<meta name=\"twitter:label1\" content=\"Scritto da\" \/>\n\t<meta name=\"twitter:data1\" content=\"ledine\" \/>\n\t<meta name=\"twitter:label2\" content=\"Tempo di lettura stimato\" \/>\n\t<meta name=\"twitter:data2\" content=\"1 minuto\" \/>\n<script type=\"application\/ld+json\" class=\"yoast-schema-graph\">{\"@context\":\"https:\/\/schema.org\",\"@graph\":[{\"@type\":\"Article\",\"@id\":\"https:\/\/www.diocesitn.it\/area-cultura\/2024\/10\/08\/carpe-librum-di-ottobre-il-silenzio-e-lascolto\/#article\",\"isPartOf\":{\"@id\":\"https:\/\/www.diocesitn.it\/area-cultura\/2024\/10\/08\/carpe-librum-di-ottobre-il-silenzio-e-lascolto\/\"},\"author\":{\"name\":\"ledine\",\"@id\":\"https:\/\/www.diocesitn.it\/area-cultura\/#\/schema\/person\/93b7401db62b6f32d20347e997095e6c\"},\"headline\":\"Carpe librum di ottobre: Il silenzio e l&#8217;ascolto\",\"datePublished\":\"2024-10-08T07:38:11+00:00\",\"dateModified\":\"2024-10-29T12:40:41+00:00\",\"mainEntityOfPage\":{\"@id\":\"https:\/\/www.diocesitn.it\/area-cultura\/2024\/10\/08\/carpe-librum-di-ottobre-il-silenzio-e-lascolto\/\"},\"wordCount\":132,\"publisher\":{\"@id\":\"https:\/\/www.diocesitn.it\/area-cultura\/#organization\"},\"image\":{\"@id\":\"https:\/\/www.diocesitn.it\/area-cultura\/2024\/10\/08\/carpe-librum-di-ottobre-il-silenzio-e-lascolto\/#primaryimage\"},\"thumbnailUrl\":\"https:\/\/www.diocesitn.it\/area-cultura\/wp-content\/uploads\/sites\/38\/2024\/10\/10-Carpe-Librum-Copertina-Ott-pdf.jpg\",\"keywords\":[\"biblioteca Vigilianum\",\"recensione libri\",\"video\"],\"articleSection\":[\"Biblioteca diocesana Vigilianum\",\"Notizie\"],\"inLanguage\":\"it-IT\",\"copyrightYear\":\"2024\",\"copyrightHolder\":{\"@id\":\"https:\/\/www.diocesitn.it\/#organization\"}},{\"@type\":\"WebPage\",\"@id\":\"https:\/\/www.diocesitn.it\/area-cultura\/2024\/10\/08\/carpe-librum-di-ottobre-il-silenzio-e-lascolto\/\",\"url\":\"https:\/\/www.diocesitn.it\/area-cultura\/2024\/10\/08\/carpe-librum-di-ottobre-il-silenzio-e-lascolto\/\",\"name\":\"Carpe librum di ottobre: Il silenzio e l'ascolto - Cultura\",\"isPartOf\":{\"@id\":\"https:\/\/www.diocesitn.it\/area-cultura\/#website\"},\"primaryImageOfPage\":{\"@id\":\"https:\/\/www.diocesitn.it\/area-cultura\/2024\/10\/08\/carpe-librum-di-ottobre-il-silenzio-e-lascolto\/#primaryimage\"},\"image\":{\"@id\":\"https:\/\/www.diocesitn.it\/area-cultura\/2024\/10\/08\/carpe-librum-di-ottobre-il-silenzio-e-lascolto\/#primaryimage\"},\"thumbnailUrl\":\"https:\/\/www.diocesitn.it\/area-cultura\/wp-content\/uploads\/sites\/38\/2024\/10\/10-Carpe-Librum-Copertina-Ott-pdf.jpg\",\"datePublished\":\"2024-10-08T07:38:11+00:00\",\"dateModified\":\"2024-10-29T12:40:41+00:00\",\"breadcrumb\":{\"@id\":\"https:\/\/www.diocesitn.it\/area-cultura\/2024\/10\/08\/carpe-librum-di-ottobre-il-silenzio-e-lascolto\/#breadcrumb\"},\"inLanguage\":\"it-IT\",\"potentialAction\":[{\"@type\":\"ReadAction\",\"target\":[\"https:\/\/www.diocesitn.it\/area-cultura\/2024\/10\/08\/carpe-librum-di-ottobre-il-silenzio-e-lascolto\/\"]}]},{\"@type\":\"ImageObject\",\"inLanguage\":\"it-IT\",\"@id\":\"https:\/\/www.diocesitn.it\/area-cultura\/2024\/10\/08\/carpe-librum-di-ottobre-il-silenzio-e-lascolto\/#primaryimage\",\"url\":\"https:\/\/www.diocesitn.it\/area-cultura\/wp-content\/uploads\/sites\/38\/2024\/10\/10-Carpe-Librum-Copertina-Ott-pdf.jpg\",\"contentUrl\":\"https:\/\/www.diocesitn.it\/area-cultura\/wp-content\/uploads\/sites\/38\/2024\/10\/10-Carpe-Librum-Copertina-Ott-pdf.jpg\"},{\"@type\":\"BreadcrumbList\",\"@id\":\"https:\/\/www.diocesitn.it\/area-cultura\/2024\/10\/08\/carpe-librum-di-ottobre-il-silenzio-e-lascolto\/#breadcrumb\",\"itemListElement\":[{\"@type\":\"ListItem\",\"position\":1,\"name\":\"Home\",\"item\":\"https:\/\/www.diocesitn.it\/area-cultura\/\"},{\"@type\":\"ListItem\",\"position\":2,\"name\":\"Carpe librum di ottobre: Il silenzio e l&#8217;ascolto\"}]},{\"@type\":\"WebSite\",\"@id\":\"https:\/\/www.diocesitn.it\/area-cultura\/#website\",\"url\":\"https:\/\/www.diocesitn.it\/area-cultura\/\",\"name\":\"Cultura\",\"description\":\"Chiesa di Trento\",\"publisher\":{\"@id\":\"https:\/\/www.diocesitn.it\/area-cultura\/#organization\"},\"potentialAction\":[{\"@type\":\"SearchAction\",\"target\":{\"@type\":\"EntryPoint\",\"urlTemplate\":\"https:\/\/www.diocesitn.it\/area-cultura\/?s={search_term_string}\"},\"query-input\":\"required name=search_term_string\"}],\"inLanguage\":\"it-IT\"},{\"@type\":[\"Organization\",\"Place\"],\"@id\":\"https:\/\/www.diocesitn.it\/area-cultura\/#organization\",\"name\":\"Area Cultura - Chiesa di Trento\",\"url\":\"https:\/\/www.diocesitn.it\/area-cultura\/\",\"logo\":{\"@id\":\"https:\/\/www.diocesitn.it\/area-cultura\/2024\/10\/08\/carpe-librum-di-ottobre-il-silenzio-e-lascolto\/#local-main-organization-logo\"},\"image\":{\"@id\":\"https:\/\/www.diocesitn.it\/area-cultura\/2024\/10\/08\/carpe-librum-di-ottobre-il-silenzio-e-lascolto\/#local-main-organization-logo\"},\"sameAs\":[\"https:\/\/www.youtube.com\/channel\/UCfWD2n-N6WTCg2P_UA72H6Q\"],\"openingHoursSpecification\":[{\"@type\":\"OpeningHoursSpecification\",\"dayOfWeek\":[\"Monday\",\"Tuesday\",\"Wednesday\",\"Thursday\",\"Friday\",\"Saturday\",\"Sunday\"],\"opens\":\"09:00\",\"closes\":\"17:00\"}]},{\"@type\":\"ImageObject\",\"inLanguage\":\"it-IT\",\"@id\":\"https:\/\/www.diocesitn.it\/area-cultura\/2024\/10\/08\/carpe-librum-di-ottobre-il-silenzio-e-lascolto\/#local-main-organization-logo\",\"url\":\"https:\/\/www.diocesitn.it\/area-cultura\/wp-content\/uploads\/sites\/38\/2021\/09\/og-logo-cultura.jpg\",\"contentUrl\":\"https:\/\/www.diocesitn.it\/area-cultura\/wp-content\/uploads\/sites\/38\/2021\/09\/og-logo-cultura.jpg\",\"width\":1200,\"height\":630,\"caption\":\"Area Cultura - Chiesa di Trento\"}]}<\/script>\n<!-- \/ Yoast SEO Premium plugin. -->","yoast_head_json":{"title":"Carpe librum di ottobre: Il silenzio e l'ascolto - Cultura","robots":{"index":"index","follow":"follow","max-snippet":"max-snippet:-1","max-image-preview":"max-image-preview:large","max-video-preview":"max-video-preview:-1"},"canonical":"https:\/\/www.diocesitn.it\/area-cultura\/2024\/10\/08\/carpe-librum-di-ottobre-il-silenzio-e-lascolto\/","og_locale":"it_IT","og_type":"article","og_title":"Carpe librum di ottobre: Il silenzio e l'ascolto","og_description":"Per il mese di Ottobre la biblioteca ha scelto tre libri sul tema Il silenzio e l&#8217;ascolto. In una realt\u00e0 divorata dal rumore, il silenzio rimane possibilit\u00e0 di ascolto, di riconoscimento del s\u00e9 e dell&#8217;altruit\u00e0,","og_url":"https:\/\/www.diocesitn.it\/area-cultura\/2024\/10\/08\/carpe-librum-di-ottobre-il-silenzio-e-lascolto\/","og_site_name":"Cultura","article_published_time":"2024-10-08T07:38:11+00:00","article_modified_time":"2024-10-29T12:40:41+00:00","og_image":[{"width":1200,"height":630,"url":"https:\/\/www.diocesitn.it\/area-cultura\/wp-content\/uploads\/sites\/38\/2021\/09\/og-logo-cultura.jpg","type":"image\/jpeg"}],"author":"ledine","twitter_card":"summary_large_image","twitter_misc":{"Scritto da":"ledine","Tempo di lettura stimato":"1 minuto"},"schema":{"@context":"https:\/\/schema.org","@graph":[{"@type":"Article","@id":"https:\/\/www.diocesitn.it\/area-cultura\/2024\/10\/08\/carpe-librum-di-ottobre-il-silenzio-e-lascolto\/#article","isPartOf":{"@id":"https:\/\/www.diocesitn.it\/area-cultura\/2024\/10\/08\/carpe-librum-di-ottobre-il-silenzio-e-lascolto\/"},"author":{"name":"ledine","@id":"https:\/\/www.diocesitn.it\/area-cultura\/#\/schema\/person\/93b7401db62b6f32d20347e997095e6c"},"headline":"Carpe librum di ottobre: Il silenzio e l&#8217;ascolto","datePublished":"2024-10-08T07:38:11+00:00","dateModified":"2024-10-29T12:40:41+00:00","mainEntityOfPage":{"@id":"https:\/\/www.diocesitn.it\/area-cultura\/2024\/10\/08\/carpe-librum-di-ottobre-il-silenzio-e-lascolto\/"},"wordCount":132,"publisher":{"@id":"https:\/\/www.diocesitn.it\/area-cultura\/#organization"},"image":{"@id":"https:\/\/www.diocesitn.it\/area-cultura\/2024\/10\/08\/carpe-librum-di-ottobre-il-silenzio-e-lascolto\/#primaryimage"},"thumbnailUrl":"https:\/\/www.diocesitn.it\/area-cultura\/wp-content\/uploads\/sites\/38\/2024\/10\/10-Carpe-Librum-Copertina-Ott-pdf.jpg","keywords":["biblioteca Vigilianum","recensione libri","video"],"articleSection":["Biblioteca diocesana Vigilianum","Notizie"],"inLanguage":"it-IT","copyrightYear":"2024","copyrightHolder":{"@id":"https:\/\/www.diocesitn.it\/#organization"}},{"@type":"WebPage","@id":"https:\/\/www.diocesitn.it\/area-cultura\/2024\/10\/08\/carpe-librum-di-ottobre-il-silenzio-e-lascolto\/","url":"https:\/\/www.diocesitn.it\/area-cultura\/2024\/10\/08\/carpe-librum-di-ottobre-il-silenzio-e-lascolto\/","name":"Carpe librum di ottobre: Il silenzio e l'ascolto - Cultura","isPartOf":{"@id":"https:\/\/www.diocesitn.it\/area-cultura\/#website"},"primaryImageOfPage":{"@id":"https:\/\/www.diocesitn.it\/area-cultura\/2024\/10\/08\/carpe-librum-di-ottobre-il-silenzio-e-lascolto\/#primaryimage"},"image":{"@id":"https:\/\/www.diocesitn.it\/area-cultura\/2024\/10\/08\/carpe-librum-di-ottobre-il-silenzio-e-lascolto\/#primaryimage"},"thumbnailUrl":"https:\/\/www.diocesitn.it\/area-cultura\/wp-content\/uploads\/sites\/38\/2024\/10\/10-Carpe-Librum-Copertina-Ott-pdf.jpg","datePublished":"2024-10-08T07:38:11+00:00","dateModified":"2024-10-29T12:40:41+00:00","breadcrumb":{"@id":"https:\/\/www.diocesitn.it\/area-cultura\/2024\/10\/08\/carpe-librum-di-ottobre-il-silenzio-e-lascolto\/#breadcrumb"},"inLanguage":"it-IT","potentialAction":[{"@type":"ReadAction","target":["https:\/\/www.diocesitn.it\/area-cultura\/2024\/10\/08\/carpe-librum-di-ottobre-il-silenzio-e-lascolto\/"]}]},{"@type":"ImageObject","inLanguage":"it-IT","@id":"https:\/\/www.diocesitn.it\/area-cultura\/2024\/10\/08\/carpe-librum-di-ottobre-il-silenzio-e-lascolto\/#primaryimage","url":"https:\/\/www.diocesitn.it\/area-cultura\/wp-content\/uploads\/sites\/38\/2024\/10\/10-Carpe-Librum-Copertina-Ott-pdf.jpg","contentUrl":"https:\/\/www.diocesitn.it\/area-cultura\/wp-content\/uploads\/sites\/38\/2024\/10\/10-Carpe-Librum-Copertina-Ott-pdf.jpg"},{"@type":"BreadcrumbList","@id":"https:\/\/www.diocesitn.it\/area-cultura\/2024\/10\/08\/carpe-librum-di-ottobre-il-silenzio-e-lascolto\/#breadcrumb","itemListElement":[{"@type":"ListItem","position":1,"name":"Home","item":"https:\/\/www.diocesitn.it\/area-cultura\/"},{"@type":"ListItem","position":2,"name":"Carpe librum di ottobre: Il silenzio e l&#8217;ascolto"}]},{"@type":"WebSite","@id":"https:\/\/www.diocesitn.it\/area-cultura\/#website","url":"https:\/\/www.diocesitn.it\/area-cultura\/","name":"Cultura","description":"Chiesa di Trento","publisher":{"@id":"https:\/\/www.diocesitn.it\/area-cultura\/#organization"},"potentialAction":[{"@type":"SearchAction","target":{"@type":"EntryPoint","urlTemplate":"https:\/\/www.diocesitn.it\/area-cultura\/?s={search_term_string}"},"query-input":"required name=search_term_string"}],"inLanguage":"it-IT"},{"@type":["Organization","Place"],"@id":"https:\/\/www.diocesitn.it\/area-cultura\/#organization","name":"Area Cultura - Chiesa di Trento","url":"https:\/\/www.diocesitn.it\/area-cultura\/","logo":{"@id":"https:\/\/www.diocesitn.it\/area-cultura\/2024\/10\/08\/carpe-librum-di-ottobre-il-silenzio-e-lascolto\/#local-main-organization-logo"},"image":{"@id":"https:\/\/www.diocesitn.it\/area-cultura\/2024\/10\/08\/carpe-librum-di-ottobre-il-silenzio-e-lascolto\/#local-main-organization-logo"},"sameAs":["https:\/\/www.youtube.com\/channel\/UCfWD2n-N6WTCg2P_UA72H6Q"],"openingHoursSpecification":[{"@type":"OpeningHoursSpecification","dayOfWeek":["Monday","Tuesday","Wednesday","Thursday","Friday","Saturday","Sunday"],"opens":"09:00","closes":"17:00"}]},{"@type":"ImageObject","inLanguage":"it-IT","@id":"https:\/\/www.diocesitn.it\/area-cultura\/2024\/10\/08\/carpe-librum-di-ottobre-il-silenzio-e-lascolto\/#local-main-organization-logo","url":"https:\/\/www.diocesitn.it\/area-cultura\/wp-content\/uploads\/sites\/38\/2021\/09\/og-logo-cultura.jpg","contentUrl":"https:\/\/www.diocesitn.it\/area-cultura\/wp-content\/uploads\/sites\/38\/2021\/09\/og-logo-cultura.jpg","width":1200,"height":630,"caption":"Area Cultura - Chiesa di Trento"}]}},"_links":{"self":[{"href":"https:\/\/www.diocesitn.it\/area-cultura\/wp-json\/wp\/v2\/posts\/13993","targetHints":{"allow":["GET"]}}],"collection":[{"href":"https:\/\/www.diocesitn.it\/area-cultura\/wp-json\/wp\/v2\/posts"}],"about":[{"href":"https:\/\/www.diocesitn.it\/area-cultura\/wp-json\/wp\/v2\/types\/post"}],"author":[{"embeddable":true,"href":"https:\/\/www.diocesitn.it\/area-cultura\/wp-json\/wp\/v2\/users\/165"}],"replies":[{"embeddable":true,"href":"https:\/\/www.diocesitn.it\/area-cultura\/wp-json\/wp\/v2\/comments?post=13993"}],"version-history":[{"count":3,"href":"https:\/\/www.diocesitn.it\/area-cultura\/wp-json\/wp\/v2\/posts\/13993\/revisions"}],"predecessor-version":[{"id":14013,"href":"https:\/\/www.diocesitn.it\/area-cultura\/wp-json\/wp\/v2\/posts\/13993\/revisions\/14013"}],"wp:featuredmedia":[{"embeddable":true,"href":"https:\/\/www.diocesitn.it\/area-cultura\/wp-json\/wp\/v2\/media\/13996"}],"wp:attachment":[{"href":"https:\/\/www.diocesitn.it\/area-cultura\/wp-json\/wp\/v2\/media?parent=13993"}],"wp:term":[{"taxonomy":"category","embeddable":true,"href":"https:\/\/www.diocesitn.it\/area-cultura\/wp-json\/wp\/v2\/categories?post=13993"},{"taxonomy":"post_tag","embeddable":true,"href":"https:\/\/www.diocesitn.it\/area-cultura\/wp-json\/wp\/v2\/tags?post=13993"}],"curies":[{"name":"wp","href":"https:\/\/api.w.org\/{rel}","templated":true}]}}