{"id":13916,"date":"2024-09-25T14:07:03","date_gmt":"2024-09-25T12:07:03","guid":{"rendered":"https:\/\/www.diocesitn.it\/area-cultura\/?p=13916"},"modified":"2024-10-01T11:27:39","modified_gmt":"2024-10-01T09:27:39","slug":"presentazione-del-progetto-archivio-lessicale-dei-dialetti-trentini","status":"publish","type":"post","link":"https:\/\/www.diocesitn.it\/area-cultura\/2024\/09\/25\/presentazione-del-progetto-archivio-lessicale-dei-dialetti-trentini\/","title":{"rendered":"Luned\u00ec 30 settembre al Vigilianum presentazione dell&#8217;Archivio lessicale dei dialetti trentini in rete"},"content":{"rendered":"<p><strong>Luned\u00ec 30 settembre<\/strong> alle ore 17.30 presso il Vigilianum, in collaborazione con l\u2019area Cultura dell&#8217;Arcidiocesi di Trento e Vita Trentina, viene presentato il progetto <strong>&#8220;L\u2019archivio lessicale dei dialetti trentini in rete&#8221;<\/strong>, a cura del Dipartimento di Lettere e Filosofia dell\u2019Universit\u00e0 di Trento.<\/p>\n<p>L&#8217;<strong><em>Archivio lessicale dei dialetti trentini<\/em><\/strong><strong> (<em>ALTr<\/em>)<\/strong> \u00e8 una banca dati lessicale accessibile in rete dal sito dell&#8217;Universit\u00e0, che unisce lessici di diverse aree del territorio. Nell&#8217;<em>ALTr<\/em> sono stati inseriti cinque importanti dizionari compilati nel XX sec. relativi al dialetto parlato a Trento e nell\u2019area circostante, nella Valsugana, nelle Valli di Non e di Sole, in Primiero e nella Val di Cembra.<\/p>\n<p>La banca dati \u00e8 frutto di un lavoro durato molti anni, finanziato dal MIUR, dalla Provincia di Trento e dall&#8217;Universit\u00e0 di Trento, che \u00e8 stato condotto con la collaborazione di numerosi esperti di linguistica, dialettologia e informatica.<\/p>\n<p>All\u2019incontro di presentazione intervengono <strong>Katia Pizzini<\/strong> (Arcidiocesi di Trento), <strong>Stefano Bernardini<\/strong> e <strong>Patrizia Cordin<\/strong> (Universit\u00e0 di Trento) e <strong>Tiziana Gatti<\/strong> (Castello del Buonconsiglio).<\/p>\n<p><a href=\"https:\/\/www.diocesitn.it\/area-cultura\/wp-content\/uploads\/sites\/38\/2024\/09\/Locandina-30-09-2024-scaled.jpg\"><img loading=\"lazy\" decoding=\"async\" class=\"alignnone size-medium wp-image-13918\" src=\"https:\/\/www.diocesitn.it\/area-cultura\/wp-content\/uploads\/sites\/38\/2024\/09\/Locandina-30-09-2024-129x300.jpg\" alt=\"\" width=\"129\" height=\"300\" srcset=\"https:\/\/www.diocesitn.it\/area-cultura\/wp-content\/uploads\/sites\/38\/2024\/09\/Locandina-30-09-2024-129x300.jpg 129w, https:\/\/www.diocesitn.it\/area-cultura\/wp-content\/uploads\/sites\/38\/2024\/09\/Locandina-30-09-2024-439x1024.jpg 439w, https:\/\/www.diocesitn.it\/area-cultura\/wp-content\/uploads\/sites\/38\/2024\/09\/Locandina-30-09-2024-768x1792.jpg 768w, https:\/\/www.diocesitn.it\/area-cultura\/wp-content\/uploads\/sites\/38\/2024\/09\/Locandina-30-09-2024-120x280.jpg 120w, https:\/\/www.diocesitn.it\/area-cultura\/wp-content\/uploads\/sites\/38\/2024\/09\/Locandina-30-09-2024-329x768.jpg 329w, https:\/\/www.diocesitn.it\/area-cultura\/wp-content\/uploads\/sites\/38\/2024\/09\/Locandina-30-09-2024-658x1536.jpg 658w, https:\/\/www.diocesitn.it\/area-cultura\/wp-content\/uploads\/sites\/38\/2024\/09\/Locandina-30-09-2024-878x2048.jpg 878w, https:\/\/www.diocesitn.it\/area-cultura\/wp-content\/uploads\/sites\/38\/2024\/09\/Locandina-30-09-2024-800x1866.jpg 800w, https:\/\/www.diocesitn.it\/area-cultura\/wp-content\/uploads\/sites\/38\/2024\/09\/Locandina-30-09-2024-1200x2800.jpg 1200w, https:\/\/www.diocesitn.it\/area-cultura\/wp-content\/uploads\/sites\/38\/2024\/09\/Locandina-30-09-2024-1320x3080.jpg 1320w, https:\/\/www.diocesitn.it\/area-cultura\/wp-content\/uploads\/sites\/38\/2024\/09\/Locandina-30-09-2024-scaled.jpg 1097w\" sizes=\"auto, (max-width: 129px) 100vw, 129px\" \/><\/a><\/p>\n","protected":false},"excerpt":{"rendered":"<p>Luned\u00ec 30 settembre alle ore 17.30 presso il Vigilianum, in collaborazione con l\u2019area Cultura dell&#8217;Arcidiocesi di Trento e Vita Trentina, viene presentato il progetto &#8220;L\u2019archivio lessicale dei dialetti trentini in rete&#8221;, a cura del Dipartimento<\/p>\n","protected":false},"author":164,"featured_media":13917,"comment_status":"closed","ping_status":"closed","sticky":false,"template":"","format":"standard","meta":{"footnotes":""},"categories":[322,461,329],"tags":[],"class_list":["post-13916","post","type-post","status-publish","format-standard","has-post-thumbnail","hentry","category-servizio-archivio","category-cultura","category-notizie"],"acf":{"seed-localization-paese-cod":"IT","seed-localization-address":"","seed-localization-citta":"Trento","seed-localization-regione-cod-istat":"04","seed-localization-citta-cod-istat":"022205","seed-localization-localita":"","seed-localization-cap":"","seed-localization-marker-visibility":false,"seed-localization-children-visibility":false,"seed-localization-kml":"","seed-localization-custom-marker":""},"yoast_head":"<!-- This site is optimized with the Yoast SEO Premium plugin v20.2.1 (Yoast SEO v22.2) - https:\/\/yoast.com\/wordpress\/plugins\/seo\/ -->\n<title>Luned\u00ec 30 settembre al Vigilianum presentazione dell&#039;Archivio lessicale dei dialetti trentini in rete - Cultura<\/title>\n<meta name=\"robots\" content=\"index, follow, max-snippet:-1, max-image-preview:large, max-video-preview:-1\" \/>\n<link rel=\"canonical\" href=\"https:\/\/www.diocesitn.it\/area-cultura\/2024\/09\/25\/presentazione-del-progetto-archivio-lessicale-dei-dialetti-trentini\/\" \/>\n<meta property=\"og:locale\" content=\"it_IT\" \/>\n<meta property=\"og:type\" content=\"article\" \/>\n<meta property=\"og:title\" content=\"Luned\u00ec 30 settembre al Vigilianum presentazione dell&#039;Archivio lessicale dei dialetti trentini in rete\" \/>\n<meta property=\"og:description\" content=\"Luned\u00ec 30 settembre alle ore 17.30 presso il Vigilianum, in collaborazione con l\u2019area Cultura dell&#8217;Arcidiocesi di Trento e Vita Trentina, viene presentato il progetto &#8220;L\u2019archivio lessicale dei dialetti trentini in rete&#8221;, a cura del Dipartimento\" \/>\n<meta property=\"og:url\" content=\"https:\/\/www.diocesitn.it\/area-cultura\/2024\/09\/25\/presentazione-del-progetto-archivio-lessicale-dei-dialetti-trentini\/\" \/>\n<meta property=\"og:site_name\" content=\"Cultura\" \/>\n<meta property=\"article:published_time\" content=\"2024-09-25T12:07:03+00:00\" \/>\n<meta property=\"article:modified_time\" content=\"2024-10-01T09:27:39+00:00\" \/>\n<meta property=\"og:image\" content=\"https:\/\/www.diocesitn.it\/area-cultura\/wp-content\/uploads\/sites\/38\/2024\/09\/ALTr.jpg\" \/>\n\t<meta property=\"og:image:width\" content=\"1699\" \/>\n\t<meta property=\"og:image:height\" content=\"1259\" \/>\n\t<meta property=\"og:image:type\" content=\"image\/jpeg\" \/>\n<meta name=\"author\" content=\"candreolli\" \/>\n<meta name=\"twitter:card\" content=\"summary_large_image\" \/>\n<meta name=\"twitter:label1\" content=\"Scritto da\" \/>\n\t<meta name=\"twitter:data1\" content=\"candreolli\" \/>\n\t<meta name=\"twitter:label2\" content=\"Tempo di lettura stimato\" \/>\n\t<meta name=\"twitter:data2\" content=\"2 minuti\" \/>\n<script type=\"application\/ld+json\" class=\"yoast-schema-graph\">{\"@context\":\"https:\/\/schema.org\",\"@graph\":[{\"@type\":\"Article\",\"@id\":\"https:\/\/www.diocesitn.it\/area-cultura\/2024\/09\/25\/presentazione-del-progetto-archivio-lessicale-dei-dialetti-trentini\/#article\",\"isPartOf\":{\"@id\":\"https:\/\/www.diocesitn.it\/area-cultura\/2024\/09\/25\/presentazione-del-progetto-archivio-lessicale-dei-dialetti-trentini\/\"},\"author\":{\"name\":\"candreolli\",\"@id\":\"https:\/\/www.diocesitn.it\/area-cultura\/#\/schema\/person\/05f14428efca72bb2997b55cbdc7d01b\"},\"headline\":\"Luned\u00ec 30 settembre al Vigilianum presentazione dell&#8217;Archivio lessicale dei dialetti trentini in rete\",\"datePublished\":\"2024-09-25T12:07:03+00:00\",\"dateModified\":\"2024-10-01T09:27:39+00:00\",\"mainEntityOfPage\":{\"@id\":\"https:\/\/www.diocesitn.it\/area-cultura\/2024\/09\/25\/presentazione-del-progetto-archivio-lessicale-dei-dialetti-trentini\/\"},\"wordCount\":176,\"publisher\":{\"@id\":\"https:\/\/www.diocesitn.it\/area-cultura\/#organization\"},\"image\":{\"@id\":\"https:\/\/www.diocesitn.it\/area-cultura\/2024\/09\/25\/presentazione-del-progetto-archivio-lessicale-dei-dialetti-trentini\/#primaryimage\"},\"thumbnailUrl\":\"https:\/\/www.diocesitn.it\/area-cultura\/wp-content\/uploads\/sites\/38\/2024\/09\/ALTr.jpg\",\"articleSection\":[\"Archivio Diocesano Tridentino\",\"Cultura\",\"Notizie\"],\"inLanguage\":\"it-IT\",\"copyrightYear\":\"2024\",\"copyrightHolder\":{\"@id\":\"https:\/\/www.diocesitn.it\/#organization\"}},{\"@type\":\"WebPage\",\"@id\":\"https:\/\/www.diocesitn.it\/area-cultura\/2024\/09\/25\/presentazione-del-progetto-archivio-lessicale-dei-dialetti-trentini\/\",\"url\":\"https:\/\/www.diocesitn.it\/area-cultura\/2024\/09\/25\/presentazione-del-progetto-archivio-lessicale-dei-dialetti-trentini\/\",\"name\":\"Luned\u00ec 30 settembre al Vigilianum presentazione dell'Archivio lessicale dei dialetti trentini in rete - Cultura\",\"isPartOf\":{\"@id\":\"https:\/\/www.diocesitn.it\/area-cultura\/#website\"},\"primaryImageOfPage\":{\"@id\":\"https:\/\/www.diocesitn.it\/area-cultura\/2024\/09\/25\/presentazione-del-progetto-archivio-lessicale-dei-dialetti-trentini\/#primaryimage\"},\"image\":{\"@id\":\"https:\/\/www.diocesitn.it\/area-cultura\/2024\/09\/25\/presentazione-del-progetto-archivio-lessicale-dei-dialetti-trentini\/#primaryimage\"},\"thumbnailUrl\":\"https:\/\/www.diocesitn.it\/area-cultura\/wp-content\/uploads\/sites\/38\/2024\/09\/ALTr.jpg\",\"datePublished\":\"2024-09-25T12:07:03+00:00\",\"dateModified\":\"2024-10-01T09:27:39+00:00\",\"breadcrumb\":{\"@id\":\"https:\/\/www.diocesitn.it\/area-cultura\/2024\/09\/25\/presentazione-del-progetto-archivio-lessicale-dei-dialetti-trentini\/#breadcrumb\"},\"inLanguage\":\"it-IT\",\"potentialAction\":[{\"@type\":\"ReadAction\",\"target\":[\"https:\/\/www.diocesitn.it\/area-cultura\/2024\/09\/25\/presentazione-del-progetto-archivio-lessicale-dei-dialetti-trentini\/\"]}]},{\"@type\":\"ImageObject\",\"inLanguage\":\"it-IT\",\"@id\":\"https:\/\/www.diocesitn.it\/area-cultura\/2024\/09\/25\/presentazione-del-progetto-archivio-lessicale-dei-dialetti-trentini\/#primaryimage\",\"url\":\"https:\/\/www.diocesitn.it\/area-cultura\/wp-content\/uploads\/sites\/38\/2024\/09\/ALTr.jpg\",\"contentUrl\":\"https:\/\/www.diocesitn.it\/area-cultura\/wp-content\/uploads\/sites\/38\/2024\/09\/ALTr.jpg\",\"width\":1699,\"height\":1259},{\"@type\":\"BreadcrumbList\",\"@id\":\"https:\/\/www.diocesitn.it\/area-cultura\/2024\/09\/25\/presentazione-del-progetto-archivio-lessicale-dei-dialetti-trentini\/#breadcrumb\",\"itemListElement\":[{\"@type\":\"ListItem\",\"position\":1,\"name\":\"Home\",\"item\":\"https:\/\/www.diocesitn.it\/area-cultura\/\"},{\"@type\":\"ListItem\",\"position\":2,\"name\":\"Luned\u00ec 30 settembre al Vigilianum presentazione dell&#8217;Archivio lessicale dei dialetti trentini in rete\"}]},{\"@type\":\"WebSite\",\"@id\":\"https:\/\/www.diocesitn.it\/area-cultura\/#website\",\"url\":\"https:\/\/www.diocesitn.it\/area-cultura\/\",\"name\":\"Cultura\",\"description\":\"Chiesa di Trento\",\"publisher\":{\"@id\":\"https:\/\/www.diocesitn.it\/area-cultura\/#organization\"},\"potentialAction\":[{\"@type\":\"SearchAction\",\"target\":{\"@type\":\"EntryPoint\",\"urlTemplate\":\"https:\/\/www.diocesitn.it\/area-cultura\/?s={search_term_string}\"},\"query-input\":\"required name=search_term_string\"}],\"inLanguage\":\"it-IT\"},{\"@type\":[\"Organization\",\"Place\"],\"@id\":\"https:\/\/www.diocesitn.it\/area-cultura\/#organization\",\"name\":\"Area Cultura - Chiesa di Trento\",\"url\":\"https:\/\/www.diocesitn.it\/area-cultura\/\",\"logo\":{\"@id\":\"https:\/\/www.diocesitn.it\/area-cultura\/2024\/09\/25\/presentazione-del-progetto-archivio-lessicale-dei-dialetti-trentini\/#local-main-organization-logo\"},\"image\":{\"@id\":\"https:\/\/www.diocesitn.it\/area-cultura\/2024\/09\/25\/presentazione-del-progetto-archivio-lessicale-dei-dialetti-trentini\/#local-main-organization-logo\"},\"sameAs\":[\"https:\/\/www.youtube.com\/channel\/UCfWD2n-N6WTCg2P_UA72H6Q\"],\"openingHoursSpecification\":[{\"@type\":\"OpeningHoursSpecification\",\"dayOfWeek\":[\"Monday\",\"Tuesday\",\"Wednesday\",\"Thursday\",\"Friday\",\"Saturday\",\"Sunday\"],\"opens\":\"09:00\",\"closes\":\"17:00\"}]},{\"@type\":\"ImageObject\",\"inLanguage\":\"it-IT\",\"@id\":\"https:\/\/www.diocesitn.it\/area-cultura\/2024\/09\/25\/presentazione-del-progetto-archivio-lessicale-dei-dialetti-trentini\/#local-main-organization-logo\",\"url\":\"https:\/\/www.diocesitn.it\/area-cultura\/wp-content\/uploads\/sites\/38\/2021\/09\/og-logo-cultura.jpg\",\"contentUrl\":\"https:\/\/www.diocesitn.it\/area-cultura\/wp-content\/uploads\/sites\/38\/2021\/09\/og-logo-cultura.jpg\",\"width\":1200,\"height\":630,\"caption\":\"Area Cultura - Chiesa di Trento\"}]}<\/script>\n<!-- \/ Yoast SEO Premium plugin. -->","yoast_head_json":{"title":"Luned\u00ec 30 settembre al Vigilianum presentazione dell'Archivio lessicale dei dialetti trentini in rete - Cultura","robots":{"index":"index","follow":"follow","max-snippet":"max-snippet:-1","max-image-preview":"max-image-preview:large","max-video-preview":"max-video-preview:-1"},"canonical":"https:\/\/www.diocesitn.it\/area-cultura\/2024\/09\/25\/presentazione-del-progetto-archivio-lessicale-dei-dialetti-trentini\/","og_locale":"it_IT","og_type":"article","og_title":"Luned\u00ec 30 settembre al Vigilianum presentazione dell'Archivio lessicale dei dialetti trentini in rete","og_description":"Luned\u00ec 30 settembre alle ore 17.30 presso il Vigilianum, in collaborazione con l\u2019area Cultura dell&#8217;Arcidiocesi di Trento e Vita Trentina, viene presentato il progetto &#8220;L\u2019archivio lessicale dei dialetti trentini in rete&#8221;, a cura del Dipartimento","og_url":"https:\/\/www.diocesitn.it\/area-cultura\/2024\/09\/25\/presentazione-del-progetto-archivio-lessicale-dei-dialetti-trentini\/","og_site_name":"Cultura","article_published_time":"2024-09-25T12:07:03+00:00","article_modified_time":"2024-10-01T09:27:39+00:00","og_image":[{"width":1699,"height":1259,"url":"https:\/\/www.diocesitn.it\/area-cultura\/wp-content\/uploads\/sites\/38\/2024\/09\/ALTr.jpg","type":"image\/jpeg"}],"author":"candreolli","twitter_card":"summary_large_image","twitter_misc":{"Scritto da":"candreolli","Tempo di lettura stimato":"2 minuti"},"schema":{"@context":"https:\/\/schema.org","@graph":[{"@type":"Article","@id":"https:\/\/www.diocesitn.it\/area-cultura\/2024\/09\/25\/presentazione-del-progetto-archivio-lessicale-dei-dialetti-trentini\/#article","isPartOf":{"@id":"https:\/\/www.diocesitn.it\/area-cultura\/2024\/09\/25\/presentazione-del-progetto-archivio-lessicale-dei-dialetti-trentini\/"},"author":{"name":"candreolli","@id":"https:\/\/www.diocesitn.it\/area-cultura\/#\/schema\/person\/05f14428efca72bb2997b55cbdc7d01b"},"headline":"Luned\u00ec 30 settembre al Vigilianum presentazione dell&#8217;Archivio lessicale dei dialetti trentini in rete","datePublished":"2024-09-25T12:07:03+00:00","dateModified":"2024-10-01T09:27:39+00:00","mainEntityOfPage":{"@id":"https:\/\/www.diocesitn.it\/area-cultura\/2024\/09\/25\/presentazione-del-progetto-archivio-lessicale-dei-dialetti-trentini\/"},"wordCount":176,"publisher":{"@id":"https:\/\/www.diocesitn.it\/area-cultura\/#organization"},"image":{"@id":"https:\/\/www.diocesitn.it\/area-cultura\/2024\/09\/25\/presentazione-del-progetto-archivio-lessicale-dei-dialetti-trentini\/#primaryimage"},"thumbnailUrl":"https:\/\/www.diocesitn.it\/area-cultura\/wp-content\/uploads\/sites\/38\/2024\/09\/ALTr.jpg","articleSection":["Archivio Diocesano Tridentino","Cultura","Notizie"],"inLanguage":"it-IT","copyrightYear":"2024","copyrightHolder":{"@id":"https:\/\/www.diocesitn.it\/#organization"}},{"@type":"WebPage","@id":"https:\/\/www.diocesitn.it\/area-cultura\/2024\/09\/25\/presentazione-del-progetto-archivio-lessicale-dei-dialetti-trentini\/","url":"https:\/\/www.diocesitn.it\/area-cultura\/2024\/09\/25\/presentazione-del-progetto-archivio-lessicale-dei-dialetti-trentini\/","name":"Luned\u00ec 30 settembre al Vigilianum presentazione dell'Archivio lessicale dei dialetti trentini in rete - Cultura","isPartOf":{"@id":"https:\/\/www.diocesitn.it\/area-cultura\/#website"},"primaryImageOfPage":{"@id":"https:\/\/www.diocesitn.it\/area-cultura\/2024\/09\/25\/presentazione-del-progetto-archivio-lessicale-dei-dialetti-trentini\/#primaryimage"},"image":{"@id":"https:\/\/www.diocesitn.it\/area-cultura\/2024\/09\/25\/presentazione-del-progetto-archivio-lessicale-dei-dialetti-trentini\/#primaryimage"},"thumbnailUrl":"https:\/\/www.diocesitn.it\/area-cultura\/wp-content\/uploads\/sites\/38\/2024\/09\/ALTr.jpg","datePublished":"2024-09-25T12:07:03+00:00","dateModified":"2024-10-01T09:27:39+00:00","breadcrumb":{"@id":"https:\/\/www.diocesitn.it\/area-cultura\/2024\/09\/25\/presentazione-del-progetto-archivio-lessicale-dei-dialetti-trentini\/#breadcrumb"},"inLanguage":"it-IT","potentialAction":[{"@type":"ReadAction","target":["https:\/\/www.diocesitn.it\/area-cultura\/2024\/09\/25\/presentazione-del-progetto-archivio-lessicale-dei-dialetti-trentini\/"]}]},{"@type":"ImageObject","inLanguage":"it-IT","@id":"https:\/\/www.diocesitn.it\/area-cultura\/2024\/09\/25\/presentazione-del-progetto-archivio-lessicale-dei-dialetti-trentini\/#primaryimage","url":"https:\/\/www.diocesitn.it\/area-cultura\/wp-content\/uploads\/sites\/38\/2024\/09\/ALTr.jpg","contentUrl":"https:\/\/www.diocesitn.it\/area-cultura\/wp-content\/uploads\/sites\/38\/2024\/09\/ALTr.jpg","width":1699,"height":1259},{"@type":"BreadcrumbList","@id":"https:\/\/www.diocesitn.it\/area-cultura\/2024\/09\/25\/presentazione-del-progetto-archivio-lessicale-dei-dialetti-trentini\/#breadcrumb","itemListElement":[{"@type":"ListItem","position":1,"name":"Home","item":"https:\/\/www.diocesitn.it\/area-cultura\/"},{"@type":"ListItem","position":2,"name":"Luned\u00ec 30 settembre al Vigilianum presentazione dell&#8217;Archivio lessicale dei dialetti trentini in rete"}]},{"@type":"WebSite","@id":"https:\/\/www.diocesitn.it\/area-cultura\/#website","url":"https:\/\/www.diocesitn.it\/area-cultura\/","name":"Cultura","description":"Chiesa di Trento","publisher":{"@id":"https:\/\/www.diocesitn.it\/area-cultura\/#organization"},"potentialAction":[{"@type":"SearchAction","target":{"@type":"EntryPoint","urlTemplate":"https:\/\/www.diocesitn.it\/area-cultura\/?s={search_term_string}"},"query-input":"required name=search_term_string"}],"inLanguage":"it-IT"},{"@type":["Organization","Place"],"@id":"https:\/\/www.diocesitn.it\/area-cultura\/#organization","name":"Area Cultura - Chiesa di Trento","url":"https:\/\/www.diocesitn.it\/area-cultura\/","logo":{"@id":"https:\/\/www.diocesitn.it\/area-cultura\/2024\/09\/25\/presentazione-del-progetto-archivio-lessicale-dei-dialetti-trentini\/#local-main-organization-logo"},"image":{"@id":"https:\/\/www.diocesitn.it\/area-cultura\/2024\/09\/25\/presentazione-del-progetto-archivio-lessicale-dei-dialetti-trentini\/#local-main-organization-logo"},"sameAs":["https:\/\/www.youtube.com\/channel\/UCfWD2n-N6WTCg2P_UA72H6Q"],"openingHoursSpecification":[{"@type":"OpeningHoursSpecification","dayOfWeek":["Monday","Tuesday","Wednesday","Thursday","Friday","Saturday","Sunday"],"opens":"09:00","closes":"17:00"}]},{"@type":"ImageObject","inLanguage":"it-IT","@id":"https:\/\/www.diocesitn.it\/area-cultura\/2024\/09\/25\/presentazione-del-progetto-archivio-lessicale-dei-dialetti-trentini\/#local-main-organization-logo","url":"https:\/\/www.diocesitn.it\/area-cultura\/wp-content\/uploads\/sites\/38\/2021\/09\/og-logo-cultura.jpg","contentUrl":"https:\/\/www.diocesitn.it\/area-cultura\/wp-content\/uploads\/sites\/38\/2021\/09\/og-logo-cultura.jpg","width":1200,"height":630,"caption":"Area Cultura - Chiesa di Trento"}]}},"_links":{"self":[{"href":"https:\/\/www.diocesitn.it\/area-cultura\/wp-json\/wp\/v2\/posts\/13916","targetHints":{"allow":["GET"]}}],"collection":[{"href":"https:\/\/www.diocesitn.it\/area-cultura\/wp-json\/wp\/v2\/posts"}],"about":[{"href":"https:\/\/www.diocesitn.it\/area-cultura\/wp-json\/wp\/v2\/types\/post"}],"author":[{"embeddable":true,"href":"https:\/\/www.diocesitn.it\/area-cultura\/wp-json\/wp\/v2\/users\/164"}],"replies":[{"embeddable":true,"href":"https:\/\/www.diocesitn.it\/area-cultura\/wp-json\/wp\/v2\/comments?post=13916"}],"version-history":[{"count":4,"href":"https:\/\/www.diocesitn.it\/area-cultura\/wp-json\/wp\/v2\/posts\/13916\/revisions"}],"predecessor-version":[{"id":13927,"href":"https:\/\/www.diocesitn.it\/area-cultura\/wp-json\/wp\/v2\/posts\/13916\/revisions\/13927"}],"wp:featuredmedia":[{"embeddable":true,"href":"https:\/\/www.diocesitn.it\/area-cultura\/wp-json\/wp\/v2\/media\/13917"}],"wp:attachment":[{"href":"https:\/\/www.diocesitn.it\/area-cultura\/wp-json\/wp\/v2\/media?parent=13916"}],"wp:term":[{"taxonomy":"category","embeddable":true,"href":"https:\/\/www.diocesitn.it\/area-cultura\/wp-json\/wp\/v2\/categories?post=13916"},{"taxonomy":"post_tag","embeddable":true,"href":"https:\/\/www.diocesitn.it\/area-cultura\/wp-json\/wp\/v2\/tags?post=13916"}],"curies":[{"name":"wp","href":"https:\/\/api.w.org\/{rel}","templated":true}]}}