{"id":13689,"date":"2024-09-02T11:18:37","date_gmt":"2024-09-02T09:18:37","guid":{"rendered":"https:\/\/www.diocesitn.it\/area-cultura\/?p=13689"},"modified":"2024-09-25T11:38:30","modified_gmt":"2024-09-25T09:38:30","slug":"la-vetta-della-liberta-il-paradiso-terrestre-di-dante-con-gregorio-vivaldelli-il-27-settembre-2024","status":"publish","type":"post","link":"https:\/\/www.diocesitn.it\/area-cultura\/2024\/09\/02\/la-vetta-della-liberta-il-paradiso-terrestre-di-dante-con-gregorio-vivaldelli-il-27-settembre-2024\/","title":{"rendered":"&#8220;La vetta della libert\u00e0. Il Paradiso Terrestre di Dante&#8221; con Gregorio Vivaldelli il 27 settembre 2024"},"content":{"rendered":"<p><span style=\"color: #000000\">Venerd\u00ec 27 settembre 2024 alle ore 20.30 presso il PalaRotari di Mezzocorona, torna l\u2019atteso evento diocesano proposto dalla nostra biblioteca: una nuova tappa del viaggio di Dante descritto nella Divina Commedia aiutati dalla coinvolgente e appassionata guida del prof. Vivaldelli.<\/span><\/p>\n<p><span style=\"color: #000000\">Dopo aver presentato lo scorso anno la salita delle sette cornici del Purgatorio, quest\u2019anno il prof. Vivaldelli descriver\u00e0 l\u2019arrivo di Dante nel Paradiso Terrestre (che il Sommo Poeta colloca in cima alla montagna del Purgatorio), la scomparsa di Virgilio, l\u2019incontro di Dante con Beatrice e il loro dialogo diretto e serrato.<\/span><\/p>\n<p><span style=\"color: #000000\">Una nuova tappa tutta da gustare, in un viaggio sempre affascinante e sorprendente.<\/span><\/p>\n<p>&nbsp;<\/p>\n<p><strong><span style=\"color: #800000\">PRENOTAZIONI:<\/span><\/strong><\/p>\n<p><span style=\"color: #000000\">L\u2019ingresso \u00e8 libero, ma \u00e8 necessaria la prenotazione al link<\/span> <a href=\"https:\/\/vivaldelli27settembre.eventbrite.it\">https:\/\/vivaldelli27settembre.eventbrite.it<\/a><\/p>\n<p><span style=\"text-decoration: underline\"><span style=\"color: #000000;text-decoration: underline\">Le prenotazioni apriranno venerd\u00ec 13 settembre alle ore 10.<\/span><\/span><\/p>\n<p><span style=\"color: #000000\">Ogni partecipante \u00e8 pregato di arrivare all&#8217;evento con il proprio biglietto (cartaceo o digitale). <\/span><span style=\"color: #000000\">Nel biglietto si trova il <strong>QR Code<\/strong> che verr\u00e0 scansionato all\u2019ingresso dal personale addetto.<\/span><\/p>\n<p><span style=\"color: #000000\">Per scaricare o stampare il biglietto \u00e8 necessario accedere al proprio account Eventbrite dal sito<\/span> <a href=\"http:\/\/www.eventbrite.it\">www.eventbrite.it<\/a> <span style=\"color: #000000\">nella sezione <em>Biglietti<\/em> oppure dall\u2019app Eventbrite.<\/span><\/p>\n<p><span style=\"color: #000000\">Qualora non si potesse partecipare all\u2019evento <u>raccomandiamo<\/u> di cancellare la prenotazione per tempo, in modo da dare ad altre persone la possibilit\u00e0 di partecipare.<\/span><\/p>\n<p><span style=\"color: #000000\">Quando i posti saranno tutti esauriti verr\u00e0 attivata una lista d\u2019attesa.<\/span><\/p>\n<p><span style=\"color: #000000\">L\u2019apertura degli ingressi \u00e8 prevista a partire dalle ore 19.30.<\/span><\/p>\n<p><span style=\"color: #000000\">Presso il PalaRotari (via del Tonale 110, 38010 San Michele all\u2019Adige) \u00e8 disponibile un parcheggio gratuito. Chiediamo di condividere il pi\u00f9 possibile le macchine affinch\u00e9 il posto sia sufficiente per tutti.<\/span><\/p>\n<p><span style=\"color: #000000\">Non \u00e8 presente il servizio bar.<\/span><\/p>\n<p>&nbsp;<\/p>\n<p>&nbsp;<\/p>\n<p><strong><span style=\"color: #800000\"><a href=\"https:\/\/www.diocesitn.it\/area-cultura\/wp-content\/uploads\/sites\/38\/2024\/09\/Locandina-intera-scaled.jpg\"><img loading=\"lazy\" decoding=\"async\" class=\"size-medium wp-image-13726 alignleft\" src=\"https:\/\/www.diocesitn.it\/area-cultura\/wp-content\/uploads\/sites\/38\/2024\/09\/Locandina-intera-214x300.jpg\" alt=\"\" width=\"214\" height=\"300\" srcset=\"https:\/\/www.diocesitn.it\/area-cultura\/wp-content\/uploads\/sites\/38\/2024\/09\/Locandina-intera-214x300.jpg 214w, https:\/\/www.diocesitn.it\/area-cultura\/wp-content\/uploads\/sites\/38\/2024\/09\/Locandina-intera-731x1024.jpg 731w, https:\/\/www.diocesitn.it\/area-cultura\/wp-content\/uploads\/sites\/38\/2024\/09\/Locandina-intera-768x1075.jpg 768w, https:\/\/www.diocesitn.it\/area-cultura\/wp-content\/uploads\/sites\/38\/2024\/09\/Locandina-intera-200x280.jpg 200w, https:\/\/www.diocesitn.it\/area-cultura\/wp-content\/uploads\/sites\/38\/2024\/09\/Locandina-intera-549x768.jpg 549w, https:\/\/www.diocesitn.it\/area-cultura\/wp-content\/uploads\/sites\/38\/2024\/09\/Locandina-intera-1097x1536.jpg 1097w, https:\/\/www.diocesitn.it\/area-cultura\/wp-content\/uploads\/sites\/38\/2024\/09\/Locandina-intera-1463x2048.jpg 1463w, https:\/\/www.diocesitn.it\/area-cultura\/wp-content\/uploads\/sites\/38\/2024\/09\/Locandina-intera-800x1120.jpg 800w, https:\/\/www.diocesitn.it\/area-cultura\/wp-content\/uploads\/sites\/38\/2024\/09\/Locandina-intera-1200x1680.jpg 1200w, https:\/\/www.diocesitn.it\/area-cultura\/wp-content\/uploads\/sites\/38\/2024\/09\/Locandina-intera-1320x1848.jpg 1320w, https:\/\/www.diocesitn.it\/area-cultura\/wp-content\/uploads\/sites\/38\/2024\/09\/Locandina-intera-scaled.jpg 1829w\" sizes=\"auto, (max-width: 214px) 100vw, 214px\" \/><\/a>Per ogni ulteriore informazione:<\/span><\/strong><\/p>\n<p><span style=\"color: #000000\">Biblioteca Diocesana Vigilianum<\/span><\/p>\n<p><span style=\"color: #000000\">tel. 0461 360 224<\/span><\/p>\n<p><span style=\"color: #000000\">mail: biblioteca.cultura@diocesitn.it<\/span><\/p>\n<p>&nbsp;<\/p>\n<p>&nbsp;<\/p>\n<p>&nbsp;<\/p>\n<p>&nbsp;<\/p>\n<p><span style=\"color: #008080\"><em>Clicca sulla locandina per ingrandirla<\/em><\/span><\/p>\n","protected":false},"excerpt":{"rendered":"<p>Venerd\u00ec 27 settembre 2024 alle ore 20.30 presso il PalaRotari di Mezzocorona, torna l\u2019atteso evento diocesano proposto dalla nostra biblioteca: una nuova tappa del viaggio di Dante descritto nella Divina Commedia aiutati dalla coinvolgente e<\/p>\n","protected":false},"author":165,"featured_media":13691,"comment_status":"closed","ping_status":"closed","sticky":false,"template":"","format":"standard","meta":{"footnotes":""},"categories":[331,461,329],"tags":[246,397],"class_list":["post-13689","post","type-post","status-publish","format-standard","has-post-thumbnail","hentry","category-servizio-biblioteca","category-cultura","category-notizie","tag-divina-commedia-gregorio-vivaldelli","tag-palarotari"],"acf":{"seed-localization-paese-cod":"IT","seed-localization-address":"","seed-localization-citta":"Trento","seed-localization-regione-cod-istat":"04","seed-localization-citta-cod-istat":"022205","seed-localization-localita":"","seed-localization-cap":"","seed-localization-marker-visibility":false,"seed-localization-children-visibility":false,"seed-localization-kml":"","seed-localization-custom-marker":""},"yoast_head":"<!-- This site is optimized with the Yoast SEO Premium plugin v20.2.1 (Yoast SEO v22.2) - https:\/\/yoast.com\/wordpress\/plugins\/seo\/ -->\n<title>&quot;La vetta della libert\u00e0. Il Paradiso Terrestre di Dante&quot; con Gregorio Vivaldelli il 27 settembre 2024 - Cultura<\/title>\n<meta name=\"robots\" content=\"index, follow, max-snippet:-1, max-image-preview:large, max-video-preview:-1\" \/>\n<link rel=\"canonical\" href=\"https:\/\/www.diocesitn.it\/area-cultura\/2024\/09\/02\/la-vetta-della-liberta-il-paradiso-terrestre-di-dante-con-gregorio-vivaldelli-il-27-settembre-2024\/\" \/>\n<meta property=\"og:locale\" content=\"it_IT\" \/>\n<meta property=\"og:type\" content=\"article\" \/>\n<meta property=\"og:title\" content=\"&quot;La vetta della libert\u00e0. Il Paradiso Terrestre di Dante&quot; con Gregorio Vivaldelli il 27 settembre 2024\" \/>\n<meta property=\"og:description\" content=\"Venerd\u00ec 27 settembre 2024 alle ore 20.30 presso il PalaRotari di Mezzocorona, torna l\u2019atteso evento diocesano proposto dalla nostra biblioteca: una nuova tappa del viaggio di Dante descritto nella Divina Commedia aiutati dalla coinvolgente e\" \/>\n<meta property=\"og:url\" content=\"https:\/\/www.diocesitn.it\/area-cultura\/2024\/09\/02\/la-vetta-della-liberta-il-paradiso-terrestre-di-dante-con-gregorio-vivaldelli-il-27-settembre-2024\/\" \/>\n<meta property=\"og:site_name\" content=\"Cultura\" \/>\n<meta property=\"article:published_time\" content=\"2024-09-02T09:18:37+00:00\" \/>\n<meta property=\"article:modified_time\" content=\"2024-09-25T09:38:30+00:00\" \/>\n<meta property=\"og:image\" content=\"https:\/\/www.diocesitn.it\/area-cultura\/wp-content\/uploads\/sites\/38\/2021\/09\/og-logo-cultura.jpg\" \/>\n\t<meta property=\"og:image:width\" content=\"1200\" \/>\n\t<meta property=\"og:image:height\" content=\"630\" \/>\n\t<meta property=\"og:image:type\" content=\"image\/jpeg\" \/>\n<meta name=\"author\" content=\"ledine\" \/>\n<meta name=\"twitter:card\" content=\"summary_large_image\" \/>\n<meta name=\"twitter:label1\" content=\"Scritto da\" \/>\n\t<meta name=\"twitter:data1\" content=\"ledine\" \/>\n\t<meta name=\"twitter:label2\" content=\"Tempo di lettura stimato\" \/>\n\t<meta name=\"twitter:data2\" content=\"2 minuti\" \/>\n<script type=\"application\/ld+json\" class=\"yoast-schema-graph\">{\"@context\":\"https:\/\/schema.org\",\"@graph\":[{\"@type\":\"Article\",\"@id\":\"https:\/\/www.diocesitn.it\/area-cultura\/2024\/09\/02\/la-vetta-della-liberta-il-paradiso-terrestre-di-dante-con-gregorio-vivaldelli-il-27-settembre-2024\/#article\",\"isPartOf\":{\"@id\":\"https:\/\/www.diocesitn.it\/area-cultura\/2024\/09\/02\/la-vetta-della-liberta-il-paradiso-terrestre-di-dante-con-gregorio-vivaldelli-il-27-settembre-2024\/\"},\"author\":{\"name\":\"ledine\",\"@id\":\"https:\/\/www.diocesitn.it\/area-cultura\/#\/schema\/person\/93b7401db62b6f32d20347e997095e6c\"},\"headline\":\"&#8220;La vetta della libert\u00e0. Il Paradiso Terrestre di Dante&#8221; con Gregorio Vivaldelli il 27 settembre 2024\",\"datePublished\":\"2024-09-02T09:18:37+00:00\",\"dateModified\":\"2024-09-25T09:38:30+00:00\",\"mainEntityOfPage\":{\"@id\":\"https:\/\/www.diocesitn.it\/area-cultura\/2024\/09\/02\/la-vetta-della-liberta-il-paradiso-terrestre-di-dante-con-gregorio-vivaldelli-il-27-settembre-2024\/\"},\"wordCount\":298,\"publisher\":{\"@id\":\"https:\/\/www.diocesitn.it\/area-cultura\/#organization\"},\"image\":{\"@id\":\"https:\/\/www.diocesitn.it\/area-cultura\/2024\/09\/02\/la-vetta-della-liberta-il-paradiso-terrestre-di-dante-con-gregorio-vivaldelli-il-27-settembre-2024\/#primaryimage\"},\"thumbnailUrl\":\"https:\/\/www.diocesitn.it\/area-cultura\/wp-content\/uploads\/sites\/38\/2024\/08\/per-slider-pdf.jpg\",\"keywords\":[\"Divina Commedia; Gregorio Vivaldelli\",\"Palarotari\"],\"articleSection\":[\"Biblioteca diocesana Vigilianum\",\"Cultura\",\"Notizie\"],\"inLanguage\":\"it-IT\",\"copyrightYear\":\"2024\",\"copyrightHolder\":{\"@id\":\"https:\/\/www.diocesitn.it\/#organization\"}},{\"@type\":\"WebPage\",\"@id\":\"https:\/\/www.diocesitn.it\/area-cultura\/2024\/09\/02\/la-vetta-della-liberta-il-paradiso-terrestre-di-dante-con-gregorio-vivaldelli-il-27-settembre-2024\/\",\"url\":\"https:\/\/www.diocesitn.it\/area-cultura\/2024\/09\/02\/la-vetta-della-liberta-il-paradiso-terrestre-di-dante-con-gregorio-vivaldelli-il-27-settembre-2024\/\",\"name\":\"\\\"La vetta della libert\u00e0. Il Paradiso Terrestre di Dante\\\" con Gregorio Vivaldelli il 27 settembre 2024 - Cultura\",\"isPartOf\":{\"@id\":\"https:\/\/www.diocesitn.it\/area-cultura\/#website\"},\"primaryImageOfPage\":{\"@id\":\"https:\/\/www.diocesitn.it\/area-cultura\/2024\/09\/02\/la-vetta-della-liberta-il-paradiso-terrestre-di-dante-con-gregorio-vivaldelli-il-27-settembre-2024\/#primaryimage\"},\"image\":{\"@id\":\"https:\/\/www.diocesitn.it\/area-cultura\/2024\/09\/02\/la-vetta-della-liberta-il-paradiso-terrestre-di-dante-con-gregorio-vivaldelli-il-27-settembre-2024\/#primaryimage\"},\"thumbnailUrl\":\"https:\/\/www.diocesitn.it\/area-cultura\/wp-content\/uploads\/sites\/38\/2024\/08\/per-slider-pdf.jpg\",\"datePublished\":\"2024-09-02T09:18:37+00:00\",\"dateModified\":\"2024-09-25T09:38:30+00:00\",\"breadcrumb\":{\"@id\":\"https:\/\/www.diocesitn.it\/area-cultura\/2024\/09\/02\/la-vetta-della-liberta-il-paradiso-terrestre-di-dante-con-gregorio-vivaldelli-il-27-settembre-2024\/#breadcrumb\"},\"inLanguage\":\"it-IT\",\"potentialAction\":[{\"@type\":\"ReadAction\",\"target\":[\"https:\/\/www.diocesitn.it\/area-cultura\/2024\/09\/02\/la-vetta-della-liberta-il-paradiso-terrestre-di-dante-con-gregorio-vivaldelli-il-27-settembre-2024\/\"]}]},{\"@type\":\"ImageObject\",\"inLanguage\":\"it-IT\",\"@id\":\"https:\/\/www.diocesitn.it\/area-cultura\/2024\/09\/02\/la-vetta-della-liberta-il-paradiso-terrestre-di-dante-con-gregorio-vivaldelli-il-27-settembre-2024\/#primaryimage\",\"url\":\"https:\/\/www.diocesitn.it\/area-cultura\/wp-content\/uploads\/sites\/38\/2024\/08\/per-slider-pdf.jpg\",\"contentUrl\":\"https:\/\/www.diocesitn.it\/area-cultura\/wp-content\/uploads\/sites\/38\/2024\/08\/per-slider-pdf.jpg\"},{\"@type\":\"BreadcrumbList\",\"@id\":\"https:\/\/www.diocesitn.it\/area-cultura\/2024\/09\/02\/la-vetta-della-liberta-il-paradiso-terrestre-di-dante-con-gregorio-vivaldelli-il-27-settembre-2024\/#breadcrumb\",\"itemListElement\":[{\"@type\":\"ListItem\",\"position\":1,\"name\":\"Home\",\"item\":\"https:\/\/www.diocesitn.it\/area-cultura\/\"},{\"@type\":\"ListItem\",\"position\":2,\"name\":\"&#8220;La vetta della libert\u00e0. Il Paradiso Terrestre di Dante&#8221; con Gregorio Vivaldelli il 27 settembre 2024\"}]},{\"@type\":\"WebSite\",\"@id\":\"https:\/\/www.diocesitn.it\/area-cultura\/#website\",\"url\":\"https:\/\/www.diocesitn.it\/area-cultura\/\",\"name\":\"Cultura\",\"description\":\"Chiesa di Trento\",\"publisher\":{\"@id\":\"https:\/\/www.diocesitn.it\/area-cultura\/#organization\"},\"potentialAction\":[{\"@type\":\"SearchAction\",\"target\":{\"@type\":\"EntryPoint\",\"urlTemplate\":\"https:\/\/www.diocesitn.it\/area-cultura\/?s={search_term_string}\"},\"query-input\":\"required name=search_term_string\"}],\"inLanguage\":\"it-IT\"},{\"@type\":[\"Organization\",\"Place\"],\"@id\":\"https:\/\/www.diocesitn.it\/area-cultura\/#organization\",\"name\":\"Area Cultura - Chiesa di Trento\",\"url\":\"https:\/\/www.diocesitn.it\/area-cultura\/\",\"logo\":{\"@id\":\"https:\/\/www.diocesitn.it\/area-cultura\/2024\/09\/02\/la-vetta-della-liberta-il-paradiso-terrestre-di-dante-con-gregorio-vivaldelli-il-27-settembre-2024\/#local-main-organization-logo\"},\"image\":{\"@id\":\"https:\/\/www.diocesitn.it\/area-cultura\/2024\/09\/02\/la-vetta-della-liberta-il-paradiso-terrestre-di-dante-con-gregorio-vivaldelli-il-27-settembre-2024\/#local-main-organization-logo\"},\"sameAs\":[\"https:\/\/www.youtube.com\/channel\/UCfWD2n-N6WTCg2P_UA72H6Q\"],\"openingHoursSpecification\":[{\"@type\":\"OpeningHoursSpecification\",\"dayOfWeek\":[\"Monday\",\"Tuesday\",\"Wednesday\",\"Thursday\",\"Friday\",\"Saturday\",\"Sunday\"],\"opens\":\"09:00\",\"closes\":\"17:00\"}]},{\"@type\":\"ImageObject\",\"inLanguage\":\"it-IT\",\"@id\":\"https:\/\/www.diocesitn.it\/area-cultura\/2024\/09\/02\/la-vetta-della-liberta-il-paradiso-terrestre-di-dante-con-gregorio-vivaldelli-il-27-settembre-2024\/#local-main-organization-logo\",\"url\":\"https:\/\/www.diocesitn.it\/area-cultura\/wp-content\/uploads\/sites\/38\/2021\/09\/og-logo-cultura.jpg\",\"contentUrl\":\"https:\/\/www.diocesitn.it\/area-cultura\/wp-content\/uploads\/sites\/38\/2021\/09\/og-logo-cultura.jpg\",\"width\":1200,\"height\":630,\"caption\":\"Area Cultura - Chiesa di Trento\"}]}<\/script>\n<!-- \/ Yoast SEO Premium plugin. -->","yoast_head_json":{"title":"\"La vetta della libert\u00e0. Il Paradiso Terrestre di Dante\" con Gregorio Vivaldelli il 27 settembre 2024 - Cultura","robots":{"index":"index","follow":"follow","max-snippet":"max-snippet:-1","max-image-preview":"max-image-preview:large","max-video-preview":"max-video-preview:-1"},"canonical":"https:\/\/www.diocesitn.it\/area-cultura\/2024\/09\/02\/la-vetta-della-liberta-il-paradiso-terrestre-di-dante-con-gregorio-vivaldelli-il-27-settembre-2024\/","og_locale":"it_IT","og_type":"article","og_title":"\"La vetta della libert\u00e0. Il Paradiso Terrestre di Dante\" con Gregorio Vivaldelli il 27 settembre 2024","og_description":"Venerd\u00ec 27 settembre 2024 alle ore 20.30 presso il PalaRotari di Mezzocorona, torna l\u2019atteso evento diocesano proposto dalla nostra biblioteca: una nuova tappa del viaggio di Dante descritto nella Divina Commedia aiutati dalla coinvolgente e","og_url":"https:\/\/www.diocesitn.it\/area-cultura\/2024\/09\/02\/la-vetta-della-liberta-il-paradiso-terrestre-di-dante-con-gregorio-vivaldelli-il-27-settembre-2024\/","og_site_name":"Cultura","article_published_time":"2024-09-02T09:18:37+00:00","article_modified_time":"2024-09-25T09:38:30+00:00","og_image":[{"width":1200,"height":630,"url":"https:\/\/www.diocesitn.it\/area-cultura\/wp-content\/uploads\/sites\/38\/2021\/09\/og-logo-cultura.jpg","type":"image\/jpeg"}],"author":"ledine","twitter_card":"summary_large_image","twitter_misc":{"Scritto da":"ledine","Tempo di lettura stimato":"2 minuti"},"schema":{"@context":"https:\/\/schema.org","@graph":[{"@type":"Article","@id":"https:\/\/www.diocesitn.it\/area-cultura\/2024\/09\/02\/la-vetta-della-liberta-il-paradiso-terrestre-di-dante-con-gregorio-vivaldelli-il-27-settembre-2024\/#article","isPartOf":{"@id":"https:\/\/www.diocesitn.it\/area-cultura\/2024\/09\/02\/la-vetta-della-liberta-il-paradiso-terrestre-di-dante-con-gregorio-vivaldelli-il-27-settembre-2024\/"},"author":{"name":"ledine","@id":"https:\/\/www.diocesitn.it\/area-cultura\/#\/schema\/person\/93b7401db62b6f32d20347e997095e6c"},"headline":"&#8220;La vetta della libert\u00e0. Il Paradiso Terrestre di Dante&#8221; con Gregorio Vivaldelli il 27 settembre 2024","datePublished":"2024-09-02T09:18:37+00:00","dateModified":"2024-09-25T09:38:30+00:00","mainEntityOfPage":{"@id":"https:\/\/www.diocesitn.it\/area-cultura\/2024\/09\/02\/la-vetta-della-liberta-il-paradiso-terrestre-di-dante-con-gregorio-vivaldelli-il-27-settembre-2024\/"},"wordCount":298,"publisher":{"@id":"https:\/\/www.diocesitn.it\/area-cultura\/#organization"},"image":{"@id":"https:\/\/www.diocesitn.it\/area-cultura\/2024\/09\/02\/la-vetta-della-liberta-il-paradiso-terrestre-di-dante-con-gregorio-vivaldelli-il-27-settembre-2024\/#primaryimage"},"thumbnailUrl":"https:\/\/www.diocesitn.it\/area-cultura\/wp-content\/uploads\/sites\/38\/2024\/08\/per-slider-pdf.jpg","keywords":["Divina Commedia; Gregorio Vivaldelli","Palarotari"],"articleSection":["Biblioteca diocesana Vigilianum","Cultura","Notizie"],"inLanguage":"it-IT","copyrightYear":"2024","copyrightHolder":{"@id":"https:\/\/www.diocesitn.it\/#organization"}},{"@type":"WebPage","@id":"https:\/\/www.diocesitn.it\/area-cultura\/2024\/09\/02\/la-vetta-della-liberta-il-paradiso-terrestre-di-dante-con-gregorio-vivaldelli-il-27-settembre-2024\/","url":"https:\/\/www.diocesitn.it\/area-cultura\/2024\/09\/02\/la-vetta-della-liberta-il-paradiso-terrestre-di-dante-con-gregorio-vivaldelli-il-27-settembre-2024\/","name":"\"La vetta della libert\u00e0. Il Paradiso Terrestre di Dante\" con Gregorio Vivaldelli il 27 settembre 2024 - Cultura","isPartOf":{"@id":"https:\/\/www.diocesitn.it\/area-cultura\/#website"},"primaryImageOfPage":{"@id":"https:\/\/www.diocesitn.it\/area-cultura\/2024\/09\/02\/la-vetta-della-liberta-il-paradiso-terrestre-di-dante-con-gregorio-vivaldelli-il-27-settembre-2024\/#primaryimage"},"image":{"@id":"https:\/\/www.diocesitn.it\/area-cultura\/2024\/09\/02\/la-vetta-della-liberta-il-paradiso-terrestre-di-dante-con-gregorio-vivaldelli-il-27-settembre-2024\/#primaryimage"},"thumbnailUrl":"https:\/\/www.diocesitn.it\/area-cultura\/wp-content\/uploads\/sites\/38\/2024\/08\/per-slider-pdf.jpg","datePublished":"2024-09-02T09:18:37+00:00","dateModified":"2024-09-25T09:38:30+00:00","breadcrumb":{"@id":"https:\/\/www.diocesitn.it\/area-cultura\/2024\/09\/02\/la-vetta-della-liberta-il-paradiso-terrestre-di-dante-con-gregorio-vivaldelli-il-27-settembre-2024\/#breadcrumb"},"inLanguage":"it-IT","potentialAction":[{"@type":"ReadAction","target":["https:\/\/www.diocesitn.it\/area-cultura\/2024\/09\/02\/la-vetta-della-liberta-il-paradiso-terrestre-di-dante-con-gregorio-vivaldelli-il-27-settembre-2024\/"]}]},{"@type":"ImageObject","inLanguage":"it-IT","@id":"https:\/\/www.diocesitn.it\/area-cultura\/2024\/09\/02\/la-vetta-della-liberta-il-paradiso-terrestre-di-dante-con-gregorio-vivaldelli-il-27-settembre-2024\/#primaryimage","url":"https:\/\/www.diocesitn.it\/area-cultura\/wp-content\/uploads\/sites\/38\/2024\/08\/per-slider-pdf.jpg","contentUrl":"https:\/\/www.diocesitn.it\/area-cultura\/wp-content\/uploads\/sites\/38\/2024\/08\/per-slider-pdf.jpg"},{"@type":"BreadcrumbList","@id":"https:\/\/www.diocesitn.it\/area-cultura\/2024\/09\/02\/la-vetta-della-liberta-il-paradiso-terrestre-di-dante-con-gregorio-vivaldelli-il-27-settembre-2024\/#breadcrumb","itemListElement":[{"@type":"ListItem","position":1,"name":"Home","item":"https:\/\/www.diocesitn.it\/area-cultura\/"},{"@type":"ListItem","position":2,"name":"&#8220;La vetta della libert\u00e0. Il Paradiso Terrestre di Dante&#8221; con Gregorio Vivaldelli il 27 settembre 2024"}]},{"@type":"WebSite","@id":"https:\/\/www.diocesitn.it\/area-cultura\/#website","url":"https:\/\/www.diocesitn.it\/area-cultura\/","name":"Cultura","description":"Chiesa di Trento","publisher":{"@id":"https:\/\/www.diocesitn.it\/area-cultura\/#organization"},"potentialAction":[{"@type":"SearchAction","target":{"@type":"EntryPoint","urlTemplate":"https:\/\/www.diocesitn.it\/area-cultura\/?s={search_term_string}"},"query-input":"required name=search_term_string"}],"inLanguage":"it-IT"},{"@type":["Organization","Place"],"@id":"https:\/\/www.diocesitn.it\/area-cultura\/#organization","name":"Area Cultura - Chiesa di Trento","url":"https:\/\/www.diocesitn.it\/area-cultura\/","logo":{"@id":"https:\/\/www.diocesitn.it\/area-cultura\/2024\/09\/02\/la-vetta-della-liberta-il-paradiso-terrestre-di-dante-con-gregorio-vivaldelli-il-27-settembre-2024\/#local-main-organization-logo"},"image":{"@id":"https:\/\/www.diocesitn.it\/area-cultura\/2024\/09\/02\/la-vetta-della-liberta-il-paradiso-terrestre-di-dante-con-gregorio-vivaldelli-il-27-settembre-2024\/#local-main-organization-logo"},"sameAs":["https:\/\/www.youtube.com\/channel\/UCfWD2n-N6WTCg2P_UA72H6Q"],"openingHoursSpecification":[{"@type":"OpeningHoursSpecification","dayOfWeek":["Monday","Tuesday","Wednesday","Thursday","Friday","Saturday","Sunday"],"opens":"09:00","closes":"17:00"}]},{"@type":"ImageObject","inLanguage":"it-IT","@id":"https:\/\/www.diocesitn.it\/area-cultura\/2024\/09\/02\/la-vetta-della-liberta-il-paradiso-terrestre-di-dante-con-gregorio-vivaldelli-il-27-settembre-2024\/#local-main-organization-logo","url":"https:\/\/www.diocesitn.it\/area-cultura\/wp-content\/uploads\/sites\/38\/2021\/09\/og-logo-cultura.jpg","contentUrl":"https:\/\/www.diocesitn.it\/area-cultura\/wp-content\/uploads\/sites\/38\/2021\/09\/og-logo-cultura.jpg","width":1200,"height":630,"caption":"Area Cultura - Chiesa di Trento"}]}},"_links":{"self":[{"href":"https:\/\/www.diocesitn.it\/area-cultura\/wp-json\/wp\/v2\/posts\/13689","targetHints":{"allow":["GET"]}}],"collection":[{"href":"https:\/\/www.diocesitn.it\/area-cultura\/wp-json\/wp\/v2\/posts"}],"about":[{"href":"https:\/\/www.diocesitn.it\/area-cultura\/wp-json\/wp\/v2\/types\/post"}],"author":[{"embeddable":true,"href":"https:\/\/www.diocesitn.it\/area-cultura\/wp-json\/wp\/v2\/users\/165"}],"replies":[{"embeddable":true,"href":"https:\/\/www.diocesitn.it\/area-cultura\/wp-json\/wp\/v2\/comments?post=13689"}],"version-history":[{"count":3,"href":"https:\/\/www.diocesitn.it\/area-cultura\/wp-json\/wp\/v2\/posts\/13689\/revisions"}],"predecessor-version":[{"id":13882,"href":"https:\/\/www.diocesitn.it\/area-cultura\/wp-json\/wp\/v2\/posts\/13689\/revisions\/13882"}],"wp:featuredmedia":[{"embeddable":true,"href":"https:\/\/www.diocesitn.it\/area-cultura\/wp-json\/wp\/v2\/media\/13691"}],"wp:attachment":[{"href":"https:\/\/www.diocesitn.it\/area-cultura\/wp-json\/wp\/v2\/media?parent=13689"}],"wp:term":[{"taxonomy":"category","embeddable":true,"href":"https:\/\/www.diocesitn.it\/area-cultura\/wp-json\/wp\/v2\/categories?post=13689"},{"taxonomy":"post_tag","embeddable":true,"href":"https:\/\/www.diocesitn.it\/area-cultura\/wp-json\/wp\/v2\/tags?post=13689"}],"curies":[{"name":"wp","href":"https:\/\/api.w.org\/{rel}","templated":true}]}}