{"id":13604,"date":"2024-07-16T09:39:34","date_gmt":"2024-07-16T07:39:34","guid":{"rendered":"https:\/\/www.diocesitn.it\/area-cultura\/?p=13604"},"modified":"2024-09-03T09:32:26","modified_gmt":"2024-09-03T07:32:26","slug":"fine-settimana-di-spiritualita","status":"publish","type":"post","link":"https:\/\/www.diocesitn.it\/area-cultura\/2024\/07\/16\/fine-settimana-di-spiritualita\/","title":{"rendered":"&#8220;Il dono dell&#8217;Eucaristia&#8221;, a cura di Azione Cattolica e SDFT"},"content":{"rendered":"<p>A cura di Azione Cattolica Trento e della SDFT un fine settimana in cui don Giampaolo Tomasi guider\u00e0 le meditazioni.<\/p>\n<p>Un tempo per s\u00e9 e per Dio, per cominciare bene l&#8217;anno di attivit\u00e0.<\/p>\n<p><a href=\"https:\/\/www.diocesitn.it\/area-cultura\/wp-content\/uploads\/sites\/38\/2024\/07\/Locandina-spiritualita-6-8set24-002.pdf\">Scarica la locandina<\/a><\/p>\n<blockquote class=\"wp-embedded-content\" data-secret=\"05FIYsvpuf\"><p><a href=\"https:\/\/www.azionecattolicatrento.it\/events\/fine-settimana-di-spiritualita-6-8-settembre-2024\/\">Fine settimana di spiritualit\u00e0 6-8 settembre 2024<\/a><\/p><\/blockquote>\n<p><iframe loading=\"lazy\" class=\"wp-embedded-content\" sandbox=\"allow-scripts\" security=\"restricted\" style=\"position: absolute; clip: rect(1px, 1px, 1px, 1px);\" title=\"&#8220;Fine settimana di spiritualit\u00e0 6-8 settembre 2024&#8221; &#8212; Azione Cattolica Trento\" src=\"https:\/\/www.azionecattolicatrento.it\/events\/fine-settimana-di-spiritualita-6-8-settembre-2024\/embed\/#?secret=XGF5TTwZiu#?secret=05FIYsvpuf\" data-secret=\"05FIYsvpuf\" width=\"600\" height=\"338\" frameborder=\"0\" marginwidth=\"0\" marginheight=\"0\" scrolling=\"no\"><\/iframe><\/p>\n","protected":false},"excerpt":{"rendered":"<p>A cura di Azione Cattolica Trento e della SDFT un fine settimana in cui don Giampaolo Tomasi guider\u00e0 le meditazioni. Un tempo per s\u00e9 e per Dio, per cominciare bene l&#8217;anno di attivit\u00e0. Scarica la<\/p>\n","protected":false},"author":176,"featured_media":13624,"comment_status":"closed","ping_status":"closed","sticky":false,"template":"","format":"standard","meta":{"footnotes":""},"categories":[632,657,461,375,329,361,1],"tags":[],"class_list":["post-13604","post","type-post","status-publish","format-standard","has-post-thumbnail","hentry","category-area-cultura","category-azione-cattolica","category-cultura","category-servizio-formazione","category-notizie","category-servizio-sdft","category-senza-categoria"],"acf":{"seed-localization-paese-cod":"IT","seed-localization-address":"","seed-localization-citta":"Trento","seed-localization-regione-cod-istat":"04","seed-localization-citta-cod-istat":"022205","seed-localization-localita":"","seed-localization-cap":"","seed-localization-marker-visibility":false,"seed-localization-children-visibility":false,"seed-localization-kml":"","seed-localization-custom-marker":""},"yoast_head":"<!-- This site is optimized with the Yoast SEO Premium plugin v20.2.1 (Yoast SEO v22.2) - https:\/\/yoast.com\/wordpress\/plugins\/seo\/ -->\n<title>&quot;Il dono dell&#039;Eucaristia&quot;, a cura di Azione Cattolica e SDFT - Cultura<\/title>\n<meta name=\"robots\" content=\"index, follow, max-snippet:-1, max-image-preview:large, max-video-preview:-1\" \/>\n<link rel=\"canonical\" href=\"https:\/\/www.diocesitn.it\/area-cultura\/2024\/07\/16\/fine-settimana-di-spiritualita\/\" \/>\n<meta property=\"og:locale\" content=\"it_IT\" \/>\n<meta property=\"og:type\" content=\"article\" \/>\n<meta property=\"og:title\" content=\"&quot;Il dono dell&#039;Eucaristia&quot;, a cura di Azione Cattolica e SDFT\" \/>\n<meta property=\"og:description\" content=\"A cura di Azione Cattolica Trento e della SDFT un fine settimana in cui don Giampaolo Tomasi guider\u00e0 le meditazioni. Un tempo per s\u00e9 e per Dio, per cominciare bene l&#8217;anno di attivit\u00e0. Scarica la\" \/>\n<meta property=\"og:url\" content=\"https:\/\/www.diocesitn.it\/area-cultura\/2024\/07\/16\/fine-settimana-di-spiritualita\/\" \/>\n<meta property=\"og:site_name\" content=\"Cultura\" \/>\n<meta property=\"article:published_time\" content=\"2024-07-16T07:39:34+00:00\" \/>\n<meta property=\"article:modified_time\" content=\"2024-09-03T07:32:26+00:00\" \/>\n<meta property=\"og:image\" content=\"https:\/\/www.diocesitn.it\/area-cultura\/wp-content\/uploads\/sites\/38\/2024\/07\/Eucarestia-2.jpg\" \/>\n\t<meta property=\"og:image:width\" content=\"1000\" \/>\n\t<meta property=\"og:image:height\" content=\"600\" \/>\n\t<meta property=\"og:image:type\" content=\"image\/jpeg\" \/>\n<meta name=\"author\" content=\"lparis\" \/>\n<meta name=\"twitter:card\" content=\"summary_large_image\" \/>\n<meta name=\"twitter:label1\" content=\"Scritto da\" \/>\n\t<meta name=\"twitter:data1\" content=\"lparis\" \/>\n\t<meta name=\"twitter:label2\" content=\"Tempo di lettura stimato\" \/>\n\t<meta name=\"twitter:data2\" content=\"1 minuto\" \/>\n<script type=\"application\/ld+json\" class=\"yoast-schema-graph\">{\"@context\":\"https:\/\/schema.org\",\"@graph\":[{\"@type\":\"Article\",\"@id\":\"https:\/\/www.diocesitn.it\/area-cultura\/2024\/07\/16\/fine-settimana-di-spiritualita\/#article\",\"isPartOf\":{\"@id\":\"https:\/\/www.diocesitn.it\/area-cultura\/2024\/07\/16\/fine-settimana-di-spiritualita\/\"},\"author\":{\"name\":\"lparis\",\"@id\":\"https:\/\/www.diocesitn.it\/area-cultura\/#\/schema\/person\/56f5dae17432fc6d153fbbbf46f9d871\"},\"headline\":\"&#8220;Il dono dell&#8217;Eucaristia&#8221;, a cura di Azione Cattolica e SDFT\",\"datePublished\":\"2024-07-16T07:39:34+00:00\",\"dateModified\":\"2024-09-03T07:32:26+00:00\",\"mainEntityOfPage\":{\"@id\":\"https:\/\/www.diocesitn.it\/area-cultura\/2024\/07\/16\/fine-settimana-di-spiritualita\/\"},\"wordCount\":54,\"publisher\":{\"@id\":\"https:\/\/www.diocesitn.it\/area-cultura\/#organization\"},\"image\":{\"@id\":\"https:\/\/www.diocesitn.it\/area-cultura\/2024\/07\/16\/fine-settimana-di-spiritualita\/#primaryimage\"},\"thumbnailUrl\":\"https:\/\/www.diocesitn.it\/area-cultura\/wp-content\/uploads\/sites\/38\/2024\/07\/Eucarestia-2.jpg\",\"articleSection\":[\"Area Cultura\",\"Azione Cattolica\",\"Cultura\",\"Formazione\",\"Notizie\",\"Scuola diocesana di formazione teologica\"],\"inLanguage\":\"it-IT\",\"copyrightYear\":\"2024\",\"copyrightHolder\":{\"@id\":\"https:\/\/www.diocesitn.it\/#organization\"}},{\"@type\":\"WebPage\",\"@id\":\"https:\/\/www.diocesitn.it\/area-cultura\/2024\/07\/16\/fine-settimana-di-spiritualita\/\",\"url\":\"https:\/\/www.diocesitn.it\/area-cultura\/2024\/07\/16\/fine-settimana-di-spiritualita\/\",\"name\":\"\\\"Il dono dell'Eucaristia\\\", a cura di Azione Cattolica e SDFT - Cultura\",\"isPartOf\":{\"@id\":\"https:\/\/www.diocesitn.it\/area-cultura\/#website\"},\"primaryImageOfPage\":{\"@id\":\"https:\/\/www.diocesitn.it\/area-cultura\/2024\/07\/16\/fine-settimana-di-spiritualita\/#primaryimage\"},\"image\":{\"@id\":\"https:\/\/www.diocesitn.it\/area-cultura\/2024\/07\/16\/fine-settimana-di-spiritualita\/#primaryimage\"},\"thumbnailUrl\":\"https:\/\/www.diocesitn.it\/area-cultura\/wp-content\/uploads\/sites\/38\/2024\/07\/Eucarestia-2.jpg\",\"datePublished\":\"2024-07-16T07:39:34+00:00\",\"dateModified\":\"2024-09-03T07:32:26+00:00\",\"breadcrumb\":{\"@id\":\"https:\/\/www.diocesitn.it\/area-cultura\/2024\/07\/16\/fine-settimana-di-spiritualita\/#breadcrumb\"},\"inLanguage\":\"it-IT\",\"potentialAction\":[{\"@type\":\"ReadAction\",\"target\":[\"https:\/\/www.diocesitn.it\/area-cultura\/2024\/07\/16\/fine-settimana-di-spiritualita\/\"]}]},{\"@type\":\"ImageObject\",\"inLanguage\":\"it-IT\",\"@id\":\"https:\/\/www.diocesitn.it\/area-cultura\/2024\/07\/16\/fine-settimana-di-spiritualita\/#primaryimage\",\"url\":\"https:\/\/www.diocesitn.it\/area-cultura\/wp-content\/uploads\/sites\/38\/2024\/07\/Eucarestia-2.jpg\",\"contentUrl\":\"https:\/\/www.diocesitn.it\/area-cultura\/wp-content\/uploads\/sites\/38\/2024\/07\/Eucarestia-2.jpg\",\"width\":1000,\"height\":600},{\"@type\":\"BreadcrumbList\",\"@id\":\"https:\/\/www.diocesitn.it\/area-cultura\/2024\/07\/16\/fine-settimana-di-spiritualita\/#breadcrumb\",\"itemListElement\":[{\"@type\":\"ListItem\",\"position\":1,\"name\":\"Home\",\"item\":\"https:\/\/www.diocesitn.it\/area-cultura\/\"},{\"@type\":\"ListItem\",\"position\":2,\"name\":\"&#8220;Il dono dell&#8217;Eucaristia&#8221;, a cura di Azione Cattolica e SDFT\"}]},{\"@type\":\"WebSite\",\"@id\":\"https:\/\/www.diocesitn.it\/area-cultura\/#website\",\"url\":\"https:\/\/www.diocesitn.it\/area-cultura\/\",\"name\":\"Cultura\",\"description\":\"Chiesa di Trento\",\"publisher\":{\"@id\":\"https:\/\/www.diocesitn.it\/area-cultura\/#organization\"},\"potentialAction\":[{\"@type\":\"SearchAction\",\"target\":{\"@type\":\"EntryPoint\",\"urlTemplate\":\"https:\/\/www.diocesitn.it\/area-cultura\/?s={search_term_string}\"},\"query-input\":\"required name=search_term_string\"}],\"inLanguage\":\"it-IT\"},{\"@type\":[\"Organization\",\"Place\"],\"@id\":\"https:\/\/www.diocesitn.it\/area-cultura\/#organization\",\"name\":\"Area Cultura - Chiesa di Trento\",\"url\":\"https:\/\/www.diocesitn.it\/area-cultura\/\",\"logo\":{\"@id\":\"https:\/\/www.diocesitn.it\/area-cultura\/2024\/07\/16\/fine-settimana-di-spiritualita\/#local-main-organization-logo\"},\"image\":{\"@id\":\"https:\/\/www.diocesitn.it\/area-cultura\/2024\/07\/16\/fine-settimana-di-spiritualita\/#local-main-organization-logo\"},\"sameAs\":[\"https:\/\/www.youtube.com\/channel\/UCfWD2n-N6WTCg2P_UA72H6Q\"],\"openingHoursSpecification\":[{\"@type\":\"OpeningHoursSpecification\",\"dayOfWeek\":[\"Monday\",\"Tuesday\",\"Wednesday\",\"Thursday\",\"Friday\",\"Saturday\",\"Sunday\"],\"opens\":\"09:00\",\"closes\":\"17:00\"}]},{\"@type\":\"ImageObject\",\"inLanguage\":\"it-IT\",\"@id\":\"https:\/\/www.diocesitn.it\/area-cultura\/2024\/07\/16\/fine-settimana-di-spiritualita\/#local-main-organization-logo\",\"url\":\"https:\/\/www.diocesitn.it\/area-cultura\/wp-content\/uploads\/sites\/38\/2021\/09\/og-logo-cultura.jpg\",\"contentUrl\":\"https:\/\/www.diocesitn.it\/area-cultura\/wp-content\/uploads\/sites\/38\/2021\/09\/og-logo-cultura.jpg\",\"width\":1200,\"height\":630,\"caption\":\"Area Cultura - Chiesa di Trento\"}]}<\/script>\n<!-- \/ Yoast SEO Premium plugin. -->","yoast_head_json":{"title":"\"Il dono dell'Eucaristia\", a cura di Azione Cattolica e SDFT - Cultura","robots":{"index":"index","follow":"follow","max-snippet":"max-snippet:-1","max-image-preview":"max-image-preview:large","max-video-preview":"max-video-preview:-1"},"canonical":"https:\/\/www.diocesitn.it\/area-cultura\/2024\/07\/16\/fine-settimana-di-spiritualita\/","og_locale":"it_IT","og_type":"article","og_title":"\"Il dono dell'Eucaristia\", a cura di Azione Cattolica e SDFT","og_description":"A cura di Azione Cattolica Trento e della SDFT un fine settimana in cui don Giampaolo Tomasi guider\u00e0 le meditazioni. Un tempo per s\u00e9 e per Dio, per cominciare bene l&#8217;anno di attivit\u00e0. Scarica la","og_url":"https:\/\/www.diocesitn.it\/area-cultura\/2024\/07\/16\/fine-settimana-di-spiritualita\/","og_site_name":"Cultura","article_published_time":"2024-07-16T07:39:34+00:00","article_modified_time":"2024-09-03T07:32:26+00:00","og_image":[{"width":1000,"height":600,"url":"https:\/\/www.diocesitn.it\/area-cultura\/wp-content\/uploads\/sites\/38\/2024\/07\/Eucarestia-2.jpg","type":"image\/jpeg"}],"author":"lparis","twitter_card":"summary_large_image","twitter_misc":{"Scritto da":"lparis","Tempo di lettura stimato":"1 minuto"},"schema":{"@context":"https:\/\/schema.org","@graph":[{"@type":"Article","@id":"https:\/\/www.diocesitn.it\/area-cultura\/2024\/07\/16\/fine-settimana-di-spiritualita\/#article","isPartOf":{"@id":"https:\/\/www.diocesitn.it\/area-cultura\/2024\/07\/16\/fine-settimana-di-spiritualita\/"},"author":{"name":"lparis","@id":"https:\/\/www.diocesitn.it\/area-cultura\/#\/schema\/person\/56f5dae17432fc6d153fbbbf46f9d871"},"headline":"&#8220;Il dono dell&#8217;Eucaristia&#8221;, a cura di Azione Cattolica e SDFT","datePublished":"2024-07-16T07:39:34+00:00","dateModified":"2024-09-03T07:32:26+00:00","mainEntityOfPage":{"@id":"https:\/\/www.diocesitn.it\/area-cultura\/2024\/07\/16\/fine-settimana-di-spiritualita\/"},"wordCount":54,"publisher":{"@id":"https:\/\/www.diocesitn.it\/area-cultura\/#organization"},"image":{"@id":"https:\/\/www.diocesitn.it\/area-cultura\/2024\/07\/16\/fine-settimana-di-spiritualita\/#primaryimage"},"thumbnailUrl":"https:\/\/www.diocesitn.it\/area-cultura\/wp-content\/uploads\/sites\/38\/2024\/07\/Eucarestia-2.jpg","articleSection":["Area Cultura","Azione Cattolica","Cultura","Formazione","Notizie","Scuola diocesana di formazione teologica"],"inLanguage":"it-IT","copyrightYear":"2024","copyrightHolder":{"@id":"https:\/\/www.diocesitn.it\/#organization"}},{"@type":"WebPage","@id":"https:\/\/www.diocesitn.it\/area-cultura\/2024\/07\/16\/fine-settimana-di-spiritualita\/","url":"https:\/\/www.diocesitn.it\/area-cultura\/2024\/07\/16\/fine-settimana-di-spiritualita\/","name":"\"Il dono dell'Eucaristia\", a cura di Azione Cattolica e SDFT - Cultura","isPartOf":{"@id":"https:\/\/www.diocesitn.it\/area-cultura\/#website"},"primaryImageOfPage":{"@id":"https:\/\/www.diocesitn.it\/area-cultura\/2024\/07\/16\/fine-settimana-di-spiritualita\/#primaryimage"},"image":{"@id":"https:\/\/www.diocesitn.it\/area-cultura\/2024\/07\/16\/fine-settimana-di-spiritualita\/#primaryimage"},"thumbnailUrl":"https:\/\/www.diocesitn.it\/area-cultura\/wp-content\/uploads\/sites\/38\/2024\/07\/Eucarestia-2.jpg","datePublished":"2024-07-16T07:39:34+00:00","dateModified":"2024-09-03T07:32:26+00:00","breadcrumb":{"@id":"https:\/\/www.diocesitn.it\/area-cultura\/2024\/07\/16\/fine-settimana-di-spiritualita\/#breadcrumb"},"inLanguage":"it-IT","potentialAction":[{"@type":"ReadAction","target":["https:\/\/www.diocesitn.it\/area-cultura\/2024\/07\/16\/fine-settimana-di-spiritualita\/"]}]},{"@type":"ImageObject","inLanguage":"it-IT","@id":"https:\/\/www.diocesitn.it\/area-cultura\/2024\/07\/16\/fine-settimana-di-spiritualita\/#primaryimage","url":"https:\/\/www.diocesitn.it\/area-cultura\/wp-content\/uploads\/sites\/38\/2024\/07\/Eucarestia-2.jpg","contentUrl":"https:\/\/www.diocesitn.it\/area-cultura\/wp-content\/uploads\/sites\/38\/2024\/07\/Eucarestia-2.jpg","width":1000,"height":600},{"@type":"BreadcrumbList","@id":"https:\/\/www.diocesitn.it\/area-cultura\/2024\/07\/16\/fine-settimana-di-spiritualita\/#breadcrumb","itemListElement":[{"@type":"ListItem","position":1,"name":"Home","item":"https:\/\/www.diocesitn.it\/area-cultura\/"},{"@type":"ListItem","position":2,"name":"&#8220;Il dono dell&#8217;Eucaristia&#8221;, a cura di Azione Cattolica e SDFT"}]},{"@type":"WebSite","@id":"https:\/\/www.diocesitn.it\/area-cultura\/#website","url":"https:\/\/www.diocesitn.it\/area-cultura\/","name":"Cultura","description":"Chiesa di Trento","publisher":{"@id":"https:\/\/www.diocesitn.it\/area-cultura\/#organization"},"potentialAction":[{"@type":"SearchAction","target":{"@type":"EntryPoint","urlTemplate":"https:\/\/www.diocesitn.it\/area-cultura\/?s={search_term_string}"},"query-input":"required name=search_term_string"}],"inLanguage":"it-IT"},{"@type":["Organization","Place"],"@id":"https:\/\/www.diocesitn.it\/area-cultura\/#organization","name":"Area Cultura - Chiesa di Trento","url":"https:\/\/www.diocesitn.it\/area-cultura\/","logo":{"@id":"https:\/\/www.diocesitn.it\/area-cultura\/2024\/07\/16\/fine-settimana-di-spiritualita\/#local-main-organization-logo"},"image":{"@id":"https:\/\/www.diocesitn.it\/area-cultura\/2024\/07\/16\/fine-settimana-di-spiritualita\/#local-main-organization-logo"},"sameAs":["https:\/\/www.youtube.com\/channel\/UCfWD2n-N6WTCg2P_UA72H6Q"],"openingHoursSpecification":[{"@type":"OpeningHoursSpecification","dayOfWeek":["Monday","Tuesday","Wednesday","Thursday","Friday","Saturday","Sunday"],"opens":"09:00","closes":"17:00"}]},{"@type":"ImageObject","inLanguage":"it-IT","@id":"https:\/\/www.diocesitn.it\/area-cultura\/2024\/07\/16\/fine-settimana-di-spiritualita\/#local-main-organization-logo","url":"https:\/\/www.diocesitn.it\/area-cultura\/wp-content\/uploads\/sites\/38\/2021\/09\/og-logo-cultura.jpg","contentUrl":"https:\/\/www.diocesitn.it\/area-cultura\/wp-content\/uploads\/sites\/38\/2021\/09\/og-logo-cultura.jpg","width":1200,"height":630,"caption":"Area Cultura - Chiesa di Trento"}]}},"_links":{"self":[{"href":"https:\/\/www.diocesitn.it\/area-cultura\/wp-json\/wp\/v2\/posts\/13604","targetHints":{"allow":["GET"]}}],"collection":[{"href":"https:\/\/www.diocesitn.it\/area-cultura\/wp-json\/wp\/v2\/posts"}],"about":[{"href":"https:\/\/www.diocesitn.it\/area-cultura\/wp-json\/wp\/v2\/types\/post"}],"author":[{"embeddable":true,"href":"https:\/\/www.diocesitn.it\/area-cultura\/wp-json\/wp\/v2\/users\/176"}],"replies":[{"embeddable":true,"href":"https:\/\/www.diocesitn.it\/area-cultura\/wp-json\/wp\/v2\/comments?post=13604"}],"version-history":[{"count":3,"href":"https:\/\/www.diocesitn.it\/area-cultura\/wp-json\/wp\/v2\/posts\/13604\/revisions"}],"predecessor-version":[{"id":13619,"href":"https:\/\/www.diocesitn.it\/area-cultura\/wp-json\/wp\/v2\/posts\/13604\/revisions\/13619"}],"wp:featuredmedia":[{"embeddable":true,"href":"https:\/\/www.diocesitn.it\/area-cultura\/wp-json\/wp\/v2\/media\/13624"}],"wp:attachment":[{"href":"https:\/\/www.diocesitn.it\/area-cultura\/wp-json\/wp\/v2\/media?parent=13604"}],"wp:term":[{"taxonomy":"category","embeddable":true,"href":"https:\/\/www.diocesitn.it\/area-cultura\/wp-json\/wp\/v2\/categories?post=13604"},{"taxonomy":"post_tag","embeddable":true,"href":"https:\/\/www.diocesitn.it\/area-cultura\/wp-json\/wp\/v2\/tags?post=13604"}],"curies":[{"name":"wp","href":"https:\/\/api.w.org\/{rel}","templated":true}]}}