{"id":13451,"date":"2024-05-27T14:35:35","date_gmt":"2024-05-27T12:35:35","guid":{"rendered":"https:\/\/www.diocesitn.it\/area-cultura\/?p=13451"},"modified":"2024-05-27T14:41:58","modified_gmt":"2024-05-27T12:41:58","slug":"aperte-le-iscrizioni-della-sdft-per-il-prossimo-anno","status":"publish","type":"post","link":"https:\/\/www.diocesitn.it\/area-cultura\/2024\/05\/27\/aperte-le-iscrizioni-della-sdft-per-il-prossimo-anno\/","title":{"rendered":"Aperte le iscrizioni della SDFT per il prossimo anno!"},"content":{"rendered":"<p>Sono aperte le iscrizioni ai corsi 2024-2025 della Scuola Diocesana di Formazione Teologica.<\/p>\n<p>Sar\u00e0 possibile partecipare online o in presenza e scegliere con libert\u00e0 i corsi che si preferiscono frequentare.<\/p>\n<p>La scuola \u00e8 aperta a tutti coloro che intendono approfondire, cercare, comprendere&#8230;<\/p>\n<p><a href=\"https:\/\/www.diocesitn.it\/area-cultura\/scuola-diocesana-di-formazione-teologica-2024-2025\/\"><strong>Clicca qui per il programma e le iscrizioni<\/strong><\/a><\/p>\n<p><a href=\"https:\/\/www.diocesitn.it\/area-cultura\/wp-content\/uploads\/sites\/38\/2024\/05\/SDFT-CORSI-2024-2025.pdf\"><strong>Clicca qui per scaricare la brochure<\/strong><\/a><\/p>\n","protected":false},"excerpt":{"rendered":"<p>Sono aperte le iscrizioni ai corsi 2024-2025 della Scuola Diocesana di Formazione Teologica. Sar\u00e0 possibile partecipare online o in presenza e scegliere con libert\u00e0 i corsi che si preferiscono frequentare. La scuola \u00e8 aperta a<\/p>\n","protected":false},"author":176,"featured_media":13456,"comment_status":"closed","ping_status":"closed","sticky":false,"template":"","format":"standard","meta":{"footnotes":""},"categories":[632,461,375,329,361,1],"tags":[],"class_list":["post-13451","post","type-post","status-publish","format-standard","has-post-thumbnail","hentry","category-area-cultura","category-cultura","category-servizio-formazione","category-notizie","category-servizio-sdft","category-senza-categoria"],"acf":{"seed-localization-paese-cod":"IT","seed-localization-address":"","seed-localization-citta":"Trento","seed-localization-regione-cod-istat":"04","seed-localization-citta-cod-istat":"022205","seed-localization-localita":"","seed-localization-cap":"","seed-localization-marker-visibility":false,"seed-localization-children-visibility":false,"seed-localization-kml":"","seed-localization-custom-marker":""},"yoast_head":"<!-- This site is optimized with the Yoast SEO Premium plugin v20.2.1 (Yoast SEO v22.2) - https:\/\/yoast.com\/wordpress\/plugins\/seo\/ -->\n<title>Aperte le iscrizioni della SDFT per il prossimo anno! - Cultura<\/title>\n<meta name=\"robots\" content=\"index, follow, max-snippet:-1, max-image-preview:large, max-video-preview:-1\" \/>\n<link rel=\"canonical\" href=\"https:\/\/www.diocesitn.it\/area-cultura\/2024\/05\/27\/aperte-le-iscrizioni-della-sdft-per-il-prossimo-anno\/\" \/>\n<meta property=\"og:locale\" content=\"it_IT\" \/>\n<meta property=\"og:type\" content=\"article\" \/>\n<meta property=\"og:title\" content=\"Aperte le iscrizioni della SDFT per il prossimo anno!\" \/>\n<meta property=\"og:description\" content=\"Sono aperte le iscrizioni ai corsi 2024-2025 della Scuola Diocesana di Formazione Teologica. Sar\u00e0 possibile partecipare online o in presenza e scegliere con libert\u00e0 i corsi che si preferiscono frequentare. La scuola \u00e8 aperta a\" \/>\n<meta property=\"og:url\" content=\"https:\/\/www.diocesitn.it\/area-cultura\/2024\/05\/27\/aperte-le-iscrizioni-della-sdft-per-il-prossimo-anno\/\" \/>\n<meta property=\"og:site_name\" content=\"Cultura\" \/>\n<meta property=\"article:published_time\" content=\"2024-05-27T12:35:35+00:00\" \/>\n<meta property=\"article:modified_time\" content=\"2024-05-27T12:41:58+00:00\" \/>\n<meta property=\"og:image\" content=\"https:\/\/www.diocesitn.it\/area-cultura\/wp-content\/uploads\/sites\/38\/2024\/05\/SDFT-3.jpg\" \/>\n\t<meta property=\"og:image:width\" content=\"1018\" \/>\n\t<meta property=\"og:image:height\" content=\"593\" \/>\n\t<meta property=\"og:image:type\" content=\"image\/jpeg\" \/>\n<meta name=\"author\" content=\"lparis\" \/>\n<meta name=\"twitter:card\" content=\"summary_large_image\" \/>\n<meta name=\"twitter:label1\" content=\"Scritto da\" \/>\n\t<meta name=\"twitter:data1\" content=\"lparis\" \/>\n\t<meta name=\"twitter:label2\" content=\"Tempo di lettura stimato\" \/>\n\t<meta name=\"twitter:data2\" content=\"1 minuto\" \/>\n<script type=\"application\/ld+json\" class=\"yoast-schema-graph\">{\"@context\":\"https:\/\/schema.org\",\"@graph\":[{\"@type\":\"Article\",\"@id\":\"https:\/\/www.diocesitn.it\/area-cultura\/2024\/05\/27\/aperte-le-iscrizioni-della-sdft-per-il-prossimo-anno\/#article\",\"isPartOf\":{\"@id\":\"https:\/\/www.diocesitn.it\/area-cultura\/2024\/05\/27\/aperte-le-iscrizioni-della-sdft-per-il-prossimo-anno\/\"},\"author\":{\"name\":\"lparis\",\"@id\":\"https:\/\/www.diocesitn.it\/area-cultura\/#\/schema\/person\/56f5dae17432fc6d153fbbbf46f9d871\"},\"headline\":\"Aperte le iscrizioni della SDFT per il prossimo anno!\",\"datePublished\":\"2024-05-27T12:35:35+00:00\",\"dateModified\":\"2024-05-27T12:41:58+00:00\",\"mainEntityOfPage\":{\"@id\":\"https:\/\/www.diocesitn.it\/area-cultura\/2024\/05\/27\/aperte-le-iscrizioni-della-sdft-per-il-prossimo-anno\/\"},\"wordCount\":64,\"publisher\":{\"@id\":\"https:\/\/www.diocesitn.it\/area-cultura\/#organization\"},\"image\":{\"@id\":\"https:\/\/www.diocesitn.it\/area-cultura\/2024\/05\/27\/aperte-le-iscrizioni-della-sdft-per-il-prossimo-anno\/#primaryimage\"},\"thumbnailUrl\":\"https:\/\/www.diocesitn.it\/area-cultura\/wp-content\/uploads\/sites\/38\/2024\/05\/SDFT-3.jpg\",\"articleSection\":[\"Area Cultura\",\"Cultura\",\"Formazione\",\"Notizie\",\"Scuola diocesana di formazione teologica\"],\"inLanguage\":\"it-IT\",\"copyrightYear\":\"2024\",\"copyrightHolder\":{\"@id\":\"https:\/\/www.diocesitn.it\/#organization\"}},{\"@type\":\"WebPage\",\"@id\":\"https:\/\/www.diocesitn.it\/area-cultura\/2024\/05\/27\/aperte-le-iscrizioni-della-sdft-per-il-prossimo-anno\/\",\"url\":\"https:\/\/www.diocesitn.it\/area-cultura\/2024\/05\/27\/aperte-le-iscrizioni-della-sdft-per-il-prossimo-anno\/\",\"name\":\"Aperte le iscrizioni della SDFT per il prossimo anno! - Cultura\",\"isPartOf\":{\"@id\":\"https:\/\/www.diocesitn.it\/area-cultura\/#website\"},\"primaryImageOfPage\":{\"@id\":\"https:\/\/www.diocesitn.it\/area-cultura\/2024\/05\/27\/aperte-le-iscrizioni-della-sdft-per-il-prossimo-anno\/#primaryimage\"},\"image\":{\"@id\":\"https:\/\/www.diocesitn.it\/area-cultura\/2024\/05\/27\/aperte-le-iscrizioni-della-sdft-per-il-prossimo-anno\/#primaryimage\"},\"thumbnailUrl\":\"https:\/\/www.diocesitn.it\/area-cultura\/wp-content\/uploads\/sites\/38\/2024\/05\/SDFT-3.jpg\",\"datePublished\":\"2024-05-27T12:35:35+00:00\",\"dateModified\":\"2024-05-27T12:41:58+00:00\",\"breadcrumb\":{\"@id\":\"https:\/\/www.diocesitn.it\/area-cultura\/2024\/05\/27\/aperte-le-iscrizioni-della-sdft-per-il-prossimo-anno\/#breadcrumb\"},\"inLanguage\":\"it-IT\",\"potentialAction\":[{\"@type\":\"ReadAction\",\"target\":[\"https:\/\/www.diocesitn.it\/area-cultura\/2024\/05\/27\/aperte-le-iscrizioni-della-sdft-per-il-prossimo-anno\/\"]}]},{\"@type\":\"ImageObject\",\"inLanguage\":\"it-IT\",\"@id\":\"https:\/\/www.diocesitn.it\/area-cultura\/2024\/05\/27\/aperte-le-iscrizioni-della-sdft-per-il-prossimo-anno\/#primaryimage\",\"url\":\"https:\/\/www.diocesitn.it\/area-cultura\/wp-content\/uploads\/sites\/38\/2024\/05\/SDFT-3.jpg\",\"contentUrl\":\"https:\/\/www.diocesitn.it\/area-cultura\/wp-content\/uploads\/sites\/38\/2024\/05\/SDFT-3.jpg\",\"width\":1018,\"height\":593},{\"@type\":\"BreadcrumbList\",\"@id\":\"https:\/\/www.diocesitn.it\/area-cultura\/2024\/05\/27\/aperte-le-iscrizioni-della-sdft-per-il-prossimo-anno\/#breadcrumb\",\"itemListElement\":[{\"@type\":\"ListItem\",\"position\":1,\"name\":\"Home\",\"item\":\"https:\/\/www.diocesitn.it\/area-cultura\/\"},{\"@type\":\"ListItem\",\"position\":2,\"name\":\"Aperte le iscrizioni della SDFT per il prossimo anno!\"}]},{\"@type\":\"WebSite\",\"@id\":\"https:\/\/www.diocesitn.it\/area-cultura\/#website\",\"url\":\"https:\/\/www.diocesitn.it\/area-cultura\/\",\"name\":\"Cultura\",\"description\":\"Chiesa di Trento\",\"publisher\":{\"@id\":\"https:\/\/www.diocesitn.it\/area-cultura\/#organization\"},\"potentialAction\":[{\"@type\":\"SearchAction\",\"target\":{\"@type\":\"EntryPoint\",\"urlTemplate\":\"https:\/\/www.diocesitn.it\/area-cultura\/?s={search_term_string}\"},\"query-input\":\"required name=search_term_string\"}],\"inLanguage\":\"it-IT\"},{\"@type\":[\"Organization\",\"Place\"],\"@id\":\"https:\/\/www.diocesitn.it\/area-cultura\/#organization\",\"name\":\"Area Cultura - Chiesa di Trento\",\"url\":\"https:\/\/www.diocesitn.it\/area-cultura\/\",\"logo\":{\"@id\":\"https:\/\/www.diocesitn.it\/area-cultura\/2024\/05\/27\/aperte-le-iscrizioni-della-sdft-per-il-prossimo-anno\/#local-main-organization-logo\"},\"image\":{\"@id\":\"https:\/\/www.diocesitn.it\/area-cultura\/2024\/05\/27\/aperte-le-iscrizioni-della-sdft-per-il-prossimo-anno\/#local-main-organization-logo\"},\"sameAs\":[\"https:\/\/www.youtube.com\/channel\/UCfWD2n-N6WTCg2P_UA72H6Q\"],\"openingHoursSpecification\":[{\"@type\":\"OpeningHoursSpecification\",\"dayOfWeek\":[\"Monday\",\"Tuesday\",\"Wednesday\",\"Thursday\",\"Friday\",\"Saturday\",\"Sunday\"],\"opens\":\"09:00\",\"closes\":\"17:00\"}]},{\"@type\":\"ImageObject\",\"inLanguage\":\"it-IT\",\"@id\":\"https:\/\/www.diocesitn.it\/area-cultura\/2024\/05\/27\/aperte-le-iscrizioni-della-sdft-per-il-prossimo-anno\/#local-main-organization-logo\",\"url\":\"https:\/\/www.diocesitn.it\/area-cultura\/wp-content\/uploads\/sites\/38\/2021\/09\/og-logo-cultura.jpg\",\"contentUrl\":\"https:\/\/www.diocesitn.it\/area-cultura\/wp-content\/uploads\/sites\/38\/2021\/09\/og-logo-cultura.jpg\",\"width\":1200,\"height\":630,\"caption\":\"Area Cultura - Chiesa di Trento\"}]}<\/script>\n<!-- \/ Yoast SEO Premium plugin. -->","yoast_head_json":{"title":"Aperte le iscrizioni della SDFT per il prossimo anno! - Cultura","robots":{"index":"index","follow":"follow","max-snippet":"max-snippet:-1","max-image-preview":"max-image-preview:large","max-video-preview":"max-video-preview:-1"},"canonical":"https:\/\/www.diocesitn.it\/area-cultura\/2024\/05\/27\/aperte-le-iscrizioni-della-sdft-per-il-prossimo-anno\/","og_locale":"it_IT","og_type":"article","og_title":"Aperte le iscrizioni della SDFT per il prossimo anno!","og_description":"Sono aperte le iscrizioni ai corsi 2024-2025 della Scuola Diocesana di Formazione Teologica. Sar\u00e0 possibile partecipare online o in presenza e scegliere con libert\u00e0 i corsi che si preferiscono frequentare. La scuola \u00e8 aperta a","og_url":"https:\/\/www.diocesitn.it\/area-cultura\/2024\/05\/27\/aperte-le-iscrizioni-della-sdft-per-il-prossimo-anno\/","og_site_name":"Cultura","article_published_time":"2024-05-27T12:35:35+00:00","article_modified_time":"2024-05-27T12:41:58+00:00","og_image":[{"width":1018,"height":593,"url":"https:\/\/www.diocesitn.it\/area-cultura\/wp-content\/uploads\/sites\/38\/2024\/05\/SDFT-3.jpg","type":"image\/jpeg"}],"author":"lparis","twitter_card":"summary_large_image","twitter_misc":{"Scritto da":"lparis","Tempo di lettura stimato":"1 minuto"},"schema":{"@context":"https:\/\/schema.org","@graph":[{"@type":"Article","@id":"https:\/\/www.diocesitn.it\/area-cultura\/2024\/05\/27\/aperte-le-iscrizioni-della-sdft-per-il-prossimo-anno\/#article","isPartOf":{"@id":"https:\/\/www.diocesitn.it\/area-cultura\/2024\/05\/27\/aperte-le-iscrizioni-della-sdft-per-il-prossimo-anno\/"},"author":{"name":"lparis","@id":"https:\/\/www.diocesitn.it\/area-cultura\/#\/schema\/person\/56f5dae17432fc6d153fbbbf46f9d871"},"headline":"Aperte le iscrizioni della SDFT per il prossimo anno!","datePublished":"2024-05-27T12:35:35+00:00","dateModified":"2024-05-27T12:41:58+00:00","mainEntityOfPage":{"@id":"https:\/\/www.diocesitn.it\/area-cultura\/2024\/05\/27\/aperte-le-iscrizioni-della-sdft-per-il-prossimo-anno\/"},"wordCount":64,"publisher":{"@id":"https:\/\/www.diocesitn.it\/area-cultura\/#organization"},"image":{"@id":"https:\/\/www.diocesitn.it\/area-cultura\/2024\/05\/27\/aperte-le-iscrizioni-della-sdft-per-il-prossimo-anno\/#primaryimage"},"thumbnailUrl":"https:\/\/www.diocesitn.it\/area-cultura\/wp-content\/uploads\/sites\/38\/2024\/05\/SDFT-3.jpg","articleSection":["Area Cultura","Cultura","Formazione","Notizie","Scuola diocesana di formazione teologica"],"inLanguage":"it-IT","copyrightYear":"2024","copyrightHolder":{"@id":"https:\/\/www.diocesitn.it\/#organization"}},{"@type":"WebPage","@id":"https:\/\/www.diocesitn.it\/area-cultura\/2024\/05\/27\/aperte-le-iscrizioni-della-sdft-per-il-prossimo-anno\/","url":"https:\/\/www.diocesitn.it\/area-cultura\/2024\/05\/27\/aperte-le-iscrizioni-della-sdft-per-il-prossimo-anno\/","name":"Aperte le iscrizioni della SDFT per il prossimo anno! - Cultura","isPartOf":{"@id":"https:\/\/www.diocesitn.it\/area-cultura\/#website"},"primaryImageOfPage":{"@id":"https:\/\/www.diocesitn.it\/area-cultura\/2024\/05\/27\/aperte-le-iscrizioni-della-sdft-per-il-prossimo-anno\/#primaryimage"},"image":{"@id":"https:\/\/www.diocesitn.it\/area-cultura\/2024\/05\/27\/aperte-le-iscrizioni-della-sdft-per-il-prossimo-anno\/#primaryimage"},"thumbnailUrl":"https:\/\/www.diocesitn.it\/area-cultura\/wp-content\/uploads\/sites\/38\/2024\/05\/SDFT-3.jpg","datePublished":"2024-05-27T12:35:35+00:00","dateModified":"2024-05-27T12:41:58+00:00","breadcrumb":{"@id":"https:\/\/www.diocesitn.it\/area-cultura\/2024\/05\/27\/aperte-le-iscrizioni-della-sdft-per-il-prossimo-anno\/#breadcrumb"},"inLanguage":"it-IT","potentialAction":[{"@type":"ReadAction","target":["https:\/\/www.diocesitn.it\/area-cultura\/2024\/05\/27\/aperte-le-iscrizioni-della-sdft-per-il-prossimo-anno\/"]}]},{"@type":"ImageObject","inLanguage":"it-IT","@id":"https:\/\/www.diocesitn.it\/area-cultura\/2024\/05\/27\/aperte-le-iscrizioni-della-sdft-per-il-prossimo-anno\/#primaryimage","url":"https:\/\/www.diocesitn.it\/area-cultura\/wp-content\/uploads\/sites\/38\/2024\/05\/SDFT-3.jpg","contentUrl":"https:\/\/www.diocesitn.it\/area-cultura\/wp-content\/uploads\/sites\/38\/2024\/05\/SDFT-3.jpg","width":1018,"height":593},{"@type":"BreadcrumbList","@id":"https:\/\/www.diocesitn.it\/area-cultura\/2024\/05\/27\/aperte-le-iscrizioni-della-sdft-per-il-prossimo-anno\/#breadcrumb","itemListElement":[{"@type":"ListItem","position":1,"name":"Home","item":"https:\/\/www.diocesitn.it\/area-cultura\/"},{"@type":"ListItem","position":2,"name":"Aperte le iscrizioni della SDFT per il prossimo anno!"}]},{"@type":"WebSite","@id":"https:\/\/www.diocesitn.it\/area-cultura\/#website","url":"https:\/\/www.diocesitn.it\/area-cultura\/","name":"Cultura","description":"Chiesa di Trento","publisher":{"@id":"https:\/\/www.diocesitn.it\/area-cultura\/#organization"},"potentialAction":[{"@type":"SearchAction","target":{"@type":"EntryPoint","urlTemplate":"https:\/\/www.diocesitn.it\/area-cultura\/?s={search_term_string}"},"query-input":"required name=search_term_string"}],"inLanguage":"it-IT"},{"@type":["Organization","Place"],"@id":"https:\/\/www.diocesitn.it\/area-cultura\/#organization","name":"Area Cultura - Chiesa di Trento","url":"https:\/\/www.diocesitn.it\/area-cultura\/","logo":{"@id":"https:\/\/www.diocesitn.it\/area-cultura\/2024\/05\/27\/aperte-le-iscrizioni-della-sdft-per-il-prossimo-anno\/#local-main-organization-logo"},"image":{"@id":"https:\/\/www.diocesitn.it\/area-cultura\/2024\/05\/27\/aperte-le-iscrizioni-della-sdft-per-il-prossimo-anno\/#local-main-organization-logo"},"sameAs":["https:\/\/www.youtube.com\/channel\/UCfWD2n-N6WTCg2P_UA72H6Q"],"openingHoursSpecification":[{"@type":"OpeningHoursSpecification","dayOfWeek":["Monday","Tuesday","Wednesday","Thursday","Friday","Saturday","Sunday"],"opens":"09:00","closes":"17:00"}]},{"@type":"ImageObject","inLanguage":"it-IT","@id":"https:\/\/www.diocesitn.it\/area-cultura\/2024\/05\/27\/aperte-le-iscrizioni-della-sdft-per-il-prossimo-anno\/#local-main-organization-logo","url":"https:\/\/www.diocesitn.it\/area-cultura\/wp-content\/uploads\/sites\/38\/2021\/09\/og-logo-cultura.jpg","contentUrl":"https:\/\/www.diocesitn.it\/area-cultura\/wp-content\/uploads\/sites\/38\/2021\/09\/og-logo-cultura.jpg","width":1200,"height":630,"caption":"Area Cultura - Chiesa di Trento"}]}},"_links":{"self":[{"href":"https:\/\/www.diocesitn.it\/area-cultura\/wp-json\/wp\/v2\/posts\/13451","targetHints":{"allow":["GET"]}}],"collection":[{"href":"https:\/\/www.diocesitn.it\/area-cultura\/wp-json\/wp\/v2\/posts"}],"about":[{"href":"https:\/\/www.diocesitn.it\/area-cultura\/wp-json\/wp\/v2\/types\/post"}],"author":[{"embeddable":true,"href":"https:\/\/www.diocesitn.it\/area-cultura\/wp-json\/wp\/v2\/users\/176"}],"replies":[{"embeddable":true,"href":"https:\/\/www.diocesitn.it\/area-cultura\/wp-json\/wp\/v2\/comments?post=13451"}],"version-history":[{"count":2,"href":"https:\/\/www.diocesitn.it\/area-cultura\/wp-json\/wp\/v2\/posts\/13451\/revisions"}],"predecessor-version":[{"id":13453,"href":"https:\/\/www.diocesitn.it\/area-cultura\/wp-json\/wp\/v2\/posts\/13451\/revisions\/13453"}],"wp:featuredmedia":[{"embeddable":true,"href":"https:\/\/www.diocesitn.it\/area-cultura\/wp-json\/wp\/v2\/media\/13456"}],"wp:attachment":[{"href":"https:\/\/www.diocesitn.it\/area-cultura\/wp-json\/wp\/v2\/media?parent=13451"}],"wp:term":[{"taxonomy":"category","embeddable":true,"href":"https:\/\/www.diocesitn.it\/area-cultura\/wp-json\/wp\/v2\/categories?post=13451"},{"taxonomy":"post_tag","embeddable":true,"href":"https:\/\/www.diocesitn.it\/area-cultura\/wp-json\/wp\/v2\/tags?post=13451"}],"curies":[{"name":"wp","href":"https:\/\/api.w.org\/{rel}","templated":true}]}}