{"id":13325,"date":"2024-05-06T17:03:57","date_gmt":"2024-05-06T15:03:57","guid":{"rendered":"https:\/\/www.diocesitn.it\/area-cultura\/?p=13325"},"modified":"2024-05-20T12:25:26","modified_gmt":"2024-05-20T10:25:26","slug":"a-tu-per-tu-con-lautore-il-16-maggio-parola-la-forza-generativa-del-dire-con-camilla-bernardi-paoli-e-don-stefano-zeni","status":"publish","type":"post","link":"https:\/\/www.diocesitn.it\/area-cultura\/2024\/05\/06\/a-tu-per-tu-con-lautore-il-16-maggio-parola-la-forza-generativa-del-dire-con-camilla-bernardi-paoli-e-don-stefano-zeni\/","title":{"rendered":"A tu per tu con l&#8217;autore il 16 maggio: &#8220;Parola. La forza generativa del dire&#8221; con Camilla Bernardi Paoli e don Stefano Zeni."},"content":{"rendered":"<p><span style=\"color: #000000\">Terzo appuntamento per l\u2019anno accademico 2023\/2024 con la rubrica online\u00a0<strong>A tu per tu con l\u2019Autore<\/strong>, in cui i docenti dell\u2019Istituto Superiore di Scienze Religiose \u201cRomano Guardini\u201d presentano le loro nuove opere, attraverso un dialogo stimolante con qualificati interlocutori.<\/span><\/p>\n<p><span style=\"color: #000000\">In questa puntata verr\u00e0 presentato il nuovo volume della collana <strong>Echi teologici<\/strong>, che si propone con una \u201cnuova serie\u201d presso l\u2019editrice ViTrenD di Trento. <\/span><span style=\"color: #000000\">La collana \u00e8 promossa dall\u2019Istituto Superiore di Scienze Religiose Romano Guardini.\u00a0<\/span><span style=\"color: #000000\">Il volume proposto si intitola <strong>P<\/strong><\/span><span style=\"color: #000000\"><strong>arola. La forza generativa del dire<\/strong>. <\/span><\/p>\n<p><span style=\"color: #000000\">Presenteranno il volume, dialogando tra loro, i due autori, <strong>Camilla Bernardi Paoli<\/strong> e <strong>don Stefano Zeni<\/strong>. <\/span><span style=\"color: #000000\">Camilla Bernardi Paoli \u00e8 laureata in Scienze Filosofiche. <\/span><span style=\"color: #000000\">Don Stefano Zeni, biblista, \u00e8 Direttore dell\u2019Istituto Superiore di Scienze Religiose Romano Guardini di Trento.<\/span><\/p>\n<p><span style=\"color: #000000\">Il libro vuole offrire un\u2019introduzione snella e accessibile al tema della dimensione pragmatica della parola, ossia quel settore della scienza della comunicazione che presenta il linguaggio come un\u2019espressione fondamentale dell\u2019agire umano. <\/span><span style=\"color: #000000\">La prima parte del volume tratta questi aspetti. Nella seconda parte si applicher\u00e0 la prospettiva della pragmatica al testo di Mc 5,24-34, il brano della donna emorroissa.<\/span><\/p>\n<p><span style=\"color: #000000\">Un prezioso volume che ci aiuta a cogliere il peso specifico delle parole attraverso il loro uso e dentro il loro contesto.<\/span><\/p>\n<p><span style=\"color: #000000\">Modera l\u2019incontro <strong>Michele Dossi<\/strong>, docente di Filosofia presso l\u2019ISSR di Trento.<\/span><\/p>\n<p>&nbsp;<\/p>\n<p><span style=\"color: #000000\">L\u2019incontro si terr\u00e0\u00a0<strong>gioved\u00ec 16 maggio alle ore 18 e si svolger\u00e0 in modalit\u00e0 on-line<\/strong>\u00a0attraverso la piattaforma Zoom.<\/span><\/p>\n<p><span style=\"color: #000000\">Per partecipare cliccare sul <strong><a href=\"https:\/\/us06web.zoom.us\/j\/84894044611\" target=\"_blank\" rel=\"noopener\">link<\/a>.<\/strong><\/span><\/p>\n<p><span style=\"color: #000000\">ID riunione:\u00a0848 9404 4611<\/span><br \/>\n<span style=\"color: #000000\">Passcode:\u00a0<strong>bib2024<\/strong><\/span><\/p>\n<p><span style=\"color: #000000\">L\u2019incontro sar\u00e0 registrato e postato sul canale YouTube della Diocesi.<\/span><\/p>\n<p><a href=\"https:\/\/www.diocesitn.it\/area-cultura\/wp-content\/uploads\/sites\/38\/2024\/05\/Locandina-Parola-1.pdf\"><img loading=\"lazy\" decoding=\"async\" class=\"size-medium wp-image-13334 alignleft\" src=\"https:\/\/www.diocesitn.it\/area-cultura\/wp-content\/uploads\/sites\/38\/2024\/05\/Locandina-Parola-212x300.jpg\" alt=\"\" width=\"212\" height=\"300\" srcset=\"https:\/\/www.diocesitn.it\/area-cultura\/wp-content\/uploads\/sites\/38\/2024\/05\/Locandina-Parola-212x300.jpg 212w, https:\/\/www.diocesitn.it\/area-cultura\/wp-content\/uploads\/sites\/38\/2024\/05\/Locandina-Parola-724x1024.jpg 724w, https:\/\/www.diocesitn.it\/area-cultura\/wp-content\/uploads\/sites\/38\/2024\/05\/Locandina-Parola-768x1086.jpg 768w, https:\/\/www.diocesitn.it\/area-cultura\/wp-content\/uploads\/sites\/38\/2024\/05\/Locandina-Parola-198x280.jpg 198w, https:\/\/www.diocesitn.it\/area-cultura\/wp-content\/uploads\/sites\/38\/2024\/05\/Locandina-Parola-543x768.jpg 543w, https:\/\/www.diocesitn.it\/area-cultura\/wp-content\/uploads\/sites\/38\/2024\/05\/Locandina-Parola-1086x1536.jpg 1086w, https:\/\/www.diocesitn.it\/area-cultura\/wp-content\/uploads\/sites\/38\/2024\/05\/Locandina-Parola-800x1131.jpg 800w, https:\/\/www.diocesitn.it\/area-cultura\/wp-content\/uploads\/sites\/38\/2024\/05\/Locandina-Parola-1200x1697.jpg 1200w, https:\/\/www.diocesitn.it\/area-cultura\/wp-content\/uploads\/sites\/38\/2024\/05\/Locandina-Parola.jpg 1241w\" sizes=\"auto, (max-width: 212px) 100vw, 212px\" \/><\/a><\/p>\n<p>&nbsp;<\/p>\n<p>&nbsp;<\/p>\n<p>&nbsp;<\/p>\n<p>&nbsp;<\/p>\n<p>&nbsp;<\/p>\n<p>&nbsp;<\/p>\n<p>&nbsp;<\/p>\n<p>&nbsp;<\/p>\n<p><span style=\"color: #008080\"><em>Clicca sulla locandina per ingrandirla<\/em><\/span><\/p>\n","protected":false},"excerpt":{"rendered":"<p>Terzo appuntamento per l\u2019anno accademico 2023\/2024 con la rubrica online\u00a0A tu per tu con l\u2019Autore, in cui i docenti dell\u2019Istituto Superiore di Scienze Religiose \u201cRomano Guardini\u201d presentano le loro nuove opere, attraverso un dialogo stimolante<\/p>\n","protected":false},"author":165,"featured_media":13330,"comment_status":"closed","ping_status":"closed","sticky":false,"template":"","format":"standard","meta":{"footnotes":""},"categories":[632,331,329],"tags":[],"class_list":["post-13325","post","type-post","status-publish","format-standard","has-post-thumbnail","hentry","category-area-cultura","category-servizio-biblioteca","category-notizie"],"acf":{"seed-localization-paese-cod":"IT","seed-localization-address":"","seed-localization-citta":"Trento","seed-localization-regione-cod-istat":"04","seed-localization-citta-cod-istat":"022205","seed-localization-localita":"","seed-localization-cap":"","seed-localization-marker-visibility":false,"seed-localization-children-visibility":false,"seed-localization-kml":"","seed-localization-custom-marker":""},"yoast_head":"<!-- This site is optimized with the Yoast SEO Premium plugin v20.2.1 (Yoast SEO v22.2) - https:\/\/yoast.com\/wordpress\/plugins\/seo\/ -->\n<title>A tu per tu con l&#039;autore il 16 maggio: &quot;Parola. La forza generativa del dire&quot; con Camilla Bernardi Paoli e don Stefano Zeni. - Cultura<\/title>\n<meta name=\"robots\" content=\"index, follow, max-snippet:-1, max-image-preview:large, max-video-preview:-1\" \/>\n<link rel=\"canonical\" href=\"https:\/\/www.diocesitn.it\/area-cultura\/2024\/05\/06\/a-tu-per-tu-con-lautore-il-16-maggio-parola-la-forza-generativa-del-dire-con-camilla-bernardi-paoli-e-don-stefano-zeni\/\" \/>\n<meta property=\"og:locale\" content=\"it_IT\" \/>\n<meta property=\"og:type\" content=\"article\" \/>\n<meta property=\"og:title\" content=\"A tu per tu con l&#039;autore il 16 maggio: &quot;Parola. La forza generativa del dire&quot; con Camilla Bernardi Paoli e don Stefano Zeni.\" \/>\n<meta property=\"og:description\" content=\"Terzo appuntamento per l\u2019anno accademico 2023\/2024 con la rubrica online\u00a0A tu per tu con l\u2019Autore, in cui i docenti dell\u2019Istituto Superiore di Scienze Religiose \u201cRomano Guardini\u201d presentano le loro nuove opere, attraverso un dialogo stimolante\" \/>\n<meta property=\"og:url\" content=\"https:\/\/www.diocesitn.it\/area-cultura\/2024\/05\/06\/a-tu-per-tu-con-lautore-il-16-maggio-parola-la-forza-generativa-del-dire-con-camilla-bernardi-paoli-e-don-stefano-zeni\/\" \/>\n<meta property=\"og:site_name\" content=\"Cultura\" \/>\n<meta property=\"article:published_time\" content=\"2024-05-06T15:03:57+00:00\" \/>\n<meta property=\"article:modified_time\" content=\"2024-05-20T10:25:26+00:00\" \/>\n<meta property=\"og:image\" content=\"https:\/\/www.diocesitn.it\/area-cultura\/wp-content\/uploads\/sites\/38\/2021\/09\/og-logo-cultura.jpg\" \/>\n\t<meta property=\"og:image:width\" content=\"1200\" \/>\n\t<meta property=\"og:image:height\" content=\"630\" \/>\n\t<meta property=\"og:image:type\" content=\"image\/jpeg\" \/>\n<meta name=\"author\" content=\"ledine\" \/>\n<meta name=\"twitter:card\" content=\"summary_large_image\" \/>\n<meta name=\"twitter:label1\" content=\"Scritto da\" \/>\n\t<meta name=\"twitter:data1\" content=\"ledine\" \/>\n\t<meta name=\"twitter:label2\" content=\"Tempo di lettura stimato\" \/>\n\t<meta name=\"twitter:data2\" content=\"2 minuti\" \/>\n<script type=\"application\/ld+json\" class=\"yoast-schema-graph\">{\"@context\":\"https:\/\/schema.org\",\"@graph\":[{\"@type\":\"Article\",\"@id\":\"https:\/\/www.diocesitn.it\/area-cultura\/2024\/05\/06\/a-tu-per-tu-con-lautore-il-16-maggio-parola-la-forza-generativa-del-dire-con-camilla-bernardi-paoli-e-don-stefano-zeni\/#article\",\"isPartOf\":{\"@id\":\"https:\/\/www.diocesitn.it\/area-cultura\/2024\/05\/06\/a-tu-per-tu-con-lautore-il-16-maggio-parola-la-forza-generativa-del-dire-con-camilla-bernardi-paoli-e-don-stefano-zeni\/\"},\"author\":{\"name\":\"ledine\",\"@id\":\"https:\/\/www.diocesitn.it\/area-cultura\/#\/schema\/person\/93b7401db62b6f32d20347e997095e6c\"},\"headline\":\"A tu per tu con l&#8217;autore il 16 maggio: &#8220;Parola. La forza generativa del dire&#8221; con Camilla Bernardi Paoli e don Stefano Zeni.\",\"datePublished\":\"2024-05-06T15:03:57+00:00\",\"dateModified\":\"2024-05-20T10:25:26+00:00\",\"mainEntityOfPage\":{\"@id\":\"https:\/\/www.diocesitn.it\/area-cultura\/2024\/05\/06\/a-tu-per-tu-con-lautore-il-16-maggio-parola-la-forza-generativa-del-dire-con-camilla-bernardi-paoli-e-don-stefano-zeni\/\"},\"wordCount\":297,\"publisher\":{\"@id\":\"https:\/\/www.diocesitn.it\/area-cultura\/#organization\"},\"image\":{\"@id\":\"https:\/\/www.diocesitn.it\/area-cultura\/2024\/05\/06\/a-tu-per-tu-con-lautore-il-16-maggio-parola-la-forza-generativa-del-dire-con-camilla-bernardi-paoli-e-don-stefano-zeni\/#primaryimage\"},\"thumbnailUrl\":\"https:\/\/www.diocesitn.it\/area-cultura\/wp-content\/uploads\/sites\/38\/2024\/05\/Nuovo-Documento-di-Microsoft-Word-1-pdf.jpg\",\"articleSection\":[\"Area Cultura\",\"Biblioteca diocesana Vigilianum\",\"Notizie\"],\"inLanguage\":\"it-IT\",\"copyrightYear\":\"2024\",\"copyrightHolder\":{\"@id\":\"https:\/\/www.diocesitn.it\/#organization\"}},{\"@type\":\"WebPage\",\"@id\":\"https:\/\/www.diocesitn.it\/area-cultura\/2024\/05\/06\/a-tu-per-tu-con-lautore-il-16-maggio-parola-la-forza-generativa-del-dire-con-camilla-bernardi-paoli-e-don-stefano-zeni\/\",\"url\":\"https:\/\/www.diocesitn.it\/area-cultura\/2024\/05\/06\/a-tu-per-tu-con-lautore-il-16-maggio-parola-la-forza-generativa-del-dire-con-camilla-bernardi-paoli-e-don-stefano-zeni\/\",\"name\":\"A tu per tu con l'autore il 16 maggio: \\\"Parola. La forza generativa del dire\\\" con Camilla Bernardi Paoli e don Stefano Zeni. - Cultura\",\"isPartOf\":{\"@id\":\"https:\/\/www.diocesitn.it\/area-cultura\/#website\"},\"primaryImageOfPage\":{\"@id\":\"https:\/\/www.diocesitn.it\/area-cultura\/2024\/05\/06\/a-tu-per-tu-con-lautore-il-16-maggio-parola-la-forza-generativa-del-dire-con-camilla-bernardi-paoli-e-don-stefano-zeni\/#primaryimage\"},\"image\":{\"@id\":\"https:\/\/www.diocesitn.it\/area-cultura\/2024\/05\/06\/a-tu-per-tu-con-lautore-il-16-maggio-parola-la-forza-generativa-del-dire-con-camilla-bernardi-paoli-e-don-stefano-zeni\/#primaryimage\"},\"thumbnailUrl\":\"https:\/\/www.diocesitn.it\/area-cultura\/wp-content\/uploads\/sites\/38\/2024\/05\/Nuovo-Documento-di-Microsoft-Word-1-pdf.jpg\",\"datePublished\":\"2024-05-06T15:03:57+00:00\",\"dateModified\":\"2024-05-20T10:25:26+00:00\",\"breadcrumb\":{\"@id\":\"https:\/\/www.diocesitn.it\/area-cultura\/2024\/05\/06\/a-tu-per-tu-con-lautore-il-16-maggio-parola-la-forza-generativa-del-dire-con-camilla-bernardi-paoli-e-don-stefano-zeni\/#breadcrumb\"},\"inLanguage\":\"it-IT\",\"potentialAction\":[{\"@type\":\"ReadAction\",\"target\":[\"https:\/\/www.diocesitn.it\/area-cultura\/2024\/05\/06\/a-tu-per-tu-con-lautore-il-16-maggio-parola-la-forza-generativa-del-dire-con-camilla-bernardi-paoli-e-don-stefano-zeni\/\"]}]},{\"@type\":\"ImageObject\",\"inLanguage\":\"it-IT\",\"@id\":\"https:\/\/www.diocesitn.it\/area-cultura\/2024\/05\/06\/a-tu-per-tu-con-lautore-il-16-maggio-parola-la-forza-generativa-del-dire-con-camilla-bernardi-paoli-e-don-stefano-zeni\/#primaryimage\",\"url\":\"https:\/\/www.diocesitn.it\/area-cultura\/wp-content\/uploads\/sites\/38\/2024\/05\/Nuovo-Documento-di-Microsoft-Word-1-pdf.jpg\",\"contentUrl\":\"https:\/\/www.diocesitn.it\/area-cultura\/wp-content\/uploads\/sites\/38\/2024\/05\/Nuovo-Documento-di-Microsoft-Word-1-pdf.jpg\"},{\"@type\":\"BreadcrumbList\",\"@id\":\"https:\/\/www.diocesitn.it\/area-cultura\/2024\/05\/06\/a-tu-per-tu-con-lautore-il-16-maggio-parola-la-forza-generativa-del-dire-con-camilla-bernardi-paoli-e-don-stefano-zeni\/#breadcrumb\",\"itemListElement\":[{\"@type\":\"ListItem\",\"position\":1,\"name\":\"Home\",\"item\":\"https:\/\/www.diocesitn.it\/area-cultura\/\"},{\"@type\":\"ListItem\",\"position\":2,\"name\":\"A tu per tu con l&#8217;autore il 16 maggio: &#8220;Parola. La forza generativa del dire&#8221; con Camilla Bernardi Paoli e don Stefano Zeni.\"}]},{\"@type\":\"WebSite\",\"@id\":\"https:\/\/www.diocesitn.it\/area-cultura\/#website\",\"url\":\"https:\/\/www.diocesitn.it\/area-cultura\/\",\"name\":\"Cultura\",\"description\":\"Chiesa di Trento\",\"publisher\":{\"@id\":\"https:\/\/www.diocesitn.it\/area-cultura\/#organization\"},\"potentialAction\":[{\"@type\":\"SearchAction\",\"target\":{\"@type\":\"EntryPoint\",\"urlTemplate\":\"https:\/\/www.diocesitn.it\/area-cultura\/?s={search_term_string}\"},\"query-input\":\"required name=search_term_string\"}],\"inLanguage\":\"it-IT\"},{\"@type\":[\"Organization\",\"Place\"],\"@id\":\"https:\/\/www.diocesitn.it\/area-cultura\/#organization\",\"name\":\"Area Cultura - Chiesa di Trento\",\"url\":\"https:\/\/www.diocesitn.it\/area-cultura\/\",\"logo\":{\"@id\":\"https:\/\/www.diocesitn.it\/area-cultura\/2024\/05\/06\/a-tu-per-tu-con-lautore-il-16-maggio-parola-la-forza-generativa-del-dire-con-camilla-bernardi-paoli-e-don-stefano-zeni\/#local-main-organization-logo\"},\"image\":{\"@id\":\"https:\/\/www.diocesitn.it\/area-cultura\/2024\/05\/06\/a-tu-per-tu-con-lautore-il-16-maggio-parola-la-forza-generativa-del-dire-con-camilla-bernardi-paoli-e-don-stefano-zeni\/#local-main-organization-logo\"},\"sameAs\":[\"https:\/\/www.youtube.com\/channel\/UCfWD2n-N6WTCg2P_UA72H6Q\"],\"openingHoursSpecification\":[{\"@type\":\"OpeningHoursSpecification\",\"dayOfWeek\":[\"Monday\",\"Tuesday\",\"Wednesday\",\"Thursday\",\"Friday\",\"Saturday\",\"Sunday\"],\"opens\":\"09:00\",\"closes\":\"17:00\"}]},{\"@type\":\"ImageObject\",\"inLanguage\":\"it-IT\",\"@id\":\"https:\/\/www.diocesitn.it\/area-cultura\/2024\/05\/06\/a-tu-per-tu-con-lautore-il-16-maggio-parola-la-forza-generativa-del-dire-con-camilla-bernardi-paoli-e-don-stefano-zeni\/#local-main-organization-logo\",\"url\":\"https:\/\/www.diocesitn.it\/area-cultura\/wp-content\/uploads\/sites\/38\/2021\/09\/og-logo-cultura.jpg\",\"contentUrl\":\"https:\/\/www.diocesitn.it\/area-cultura\/wp-content\/uploads\/sites\/38\/2021\/09\/og-logo-cultura.jpg\",\"width\":1200,\"height\":630,\"caption\":\"Area Cultura - Chiesa di Trento\"}]}<\/script>\n<!-- \/ Yoast SEO Premium plugin. -->","yoast_head_json":{"title":"A tu per tu con l'autore il 16 maggio: \"Parola. La forza generativa del dire\" con Camilla Bernardi Paoli e don Stefano Zeni. - Cultura","robots":{"index":"index","follow":"follow","max-snippet":"max-snippet:-1","max-image-preview":"max-image-preview:large","max-video-preview":"max-video-preview:-1"},"canonical":"https:\/\/www.diocesitn.it\/area-cultura\/2024\/05\/06\/a-tu-per-tu-con-lautore-il-16-maggio-parola-la-forza-generativa-del-dire-con-camilla-bernardi-paoli-e-don-stefano-zeni\/","og_locale":"it_IT","og_type":"article","og_title":"A tu per tu con l'autore il 16 maggio: \"Parola. La forza generativa del dire\" con Camilla Bernardi Paoli e don Stefano Zeni.","og_description":"Terzo appuntamento per l\u2019anno accademico 2023\/2024 con la rubrica online\u00a0A tu per tu con l\u2019Autore, in cui i docenti dell\u2019Istituto Superiore di Scienze Religiose \u201cRomano Guardini\u201d presentano le loro nuove opere, attraverso un dialogo stimolante","og_url":"https:\/\/www.diocesitn.it\/area-cultura\/2024\/05\/06\/a-tu-per-tu-con-lautore-il-16-maggio-parola-la-forza-generativa-del-dire-con-camilla-bernardi-paoli-e-don-stefano-zeni\/","og_site_name":"Cultura","article_published_time":"2024-05-06T15:03:57+00:00","article_modified_time":"2024-05-20T10:25:26+00:00","og_image":[{"width":1200,"height":630,"url":"https:\/\/www.diocesitn.it\/area-cultura\/wp-content\/uploads\/sites\/38\/2021\/09\/og-logo-cultura.jpg","type":"image\/jpeg"}],"author":"ledine","twitter_card":"summary_large_image","twitter_misc":{"Scritto da":"ledine","Tempo di lettura stimato":"2 minuti"},"schema":{"@context":"https:\/\/schema.org","@graph":[{"@type":"Article","@id":"https:\/\/www.diocesitn.it\/area-cultura\/2024\/05\/06\/a-tu-per-tu-con-lautore-il-16-maggio-parola-la-forza-generativa-del-dire-con-camilla-bernardi-paoli-e-don-stefano-zeni\/#article","isPartOf":{"@id":"https:\/\/www.diocesitn.it\/area-cultura\/2024\/05\/06\/a-tu-per-tu-con-lautore-il-16-maggio-parola-la-forza-generativa-del-dire-con-camilla-bernardi-paoli-e-don-stefano-zeni\/"},"author":{"name":"ledine","@id":"https:\/\/www.diocesitn.it\/area-cultura\/#\/schema\/person\/93b7401db62b6f32d20347e997095e6c"},"headline":"A tu per tu con l&#8217;autore il 16 maggio: &#8220;Parola. La forza generativa del dire&#8221; con Camilla Bernardi Paoli e don Stefano Zeni.","datePublished":"2024-05-06T15:03:57+00:00","dateModified":"2024-05-20T10:25:26+00:00","mainEntityOfPage":{"@id":"https:\/\/www.diocesitn.it\/area-cultura\/2024\/05\/06\/a-tu-per-tu-con-lautore-il-16-maggio-parola-la-forza-generativa-del-dire-con-camilla-bernardi-paoli-e-don-stefano-zeni\/"},"wordCount":297,"publisher":{"@id":"https:\/\/www.diocesitn.it\/area-cultura\/#organization"},"image":{"@id":"https:\/\/www.diocesitn.it\/area-cultura\/2024\/05\/06\/a-tu-per-tu-con-lautore-il-16-maggio-parola-la-forza-generativa-del-dire-con-camilla-bernardi-paoli-e-don-stefano-zeni\/#primaryimage"},"thumbnailUrl":"https:\/\/www.diocesitn.it\/area-cultura\/wp-content\/uploads\/sites\/38\/2024\/05\/Nuovo-Documento-di-Microsoft-Word-1-pdf.jpg","articleSection":["Area Cultura","Biblioteca diocesana Vigilianum","Notizie"],"inLanguage":"it-IT","copyrightYear":"2024","copyrightHolder":{"@id":"https:\/\/www.diocesitn.it\/#organization"}},{"@type":"WebPage","@id":"https:\/\/www.diocesitn.it\/area-cultura\/2024\/05\/06\/a-tu-per-tu-con-lautore-il-16-maggio-parola-la-forza-generativa-del-dire-con-camilla-bernardi-paoli-e-don-stefano-zeni\/","url":"https:\/\/www.diocesitn.it\/area-cultura\/2024\/05\/06\/a-tu-per-tu-con-lautore-il-16-maggio-parola-la-forza-generativa-del-dire-con-camilla-bernardi-paoli-e-don-stefano-zeni\/","name":"A tu per tu con l'autore il 16 maggio: \"Parola. La forza generativa del dire\" con Camilla Bernardi Paoli e don Stefano Zeni. - Cultura","isPartOf":{"@id":"https:\/\/www.diocesitn.it\/area-cultura\/#website"},"primaryImageOfPage":{"@id":"https:\/\/www.diocesitn.it\/area-cultura\/2024\/05\/06\/a-tu-per-tu-con-lautore-il-16-maggio-parola-la-forza-generativa-del-dire-con-camilla-bernardi-paoli-e-don-stefano-zeni\/#primaryimage"},"image":{"@id":"https:\/\/www.diocesitn.it\/area-cultura\/2024\/05\/06\/a-tu-per-tu-con-lautore-il-16-maggio-parola-la-forza-generativa-del-dire-con-camilla-bernardi-paoli-e-don-stefano-zeni\/#primaryimage"},"thumbnailUrl":"https:\/\/www.diocesitn.it\/area-cultura\/wp-content\/uploads\/sites\/38\/2024\/05\/Nuovo-Documento-di-Microsoft-Word-1-pdf.jpg","datePublished":"2024-05-06T15:03:57+00:00","dateModified":"2024-05-20T10:25:26+00:00","breadcrumb":{"@id":"https:\/\/www.diocesitn.it\/area-cultura\/2024\/05\/06\/a-tu-per-tu-con-lautore-il-16-maggio-parola-la-forza-generativa-del-dire-con-camilla-bernardi-paoli-e-don-stefano-zeni\/#breadcrumb"},"inLanguage":"it-IT","potentialAction":[{"@type":"ReadAction","target":["https:\/\/www.diocesitn.it\/area-cultura\/2024\/05\/06\/a-tu-per-tu-con-lautore-il-16-maggio-parola-la-forza-generativa-del-dire-con-camilla-bernardi-paoli-e-don-stefano-zeni\/"]}]},{"@type":"ImageObject","inLanguage":"it-IT","@id":"https:\/\/www.diocesitn.it\/area-cultura\/2024\/05\/06\/a-tu-per-tu-con-lautore-il-16-maggio-parola-la-forza-generativa-del-dire-con-camilla-bernardi-paoli-e-don-stefano-zeni\/#primaryimage","url":"https:\/\/www.diocesitn.it\/area-cultura\/wp-content\/uploads\/sites\/38\/2024\/05\/Nuovo-Documento-di-Microsoft-Word-1-pdf.jpg","contentUrl":"https:\/\/www.diocesitn.it\/area-cultura\/wp-content\/uploads\/sites\/38\/2024\/05\/Nuovo-Documento-di-Microsoft-Word-1-pdf.jpg"},{"@type":"BreadcrumbList","@id":"https:\/\/www.diocesitn.it\/area-cultura\/2024\/05\/06\/a-tu-per-tu-con-lautore-il-16-maggio-parola-la-forza-generativa-del-dire-con-camilla-bernardi-paoli-e-don-stefano-zeni\/#breadcrumb","itemListElement":[{"@type":"ListItem","position":1,"name":"Home","item":"https:\/\/www.diocesitn.it\/area-cultura\/"},{"@type":"ListItem","position":2,"name":"A tu per tu con l&#8217;autore il 16 maggio: &#8220;Parola. La forza generativa del dire&#8221; con Camilla Bernardi Paoli e don Stefano Zeni."}]},{"@type":"WebSite","@id":"https:\/\/www.diocesitn.it\/area-cultura\/#website","url":"https:\/\/www.diocesitn.it\/area-cultura\/","name":"Cultura","description":"Chiesa di Trento","publisher":{"@id":"https:\/\/www.diocesitn.it\/area-cultura\/#organization"},"potentialAction":[{"@type":"SearchAction","target":{"@type":"EntryPoint","urlTemplate":"https:\/\/www.diocesitn.it\/area-cultura\/?s={search_term_string}"},"query-input":"required name=search_term_string"}],"inLanguage":"it-IT"},{"@type":["Organization","Place"],"@id":"https:\/\/www.diocesitn.it\/area-cultura\/#organization","name":"Area Cultura - Chiesa di Trento","url":"https:\/\/www.diocesitn.it\/area-cultura\/","logo":{"@id":"https:\/\/www.diocesitn.it\/area-cultura\/2024\/05\/06\/a-tu-per-tu-con-lautore-il-16-maggio-parola-la-forza-generativa-del-dire-con-camilla-bernardi-paoli-e-don-stefano-zeni\/#local-main-organization-logo"},"image":{"@id":"https:\/\/www.diocesitn.it\/area-cultura\/2024\/05\/06\/a-tu-per-tu-con-lautore-il-16-maggio-parola-la-forza-generativa-del-dire-con-camilla-bernardi-paoli-e-don-stefano-zeni\/#local-main-organization-logo"},"sameAs":["https:\/\/www.youtube.com\/channel\/UCfWD2n-N6WTCg2P_UA72H6Q"],"openingHoursSpecification":[{"@type":"OpeningHoursSpecification","dayOfWeek":["Monday","Tuesday","Wednesday","Thursday","Friday","Saturday","Sunday"],"opens":"09:00","closes":"17:00"}]},{"@type":"ImageObject","inLanguage":"it-IT","@id":"https:\/\/www.diocesitn.it\/area-cultura\/2024\/05\/06\/a-tu-per-tu-con-lautore-il-16-maggio-parola-la-forza-generativa-del-dire-con-camilla-bernardi-paoli-e-don-stefano-zeni\/#local-main-organization-logo","url":"https:\/\/www.diocesitn.it\/area-cultura\/wp-content\/uploads\/sites\/38\/2021\/09\/og-logo-cultura.jpg","contentUrl":"https:\/\/www.diocesitn.it\/area-cultura\/wp-content\/uploads\/sites\/38\/2021\/09\/og-logo-cultura.jpg","width":1200,"height":630,"caption":"Area Cultura - Chiesa di Trento"}]}},"_links":{"self":[{"href":"https:\/\/www.diocesitn.it\/area-cultura\/wp-json\/wp\/v2\/posts\/13325","targetHints":{"allow":["GET"]}}],"collection":[{"href":"https:\/\/www.diocesitn.it\/area-cultura\/wp-json\/wp\/v2\/posts"}],"about":[{"href":"https:\/\/www.diocesitn.it\/area-cultura\/wp-json\/wp\/v2\/types\/post"}],"author":[{"embeddable":true,"href":"https:\/\/www.diocesitn.it\/area-cultura\/wp-json\/wp\/v2\/users\/165"}],"replies":[{"embeddable":true,"href":"https:\/\/www.diocesitn.it\/area-cultura\/wp-json\/wp\/v2\/comments?post=13325"}],"version-history":[{"count":3,"href":"https:\/\/www.diocesitn.it\/area-cultura\/wp-json\/wp\/v2\/posts\/13325\/revisions"}],"predecessor-version":[{"id":13400,"href":"https:\/\/www.diocesitn.it\/area-cultura\/wp-json\/wp\/v2\/posts\/13325\/revisions\/13400"}],"wp:featuredmedia":[{"embeddable":true,"href":"https:\/\/www.diocesitn.it\/area-cultura\/wp-json\/wp\/v2\/media\/13330"}],"wp:attachment":[{"href":"https:\/\/www.diocesitn.it\/area-cultura\/wp-json\/wp\/v2\/media?parent=13325"}],"wp:term":[{"taxonomy":"category","embeddable":true,"href":"https:\/\/www.diocesitn.it\/area-cultura\/wp-json\/wp\/v2\/categories?post=13325"},{"taxonomy":"post_tag","embeddable":true,"href":"https:\/\/www.diocesitn.it\/area-cultura\/wp-json\/wp\/v2\/tags?post=13325"}],"curies":[{"name":"wp","href":"https:\/\/api.w.org\/{rel}","templated":true}]}}