{"id":13193,"date":"2024-04-11T15:36:11","date_gmt":"2024-04-11T13:36:11","guid":{"rendered":"https:\/\/www.diocesitn.it\/area-cultura\/?p=13193"},"modified":"2024-05-06T14:16:12","modified_gmt":"2024-05-06T12:16:12","slug":"chieseacolori-al-trento-film-festival","status":"publish","type":"post","link":"https:\/\/www.diocesitn.it\/area-cultura\/2024\/04\/11\/chieseacolori-al-trento-film-festival\/","title":{"rendered":"Chieseacolori al Trento Film Festival"},"content":{"rendered":"<p>Il mese di aprile presenta un <a href=\"https:\/\/www.diocesitn.it\/area-cultura\/wp-content\/uploads\/sites\/38\/2024\/04\/festival-della-montagna-2024-depliant.pdf\">calendario di <strong><em>Chieseacolori<\/em><\/strong> <\/a>particolarmente ricco di appuntamenti, orientati in gran parte all\u2019imminente edizione del Trento Film Festival. Perch\u00e9 parlare di montagna, di ambiente, di sostenibilit\u00e0, vuol dire parlare di umanit\u00e0: se il creato \u00e8 fonte inesauribile e misteriosa di vita, lo sguardo sotto i nostri occhi ci porta a guardare a un tempo in cui la consapevolezza di questo bene sembra venuta meno. Cos\u00ec come le continue connessioni tra la sofferenza climatica e quella umana diventano oggi sempre pi\u00f9 difficili da separare. Sono i motivi che ci hanno portato ad offrire qualche particolare spazio di pensiero.<\/p>\n<p>Se nella <strong>chiesa di<\/strong> <strong>Santa Margherita<\/strong> si aprir\u00e0 <strong>sabato 20 aprile alle 10.30<\/strong> un interessante percorso espositivo sul <strong>Cammino di Santiago de Compostela<\/strong>, la <strong>chiesa del Suffragio<\/strong> diventer\u00e0 sede di una serie di iniziative che accompagneranno quotidianamente il tempo del festival, facendo diventare i nostri spazi, ancora una volta, occasione di incontro, di pensiero e di crescita.<\/p>\n<p><a href=\"https:\/\/www.diocesitn.it\/area-cultura\/wp-content\/uploads\/sites\/38\/2024\/04\/festival-della-montagna-2024-depliant.pdf\">Eventi in programma<\/a><\/p>\n","protected":false},"excerpt":{"rendered":"<p>Il mese di aprile presenta un calendario di Chieseacolori particolarmente ricco di appuntamenti, orientati in gran parte all\u2019imminente edizione del Trento Film Festival. Perch\u00e9 parlare di montagna, di ambiente, di sostenibilit\u00e0, vuol dire parlare di<\/p>\n","protected":false},"author":164,"featured_media":13195,"comment_status":"closed","ping_status":"closed","sticky":false,"template":"","format":"standard","meta":{"footnotes":""},"categories":[461,329,620],"tags":[],"class_list":["post-13193","post","type-post","status-publish","format-standard","has-post-thumbnail","hentry","category-cultura","category-notizie","category-progetto-chieseacolori"],"acf":{"seed-localization-paese-cod":"IT","seed-localization-address":"","seed-localization-citta":"Trento","seed-localization-regione-cod-istat":"04","seed-localization-citta-cod-istat":"022205","seed-localization-localita":"","seed-localization-cap":"","seed-localization-marker-visibility":false,"seed-localization-children-visibility":false,"seed-localization-kml":"","seed-localization-custom-marker":""},"yoast_head":"<!-- This site is optimized with the Yoast SEO Premium plugin v20.2.1 (Yoast SEO v22.2) - https:\/\/yoast.com\/wordpress\/plugins\/seo\/ -->\n<title>Chieseacolori al Trento Film Festival - Cultura<\/title>\n<meta name=\"robots\" content=\"index, follow, max-snippet:-1, max-image-preview:large, max-video-preview:-1\" \/>\n<link rel=\"canonical\" href=\"https:\/\/www.diocesitn.it\/area-cultura\/2024\/04\/11\/chieseacolori-al-trento-film-festival\/\" \/>\n<meta property=\"og:locale\" content=\"it_IT\" \/>\n<meta property=\"og:type\" content=\"article\" \/>\n<meta property=\"og:title\" content=\"Chieseacolori al Trento Film Festival\" \/>\n<meta property=\"og:description\" content=\"Il mese di aprile presenta un calendario di Chieseacolori particolarmente ricco di appuntamenti, orientati in gran parte all\u2019imminente edizione del Trento Film Festival. Perch\u00e9 parlare di montagna, di ambiente, di sostenibilit\u00e0, vuol dire parlare di\" \/>\n<meta property=\"og:url\" content=\"https:\/\/www.diocesitn.it\/area-cultura\/2024\/04\/11\/chieseacolori-al-trento-film-festival\/\" \/>\n<meta property=\"og:site_name\" content=\"Cultura\" \/>\n<meta property=\"article:published_time\" content=\"2024-04-11T13:36:11+00:00\" \/>\n<meta property=\"article:modified_time\" content=\"2024-05-06T12:16:12+00:00\" \/>\n<meta property=\"og:image\" content=\"https:\/\/www.diocesitn.it\/area-cultura\/wp-content\/uploads\/sites\/38\/2024\/04\/1S6A3056-1024x683.jpg\" \/>\n\t<meta property=\"og:image:width\" content=\"1024\" \/>\n\t<meta property=\"og:image:height\" content=\"683\" \/>\n\t<meta property=\"og:image:type\" content=\"image\/jpeg\" \/>\n<meta name=\"author\" content=\"candreolli\" \/>\n<meta name=\"twitter:card\" content=\"summary_large_image\" \/>\n<meta name=\"twitter:label1\" content=\"Scritto da\" \/>\n\t<meta name=\"twitter:data1\" content=\"candreolli\" \/>\n\t<meta name=\"twitter:label2\" content=\"Tempo di lettura stimato\" \/>\n\t<meta name=\"twitter:data2\" content=\"2 minuti\" \/>\n<script type=\"application\/ld+json\" class=\"yoast-schema-graph\">{\"@context\":\"https:\/\/schema.org\",\"@graph\":[{\"@type\":\"Article\",\"@id\":\"https:\/\/www.diocesitn.it\/area-cultura\/2024\/04\/11\/chieseacolori-al-trento-film-festival\/#article\",\"isPartOf\":{\"@id\":\"https:\/\/www.diocesitn.it\/area-cultura\/2024\/04\/11\/chieseacolori-al-trento-film-festival\/\"},\"author\":{\"name\":\"candreolli\",\"@id\":\"https:\/\/www.diocesitn.it\/area-cultura\/#\/schema\/person\/05f14428efca72bb2997b55cbdc7d01b\"},\"headline\":\"Chieseacolori al Trento Film Festival\",\"datePublished\":\"2024-04-11T13:36:11+00:00\",\"dateModified\":\"2024-05-06T12:16:12+00:00\",\"mainEntityOfPage\":{\"@id\":\"https:\/\/www.diocesitn.it\/area-cultura\/2024\/04\/11\/chieseacolori-al-trento-film-festival\/\"},\"wordCount\":165,\"publisher\":{\"@id\":\"https:\/\/www.diocesitn.it\/area-cultura\/#organization\"},\"image\":{\"@id\":\"https:\/\/www.diocesitn.it\/area-cultura\/2024\/04\/11\/chieseacolori-al-trento-film-festival\/#primaryimage\"},\"thumbnailUrl\":\"https:\/\/www.diocesitn.it\/area-cultura\/wp-content\/uploads\/sites\/38\/2024\/04\/1S6A3056.jpg\",\"articleSection\":[\"Cultura\",\"Notizie\",\"Progetto Chieseacolori\"],\"inLanguage\":\"it-IT\",\"copyrightYear\":\"2024\",\"copyrightHolder\":{\"@id\":\"https:\/\/www.diocesitn.it\/#organization\"}},{\"@type\":\"WebPage\",\"@id\":\"https:\/\/www.diocesitn.it\/area-cultura\/2024\/04\/11\/chieseacolori-al-trento-film-festival\/\",\"url\":\"https:\/\/www.diocesitn.it\/area-cultura\/2024\/04\/11\/chieseacolori-al-trento-film-festival\/\",\"name\":\"Chieseacolori al Trento Film Festival - Cultura\",\"isPartOf\":{\"@id\":\"https:\/\/www.diocesitn.it\/area-cultura\/#website\"},\"primaryImageOfPage\":{\"@id\":\"https:\/\/www.diocesitn.it\/area-cultura\/2024\/04\/11\/chieseacolori-al-trento-film-festival\/#primaryimage\"},\"image\":{\"@id\":\"https:\/\/www.diocesitn.it\/area-cultura\/2024\/04\/11\/chieseacolori-al-trento-film-festival\/#primaryimage\"},\"thumbnailUrl\":\"https:\/\/www.diocesitn.it\/area-cultura\/wp-content\/uploads\/sites\/38\/2024\/04\/1S6A3056.jpg\",\"datePublished\":\"2024-04-11T13:36:11+00:00\",\"dateModified\":\"2024-05-06T12:16:12+00:00\",\"breadcrumb\":{\"@id\":\"https:\/\/www.diocesitn.it\/area-cultura\/2024\/04\/11\/chieseacolori-al-trento-film-festival\/#breadcrumb\"},\"inLanguage\":\"it-IT\",\"potentialAction\":[{\"@type\":\"ReadAction\",\"target\":[\"https:\/\/www.diocesitn.it\/area-cultura\/2024\/04\/11\/chieseacolori-al-trento-film-festival\/\"]}]},{\"@type\":\"ImageObject\",\"inLanguage\":\"it-IT\",\"@id\":\"https:\/\/www.diocesitn.it\/area-cultura\/2024\/04\/11\/chieseacolori-al-trento-film-festival\/#primaryimage\",\"url\":\"https:\/\/www.diocesitn.it\/area-cultura\/wp-content\/uploads\/sites\/38\/2024\/04\/1S6A3056.jpg\",\"contentUrl\":\"https:\/\/www.diocesitn.it\/area-cultura\/wp-content\/uploads\/sites\/38\/2024\/04\/1S6A3056.jpg\",\"width\":1920,\"height\":1280},{\"@type\":\"BreadcrumbList\",\"@id\":\"https:\/\/www.diocesitn.it\/area-cultura\/2024\/04\/11\/chieseacolori-al-trento-film-festival\/#breadcrumb\",\"itemListElement\":[{\"@type\":\"ListItem\",\"position\":1,\"name\":\"Home\",\"item\":\"https:\/\/www.diocesitn.it\/area-cultura\/\"},{\"@type\":\"ListItem\",\"position\":2,\"name\":\"Chieseacolori al Trento Film Festival\"}]},{\"@type\":\"WebSite\",\"@id\":\"https:\/\/www.diocesitn.it\/area-cultura\/#website\",\"url\":\"https:\/\/www.diocesitn.it\/area-cultura\/\",\"name\":\"Cultura\",\"description\":\"Chiesa di Trento\",\"publisher\":{\"@id\":\"https:\/\/www.diocesitn.it\/area-cultura\/#organization\"},\"potentialAction\":[{\"@type\":\"SearchAction\",\"target\":{\"@type\":\"EntryPoint\",\"urlTemplate\":\"https:\/\/www.diocesitn.it\/area-cultura\/?s={search_term_string}\"},\"query-input\":\"required name=search_term_string\"}],\"inLanguage\":\"it-IT\"},{\"@type\":[\"Organization\",\"Place\"],\"@id\":\"https:\/\/www.diocesitn.it\/area-cultura\/#organization\",\"name\":\"Area Cultura - Chiesa di Trento\",\"url\":\"https:\/\/www.diocesitn.it\/area-cultura\/\",\"logo\":{\"@id\":\"https:\/\/www.diocesitn.it\/area-cultura\/2024\/04\/11\/chieseacolori-al-trento-film-festival\/#local-main-organization-logo\"},\"image\":{\"@id\":\"https:\/\/www.diocesitn.it\/area-cultura\/2024\/04\/11\/chieseacolori-al-trento-film-festival\/#local-main-organization-logo\"},\"sameAs\":[\"https:\/\/www.youtube.com\/channel\/UCfWD2n-N6WTCg2P_UA72H6Q\"],\"openingHoursSpecification\":[{\"@type\":\"OpeningHoursSpecification\",\"dayOfWeek\":[\"Monday\",\"Tuesday\",\"Wednesday\",\"Thursday\",\"Friday\",\"Saturday\",\"Sunday\"],\"opens\":\"09:00\",\"closes\":\"17:00\"}]},{\"@type\":\"ImageObject\",\"inLanguage\":\"it-IT\",\"@id\":\"https:\/\/www.diocesitn.it\/area-cultura\/2024\/04\/11\/chieseacolori-al-trento-film-festival\/#local-main-organization-logo\",\"url\":\"https:\/\/www.diocesitn.it\/area-cultura\/wp-content\/uploads\/sites\/38\/2021\/09\/og-logo-cultura.jpg\",\"contentUrl\":\"https:\/\/www.diocesitn.it\/area-cultura\/wp-content\/uploads\/sites\/38\/2021\/09\/og-logo-cultura.jpg\",\"width\":1200,\"height\":630,\"caption\":\"Area Cultura - Chiesa di Trento\"}]}<\/script>\n<!-- \/ Yoast SEO Premium plugin. -->","yoast_head_json":{"title":"Chieseacolori al Trento Film Festival - Cultura","robots":{"index":"index","follow":"follow","max-snippet":"max-snippet:-1","max-image-preview":"max-image-preview:large","max-video-preview":"max-video-preview:-1"},"canonical":"https:\/\/www.diocesitn.it\/area-cultura\/2024\/04\/11\/chieseacolori-al-trento-film-festival\/","og_locale":"it_IT","og_type":"article","og_title":"Chieseacolori al Trento Film Festival","og_description":"Il mese di aprile presenta un calendario di Chieseacolori particolarmente ricco di appuntamenti, orientati in gran parte all\u2019imminente edizione del Trento Film Festival. Perch\u00e9 parlare di montagna, di ambiente, di sostenibilit\u00e0, vuol dire parlare di","og_url":"https:\/\/www.diocesitn.it\/area-cultura\/2024\/04\/11\/chieseacolori-al-trento-film-festival\/","og_site_name":"Cultura","article_published_time":"2024-04-11T13:36:11+00:00","article_modified_time":"2024-05-06T12:16:12+00:00","og_image":[{"width":1024,"height":683,"url":"https:\/\/www.diocesitn.it\/area-cultura\/wp-content\/uploads\/sites\/38\/2024\/04\/1S6A3056-1024x683.jpg","type":"image\/jpeg"}],"author":"candreolli","twitter_card":"summary_large_image","twitter_misc":{"Scritto da":"candreolli","Tempo di lettura stimato":"2 minuti"},"schema":{"@context":"https:\/\/schema.org","@graph":[{"@type":"Article","@id":"https:\/\/www.diocesitn.it\/area-cultura\/2024\/04\/11\/chieseacolori-al-trento-film-festival\/#article","isPartOf":{"@id":"https:\/\/www.diocesitn.it\/area-cultura\/2024\/04\/11\/chieseacolori-al-trento-film-festival\/"},"author":{"name":"candreolli","@id":"https:\/\/www.diocesitn.it\/area-cultura\/#\/schema\/person\/05f14428efca72bb2997b55cbdc7d01b"},"headline":"Chieseacolori al Trento Film Festival","datePublished":"2024-04-11T13:36:11+00:00","dateModified":"2024-05-06T12:16:12+00:00","mainEntityOfPage":{"@id":"https:\/\/www.diocesitn.it\/area-cultura\/2024\/04\/11\/chieseacolori-al-trento-film-festival\/"},"wordCount":165,"publisher":{"@id":"https:\/\/www.diocesitn.it\/area-cultura\/#organization"},"image":{"@id":"https:\/\/www.diocesitn.it\/area-cultura\/2024\/04\/11\/chieseacolori-al-trento-film-festival\/#primaryimage"},"thumbnailUrl":"https:\/\/www.diocesitn.it\/area-cultura\/wp-content\/uploads\/sites\/38\/2024\/04\/1S6A3056.jpg","articleSection":["Cultura","Notizie","Progetto Chieseacolori"],"inLanguage":"it-IT","copyrightYear":"2024","copyrightHolder":{"@id":"https:\/\/www.diocesitn.it\/#organization"}},{"@type":"WebPage","@id":"https:\/\/www.diocesitn.it\/area-cultura\/2024\/04\/11\/chieseacolori-al-trento-film-festival\/","url":"https:\/\/www.diocesitn.it\/area-cultura\/2024\/04\/11\/chieseacolori-al-trento-film-festival\/","name":"Chieseacolori al Trento Film Festival - Cultura","isPartOf":{"@id":"https:\/\/www.diocesitn.it\/area-cultura\/#website"},"primaryImageOfPage":{"@id":"https:\/\/www.diocesitn.it\/area-cultura\/2024\/04\/11\/chieseacolori-al-trento-film-festival\/#primaryimage"},"image":{"@id":"https:\/\/www.diocesitn.it\/area-cultura\/2024\/04\/11\/chieseacolori-al-trento-film-festival\/#primaryimage"},"thumbnailUrl":"https:\/\/www.diocesitn.it\/area-cultura\/wp-content\/uploads\/sites\/38\/2024\/04\/1S6A3056.jpg","datePublished":"2024-04-11T13:36:11+00:00","dateModified":"2024-05-06T12:16:12+00:00","breadcrumb":{"@id":"https:\/\/www.diocesitn.it\/area-cultura\/2024\/04\/11\/chieseacolori-al-trento-film-festival\/#breadcrumb"},"inLanguage":"it-IT","potentialAction":[{"@type":"ReadAction","target":["https:\/\/www.diocesitn.it\/area-cultura\/2024\/04\/11\/chieseacolori-al-trento-film-festival\/"]}]},{"@type":"ImageObject","inLanguage":"it-IT","@id":"https:\/\/www.diocesitn.it\/area-cultura\/2024\/04\/11\/chieseacolori-al-trento-film-festival\/#primaryimage","url":"https:\/\/www.diocesitn.it\/area-cultura\/wp-content\/uploads\/sites\/38\/2024\/04\/1S6A3056.jpg","contentUrl":"https:\/\/www.diocesitn.it\/area-cultura\/wp-content\/uploads\/sites\/38\/2024\/04\/1S6A3056.jpg","width":1920,"height":1280},{"@type":"BreadcrumbList","@id":"https:\/\/www.diocesitn.it\/area-cultura\/2024\/04\/11\/chieseacolori-al-trento-film-festival\/#breadcrumb","itemListElement":[{"@type":"ListItem","position":1,"name":"Home","item":"https:\/\/www.diocesitn.it\/area-cultura\/"},{"@type":"ListItem","position":2,"name":"Chieseacolori al Trento Film Festival"}]},{"@type":"WebSite","@id":"https:\/\/www.diocesitn.it\/area-cultura\/#website","url":"https:\/\/www.diocesitn.it\/area-cultura\/","name":"Cultura","description":"Chiesa di Trento","publisher":{"@id":"https:\/\/www.diocesitn.it\/area-cultura\/#organization"},"potentialAction":[{"@type":"SearchAction","target":{"@type":"EntryPoint","urlTemplate":"https:\/\/www.diocesitn.it\/area-cultura\/?s={search_term_string}"},"query-input":"required name=search_term_string"}],"inLanguage":"it-IT"},{"@type":["Organization","Place"],"@id":"https:\/\/www.diocesitn.it\/area-cultura\/#organization","name":"Area Cultura - Chiesa di Trento","url":"https:\/\/www.diocesitn.it\/area-cultura\/","logo":{"@id":"https:\/\/www.diocesitn.it\/area-cultura\/2024\/04\/11\/chieseacolori-al-trento-film-festival\/#local-main-organization-logo"},"image":{"@id":"https:\/\/www.diocesitn.it\/area-cultura\/2024\/04\/11\/chieseacolori-al-trento-film-festival\/#local-main-organization-logo"},"sameAs":["https:\/\/www.youtube.com\/channel\/UCfWD2n-N6WTCg2P_UA72H6Q"],"openingHoursSpecification":[{"@type":"OpeningHoursSpecification","dayOfWeek":["Monday","Tuesday","Wednesday","Thursday","Friday","Saturday","Sunday"],"opens":"09:00","closes":"17:00"}]},{"@type":"ImageObject","inLanguage":"it-IT","@id":"https:\/\/www.diocesitn.it\/area-cultura\/2024\/04\/11\/chieseacolori-al-trento-film-festival\/#local-main-organization-logo","url":"https:\/\/www.diocesitn.it\/area-cultura\/wp-content\/uploads\/sites\/38\/2021\/09\/og-logo-cultura.jpg","contentUrl":"https:\/\/www.diocesitn.it\/area-cultura\/wp-content\/uploads\/sites\/38\/2021\/09\/og-logo-cultura.jpg","width":1200,"height":630,"caption":"Area Cultura - Chiesa di Trento"}]}},"_links":{"self":[{"href":"https:\/\/www.diocesitn.it\/area-cultura\/wp-json\/wp\/v2\/posts\/13193","targetHints":{"allow":["GET"]}}],"collection":[{"href":"https:\/\/www.diocesitn.it\/area-cultura\/wp-json\/wp\/v2\/posts"}],"about":[{"href":"https:\/\/www.diocesitn.it\/area-cultura\/wp-json\/wp\/v2\/types\/post"}],"author":[{"embeddable":true,"href":"https:\/\/www.diocesitn.it\/area-cultura\/wp-json\/wp\/v2\/users\/164"}],"replies":[{"embeddable":true,"href":"https:\/\/www.diocesitn.it\/area-cultura\/wp-json\/wp\/v2\/comments?post=13193"}],"version-history":[{"count":3,"href":"https:\/\/www.diocesitn.it\/area-cultura\/wp-json\/wp\/v2\/posts\/13193\/revisions"}],"predecessor-version":[{"id":13207,"href":"https:\/\/www.diocesitn.it\/area-cultura\/wp-json\/wp\/v2\/posts\/13193\/revisions\/13207"}],"wp:featuredmedia":[{"embeddable":true,"href":"https:\/\/www.diocesitn.it\/area-cultura\/wp-json\/wp\/v2\/media\/13195"}],"wp:attachment":[{"href":"https:\/\/www.diocesitn.it\/area-cultura\/wp-json\/wp\/v2\/media?parent=13193"}],"wp:term":[{"taxonomy":"category","embeddable":true,"href":"https:\/\/www.diocesitn.it\/area-cultura\/wp-json\/wp\/v2\/categories?post=13193"},{"taxonomy":"post_tag","embeddable":true,"href":"https:\/\/www.diocesitn.it\/area-cultura\/wp-json\/wp\/v2\/tags?post=13193"}],"curies":[{"name":"wp","href":"https:\/\/api.w.org\/{rel}","templated":true}]}}