{"id":12997,"date":"2024-03-06T10:01:55","date_gmt":"2024-03-06T09:01:55","guid":{"rendered":"https:\/\/www.diocesitn.it\/area-cultura\/?p=12997"},"modified":"2024-03-25T09:53:35","modified_gmt":"2024-03-25T08:53:35","slug":"bibbia-dal-pop-a-de-andre-in-dialogo-con-brunetto-salvarani","status":"publish","type":"post","link":"https:\/\/www.diocesitn.it\/area-cultura\/2024\/03\/06\/bibbia-dal-pop-a-de-andre-in-dialogo-con-brunetto-salvarani\/","title":{"rendered":"Bibbia: dal pop a De Andr\u00e9. In dialogo con Brunetto Salvarani"},"content":{"rendered":"<p><strong>Sabato 23 marzo, alle 10.30<\/strong>, nella <strong>Chiesa di Santa Margherita<\/strong>, sede dell\u2019esposizione dedicata alla Buona Novella di De Andr\u00e9, il teologo <strong>Brunetto Salvarani<\/strong>, docente della Facolt\u00e0 teologica dell\u2019Emilia Romagna, converser\u00e0 con noi sul legame tra musica, nuove tendenze, e teologia, a partire dalla Buona Novella.<\/p>\n<p>Salvarani, tra i pi\u00f9 noti in Italia, \u00e8 autore, in particolare, proprio di testi sulla figura di Fabrizio De Andr\u00e9.<\/p>\n<p>Si tratta di un appuntamento estremamente interessante anche per sottolineare l\u2019esposizione delle <a href=\"https:\/\/www.diocesitn.it\/area-cultura\/2024\/02\/09\/la-buona-novella-a-santa-margherita\/\"><strong>dieci<\/strong> <strong>statio pacis<\/strong><\/a> che rimarranno visitabili, nella <strong>Chiesa di<\/strong> <strong>Santa Margherita<\/strong>, ogni <strong>sabato pomeriggio<\/strong>, oppure su richiesta, sino al prossimo 6 aprile.<\/p>\n<p><a href=\"https:\/\/www.diocesitn.it\/area-cultura\/wp-content\/uploads\/sites\/38\/2024\/03\/loc.-buona-novella-salvarani.pdf\">Locandina<\/a><\/p>\n","protected":false},"excerpt":{"rendered":"<p>Sabato 23 marzo, alle 10.30, nella Chiesa di Santa Margherita, sede dell\u2019esposizione dedicata alla Buona Novella di De Andr\u00e9, il teologo Brunetto Salvarani, docente della Facolt\u00e0 teologica dell\u2019Emilia Romagna, converser\u00e0 con noi sul legame tra<\/p>\n","protected":false},"author":164,"featured_media":13000,"comment_status":"closed","ping_status":"closed","sticky":false,"template":"","format":"standard","meta":{"footnotes":""},"categories":[461,329,620],"tags":[288,644,633,645],"class_list":["post-12997","post","type-post","status-publish","format-standard","has-post-thumbnail","hentry","category-cultura","category-notizie","category-progetto-chieseacolori","tag-bibbia","tag-brunetto-salvarani","tag-chieseacolori","tag-fabrizio-de-andre"],"acf":{"seed-localization-paese-cod":"IT","seed-localization-address":"","seed-localization-citta":"Trento","seed-localization-regione-cod-istat":"04","seed-localization-citta-cod-istat":"022205","seed-localization-localita":"","seed-localization-cap":"","seed-localization-marker-visibility":false,"seed-localization-children-visibility":false,"seed-localization-kml":"","seed-localization-custom-marker":""},"yoast_head":"<!-- This site is optimized with the Yoast SEO Premium plugin v20.2.1 (Yoast SEO v22.2) - https:\/\/yoast.com\/wordpress\/plugins\/seo\/ -->\n<title>Bibbia: dal pop a De Andr\u00e9. In dialogo con Brunetto Salvarani - Cultura<\/title>\n<meta name=\"robots\" content=\"index, follow, max-snippet:-1, max-image-preview:large, max-video-preview:-1\" \/>\n<link rel=\"canonical\" href=\"https:\/\/www.diocesitn.it\/area-cultura\/2024\/03\/06\/bibbia-dal-pop-a-de-andre-in-dialogo-con-brunetto-salvarani\/\" \/>\n<meta property=\"og:locale\" content=\"it_IT\" \/>\n<meta property=\"og:type\" content=\"article\" \/>\n<meta property=\"og:title\" content=\"Bibbia: dal pop a De Andr\u00e9. In dialogo con Brunetto Salvarani\" \/>\n<meta property=\"og:description\" content=\"Sabato 23 marzo, alle 10.30, nella Chiesa di Santa Margherita, sede dell\u2019esposizione dedicata alla Buona Novella di De Andr\u00e9, il teologo Brunetto Salvarani, docente della Facolt\u00e0 teologica dell\u2019Emilia Romagna, converser\u00e0 con noi sul legame tra\" \/>\n<meta property=\"og:url\" content=\"https:\/\/www.diocesitn.it\/area-cultura\/2024\/03\/06\/bibbia-dal-pop-a-de-andre-in-dialogo-con-brunetto-salvarani\/\" \/>\n<meta property=\"og:site_name\" content=\"Cultura\" \/>\n<meta property=\"article:published_time\" content=\"2024-03-06T09:01:55+00:00\" \/>\n<meta property=\"article:modified_time\" content=\"2024-03-25T08:53:35+00:00\" \/>\n<meta property=\"og:image\" content=\"https:\/\/www.diocesitn.it\/area-cultura\/wp-content\/uploads\/sites\/38\/2024\/03\/Locandina-Salvarani.jpg\" \/>\n\t<meta property=\"og:image:width\" content=\"1280\" \/>\n\t<meta property=\"og:image:height\" content=\"720\" \/>\n\t<meta property=\"og:image:type\" content=\"image\/jpeg\" \/>\n<meta name=\"author\" content=\"candreolli\" \/>\n<meta name=\"twitter:card\" content=\"summary_large_image\" \/>\n<meta name=\"twitter:label1\" content=\"Scritto da\" \/>\n\t<meta name=\"twitter:data1\" content=\"candreolli\" \/>\n\t<meta name=\"twitter:label2\" content=\"Tempo di lettura stimato\" \/>\n\t<meta name=\"twitter:data2\" content=\"1 minuto\" \/>\n<script type=\"application\/ld+json\" class=\"yoast-schema-graph\">{\"@context\":\"https:\/\/schema.org\",\"@graph\":[{\"@type\":\"Article\",\"@id\":\"https:\/\/www.diocesitn.it\/area-cultura\/2024\/03\/06\/bibbia-dal-pop-a-de-andre-in-dialogo-con-brunetto-salvarani\/#article\",\"isPartOf\":{\"@id\":\"https:\/\/www.diocesitn.it\/area-cultura\/2024\/03\/06\/bibbia-dal-pop-a-de-andre-in-dialogo-con-brunetto-salvarani\/\"},\"author\":{\"name\":\"candreolli\",\"@id\":\"https:\/\/www.diocesitn.it\/area-cultura\/#\/schema\/person\/05f14428efca72bb2997b55cbdc7d01b\"},\"headline\":\"Bibbia: dal pop a De Andr\u00e9. In dialogo con Brunetto Salvarani\",\"datePublished\":\"2024-03-06T09:01:55+00:00\",\"dateModified\":\"2024-03-25T08:53:35+00:00\",\"mainEntityOfPage\":{\"@id\":\"https:\/\/www.diocesitn.it\/area-cultura\/2024\/03\/06\/bibbia-dal-pop-a-de-andre-in-dialogo-con-brunetto-salvarani\/\"},\"wordCount\":110,\"publisher\":{\"@id\":\"https:\/\/www.diocesitn.it\/area-cultura\/#organization\"},\"image\":{\"@id\":\"https:\/\/www.diocesitn.it\/area-cultura\/2024\/03\/06\/bibbia-dal-pop-a-de-andre-in-dialogo-con-brunetto-salvarani\/#primaryimage\"},\"thumbnailUrl\":\"https:\/\/www.diocesitn.it\/area-cultura\/wp-content\/uploads\/sites\/38\/2024\/03\/Locandina-Salvarani.jpg\",\"keywords\":[\"Bibbia\",\"Brunetto Salvarani\",\"Chieseacolori\",\"Fabrizio De Andr\u00e9\"],\"articleSection\":[\"Cultura\",\"Notizie\",\"Progetto Chieseacolori\"],\"inLanguage\":\"it-IT\",\"copyrightYear\":\"2024\",\"copyrightHolder\":{\"@id\":\"https:\/\/www.diocesitn.it\/#organization\"}},{\"@type\":\"WebPage\",\"@id\":\"https:\/\/www.diocesitn.it\/area-cultura\/2024\/03\/06\/bibbia-dal-pop-a-de-andre-in-dialogo-con-brunetto-salvarani\/\",\"url\":\"https:\/\/www.diocesitn.it\/area-cultura\/2024\/03\/06\/bibbia-dal-pop-a-de-andre-in-dialogo-con-brunetto-salvarani\/\",\"name\":\"Bibbia: dal pop a De Andr\u00e9. In dialogo con Brunetto Salvarani - Cultura\",\"isPartOf\":{\"@id\":\"https:\/\/www.diocesitn.it\/area-cultura\/#website\"},\"primaryImageOfPage\":{\"@id\":\"https:\/\/www.diocesitn.it\/area-cultura\/2024\/03\/06\/bibbia-dal-pop-a-de-andre-in-dialogo-con-brunetto-salvarani\/#primaryimage\"},\"image\":{\"@id\":\"https:\/\/www.diocesitn.it\/area-cultura\/2024\/03\/06\/bibbia-dal-pop-a-de-andre-in-dialogo-con-brunetto-salvarani\/#primaryimage\"},\"thumbnailUrl\":\"https:\/\/www.diocesitn.it\/area-cultura\/wp-content\/uploads\/sites\/38\/2024\/03\/Locandina-Salvarani.jpg\",\"datePublished\":\"2024-03-06T09:01:55+00:00\",\"dateModified\":\"2024-03-25T08:53:35+00:00\",\"breadcrumb\":{\"@id\":\"https:\/\/www.diocesitn.it\/area-cultura\/2024\/03\/06\/bibbia-dal-pop-a-de-andre-in-dialogo-con-brunetto-salvarani\/#breadcrumb\"},\"inLanguage\":\"it-IT\",\"potentialAction\":[{\"@type\":\"ReadAction\",\"target\":[\"https:\/\/www.diocesitn.it\/area-cultura\/2024\/03\/06\/bibbia-dal-pop-a-de-andre-in-dialogo-con-brunetto-salvarani\/\"]}]},{\"@type\":\"ImageObject\",\"inLanguage\":\"it-IT\",\"@id\":\"https:\/\/www.diocesitn.it\/area-cultura\/2024\/03\/06\/bibbia-dal-pop-a-de-andre-in-dialogo-con-brunetto-salvarani\/#primaryimage\",\"url\":\"https:\/\/www.diocesitn.it\/area-cultura\/wp-content\/uploads\/sites\/38\/2024\/03\/Locandina-Salvarani.jpg\",\"contentUrl\":\"https:\/\/www.diocesitn.it\/area-cultura\/wp-content\/uploads\/sites\/38\/2024\/03\/Locandina-Salvarani.jpg\",\"width\":1280,\"height\":720},{\"@type\":\"BreadcrumbList\",\"@id\":\"https:\/\/www.diocesitn.it\/area-cultura\/2024\/03\/06\/bibbia-dal-pop-a-de-andre-in-dialogo-con-brunetto-salvarani\/#breadcrumb\",\"itemListElement\":[{\"@type\":\"ListItem\",\"position\":1,\"name\":\"Home\",\"item\":\"https:\/\/www.diocesitn.it\/area-cultura\/\"},{\"@type\":\"ListItem\",\"position\":2,\"name\":\"Bibbia: dal pop a De Andr\u00e9. In dialogo con Brunetto Salvarani\"}]},{\"@type\":\"WebSite\",\"@id\":\"https:\/\/www.diocesitn.it\/area-cultura\/#website\",\"url\":\"https:\/\/www.diocesitn.it\/area-cultura\/\",\"name\":\"Cultura\",\"description\":\"Chiesa di Trento\",\"publisher\":{\"@id\":\"https:\/\/www.diocesitn.it\/area-cultura\/#organization\"},\"potentialAction\":[{\"@type\":\"SearchAction\",\"target\":{\"@type\":\"EntryPoint\",\"urlTemplate\":\"https:\/\/www.diocesitn.it\/area-cultura\/?s={search_term_string}\"},\"query-input\":\"required name=search_term_string\"}],\"inLanguage\":\"it-IT\"},{\"@type\":[\"Organization\",\"Place\"],\"@id\":\"https:\/\/www.diocesitn.it\/area-cultura\/#organization\",\"name\":\"Area Cultura - Chiesa di Trento\",\"url\":\"https:\/\/www.diocesitn.it\/area-cultura\/\",\"logo\":{\"@id\":\"https:\/\/www.diocesitn.it\/area-cultura\/2024\/03\/06\/bibbia-dal-pop-a-de-andre-in-dialogo-con-brunetto-salvarani\/#local-main-organization-logo\"},\"image\":{\"@id\":\"https:\/\/www.diocesitn.it\/area-cultura\/2024\/03\/06\/bibbia-dal-pop-a-de-andre-in-dialogo-con-brunetto-salvarani\/#local-main-organization-logo\"},\"sameAs\":[\"https:\/\/www.youtube.com\/channel\/UCfWD2n-N6WTCg2P_UA72H6Q\"],\"openingHoursSpecification\":[{\"@type\":\"OpeningHoursSpecification\",\"dayOfWeek\":[\"Monday\",\"Tuesday\",\"Wednesday\",\"Thursday\",\"Friday\",\"Saturday\",\"Sunday\"],\"opens\":\"09:00\",\"closes\":\"17:00\"}]},{\"@type\":\"ImageObject\",\"inLanguage\":\"it-IT\",\"@id\":\"https:\/\/www.diocesitn.it\/area-cultura\/2024\/03\/06\/bibbia-dal-pop-a-de-andre-in-dialogo-con-brunetto-salvarani\/#local-main-organization-logo\",\"url\":\"https:\/\/www.diocesitn.it\/area-cultura\/wp-content\/uploads\/sites\/38\/2021\/09\/og-logo-cultura.jpg\",\"contentUrl\":\"https:\/\/www.diocesitn.it\/area-cultura\/wp-content\/uploads\/sites\/38\/2021\/09\/og-logo-cultura.jpg\",\"width\":1200,\"height\":630,\"caption\":\"Area Cultura - Chiesa di Trento\"}]}<\/script>\n<!-- \/ Yoast SEO Premium plugin. -->","yoast_head_json":{"title":"Bibbia: dal pop a De Andr\u00e9. In dialogo con Brunetto Salvarani - Cultura","robots":{"index":"index","follow":"follow","max-snippet":"max-snippet:-1","max-image-preview":"max-image-preview:large","max-video-preview":"max-video-preview:-1"},"canonical":"https:\/\/www.diocesitn.it\/area-cultura\/2024\/03\/06\/bibbia-dal-pop-a-de-andre-in-dialogo-con-brunetto-salvarani\/","og_locale":"it_IT","og_type":"article","og_title":"Bibbia: dal pop a De Andr\u00e9. In dialogo con Brunetto Salvarani","og_description":"Sabato 23 marzo, alle 10.30, nella Chiesa di Santa Margherita, sede dell\u2019esposizione dedicata alla Buona Novella di De Andr\u00e9, il teologo Brunetto Salvarani, docente della Facolt\u00e0 teologica dell\u2019Emilia Romagna, converser\u00e0 con noi sul legame tra","og_url":"https:\/\/www.diocesitn.it\/area-cultura\/2024\/03\/06\/bibbia-dal-pop-a-de-andre-in-dialogo-con-brunetto-salvarani\/","og_site_name":"Cultura","article_published_time":"2024-03-06T09:01:55+00:00","article_modified_time":"2024-03-25T08:53:35+00:00","og_image":[{"width":1280,"height":720,"url":"https:\/\/www.diocesitn.it\/area-cultura\/wp-content\/uploads\/sites\/38\/2024\/03\/Locandina-Salvarani.jpg","type":"image\/jpeg"}],"author":"candreolli","twitter_card":"summary_large_image","twitter_misc":{"Scritto da":"candreolli","Tempo di lettura stimato":"1 minuto"},"schema":{"@context":"https:\/\/schema.org","@graph":[{"@type":"Article","@id":"https:\/\/www.diocesitn.it\/area-cultura\/2024\/03\/06\/bibbia-dal-pop-a-de-andre-in-dialogo-con-brunetto-salvarani\/#article","isPartOf":{"@id":"https:\/\/www.diocesitn.it\/area-cultura\/2024\/03\/06\/bibbia-dal-pop-a-de-andre-in-dialogo-con-brunetto-salvarani\/"},"author":{"name":"candreolli","@id":"https:\/\/www.diocesitn.it\/area-cultura\/#\/schema\/person\/05f14428efca72bb2997b55cbdc7d01b"},"headline":"Bibbia: dal pop a De Andr\u00e9. In dialogo con Brunetto Salvarani","datePublished":"2024-03-06T09:01:55+00:00","dateModified":"2024-03-25T08:53:35+00:00","mainEntityOfPage":{"@id":"https:\/\/www.diocesitn.it\/area-cultura\/2024\/03\/06\/bibbia-dal-pop-a-de-andre-in-dialogo-con-brunetto-salvarani\/"},"wordCount":110,"publisher":{"@id":"https:\/\/www.diocesitn.it\/area-cultura\/#organization"},"image":{"@id":"https:\/\/www.diocesitn.it\/area-cultura\/2024\/03\/06\/bibbia-dal-pop-a-de-andre-in-dialogo-con-brunetto-salvarani\/#primaryimage"},"thumbnailUrl":"https:\/\/www.diocesitn.it\/area-cultura\/wp-content\/uploads\/sites\/38\/2024\/03\/Locandina-Salvarani.jpg","keywords":["Bibbia","Brunetto Salvarani","Chieseacolori","Fabrizio De Andr\u00e9"],"articleSection":["Cultura","Notizie","Progetto Chieseacolori"],"inLanguage":"it-IT","copyrightYear":"2024","copyrightHolder":{"@id":"https:\/\/www.diocesitn.it\/#organization"}},{"@type":"WebPage","@id":"https:\/\/www.diocesitn.it\/area-cultura\/2024\/03\/06\/bibbia-dal-pop-a-de-andre-in-dialogo-con-brunetto-salvarani\/","url":"https:\/\/www.diocesitn.it\/area-cultura\/2024\/03\/06\/bibbia-dal-pop-a-de-andre-in-dialogo-con-brunetto-salvarani\/","name":"Bibbia: dal pop a De Andr\u00e9. In dialogo con Brunetto Salvarani - Cultura","isPartOf":{"@id":"https:\/\/www.diocesitn.it\/area-cultura\/#website"},"primaryImageOfPage":{"@id":"https:\/\/www.diocesitn.it\/area-cultura\/2024\/03\/06\/bibbia-dal-pop-a-de-andre-in-dialogo-con-brunetto-salvarani\/#primaryimage"},"image":{"@id":"https:\/\/www.diocesitn.it\/area-cultura\/2024\/03\/06\/bibbia-dal-pop-a-de-andre-in-dialogo-con-brunetto-salvarani\/#primaryimage"},"thumbnailUrl":"https:\/\/www.diocesitn.it\/area-cultura\/wp-content\/uploads\/sites\/38\/2024\/03\/Locandina-Salvarani.jpg","datePublished":"2024-03-06T09:01:55+00:00","dateModified":"2024-03-25T08:53:35+00:00","breadcrumb":{"@id":"https:\/\/www.diocesitn.it\/area-cultura\/2024\/03\/06\/bibbia-dal-pop-a-de-andre-in-dialogo-con-brunetto-salvarani\/#breadcrumb"},"inLanguage":"it-IT","potentialAction":[{"@type":"ReadAction","target":["https:\/\/www.diocesitn.it\/area-cultura\/2024\/03\/06\/bibbia-dal-pop-a-de-andre-in-dialogo-con-brunetto-salvarani\/"]}]},{"@type":"ImageObject","inLanguage":"it-IT","@id":"https:\/\/www.diocesitn.it\/area-cultura\/2024\/03\/06\/bibbia-dal-pop-a-de-andre-in-dialogo-con-brunetto-salvarani\/#primaryimage","url":"https:\/\/www.diocesitn.it\/area-cultura\/wp-content\/uploads\/sites\/38\/2024\/03\/Locandina-Salvarani.jpg","contentUrl":"https:\/\/www.diocesitn.it\/area-cultura\/wp-content\/uploads\/sites\/38\/2024\/03\/Locandina-Salvarani.jpg","width":1280,"height":720},{"@type":"BreadcrumbList","@id":"https:\/\/www.diocesitn.it\/area-cultura\/2024\/03\/06\/bibbia-dal-pop-a-de-andre-in-dialogo-con-brunetto-salvarani\/#breadcrumb","itemListElement":[{"@type":"ListItem","position":1,"name":"Home","item":"https:\/\/www.diocesitn.it\/area-cultura\/"},{"@type":"ListItem","position":2,"name":"Bibbia: dal pop a De Andr\u00e9. In dialogo con Brunetto Salvarani"}]},{"@type":"WebSite","@id":"https:\/\/www.diocesitn.it\/area-cultura\/#website","url":"https:\/\/www.diocesitn.it\/area-cultura\/","name":"Cultura","description":"Chiesa di Trento","publisher":{"@id":"https:\/\/www.diocesitn.it\/area-cultura\/#organization"},"potentialAction":[{"@type":"SearchAction","target":{"@type":"EntryPoint","urlTemplate":"https:\/\/www.diocesitn.it\/area-cultura\/?s={search_term_string}"},"query-input":"required name=search_term_string"}],"inLanguage":"it-IT"},{"@type":["Organization","Place"],"@id":"https:\/\/www.diocesitn.it\/area-cultura\/#organization","name":"Area Cultura - Chiesa di Trento","url":"https:\/\/www.diocesitn.it\/area-cultura\/","logo":{"@id":"https:\/\/www.diocesitn.it\/area-cultura\/2024\/03\/06\/bibbia-dal-pop-a-de-andre-in-dialogo-con-brunetto-salvarani\/#local-main-organization-logo"},"image":{"@id":"https:\/\/www.diocesitn.it\/area-cultura\/2024\/03\/06\/bibbia-dal-pop-a-de-andre-in-dialogo-con-brunetto-salvarani\/#local-main-organization-logo"},"sameAs":["https:\/\/www.youtube.com\/channel\/UCfWD2n-N6WTCg2P_UA72H6Q"],"openingHoursSpecification":[{"@type":"OpeningHoursSpecification","dayOfWeek":["Monday","Tuesday","Wednesday","Thursday","Friday","Saturday","Sunday"],"opens":"09:00","closes":"17:00"}]},{"@type":"ImageObject","inLanguage":"it-IT","@id":"https:\/\/www.diocesitn.it\/area-cultura\/2024\/03\/06\/bibbia-dal-pop-a-de-andre-in-dialogo-con-brunetto-salvarani\/#local-main-organization-logo","url":"https:\/\/www.diocesitn.it\/area-cultura\/wp-content\/uploads\/sites\/38\/2021\/09\/og-logo-cultura.jpg","contentUrl":"https:\/\/www.diocesitn.it\/area-cultura\/wp-content\/uploads\/sites\/38\/2021\/09\/og-logo-cultura.jpg","width":1200,"height":630,"caption":"Area Cultura - Chiesa di Trento"}]}},"_links":{"self":[{"href":"https:\/\/www.diocesitn.it\/area-cultura\/wp-json\/wp\/v2\/posts\/12997","targetHints":{"allow":["GET"]}}],"collection":[{"href":"https:\/\/www.diocesitn.it\/area-cultura\/wp-json\/wp\/v2\/posts"}],"about":[{"href":"https:\/\/www.diocesitn.it\/area-cultura\/wp-json\/wp\/v2\/types\/post"}],"author":[{"embeddable":true,"href":"https:\/\/www.diocesitn.it\/area-cultura\/wp-json\/wp\/v2\/users\/164"}],"replies":[{"embeddable":true,"href":"https:\/\/www.diocesitn.it\/area-cultura\/wp-json\/wp\/v2\/comments?post=12997"}],"version-history":[{"count":3,"href":"https:\/\/www.diocesitn.it\/area-cultura\/wp-json\/wp\/v2\/posts\/12997\/revisions"}],"predecessor-version":[{"id":13038,"href":"https:\/\/www.diocesitn.it\/area-cultura\/wp-json\/wp\/v2\/posts\/12997\/revisions\/13038"}],"wp:featuredmedia":[{"embeddable":true,"href":"https:\/\/www.diocesitn.it\/area-cultura\/wp-json\/wp\/v2\/media\/13000"}],"wp:attachment":[{"href":"https:\/\/www.diocesitn.it\/area-cultura\/wp-json\/wp\/v2\/media?parent=12997"}],"wp:term":[{"taxonomy":"category","embeddable":true,"href":"https:\/\/www.diocesitn.it\/area-cultura\/wp-json\/wp\/v2\/categories?post=12997"},{"taxonomy":"post_tag","embeddable":true,"href":"https:\/\/www.diocesitn.it\/area-cultura\/wp-json\/wp\/v2\/tags?post=12997"}],"curies":[{"name":"wp","href":"https:\/\/api.w.org\/{rel}","templated":true}]}}